{"id":740,"date":"2018-04-25T14:30:58","date_gmt":"2018-04-25T14:30:58","guid":{"rendered":"https:\/\/www.welovecycling.com\/hu\/?p=740"},"modified":"2018-04-25T14:30:58","modified_gmt":"2018-04-25T14:30:58","slug":"uj-mtb-vasarlasat-tervezed-most-ezek-a-legjobbak","status":"publish","type":"post","link":"https:\/\/www.welovecycling.com\/hu\/trekking-mtb\/uj-mtb-vasarlasat-tervezed-most-ezek-a-legjobbak\/","title":{"rendered":"\u00daj MTB v\u00e1s\u00e1rl\u00e1s\u00e1t tervezed? Most ezek a legjobbak!"},"content":{"rendered":"<p><strong>A legjobb\u00a0MTB-ok k\u00edn\u00e1lata 2018-ban is nagyon er\u0151s. Egyre nagyobb a v\u00e1laszt\u00e9k, ez\u00e9rt most bemutatunk nektek n\u00e9h\u00e1nyat az idei modellekb\u0151l.<\/strong><\/p>\n<p><!--more--><\/p>\n<h2>B\u2019TWIN ROCKRIDER 920 SE \u2013 kb. 260 000 Ft<\/h2>\n<p>A Decathlon szerint a ker\u00e9kp\u00e1rt igazi szak\u00e9rt\u0151i csapat tervezte, de ezt nem nagyon tudjuk elhinni. Az eg\u00e9sz bring\u00e1r\u00f3l les\u00fct, hogy olyasvalaki tervezte, akinek megmondt\u00e1k, mennyib\u0151l kell \u00f6sszeraknia. Ennek ellen\u00e9re beraktuk a list\u00e1nkba, mert ebben az \u00e1rkateg\u00f3ri\u00e1ban neh\u00e9z lenne m\u00e1sik m\u00e1rk\u00e1t aj\u00e1nlani. Megnyer\u0151 eleme p\u00e9ld\u00e1ul az SRAM GX 1&#215;11 v\u00e1lt\u00f3, \u00e9s a Manitou Minute Comp teleszk\u00f3pos villa.<\/p>\n<p><a href=\"https:\/\/d2p6e6u75xmxt8.cloudfront.net\/12\/2018\/04\/legjobb-MTB-2018-01.jpg\"><img loading=\"lazy\" decoding=\"async\" class=\"alignnone size-full wp-image-741\" src=\"https:\/\/d2p6e6u75xmxt8.cloudfront.net\/12\/2018\/04\/legjobb-MTB-2018-01.jpg\" alt=\"legjobb-mountain-bike\" width=\"1280\" height=\"720\" srcset=\"https:\/\/d2p6e6u75xmxt8.cloudfront.net\/12\/2018\/04\/legjobb-MTB-2018-01.jpg 1280w, https:\/\/d2p6e6u75xmxt8.cloudfront.net\/12\/2018\/04\/legjobb-MTB-2018-01-300x169.jpg 300w, https:\/\/d2p6e6u75xmxt8.cloudfront.net\/12\/2018\/04\/legjobb-MTB-2018-01-768x432.jpg 768w, https:\/\/d2p6e6u75xmxt8.cloudfront.net\/12\/2018\/04\/legjobb-MTB-2018-01-1024x576.jpg 1024w\" sizes=\"auto, (max-width: 1280px) 100vw, 1280px\" \/><\/a><\/p>\n<h2>Heller Barghest NX \u2013 kb. 740 000 Ft<\/h2>\n<p>A v\u00e1z szembet\u0171n\u0151en szofisztik\u00e1lt, j\u00f3l kidolgozott, k\u00f6zben m\u00e9gis visszafogott, st\u00edlus\u00e1ban minimalista. De vajon a belseje is ennyire meggy\u0151z\u0151? L\u00e1ssuk:<\/p>\n<p>A Barghest h\u00e1ts\u00f3 felf\u00fcggeszt\u00e9s\u00e9n\u00e9l a rug\u00f3\u00fat 130 mm, a l\u00e1ncvilla pedig csak 44 centis, \u00edgy jobb ir\u00e1ny\u00edthat\u00f3s\u00e1got biztos\u00edt a lejt\u0151s terepeken. A karbonv\u00e1zas bringa s\u00falya 14,5 kg.<\/p>\n<p><a href=\"https:\/\/d2p6e6u75xmxt8.cloudfront.net\/12\/2018\/04\/legjobb-MTB-2018-02.jpg\"><img loading=\"lazy\" decoding=\"async\" class=\"alignnone size-full wp-image-742\" src=\"https:\/\/d2p6e6u75xmxt8.cloudfront.net\/12\/2018\/04\/legjobb-MTB-2018-02.jpg\" alt=\"legjobb-mountain-bike\" width=\"1200\" height=\"740\" srcset=\"https:\/\/d2p6e6u75xmxt8.cloudfront.net\/12\/2018\/04\/legjobb-MTB-2018-02.jpg 1200w, https:\/\/d2p6e6u75xmxt8.cloudfront.net\/12\/2018\/04\/legjobb-MTB-2018-02-300x185.jpg 300w, https:\/\/d2p6e6u75xmxt8.cloudfront.net\/12\/2018\/04\/legjobb-MTB-2018-02-768x474.jpg 768w, https:\/\/d2p6e6u75xmxt8.cloudfront.net\/12\/2018\/04\/legjobb-MTB-2018-02-1024x631.jpg 1024w\" sizes=\"auto, (max-width: 1200px) 100vw, 1200px\" \/><\/a><\/p>\n<h2>Specialized Women\u2019s Epic Comp Carbon \u2013 kb. 1 200 000 Ft<\/h2>\n<p>A ker\u00e9kp\u00e1r legfontosabb jellemz\u0151je a Brain 2.0 technol\u00f3gia, valamint a haszn\u00e1l\u00f3j\u00e1t maxim\u00e1lisan kiszolg\u00e1l\u00f3 Rider-First Engineered technol\u00f3gi\u00e1val k\u00e9sz\u00fclt, ami azt jelenti, hogy minden m\u00e9retet k\u00fcl\u00f6n terveztek meg k\u00fcl\u00f6nb\u00f6z\u0151 statikus \u00e9s dinamikus tesztek eredm\u00e9nyeit figyelembe v\u00e9ve.<\/p>\n<p>A\u00a0<a href=\"https:\/\/www.specializedconceptstore.co.uk\/product\/11411\/2018-women-s-epic-comp-carbon\/\">Specialized<\/a>\u00a0szerint a RockShox-szal k\u00f6z\u00f6sen kifejlesztett Brain 2.0 technol\u00f3gia most m\u00e9g finomabban reag\u00e1l arra, mi ker\u00fcl a kerekek al\u00e1.\u00a0 A gyakorlatban ez abb\u00f3l l\u00e1tszik, hogy a \u201eBrain Fade\u201d karral \u00f6t fokozatban \u00e1ll\u00edthat\u00f3 a felf\u00fcggeszt\u00e9s reakci\u00f3ideje.<\/p>\n<p><a href=\"https:\/\/d2p6e6u75xmxt8.cloudfront.net\/12\/2018\/04\/legjobb-MTB-2018-03.jpg\"><img loading=\"lazy\" decoding=\"async\" class=\"alignnone size-extra-large wp-image-743\" src=\"https:\/\/d2p6e6u75xmxt8.cloudfront.net\/12\/2018\/04\/legjobb-MTB-2018-03-1920x1052.jpg\" alt=\"\" width=\"1920\" height=\"1052\" srcset=\"https:\/\/d2p6e6u75xmxt8.cloudfront.net\/12\/2018\/04\/legjobb-MTB-2018-03-1920x1052.jpg 1920w, https:\/\/d2p6e6u75xmxt8.cloudfront.net\/12\/2018\/04\/legjobb-MTB-2018-03-300x164.jpg 300w, https:\/\/d2p6e6u75xmxt8.cloudfront.net\/12\/2018\/04\/legjobb-MTB-2018-03-768x421.jpg 768w, https:\/\/d2p6e6u75xmxt8.cloudfront.net\/12\/2018\/04\/legjobb-MTB-2018-03-1024x561.jpg 1024w, https:\/\/d2p6e6u75xmxt8.cloudfront.net\/12\/2018\/04\/legjobb-MTB-2018-03.jpg 2000w, https:\/\/d2p6e6u75xmxt8.cloudfront.net\/12\/2018\/04\/legjobb-MTB-2018-03-1920x1052.jpg 1920w\" sizes=\"auto, (max-width: 1920px) 100vw, 1920px\" \/><\/a><\/p>\n<h2>Whyte S-150 C \u2013 kb. 1 350 000 Ft<\/h2>\n<p>A Whyte igyekszik k\u00e9t legyet \u00fctni egy csap\u00e1sra: karbon els\u0151, alum\u00ednium h\u00e1ts\u00f3 r\u00e9szb\u0151l rakt\u00e1k \u00f6ssze. Tal\u00e1n nem ez a legszebb bicikli, de b\u0151ven k\u00e1rp\u00f3tol a sokoldal\u00fas\u00e1g\u00e1val. Ha nem tudsz v\u00e1lasztani a 29-es \u00e9s 27,5-\u00f6s kerekek k\u00f6z\u00f6tt, tetszeni fog, hogy a Whyte mindkett\u0151t kezelni tudja.<\/p>\n<p>Egy m\u00e1sodik pr\u00e9mium ker\u00e9kk\u00e9szlet megv\u00e1s\u00e1rl\u00e1s\u00e1val a ker\u00e9kp\u00e1r \u00e9rt\u00e9ke t\u00f6bb mint a dupl\u00e1j\u00e1ra n\u0151, \u00edgy \u0151szint\u00e9n sz\u00f3lva nem is kell tov\u00e1bb gondolkodni azon, milyen v\u00e1zat v\u00e1s\u00e1rolj legk\u00f6zelebb.<\/p>\n<p><a href=\"https:\/\/d2p6e6u75xmxt8.cloudfront.net\/12\/2018\/04\/legjobb-MTB-2018-04.jpg\"><img loading=\"lazy\" decoding=\"async\" class=\"alignnone size-extra-large wp-image-744\" src=\"https:\/\/d2p6e6u75xmxt8.cloudfront.net\/12\/2018\/04\/legjobb-MTB-2018-04-1920x1190.jpg\" alt=\"legjobb-mountain-bike\" width=\"1920\" height=\"1190\" srcset=\"https:\/\/d2p6e6u75xmxt8.cloudfront.net\/12\/2018\/04\/legjobb-MTB-2018-04-1920x1190.jpg 1920w, https:\/\/d2p6e6u75xmxt8.cloudfront.net\/12\/2018\/04\/legjobb-MTB-2018-04-300x186.jpg 300w, https:\/\/d2p6e6u75xmxt8.cloudfront.net\/12\/2018\/04\/legjobb-MTB-2018-04-768x476.jpg 768w, https:\/\/d2p6e6u75xmxt8.cloudfront.net\/12\/2018\/04\/legjobb-MTB-2018-04-1024x635.jpg 1024w, https:\/\/d2p6e6u75xmxt8.cloudfront.net\/12\/2018\/04\/legjobb-MTB-2018-04-1920x1190.jpg 1920w\" sizes=\"auto, (max-width: 1920px) 100vw, 1920px\" \/><\/a><\/p>\n<h2>Orange T7 \u2013 kb. 2\u00a0100\u00a0000 Ft<\/h2>\n<p>A T7-nek megvan az es\u00e9lye arra, hogy elnyerje a valaha k\u00e9sz\u00fclt egyik legkiv\u00e1l\u00f3bb bringa c\u00edmet. Ebb\u0151l a modellb\u0151l \u00f6sszesen 15 k\u00e9sz\u00fclt, ha el\u00e9g szerencs\u00e9s vagy ahhoz, hogy megkaparintsd az egyiket, biztosan \u00e9lvezni fogod az SRAM X01 12 v\u00e1lt\u00f3 \u00e9s a Race Face Next R karbon hajt\u00f3m\u0171 el\u0151nyeit. Arr\u00f3l sem szabad megfeledkezni, hogy a Hope Tech f\u00e9kt\u00e1rcs\u00e1k k\u00fcl\u00f6nleges, elox\u00e1lt arany p\u00e9ld\u00e1nyok.<\/p>\n<p><a href=\"https:\/\/d2p6e6u75xmxt8.cloudfront.net\/12\/2018\/04\/legjobb-MTB-2018-05.jpg\"><img loading=\"lazy\" decoding=\"async\" class=\"size-full wp-image-745 alignright\" src=\"https:\/\/d2p6e6u75xmxt8.cloudfront.net\/12\/2018\/04\/legjobb-MTB-2018-05.jpg\" alt=\"legjobb-mountain-bike\" width=\"833\" height=\"554\" srcset=\"https:\/\/d2p6e6u75xmxt8.cloudfront.net\/12\/2018\/04\/legjobb-MTB-2018-05.jpg 833w, https:\/\/d2p6e6u75xmxt8.cloudfront.net\/12\/2018\/04\/legjobb-MTB-2018-05-300x200.jpg 300w, https:\/\/d2p6e6u75xmxt8.cloudfront.net\/12\/2018\/04\/legjobb-MTB-2018-05-768x511.jpg 768w, https:\/\/d2p6e6u75xmxt8.cloudfront.net\/12\/2018\/04\/legjobb-MTB-2018-05-272x182.jpg 272w\" sizes=\"auto, (max-width: 833px) 100vw, 833px\" \/><\/a><\/p>\n","protected":false},"excerpt":{"rendered":"<p>A legjobb\u00a0MTB-ok k\u00edn\u00e1lata 2018-ban is nagyon er\u0151s. Egyre nagyobb a v\u00e1laszt\u00e9k, ez\u00e9rt most bemutatunk nektek n\u00e9h\u00e1nyat az idei modellekb\u0151l.<\/p>\n","protected":false},"author":71,"featured_media":746,"comment_status":"open","ping_status":"open","sticky":false,"template":"","format":"standard","meta":{"footnotes":""},"categories":[7],"tags":[28,27,20,22,29,21,14],"global-categories":[],"class_list":["post-740","post","type-post","status-publish","format-standard","has-post-thumbnail","hentry","category-trekking-mtb","tag-kerekpar-blog","tag-kerekpar-magazin","tag-kerekpar-vasarlas","tag-kerekparozas","tag-mountain-bike","tag-mountain-bike-vasarlas","tag-mtb"],"yoast_head":"<!-- This site is optimized with the Yoast SEO Premium plugin v25.3 (Yoast SEO v25.9) - https:\/\/yoast.com\/wordpress\/plugins\/seo\/ -->\n<title>\u00daj MTB v\u00e1s\u00e1rl\u00e1s\u00e1t tervezed? Most ezek a legjobbak! - \u0160koda We Love Cycling - Magyarorsz\u00e1g<\/title>\n<meta name=\"description\" content=\"A legjobb\u00a0MTB-ok k\u00edn\u00e1lata 2018-ban is nagyon er\u0151s. Egyre nagyobb a v\u00e1laszt\u00e9k, ez\u00e9rt most bemutatunk nektek n\u00e9h\u00e1nyat az idei modellekb\u0151l.\" \/>\n<meta name=\"robots\" content=\"index, follow, max-snippet:-1, max-image-preview:large, max-video-preview:-1\" \/>\n<link rel=\"canonical\" href=\"https:\/\/www.welovecycling.com\/hu\/trekking-mtb\/uj-mtb-vasarlasat-tervezed-most-ezek-a-legjobbak\/\" \/>\n<meta property=\"og:locale\" content=\"hu_HU\" \/>\n<meta property=\"og:type\" content=\"article\" \/>\n<meta property=\"og:title\" content=\"\u00daj MTB v\u00e1s\u00e1rl\u00e1s\u00e1t tervezed? Most ezek a legjobbak!\" \/>\n<meta property=\"og:description\" content=\"A legjobb\u00a0MTB-ok k\u00edn\u00e1lata 2018-ban is nagyon er\u0151s. Egyre nagyobb a v\u00e1laszt\u00e9k, ez\u00e9rt most bemutatunk nektek n\u00e9h\u00e1nyat az idei modellekb\u0151l.\" \/>\n<meta property=\"og:url\" content=\"https:\/\/www.welovecycling.com\/hu\/trekking-mtb\/uj-mtb-vasarlasat-tervezed-most-ezek-a-legjobbak\/\" \/>\n<meta property=\"og:site_name\" content=\"\u0160koda We Love Cycling - Magyarorsz\u00e1g\" \/>\n<meta property=\"article:publisher\" content=\"https:\/\/www.facebook.com\/WeLoveCyclingHungary\/\" \/>\n<meta property=\"article:published_time\" content=\"2018-04-25T14:30:58+00:00\" \/>\n<meta property=\"og:image\" content=\"https:\/\/d2p6e6u75xmxt8.cloudfront.net\/12\/2018\/04\/cover-image.jpg\" \/>\n\t<meta property=\"og:image:width\" content=\"1366\" \/>\n\t<meta property=\"og:image:height\" content=\"600\" \/>\n\t<meta property=\"og:image:type\" content=\"image\/jpeg\" \/>\n<meta name=\"author\" content=\"hegyizs\" \/>\n<meta name=\"twitter:card\" content=\"summary_large_image\" \/>\n<meta name=\"twitter:label1\" content=\"Written by\" \/>\n\t<meta name=\"twitter:data1\" content=\"hegyizs\" \/>\n\t<meta name=\"twitter:label2\" content=\"Est. reading time\" \/>\n\t<meta name=\"twitter:data2\" content=\"2 minutes\" \/>\n<script type=\"application\/ld+json\" class=\"yoast-schema-graph\">{\"@context\":\"https:\/\/schema.org\",\"@graph\":[{\"@type\":\"WebPage\",\"@id\":\"https:\/\/www.welovecycling.com\/hu\/trekking-mtb\/uj-mtb-vasarlasat-tervezed-most-ezek-a-legjobbak\/\",\"url\":\"https:\/\/www.welovecycling.com\/hu\/trekking-mtb\/uj-mtb-vasarlasat-tervezed-most-ezek-a-legjobbak\/\",\"name\":\"\u00daj MTB v\u00e1s\u00e1rl\u00e1s\u00e1t tervezed? Most ezek a legjobbak! - \u0160koda We Love Cycling - Magyarorsz\u00e1g\",\"isPartOf\":{\"@id\":\"https:\/\/www.welovecycling.com\/hu\/#website\"},\"primaryImageOfPage\":{\"@id\":\"https:\/\/www.welovecycling.com\/hu\/trekking-mtb\/uj-mtb-vasarlasat-tervezed-most-ezek-a-legjobbak\/#primaryimage\"},\"image\":{\"@id\":\"https:\/\/www.welovecycling.com\/hu\/trekking-mtb\/uj-mtb-vasarlasat-tervezed-most-ezek-a-legjobbak\/#primaryimage\"},\"thumbnailUrl\":\"https:\/\/d2p6e6u75xmxt8.cloudfront.net\/12\/2018\/04\/cover-image.jpg\",\"datePublished\":\"2018-04-25T14:30:58+00:00\",\"author\":{\"@id\":\"https:\/\/www.welovecycling.com\/hu\/#\/schema\/person\/414a2aebf1801691a5320edb6468e194\"},\"description\":\"A legjobb\u00a0MTB-ok k\u00edn\u00e1lata 2018-ban is nagyon er\u0151s. Egyre nagyobb a v\u00e1laszt\u00e9k, ez\u00e9rt most bemutatunk nektek n\u00e9h\u00e1nyat az idei modellekb\u0151l.\",\"breadcrumb\":{\"@id\":\"https:\/\/www.welovecycling.com\/hu\/trekking-mtb\/uj-mtb-vasarlasat-tervezed-most-ezek-a-legjobbak\/#breadcrumb\"},\"inLanguage\":\"hu\",\"potentialAction\":[{\"@type\":\"ReadAction\",\"target\":[\"https:\/\/www.welovecycling.com\/hu\/trekking-mtb\/uj-mtb-vasarlasat-tervezed-most-ezek-a-legjobbak\/\"]}]},{\"@type\":\"ImageObject\",\"inLanguage\":\"hu\",\"@id\":\"https:\/\/www.welovecycling.com\/hu\/trekking-mtb\/uj-mtb-vasarlasat-tervezed-most-ezek-a-legjobbak\/#primaryimage\",\"url\":\"https:\/\/d2p6e6u75xmxt8.cloudfront.net\/12\/2018\/04\/cover-image.jpg\",\"contentUrl\":\"https:\/\/d2p6e6u75xmxt8.cloudfront.net\/12\/2018\/04\/cover-image.jpg\",\"width\":1366,\"height\":600},{\"@type\":\"BreadcrumbList\",\"@id\":\"https:\/\/www.welovecycling.com\/hu\/trekking-mtb\/uj-mtb-vasarlasat-tervezed-most-ezek-a-legjobbak\/#breadcrumb\",\"itemListElement\":[{\"@type\":\"ListItem\",\"position\":1,\"name\":\"Home\",\"item\":\"https:\/\/www.welovecycling.com\/hu\/\"},{\"@type\":\"ListItem\",\"position\":2,\"name\":\"\u00daj MTB v\u00e1s\u00e1rl\u00e1s\u00e1t tervezed? Most ezek a legjobbak!\"}]},{\"@type\":\"WebSite\",\"@id\":\"https:\/\/www.welovecycling.com\/hu\/#website\",\"url\":\"https:\/\/www.welovecycling.com\/hu\/\",\"name\":\"\u0160koda We Love Cycling - Magyarorsz\u00e1g\",\"description\":\"\u0160koda WeLoveCycling\",\"potentialAction\":[{\"@type\":\"SearchAction\",\"target\":{\"@type\":\"EntryPoint\",\"urlTemplate\":\"https:\/\/www.welovecycling.com\/hu\/?s={search_term_string}\"},\"query-input\":{\"@type\":\"PropertyValueSpecification\",\"valueRequired\":true,\"valueName\":\"search_term_string\"}}],\"inLanguage\":\"hu\"},{\"@type\":\"Person\",\"@id\":\"https:\/\/www.welovecycling.com\/hu\/#\/schema\/person\/414a2aebf1801691a5320edb6468e194\",\"name\":\"hegyizs\",\"image\":{\"@type\":\"ImageObject\",\"inLanguage\":\"hu\",\"@id\":\"https:\/\/www.welovecycling.com\/hu\/#\/schema\/person\/image\/\",\"url\":\"https:\/\/secure.gravatar.com\/avatar\/02cf8a7906b8cf90cecb4679defac7cfd33a1c2e3b88e4903d947f3bb58eedd3?s=96&d=mm&r=g\",\"contentUrl\":\"https:\/\/secure.gravatar.com\/avatar\/02cf8a7906b8cf90cecb4679defac7cfd33a1c2e3b88e4903d947f3bb58eedd3?s=96&d=mm&r=g\",\"caption\":\"hegyizs\"},\"url\":\"https:\/\/www.welovecycling.com\/hu\/author\/hegyizs\/\"}]}<\/script>\n<!-- \/ Yoast SEO Premium plugin. -->","yoast_head_json":{"title":"\u00daj MTB v\u00e1s\u00e1rl\u00e1s\u00e1t tervezed? Most ezek a legjobbak! - \u0160koda We Love Cycling - Magyarorsz\u00e1g","description":"A legjobb\u00a0MTB-ok k\u00edn\u00e1lata 2018-ban is nagyon er\u0151s. Egyre nagyobb a v\u00e1laszt\u00e9k, ez\u00e9rt most bemutatunk nektek n\u00e9h\u00e1nyat az idei modellekb\u0151l.","robots":{"index":"index","follow":"follow","max-snippet":"max-snippet:-1","max-image-preview":"max-image-preview:large","max-video-preview":"max-video-preview:-1"},"canonical":"https:\/\/www.welovecycling.com\/hu\/trekking-mtb\/uj-mtb-vasarlasat-tervezed-most-ezek-a-legjobbak\/","og_locale":"hu_HU","og_type":"article","og_title":"\u00daj MTB v\u00e1s\u00e1rl\u00e1s\u00e1t tervezed? Most ezek a legjobbak!","og_description":"A legjobb\u00a0MTB-ok k\u00edn\u00e1lata 2018-ban is nagyon er\u0151s. Egyre nagyobb a v\u00e1laszt\u00e9k, ez\u00e9rt most bemutatunk nektek n\u00e9h\u00e1nyat az idei modellekb\u0151l.","og_url":"https:\/\/www.welovecycling.com\/hu\/trekking-mtb\/uj-mtb-vasarlasat-tervezed-most-ezek-a-legjobbak\/","og_site_name":"\u0160koda We Love Cycling - Magyarorsz\u00e1g","article_publisher":"https:\/\/www.facebook.com\/WeLoveCyclingHungary\/","article_published_time":"2018-04-25T14:30:58+00:00","og_image":[{"width":1366,"height":600,"url":"https:\/\/d2p6e6u75xmxt8.cloudfront.net\/12\/2018\/04\/cover-image.jpg","type":"image\/jpeg"}],"author":"hegyizs","twitter_card":"summary_large_image","twitter_misc":{"Written by":"hegyizs","Est. reading time":"2 minutes"},"schema":{"@context":"https:\/\/schema.org","@graph":[{"@type":"WebPage","@id":"https:\/\/www.welovecycling.com\/hu\/trekking-mtb\/uj-mtb-vasarlasat-tervezed-most-ezek-a-legjobbak\/","url":"https:\/\/www.welovecycling.com\/hu\/trekking-mtb\/uj-mtb-vasarlasat-tervezed-most-ezek-a-legjobbak\/","name":"\u00daj MTB v\u00e1s\u00e1rl\u00e1s\u00e1t tervezed? Most ezek a legjobbak! - \u0160koda We Love Cycling - Magyarorsz\u00e1g","isPartOf":{"@id":"https:\/\/www.welovecycling.com\/hu\/#website"},"primaryImageOfPage":{"@id":"https:\/\/www.welovecycling.com\/hu\/trekking-mtb\/uj-mtb-vasarlasat-tervezed-most-ezek-a-legjobbak\/#primaryimage"},"image":{"@id":"https:\/\/www.welovecycling.com\/hu\/trekking-mtb\/uj-mtb-vasarlasat-tervezed-most-ezek-a-legjobbak\/#primaryimage"},"thumbnailUrl":"https:\/\/d2p6e6u75xmxt8.cloudfront.net\/12\/2018\/04\/cover-image.jpg","datePublished":"2018-04-25T14:30:58+00:00","author":{"@id":"https:\/\/www.welovecycling.com\/hu\/#\/schema\/person\/414a2aebf1801691a5320edb6468e194"},"description":"A legjobb\u00a0MTB-ok k\u00edn\u00e1lata 2018-ban is nagyon er\u0151s. Egyre nagyobb a v\u00e1laszt\u00e9k, ez\u00e9rt most bemutatunk nektek n\u00e9h\u00e1nyat az idei modellekb\u0151l.","breadcrumb":{"@id":"https:\/\/www.welovecycling.com\/hu\/trekking-mtb\/uj-mtb-vasarlasat-tervezed-most-ezek-a-legjobbak\/#breadcrumb"},"inLanguage":"hu","potentialAction":[{"@type":"ReadAction","target":["https:\/\/www.welovecycling.com\/hu\/trekking-mtb\/uj-mtb-vasarlasat-tervezed-most-ezek-a-legjobbak\/"]}]},{"@type":"ImageObject","inLanguage":"hu","@id":"https:\/\/www.welovecycling.com\/hu\/trekking-mtb\/uj-mtb-vasarlasat-tervezed-most-ezek-a-legjobbak\/#primaryimage","url":"https:\/\/d2p6e6u75xmxt8.cloudfront.net\/12\/2018\/04\/cover-image.jpg","contentUrl":"https:\/\/d2p6e6u75xmxt8.cloudfront.net\/12\/2018\/04\/cover-image.jpg","width":1366,"height":600},{"@type":"BreadcrumbList","@id":"https:\/\/www.welovecycling.com\/hu\/trekking-mtb\/uj-mtb-vasarlasat-tervezed-most-ezek-a-legjobbak\/#breadcrumb","itemListElement":[{"@type":"ListItem","position":1,"name":"Home","item":"https:\/\/www.welovecycling.com\/hu\/"},{"@type":"ListItem","position":2,"name":"\u00daj MTB v\u00e1s\u00e1rl\u00e1s\u00e1t tervezed? Most ezek a legjobbak!"}]},{"@type":"WebSite","@id":"https:\/\/www.welovecycling.com\/hu\/#website","url":"https:\/\/www.welovecycling.com\/hu\/","name":"\u0160koda We Love Cycling - Magyarorsz\u00e1g","description":"\u0160koda WeLoveCycling","potentialAction":[{"@type":"SearchAction","target":{"@type":"EntryPoint","urlTemplate":"https:\/\/www.welovecycling.com\/hu\/?s={search_term_string}"},"query-input":{"@type":"PropertyValueSpecification","valueRequired":true,"valueName":"search_term_string"}}],"inLanguage":"hu"},{"@type":"Person","@id":"https:\/\/www.welovecycling.com\/hu\/#\/schema\/person\/414a2aebf1801691a5320edb6468e194","name":"hegyizs","image":{"@type":"ImageObject","inLanguage":"hu","@id":"https:\/\/www.welovecycling.com\/hu\/#\/schema\/person\/image\/","url":"https:\/\/secure.gravatar.com\/avatar\/02cf8a7906b8cf90cecb4679defac7cfd33a1c2e3b88e4903d947f3bb58eedd3?s=96&d=mm&r=g","contentUrl":"https:\/\/secure.gravatar.com\/avatar\/02cf8a7906b8cf90cecb4679defac7cfd33a1c2e3b88e4903d947f3bb58eedd3?s=96&d=mm&r=g","caption":"hegyizs"},"url":"https:\/\/www.welovecycling.com\/hu\/author\/hegyizs\/"}]}},"_links":{"self":[{"href":"https:\/\/www.welovecycling.com\/hu\/wp-json\/wp\/v2\/posts\/740","targetHints":{"allow":["GET"]}}],"collection":[{"href":"https:\/\/www.welovecycling.com\/hu\/wp-json\/wp\/v2\/posts"}],"about":[{"href":"https:\/\/www.welovecycling.com\/hu\/wp-json\/wp\/v2\/types\/post"}],"author":[{"embeddable":true,"href":"https:\/\/www.welovecycling.com\/hu\/wp-json\/wp\/v2\/users\/71"}],"replies":[{"embeddable":true,"href":"https:\/\/www.welovecycling.com\/hu\/wp-json\/wp\/v2\/comments?post=740"}],"version-history":[{"count":1,"href":"https:\/\/www.welovecycling.com\/hu\/wp-json\/wp\/v2\/posts\/740\/revisions"}],"predecessor-version":[{"id":747,"href":"https:\/\/www.welovecycling.com\/hu\/wp-json\/wp\/v2\/posts\/740\/revisions\/747"}],"wp:featuredmedia":[{"embeddable":true,"href":"https:\/\/www.welovecycling.com\/hu\/wp-json\/wp\/v2\/media\/746"}],"wp:attachment":[{"href":"https:\/\/www.welovecycling.com\/hu\/wp-json\/wp\/v2\/media?parent=740"}],"wp:term":[{"taxonomy":"category","embeddable":true,"href":"https:\/\/www.welovecycling.com\/hu\/wp-json\/wp\/v2\/categories?post=740"},{"taxonomy":"post_tag","embeddable":true,"href":"https:\/\/www.welovecycling.com\/hu\/wp-json\/wp\/v2\/tags?post=740"},{"taxonomy":"global-categories","embeddable":true,"href":"https:\/\/www.welovecycling.com\/hu\/wp-json\/wp\/v2\/global-categories?post=740"}],"curies":[{"name":"wp","href":"https:\/\/api.w.org\/{rel}","templated":true}]}}