{"id":7384,"date":"2020-04-15T08:00:48","date_gmt":"2020-04-15T07:00:48","guid":{"rendered":"https:\/\/www.welovecycling.com\/hu\/?p=7384"},"modified":"2020-04-13T13:57:11","modified_gmt":"2020-04-13T12:57:11","slug":"a-legjobb-biciklis-idezetek-hires-emberek-szajabol","status":"publish","type":"post","link":"https:\/\/www.welovecycling.com\/hu\/kozosseg-es-kultura\/a-legjobb-biciklis-idezetek-hires-emberek-szajabol\/","title":{"rendered":"A legjobb biciklis id\u00e9zetek, h\u00edres emberek sz\u00e1j\u00e1b\u00f3l"},"content":{"rendered":"<p><strong>N\u00e9ha mindannyiunkat meglep, mennyi h\u00edress\u00e9g vallja mag\u00e1t a ker\u00e9kp\u00e1roz\u00e1s szerelmes\u00e9nek. Ha az interneten keresg\u00e9l\u00fcnk, sz\u00edn\u00e9szekre, zeneszerz\u0151kre, \u00edr\u00f3kra \u00e9s politikusokra bukkanhatunk, akiknek mind er\u0151s v\u00e9lem\u00e9ny\u00fck van a sportr\u00f3l. Ez persze nem mindig pozit\u00edv, de a legt\u00f6bb esetben a mi oldalunkon \u00e1llnak! Hoztunk n\u00e9h\u00e1ny inspir\u00e1l\u00f3 mond\u00e1st t\u0151l\u00fck.<\/strong><!--more--><\/p>\n<p><em>\u201eKer\u00e9kp\u00e1roz\u00e1s k\u00f6zben megismered az orsz\u00e1g domborzat\u00e1t, hiszen minden emelked\u0151n \u00e9s lejt\u0151n \u00e1t kell k\u00fczdened magad.\u201d<\/em><br \/>\n\u2013 <strong>Ernest Hemingway, Nobel-d\u00edjas \u00edr\u00f3, \u00fajs\u00e1g\u00edr\u00f3 \u00e9s sportember.<\/strong><\/p>\n<figure id=\"attachment_7390\" aria-describedby=\"caption-attachment-7390\" style=\"width: 1250px\" class=\"wp-caption alignnone\"><img loading=\"lazy\" decoding=\"async\" class=\"size-full wp-image-7390\" src=\"https:\/\/d2p6e6u75xmxt8.cloudfront.net\/12\/2020\/04\/Ernest-Hemingway-profimedia-0232640693.jpg\" alt=\"\" width=\"1250\" height=\"831\" srcset=\"https:\/\/d2p6e6u75xmxt8.cloudfront.net\/12\/2020\/04\/Ernest-Hemingway-profimedia-0232640693.jpg 1250w, https:\/\/d2p6e6u75xmxt8.cloudfront.net\/12\/2020\/04\/Ernest-Hemingway-profimedia-0232640693-300x199.jpg 300w, https:\/\/d2p6e6u75xmxt8.cloudfront.net\/12\/2020\/04\/Ernest-Hemingway-profimedia-0232640693-768x511.jpg 768w, https:\/\/d2p6e6u75xmxt8.cloudfront.net\/12\/2020\/04\/Ernest-Hemingway-profimedia-0232640693-1024x681.jpg 1024w, https:\/\/d2p6e6u75xmxt8.cloudfront.net\/12\/2020\/04\/Ernest-Hemingway-profimedia-0232640693-272x182.jpg 272w\" sizes=\"auto, (max-width: 1250px) 100vw, 1250px\" \/><figcaption id=\"caption-attachment-7390\" class=\"wp-caption-text\">Ernest Hemingway 1959-ben \u00a9\u00a0SNAP \/ Shutterstock Editorial \/ Profimedia<\/figcaption><\/figure>\n<p><em>\u201eFantasztikus volt, hogy tal\u00e1lkozhattam bar\u00e1tommal \u00e9s h\u0151s\u00f6mmel, Greta Thunberg-gel \u00e9s egy\u00fctt biciklizhett\u00fcnk. Alig v\u00e1rtam, hogy bemutassam \u0151t l\u00e1nyomnak, Christin\u00e1nak. Csak \u00edgy tov\u00e1bb, Greta!\u201d<\/em><br \/>\n<strong>\u2013 Arnold Schwarzenegger, sz\u00edn\u00e9sz \u00e9s politikus.<\/strong><\/p>\n<div class=\"embed-controller-wrapper\">\n<blockquote class=\"twitter-tweet\" data-width=\"500\" data-dnt=\"true\">\n<p lang=\"en\" dir=\"ltr\">It was fantastic to see my friend and one of my heroes <a href=\"https:\/\/twitter.com\/GretaThunberg?ref_src=twsrc%5Etfw\">@GretaThunberg<\/a> last week and go on a bike ride around Santa Monica together and I was so pumped to introduce her to my daughter Christina. Keep inspiring, Greta! <a href=\"https:\/\/t.co\/3Q6ZuInJHY\">pic.twitter.com\/3Q6ZuInJHY<\/a><\/p>\n<p>&mdash; Arnold (@Schwarzenegger) <a href=\"https:\/\/twitter.com\/Schwarzenegger\/status\/1191493616213975040?ref_src=twsrc%5Etfw\">November 4, 2019<\/a><\/p><\/blockquote>\n<p><script async data-src=\"https:\/\/platform.twitter.com\/widgets.js\" charset=\"utf-8\"><\/script><\/div>\n<p><em>\u201eHa kem\u00e9nyen tekersz egy mountain bike-on, akkor n\u00e9ha elesel. Ha nem, akkor nem tekersz el\u00e9g kem\u00e9nyen.\u201d<\/em><br \/>\n<strong>\u2013 Az Egyes\u00fclt \u00c1llamok eln\u00f6ke, George W. Bush, miut\u00e1n 2005-ben \u00f6ssze\u00fctk\u00f6z\u00f6tt egy ker\u00e9kp\u00e1ros rend\u0151rrel a sk\u00f3ciai G8 cs\u00facstal\u00e1lkoz\u00f3n.<\/strong><\/p>\n<figure id=\"attachment_7391\" aria-describedby=\"caption-attachment-7391\" style=\"width: 650px\" class=\"wp-caption alignnone\"><img loading=\"lazy\" decoding=\"async\" class=\"size-full wp-image-7391\" src=\"https:\/\/d2p6e6u75xmxt8.cloudfront.net\/12\/2020\/04\/Bush_Oval_Office_phone_call.jpg\" alt=\"\" width=\"650\" height=\"425\" srcset=\"https:\/\/d2p6e6u75xmxt8.cloudfront.net\/12\/2020\/04\/Bush_Oval_Office_phone_call.jpg 650w, https:\/\/d2p6e6u75xmxt8.cloudfront.net\/12\/2020\/04\/Bush_Oval_Office_phone_call-300x196.jpg 300w\" sizes=\"auto, (max-width: 650px) 100vw, 650px\" \/><figcaption id=\"caption-attachment-7391\" class=\"wp-caption-text\"><em>Geroge W. Bush a Feh\u00e9r H\u00e1zban.<\/em><\/figcaption><\/figure>\n<p><em>\u201eA ker\u00e9kp\u00e1roz\u00e1s t\u00f6bb ellens\u00e9get b\u00e9k\u00edtett ki, mint b\u00e1rmely m\u00e1sik sport.\u201d<\/em><br \/>\n<strong>\u2013 Louis Baudry de Saunier, 19. sz\u00e1zadi \u00fajs\u00e1g\u00edr\u00f3, \u00edr\u00f3, a ker\u00e9kp\u00e1roz\u00e1s, motoroz\u00e1s \u00e9s turizmus ir\u00e1nt \u00e9rdekl\u0151d\u0151 tud\u00f3s.<\/strong><\/p>\n<figure id=\"attachment_7392\" aria-describedby=\"caption-attachment-7392\" style=\"width: 299px\" class=\"wp-caption alignnone\"><img loading=\"lazy\" decoding=\"async\" class=\"size-full wp-image-7392\" src=\"https:\/\/d2p6e6u75xmxt8.cloudfront.net\/12\/2020\/04\/AVT_Louis-Baudry-de-Saunier_7560.jpg\" alt=\"\" width=\"299\" height=\"501\" srcset=\"https:\/\/d2p6e6u75xmxt8.cloudfront.net\/12\/2020\/04\/AVT_Louis-Baudry-de-Saunier_7560.jpg 299w, https:\/\/d2p6e6u75xmxt8.cloudfront.net\/12\/2020\/04\/AVT_Louis-Baudry-de-Saunier_7560-179x300.jpg 179w\" sizes=\"auto, (max-width: 299px) 100vw, 299px\" \/><figcaption id=\"caption-attachment-7392\" class=\"wp-caption-text\">Louis\u00a0Baudry de Saunier<\/figcaption><\/figure>\n<p><em>\u201eA bicikliz\u00e9s val\u00f3sz\u00edn\u0171leg a leg\u00e9lvezetesebb m\u00f3dja a k\u00f6zleked\u00e9snek, amit valaha kital\u00e1ltak. Olyan, mintha s\u00e9t\u00e1ln\u00e1l, csak t\u00edzszer kevesebb er\u0151fesz\u00edt\u00e9sbe ker\u00fcl. \u00c1ttekerni egy v\u00e1roson \u00e9s meg\u00e9rteni azt jobban, mint b\u00e1rmelyik dug\u00f3ban ragadt aut\u00f3s. Percek alatt els\u00fcv\u00edtesz egyik helyr\u0151l a m\u00e1sikra. 250.000 fontos sportaut\u00f3kat hagysz magad m\u00f6g\u00f6tt. B\u00e1rhol parkolhatsz. T\u00e9nyleg a legszabadabb \u00e9rz\u00e9s, amit egy nagyv\u00e1rosban \u00e9rezhetsz. Csod\u00e1latos, hogy egy modern k\u00f6rnyezetben is \u00e1t\u00e9lheted ezt.\u201d<\/em><br \/>\n<strong>\u2013 Daniel Pemberton, angol zeneszerz\u0151, Ridley Scott, Danny Boyle \u00e9s Guy Ritchie filmjeib\u0151l ismert.<\/strong><\/p>\n<figure id=\"attachment_7393\" aria-describedby=\"caption-attachment-7393\" style=\"width: 1250px\" class=\"wp-caption alignnone\"><img loading=\"lazy\" decoding=\"async\" class=\"size-full wp-image-7393\" src=\"https:\/\/d2p6e6u75xmxt8.cloudfront.net\/12\/2020\/04\/profimedia-0495503526.jpg\" alt=\"\" width=\"1250\" height=\"829\" srcset=\"https:\/\/d2p6e6u75xmxt8.cloudfront.net\/12\/2020\/04\/profimedia-0495503526.jpg 1250w, https:\/\/d2p6e6u75xmxt8.cloudfront.net\/12\/2020\/04\/profimedia-0495503526-300x199.jpg 300w, https:\/\/d2p6e6u75xmxt8.cloudfront.net\/12\/2020\/04\/profimedia-0495503526-768x509.jpg 768w, https:\/\/d2p6e6u75xmxt8.cloudfront.net\/12\/2020\/04\/profimedia-0495503526-1024x679.jpg 1024w\" sizes=\"auto, (max-width: 1250px) 100vw, 1250px\" \/><figcaption id=\"caption-attachment-7393\" class=\"wp-caption-text\"><em>Daniel Pemberton a \u201eRagadoz\u00f3madarak\u201d premierj\u00e9n, Londonban. \u00a9 James Gillham \/ Shutterstock Editorial \/ Profimedia<\/em><\/figcaption><\/figure>\n<p><em>\u201e\u00c9letem egyik legfontosabb napja volt, amikor megtanultam biciklizni.\u201d<\/em><br \/>\n<strong>\u2013 Michael Palin, angol humorista, sz\u00edn\u00e9sz, \u00edr\u00f3, m\u0171sorvezet\u0151, \u00e9s a Monty Python csoport tagja.<\/strong><\/p>\n<figure id=\"attachment_7394\" aria-describedby=\"caption-attachment-7394\" style=\"width: 1250px\" class=\"wp-caption alignnone\"><img loading=\"lazy\" decoding=\"async\" class=\"size-full wp-image-7394\" src=\"https:\/\/d2p6e6u75xmxt8.cloudfront.net\/12\/2020\/04\/profimedia-0495312961.jpg\" alt=\"\" width=\"1250\" height=\"869\" srcset=\"https:\/\/d2p6e6u75xmxt8.cloudfront.net\/12\/2020\/04\/profimedia-0495312961.jpg 1250w, https:\/\/d2p6e6u75xmxt8.cloudfront.net\/12\/2020\/04\/profimedia-0495312961-300x209.jpg 300w, https:\/\/d2p6e6u75xmxt8.cloudfront.net\/12\/2020\/04\/profimedia-0495312961-768x534.jpg 768w, https:\/\/d2p6e6u75xmxt8.cloudfront.net\/12\/2020\/04\/profimedia-0495312961-1024x712.jpg 1024w\" sizes=\"auto, (max-width: 1250px) 100vw, 1250px\" \/><figcaption id=\"caption-attachment-7394\" class=\"wp-caption-text\"><em>Michael Palin a londoni telev\u00edzi\u00f3s d\u00edj\u00e1tad\u00f3n, 2020-ban\u00a0<\/em>\u00a9 Anthony Harvey \/ Shutterstock Editorial \/ Profimedia<\/figcaption><\/figure>\n<p><em>\u201eFiatalkoromban egy bankban dolgoztam, \u00e9s nem sz\u00e1m\u00edtott, hogy zuhogott az es\u0151 vagy t\u0171z\u00f6tt a nap: ameddig biciklin \u00fclhettem, tudtam, hogy \u00e9n vagyok a vil\u00e1g legszerencs\u00e9sebb embere.\u201d<\/em><br \/>\n<strong>\u2013 Mark Cavendish, ker\u00e9kp\u00e1ros, miut\u00e1n megnyert egy szakaszt a 2008-as Tour de France-on.<\/strong><\/p>\n<p>https:\/\/www.instagram.com\/p\/B-U38hxAAbi\/?igshid=xdk4xm2f4jp5<\/p>\n<p><em>\u201eNem k\u00f6nny\u0171 ker\u00e9kp\u00e1rosk\u00e9nt \u00e9lni Angli\u00e1ban, sokan nem szeretnek minket. Az utakon egyenesen ut\u00e1lnak. Rem\u00e9lem, hogy az emberek r\u00e1j\u00f6nnek, hogy mi is h\u00fasb\u00f3l \u00e9s v\u00e9rb\u0151l vagyunk, csak \u00e9ppen k\u00e9t ker\u00e9ken.\u201d<\/em><br \/>\n<strong>\u2013 Victoria Pendleton, brit ker\u00e9kp\u00e1ros \u00e9s olimpiai arany\u00e9rmes.<\/strong><\/p>\n<p>https:\/\/www.instagram.com\/p\/B-Ey3vmlRhT\/<\/p>\n<p><em>\u201eNapjainkban a legrosszabb dolog ami t\u00f6rt\u00e9nhet, hogy reggel fel\u00e9bredsz, \u00e9s nincs ott a bring\u00e1d, ahol hagytad.\u201d<\/em><br \/>\n<strong>\u2013 50 cent, hip hop szt\u00e1r, akinek gyerekk\u00e9nt ellopt\u00e1k a biciklij\u00e9t.<\/strong><\/p>\n<figure id=\"attachment_7395\" aria-describedby=\"caption-attachment-7395\" style=\"width: 1008px\" class=\"wp-caption alignnone\"><img loading=\"lazy\" decoding=\"async\" class=\"size-full wp-image-7395\" src=\"https:\/\/d2p6e6u75xmxt8.cloudfront.net\/12\/2020\/04\/profimedia-0495447763.jpg\" alt=\"\" width=\"1008\" height=\"1024\" srcset=\"https:\/\/d2p6e6u75xmxt8.cloudfront.net\/12\/2020\/04\/profimedia-0495447763.jpg 1008w, https:\/\/d2p6e6u75xmxt8.cloudfront.net\/12\/2020\/04\/profimedia-0495447763-295x300.jpg 295w, https:\/\/d2p6e6u75xmxt8.cloudfront.net\/12\/2020\/04\/profimedia-0495447763-768x780.jpg 768w\" sizes=\"auto, (max-width: 1008px) 100vw, 1008px\" \/><figcaption id=\"caption-attachment-7395\" class=\"wp-caption-text\">50 Cent, 2020\u00a0\u00a9 Twitter \/ ddp USA \/ Profimedia<\/figcaption><\/figure>\n<p><em>\u201eSemmi sem foghat\u00f3 a ker\u00e9kp\u00e1roz\u00e1s egyszer\u0171 \u00f6r\u00f6m\u00e9hez<\/em>.\u201d<br \/>\n<strong>\u2013 John. F. Kennedy, amerikai eln\u00f6k, aki 1963-ban mer\u00e9nylet \u00e1ldozata lett.<\/strong><\/p>\n<figure id=\"attachment_7396\" aria-describedby=\"caption-attachment-7396\" style=\"width: 1250px\" class=\"wp-caption alignnone\"><img loading=\"lazy\" decoding=\"async\" class=\"size-full wp-image-7396\" src=\"https:\/\/d2p6e6u75xmxt8.cloudfront.net\/12\/2020\/04\/profimedia-0210141592.jpg\" alt=\"\" width=\"1250\" height=\"923\" srcset=\"https:\/\/d2p6e6u75xmxt8.cloudfront.net\/12\/2020\/04\/profimedia-0210141592.jpg 1250w, https:\/\/d2p6e6u75xmxt8.cloudfront.net\/12\/2020\/04\/profimedia-0210141592-300x222.jpg 300w, https:\/\/d2p6e6u75xmxt8.cloudfront.net\/12\/2020\/04\/profimedia-0210141592-768x567.jpg 768w, https:\/\/d2p6e6u75xmxt8.cloudfront.net\/12\/2020\/04\/profimedia-0210141592-1024x756.jpg 1024w\" sizes=\"auto, (max-width: 1250px) 100vw, 1250px\" \/><figcaption id=\"caption-attachment-7396\" class=\"wp-caption-text\"><em>Dwight Eisenhower eln\u00f6k \u00e9s John F. Kennedy jel\u00f6lt.<\/em> \u00a9 KEYSTONE Pictures USA \/ Zuma Press \/ Profimedia<\/figcaption><\/figure>\n<p><em>&#8220;Adj egy embernek egy halat, \u00e9s enni adsz egy napra. Tan\u00edts meg egy embert hal\u00e1szni, \u00e9s enni adsz egy eg\u00e9sz \u00e9letre. Adj egy embernek egy biciklit, \u00e9s r\u00e1j\u00f6n, hogy hal\u00e1szni r\u00e9m unalmas.&#8221;<\/em><br \/>\n<strong>&#8211; Desmond Tutu, \u00e9szak-afrikai \u00e9rsek \u00e9s emberi jogi aktivista, t\u00f6bbek k\u00f6z\u00f6tt a Nobel b\u00e9ke-d\u00edjat is elnyerte.<\/strong><\/p>\n<figure id=\"attachment_7397\" aria-describedby=\"caption-attachment-7397\" style=\"width: 1250px\" class=\"wp-caption alignnone\"><img loading=\"lazy\" decoding=\"async\" class=\"size-full wp-image-7397\" src=\"https:\/\/d2p6e6u75xmxt8.cloudfront.net\/12\/2020\/04\/profimedia-0473392870.jpg\" alt=\"\" width=\"1250\" height=\"1039\" srcset=\"https:\/\/d2p6e6u75xmxt8.cloudfront.net\/12\/2020\/04\/profimedia-0473392870.jpg 1250w, https:\/\/d2p6e6u75xmxt8.cloudfront.net\/12\/2020\/04\/profimedia-0473392870-300x249.jpg 300w, https:\/\/d2p6e6u75xmxt8.cloudfront.net\/12\/2020\/04\/profimedia-0473392870-768x638.jpg 768w, https:\/\/d2p6e6u75xmxt8.cloudfront.net\/12\/2020\/04\/profimedia-0473392870-1024x851.jpg 1024w\" sizes=\"auto, (max-width: 1250px) 100vw, 1250px\" \/><figcaption id=\"caption-attachment-7397\" class=\"wp-caption-text\"><em>Sussex hercegn\u0151je \u00e9s kisfia, Archie tal\u00e1lkozik Desmond Tutu \u00e9rsekkel.<\/em> \u00a9 ROTA \/ Camerapress \/ Profimedia<\/figcaption><\/figure>\n<p><em>\u201eA bicikliz\u00e9s nem egy j\u00e1t\u00e9k, hanem egy sport\u00e1g. Kem\u00e9ny, neh\u00e9z \u00e9s k\u00f6ny\u00f6rtelen, nagy \u00e1ldozatokat k\u00f6vetel. A focit, a teniszt \u00e9s a hokit j\u00e1tsz\u00e1k. A ker\u00e9kp\u00e1roz\u00e1st nem lehet j\u00e1tszani.\u201d<br \/>\n<\/em><strong>\u2013 Jean de Gribaldy, francia ker\u00e9kp\u00e1ros.<\/strong><\/p>\n<figure id=\"attachment_7398\" aria-describedby=\"caption-attachment-7398\" style=\"width: 231px\" class=\"wp-caption alignnone\"><img loading=\"lazy\" decoding=\"async\" class=\"size-full wp-image-7398\" src=\"https:\/\/d2p6e6u75xmxt8.cloudfront.net\/2\/2020\/03\/Jean_de_Gribaldy_\u00e0_Besan\u00e7on_septembre_1980.jpg\" alt=\"\" width=\"231\" height=\"380\" \/><figcaption id=\"caption-attachment-7398\" class=\"wp-caption-text\">Jean de Gribaldy<\/figcaption><\/figure>\n<p><em>\u201eB\u00e1rcsak t\u00f6bb ker\u00e9kp\u00e1rutat \u00e9p\u00edttettem volna Londonban! Ha visszarep\u00fclhetn\u00e9k az \u00e9n id\u0151mbe, azzal a tud\u00e1ssal, amim most van, biztosan egy hatalmas ker\u00e9kp\u00e1ros h\u00e1l\u00f3zatot \u00e9p\u00edten\u00e9k ki. Val\u00f3sz\u00edn\u0171leg nem v\u00e1lasztan\u00e1nak \u00fajra, ezt is figyelembe kellene vennem. De akkor is ez lenne a helyes.\u201d<\/em><br \/>\n<strong>\u2013 Boris Johnson, brit minisztereln\u00f6k, miut\u00e1n lej\u00e1rt mand\u00e1tuma London polg\u00e1rmesterek\u00e9nt.<\/strong><\/p>\n<figure id=\"attachment_7399\" aria-describedby=\"caption-attachment-7399\" style=\"width: 1250px\" class=\"wp-caption alignnone\"><img loading=\"lazy\" decoding=\"async\" class=\"size-full wp-image-7399\" src=\"https:\/\/d2p6e6u75xmxt8.cloudfront.net\/12\/2020\/04\/profimedia-0077452916.jpg\" alt=\"\" width=\"1250\" height=\"823\" srcset=\"https:\/\/d2p6e6u75xmxt8.cloudfront.net\/12\/2020\/04\/profimedia-0077452916.jpg 1250w, https:\/\/d2p6e6u75xmxt8.cloudfront.net\/12\/2020\/04\/profimedia-0077452916-300x198.jpg 300w, https:\/\/d2p6e6u75xmxt8.cloudfront.net\/12\/2020\/04\/profimedia-0077452916-768x506.jpg 768w, https:\/\/d2p6e6u75xmxt8.cloudfront.net\/12\/2020\/04\/profimedia-0077452916-1024x674.jpg 1024w\" sizes=\"auto, (max-width: 1250px) 100vw, 1250px\" \/><figcaption id=\"caption-attachment-7399\" class=\"wp-caption-text\"><em>Boris Johnson, a Westminster h\u00edd el\u0151tt, biciklij\u00e9n<\/em>. \u00a9 GEOFF CADDICK \/ AFP \/ Profimedia<\/figcaption><\/figure>\n<p><em>\u201eAzt akartam, hogy amikor a gyerekek biciklin l\u00e1tnak, tudj\u00e1k, hogy m\u00e9g a Demokrata p\u00e1rt jel\u00f6ltje is hord sisakot, amikor ker\u00e9kp\u00e1rra \u00fcl.\u201d<\/em><br \/>\n<strong>\u2013 Barack Obama, amerikai eln\u00f6k, arra a k\u00e9rd\u00e9sre v\u00e1laszolva, hogy nem f\u00e9l-e att\u00f3l, hogy elvesz\u00edti a v\u00e1laszt\u00e1st a sisak miatt. 1988-ban a demokrata jel\u00f6lt, Michael Dukakis az\u00e9rt maradt alul Geroge Bush-sal szemben, mert nevets\u00e9gesen nagy sisakot hordott.<\/strong><\/p>\n<lite-youtube videoid=timvZTKr5HQ params=\"enablejsapi=1\" style=\"background-image: url('https:\/\/i.ytimg.com\/vi_webp\/timvZTKr5HQ\/maxresdefault.webp');\"><\/lite-youtube>\n","protected":false},"excerpt":{"rendered":"<p>N\u00e9ha mindannyiunkat meglep, mennyi h\u00edress\u00e9g vallja mag\u00e1t a ker\u00e9kp\u00e1roz\u00e1s szerelmes\u00e9nek. Ha az interneten keresg\u00e9l\u00fcnk, sz\u00edn\u00e9szekre, zeneszerz\u0151kre, \u00edr\u00f3kra \u00e9s politikusokra bukkanhatunk, [&hellip;]<\/p>\n","protected":false},"author":71,"featured_media":7401,"comment_status":"open","ping_status":"open","sticky":false,"template":"","format":"standard","meta":{"footnotes":""},"categories":[12],"tags":[],"global-categories":[],"class_list":["post-7384","post","type-post","status-publish","format-standard","has-post-thumbnail","hentry","category-kozosseg-es-kultura"],"yoast_head":"<!-- This site is optimized with the Yoast SEO Premium plugin v25.3 (Yoast SEO v25.9) - https:\/\/yoast.com\/wordpress\/plugins\/seo\/ -->\n<title>A legjobb biciklis id\u00e9zetek, h\u00edres emberek sz\u00e1j\u00e1b\u00f3l - \u0160koda We Love Cycling - Magyarorsz\u00e1g<\/title>\n<meta name=\"robots\" content=\"index, follow, max-snippet:-1, max-image-preview:large, max-video-preview:-1\" \/>\n<link rel=\"canonical\" href=\"https:\/\/www.welovecycling.com\/hu\/kozosseg-es-kultura\/a-legjobb-biciklis-idezetek-hires-emberek-szajabol\/\" \/>\n<meta property=\"og:locale\" content=\"hu_HU\" \/>\n<meta property=\"og:type\" content=\"article\" \/>\n<meta property=\"og:title\" content=\"A legjobb biciklis id\u00e9zetek, h\u00edres emberek sz\u00e1j\u00e1b\u00f3l\" \/>\n<meta property=\"og:description\" content=\"N\u00e9ha mindannyiunkat meglep, mennyi h\u00edress\u00e9g vallja mag\u00e1t a ker\u00e9kp\u00e1roz\u00e1s szerelmes\u00e9nek. Ha az interneten keresg\u00e9l\u00fcnk, sz\u00edn\u00e9szekre, zeneszerz\u0151kre, \u00edr\u00f3kra \u00e9s politikusokra bukkanhatunk, [&hellip;]\" \/>\n<meta property=\"og:url\" content=\"https:\/\/www.welovecycling.com\/hu\/kozosseg-es-kultura\/a-legjobb-biciklis-idezetek-hires-emberek-szajabol\/\" \/>\n<meta property=\"og:site_name\" content=\"\u0160koda We Love Cycling - Magyarorsz\u00e1g\" \/>\n<meta property=\"article:publisher\" content=\"https:\/\/www.facebook.com\/WeLoveCyclingHungary\/\" \/>\n<meta property=\"article:published_time\" content=\"2020-04-15T07:00:48+00:00\" \/>\n<meta property=\"og:image\" content=\"https:\/\/d2p6e6u75xmxt8.cloudfront.net\/12\/2020\/04\/JFK-CVR-profimedia-0177441122.jpg\" \/>\n\t<meta property=\"og:image:width\" content=\"1366\" \/>\n\t<meta property=\"og:image:height\" content=\"600\" \/>\n\t<meta property=\"og:image:type\" content=\"image\/jpeg\" \/>\n<meta name=\"author\" content=\"hegyizs\" \/>\n<meta name=\"twitter:card\" content=\"summary_large_image\" \/>\n<meta name=\"twitter:label1\" content=\"Written by\" \/>\n\t<meta name=\"twitter:data1\" content=\"Adam Marsal\" \/>\n\t<meta name=\"twitter:label2\" content=\"Est. reading time\" \/>\n\t<meta name=\"twitter:data2\" content=\"7\" \/>\n<script type=\"application\/ld+json\" class=\"yoast-schema-graph\">{\"@context\":\"https:\/\/schema.org\",\"@graph\":[{\"@type\":\"WebPage\",\"@id\":\"https:\/\/www.welovecycling.com\/hu\/kozosseg-es-kultura\/a-legjobb-biciklis-idezetek-hires-emberek-szajabol\/\",\"url\":\"https:\/\/www.welovecycling.com\/hu\/kozosseg-es-kultura\/a-legjobb-biciklis-idezetek-hires-emberek-szajabol\/\",\"name\":\"A legjobb biciklis id\u00e9zetek, h\u00edres emberek sz\u00e1j\u00e1b\u00f3l - \u0160koda We Love Cycling - Magyarorsz\u00e1g\",\"isPartOf\":{\"@id\":\"https:\/\/www.welovecycling.com\/hu\/#website\"},\"primaryImageOfPage\":{\"@id\":\"https:\/\/www.welovecycling.com\/hu\/kozosseg-es-kultura\/a-legjobb-biciklis-idezetek-hires-emberek-szajabol\/#primaryimage\"},\"image\":{\"@id\":\"https:\/\/www.welovecycling.com\/hu\/kozosseg-es-kultura\/a-legjobb-biciklis-idezetek-hires-emberek-szajabol\/#primaryimage\"},\"thumbnailUrl\":\"https:\/\/d2p6e6u75xmxt8.cloudfront.net\/12\/2020\/04\/JFK-CVR-profimedia-0177441122.jpg\",\"datePublished\":\"2020-04-15T07:00:48+00:00\",\"author\":{\"@id\":\"https:\/\/www.welovecycling.com\/hu\/#\/schema\/person\/414a2aebf1801691a5320edb6468e194\"},\"breadcrumb\":{\"@id\":\"https:\/\/www.welovecycling.com\/hu\/kozosseg-es-kultura\/a-legjobb-biciklis-idezetek-hires-emberek-szajabol\/#breadcrumb\"},\"inLanguage\":\"hu\",\"potentialAction\":[{\"@type\":\"ReadAction\",\"target\":[\"https:\/\/www.welovecycling.com\/hu\/kozosseg-es-kultura\/a-legjobb-biciklis-idezetek-hires-emberek-szajabol\/\"]}]},{\"@type\":\"ImageObject\",\"inLanguage\":\"hu\",\"@id\":\"https:\/\/www.welovecycling.com\/hu\/kozosseg-es-kultura\/a-legjobb-biciklis-idezetek-hires-emberek-szajabol\/#primaryimage\",\"url\":\"https:\/\/d2p6e6u75xmxt8.cloudfront.net\/12\/2020\/04\/JFK-CVR-profimedia-0177441122.jpg\",\"contentUrl\":\"https:\/\/d2p6e6u75xmxt8.cloudfront.net\/12\/2020\/04\/JFK-CVR-profimedia-0177441122.jpg\",\"width\":1366,\"height\":600},{\"@type\":\"BreadcrumbList\",\"@id\":\"https:\/\/www.welovecycling.com\/hu\/kozosseg-es-kultura\/a-legjobb-biciklis-idezetek-hires-emberek-szajabol\/#breadcrumb\",\"itemListElement\":[{\"@type\":\"ListItem\",\"position\":1,\"name\":\"Home\",\"item\":\"https:\/\/www.welovecycling.com\/hu\/\"},{\"@type\":\"ListItem\",\"position\":2,\"name\":\"A legjobb biciklis id\u00e9zetek, h\u00edres emberek sz\u00e1j\u00e1b\u00f3l\"}]},{\"@type\":\"WebSite\",\"@id\":\"https:\/\/www.welovecycling.com\/hu\/#website\",\"url\":\"https:\/\/www.welovecycling.com\/hu\/\",\"name\":\"\u0160koda We Love Cycling - Magyarorsz\u00e1g\",\"description\":\"\u0160koda WeLoveCycling\",\"potentialAction\":[{\"@type\":\"SearchAction\",\"target\":{\"@type\":\"EntryPoint\",\"urlTemplate\":\"https:\/\/www.welovecycling.com\/hu\/?s={search_term_string}\"},\"query-input\":{\"@type\":\"PropertyValueSpecification\",\"valueRequired\":true,\"valueName\":\"search_term_string\"}}],\"inLanguage\":\"hu\"},{\"@type\":\"Person\",\"@id\":\"https:\/\/www.welovecycling.com\/hu\/#\/schema\/person\/414a2aebf1801691a5320edb6468e194\",\"name\":\"hegyizs\",\"image\":{\"@type\":\"ImageObject\",\"inLanguage\":\"hu\",\"@id\":\"https:\/\/www.welovecycling.com\/hu\/#\/schema\/person\/image\/\",\"url\":\"https:\/\/secure.gravatar.com\/avatar\/02cf8a7906b8cf90cecb4679defac7cfd33a1c2e3b88e4903d947f3bb58eedd3?s=96&d=mm&r=g\",\"contentUrl\":\"https:\/\/secure.gravatar.com\/avatar\/02cf8a7906b8cf90cecb4679defac7cfd33a1c2e3b88e4903d947f3bb58eedd3?s=96&d=mm&r=g\",\"caption\":\"hegyizs\"},\"url\":\"https:\/\/www.welovecycling.com\/hu\/author\/hegyizs\/\"}]}<\/script>\n<!-- \/ Yoast SEO Premium plugin. -->","yoast_head_json":{"title":"A legjobb biciklis id\u00e9zetek, h\u00edres emberek sz\u00e1j\u00e1b\u00f3l - \u0160koda We Love Cycling - Magyarorsz\u00e1g","robots":{"index":"index","follow":"follow","max-snippet":"max-snippet:-1","max-image-preview":"max-image-preview:large","max-video-preview":"max-video-preview:-1"},"canonical":"https:\/\/www.welovecycling.com\/hu\/kozosseg-es-kultura\/a-legjobb-biciklis-idezetek-hires-emberek-szajabol\/","og_locale":"hu_HU","og_type":"article","og_title":"A legjobb biciklis id\u00e9zetek, h\u00edres emberek sz\u00e1j\u00e1b\u00f3l","og_description":"N\u00e9ha mindannyiunkat meglep, mennyi h\u00edress\u00e9g vallja mag\u00e1t a ker\u00e9kp\u00e1roz\u00e1s szerelmes\u00e9nek. Ha az interneten keresg\u00e9l\u00fcnk, sz\u00edn\u00e9szekre, zeneszerz\u0151kre, \u00edr\u00f3kra \u00e9s politikusokra bukkanhatunk, [&hellip;]","og_url":"https:\/\/www.welovecycling.com\/hu\/kozosseg-es-kultura\/a-legjobb-biciklis-idezetek-hires-emberek-szajabol\/","og_site_name":"\u0160koda We Love Cycling - Magyarorsz\u00e1g","article_publisher":"https:\/\/www.facebook.com\/WeLoveCyclingHungary\/","article_published_time":"2020-04-15T07:00:48+00:00","og_image":[{"width":1366,"height":600,"url":"https:\/\/d2p6e6u75xmxt8.cloudfront.net\/12\/2020\/04\/JFK-CVR-profimedia-0177441122.jpg","type":"image\/jpeg"}],"author":"hegyizs","twitter_card":"summary_large_image","twitter_misc":{"Written by":"Adam Marsal","Est. reading time":"7"},"schema":{"@context":"https:\/\/schema.org","@graph":[{"@type":"WebPage","@id":"https:\/\/www.welovecycling.com\/hu\/kozosseg-es-kultura\/a-legjobb-biciklis-idezetek-hires-emberek-szajabol\/","url":"https:\/\/www.welovecycling.com\/hu\/kozosseg-es-kultura\/a-legjobb-biciklis-idezetek-hires-emberek-szajabol\/","name":"A legjobb biciklis id\u00e9zetek, h\u00edres emberek sz\u00e1j\u00e1b\u00f3l - \u0160koda We Love Cycling - Magyarorsz\u00e1g","isPartOf":{"@id":"https:\/\/www.welovecycling.com\/hu\/#website"},"primaryImageOfPage":{"@id":"https:\/\/www.welovecycling.com\/hu\/kozosseg-es-kultura\/a-legjobb-biciklis-idezetek-hires-emberek-szajabol\/#primaryimage"},"image":{"@id":"https:\/\/www.welovecycling.com\/hu\/kozosseg-es-kultura\/a-legjobb-biciklis-idezetek-hires-emberek-szajabol\/#primaryimage"},"thumbnailUrl":"https:\/\/d2p6e6u75xmxt8.cloudfront.net\/12\/2020\/04\/JFK-CVR-profimedia-0177441122.jpg","datePublished":"2020-04-15T07:00:48+00:00","author":{"@id":"https:\/\/www.welovecycling.com\/hu\/#\/schema\/person\/414a2aebf1801691a5320edb6468e194"},"breadcrumb":{"@id":"https:\/\/www.welovecycling.com\/hu\/kozosseg-es-kultura\/a-legjobb-biciklis-idezetek-hires-emberek-szajabol\/#breadcrumb"},"inLanguage":"hu","potentialAction":[{"@type":"ReadAction","target":["https:\/\/www.welovecycling.com\/hu\/kozosseg-es-kultura\/a-legjobb-biciklis-idezetek-hires-emberek-szajabol\/"]}]},{"@type":"ImageObject","inLanguage":"hu","@id":"https:\/\/www.welovecycling.com\/hu\/kozosseg-es-kultura\/a-legjobb-biciklis-idezetek-hires-emberek-szajabol\/#primaryimage","url":"https:\/\/d2p6e6u75xmxt8.cloudfront.net\/12\/2020\/04\/JFK-CVR-profimedia-0177441122.jpg","contentUrl":"https:\/\/d2p6e6u75xmxt8.cloudfront.net\/12\/2020\/04\/JFK-CVR-profimedia-0177441122.jpg","width":1366,"height":600},{"@type":"BreadcrumbList","@id":"https:\/\/www.welovecycling.com\/hu\/kozosseg-es-kultura\/a-legjobb-biciklis-idezetek-hires-emberek-szajabol\/#breadcrumb","itemListElement":[{"@type":"ListItem","position":1,"name":"Home","item":"https:\/\/www.welovecycling.com\/hu\/"},{"@type":"ListItem","position":2,"name":"A legjobb biciklis id\u00e9zetek, h\u00edres emberek sz\u00e1j\u00e1b\u00f3l"}]},{"@type":"WebSite","@id":"https:\/\/www.welovecycling.com\/hu\/#website","url":"https:\/\/www.welovecycling.com\/hu\/","name":"\u0160koda We Love Cycling - Magyarorsz\u00e1g","description":"\u0160koda WeLoveCycling","potentialAction":[{"@type":"SearchAction","target":{"@type":"EntryPoint","urlTemplate":"https:\/\/www.welovecycling.com\/hu\/?s={search_term_string}"},"query-input":{"@type":"PropertyValueSpecification","valueRequired":true,"valueName":"search_term_string"}}],"inLanguage":"hu"},{"@type":"Person","@id":"https:\/\/www.welovecycling.com\/hu\/#\/schema\/person\/414a2aebf1801691a5320edb6468e194","name":"hegyizs","image":{"@type":"ImageObject","inLanguage":"hu","@id":"https:\/\/www.welovecycling.com\/hu\/#\/schema\/person\/image\/","url":"https:\/\/secure.gravatar.com\/avatar\/02cf8a7906b8cf90cecb4679defac7cfd33a1c2e3b88e4903d947f3bb58eedd3?s=96&d=mm&r=g","contentUrl":"https:\/\/secure.gravatar.com\/avatar\/02cf8a7906b8cf90cecb4679defac7cfd33a1c2e3b88e4903d947f3bb58eedd3?s=96&d=mm&r=g","caption":"hegyizs"},"url":"https:\/\/www.welovecycling.com\/hu\/author\/hegyizs\/"}]}},"_links":{"self":[{"href":"https:\/\/www.welovecycling.com\/hu\/wp-json\/wp\/v2\/posts\/7384","targetHints":{"allow":["GET"]}}],"collection":[{"href":"https:\/\/www.welovecycling.com\/hu\/wp-json\/wp\/v2\/posts"}],"about":[{"href":"https:\/\/www.welovecycling.com\/hu\/wp-json\/wp\/v2\/types\/post"}],"author":[{"embeddable":true,"href":"https:\/\/www.welovecycling.com\/hu\/wp-json\/wp\/v2\/users\/71"}],"replies":[{"embeddable":true,"href":"https:\/\/www.welovecycling.com\/hu\/wp-json\/wp\/v2\/comments?post=7384"}],"version-history":[{"count":2,"href":"https:\/\/www.welovecycling.com\/hu\/wp-json\/wp\/v2\/posts\/7384\/revisions"}],"predecessor-version":[{"id":7413,"href":"https:\/\/www.welovecycling.com\/hu\/wp-json\/wp\/v2\/posts\/7384\/revisions\/7413"}],"wp:featuredmedia":[{"embeddable":true,"href":"https:\/\/www.welovecycling.com\/hu\/wp-json\/wp\/v2\/media\/7401"}],"wp:attachment":[{"href":"https:\/\/www.welovecycling.com\/hu\/wp-json\/wp\/v2\/media?parent=7384"}],"wp:term":[{"taxonomy":"category","embeddable":true,"href":"https:\/\/www.welovecycling.com\/hu\/wp-json\/wp\/v2\/categories?post=7384"},{"taxonomy":"post_tag","embeddable":true,"href":"https:\/\/www.welovecycling.com\/hu\/wp-json\/wp\/v2\/tags?post=7384"},{"taxonomy":"global-categories","embeddable":true,"href":"https:\/\/www.welovecycling.com\/hu\/wp-json\/wp\/v2\/global-categories?post=7384"}],"curies":[{"name":"wp","href":"https:\/\/api.w.org\/{rel}","templated":true}]}}