{"id":7365,"date":"2020-04-18T18:00:00","date_gmt":"2020-04-18T17:00:00","guid":{"rendered":"https:\/\/www.welovecycling.com\/hu\/?p=7365"},"modified":"2020-04-13T13:59:33","modified_gmt":"2020-04-13T12:59:33","slug":"egeszseges-reggelik-amikre-eddig-nem-volt-idod","status":"publish","type":"post","link":"https:\/\/www.welovecycling.com\/hu\/edzes-es-eletmod\/egeszseges-reggelik-amikre-eddig-nem-volt-idod\/","title":{"rendered":"Eg\u00e9szs\u00e9ges reggelik, amikre eddig nem volt id\u0151d"},"content":{"rendered":"<p><strong>Ha kilenckor kezd\u0151dik a munkaid\u0151d, te is 8:50-kor kelsz, hogy egy b\u00f6gre k\u00e1v\u00e9val r\u00f6gt\u00f6n be\u00fclj a g\u00e9ped el\u00e9? Eml\u00e9kszel m\u00e9g a kifog\u00e1sra, hogy az\u00e9rt nem reggelizel, mert nincs r\u00e1 id\u0151d? Nos, amikor ezt mondtad, m\u00e9g m\u00e1sf\u00e9l \u00f3r\u00e1val kor\u00e1bban kelt\u00e9l, \u00e9s hihet\u0151 volt. Azonban ha most otthonr\u00f3l dolgozol, nincs kifog\u00e1s! Tal\u00e1n kompromisszumot tudsz k\u00f6tni magaddal, ha r\u00e1tal\u00e1lsz azokra a reggelikre, amik\u00e9rt akkor is meg\u00e9ri p\u00e1r perccel hamarabb felkelni, amikor minden vissza\u00e1ll a r\u00e9gi ker\u00e9kv\u00e1g\u00e1sba.<\/strong><!--more--><\/p>\n<h3><strong>Zabk\u00e1sa<\/strong><\/h3>\n<p>Mi m\u00e1s? A zabk\u00e1s\u00e1hoz kev\u00e9s hozz\u00e1val\u00f3 kell, gyakorlatilag b\u00e1rmilyen magok, gy\u00fcm\u00f6lcs\u00f6t, \u00e9des\u00edt\u0151t \u00e9s \u00edzes\u00edt\u0151t beletehetsz, amit tal\u00e1lsz otthon, s\u0151t, ak\u00e1r v\u00edzzel is elk\u00e9sz\u00edtheted. Az egyetlen fix hozz\u00e1val\u00f3 a zab! Olcs\u00f3, finom \u00e9s eg\u00e9szs\u00e9ges reggeli. Ha beleszeretsz, k\u00e9s\u0151bb a munkahelyeden is elk\u00e9sz\u00edtheted: keverd \u00f6ssze a sz\u00e1raz alapanyagokat \u00e9s \u00f6nts r\u00e1juk forr\u00f3 vizet!<\/p>\n<p><img loading=\"lazy\" decoding=\"async\" class=\"aligncenter size-full wp-image-7369\" src=\"https:\/\/d2p6e6u75xmxt8.cloudfront.net\/12\/2020\/04\/26820517_ca706e61a1330e9f3fe2e085555d7765_wm.jpg\" alt=\"\" width=\"640\" height=\"427\" srcset=\"https:\/\/d2p6e6u75xmxt8.cloudfront.net\/12\/2020\/04\/26820517_ca706e61a1330e9f3fe2e085555d7765_wm.jpg 640w, https:\/\/d2p6e6u75xmxt8.cloudfront.net\/12\/2020\/04\/26820517_ca706e61a1330e9f3fe2e085555d7765_wm-300x200.jpg 300w, https:\/\/d2p6e6u75xmxt8.cloudfront.net\/12\/2020\/04\/26820517_ca706e61a1330e9f3fe2e085555d7765_wm-272x182.jpg 272w\" sizes=\"auto, (max-width: 640px) 100vw, 640px\" \/><\/p>\n<p><strong><u>Hozz\u00e1val\u00f3k (opcion\u00e1lisan):<\/u><\/strong><\/p>\n<ul>\n<li>zabpehely<\/li>\n<li>f\u0171szerek: van\u00edlia, fah\u00e9j, kaka\u00f3<\/li>\n<li>s\u00f3<\/li>\n<li>\u00edzl\u00e9s szerint \u00e9des\u00edt\u0151: barna cukor, ny\u00edrfacukor, m\u00e9z, mogyor\u00f3vaj<\/li>\n<li>gy\u00fcm\u00f6lcs: sz\u00e1r\u00edtott, friss, vagy fagyasztott<\/li>\n<li>magvak: chia mag, mandula, goji bogy\u00f3<\/li>\n<li>csonth\u00e9jasok: mogyor\u00f3, piszt\u00e1cia, t\u00f6r\u00f6kmogyor\u00f3<\/li>\n<li>k\u00f3kusz<\/li>\n<li>joghurt<\/li>\n<li>tej<\/li>\n<\/ul>\n<p><strong><u>Elk\u00e9sz\u00edt\u00e9s<\/u><\/strong><\/p>\n<ol>\n<li>Egy szem\u00e9lyre 3-4 kan\u00e1l zabot \u00f6nts fel v\u00edzzel \u00fagy, hogy ellepje, majd f\u0151zd 5 percig. Ha megf\u0151tt, 10 percig hagyd \u00e1llni!<\/li>\n<li>Ha tejjel k\u00e9sz\u00edted a k\u00e1s\u00e1d, 2 dl tejet forr\u00f3s\u00edts fel, majd \u00f6nts bele 4 dkg zabpelyhet. F\u0151zd k\u00e1s\u00e1ra 10-15 perc alatt, id\u0151nk\u00e9nt keverd meg!<\/li>\n<li>F\u0171szerezd, \u00edzes\u00edtsd, add hozz\u00e1 a magvakat \u00e9s ha \u00e9des a k\u00e1s\u00e1d egy csipetnyi s\u00f3t!<\/li>\n<li>Ha kr\u00e9mesebbre szeretn\u00e9d, keverj hozz\u00e1 joghurtot vagy mogyor\u00f3vajat!<\/li>\n<li>T\u00e1lal\u00e1skor add hozz\u00e1 a gy\u00fcm\u00f6lcs\u00f6ket is!<\/li>\n<\/ol>\n<p><u>Mi\u00e9rt eg\u00e9szs\u00e9ges?<\/u><\/p>\n<p>A zab tele van rostokkal \u00e9s feh\u00e9rj\u00e9kkel, \u00edgy seg\u00edt, hogy lend\u00fcletesen ind\u00edtsd a napot. Emellett magas az \u00e1sv\u00e1nyianyag-tartalma, foszfor, magn\u00e9zium, cink, vas \u00e9s folsav tal\u00e1lhat\u00f3 benne. Vitaminokban sem marad el: B1- \u00e9s B5-vitamint tartalmaz, \u00edgy seg\u00edti az agym\u0171k\u00f6d\u00e9st \u00e9s oldja a stresszt. A hozz\u00e1adott gy\u00fcm\u00f6lcs\u00f6kr\u0151l \u00e9s magvakr\u00f3l pedig ne is besz\u00e9lj\u00fcnk!<\/p>\n<h3><strong>Omlett<\/strong><\/h3>\n<p>Nem csak \u00e9dessz\u00e1j\u00faaknak indulhat j\u00f3l a nap: a toj\u00e1s szuper reggeli, a zabk\u00e1s\u00e1hoz hasonl\u00f3an \u00edzl\u00e9s szerint elk\u00e9sz\u00edthet\u0151, \u00e9s eg\u00e9szs\u00e9ges is. T\u00fck\u00f6rtoj\u00e1s, r\u00e1ntotta, l\u00e1gytoj\u00e1s, mindegy! Mi most egy finom omlett receptet hoztunk nektek, amit s\u00fct\u0151ben tudtok elk\u00e9sz\u00edteni, \u00edgy nem kell a serpeny\u0151 mellett \u00e1llni, ameddig elk\u00e9sz\u00fcl.<\/p>\n<p><img loading=\"lazy\" decoding=\"async\" class=\"size-full wp-image-7368\" src=\"https:\/\/d2p6e6u75xmxt8.cloudfront.net\/12\/2020\/04\/tojas1.jpg\" alt=\"\" width=\"620\" height=\"413\" srcset=\"https:\/\/d2p6e6u75xmxt8.cloudfront.net\/12\/2020\/04\/tojas1.jpg 620w, https:\/\/d2p6e6u75xmxt8.cloudfront.net\/12\/2020\/04\/tojas1-300x200.jpg 300w, https:\/\/d2p6e6u75xmxt8.cloudfront.net\/12\/2020\/04\/tojas1-272x182.jpg 272w\" sizes=\"auto, (max-width: 620px) 100vw, 620px\" \/><\/p>\n<p><em>A 21napalatt.hu receptje<\/em><\/p>\n<p><strong><u>Hozz\u00e1val\u00f3k:<\/u><\/strong><\/p>\n<ul>\n<li>8 toj\u00e1s<\/li>\n<li>\u00bd cs\u00e9sze paprika<\/li>\n<li>\u00bd cs\u00e9sze \u00fajhagyma, v\u00f6r\u00f6shagyma vagy lilahagyma<\/li>\n<li>1 cs\u00e9sze sonka<\/li>\n<li>1\/3 cs\u00e9sze tej<\/li>\n<li>2 tk ol\u00edvaolaj<\/li>\n<li>\u00bd cs\u00e9sze sajt<\/li>\n<li>s\u00f3, bors<\/li>\n<\/ul>\n<p><strong><u>Elk\u00e9sz\u00edt\u00e9s:<\/u><\/strong><\/p>\n<ol>\n<li>Meleg\u00edtsd el\u0151 a s\u00fct\u0151t 180 fokra!<\/li>\n<li>Cs\u00edkozd fel a sonk\u00e1t, reszeld le a sajtot, v\u00e1gd fel a paprik\u00e1t \u00e9s a hagym\u00e1t!<\/li>\n<li>Olajozz ki egy h\u0151\u00e1ll\u00f3 t\u00e1lat, r\u00e9tegezd bele a z\u00f6lds\u00e9geket \u00e9s s\u00f3zd, borsozd!<\/li>\n<li>Verd fel a toj\u00e1sokat, \u00f6ntsd hozz\u00e1 a tejet \u00e9s \u00f6ntsd a z\u00f6lds\u00e9gekre!<\/li>\n<li>Sz\u00f3rd r\u00e1 a sajtot!<\/li>\n<li>Told be a s\u00fct\u0151be \u00e9s 20 perc alatt elk\u00e9sz\u00fcl!<\/li>\n<\/ol>\n<p><strong><u>Mi\u00e9rt eg\u00e9szs\u00e9ges?<\/u><\/strong><\/p>\n<p>A toj\u00e1s feh\u00e9rje-tartalm\u00e1nak k\u00f6sz\u00f6nhet\u0151en karbantartja az izmokat, a pantot\u00e9nsav seg\u00edti a sejtek energiatermel\u00e9s\u00e9t, a cink a testsz\u00f6vetek meg\u00fajul\u00e1s\u00e1t \u00e9s az immunrendszer m\u0171k\u00f6d\u00e9s\u00e9t. Emellett j\u00f3t tesz a l\u00e1t\u00e1snak, tele van antioxid\u00e1nssal, A-vitamin tartalma miatt pedig v\u00e9di a b\u0151rt.<\/p>\n","protected":false},"excerpt":{"rendered":"<p>Ha kilenckor kezd\u0151dik a munkaid\u0151d, te is 8:50-kor kelsz, hogy egy b\u00f6gre k\u00e1v\u00e9val r\u00f6gt\u00f6n be\u00fclj a g\u00e9ped el\u00e9? Eml\u00e9kszel m\u00e9g [&hellip;]<\/p>\n","protected":false},"author":71,"featured_media":7366,"comment_status":"open","ping_status":"open","sticky":false,"template":"","format":"standard","meta":{"footnotes":""},"categories":[6],"tags":[],"global-categories":[],"class_list":["post-7365","post","type-post","status-publish","format-standard","has-post-thumbnail","hentry","category-edzes-es-eletmod"],"yoast_head":"<!-- This site is optimized with the Yoast SEO Premium plugin v25.3 (Yoast SEO v25.9) - https:\/\/yoast.com\/wordpress\/plugins\/seo\/ -->\n<title>Eg\u00e9szs\u00e9ges reggelik, amikre eddig nem volt id\u0151d - \u0160koda We Love Cycling - Magyarorsz\u00e1g<\/title>\n<meta name=\"robots\" content=\"index, follow, max-snippet:-1, max-image-preview:large, max-video-preview:-1\" \/>\n<link rel=\"canonical\" href=\"https:\/\/www.welovecycling.com\/hu\/edzes-es-eletmod\/egeszseges-reggelik-amikre-eddig-nem-volt-idod\/\" \/>\n<meta property=\"og:locale\" content=\"hu_HU\" \/>\n<meta property=\"og:type\" content=\"article\" \/>\n<meta property=\"og:title\" content=\"Eg\u00e9szs\u00e9ges reggelik, amikre eddig nem volt id\u0151d\" \/>\n<meta property=\"og:description\" content=\"Ha kilenckor kezd\u0151dik a munkaid\u0151d, te is 8:50-kor kelsz, hogy egy b\u00f6gre k\u00e1v\u00e9val r\u00f6gt\u00f6n be\u00fclj a g\u00e9ped el\u00e9? Eml\u00e9kszel m\u00e9g [&hellip;]\" \/>\n<meta property=\"og:url\" content=\"https:\/\/www.welovecycling.com\/hu\/edzes-es-eletmod\/egeszseges-reggelik-amikre-eddig-nem-volt-idod\/\" \/>\n<meta property=\"og:site_name\" content=\"\u0160koda We Love Cycling - Magyarorsz\u00e1g\" \/>\n<meta property=\"article:publisher\" content=\"https:\/\/www.facebook.com\/WeLoveCyclingHungary\/\" \/>\n<meta property=\"article:published_time\" content=\"2020-04-18T17:00:00+00:00\" \/>\n<meta property=\"og:image\" content=\"https:\/\/d2p6e6u75xmxt8.cloudfront.net\/12\/2020\/04\/breakfast-690128_1280.jpg\" \/>\n\t<meta property=\"og:image:width\" content=\"1280\" \/>\n\t<meta property=\"og:image:height\" content=\"853\" \/>\n\t<meta property=\"og:image:type\" content=\"image\/jpeg\" \/>\n<meta name=\"author\" content=\"hegyizs\" \/>\n<meta name=\"twitter:card\" content=\"summary_large_image\" \/>\n<meta name=\"twitter:label1\" content=\"Written by\" \/>\n\t<meta name=\"twitter:data1\" content=\"WLC\" \/>\n\t<meta name=\"twitter:label2\" content=\"Est. reading time\" \/>\n\t<meta name=\"twitter:data2\" content=\"3 minutes\" \/>\n<script type=\"application\/ld+json\" class=\"yoast-schema-graph\">{\"@context\":\"https:\/\/schema.org\",\"@graph\":[{\"@type\":\"WebPage\",\"@id\":\"https:\/\/www.welovecycling.com\/hu\/edzes-es-eletmod\/egeszseges-reggelik-amikre-eddig-nem-volt-idod\/\",\"url\":\"https:\/\/www.welovecycling.com\/hu\/edzes-es-eletmod\/egeszseges-reggelik-amikre-eddig-nem-volt-idod\/\",\"name\":\"Eg\u00e9szs\u00e9ges reggelik, amikre eddig nem volt id\u0151d - \u0160koda We Love Cycling - Magyarorsz\u00e1g\",\"isPartOf\":{\"@id\":\"https:\/\/www.welovecycling.com\/hu\/#website\"},\"primaryImageOfPage\":{\"@id\":\"https:\/\/www.welovecycling.com\/hu\/edzes-es-eletmod\/egeszseges-reggelik-amikre-eddig-nem-volt-idod\/#primaryimage\"},\"image\":{\"@id\":\"https:\/\/www.welovecycling.com\/hu\/edzes-es-eletmod\/egeszseges-reggelik-amikre-eddig-nem-volt-idod\/#primaryimage\"},\"thumbnailUrl\":\"https:\/\/d2p6e6u75xmxt8.cloudfront.net\/12\/2020\/04\/breakfast-690128_1280.jpg\",\"datePublished\":\"2020-04-18T17:00:00+00:00\",\"author\":{\"@id\":\"https:\/\/www.welovecycling.com\/hu\/#\/schema\/person\/414a2aebf1801691a5320edb6468e194\"},\"breadcrumb\":{\"@id\":\"https:\/\/www.welovecycling.com\/hu\/edzes-es-eletmod\/egeszseges-reggelik-amikre-eddig-nem-volt-idod\/#breadcrumb\"},\"inLanguage\":\"hu\",\"potentialAction\":[{\"@type\":\"ReadAction\",\"target\":[\"https:\/\/www.welovecycling.com\/hu\/edzes-es-eletmod\/egeszseges-reggelik-amikre-eddig-nem-volt-idod\/\"]}]},{\"@type\":\"ImageObject\",\"inLanguage\":\"hu\",\"@id\":\"https:\/\/www.welovecycling.com\/hu\/edzes-es-eletmod\/egeszseges-reggelik-amikre-eddig-nem-volt-idod\/#primaryimage\",\"url\":\"https:\/\/d2p6e6u75xmxt8.cloudfront.net\/12\/2020\/04\/breakfast-690128_1280.jpg\",\"contentUrl\":\"https:\/\/d2p6e6u75xmxt8.cloudfront.net\/12\/2020\/04\/breakfast-690128_1280.jpg\",\"width\":1280,\"height\":853},{\"@type\":\"BreadcrumbList\",\"@id\":\"https:\/\/www.welovecycling.com\/hu\/edzes-es-eletmod\/egeszseges-reggelik-amikre-eddig-nem-volt-idod\/#breadcrumb\",\"itemListElement\":[{\"@type\":\"ListItem\",\"position\":1,\"name\":\"Home\",\"item\":\"https:\/\/www.welovecycling.com\/hu\/\"},{\"@type\":\"ListItem\",\"position\":2,\"name\":\"Eg\u00e9szs\u00e9ges reggelik, amikre eddig nem volt id\u0151d\"}]},{\"@type\":\"WebSite\",\"@id\":\"https:\/\/www.welovecycling.com\/hu\/#website\",\"url\":\"https:\/\/www.welovecycling.com\/hu\/\",\"name\":\"\u0160koda We Love Cycling - Magyarorsz\u00e1g\",\"description\":\"\u0160koda WeLoveCycling\",\"potentialAction\":[{\"@type\":\"SearchAction\",\"target\":{\"@type\":\"EntryPoint\",\"urlTemplate\":\"https:\/\/www.welovecycling.com\/hu\/?s={search_term_string}\"},\"query-input\":{\"@type\":\"PropertyValueSpecification\",\"valueRequired\":true,\"valueName\":\"search_term_string\"}}],\"inLanguage\":\"hu\"},{\"@type\":\"Person\",\"@id\":\"https:\/\/www.welovecycling.com\/hu\/#\/schema\/person\/414a2aebf1801691a5320edb6468e194\",\"name\":\"hegyizs\",\"image\":{\"@type\":\"ImageObject\",\"inLanguage\":\"hu\",\"@id\":\"https:\/\/www.welovecycling.com\/hu\/#\/schema\/person\/image\/\",\"url\":\"https:\/\/secure.gravatar.com\/avatar\/02cf8a7906b8cf90cecb4679defac7cfd33a1c2e3b88e4903d947f3bb58eedd3?s=96&d=mm&r=g\",\"contentUrl\":\"https:\/\/secure.gravatar.com\/avatar\/02cf8a7906b8cf90cecb4679defac7cfd33a1c2e3b88e4903d947f3bb58eedd3?s=96&d=mm&r=g\",\"caption\":\"hegyizs\"},\"url\":\"https:\/\/www.welovecycling.com\/hu\/author\/hegyizs\/\"}]}<\/script>\n<!-- \/ Yoast SEO Premium plugin. -->","yoast_head_json":{"title":"Eg\u00e9szs\u00e9ges reggelik, amikre eddig nem volt id\u0151d - \u0160koda We Love Cycling - Magyarorsz\u00e1g","robots":{"index":"index","follow":"follow","max-snippet":"max-snippet:-1","max-image-preview":"max-image-preview:large","max-video-preview":"max-video-preview:-1"},"canonical":"https:\/\/www.welovecycling.com\/hu\/edzes-es-eletmod\/egeszseges-reggelik-amikre-eddig-nem-volt-idod\/","og_locale":"hu_HU","og_type":"article","og_title":"Eg\u00e9szs\u00e9ges reggelik, amikre eddig nem volt id\u0151d","og_description":"Ha kilenckor kezd\u0151dik a munkaid\u0151d, te is 8:50-kor kelsz, hogy egy b\u00f6gre k\u00e1v\u00e9val r\u00f6gt\u00f6n be\u00fclj a g\u00e9ped el\u00e9? Eml\u00e9kszel m\u00e9g [&hellip;]","og_url":"https:\/\/www.welovecycling.com\/hu\/edzes-es-eletmod\/egeszseges-reggelik-amikre-eddig-nem-volt-idod\/","og_site_name":"\u0160koda We Love Cycling - Magyarorsz\u00e1g","article_publisher":"https:\/\/www.facebook.com\/WeLoveCyclingHungary\/","article_published_time":"2020-04-18T17:00:00+00:00","og_image":[{"width":1280,"height":853,"url":"https:\/\/d2p6e6u75xmxt8.cloudfront.net\/12\/2020\/04\/breakfast-690128_1280.jpg","type":"image\/jpeg"}],"author":"hegyizs","twitter_card":"summary_large_image","twitter_misc":{"Written by":"WLC","Est. reading time":"3 minutes"},"schema":{"@context":"https:\/\/schema.org","@graph":[{"@type":"WebPage","@id":"https:\/\/www.welovecycling.com\/hu\/edzes-es-eletmod\/egeszseges-reggelik-amikre-eddig-nem-volt-idod\/","url":"https:\/\/www.welovecycling.com\/hu\/edzes-es-eletmod\/egeszseges-reggelik-amikre-eddig-nem-volt-idod\/","name":"Eg\u00e9szs\u00e9ges reggelik, amikre eddig nem volt id\u0151d - \u0160koda We Love Cycling - Magyarorsz\u00e1g","isPartOf":{"@id":"https:\/\/www.welovecycling.com\/hu\/#website"},"primaryImageOfPage":{"@id":"https:\/\/www.welovecycling.com\/hu\/edzes-es-eletmod\/egeszseges-reggelik-amikre-eddig-nem-volt-idod\/#primaryimage"},"image":{"@id":"https:\/\/www.welovecycling.com\/hu\/edzes-es-eletmod\/egeszseges-reggelik-amikre-eddig-nem-volt-idod\/#primaryimage"},"thumbnailUrl":"https:\/\/d2p6e6u75xmxt8.cloudfront.net\/12\/2020\/04\/breakfast-690128_1280.jpg","datePublished":"2020-04-18T17:00:00+00:00","author":{"@id":"https:\/\/www.welovecycling.com\/hu\/#\/schema\/person\/414a2aebf1801691a5320edb6468e194"},"breadcrumb":{"@id":"https:\/\/www.welovecycling.com\/hu\/edzes-es-eletmod\/egeszseges-reggelik-amikre-eddig-nem-volt-idod\/#breadcrumb"},"inLanguage":"hu","potentialAction":[{"@type":"ReadAction","target":["https:\/\/www.welovecycling.com\/hu\/edzes-es-eletmod\/egeszseges-reggelik-amikre-eddig-nem-volt-idod\/"]}]},{"@type":"ImageObject","inLanguage":"hu","@id":"https:\/\/www.welovecycling.com\/hu\/edzes-es-eletmod\/egeszseges-reggelik-amikre-eddig-nem-volt-idod\/#primaryimage","url":"https:\/\/d2p6e6u75xmxt8.cloudfront.net\/12\/2020\/04\/breakfast-690128_1280.jpg","contentUrl":"https:\/\/d2p6e6u75xmxt8.cloudfront.net\/12\/2020\/04\/breakfast-690128_1280.jpg","width":1280,"height":853},{"@type":"BreadcrumbList","@id":"https:\/\/www.welovecycling.com\/hu\/edzes-es-eletmod\/egeszseges-reggelik-amikre-eddig-nem-volt-idod\/#breadcrumb","itemListElement":[{"@type":"ListItem","position":1,"name":"Home","item":"https:\/\/www.welovecycling.com\/hu\/"},{"@type":"ListItem","position":2,"name":"Eg\u00e9szs\u00e9ges reggelik, amikre eddig nem volt id\u0151d"}]},{"@type":"WebSite","@id":"https:\/\/www.welovecycling.com\/hu\/#website","url":"https:\/\/www.welovecycling.com\/hu\/","name":"\u0160koda We Love Cycling - Magyarorsz\u00e1g","description":"\u0160koda WeLoveCycling","potentialAction":[{"@type":"SearchAction","target":{"@type":"EntryPoint","urlTemplate":"https:\/\/www.welovecycling.com\/hu\/?s={search_term_string}"},"query-input":{"@type":"PropertyValueSpecification","valueRequired":true,"valueName":"search_term_string"}}],"inLanguage":"hu"},{"@type":"Person","@id":"https:\/\/www.welovecycling.com\/hu\/#\/schema\/person\/414a2aebf1801691a5320edb6468e194","name":"hegyizs","image":{"@type":"ImageObject","inLanguage":"hu","@id":"https:\/\/www.welovecycling.com\/hu\/#\/schema\/person\/image\/","url":"https:\/\/secure.gravatar.com\/avatar\/02cf8a7906b8cf90cecb4679defac7cfd33a1c2e3b88e4903d947f3bb58eedd3?s=96&d=mm&r=g","contentUrl":"https:\/\/secure.gravatar.com\/avatar\/02cf8a7906b8cf90cecb4679defac7cfd33a1c2e3b88e4903d947f3bb58eedd3?s=96&d=mm&r=g","caption":"hegyizs"},"url":"https:\/\/www.welovecycling.com\/hu\/author\/hegyizs\/"}]}},"_links":{"self":[{"href":"https:\/\/www.welovecycling.com\/hu\/wp-json\/wp\/v2\/posts\/7365","targetHints":{"allow":["GET"]}}],"collection":[{"href":"https:\/\/www.welovecycling.com\/hu\/wp-json\/wp\/v2\/posts"}],"about":[{"href":"https:\/\/www.welovecycling.com\/hu\/wp-json\/wp\/v2\/types\/post"}],"author":[{"embeddable":true,"href":"https:\/\/www.welovecycling.com\/hu\/wp-json\/wp\/v2\/users\/71"}],"replies":[{"embeddable":true,"href":"https:\/\/www.welovecycling.com\/hu\/wp-json\/wp\/v2\/comments?post=7365"}],"version-history":[{"count":2,"href":"https:\/\/www.welovecycling.com\/hu\/wp-json\/wp\/v2\/posts\/7365\/revisions"}],"predecessor-version":[{"id":7371,"href":"https:\/\/www.welovecycling.com\/hu\/wp-json\/wp\/v2\/posts\/7365\/revisions\/7371"}],"wp:featuredmedia":[{"embeddable":true,"href":"https:\/\/www.welovecycling.com\/hu\/wp-json\/wp\/v2\/media\/7366"}],"wp:attachment":[{"href":"https:\/\/www.welovecycling.com\/hu\/wp-json\/wp\/v2\/media?parent=7365"}],"wp:term":[{"taxonomy":"category","embeddable":true,"href":"https:\/\/www.welovecycling.com\/hu\/wp-json\/wp\/v2\/categories?post=7365"},{"taxonomy":"post_tag","embeddable":true,"href":"https:\/\/www.welovecycling.com\/hu\/wp-json\/wp\/v2\/tags?post=7365"},{"taxonomy":"global-categories","embeddable":true,"href":"https:\/\/www.welovecycling.com\/hu\/wp-json\/wp\/v2\/global-categories?post=7365"}],"curies":[{"name":"wp","href":"https:\/\/api.w.org\/{rel}","templated":true}]}}