{"id":7329,"date":"2020-04-11T08:00:33","date_gmt":"2020-04-11T07:00:33","guid":{"rendered":"https:\/\/www.welovecycling.com\/hu\/?p=7329"},"modified":"2020-04-03T16:48:43","modified_gmt":"2020-04-03T15:48:43","slug":"igy-epits-pump-track-palyat","status":"publish","type":"post","link":"https:\/\/www.welovecycling.com\/hu\/kozosseg-es-kultura\/igy-epits-pump-track-palyat\/","title":{"rendered":"\u00cdgy \u00e9p\u00edts pump-track p\u00e1ly\u00e1t"},"content":{"rendered":"<p><strong>Mindenki szereti a \u201epumpap\u00e1ly\u00e1kat\u201d, ahol a szlalomoz\u00e1s \u00e9s pump\u00e1l\u00e1s remek sz\u00f3rakoz\u00e1st ny\u00fajt \u00e9s j\u00f3 alapokat ad a biciklis tr\u00fckk\u00f6kh\u00f6z. Nem sz\u00e1m\u00edt, hol tartasz a ker\u00e9kp\u00e1roz\u00e1s vil\u00e1g\u00e1ban, mind a gyerekek, mind a profik \u00e9lvezhetik a p\u00e1ly\u00e1t. Fel\u00e9p\u00edteni \u0151ket pedig nem dr\u00e1ga \u00e9s nem is neh\u00e9z. Azonban n\u00e9mi tapasztalat mindig j\u00f3l j\u00f6n, ez\u00e9rt besz\u00e9lgett\u00fcnk a professzion\u00e1lis p\u00e1lyatervez\u0151vel, Michal Severa-val. Michal az IMBA (\u010cEMBA) cseh le\u00e1nyv\u00e1llalat\u00e1nak tan\u00e1csad\u00f3ja, a mai napig t\u00f6bb mint 60 pump-track k\u00f6sz\u00f6nheti neki m\u0171k\u00f6d\u00e9s\u00e9t.<\/strong><\/p>\n<p><!--more--><\/p>\n<p>2004-ben Aussie Mick Hannah is egy ilyen p\u00e1ly\u00e1n edzett, miel\u0151tt megnyerte a Sea Otter Classic versenyt a kaliforniai Laguna Seca-ban. Steve Wentz, az amerikai DH-versenyz\u0151 le volt ny\u0171g\u00f6zve! \u00dagy d\u00f6nt\u00f6tt, \u0151 is k\u00e9sz\u00edt egy hasonl\u00f3 p\u00e1ly\u00e1t, ezzel pedig m\u00e1s versenyz\u0151ket is inspir\u00e1lt. Megsz\u00fcletett h\u00e1t a pump-track fogalma, \u00e9s a sz\u00e9ln\u00e9l is gyorsabban terjedt az eg\u00e9sz vil\u00e1gon. Mindenki akart egyet! Hogy mi\u00e9rt lett ilyen n\u00e9pszer\u0171? A ped\u00e1loz\u00e1s helyett a bring\u00e1sok test\u00fck le-\u00e9s felmozgat\u00e1s\u00e1val szereznek lend\u00fcletet, emiatt a mozdulatsor miatt kapta az \u00e9p\u00edtm\u00e9ny a pumpap\u00e1lya nevet. Ha egyszer elkapod a ritmust, gyorsan fejlesztheted a technik\u00e1d! Tekerhetsz, ugrathatsz, \u00e9s k\u00f6zben remek\u00fcl \u00e9rezheted magad egy viszonylag kis helyen.<\/p>\n<p><img loading=\"lazy\" decoding=\"async\" class=\"alignnone size-full wp-image-7330\" src=\"https:\/\/d2p6e6u75xmxt8.cloudfront.net\/12\/2020\/04\/Pump-Track-1.jpg\" alt=\"\" width=\"1000\" height=\"750\" srcset=\"https:\/\/d2p6e6u75xmxt8.cloudfront.net\/12\/2020\/04\/Pump-Track-1.jpg 1000w, https:\/\/d2p6e6u75xmxt8.cloudfront.net\/12\/2020\/04\/Pump-Track-1-300x225.jpg 300w, https:\/\/d2p6e6u75xmxt8.cloudfront.net\/12\/2020\/04\/Pump-Track-1-768x576.jpg 768w\" sizes=\"auto, (max-width: 1000px) 100vw, 1000px\" \/><\/p>\n<div id='gallery-1' class='gallery galleryid-7329 gallery-columns-2 gallery-size-large'><figure class='gallery-item'>\n\t\t\t<div class='gallery-icon landscape'>\n\t\t\t\t<a href='https:\/\/d2p6e6u75xmxt8.cloudfront.net\/12\/2020\/04\/Pump-Track-Plan.JPG.jpg'><img loading=\"lazy\" decoding=\"async\" width=\"1024\" height=\"723\" src=\"https:\/\/d2p6e6u75xmxt8.cloudfront.net\/12\/2020\/04\/Pump-Track-Plan.JPG-1024x723.jpg\" class=\"attachment-large size-large\" alt=\"\" srcset=\"https:\/\/d2p6e6u75xmxt8.cloudfront.net\/12\/2020\/04\/Pump-Track-Plan.JPG-1024x723.jpg 1024w, https:\/\/d2p6e6u75xmxt8.cloudfront.net\/12\/2020\/04\/Pump-Track-Plan.JPG-300x212.jpg 300w, https:\/\/d2p6e6u75xmxt8.cloudfront.net\/12\/2020\/04\/Pump-Track-Plan.JPG-768x542.jpg 768w, https:\/\/d2p6e6u75xmxt8.cloudfront.net\/12\/2020\/04\/Pump-Track-Plan.JPG-1920x1355.jpg 1920w, https:\/\/d2p6e6u75xmxt8.cloudfront.net\/12\/2020\/04\/Pump-Track-Plan.JPG.jpg 1972w, https:\/\/d2p6e6u75xmxt8.cloudfront.net\/12\/2020\/04\/Pump-Track-Plan.JPG-1920x1355.jpg 1920w\" sizes=\"auto, (max-width: 1024px) 100vw, 1024px\" \/><\/a>\n\t\t\t<\/div><\/figure><figure class='gallery-item'>\n\t\t\t<div class='gallery-icon landscape'>\n\t\t\t\t<a href='https:\/\/d2p6e6u75xmxt8.cloudfront.net\/12\/2020\/04\/Pump-Track-Plan-2.JPG.jpg'><img loading=\"lazy\" decoding=\"async\" width=\"1024\" height=\"721\" src=\"https:\/\/d2p6e6u75xmxt8.cloudfront.net\/12\/2020\/04\/Pump-Track-Plan-2.JPG-1024x721.jpg\" class=\"attachment-large size-large\" alt=\"\" srcset=\"https:\/\/d2p6e6u75xmxt8.cloudfront.net\/12\/2020\/04\/Pump-Track-Plan-2.JPG-1024x721.jpg 1024w, https:\/\/d2p6e6u75xmxt8.cloudfront.net\/12\/2020\/04\/Pump-Track-Plan-2.JPG-300x211.jpg 300w, https:\/\/d2p6e6u75xmxt8.cloudfront.net\/12\/2020\/04\/Pump-Track-Plan-2.JPG-768x540.jpg 768w, https:\/\/d2p6e6u75xmxt8.cloudfront.net\/12\/2020\/04\/Pump-Track-Plan-2.JPG-1920x1351.jpg 1920w, https:\/\/d2p6e6u75xmxt8.cloudfront.net\/12\/2020\/04\/Pump-Track-Plan-2.JPG.jpg 1974w, https:\/\/d2p6e6u75xmxt8.cloudfront.net\/12\/2020\/04\/Pump-Track-Plan-2.JPG-1920x1351.jpg 1920w\" sizes=\"auto, (max-width: 1024px) 100vw, 1024px\" \/><\/a>\n\t\t\t<\/div><\/figure>\n\t\t<\/div>\n\n<h2><strong>Figyu, anya, \u00e9n is akarok egyet!<\/strong><\/h2>\n<p>Ak\u00e1r a h\u00e1ts\u00f3 udvarra is \u00e9p\u00edthetsz egyet, de persze min\u00e9l nagyobb helyet tal\u00e1lsz, ann\u00e1l nagyobb \u00e9s jobb lesz a p\u00e1lya is. Mr. Severa szerint a legt\u00f6bb \u00e1ltala tervezett pump-track eset\u00e9n legfeljebb 1000 m<sup>2<\/sup> ter\u00fclet \u00e1llt rendelkez\u00e9s\u00e9re. Tervezett n\u00e9h\u00e1ny mag\u00e1n-p\u00e1ly\u00e1t is, de a legt\u00f6bb munk\u00e1ja a helyi \u00f6nkorm\u00e1nyzatok megb\u00edz\u00e1s\u00e1b\u00f3l k\u00e9sz\u00fclt. Az eur\u00f3pai orsz\u00e1gok \u00f6nkorm\u00e1nyzatai sokszor hajland\u00f3ak p\u00e9nzt fektetni sportl\u00e9tes\u00edtm\u00e9nyekbe a fiatal sportol\u00f3k t\u00e1mogat\u00e1sak\u00e9pp.<\/p>\n<h2><strong>Az alapokat hagyd a profikra<\/strong><\/h2>\n<p>Egy \u00e1tlagos \u00e9p\u00edt\u00e9si folyamatnak k\u00e9t alapvet\u0151 szakasza van: a tervez\u00e9s \u00e9s az \u00e9p\u00edt\u00e9s. A tervez\u00e9si szakaszban a szakember megalkot egy tervet, amely illeszkedik a helysz\u00ednhez. A k\u00f6vetkez\u0151 l\u00e9p\u00e9s a jogi h\u00e1tt\u00e9r biztos\u00edt\u00e1sa, ide\u00e9rtve sz\u00e1mos enged\u00e9lyt, tan\u00fas\u00edtv\u00e1nyt, ellen\u0151rz\u00e9st \u00e9s j\u00f3v\u00e1hagy\u00e1st, amelyek bele sem f\u00e9rn\u00e9nek egy cikkbe. Mr. Severa szerint az adminisztr\u00e1ci\u00f3 folyamata ak\u00e1r hat h\u00f3napot is ig\u00e9nybe vehet. Ha megkapjuk a z\u00f6ld l\u00e1mp\u00e1t, kezd\u0151dhet az \u00e9p\u00edtkez\u00e9s!<\/p>\n<p><img loading=\"lazy\" decoding=\"async\" class=\"alignnone size-full wp-image-7331\" src=\"https:\/\/d2p6e6u75xmxt8.cloudfront.net\/12\/2020\/04\/Pump-Track-4.jpg\" alt=\"\" width=\"1243\" height=\"829\" srcset=\"https:\/\/d2p6e6u75xmxt8.cloudfront.net\/12\/2020\/04\/Pump-Track-4.jpg 1243w, https:\/\/d2p6e6u75xmxt8.cloudfront.net\/12\/2020\/04\/Pump-Track-4-300x200.jpg 300w, https:\/\/d2p6e6u75xmxt8.cloudfront.net\/12\/2020\/04\/Pump-Track-4-768x512.jpg 768w, https:\/\/d2p6e6u75xmxt8.cloudfront.net\/12\/2020\/04\/Pump-Track-4-1024x683.jpg 1024w, https:\/\/d2p6e6u75xmxt8.cloudfront.net\/12\/2020\/04\/Pump-Track-4-272x182.jpg 272w\" sizes=\"auto, (max-width: 1243px) 100vw, 1243px\" \/><\/p>\n<h2><strong>D\u00f6c\u00f6g\u0151s vagy hull\u00e1mos?<\/strong><\/h2>\n<p>A p\u00e1lya kialak\u00edt\u00e1sa nemcsak a ter\u00fclet m\u00e9ret\u00e9t\u0151l f\u00fcgg, hanem a j\u00f6v\u0151 versenyz\u0151inek konkr\u00e9t ig\u00e9nyeit\u0151l is. Vannak, akik ink\u00e1bb s\u0171r\u0171bb emelked\u0151ket szeretn\u00e9nek, hogy t\u00f6bbet ugrathassanak, m\u00edg m\u00e1sok kedvelik az enyh\u00e9bb bukkan\u00f3kat a kev\u00e9sb\u00e9 intenz\u00edv gyakorl\u00e1shoz. A t\u00f6k\u00e9letes p\u00e1lya \u00e1ltal\u00e1ban mindk\u00e9t fajt\u00e1t mag\u00e1ban foglalja, hogy mindenki megtal\u00e1lja kedvenc r\u00e9szeit. A leghosszabb pump-track, amit Mr. Severa valaha tervezett, k\u00f6r\u00fclbel\u00fcl 300 m\u00e9ter hossz\u00fa lehetett, 10 kanyarral \u00e9s 30 dombocsk\u00e1val. Az elrendez\u00e9s megtervez\u00e9sekor nincsenek szigor\u00fa szab\u00e1lyok, kiv\u00e9ve egyet: ne legyen a p\u00e1ly\u00e1n egyenes szakasz! A pumptrack minden egyes n\u00e9gyzetm\u00e9ter\u00e9nek felfel\u00e9, lefel\u00e9 vagy oldalra kell d\u0151lnie. Pontosan ez az \u00e1lland\u00f3 mozg\u00e1s, hull\u00e1mz\u00e1s teszi sz\u00f3rakoztat\u00f3v\u00e1 a ker\u00e9kp\u00e1roz\u00e1st. Dolgozzunk s\u0171r\u0171 kanyarokkal \u00e9s maximum 200 cm-es emelked\u0151kkel! A munka nagy r\u00e9sz\u00e9t otthon is megtal\u00e1lhat\u00f3 szersz\u00e1mokkal el lehet elv\u00e9gezni, p\u00e9ld\u00e1ul cs\u00e1k\u00e1nyokkal, lap\u00e1tokkal, \u00e1s\u00f3kkal \u00e9s talicsk\u00e1kkal, de nagyobb projektek eset\u00e9n egy-k\u00e9t nehezebb g\u00e9p, p\u00e9ld\u00e1ul egy kotr\u00f3g\u00e9p j\u00f3l j\u00f6het. A fel\u00e1sott fel\u00fcletet valamilyen rezg\u00e9st elnyel\u0151 anyaggal kell befedni.<\/p>\n<p><img loading=\"lazy\" decoding=\"async\" class=\"alignnone size-full wp-image-7332\" src=\"https:\/\/d2p6e6u75xmxt8.cloudfront.net\/12\/2020\/04\/Pump-track-5.jpg\" alt=\"\" width=\"1243\" height=\"829\" srcset=\"https:\/\/d2p6e6u75xmxt8.cloudfront.net\/12\/2020\/04\/Pump-track-5.jpg 1243w, https:\/\/d2p6e6u75xmxt8.cloudfront.net\/12\/2020\/04\/Pump-track-5-300x200.jpg 300w, https:\/\/d2p6e6u75xmxt8.cloudfront.net\/12\/2020\/04\/Pump-track-5-768x512.jpg 768w, https:\/\/d2p6e6u75xmxt8.cloudfront.net\/12\/2020\/04\/Pump-track-5-1024x683.jpg 1024w, https:\/\/d2p6e6u75xmxt8.cloudfront.net\/12\/2020\/04\/Pump-track-5-272x182.jpg 272w\" sizes=\"auto, (max-width: 1243px) 100vw, 1243px\" \/><\/p>\n<div id='gallery-2' class='gallery galleryid-7329 gallery-columns-2 gallery-size-large'><figure class='gallery-item'>\n\t\t\t<div class='gallery-icon landscape'>\n\t\t\t\t<a href='https:\/\/d2p6e6u75xmxt8.cloudfront.net\/12\/2020\/04\/Pump-Track-6.jpg'><img loading=\"lazy\" decoding=\"async\" width=\"1024\" height=\"768\" src=\"https:\/\/d2p6e6u75xmxt8.cloudfront.net\/12\/2020\/04\/Pump-Track-6-1024x768.jpg\" class=\"attachment-large size-large\" alt=\"\" srcset=\"https:\/\/d2p6e6u75xmxt8.cloudfront.net\/12\/2020\/04\/Pump-Track-6-1024x768.jpg 1024w, https:\/\/d2p6e6u75xmxt8.cloudfront.net\/12\/2020\/04\/Pump-Track-6-300x225.jpg 300w, https:\/\/d2p6e6u75xmxt8.cloudfront.net\/12\/2020\/04\/Pump-Track-6-768x576.jpg 768w, https:\/\/d2p6e6u75xmxt8.cloudfront.net\/12\/2020\/04\/Pump-Track-6.jpg 1600w\" sizes=\"auto, (max-width: 1024px) 100vw, 1024px\" \/><\/a>\n\t\t\t<\/div><\/figure><figure class='gallery-item'>\n\t\t\t<div class='gallery-icon landscape'>\n\t\t\t\t<a href='https:\/\/d2p6e6u75xmxt8.cloudfront.net\/12\/2020\/04\/Pump-Track-3.jpg'><img loading=\"lazy\" decoding=\"async\" width=\"1024\" height=\"682\" src=\"https:\/\/d2p6e6u75xmxt8.cloudfront.net\/12\/2020\/04\/Pump-Track-3-1024x682.jpg\" class=\"attachment-large size-large\" alt=\"\" srcset=\"https:\/\/d2p6e6u75xmxt8.cloudfront.net\/12\/2020\/04\/Pump-Track-3-1024x682.jpg 1024w, https:\/\/d2p6e6u75xmxt8.cloudfront.net\/12\/2020\/04\/Pump-Track-3-300x200.jpg 300w, https:\/\/d2p6e6u75xmxt8.cloudfront.net\/12\/2020\/04\/Pump-Track-3-768x512.jpg 768w, https:\/\/d2p6e6u75xmxt8.cloudfront.net\/12\/2020\/04\/Pump-Track-3-272x182.jpg 272w, https:\/\/d2p6e6u75xmxt8.cloudfront.net\/12\/2020\/04\/Pump-Track-3.jpg 1066w\" sizes=\"auto, (max-width: 1024px) 100vw, 1024px\" \/><\/a>\n\t\t\t<\/div><\/figure>\n\t\t<\/div>\n\n<h2><strong>F\u00f6ld, kavics \u00e9s aszfalt<\/strong><\/h2>\n<p>K\u00e9tf\u00e9le p\u00e1lyat\u00edpus l\u00e9tezik az \u00e9p\u00edt\u00e9shez haszn\u00e1lt talajanyag szempontj\u00e1b\u00f3l. Haszn\u00e1lhatunk egyszer\u0171 kavicsos talajt, vagy f\u00f6ldalap\u00fa aszfaltp\u00e1ly\u00e1t is \u00e9p\u00edthet\u00fcnk. Az aszfalt tart\u00f3sabb \u00e9s szinte semmilyen karbantart\u00e1st nem ig\u00e9nyel. R\u00e1ad\u00e1sul g\u00f6rkorcsoly\u00e1z\u00f3k \u00e9s rollerez\u0151k is haszn\u00e1lhatj\u00e1k. A kavicsos \u00fat k\u00f6nnyen t\u00f6nkremegy, ha es\u0151 ut\u00e1n haszn\u00e1lj\u00e1k, de sz\u00e1raz id\u0151ben is havonta egyszeri karbantart\u00e1st ig\u00e9nyel. Az \u00e1rak orsz\u00e1gonk\u00e9nt k\u00fcl\u00f6nb\u00f6znek, a munkaer\u0151 k\u00f6lts\u00e9geit\u0151l f\u00fcgg\u0151en, de az aszfaltos megold\u00e1s k\u00f6r\u00fclbel\u00fcl h\u00e1romszor annyiba ker\u00fcl, mint egy f\u00f6lddel felsz\u00f3rt p\u00e1lya. Ha nem a kertben, hanem a v\u00e1rosodban szeretn\u00e9l viszontl\u00e1tni egy pump-tracket, vedd fel a kapcsolatot az \u00f6nkorm\u00e1nyzatoddal! Ki tudja, tal\u00e1n meg\u00e9rt\u0151 f\u00fclekre tal\u00e1lsz!<\/p>\n","protected":false},"excerpt":{"rendered":"<p>Mindenki szereti a \u201epumpap\u00e1ly\u00e1kat\u201d, ahol a szlalomoz\u00e1s \u00e9s pump\u00e1l\u00e1s remek sz\u00f3rakoz\u00e1st ny\u00fajt \u00e9s j\u00f3 alapokat ad a biciklis tr\u00fckk\u00f6kh\u00f6z. Nem [&hellip;]<\/p>\n","protected":false},"author":71,"featured_media":7334,"comment_status":"open","ping_status":"open","sticky":false,"template":"","format":"standard","meta":{"footnotes":""},"categories":[12],"tags":[],"global-categories":[],"class_list":["post-7329","post","type-post","status-publish","format-standard","has-post-thumbnail","hentry","category-kozosseg-es-kultura"],"yoast_head":"<!-- This site is optimized with the Yoast SEO Premium plugin v25.3 (Yoast SEO v25.9) - https:\/\/yoast.com\/wordpress\/plugins\/seo\/ -->\n<title>\u00cdgy \u00e9p\u00edts pump-track p\u00e1ly\u00e1t - \u0160koda We Love Cycling - Magyarorsz\u00e1g<\/title>\n<meta name=\"robots\" content=\"index, follow, max-snippet:-1, max-image-preview:large, max-video-preview:-1\" \/>\n<link rel=\"canonical\" href=\"https:\/\/www.welovecycling.com\/hu\/kozosseg-es-kultura\/igy-epits-pump-track-palyat\/\" \/>\n<meta property=\"og:locale\" content=\"hu_HU\" \/>\n<meta property=\"og:type\" content=\"article\" \/>\n<meta property=\"og:title\" content=\"\u00cdgy \u00e9p\u00edts pump-track p\u00e1ly\u00e1t\" \/>\n<meta property=\"og:description\" content=\"Mindenki szereti a \u201epumpap\u00e1ly\u00e1kat\u201d, ahol a szlalomoz\u00e1s \u00e9s pump\u00e1l\u00e1s remek sz\u00f3rakoz\u00e1st ny\u00fajt \u00e9s j\u00f3 alapokat ad a biciklis tr\u00fckk\u00f6kh\u00f6z. Nem [&hellip;]\" \/>\n<meta property=\"og:url\" content=\"https:\/\/www.welovecycling.com\/hu\/kozosseg-es-kultura\/igy-epits-pump-track-palyat\/\" \/>\n<meta property=\"og:site_name\" content=\"\u0160koda We Love Cycling - Magyarorsz\u00e1g\" \/>\n<meta property=\"article:publisher\" content=\"https:\/\/www.facebook.com\/WeLoveCyclingHungary\/\" \/>\n<meta property=\"article:published_time\" content=\"2020-04-11T07:00:33+00:00\" \/>\n<meta property=\"og:image\" content=\"https:\/\/d2p6e6u75xmxt8.cloudfront.net\/12\/2020\/04\/Pump-Track-CVR.jpg\" \/>\n\t<meta property=\"og:image:width\" content=\"1366\" \/>\n\t<meta property=\"og:image:height\" content=\"600\" \/>\n\t<meta property=\"og:image:type\" content=\"image\/jpeg\" \/>\n<meta name=\"author\" content=\"hegyizs\" \/>\n<meta name=\"twitter:card\" content=\"summary_large_image\" \/>\n<meta name=\"twitter:label1\" content=\"Written by\" \/>\n\t<meta name=\"twitter:data1\" content=\"Adam Marsal\" \/>\n\t<meta name=\"twitter:label2\" content=\"Est. reading time\" \/>\n\t<meta name=\"twitter:data2\" content=\"7\" \/>\n<script type=\"application\/ld+json\" class=\"yoast-schema-graph\">{\"@context\":\"https:\/\/schema.org\",\"@graph\":[{\"@type\":\"WebPage\",\"@id\":\"https:\/\/www.welovecycling.com\/hu\/kozosseg-es-kultura\/igy-epits-pump-track-palyat\/\",\"url\":\"https:\/\/www.welovecycling.com\/hu\/kozosseg-es-kultura\/igy-epits-pump-track-palyat\/\",\"name\":\"\u00cdgy \u00e9p\u00edts pump-track p\u00e1ly\u00e1t - \u0160koda We Love Cycling - Magyarorsz\u00e1g\",\"isPartOf\":{\"@id\":\"https:\/\/www.welovecycling.com\/hu\/#website\"},\"primaryImageOfPage\":{\"@id\":\"https:\/\/www.welovecycling.com\/hu\/kozosseg-es-kultura\/igy-epits-pump-track-palyat\/#primaryimage\"},\"image\":{\"@id\":\"https:\/\/www.welovecycling.com\/hu\/kozosseg-es-kultura\/igy-epits-pump-track-palyat\/#primaryimage\"},\"thumbnailUrl\":\"https:\/\/d2p6e6u75xmxt8.cloudfront.net\/12\/2020\/04\/Pump-Track-CVR.jpg\",\"datePublished\":\"2020-04-11T07:00:33+00:00\",\"author\":{\"@id\":\"https:\/\/www.welovecycling.com\/hu\/#\/schema\/person\/414a2aebf1801691a5320edb6468e194\"},\"breadcrumb\":{\"@id\":\"https:\/\/www.welovecycling.com\/hu\/kozosseg-es-kultura\/igy-epits-pump-track-palyat\/#breadcrumb\"},\"inLanguage\":\"hu\",\"potentialAction\":[{\"@type\":\"ReadAction\",\"target\":[\"https:\/\/www.welovecycling.com\/hu\/kozosseg-es-kultura\/igy-epits-pump-track-palyat\/\"]}]},{\"@type\":\"ImageObject\",\"inLanguage\":\"hu\",\"@id\":\"https:\/\/www.welovecycling.com\/hu\/kozosseg-es-kultura\/igy-epits-pump-track-palyat\/#primaryimage\",\"url\":\"https:\/\/d2p6e6u75xmxt8.cloudfront.net\/12\/2020\/04\/Pump-Track-CVR.jpg\",\"contentUrl\":\"https:\/\/d2p6e6u75xmxt8.cloudfront.net\/12\/2020\/04\/Pump-Track-CVR.jpg\",\"width\":1366,\"height\":600},{\"@type\":\"BreadcrumbList\",\"@id\":\"https:\/\/www.welovecycling.com\/hu\/kozosseg-es-kultura\/igy-epits-pump-track-palyat\/#breadcrumb\",\"itemListElement\":[{\"@type\":\"ListItem\",\"position\":1,\"name\":\"Home\",\"item\":\"https:\/\/www.welovecycling.com\/hu\/\"},{\"@type\":\"ListItem\",\"position\":2,\"name\":\"\u00cdgy \u00e9p\u00edts pump-track p\u00e1ly\u00e1t\"}]},{\"@type\":\"WebSite\",\"@id\":\"https:\/\/www.welovecycling.com\/hu\/#website\",\"url\":\"https:\/\/www.welovecycling.com\/hu\/\",\"name\":\"\u0160koda We Love Cycling - Magyarorsz\u00e1g\",\"description\":\"\u0160koda WeLoveCycling\",\"potentialAction\":[{\"@type\":\"SearchAction\",\"target\":{\"@type\":\"EntryPoint\",\"urlTemplate\":\"https:\/\/www.welovecycling.com\/hu\/?s={search_term_string}\"},\"query-input\":{\"@type\":\"PropertyValueSpecification\",\"valueRequired\":true,\"valueName\":\"search_term_string\"}}],\"inLanguage\":\"hu\"},{\"@type\":\"Person\",\"@id\":\"https:\/\/www.welovecycling.com\/hu\/#\/schema\/person\/414a2aebf1801691a5320edb6468e194\",\"name\":\"hegyizs\",\"image\":{\"@type\":\"ImageObject\",\"inLanguage\":\"hu\",\"@id\":\"https:\/\/www.welovecycling.com\/hu\/#\/schema\/person\/image\/\",\"url\":\"https:\/\/secure.gravatar.com\/avatar\/02cf8a7906b8cf90cecb4679defac7cfd33a1c2e3b88e4903d947f3bb58eedd3?s=96&d=mm&r=g\",\"contentUrl\":\"https:\/\/secure.gravatar.com\/avatar\/02cf8a7906b8cf90cecb4679defac7cfd33a1c2e3b88e4903d947f3bb58eedd3?s=96&d=mm&r=g\",\"caption\":\"hegyizs\"},\"url\":\"https:\/\/www.welovecycling.com\/hu\/author\/hegyizs\/\"}]}<\/script>\n<!-- \/ Yoast SEO Premium plugin. -->","yoast_head_json":{"title":"\u00cdgy \u00e9p\u00edts pump-track p\u00e1ly\u00e1t - \u0160koda We Love Cycling - Magyarorsz\u00e1g","robots":{"index":"index","follow":"follow","max-snippet":"max-snippet:-1","max-image-preview":"max-image-preview:large","max-video-preview":"max-video-preview:-1"},"canonical":"https:\/\/www.welovecycling.com\/hu\/kozosseg-es-kultura\/igy-epits-pump-track-palyat\/","og_locale":"hu_HU","og_type":"article","og_title":"\u00cdgy \u00e9p\u00edts pump-track p\u00e1ly\u00e1t","og_description":"Mindenki szereti a \u201epumpap\u00e1ly\u00e1kat\u201d, ahol a szlalomoz\u00e1s \u00e9s pump\u00e1l\u00e1s remek sz\u00f3rakoz\u00e1st ny\u00fajt \u00e9s j\u00f3 alapokat ad a biciklis tr\u00fckk\u00f6kh\u00f6z. Nem [&hellip;]","og_url":"https:\/\/www.welovecycling.com\/hu\/kozosseg-es-kultura\/igy-epits-pump-track-palyat\/","og_site_name":"\u0160koda We Love Cycling - Magyarorsz\u00e1g","article_publisher":"https:\/\/www.facebook.com\/WeLoveCyclingHungary\/","article_published_time":"2020-04-11T07:00:33+00:00","og_image":[{"width":1366,"height":600,"url":"https:\/\/d2p6e6u75xmxt8.cloudfront.net\/12\/2020\/04\/Pump-Track-CVR.jpg","type":"image\/jpeg"}],"author":"hegyizs","twitter_card":"summary_large_image","twitter_misc":{"Written by":"Adam Marsal","Est. reading time":"7"},"schema":{"@context":"https:\/\/schema.org","@graph":[{"@type":"WebPage","@id":"https:\/\/www.welovecycling.com\/hu\/kozosseg-es-kultura\/igy-epits-pump-track-palyat\/","url":"https:\/\/www.welovecycling.com\/hu\/kozosseg-es-kultura\/igy-epits-pump-track-palyat\/","name":"\u00cdgy \u00e9p\u00edts pump-track p\u00e1ly\u00e1t - \u0160koda We Love Cycling - Magyarorsz\u00e1g","isPartOf":{"@id":"https:\/\/www.welovecycling.com\/hu\/#website"},"primaryImageOfPage":{"@id":"https:\/\/www.welovecycling.com\/hu\/kozosseg-es-kultura\/igy-epits-pump-track-palyat\/#primaryimage"},"image":{"@id":"https:\/\/www.welovecycling.com\/hu\/kozosseg-es-kultura\/igy-epits-pump-track-palyat\/#primaryimage"},"thumbnailUrl":"https:\/\/d2p6e6u75xmxt8.cloudfront.net\/12\/2020\/04\/Pump-Track-CVR.jpg","datePublished":"2020-04-11T07:00:33+00:00","author":{"@id":"https:\/\/www.welovecycling.com\/hu\/#\/schema\/person\/414a2aebf1801691a5320edb6468e194"},"breadcrumb":{"@id":"https:\/\/www.welovecycling.com\/hu\/kozosseg-es-kultura\/igy-epits-pump-track-palyat\/#breadcrumb"},"inLanguage":"hu","potentialAction":[{"@type":"ReadAction","target":["https:\/\/www.welovecycling.com\/hu\/kozosseg-es-kultura\/igy-epits-pump-track-palyat\/"]}]},{"@type":"ImageObject","inLanguage":"hu","@id":"https:\/\/www.welovecycling.com\/hu\/kozosseg-es-kultura\/igy-epits-pump-track-palyat\/#primaryimage","url":"https:\/\/d2p6e6u75xmxt8.cloudfront.net\/12\/2020\/04\/Pump-Track-CVR.jpg","contentUrl":"https:\/\/d2p6e6u75xmxt8.cloudfront.net\/12\/2020\/04\/Pump-Track-CVR.jpg","width":1366,"height":600},{"@type":"BreadcrumbList","@id":"https:\/\/www.welovecycling.com\/hu\/kozosseg-es-kultura\/igy-epits-pump-track-palyat\/#breadcrumb","itemListElement":[{"@type":"ListItem","position":1,"name":"Home","item":"https:\/\/www.welovecycling.com\/hu\/"},{"@type":"ListItem","position":2,"name":"\u00cdgy \u00e9p\u00edts pump-track p\u00e1ly\u00e1t"}]},{"@type":"WebSite","@id":"https:\/\/www.welovecycling.com\/hu\/#website","url":"https:\/\/www.welovecycling.com\/hu\/","name":"\u0160koda We Love Cycling - Magyarorsz\u00e1g","description":"\u0160koda WeLoveCycling","potentialAction":[{"@type":"SearchAction","target":{"@type":"EntryPoint","urlTemplate":"https:\/\/www.welovecycling.com\/hu\/?s={search_term_string}"},"query-input":{"@type":"PropertyValueSpecification","valueRequired":true,"valueName":"search_term_string"}}],"inLanguage":"hu"},{"@type":"Person","@id":"https:\/\/www.welovecycling.com\/hu\/#\/schema\/person\/414a2aebf1801691a5320edb6468e194","name":"hegyizs","image":{"@type":"ImageObject","inLanguage":"hu","@id":"https:\/\/www.welovecycling.com\/hu\/#\/schema\/person\/image\/","url":"https:\/\/secure.gravatar.com\/avatar\/02cf8a7906b8cf90cecb4679defac7cfd33a1c2e3b88e4903d947f3bb58eedd3?s=96&d=mm&r=g","contentUrl":"https:\/\/secure.gravatar.com\/avatar\/02cf8a7906b8cf90cecb4679defac7cfd33a1c2e3b88e4903d947f3bb58eedd3?s=96&d=mm&r=g","caption":"hegyizs"},"url":"https:\/\/www.welovecycling.com\/hu\/author\/hegyizs\/"}]}},"_links":{"self":[{"href":"https:\/\/www.welovecycling.com\/hu\/wp-json\/wp\/v2\/posts\/7329","targetHints":{"allow":["GET"]}}],"collection":[{"href":"https:\/\/www.welovecycling.com\/hu\/wp-json\/wp\/v2\/posts"}],"about":[{"href":"https:\/\/www.welovecycling.com\/hu\/wp-json\/wp\/v2\/types\/post"}],"author":[{"embeddable":true,"href":"https:\/\/www.welovecycling.com\/hu\/wp-json\/wp\/v2\/users\/71"}],"replies":[{"embeddable":true,"href":"https:\/\/www.welovecycling.com\/hu\/wp-json\/wp\/v2\/comments?post=7329"}],"version-history":[{"count":2,"href":"https:\/\/www.welovecycling.com\/hu\/wp-json\/wp\/v2\/posts\/7329\/revisions"}],"predecessor-version":[{"id":7339,"href":"https:\/\/www.welovecycling.com\/hu\/wp-json\/wp\/v2\/posts\/7329\/revisions\/7339"}],"wp:featuredmedia":[{"embeddable":true,"href":"https:\/\/www.welovecycling.com\/hu\/wp-json\/wp\/v2\/media\/7334"}],"wp:attachment":[{"href":"https:\/\/www.welovecycling.com\/hu\/wp-json\/wp\/v2\/media?parent=7329"}],"wp:term":[{"taxonomy":"category","embeddable":true,"href":"https:\/\/www.welovecycling.com\/hu\/wp-json\/wp\/v2\/categories?post=7329"},{"taxonomy":"post_tag","embeddable":true,"href":"https:\/\/www.welovecycling.com\/hu\/wp-json\/wp\/v2\/tags?post=7329"},{"taxonomy":"global-categories","embeddable":true,"href":"https:\/\/www.welovecycling.com\/hu\/wp-json\/wp\/v2\/global-categories?post=7329"}],"curies":[{"name":"wp","href":"https:\/\/api.w.org\/{rel}","templated":true}]}}