{"id":7320,"date":"2020-04-10T08:00:00","date_gmt":"2020-04-10T07:00:00","guid":{"rendered":"https:\/\/www.welovecycling.com\/hu\/?p=7320"},"modified":"2020-04-03T16:42:56","modified_gmt":"2020-04-03T15:42:56","slug":"varosfejlesztes-teherbiciklikkel","status":"publish","type":"post","link":"https:\/\/www.welovecycling.com\/hu\/varosi-kerekparozas\/varosfejlesztes-teherbiciklikkel\/","title":{"rendered":"V\u00e1rosfejleszt\u00e9s teherbiciklikkel"},"content":{"rendered":"<p><strong>K\u00f6lts\u00e9ghat\u00e9konyak, id\u0151takar\u00e9kosak, \u00e9s b\u00e1rmivel megt\u00f6ltheted \u0151ket! Az Eur\u00f3pai Uni\u00f3 \u00e1ltal finansz\u00edrozott City Changer Cargo Bike projekt (CCCB) c\u00e9lja a v\u00e1rosi mobilit\u00e1s innov\u00e1ci\u00f3ja \u00e9s fenntarthat\u00f3bb\u00e1 t\u00e9tele, teherbiciklikkel.<\/strong><\/p>\n<p><!--more--><\/p>\n<p>A 2018 szeptember\u00e9ben l\u00e9trehozott CCCB projektben jelenleg 20 eur\u00f3pai orsz\u00e1g polg\u00e1rai vesznek r\u00e9szt. A f\u0151 c\u00e9l a teherker\u00e9kp\u00e1rok v\u00e1rosi k\u00f6rnyezetben t\u00f6rt\u00e9n\u0151 haszn\u00e1lat\u00e1hoz sz\u00fcks\u00e9ges kedvez\u0151 felt\u00e9telek megteremt\u00e9se, \u00e9s el\u0151nyeinek bemutat\u00e1sa a lakoss\u00e1g sz\u00e1m\u00e1ra. A projekt hivatalos adatlapja szerint ezek a j\u00e1rm\u0171vek helyettes\u00edthetik:<\/p>\n<p><em>A v\u00e1rosokban t\u00f6rt\u00e9n\u0151 kereskedelmi sz\u00e1ll\u00edt\u00e1sok 25% -\u00e1t,<\/em><\/p>\n<p><em>A kereskedelmi szervizel\u00e9si \u00e9s karbantart\u00e1si utak 50% -\u00e1t, <\/em><\/p>\n<p><em>A mag\u00e1n logisztikai utak (bev\u00e1s\u00e1rl\u00e1s, szabadid\u0151 \u00e9s gyermeksz\u00e1ll\u00edt\u00e1s) 77%-\u00e1t.<\/em><\/p>\n<p>A CCCB nagyv\u00e1rosokban t\u00f6rt\u00e9n\u0151 gyakorlati megval\u00f3s\u00edt\u00e1sa mellett a szervez\u0151k m\u0171helytal\u00e1lkoz\u00f3kat, konferenci\u00e1kat \u00e9s webin\u00e1rokat is tartanak. V\u00e9g\u00fcl, de nem utols\u00f3sorban, seg\u00edtenek a r\u00e9sztvev\u0151knek saj\u00e1t projekteik finansz\u00edroz\u00e1s\u00e1ban is. Hoztunk n\u00e9h\u00e1ny p\u00e9ld\u00e1t az egyes v\u00e1rosok j\u00f3l bev\u00e1lt gyakorlatair\u00f3l.<\/p>\n<p>https:\/\/www.instagram.com\/p\/B-J72khAEuB\/<\/p>\n<p><span style=\"font-size: 10pt;\"><em>Az Aaarsleff Ground Engineering v\u00e1llalat teherker\u00e9kp\u00e1rokat haszn\u00e1l nagyobb horderej\u0171 munk\u00e1i sor\u00e1n. \u00dajabb bizony\u00edt\u00e9k, hogy milyen j\u00f3l m\u0171k\u00f6dnek!<\/em><\/span><\/p>\n<p>A teherbiciklik potenci\u00e1lis lehet\u0151s\u00e9gei az \u00e1ruk sz\u00e1ll\u00edt\u00e1s\u00e1ban mag\u00e1t\u00f3l \u00e9rtet\u0151d\u0151ek. K\u00f6rnyezetbar\u00e1t, fenntarthat\u00f3, p\u00e9nz- \u00e9s id\u0151takar\u00e9kos. Ezek a speci\u00e1lis ker\u00e9kp\u00e1rok azonban sok m\u00e1s m\u00f3don is hozz\u00e1j\u00e1rulhatnak a t\u00e1rsadalmi j\u00f3l\u00e9thez. Nagyszer\u0171 p\u00e9lda erre az Ausztri\u00e1ban elind\u00edtott INTERSPAR-Lieferbox projekt. V\u00e1s\u00e1rl\u00e1s ut\u00e1n az Interspar vev\u0151i ig\u00e9nybe vehetik a szupermarketl\u00e1nc \u00e1ltal k\u00edn\u00e1lt h\u00e1zhozsz\u00e1ll\u00edt\u00e1si szolg\u00e1ltat\u00e1st. A kezdem\u00e9nyez\u00e9s egyik c\u00e9lja, hogy azokat az embereket seg\u00edtse, akik nehezen tal\u00e1lnak munk\u00e1t, \u00edgy a sz\u00e1ll\u00edt\u00e1sokat \u0151k v\u00e9gzik \u2013 nos, tudod, hogy mivel. P\u00e9nz\u00fcgyileg is meg\u00e9ri \u00e9s fenntarthat\u00f3. Sz\u00e9p munka!<\/p>\n<p>A <em>\u201eKor n\u00e9lk\u00fcli ker\u00e9kp\u00e1roz\u00e1s\u201d<\/em> projekt teherbiciklikkel seg\u00edti az id\u0151seket, hogy visszat\u00e9rhessenek a h\u00e9tk\u00f6znapi \u00e9let tereire \u00e9s a term\u00e9szetbe. Nyolc \u00e9vvel ezel\u0151tt a projekt alap\u00edt\u00f3ja Ole Kassow keresni kezdte a m\u00f3dj\u00e1t, hogy megakad\u00e1lyozza az id\u0151sek t\u00e1rsadalmi kirekeszt\u00e9s\u00e9t. \u00c9s meg is tal\u00e1lta: egy \u00f6nk\u00e9ntes csoportot hozott l\u00e9tre, akik ingyenes t\u00far\u00e1kat k\u00edn\u00e1lnak a helyi id\u0151sek otthonaiban lak\u00f3k sz\u00e1m\u00e1ra. A projekt az\u00f3ta a vil\u00e1g 40 orsz\u00e1g\u00e1ban terjedt el.<\/p>\n<p><img loading=\"lazy\" decoding=\"async\" class=\"size-full wp-image-7322\" src=\"https:\/\/d2p6e6u75xmxt8.cloudfront.net\/12\/2020\/04\/20368904_1986181218335844_1673570088532456452_o.jpg\" alt=\"\" width=\"2048\" height=\"1152\" srcset=\"https:\/\/d2p6e6u75xmxt8.cloudfront.net\/12\/2020\/04\/20368904_1986181218335844_1673570088532456452_o.jpg 2048w, https:\/\/d2p6e6u75xmxt8.cloudfront.net\/12\/2020\/04\/20368904_1986181218335844_1673570088532456452_o-300x169.jpg 300w, https:\/\/d2p6e6u75xmxt8.cloudfront.net\/12\/2020\/04\/20368904_1986181218335844_1673570088532456452_o-768x432.jpg 768w, https:\/\/d2p6e6u75xmxt8.cloudfront.net\/12\/2020\/04\/20368904_1986181218335844_1673570088532456452_o-1024x576.jpg 1024w, https:\/\/d2p6e6u75xmxt8.cloudfront.net\/12\/2020\/04\/20368904_1986181218335844_1673570088532456452_o-1920x1080.jpg 1920w, https:\/\/d2p6e6u75xmxt8.cloudfront.net\/12\/2020\/04\/20368904_1986181218335844_1673570088532456452_o-1920x1080.jpg 1920w\" sizes=\"auto, (max-width: 2048px) 100vw, 2048px\" \/><\/p>\n<p>A k\u00e1v\u00e9z\u00f3k, \u00e9ttermek \u00e9s bisztr\u00f3k m\u00e1r Eur\u00f3pa-szerte haszn\u00e1lnak ker\u00e9kp\u00e1rokat term\u00e9keik \u00fcgyfeleknek t\u00f6rt\u00e9n\u0151 sz\u00e1ll\u00edt\u00e1s\u00e1hoz. A ker\u00e9kp\u00e1ros fut\u00e1rok l\u00e1tv\u00e1nya m\u00e1r nem \u00fajdons\u00e1g, azonban nem csak a mag\u00e1nszektorban m\u0171k\u00f6dik a sz\u00e1ll\u00edt\u00e1s k\u00e9t ker\u00e9ken. Vannak olyan \u00f6nkorm\u00e1nyzatok is, amelyek bevezett\u00e9k a teherker\u00e9kp\u00e1rok haszn\u00e1lat\u00e1t. P\u00e9ld\u00e1ul Graz v\u00e1rosa utcai takar\u00edt\u00e1sra \u00e9s szem\u00e9tgy\u0171jt\u00e9sre haszn\u00e1lja \u0151ket, de Magyarorsz\u00e1gon is egyre jobban terjednek. A cargonomia c\u00e9g h\u00e1rom, k\u00f6rnyezetbar\u00e1t szervezet egy\u00fcttm\u0171k\u00f6d\u00e9sek\u00e9nt j\u00f6tt l\u00e9tre, c\u00e9lja, hogy n\u00e9pszer\u0171s\u00edtse az eg\u00e9szs\u00e9ges \u00e9letm\u00f3dot, a k\u00f6rnyezettudatoss\u00e1got \u00e9s a teherker\u00e9kp\u00e1rokat. K\u00f6lcs\u00f6nz\u0151k\u00e9nt is \u00fczemel, emellett fenntarhat\u00f3 \u00e9lelmiszereket, z\u00f6lds\u00e9geket termel \u00e9s sz\u00e1ll\u00edt, de tan\u00e1csad\u00e1ssal is foglalkozik. <a href=\"https:\/\/cargonomia.hu\/\">Weboldalukon<\/a> t\u00f6bbet is megtudhatsz a kezdem\u00e9nyez\u00e9sr\u0151l!<\/p>\n","protected":false},"excerpt":{"rendered":"<p>K\u00f6lts\u00e9ghat\u00e9konyak, id\u0151takar\u00e9kosak, \u00e9s b\u00e1rmivel megt\u00f6ltheted \u0151ket! Az Eur\u00f3pai Uni\u00f3 \u00e1ltal finansz\u00edrozott City Changer Cargo Bike projekt (CCCB) c\u00e9lja a v\u00e1rosi [&hellip;]<\/p>\n","protected":false},"author":71,"featured_media":7324,"comment_status":"open","ping_status":"open","sticky":false,"template":"","format":"standard","meta":{"footnotes":""},"categories":[9],"tags":[],"global-categories":[],"class_list":["post-7320","post","type-post","status-publish","format-standard","has-post-thumbnail","hentry","category-varosi-kerekparozas"],"yoast_head":"<!-- This site is optimized with the Yoast SEO Premium plugin v25.3 (Yoast SEO v25.9) - https:\/\/yoast.com\/wordpress\/plugins\/seo\/ -->\n<title>V\u00e1rosfejleszt\u00e9s teherbiciklikkel - \u0160koda We Love Cycling - Magyarorsz\u00e1g<\/title>\n<meta name=\"robots\" content=\"index, follow, max-snippet:-1, max-image-preview:large, max-video-preview:-1\" \/>\n<link rel=\"canonical\" href=\"https:\/\/www.welovecycling.com\/hu\/varosi-kerekparozas\/varosfejlesztes-teherbiciklikkel\/\" \/>\n<meta property=\"og:locale\" content=\"hu_HU\" \/>\n<meta property=\"og:type\" content=\"article\" \/>\n<meta property=\"og:title\" content=\"V\u00e1rosfejleszt\u00e9s teherbiciklikkel\" \/>\n<meta property=\"og:description\" content=\"K\u00f6lts\u00e9ghat\u00e9konyak, id\u0151takar\u00e9kosak, \u00e9s b\u00e1rmivel megt\u00f6ltheted \u0151ket! Az Eur\u00f3pai Uni\u00f3 \u00e1ltal finansz\u00edrozott City Changer Cargo Bike projekt (CCCB) c\u00e9lja a v\u00e1rosi [&hellip;]\" \/>\n<meta property=\"og:url\" content=\"https:\/\/www.welovecycling.com\/hu\/varosi-kerekparozas\/varosfejlesztes-teherbiciklikkel\/\" \/>\n<meta property=\"og:site_name\" content=\"\u0160koda We Love Cycling - Magyarorsz\u00e1g\" \/>\n<meta property=\"article:publisher\" content=\"https:\/\/www.facebook.com\/WeLoveCyclingHungary\/\" \/>\n<meta property=\"article:published_time\" content=\"2020-04-10T07:00:00+00:00\" \/>\n<meta property=\"og:image\" content=\"https:\/\/d2p6e6u75xmxt8.cloudfront.net\/12\/2020\/04\/cargo-bikes-CVR.jpg\" \/>\n\t<meta property=\"og:image:width\" content=\"1366\" \/>\n\t<meta property=\"og:image:height\" content=\"600\" \/>\n\t<meta property=\"og:image:type\" content=\"image\/jpeg\" \/>\n<meta name=\"author\" content=\"hegyizs\" \/>\n<meta name=\"twitter:card\" content=\"summary_large_image\" \/>\n<meta name=\"twitter:label1\" content=\"Written by\" \/>\n\t<meta name=\"twitter:data1\" content=\"Tereza Antonova\" \/>\n\t<meta name=\"twitter:label2\" content=\"Est. reading time\" \/>\n\t<meta name=\"twitter:data2\" content=\"5\" \/>\n<script type=\"application\/ld+json\" class=\"yoast-schema-graph\">{\"@context\":\"https:\/\/schema.org\",\"@graph\":[{\"@type\":\"WebPage\",\"@id\":\"https:\/\/www.welovecycling.com\/hu\/varosi-kerekparozas\/varosfejlesztes-teherbiciklikkel\/\",\"url\":\"https:\/\/www.welovecycling.com\/hu\/varosi-kerekparozas\/varosfejlesztes-teherbiciklikkel\/\",\"name\":\"V\u00e1rosfejleszt\u00e9s teherbiciklikkel - \u0160koda We Love Cycling - Magyarorsz\u00e1g\",\"isPartOf\":{\"@id\":\"https:\/\/www.welovecycling.com\/hu\/#website\"},\"primaryImageOfPage\":{\"@id\":\"https:\/\/www.welovecycling.com\/hu\/varosi-kerekparozas\/varosfejlesztes-teherbiciklikkel\/#primaryimage\"},\"image\":{\"@id\":\"https:\/\/www.welovecycling.com\/hu\/varosi-kerekparozas\/varosfejlesztes-teherbiciklikkel\/#primaryimage\"},\"thumbnailUrl\":\"https:\/\/d2p6e6u75xmxt8.cloudfront.net\/12\/2020\/04\/cargo-bikes-CVR.jpg\",\"datePublished\":\"2020-04-10T07:00:00+00:00\",\"author\":{\"@id\":\"https:\/\/www.welovecycling.com\/hu\/#\/schema\/person\/414a2aebf1801691a5320edb6468e194\"},\"breadcrumb\":{\"@id\":\"https:\/\/www.welovecycling.com\/hu\/varosi-kerekparozas\/varosfejlesztes-teherbiciklikkel\/#breadcrumb\"},\"inLanguage\":\"hu\",\"potentialAction\":[{\"@type\":\"ReadAction\",\"target\":[\"https:\/\/www.welovecycling.com\/hu\/varosi-kerekparozas\/varosfejlesztes-teherbiciklikkel\/\"]}]},{\"@type\":\"ImageObject\",\"inLanguage\":\"hu\",\"@id\":\"https:\/\/www.welovecycling.com\/hu\/varosi-kerekparozas\/varosfejlesztes-teherbiciklikkel\/#primaryimage\",\"url\":\"https:\/\/d2p6e6u75xmxt8.cloudfront.net\/12\/2020\/04\/cargo-bikes-CVR.jpg\",\"contentUrl\":\"https:\/\/d2p6e6u75xmxt8.cloudfront.net\/12\/2020\/04\/cargo-bikes-CVR.jpg\",\"width\":1366,\"height\":600},{\"@type\":\"BreadcrumbList\",\"@id\":\"https:\/\/www.welovecycling.com\/hu\/varosi-kerekparozas\/varosfejlesztes-teherbiciklikkel\/#breadcrumb\",\"itemListElement\":[{\"@type\":\"ListItem\",\"position\":1,\"name\":\"Home\",\"item\":\"https:\/\/www.welovecycling.com\/hu\/\"},{\"@type\":\"ListItem\",\"position\":2,\"name\":\"V\u00e1rosfejleszt\u00e9s teherbiciklikkel\"}]},{\"@type\":\"WebSite\",\"@id\":\"https:\/\/www.welovecycling.com\/hu\/#website\",\"url\":\"https:\/\/www.welovecycling.com\/hu\/\",\"name\":\"\u0160koda We Love Cycling - Magyarorsz\u00e1g\",\"description\":\"\u0160koda WeLoveCycling\",\"potentialAction\":[{\"@type\":\"SearchAction\",\"target\":{\"@type\":\"EntryPoint\",\"urlTemplate\":\"https:\/\/www.welovecycling.com\/hu\/?s={search_term_string}\"},\"query-input\":{\"@type\":\"PropertyValueSpecification\",\"valueRequired\":true,\"valueName\":\"search_term_string\"}}],\"inLanguage\":\"hu\"},{\"@type\":\"Person\",\"@id\":\"https:\/\/www.welovecycling.com\/hu\/#\/schema\/person\/414a2aebf1801691a5320edb6468e194\",\"name\":\"hegyizs\",\"image\":{\"@type\":\"ImageObject\",\"inLanguage\":\"hu\",\"@id\":\"https:\/\/www.welovecycling.com\/hu\/#\/schema\/person\/image\/\",\"url\":\"https:\/\/secure.gravatar.com\/avatar\/02cf8a7906b8cf90cecb4679defac7cfd33a1c2e3b88e4903d947f3bb58eedd3?s=96&d=mm&r=g\",\"contentUrl\":\"https:\/\/secure.gravatar.com\/avatar\/02cf8a7906b8cf90cecb4679defac7cfd33a1c2e3b88e4903d947f3bb58eedd3?s=96&d=mm&r=g\",\"caption\":\"hegyizs\"},\"url\":\"https:\/\/www.welovecycling.com\/hu\/author\/hegyizs\/\"}]}<\/script>\n<!-- \/ Yoast SEO Premium plugin. -->","yoast_head_json":{"title":"V\u00e1rosfejleszt\u00e9s teherbiciklikkel - \u0160koda We Love Cycling - Magyarorsz\u00e1g","robots":{"index":"index","follow":"follow","max-snippet":"max-snippet:-1","max-image-preview":"max-image-preview:large","max-video-preview":"max-video-preview:-1"},"canonical":"https:\/\/www.welovecycling.com\/hu\/varosi-kerekparozas\/varosfejlesztes-teherbiciklikkel\/","og_locale":"hu_HU","og_type":"article","og_title":"V\u00e1rosfejleszt\u00e9s teherbiciklikkel","og_description":"K\u00f6lts\u00e9ghat\u00e9konyak, id\u0151takar\u00e9kosak, \u00e9s b\u00e1rmivel megt\u00f6ltheted \u0151ket! Az Eur\u00f3pai Uni\u00f3 \u00e1ltal finansz\u00edrozott City Changer Cargo Bike projekt (CCCB) c\u00e9lja a v\u00e1rosi [&hellip;]","og_url":"https:\/\/www.welovecycling.com\/hu\/varosi-kerekparozas\/varosfejlesztes-teherbiciklikkel\/","og_site_name":"\u0160koda We Love Cycling - Magyarorsz\u00e1g","article_publisher":"https:\/\/www.facebook.com\/WeLoveCyclingHungary\/","article_published_time":"2020-04-10T07:00:00+00:00","og_image":[{"width":1366,"height":600,"url":"https:\/\/d2p6e6u75xmxt8.cloudfront.net\/12\/2020\/04\/cargo-bikes-CVR.jpg","type":"image\/jpeg"}],"author":"hegyizs","twitter_card":"summary_large_image","twitter_misc":{"Written by":"Tereza Antonova","Est. reading time":"5"},"schema":{"@context":"https:\/\/schema.org","@graph":[{"@type":"WebPage","@id":"https:\/\/www.welovecycling.com\/hu\/varosi-kerekparozas\/varosfejlesztes-teherbiciklikkel\/","url":"https:\/\/www.welovecycling.com\/hu\/varosi-kerekparozas\/varosfejlesztes-teherbiciklikkel\/","name":"V\u00e1rosfejleszt\u00e9s teherbiciklikkel - \u0160koda We Love Cycling - Magyarorsz\u00e1g","isPartOf":{"@id":"https:\/\/www.welovecycling.com\/hu\/#website"},"primaryImageOfPage":{"@id":"https:\/\/www.welovecycling.com\/hu\/varosi-kerekparozas\/varosfejlesztes-teherbiciklikkel\/#primaryimage"},"image":{"@id":"https:\/\/www.welovecycling.com\/hu\/varosi-kerekparozas\/varosfejlesztes-teherbiciklikkel\/#primaryimage"},"thumbnailUrl":"https:\/\/d2p6e6u75xmxt8.cloudfront.net\/12\/2020\/04\/cargo-bikes-CVR.jpg","datePublished":"2020-04-10T07:00:00+00:00","author":{"@id":"https:\/\/www.welovecycling.com\/hu\/#\/schema\/person\/414a2aebf1801691a5320edb6468e194"},"breadcrumb":{"@id":"https:\/\/www.welovecycling.com\/hu\/varosi-kerekparozas\/varosfejlesztes-teherbiciklikkel\/#breadcrumb"},"inLanguage":"hu","potentialAction":[{"@type":"ReadAction","target":["https:\/\/www.welovecycling.com\/hu\/varosi-kerekparozas\/varosfejlesztes-teherbiciklikkel\/"]}]},{"@type":"ImageObject","inLanguage":"hu","@id":"https:\/\/www.welovecycling.com\/hu\/varosi-kerekparozas\/varosfejlesztes-teherbiciklikkel\/#primaryimage","url":"https:\/\/d2p6e6u75xmxt8.cloudfront.net\/12\/2020\/04\/cargo-bikes-CVR.jpg","contentUrl":"https:\/\/d2p6e6u75xmxt8.cloudfront.net\/12\/2020\/04\/cargo-bikes-CVR.jpg","width":1366,"height":600},{"@type":"BreadcrumbList","@id":"https:\/\/www.welovecycling.com\/hu\/varosi-kerekparozas\/varosfejlesztes-teherbiciklikkel\/#breadcrumb","itemListElement":[{"@type":"ListItem","position":1,"name":"Home","item":"https:\/\/www.welovecycling.com\/hu\/"},{"@type":"ListItem","position":2,"name":"V\u00e1rosfejleszt\u00e9s teherbiciklikkel"}]},{"@type":"WebSite","@id":"https:\/\/www.welovecycling.com\/hu\/#website","url":"https:\/\/www.welovecycling.com\/hu\/","name":"\u0160koda We Love Cycling - Magyarorsz\u00e1g","description":"\u0160koda WeLoveCycling","potentialAction":[{"@type":"SearchAction","target":{"@type":"EntryPoint","urlTemplate":"https:\/\/www.welovecycling.com\/hu\/?s={search_term_string}"},"query-input":{"@type":"PropertyValueSpecification","valueRequired":true,"valueName":"search_term_string"}}],"inLanguage":"hu"},{"@type":"Person","@id":"https:\/\/www.welovecycling.com\/hu\/#\/schema\/person\/414a2aebf1801691a5320edb6468e194","name":"hegyizs","image":{"@type":"ImageObject","inLanguage":"hu","@id":"https:\/\/www.welovecycling.com\/hu\/#\/schema\/person\/image\/","url":"https:\/\/secure.gravatar.com\/avatar\/02cf8a7906b8cf90cecb4679defac7cfd33a1c2e3b88e4903d947f3bb58eedd3?s=96&d=mm&r=g","contentUrl":"https:\/\/secure.gravatar.com\/avatar\/02cf8a7906b8cf90cecb4679defac7cfd33a1c2e3b88e4903d947f3bb58eedd3?s=96&d=mm&r=g","caption":"hegyizs"},"url":"https:\/\/www.welovecycling.com\/hu\/author\/hegyizs\/"}]}},"_links":{"self":[{"href":"https:\/\/www.welovecycling.com\/hu\/wp-json\/wp\/v2\/posts\/7320","targetHints":{"allow":["GET"]}}],"collection":[{"href":"https:\/\/www.welovecycling.com\/hu\/wp-json\/wp\/v2\/posts"}],"about":[{"href":"https:\/\/www.welovecycling.com\/hu\/wp-json\/wp\/v2\/types\/post"}],"author":[{"embeddable":true,"href":"https:\/\/www.welovecycling.com\/hu\/wp-json\/wp\/v2\/users\/71"}],"replies":[{"embeddable":true,"href":"https:\/\/www.welovecycling.com\/hu\/wp-json\/wp\/v2\/comments?post=7320"}],"version-history":[{"count":2,"href":"https:\/\/www.welovecycling.com\/hu\/wp-json\/wp\/v2\/posts\/7320\/revisions"}],"predecessor-version":[{"id":7338,"href":"https:\/\/www.welovecycling.com\/hu\/wp-json\/wp\/v2\/posts\/7320\/revisions\/7338"}],"wp:featuredmedia":[{"embeddable":true,"href":"https:\/\/www.welovecycling.com\/hu\/wp-json\/wp\/v2\/media\/7324"}],"wp:attachment":[{"href":"https:\/\/www.welovecycling.com\/hu\/wp-json\/wp\/v2\/media?parent=7320"}],"wp:term":[{"taxonomy":"category","embeddable":true,"href":"https:\/\/www.welovecycling.com\/hu\/wp-json\/wp\/v2\/categories?post=7320"},{"taxonomy":"post_tag","embeddable":true,"href":"https:\/\/www.welovecycling.com\/hu\/wp-json\/wp\/v2\/tags?post=7320"},{"taxonomy":"global-categories","embeddable":true,"href":"https:\/\/www.welovecycling.com\/hu\/wp-json\/wp\/v2\/global-categories?post=7320"}],"curies":[{"name":"wp","href":"https:\/\/api.w.org\/{rel}","templated":true}]}}