{"id":7315,"date":"2020-04-08T08:00:36","date_gmt":"2020-04-08T07:00:36","guid":{"rendered":"https:\/\/www.welovecycling.com\/hu\/?p=7315"},"modified":"2020-04-03T16:41:30","modified_gmt":"2020-04-03T15:41:30","slug":"keresztedzes-otthon","status":"publish","type":"post","link":"https:\/\/www.welovecycling.com\/hu\/edzes-es-eletmod\/keresztedzes-otthon\/","title":{"rendered":"Keresztedz\u00e9s otthon"},"content":{"rendered":"<p><strong>Tudjuk, hogy keresztedz\u00e9seket minden ker\u00e9kp\u00e1rosnak v\u00e9geznie kell ahhoz, hogy meg\u0151rizze az eg\u00e9szs\u00e9g\u00e9t \u00e9s megel\u0151zze a s\u00e9r\u00fcl\u00e9seket. De azt tudtad, hogy ezt otthon is megteheted? Vess\u00fcnk egy pillant\u00e1st a k\u00fcl\u00f6nf\u00e9le keresztedz\u00e9sekre, melyekkel fejlesztheted er\u0151nl\u00e9ted, \u00e1ll\u00f3k\u00e9pess\u00e9ged, hajl\u00e9konys\u00e1god \u00e9s mozg\u00e9konys\u00e1god is an\u00e9lk\u00fcl, hogy el kellene hagynod a lak\u00e1st.<\/strong><!--more--><\/p>\n<h2><strong>Er\u0151s\u00edt\u00e9s<\/strong><\/h2>\n<p>Az er\u0151s\u00edt\u0151 edz\u00e9s val\u00f3sz\u00edn\u0171leg az egyetlen dolog, amelyr\u0151l meggy\u0151z\u0151en bebizony\u00edtott\u00e1k, hogy seg\u00edt a s\u00e9r\u00fcl\u00e9sek megel\u0151z\u00e9s\u00e9ben. Emellett az\u00e9rt is hasznos, mert min\u00e9l er\u0151sebbek a l\u00e1baid, ann\u00e1l jobb lesz a ker\u00e9kp\u00e1ros teljes\u00edtm\u00e9nyed is. Ez\u00e9rt fontos, hogy be\u00e9p\u00edtsd az edz\u00e9stervedbe. Hetente legal\u00e1bb k\u00e9t er\u0151s\u00edt\u0151 edz\u00e9s az ide\u00e1lis! Ha tippekre van sz\u00fcks\u00e9ged, vagy a gyakorlatok elv\u00e9gz\u00e9s\u00e9ben vagy bizonytalan, n\u00e9zd meg <a href=\"https:\/\/www.welovecycling.com\/hu\/edzes-es-eletmod\/4-eronleti-gyakorlat-amire-valoban-szukseged-van-a-bringazashoz\/\">el\u0151z\u0151 cikk\u00fcnket<\/a>!<\/p>\n<figure id=\"attachment_7317\" aria-describedby=\"caption-attachment-7317\" style=\"width: 1280px\" class=\"wp-caption alignnone\"><img loading=\"lazy\" decoding=\"async\" class=\"size-full wp-image-7317\" src=\"https:\/\/d2p6e6u75xmxt8.cloudfront.net\/12\/2020\/04\/balance-body-exercise-female-374101.jpg\" alt=\"\" width=\"1280\" height=\"853\" srcset=\"https:\/\/d2p6e6u75xmxt8.cloudfront.net\/12\/2020\/04\/balance-body-exercise-female-374101.jpg 1280w, https:\/\/d2p6e6u75xmxt8.cloudfront.net\/12\/2020\/04\/balance-body-exercise-female-374101-300x200.jpg 300w, https:\/\/d2p6e6u75xmxt8.cloudfront.net\/12\/2020\/04\/balance-body-exercise-female-374101-768x512.jpg 768w, https:\/\/d2p6e6u75xmxt8.cloudfront.net\/12\/2020\/04\/balance-body-exercise-female-374101-1024x682.jpg 1024w, https:\/\/d2p6e6u75xmxt8.cloudfront.net\/12\/2020\/04\/balance-body-exercise-female-374101-272x182.jpg 272w\" sizes=\"auto, (max-width: 1280px) 100vw, 1280px\" \/><figcaption id=\"caption-attachment-7317\" class=\"wp-caption-text\"><em>A ny\u00fajt\u00e1s \u00e9s a test rugalmass\u00e1g\u00e1nak meg\u0151rz\u00e9se csod\u00e1kat fog tenni mind a ker\u00e9kp\u00e1ros teljes\u00edtm\u00e9nyeddel, mind a k\u00f6z\u00e9rzeteddel.<\/em><\/figcaption><\/figure>\n<h2><strong>Mozg\u00e9konys\u00e1g \u00e9s hajl\u00e9konys\u00e1g<\/strong><\/h2>\n<p>A s\u00e9r\u00fcl\u00e9sek megel\u0151z\u00e9s\u00e9ben az er\u0151nl\u00e9t mellett a mobilit\u00e1s \u00e9s rugalmass\u00e1g is nagy szerepet j\u00e1tszik. A k\u00f6t\u00f6tt izmok \u00e1tmozgat\u00e1sa \u00e9s a test rugalmass\u00e1g\u00e1nak meg\u0151rz\u00e9se csod\u00e1kat fog tenni mind a ker\u00e9kp\u00e1ros teljes\u00edtm\u00e9nyeddel, mind a k\u00f6z\u00e9rzeteddel. Itt j\u00f6n k\u00e9pbe a j\u00f3ga, a Pilates \u00e9s a Tai Chi. Ezek a sportok seg\u00edtik az izmok laz\u00edt\u00e1s\u00e1t, f\u0151leg a sz\u00e1m\u00edt\u00f3g\u00e9p vagy a TV el\u0151tti sok \u00fcl\u00e9s ut\u00e1n hasznosak. R\u00e1ad\u00e1sul l\u00e9gz\u00e9si technik\u00e1kat is tan\u00edtanak, ez pedig minden sportol\u00f3 sz\u00e1m\u00e1ra fontos tud\u00e1s. Ha nincs tapasztalatod a fent eml\u00edtett testmozg\u00e1sok egyik\u00e9ben sem, pr\u00f3b\u00e1ld ki <a href=\"https:\/\/www.welovecycling.com\/hu\/edzes-es-eletmod\/a-3-legfontosabb-nyujtas-bringazashoz\/\">f\u00e9nyk\u00e9pes \u00fatmutat\u00f3nkat<\/a>!<\/p>\n<h2><strong>\u00c1ll\u00f3k\u00e9pess\u00e9g<\/strong><\/h2>\n<p>Felszerel\u00e9s n\u00e9lk\u00fcl is jav\u00edthatod bring\u00e1s teljes\u00edtm\u00e9nyed &#8211; mindaddig, am\u00edg vannak l\u00e9pcs\u0151k a k\u00f6zeledben. A l\u00e9pcs\u0151z\u00e9s nagyon hasonl\u00edt a ker\u00e9kp\u00e1roz\u00e1shoz. Ugyanazokat az izomcsoportokat mozgatja meg, \u00e9s egyszerre csak az egyik l\u00e1bad terheli. A rendelkez\u00e9sre \u00e1ll\u00f3 l\u00e9pcs\u0151k hossz\u00e1t\u00f3l f\u00fcgg\u0151en v\u00e9gezz k\u00f6r\u00fclbel\u00fcl 30 m\u00e1sodperces intervallumokat 15 m\u00e1sodperces pihen\u0151id\u0151kkel! Ha nincs l\u00e9pcs\u0151 a k\u00f6zelben, akkor se agg\u00f3dj! Itt az ideje a guggol\u00e1sb\u00f3l felugr\u00e1snak! Indulj guggol\u00e1sb\u00f3l, majd ugorj fel, amilyen magasra csak tudsz!\u00a0 F\u00f6ldet \u00e9r\u00e9s ut\u00e1n egyb\u0151l t\u00e9rj vissza guggol\u00e1sba! Ha rendszeresen v\u00e9gzed ezt a gyakorlatot, remek\u00fcl fogsz tudni sprintelni, de figyelj oda a t\u00e9rd\u00edz\u00fcleteidre! Fokozatosan n\u00f6veld a feladat intenzit\u00e1s\u00e1t \u00e9s gyakoris\u00e1g\u00e1t!<\/p>\n<h2><strong>Kardi\u00f3<\/strong><\/h2>\n<p>Az otthon v\u00e9gzett kardi\u00f3 furcs\u00e1nak vagy gyakorlatilag lehetetlennek t\u0171nik sok ker\u00e9kp\u00e1ros sz\u00e1m\u00e1ra. Van azonban n\u00e9h\u00e1ny gyakorlat, amivel el\u00e9rheted a c\u00e9lt. Az egyik legjobb m\u00f3dja annak, hogy kicsit felp\u00f6rgesd a sz\u00edvver\u00e9sed, a burpee. Nem kell hozz\u00e1 semmilyen felszerel\u00e9s, csak egy kis hely, \u00e9s r\u00f6vid id\u0151 alatt megizzaszt. Ebben a CrossFit vide\u00f3ban r\u00e9szletesen bemutatj\u00e1k, hogy kell burpee-t csin\u00e1lni.<\/p>\n<div class=\"embed-controller-wrapper\">\n<div class=\"embed-wrapper\"><iframe title=\"The Burpee\" width=\"500\" height=\"281\" data-src=\"https:\/\/www.youtube.com\/embed\/TU8QYVW0gDU?feature=oembed\" frameborder=\"0\" allow=\"accelerometer; autoplay; clipboard-write; encrypted-media; gyroscope; picture-in-picture; web-share\" referrerpolicy=\"strict-origin-when-cross-origin\" allowfullscreen><\/iframe><\/div>\n<\/div>\n<p>Ha valami kev\u00e9sb\u00e9 intenz\u00edvre v\u00e1gysz vagy k\u00e9t burpee szekci\u00f3 k\u00f6z\u00f6tt szeretn\u00e9l pihenni, vedd el\u0151 az ugr\u00f3k\u00f6telet! Ez egy nagyon n\u00e9pszer\u0171 keresztedz\u00e9s, r\u00e1ad\u00e1sul m\u00e9g sz\u00f3rakoztat\u00f3 is, hiszen gyerekkorunkba rep\u00edt minket vissza!<\/p>\n<p>M\u00e9g mindig t\u00fal sz\u00e1raz a kardi\u00f3edz\u00e9s? Van itt m\u00e9g egy utols\u00f3 lehet\u0151s\u00e9g: t\u00e1ncolj! Ez a legegyszer\u0171bb m\u00f3dszer, csak tegy\u00e9l be zen\u00e9t \u00e9s \u00e9rezd j\u00f3l magad! Itt nincsenek szab\u00e1lyok. Az, hogy a csal\u00e1dod el\u0151tt v\u00e1lsz-e a t\u00e1ncparkett \u00f6rd\u00f6g\u00e9v\u00e9, vagy ink\u00e1bb bez\u00e1rk\u00f3zol, hogy mozdulataidat ne l\u00e1ssa senki, csak rajtad \u00e1ll.<\/p>\n","protected":false},"excerpt":{"rendered":"<p>Tudjuk, hogy keresztedz\u00e9seket minden ker\u00e9kp\u00e1rosnak v\u00e9geznie kell ahhoz, hogy meg\u0151rizze az eg\u00e9szs\u00e9g\u00e9t \u00e9s megel\u0151zze a s\u00e9r\u00fcl\u00e9seket. De azt tudtad, hogy [&hellip;]<\/p>\n","protected":false},"author":71,"featured_media":7319,"comment_status":"open","ping_status":"open","sticky":false,"template":"","format":"standard","meta":{"footnotes":""},"categories":[6],"tags":[],"global-categories":[],"class_list":["post-7315","post","type-post","status-publish","format-standard","has-post-thumbnail","hentry","category-edzes-es-eletmod"],"yoast_head":"<!-- This site is optimized with the Yoast SEO Premium plugin v25.3 (Yoast SEO v25.9) - https:\/\/yoast.com\/wordpress\/plugins\/seo\/ -->\n<title>Keresztedz\u00e9s otthon - \u0160koda We Love Cycling - Magyarorsz\u00e1g<\/title>\n<meta name=\"robots\" content=\"index, follow, max-snippet:-1, max-image-preview:large, max-video-preview:-1\" \/>\n<link rel=\"canonical\" href=\"https:\/\/www.welovecycling.com\/hu\/edzes-es-eletmod\/keresztedzes-otthon\/\" \/>\n<meta property=\"og:locale\" content=\"hu_HU\" \/>\n<meta property=\"og:type\" content=\"article\" \/>\n<meta property=\"og:title\" content=\"Keresztedz\u00e9s otthon\" \/>\n<meta property=\"og:description\" content=\"Tudjuk, hogy keresztedz\u00e9seket minden ker\u00e9kp\u00e1rosnak v\u00e9geznie kell ahhoz, hogy meg\u0151rizze az eg\u00e9szs\u00e9g\u00e9t \u00e9s megel\u0151zze a s\u00e9r\u00fcl\u00e9seket. De azt tudtad, hogy [&hellip;]\" \/>\n<meta property=\"og:url\" content=\"https:\/\/www.welovecycling.com\/hu\/edzes-es-eletmod\/keresztedzes-otthon\/\" \/>\n<meta property=\"og:site_name\" content=\"\u0160koda We Love Cycling - Magyarorsz\u00e1g\" \/>\n<meta property=\"article:publisher\" content=\"https:\/\/www.facebook.com\/WeLoveCyclingHungary\/\" \/>\n<meta property=\"article:published_time\" content=\"2020-04-08T07:00:36+00:00\" \/>\n<meta property=\"og:image\" content=\"https:\/\/d2p6e6u75xmxt8.cloudfront.net\/12\/2020\/04\/Push-up-CVR.jpg\" \/>\n\t<meta property=\"og:image:width\" content=\"1366\" \/>\n\t<meta property=\"og:image:height\" content=\"600\" \/>\n\t<meta property=\"og:image:type\" content=\"image\/jpeg\" \/>\n<meta name=\"author\" content=\"hegyizs\" \/>\n<meta name=\"twitter:card\" content=\"summary_large_image\" \/>\n<meta name=\"twitter:label1\" content=\"Written by\" \/>\n\t<meta name=\"twitter:data1\" content=\"Jiri Kaloc\" \/>\n\t<meta name=\"twitter:label2\" content=\"Est. reading time\" \/>\n\t<meta name=\"twitter:data2\" content=\"5\" \/>\n<script type=\"application\/ld+json\" class=\"yoast-schema-graph\">{\"@context\":\"https:\/\/schema.org\",\"@graph\":[{\"@type\":\"WebPage\",\"@id\":\"https:\/\/www.welovecycling.com\/hu\/edzes-es-eletmod\/keresztedzes-otthon\/\",\"url\":\"https:\/\/www.welovecycling.com\/hu\/edzes-es-eletmod\/keresztedzes-otthon\/\",\"name\":\"Keresztedz\u00e9s otthon - \u0160koda We Love Cycling - Magyarorsz\u00e1g\",\"isPartOf\":{\"@id\":\"https:\/\/www.welovecycling.com\/hu\/#website\"},\"primaryImageOfPage\":{\"@id\":\"https:\/\/www.welovecycling.com\/hu\/edzes-es-eletmod\/keresztedzes-otthon\/#primaryimage\"},\"image\":{\"@id\":\"https:\/\/www.welovecycling.com\/hu\/edzes-es-eletmod\/keresztedzes-otthon\/#primaryimage\"},\"thumbnailUrl\":\"https:\/\/d2p6e6u75xmxt8.cloudfront.net\/12\/2020\/04\/Push-up-CVR.jpg\",\"datePublished\":\"2020-04-08T07:00:36+00:00\",\"author\":{\"@id\":\"https:\/\/www.welovecycling.com\/hu\/#\/schema\/person\/414a2aebf1801691a5320edb6468e194\"},\"breadcrumb\":{\"@id\":\"https:\/\/www.welovecycling.com\/hu\/edzes-es-eletmod\/keresztedzes-otthon\/#breadcrumb\"},\"inLanguage\":\"hu\",\"potentialAction\":[{\"@type\":\"ReadAction\",\"target\":[\"https:\/\/www.welovecycling.com\/hu\/edzes-es-eletmod\/keresztedzes-otthon\/\"]}]},{\"@type\":\"ImageObject\",\"inLanguage\":\"hu\",\"@id\":\"https:\/\/www.welovecycling.com\/hu\/edzes-es-eletmod\/keresztedzes-otthon\/#primaryimage\",\"url\":\"https:\/\/d2p6e6u75xmxt8.cloudfront.net\/12\/2020\/04\/Push-up-CVR.jpg\",\"contentUrl\":\"https:\/\/d2p6e6u75xmxt8.cloudfront.net\/12\/2020\/04\/Push-up-CVR.jpg\",\"width\":1366,\"height\":600},{\"@type\":\"BreadcrumbList\",\"@id\":\"https:\/\/www.welovecycling.com\/hu\/edzes-es-eletmod\/keresztedzes-otthon\/#breadcrumb\",\"itemListElement\":[{\"@type\":\"ListItem\",\"position\":1,\"name\":\"Home\",\"item\":\"https:\/\/www.welovecycling.com\/hu\/\"},{\"@type\":\"ListItem\",\"position\":2,\"name\":\"Keresztedz\u00e9s otthon\"}]},{\"@type\":\"WebSite\",\"@id\":\"https:\/\/www.welovecycling.com\/hu\/#website\",\"url\":\"https:\/\/www.welovecycling.com\/hu\/\",\"name\":\"\u0160koda We Love Cycling - Magyarorsz\u00e1g\",\"description\":\"\u0160koda WeLoveCycling\",\"potentialAction\":[{\"@type\":\"SearchAction\",\"target\":{\"@type\":\"EntryPoint\",\"urlTemplate\":\"https:\/\/www.welovecycling.com\/hu\/?s={search_term_string}\"},\"query-input\":{\"@type\":\"PropertyValueSpecification\",\"valueRequired\":true,\"valueName\":\"search_term_string\"}}],\"inLanguage\":\"hu\"},{\"@type\":\"Person\",\"@id\":\"https:\/\/www.welovecycling.com\/hu\/#\/schema\/person\/414a2aebf1801691a5320edb6468e194\",\"name\":\"hegyizs\",\"image\":{\"@type\":\"ImageObject\",\"inLanguage\":\"hu\",\"@id\":\"https:\/\/www.welovecycling.com\/hu\/#\/schema\/person\/image\/\",\"url\":\"https:\/\/secure.gravatar.com\/avatar\/02cf8a7906b8cf90cecb4679defac7cfd33a1c2e3b88e4903d947f3bb58eedd3?s=96&d=mm&r=g\",\"contentUrl\":\"https:\/\/secure.gravatar.com\/avatar\/02cf8a7906b8cf90cecb4679defac7cfd33a1c2e3b88e4903d947f3bb58eedd3?s=96&d=mm&r=g\",\"caption\":\"hegyizs\"},\"url\":\"https:\/\/www.welovecycling.com\/hu\/author\/hegyizs\/\"}]}<\/script>\n<!-- \/ Yoast SEO Premium plugin. -->","yoast_head_json":{"title":"Keresztedz\u00e9s otthon - \u0160koda We Love Cycling - Magyarorsz\u00e1g","robots":{"index":"index","follow":"follow","max-snippet":"max-snippet:-1","max-image-preview":"max-image-preview:large","max-video-preview":"max-video-preview:-1"},"canonical":"https:\/\/www.welovecycling.com\/hu\/edzes-es-eletmod\/keresztedzes-otthon\/","og_locale":"hu_HU","og_type":"article","og_title":"Keresztedz\u00e9s otthon","og_description":"Tudjuk, hogy keresztedz\u00e9seket minden ker\u00e9kp\u00e1rosnak v\u00e9geznie kell ahhoz, hogy meg\u0151rizze az eg\u00e9szs\u00e9g\u00e9t \u00e9s megel\u0151zze a s\u00e9r\u00fcl\u00e9seket. De azt tudtad, hogy [&hellip;]","og_url":"https:\/\/www.welovecycling.com\/hu\/edzes-es-eletmod\/keresztedzes-otthon\/","og_site_name":"\u0160koda We Love Cycling - Magyarorsz\u00e1g","article_publisher":"https:\/\/www.facebook.com\/WeLoveCyclingHungary\/","article_published_time":"2020-04-08T07:00:36+00:00","og_image":[{"width":1366,"height":600,"url":"https:\/\/d2p6e6u75xmxt8.cloudfront.net\/12\/2020\/04\/Push-up-CVR.jpg","type":"image\/jpeg"}],"author":"hegyizs","twitter_card":"summary_large_image","twitter_misc":{"Written by":"Jiri Kaloc","Est. reading time":"5"},"schema":{"@context":"https:\/\/schema.org","@graph":[{"@type":"WebPage","@id":"https:\/\/www.welovecycling.com\/hu\/edzes-es-eletmod\/keresztedzes-otthon\/","url":"https:\/\/www.welovecycling.com\/hu\/edzes-es-eletmod\/keresztedzes-otthon\/","name":"Keresztedz\u00e9s otthon - \u0160koda We Love Cycling - Magyarorsz\u00e1g","isPartOf":{"@id":"https:\/\/www.welovecycling.com\/hu\/#website"},"primaryImageOfPage":{"@id":"https:\/\/www.welovecycling.com\/hu\/edzes-es-eletmod\/keresztedzes-otthon\/#primaryimage"},"image":{"@id":"https:\/\/www.welovecycling.com\/hu\/edzes-es-eletmod\/keresztedzes-otthon\/#primaryimage"},"thumbnailUrl":"https:\/\/d2p6e6u75xmxt8.cloudfront.net\/12\/2020\/04\/Push-up-CVR.jpg","datePublished":"2020-04-08T07:00:36+00:00","author":{"@id":"https:\/\/www.welovecycling.com\/hu\/#\/schema\/person\/414a2aebf1801691a5320edb6468e194"},"breadcrumb":{"@id":"https:\/\/www.welovecycling.com\/hu\/edzes-es-eletmod\/keresztedzes-otthon\/#breadcrumb"},"inLanguage":"hu","potentialAction":[{"@type":"ReadAction","target":["https:\/\/www.welovecycling.com\/hu\/edzes-es-eletmod\/keresztedzes-otthon\/"]}]},{"@type":"ImageObject","inLanguage":"hu","@id":"https:\/\/www.welovecycling.com\/hu\/edzes-es-eletmod\/keresztedzes-otthon\/#primaryimage","url":"https:\/\/d2p6e6u75xmxt8.cloudfront.net\/12\/2020\/04\/Push-up-CVR.jpg","contentUrl":"https:\/\/d2p6e6u75xmxt8.cloudfront.net\/12\/2020\/04\/Push-up-CVR.jpg","width":1366,"height":600},{"@type":"BreadcrumbList","@id":"https:\/\/www.welovecycling.com\/hu\/edzes-es-eletmod\/keresztedzes-otthon\/#breadcrumb","itemListElement":[{"@type":"ListItem","position":1,"name":"Home","item":"https:\/\/www.welovecycling.com\/hu\/"},{"@type":"ListItem","position":2,"name":"Keresztedz\u00e9s otthon"}]},{"@type":"WebSite","@id":"https:\/\/www.welovecycling.com\/hu\/#website","url":"https:\/\/www.welovecycling.com\/hu\/","name":"\u0160koda We Love Cycling - Magyarorsz\u00e1g","description":"\u0160koda WeLoveCycling","potentialAction":[{"@type":"SearchAction","target":{"@type":"EntryPoint","urlTemplate":"https:\/\/www.welovecycling.com\/hu\/?s={search_term_string}"},"query-input":{"@type":"PropertyValueSpecification","valueRequired":true,"valueName":"search_term_string"}}],"inLanguage":"hu"},{"@type":"Person","@id":"https:\/\/www.welovecycling.com\/hu\/#\/schema\/person\/414a2aebf1801691a5320edb6468e194","name":"hegyizs","image":{"@type":"ImageObject","inLanguage":"hu","@id":"https:\/\/www.welovecycling.com\/hu\/#\/schema\/person\/image\/","url":"https:\/\/secure.gravatar.com\/avatar\/02cf8a7906b8cf90cecb4679defac7cfd33a1c2e3b88e4903d947f3bb58eedd3?s=96&d=mm&r=g","contentUrl":"https:\/\/secure.gravatar.com\/avatar\/02cf8a7906b8cf90cecb4679defac7cfd33a1c2e3b88e4903d947f3bb58eedd3?s=96&d=mm&r=g","caption":"hegyizs"},"url":"https:\/\/www.welovecycling.com\/hu\/author\/hegyizs\/"}]}},"_links":{"self":[{"href":"https:\/\/www.welovecycling.com\/hu\/wp-json\/wp\/v2\/posts\/7315","targetHints":{"allow":["GET"]}}],"collection":[{"href":"https:\/\/www.welovecycling.com\/hu\/wp-json\/wp\/v2\/posts"}],"about":[{"href":"https:\/\/www.welovecycling.com\/hu\/wp-json\/wp\/v2\/types\/post"}],"author":[{"embeddable":true,"href":"https:\/\/www.welovecycling.com\/hu\/wp-json\/wp\/v2\/users\/71"}],"replies":[{"embeddable":true,"href":"https:\/\/www.welovecycling.com\/hu\/wp-json\/wp\/v2\/comments?post=7315"}],"version-history":[{"count":2,"href":"https:\/\/www.welovecycling.com\/hu\/wp-json\/wp\/v2\/posts\/7315\/revisions"}],"predecessor-version":[{"id":7337,"href":"https:\/\/www.welovecycling.com\/hu\/wp-json\/wp\/v2\/posts\/7315\/revisions\/7337"}],"wp:featuredmedia":[{"embeddable":true,"href":"https:\/\/www.welovecycling.com\/hu\/wp-json\/wp\/v2\/media\/7319"}],"wp:attachment":[{"href":"https:\/\/www.welovecycling.com\/hu\/wp-json\/wp\/v2\/media?parent=7315"}],"wp:term":[{"taxonomy":"category","embeddable":true,"href":"https:\/\/www.welovecycling.com\/hu\/wp-json\/wp\/v2\/categories?post=7315"},{"taxonomy":"post_tag","embeddable":true,"href":"https:\/\/www.welovecycling.com\/hu\/wp-json\/wp\/v2\/tags?post=7315"},{"taxonomy":"global-categories","embeddable":true,"href":"https:\/\/www.welovecycling.com\/hu\/wp-json\/wp\/v2\/global-categories?post=7315"}],"curies":[{"name":"wp","href":"https:\/\/api.w.org\/{rel}","templated":true}]}}