{"id":7309,"date":"2020-04-04T08:00:38","date_gmt":"2020-04-04T07:00:38","guid":{"rendered":"https:\/\/www.welovecycling.com\/hu\/?p=7309"},"modified":"2020-03-31T11:05:42","modified_gmt":"2020-03-31T10:05:42","slug":"gyors-fejleszteseket-iger-a-fovaros-a-kerekparosoknak","status":"publish","type":"post","link":"https:\/\/www.welovecycling.com\/hu\/kozosseg-es-kultura\/gyors-fejleszteseket-iger-a-fovaros-a-kerekparosoknak\/","title":{"rendered":"Gyors fejleszt\u00e9seket \u00edg\u00e9r a f\u0151v\u00e1ros a ker\u00e9kp\u00e1rosoknak"},"content":{"rendered":"<p><strong>Nem k\u00f6nny\u0171 alkalmazkodni a kialakult helyzethez, azonban ha megpr\u00f3b\u00e1lunk a pozit\u00edv dolgokra koncentr\u00e1lni, \u00e9szrevehetj\u00fck, hogy a biciklisek ellepik az utc\u00e1kat. Sokan r\u00e1j\u00f6nnek, hogy t\u00f6megk\u00f6zleked\u00e9s helyett milyen j\u00f3 alternat\u00edva a teker\u00e9s! Erre pedig a nagyv\u00e1rosok vil\u00e1gszerte reag\u00e1lnak: ideiglenes ker\u00e9kp\u00e1rutakat nyitnak, hogy seg\u00edts\u00e9k a biciklivel k\u00f6zleked\u0151ket. Budapest is gyors fejleszt\u00e9seket tervez, melyeket tavasz elej\u00e9re meg is akar val\u00f3s\u00edtani.<\/strong><!--more--><\/p>\n<p>Jelent\u0151sen lecs\u00f6kkent az aut\u00f3s forgalom a f\u0151v\u00e1rosban: k\u00f6r\u00fclbel\u00fcl 50%-ra esett vissza a k\u00f6z\u00fati k\u00f6zleked\u0151k sz\u00e1ma. Ez lehet\u0151v\u00e9 teszi, hogy a ker\u00e9kp\u00e1ros \u00fatvonalakat a lehet\u0151 leggyorsabban k\u00f6ss\u00e9k \u00f6ssze \u00e9s fejlessz\u00e9k tov\u00e1bb. Balogh Samu, a f\u0151polg\u00e1rmesteri iroda kabinetf\u0151n\u00f6ke az Indexnek elmondta, hogy m\u00e1r folynak az el\u0151k\u00e9sz\u00fcletek:<\/p>\n<p><em>\u201eA f\u0151v\u00e1rosi \u00f6nkorm\u00e1nyzat szakmai st\u00e1bja elkezdte kidolgozni a ker\u00e9kp\u00e1ros h\u00e1l\u00f3zat gyors b\u0151v\u00edt\u00e9s\u00e9nek strat\u00e9gi\u00e1j\u00e1t, ami a lecs\u00f6kkent k\u00f6z\u00fati forgalom mellett is biztons\u00e1gos \u00e9s komfortos felt\u00e9teleket teremt.\u201d<\/em><\/p>\n<p>M\u00e1r a v\u00e9szhelyzet kezdete \u00f3ta nyilv\u00e1nval\u00f3v\u00e1 v\u00e1lt, hogy a t\u00f6megk\u00f6zleked\u00e9si eszk\u00f6z\u00f6kre alternat\u00edv\u00e1t kell ny\u00fajtania a v\u00e1rosvezet\u00e9snek. Aut\u00f3ra nem mindenki tud v\u00e1ltani, r\u00e1ad\u00e1sul a megn\u00f6vekedett sz\u00e1m\u00fa g\u00e9pkocsiknak nincs el\u00e9g parkol\u00f3hely, \u00edgy a megold\u00e1s a bicikli. A Mol Bubi szinte azonnal reag\u00e1lt: 100 Ft-ra cs\u00f6kkentette havi d\u00edj\u00e1t, hogy mindenki haszn\u00e1lhassa a k\u00f6z\u00f6ss\u00e9gi bicikliket. Nem k\u00e9slekedhetnek azonban az infrastrukt\u00fara fejleszt\u00e9s\u00e9vel sem: a c\u00e9l, hogy a ker\u00e9kp\u00e1r egy biztons\u00e1gos \u00e9s el\u00e9rhet\u0151 opci\u00f3 legyen.<\/p>\n<figure id=\"attachment_7310\" aria-describedby=\"caption-attachment-7310\" style=\"width: 720px\" class=\"wp-caption aligncenter\"><img loading=\"lazy\" decoding=\"async\" class=\"wp-image-7310 size-full\" src=\"https:\/\/d2p6e6u75xmxt8.cloudfront.net\/12\/2020\/03\/wlc_200404_02.jpg\" alt=\"\" width=\"720\" height=\"480\" srcset=\"https:\/\/d2p6e6u75xmxt8.cloudfront.net\/12\/2020\/03\/wlc_200404_02.jpg 720w, https:\/\/d2p6e6u75xmxt8.cloudfront.net\/12\/2020\/03\/wlc_200404_02-300x200.jpg 300w, https:\/\/d2p6e6u75xmxt8.cloudfront.net\/12\/2020\/03\/wlc_200404_02-272x182.jpg 272w\" sizes=\"auto, (max-width: 720px) 100vw, 720px\" \/><figcaption id=\"caption-attachment-7310\" class=\"wp-caption-text\">A j\u00e1rv\u00e1ny ideje alatt 100 Ft-\u00e9rt haszn\u00e1lhat\u00f3 a Mol Bubi. Forr\u00e1s: MTI\/MTVA\/Bizom\u00e1nyosi: R\u00f3ka L\u00e1szl\u00f3<\/figcaption><\/figure>\n<p>M\u00e9g nem nyilv\u00e1nos minden tervezett \u00faj \u00fatvonal, azonban a szervezet honlapj\u00e1n tal\u00e1lhatunk m\u00e1r megl\u00e9v\u0151 terveket: a Baross utc\u00e1ban, a V\u00e1g\u00f3h\u00edd utc\u00e1ban \u00e9s a T\u00e9t\u00e9nyi \u00faton lak\u00f3k biztosan \u00f6r\u00fclhetnek majd a fejleszt\u00e9seknek! Emellett folyik a Nagyk\u00f6r\u00faton kialak\u00edtott ideiglenes ker\u00e9kp\u00e1rs\u00e1vok tesztje, \u00e9s a Belgr\u00e1d rakparton is sz\u00e1m\u00edthatunk v\u00e1ltoz\u00e1sokra.<\/p>\n<p><img loading=\"lazy\" decoding=\"async\" class=\"aligncenter size-full wp-image-7311\" src=\"https:\/\/d2p6e6u75xmxt8.cloudfront.net\/12\/2020\/03\/wlc_200404_03.jpg\" alt=\"\" width=\"1268\" height=\"786\" srcset=\"https:\/\/d2p6e6u75xmxt8.cloudfront.net\/12\/2020\/03\/wlc_200404_03.jpg 1268w, https:\/\/d2p6e6u75xmxt8.cloudfront.net\/12\/2020\/03\/wlc_200404_03-300x186.jpg 300w, https:\/\/d2p6e6u75xmxt8.cloudfront.net\/12\/2020\/03\/wlc_200404_03-768x476.jpg 768w, https:\/\/d2p6e6u75xmxt8.cloudfront.net\/12\/2020\/03\/wlc_200404_03-1024x635.jpg 1024w\" sizes=\"auto, (max-width: 1268px) 100vw, 1268px\" \/><\/p>\n<p><em>Forr\u00e1s: <\/em><a href=\"https:\/\/index.hu\/belfold\/2020\/03\/30\/aprilistol_a_kerekparos_halozat_gyors_boviteset_tervezi_a_fovaros\/\" target=\"_blank\" rel=\"noopener\"><em>index.hu<\/em><\/a><\/p>\n","protected":false},"excerpt":{"rendered":"<p>Nem k\u00f6nny\u0171 alkalmazkodni a kialakult helyzethez, azonban ha megpr\u00f3b\u00e1lunk a pozit\u00edv dolgokra koncentr\u00e1lni, \u00e9szrevehetj\u00fck, hogy a biciklisek ellepik az utc\u00e1kat. [&hellip;]<\/p>\n","protected":false},"author":71,"featured_media":7312,"comment_status":"open","ping_status":"open","sticky":false,"template":"","format":"standard","meta":{"footnotes":""},"categories":[12],"tags":[],"global-categories":[],"class_list":["post-7309","post","type-post","status-publish","format-standard","has-post-thumbnail","hentry","category-kozosseg-es-kultura"],"yoast_head":"<!-- This site is optimized with the Yoast SEO Premium plugin v25.3 (Yoast SEO v25.9) - https:\/\/yoast.com\/wordpress\/plugins\/seo\/ -->\n<title>Gyors fejleszt\u00e9seket \u00edg\u00e9r a f\u0151v\u00e1ros a ker\u00e9kp\u00e1rosoknak - \u0160koda We Love Cycling - Magyarorsz\u00e1g<\/title>\n<meta name=\"robots\" content=\"index, follow, max-snippet:-1, max-image-preview:large, max-video-preview:-1\" \/>\n<link rel=\"canonical\" href=\"https:\/\/www.welovecycling.com\/hu\/kozosseg-es-kultura\/gyors-fejleszteseket-iger-a-fovaros-a-kerekparosoknak\/\" \/>\n<meta property=\"og:locale\" content=\"hu_HU\" \/>\n<meta property=\"og:type\" content=\"article\" \/>\n<meta property=\"og:title\" content=\"Gyors fejleszt\u00e9seket \u00edg\u00e9r a f\u0151v\u00e1ros a ker\u00e9kp\u00e1rosoknak\" \/>\n<meta property=\"og:description\" content=\"Nem k\u00f6nny\u0171 alkalmazkodni a kialakult helyzethez, azonban ha megpr\u00f3b\u00e1lunk a pozit\u00edv dolgokra koncentr\u00e1lni, \u00e9szrevehetj\u00fck, hogy a biciklisek ellepik az utc\u00e1kat. [&hellip;]\" \/>\n<meta property=\"og:url\" content=\"https:\/\/www.welovecycling.com\/hu\/kozosseg-es-kultura\/gyors-fejleszteseket-iger-a-fovaros-a-kerekparosoknak\/\" \/>\n<meta property=\"og:site_name\" content=\"\u0160koda We Love Cycling - Magyarorsz\u00e1g\" \/>\n<meta property=\"article:publisher\" content=\"https:\/\/www.facebook.com\/WeLoveCyclingHungary\/\" \/>\n<meta property=\"article:published_time\" content=\"2020-04-04T07:00:38+00:00\" \/>\n<meta property=\"og:image\" content=\"https:\/\/d2p6e6u75xmxt8.cloudfront.net\/12\/2020\/03\/wlc_200404.jpg\" \/>\n\t<meta property=\"og:image:width\" content=\"1108\" \/>\n\t<meta property=\"og:image:height\" content=\"624\" \/>\n\t<meta property=\"og:image:type\" content=\"image\/jpeg\" \/>\n<meta name=\"author\" content=\"hegyizs\" \/>\n<meta name=\"twitter:card\" content=\"summary_large_image\" \/>\n<meta name=\"twitter:label1\" content=\"Written by\" \/>\n\t<meta name=\"twitter:data1\" content=\"WLC\" \/>\n\t<meta name=\"twitter:label2\" content=\"Est. reading time\" \/>\n\t<meta name=\"twitter:data2\" content=\"2 minutes\" \/>\n<script type=\"application\/ld+json\" class=\"yoast-schema-graph\">{\"@context\":\"https:\/\/schema.org\",\"@graph\":[{\"@type\":\"WebPage\",\"@id\":\"https:\/\/www.welovecycling.com\/hu\/kozosseg-es-kultura\/gyors-fejleszteseket-iger-a-fovaros-a-kerekparosoknak\/\",\"url\":\"https:\/\/www.welovecycling.com\/hu\/kozosseg-es-kultura\/gyors-fejleszteseket-iger-a-fovaros-a-kerekparosoknak\/\",\"name\":\"Gyors fejleszt\u00e9seket \u00edg\u00e9r a f\u0151v\u00e1ros a ker\u00e9kp\u00e1rosoknak - \u0160koda We Love Cycling - Magyarorsz\u00e1g\",\"isPartOf\":{\"@id\":\"https:\/\/www.welovecycling.com\/hu\/#website\"},\"primaryImageOfPage\":{\"@id\":\"https:\/\/www.welovecycling.com\/hu\/kozosseg-es-kultura\/gyors-fejleszteseket-iger-a-fovaros-a-kerekparosoknak\/#primaryimage\"},\"image\":{\"@id\":\"https:\/\/www.welovecycling.com\/hu\/kozosseg-es-kultura\/gyors-fejleszteseket-iger-a-fovaros-a-kerekparosoknak\/#primaryimage\"},\"thumbnailUrl\":\"https:\/\/d2p6e6u75xmxt8.cloudfront.net\/12\/2020\/03\/wlc_200404.jpg\",\"datePublished\":\"2020-04-04T07:00:38+00:00\",\"author\":{\"@id\":\"https:\/\/www.welovecycling.com\/hu\/#\/schema\/person\/414a2aebf1801691a5320edb6468e194\"},\"breadcrumb\":{\"@id\":\"https:\/\/www.welovecycling.com\/hu\/kozosseg-es-kultura\/gyors-fejleszteseket-iger-a-fovaros-a-kerekparosoknak\/#breadcrumb\"},\"inLanguage\":\"hu\",\"potentialAction\":[{\"@type\":\"ReadAction\",\"target\":[\"https:\/\/www.welovecycling.com\/hu\/kozosseg-es-kultura\/gyors-fejleszteseket-iger-a-fovaros-a-kerekparosoknak\/\"]}]},{\"@type\":\"ImageObject\",\"inLanguage\":\"hu\",\"@id\":\"https:\/\/www.welovecycling.com\/hu\/kozosseg-es-kultura\/gyors-fejleszteseket-iger-a-fovaros-a-kerekparosoknak\/#primaryimage\",\"url\":\"https:\/\/d2p6e6u75xmxt8.cloudfront.net\/12\/2020\/03\/wlc_200404.jpg\",\"contentUrl\":\"https:\/\/d2p6e6u75xmxt8.cloudfront.net\/12\/2020\/03\/wlc_200404.jpg\",\"width\":1108,\"height\":624},{\"@type\":\"BreadcrumbList\",\"@id\":\"https:\/\/www.welovecycling.com\/hu\/kozosseg-es-kultura\/gyors-fejleszteseket-iger-a-fovaros-a-kerekparosoknak\/#breadcrumb\",\"itemListElement\":[{\"@type\":\"ListItem\",\"position\":1,\"name\":\"Home\",\"item\":\"https:\/\/www.welovecycling.com\/hu\/\"},{\"@type\":\"ListItem\",\"position\":2,\"name\":\"Gyors fejleszt\u00e9seket \u00edg\u00e9r a f\u0151v\u00e1ros a ker\u00e9kp\u00e1rosoknak\"}]},{\"@type\":\"WebSite\",\"@id\":\"https:\/\/www.welovecycling.com\/hu\/#website\",\"url\":\"https:\/\/www.welovecycling.com\/hu\/\",\"name\":\"\u0160koda We Love Cycling - Magyarorsz\u00e1g\",\"description\":\"\u0160koda WeLoveCycling\",\"potentialAction\":[{\"@type\":\"SearchAction\",\"target\":{\"@type\":\"EntryPoint\",\"urlTemplate\":\"https:\/\/www.welovecycling.com\/hu\/?s={search_term_string}\"},\"query-input\":{\"@type\":\"PropertyValueSpecification\",\"valueRequired\":true,\"valueName\":\"search_term_string\"}}],\"inLanguage\":\"hu\"},{\"@type\":\"Person\",\"@id\":\"https:\/\/www.welovecycling.com\/hu\/#\/schema\/person\/414a2aebf1801691a5320edb6468e194\",\"name\":\"hegyizs\",\"image\":{\"@type\":\"ImageObject\",\"inLanguage\":\"hu\",\"@id\":\"https:\/\/www.welovecycling.com\/hu\/#\/schema\/person\/image\/\",\"url\":\"https:\/\/secure.gravatar.com\/avatar\/02cf8a7906b8cf90cecb4679defac7cfd33a1c2e3b88e4903d947f3bb58eedd3?s=96&d=mm&r=g\",\"contentUrl\":\"https:\/\/secure.gravatar.com\/avatar\/02cf8a7906b8cf90cecb4679defac7cfd33a1c2e3b88e4903d947f3bb58eedd3?s=96&d=mm&r=g\",\"caption\":\"hegyizs\"},\"url\":\"https:\/\/www.welovecycling.com\/hu\/author\/hegyizs\/\"}]}<\/script>\n<!-- \/ Yoast SEO Premium plugin. -->","yoast_head_json":{"title":"Gyors fejleszt\u00e9seket \u00edg\u00e9r a f\u0151v\u00e1ros a ker\u00e9kp\u00e1rosoknak - \u0160koda We Love Cycling - Magyarorsz\u00e1g","robots":{"index":"index","follow":"follow","max-snippet":"max-snippet:-1","max-image-preview":"max-image-preview:large","max-video-preview":"max-video-preview:-1"},"canonical":"https:\/\/www.welovecycling.com\/hu\/kozosseg-es-kultura\/gyors-fejleszteseket-iger-a-fovaros-a-kerekparosoknak\/","og_locale":"hu_HU","og_type":"article","og_title":"Gyors fejleszt\u00e9seket \u00edg\u00e9r a f\u0151v\u00e1ros a ker\u00e9kp\u00e1rosoknak","og_description":"Nem k\u00f6nny\u0171 alkalmazkodni a kialakult helyzethez, azonban ha megpr\u00f3b\u00e1lunk a pozit\u00edv dolgokra koncentr\u00e1lni, \u00e9szrevehetj\u00fck, hogy a biciklisek ellepik az utc\u00e1kat. [&hellip;]","og_url":"https:\/\/www.welovecycling.com\/hu\/kozosseg-es-kultura\/gyors-fejleszteseket-iger-a-fovaros-a-kerekparosoknak\/","og_site_name":"\u0160koda We Love Cycling - Magyarorsz\u00e1g","article_publisher":"https:\/\/www.facebook.com\/WeLoveCyclingHungary\/","article_published_time":"2020-04-04T07:00:38+00:00","og_image":[{"width":1108,"height":624,"url":"https:\/\/d2p6e6u75xmxt8.cloudfront.net\/12\/2020\/03\/wlc_200404.jpg","type":"image\/jpeg"}],"author":"hegyizs","twitter_card":"summary_large_image","twitter_misc":{"Written by":"WLC","Est. reading time":"2 minutes"},"schema":{"@context":"https:\/\/schema.org","@graph":[{"@type":"WebPage","@id":"https:\/\/www.welovecycling.com\/hu\/kozosseg-es-kultura\/gyors-fejleszteseket-iger-a-fovaros-a-kerekparosoknak\/","url":"https:\/\/www.welovecycling.com\/hu\/kozosseg-es-kultura\/gyors-fejleszteseket-iger-a-fovaros-a-kerekparosoknak\/","name":"Gyors fejleszt\u00e9seket \u00edg\u00e9r a f\u0151v\u00e1ros a ker\u00e9kp\u00e1rosoknak - \u0160koda We Love Cycling - Magyarorsz\u00e1g","isPartOf":{"@id":"https:\/\/www.welovecycling.com\/hu\/#website"},"primaryImageOfPage":{"@id":"https:\/\/www.welovecycling.com\/hu\/kozosseg-es-kultura\/gyors-fejleszteseket-iger-a-fovaros-a-kerekparosoknak\/#primaryimage"},"image":{"@id":"https:\/\/www.welovecycling.com\/hu\/kozosseg-es-kultura\/gyors-fejleszteseket-iger-a-fovaros-a-kerekparosoknak\/#primaryimage"},"thumbnailUrl":"https:\/\/d2p6e6u75xmxt8.cloudfront.net\/12\/2020\/03\/wlc_200404.jpg","datePublished":"2020-04-04T07:00:38+00:00","author":{"@id":"https:\/\/www.welovecycling.com\/hu\/#\/schema\/person\/414a2aebf1801691a5320edb6468e194"},"breadcrumb":{"@id":"https:\/\/www.welovecycling.com\/hu\/kozosseg-es-kultura\/gyors-fejleszteseket-iger-a-fovaros-a-kerekparosoknak\/#breadcrumb"},"inLanguage":"hu","potentialAction":[{"@type":"ReadAction","target":["https:\/\/www.welovecycling.com\/hu\/kozosseg-es-kultura\/gyors-fejleszteseket-iger-a-fovaros-a-kerekparosoknak\/"]}]},{"@type":"ImageObject","inLanguage":"hu","@id":"https:\/\/www.welovecycling.com\/hu\/kozosseg-es-kultura\/gyors-fejleszteseket-iger-a-fovaros-a-kerekparosoknak\/#primaryimage","url":"https:\/\/d2p6e6u75xmxt8.cloudfront.net\/12\/2020\/03\/wlc_200404.jpg","contentUrl":"https:\/\/d2p6e6u75xmxt8.cloudfront.net\/12\/2020\/03\/wlc_200404.jpg","width":1108,"height":624},{"@type":"BreadcrumbList","@id":"https:\/\/www.welovecycling.com\/hu\/kozosseg-es-kultura\/gyors-fejleszteseket-iger-a-fovaros-a-kerekparosoknak\/#breadcrumb","itemListElement":[{"@type":"ListItem","position":1,"name":"Home","item":"https:\/\/www.welovecycling.com\/hu\/"},{"@type":"ListItem","position":2,"name":"Gyors fejleszt\u00e9seket \u00edg\u00e9r a f\u0151v\u00e1ros a ker\u00e9kp\u00e1rosoknak"}]},{"@type":"WebSite","@id":"https:\/\/www.welovecycling.com\/hu\/#website","url":"https:\/\/www.welovecycling.com\/hu\/","name":"\u0160koda We Love Cycling - Magyarorsz\u00e1g","description":"\u0160koda WeLoveCycling","potentialAction":[{"@type":"SearchAction","target":{"@type":"EntryPoint","urlTemplate":"https:\/\/www.welovecycling.com\/hu\/?s={search_term_string}"},"query-input":{"@type":"PropertyValueSpecification","valueRequired":true,"valueName":"search_term_string"}}],"inLanguage":"hu"},{"@type":"Person","@id":"https:\/\/www.welovecycling.com\/hu\/#\/schema\/person\/414a2aebf1801691a5320edb6468e194","name":"hegyizs","image":{"@type":"ImageObject","inLanguage":"hu","@id":"https:\/\/www.welovecycling.com\/hu\/#\/schema\/person\/image\/","url":"https:\/\/secure.gravatar.com\/avatar\/02cf8a7906b8cf90cecb4679defac7cfd33a1c2e3b88e4903d947f3bb58eedd3?s=96&d=mm&r=g","contentUrl":"https:\/\/secure.gravatar.com\/avatar\/02cf8a7906b8cf90cecb4679defac7cfd33a1c2e3b88e4903d947f3bb58eedd3?s=96&d=mm&r=g","caption":"hegyizs"},"url":"https:\/\/www.welovecycling.com\/hu\/author\/hegyizs\/"}]}},"_links":{"self":[{"href":"https:\/\/www.welovecycling.com\/hu\/wp-json\/wp\/v2\/posts\/7309","targetHints":{"allow":["GET"]}}],"collection":[{"href":"https:\/\/www.welovecycling.com\/hu\/wp-json\/wp\/v2\/posts"}],"about":[{"href":"https:\/\/www.welovecycling.com\/hu\/wp-json\/wp\/v2\/types\/post"}],"author":[{"embeddable":true,"href":"https:\/\/www.welovecycling.com\/hu\/wp-json\/wp\/v2\/users\/71"}],"replies":[{"embeddable":true,"href":"https:\/\/www.welovecycling.com\/hu\/wp-json\/wp\/v2\/comments?post=7309"}],"version-history":[{"count":1,"href":"https:\/\/www.welovecycling.com\/hu\/wp-json\/wp\/v2\/posts\/7309\/revisions"}],"predecessor-version":[{"id":7313,"href":"https:\/\/www.welovecycling.com\/hu\/wp-json\/wp\/v2\/posts\/7309\/revisions\/7313"}],"wp:featuredmedia":[{"embeddable":true,"href":"https:\/\/www.welovecycling.com\/hu\/wp-json\/wp\/v2\/media\/7312"}],"wp:attachment":[{"href":"https:\/\/www.welovecycling.com\/hu\/wp-json\/wp\/v2\/media?parent=7309"}],"wp:term":[{"taxonomy":"category","embeddable":true,"href":"https:\/\/www.welovecycling.com\/hu\/wp-json\/wp\/v2\/categories?post=7309"},{"taxonomy":"post_tag","embeddable":true,"href":"https:\/\/www.welovecycling.com\/hu\/wp-json\/wp\/v2\/tags?post=7309"},{"taxonomy":"global-categories","embeddable":true,"href":"https:\/\/www.welovecycling.com\/hu\/wp-json\/wp\/v2\/global-categories?post=7309"}],"curies":[{"name":"wp","href":"https:\/\/api.w.org\/{rel}","templated":true}]}}