{"id":729,"date":"2018-04-20T13:27:50","date_gmt":"2018-04-20T13:27:50","guid":{"rendered":"https:\/\/www.welovecycling.com\/hu\/?p=729"},"modified":"2018-04-20T13:27:50","modified_gmt":"2018-04-20T13:27:50","slug":"negy-biciklis-jatek-szamitogepre-es-konzolra-amit-muszaj-kiprobalnod","status":"publish","type":"post","link":"https:\/\/www.welovecycling.com\/hu\/uncategorized\/negy-biciklis-jatek-szamitogepre-es-konzolra-amit-muszaj-kiprobalnod\/","title":{"rendered":"N\u00e9gy biciklis j\u00e1t\u00e9k sz\u00e1m\u00edt\u00f3g\u00e9pre \u00e9s konzolra, amit musz\u00e1j kipr\u00f3b\u00e1lnod!"},"content":{"rendered":"<p><strong>Egy kir\u00e1ly biciklis j\u00e1t\u00e9kot keresel, amivel a rossz id\u0151ben el tudod \u00fctni unalmas perceidet? Kiv\u00e1lasztottunk neked n\u00e9gyet PC-re, XBOX-ra, PS-re \u00e9s oksotelefonra, amiket garant\u00e1ltan im\u00e1dni fogsz! Ir\u00e1ny\u00edtsd saj\u00e1t csapatod a Tour-on, adj be p\u00e1r men\u0151 montis tr\u00fckk\u00f6t, vagy ir\u00e1ny a downhill p\u00e1lya!<\/strong><!--more--><\/p>\n<h2>Pro\u00a0Cycling Manager 2017<\/h2>\n<p>Legy\u00e9l a saj\u00e1t csapatod managere \u00e9s vedd fel a k\u00fczdelmet napjaink legjobbjai ellen! K\u00f6zel 200 verseny v\u00e1r r\u00e1d a vil\u00e1g minden t\u00e1j\u00e1r\u00f3l, k\u00f6zt\u00fck az ikonikus Tour de France \u00e9s a La Vuelta. Az idei verzi\u00f3ban minden fontos d\u00f6nt\u00e9s a te kezedben van: ki versenyezzen a csapatodban, kikb\u0151l \u00e1lljon a szakmai st\u00e1bod, milyen felt\u00e9teleket tartalmazzanak szerz\u0151d\u00e9sek, kik legyenek szponzorok? Mind te d\u00f6nt\u00f6d el! V\u00e1lassz strat\u00e9gi\u00e1t \u00e9s adj utas\u00edt\u00e1sokat a csapatodnak val\u00f3s id\u0151ben. A j\u00e1t\u00e9k a PC-s verzi\u00f3 mellet el\u00e9rhet\u0151 XBOX-on \u00e9s PS4-en is The Tour de France n\u00e9ven.<\/p>\n<lite-youtube videoid=DB2t5aaYCZ8 params=\"enablejsapi=1\" style=\"background-image: url('https:\/\/i.ytimg.com\/vi_webp\/DB2t5aaYCZ8\/maxresdefault.webp');\"><\/lite-youtube>\n<h2>Bike Unchained<\/h2>\n<p>Ennek a p\u00f6rg\u0151s j\u00e1t\u00e9knak a seg\u00edts\u00e9g\u00e9vel b\u00e1rhol \u00e9s b\u00e1rmikor \u00e1t\u00e9lheted az Enduro, a Downhill \u00e9s a Slopestyle izgalmait. Versenyezz, szerezd meg a legmen\u0151bb ker\u00e9kp\u00e1rokat, utazd be a vil\u00e1got, \u00e9s toborozz csapatot, hogy legy\u0151zhesd \u0151sellens\u00e9ged a Predatorok csapat\u00e1t. A j\u00e1t\u00e9k ir\u00e1ny\u00edt\u00e1sa rendk\u00edv\u00fcl egyszer\u0171, \u00edgy k\u00f6nnyen beadhatsz majd olyan bonyolult tr\u00fckk\u00f6ket, mint a tailwhip vagy k\u00fcl\u00f6nb\u00f6z\u0151 backflip vari\u00e1ci\u00f3k.<\/p>\n<lite-youtube videoid=6vTJb5xGOCQ params=\"enablejsapi=1\" style=\"background-image: url('https:\/\/i.ytimg.com\/vi_webp\/6vTJb5xGOCQ\/maxresdefault.webp');\"><\/lite-youtube>\n<h2>Bike Mayhem Mountain Racing<\/h2>\n<p>Ebben az izgalmas j\u00e1t\u00e9kban kipr\u00f3b\u00e1lhatod, milyen lesz\u00e1guldani a hegyoldalakr\u00f3l, mik\u00f6zben \u0151r\u00fcltebbn\u00e9l \u0151r\u00fcltebb tr\u00fckk\u00f6ket adsz be a min\u00e9l magasabb pontsz\u00e1mok\u00e9rt. T\u00f6bb mint 100 p\u00e1lya k\u00f6z\u00fcl v\u00e1laszthatsz \u00e9s pr\u00f3b\u00e1lhatod megd\u00f6nteni a legjobb id\u0151ket. A j\u00e1t\u00e9kban szem\u00e9lyre szabhatod ker\u00e9kp\u00e1rod \u00e9s a felszerel\u00e9sed, ha el\u00e9red a megfelel\u0151 szintet. \u00c9s elesni se f\u00e9lj, a vicces anim\u00e1ci\u00f3k miatt ez is meg\u00e9ri!<\/p>\n<lite-youtube videoid=rGUFK8tUtYA params=\"enablejsapi=1\" style=\"background-image: url('https:\/\/i.ytimg.com\/vi_webp\/rGUFK8tUtYA\/maxresdefault.webp');\"><\/lite-youtube>\n<h2>Stickman Downhill<\/h2>\n<p>A p\u00e1lcikaember visszat\u00e9rt, \u00e9s ez\u00fattal egy p\u00f6rg\u0151s, akci\u00f3 d\u00fas biciklis j\u00e1t\u00e9kban kapott f\u0151szerepet. V\u00e1lassz a 17 k\u00fcl\u00f6nb\u00f6z\u0151 ker\u00e9kp\u00e1r k\u00f6z\u00fcl, amik mind f\u00e9lelmetesen val\u00f3s\u00e1gh\u0171en viselkednek. 90 k\u00fcl\u00f6nb\u00f6z\u0151 p\u00e1ly\u00e1n teheted magad pr\u00f3b\u00e1ra az erd\u0151k s\u0171r\u0171j\u00e9t\u0151l a hegyek tetej\u00e9ig. Bar\u00e1taiddal is \u00f6sszem\u00e9rheted magad a kifejezetten erre fejlesztett p\u00e1ly\u00e1kon, megoszthatod a legjobb vide\u00f3idat vagy megn\u00e9zheted m\u00e1sok legjobb meneteit.<\/p>\n<lite-youtube videoid=vdPIOWL9qhE params=\"enablejsapi=1\" style=\"background-image: url('https:\/\/i.ytimg.com\/vi_webp\/vdPIOWL9qhE\/maxresdefault.webp');\"><\/lite-youtube>\n","protected":false},"excerpt":{"rendered":"<p>Egy kir\u00e1ly biciklis j\u00e1t\u00e9kot keresel, amivel a rossz id\u0151ben el tudod \u00fctni unalmas perceidet? Kiv\u00e1lasztottunk neked n\u00e9gyet PC-re, XBOX-ra, PS-re [&hellip;]<\/p>\n","protected":false},"author":71,"featured_media":733,"comment_status":"open","ping_status":"open","sticky":false,"template":"","format":"standard","meta":{"footnotes":""},"categories":[1],"tags":[17,26,25,16],"global-categories":[],"class_list":["post-729","post","type-post","status-publish","format-standard","has-post-thumbnail","hentry","category-uncategorized","tag-bicikli","tag-biciklis-applikacio","tag-biciklis-jatek","tag-kerekpar"],"yoast_head":"<!-- This site is optimized with the Yoast SEO Premium plugin v25.3 (Yoast SEO v25.9) - https:\/\/yoast.com\/wordpress\/plugins\/seo\/ -->\n<title>N\u00e9gy biciklis j\u00e1t\u00e9k sz\u00e1m\u00edt\u00f3g\u00e9pre \u00e9s konzolra, amit musz\u00e1j kipr\u00f3b\u00e1lnod! - \u0160koda We Love Cycling - Magyarorsz\u00e1g<\/title>\n<meta name=\"description\" content=\"\u00cdme n\u00e9gy biciklis j\u00e1t\u00e9k sz\u00e1m\u00edt\u00f3g\u00e9pre \u00e9s konzolra, amit mindenk\u00e9pp ki kell pr\u00f3b\u00e1lnod, mert garant\u00e1ltan im\u00e1dni fogod \u0151ket!\" \/>\n<meta name=\"robots\" content=\"index, follow, max-snippet:-1, max-image-preview:large, max-video-preview:-1\" \/>\n<link rel=\"canonical\" href=\"https:\/\/www.welovecycling.com\/hu\/uncategorized\/negy-biciklis-jatek-szamitogepre-es-konzolra-amit-muszaj-kiprobalnod\/\" \/>\n<meta property=\"og:locale\" content=\"hu_HU\" \/>\n<meta property=\"og:type\" content=\"article\" \/>\n<meta property=\"og:title\" content=\"N\u00e9gy biciklis j\u00e1t\u00e9k sz\u00e1m\u00edt\u00f3g\u00e9pre \u00e9s konzolra, amit musz\u00e1j kipr\u00f3b\u00e1lnod!\" \/>\n<meta property=\"og:description\" content=\"\u00cdme n\u00e9gy biciklis j\u00e1t\u00e9k sz\u00e1m\u00edt\u00f3g\u00e9pre \u00e9s konzolra, amit mindenk\u00e9pp ki kell pr\u00f3b\u00e1lnod, mert garant\u00e1ltan im\u00e1dni fogod \u0151ket!\" \/>\n<meta property=\"og:url\" content=\"https:\/\/www.welovecycling.com\/hu\/uncategorized\/negy-biciklis-jatek-szamitogepre-es-konzolra-amit-muszaj-kiprobalnod\/\" \/>\n<meta property=\"og:site_name\" content=\"\u0160koda We Love Cycling - Magyarorsz\u00e1g\" \/>\n<meta property=\"article:publisher\" content=\"https:\/\/www.facebook.com\/WeLoveCyclingHungary\/\" \/>\n<meta property=\"article:published_time\" content=\"2018-04-20T13:27:50+00:00\" \/>\n<meta property=\"og:image\" content=\"https:\/\/d2p6e6u75xmxt8.cloudfront.net\/12\/2018\/04\/biciklis-jatekok-heather.jpg\" \/>\n\t<meta property=\"og:image:width\" content=\"1366\" \/>\n\t<meta property=\"og:image:height\" content=\"600\" \/>\n\t<meta property=\"og:image:type\" content=\"image\/jpeg\" \/>\n<meta name=\"author\" content=\"hegyizs\" \/>\n<meta name=\"twitter:card\" content=\"summary_large_image\" \/>\n<meta name=\"twitter:label1\" content=\"Written by\" \/>\n\t<meta name=\"twitter:data1\" content=\"hegyizs\" \/>\n\t<meta name=\"twitter:label2\" content=\"Est. reading time\" \/>\n\t<meta name=\"twitter:data2\" content=\"3 minutes\" \/>\n<script type=\"application\/ld+json\" class=\"yoast-schema-graph\">{\"@context\":\"https:\/\/schema.org\",\"@graph\":[{\"@type\":\"WebPage\",\"@id\":\"https:\/\/www.welovecycling.com\/hu\/uncategorized\/negy-biciklis-jatek-szamitogepre-es-konzolra-amit-muszaj-kiprobalnod\/\",\"url\":\"https:\/\/www.welovecycling.com\/hu\/uncategorized\/negy-biciklis-jatek-szamitogepre-es-konzolra-amit-muszaj-kiprobalnod\/\",\"name\":\"N\u00e9gy biciklis j\u00e1t\u00e9k sz\u00e1m\u00edt\u00f3g\u00e9pre \u00e9s konzolra, amit musz\u00e1j kipr\u00f3b\u00e1lnod! - \u0160koda We Love Cycling - Magyarorsz\u00e1g\",\"isPartOf\":{\"@id\":\"https:\/\/www.welovecycling.com\/hu\/#website\"},\"primaryImageOfPage\":{\"@id\":\"https:\/\/www.welovecycling.com\/hu\/uncategorized\/negy-biciklis-jatek-szamitogepre-es-konzolra-amit-muszaj-kiprobalnod\/#primaryimage\"},\"image\":{\"@id\":\"https:\/\/www.welovecycling.com\/hu\/uncategorized\/negy-biciklis-jatek-szamitogepre-es-konzolra-amit-muszaj-kiprobalnod\/#primaryimage\"},\"thumbnailUrl\":\"https:\/\/d2p6e6u75xmxt8.cloudfront.net\/12\/2018\/04\/biciklis-jatekok-heather.jpg\",\"datePublished\":\"2018-04-20T13:27:50+00:00\",\"author\":{\"@id\":\"https:\/\/www.welovecycling.com\/hu\/#\/schema\/person\/414a2aebf1801691a5320edb6468e194\"},\"description\":\"\u00cdme n\u00e9gy biciklis j\u00e1t\u00e9k sz\u00e1m\u00edt\u00f3g\u00e9pre \u00e9s konzolra, amit mindenk\u00e9pp ki kell pr\u00f3b\u00e1lnod, mert garant\u00e1ltan im\u00e1dni fogod \u0151ket!\",\"breadcrumb\":{\"@id\":\"https:\/\/www.welovecycling.com\/hu\/uncategorized\/negy-biciklis-jatek-szamitogepre-es-konzolra-amit-muszaj-kiprobalnod\/#breadcrumb\"},\"inLanguage\":\"hu\",\"potentialAction\":[{\"@type\":\"ReadAction\",\"target\":[\"https:\/\/www.welovecycling.com\/hu\/uncategorized\/negy-biciklis-jatek-szamitogepre-es-konzolra-amit-muszaj-kiprobalnod\/\"]}]},{\"@type\":\"ImageObject\",\"inLanguage\":\"hu\",\"@id\":\"https:\/\/www.welovecycling.com\/hu\/uncategorized\/negy-biciklis-jatek-szamitogepre-es-konzolra-amit-muszaj-kiprobalnod\/#primaryimage\",\"url\":\"https:\/\/d2p6e6u75xmxt8.cloudfront.net\/12\/2018\/04\/biciklis-jatekok-heather.jpg\",\"contentUrl\":\"https:\/\/d2p6e6u75xmxt8.cloudfront.net\/12\/2018\/04\/biciklis-jatekok-heather.jpg\",\"width\":1366,\"height\":600,\"caption\":\"biciklis-jatekok\"},{\"@type\":\"BreadcrumbList\",\"@id\":\"https:\/\/www.welovecycling.com\/hu\/uncategorized\/negy-biciklis-jatek-szamitogepre-es-konzolra-amit-muszaj-kiprobalnod\/#breadcrumb\",\"itemListElement\":[{\"@type\":\"ListItem\",\"position\":1,\"name\":\"Home\",\"item\":\"https:\/\/www.welovecycling.com\/hu\/\"},{\"@type\":\"ListItem\",\"position\":2,\"name\":\"N\u00e9gy biciklis j\u00e1t\u00e9k sz\u00e1m\u00edt\u00f3g\u00e9pre \u00e9s konzolra, amit musz\u00e1j kipr\u00f3b\u00e1lnod!\"}]},{\"@type\":\"WebSite\",\"@id\":\"https:\/\/www.welovecycling.com\/hu\/#website\",\"url\":\"https:\/\/www.welovecycling.com\/hu\/\",\"name\":\"\u0160koda We Love Cycling - Magyarorsz\u00e1g\",\"description\":\"\u0160koda WeLoveCycling\",\"potentialAction\":[{\"@type\":\"SearchAction\",\"target\":{\"@type\":\"EntryPoint\",\"urlTemplate\":\"https:\/\/www.welovecycling.com\/hu\/?s={search_term_string}\"},\"query-input\":{\"@type\":\"PropertyValueSpecification\",\"valueRequired\":true,\"valueName\":\"search_term_string\"}}],\"inLanguage\":\"hu\"},{\"@type\":\"Person\",\"@id\":\"https:\/\/www.welovecycling.com\/hu\/#\/schema\/person\/414a2aebf1801691a5320edb6468e194\",\"name\":\"hegyizs\",\"image\":{\"@type\":\"ImageObject\",\"inLanguage\":\"hu\",\"@id\":\"https:\/\/www.welovecycling.com\/hu\/#\/schema\/person\/image\/\",\"url\":\"https:\/\/secure.gravatar.com\/avatar\/02cf8a7906b8cf90cecb4679defac7cfd33a1c2e3b88e4903d947f3bb58eedd3?s=96&d=mm&r=g\",\"contentUrl\":\"https:\/\/secure.gravatar.com\/avatar\/02cf8a7906b8cf90cecb4679defac7cfd33a1c2e3b88e4903d947f3bb58eedd3?s=96&d=mm&r=g\",\"caption\":\"hegyizs\"},\"url\":\"https:\/\/www.welovecycling.com\/hu\/author\/hegyizs\/\"}]}<\/script>\n<!-- \/ Yoast SEO Premium plugin. -->","yoast_head_json":{"title":"N\u00e9gy biciklis j\u00e1t\u00e9k sz\u00e1m\u00edt\u00f3g\u00e9pre \u00e9s konzolra, amit musz\u00e1j kipr\u00f3b\u00e1lnod! - \u0160koda We Love Cycling - Magyarorsz\u00e1g","description":"\u00cdme n\u00e9gy biciklis j\u00e1t\u00e9k sz\u00e1m\u00edt\u00f3g\u00e9pre \u00e9s konzolra, amit mindenk\u00e9pp ki kell pr\u00f3b\u00e1lnod, mert garant\u00e1ltan im\u00e1dni fogod \u0151ket!","robots":{"index":"index","follow":"follow","max-snippet":"max-snippet:-1","max-image-preview":"max-image-preview:large","max-video-preview":"max-video-preview:-1"},"canonical":"https:\/\/www.welovecycling.com\/hu\/uncategorized\/negy-biciklis-jatek-szamitogepre-es-konzolra-amit-muszaj-kiprobalnod\/","og_locale":"hu_HU","og_type":"article","og_title":"N\u00e9gy biciklis j\u00e1t\u00e9k sz\u00e1m\u00edt\u00f3g\u00e9pre \u00e9s konzolra, amit musz\u00e1j kipr\u00f3b\u00e1lnod!","og_description":"\u00cdme n\u00e9gy biciklis j\u00e1t\u00e9k sz\u00e1m\u00edt\u00f3g\u00e9pre \u00e9s konzolra, amit mindenk\u00e9pp ki kell pr\u00f3b\u00e1lnod, mert garant\u00e1ltan im\u00e1dni fogod \u0151ket!","og_url":"https:\/\/www.welovecycling.com\/hu\/uncategorized\/negy-biciklis-jatek-szamitogepre-es-konzolra-amit-muszaj-kiprobalnod\/","og_site_name":"\u0160koda We Love Cycling - Magyarorsz\u00e1g","article_publisher":"https:\/\/www.facebook.com\/WeLoveCyclingHungary\/","article_published_time":"2018-04-20T13:27:50+00:00","og_image":[{"width":1366,"height":600,"url":"https:\/\/d2p6e6u75xmxt8.cloudfront.net\/12\/2018\/04\/biciklis-jatekok-heather.jpg","type":"image\/jpeg"}],"author":"hegyizs","twitter_card":"summary_large_image","twitter_misc":{"Written by":"hegyizs","Est. reading time":"3 minutes"},"schema":{"@context":"https:\/\/schema.org","@graph":[{"@type":"WebPage","@id":"https:\/\/www.welovecycling.com\/hu\/uncategorized\/negy-biciklis-jatek-szamitogepre-es-konzolra-amit-muszaj-kiprobalnod\/","url":"https:\/\/www.welovecycling.com\/hu\/uncategorized\/negy-biciklis-jatek-szamitogepre-es-konzolra-amit-muszaj-kiprobalnod\/","name":"N\u00e9gy biciklis j\u00e1t\u00e9k sz\u00e1m\u00edt\u00f3g\u00e9pre \u00e9s konzolra, amit musz\u00e1j kipr\u00f3b\u00e1lnod! - \u0160koda We Love Cycling - Magyarorsz\u00e1g","isPartOf":{"@id":"https:\/\/www.welovecycling.com\/hu\/#website"},"primaryImageOfPage":{"@id":"https:\/\/www.welovecycling.com\/hu\/uncategorized\/negy-biciklis-jatek-szamitogepre-es-konzolra-amit-muszaj-kiprobalnod\/#primaryimage"},"image":{"@id":"https:\/\/www.welovecycling.com\/hu\/uncategorized\/negy-biciklis-jatek-szamitogepre-es-konzolra-amit-muszaj-kiprobalnod\/#primaryimage"},"thumbnailUrl":"https:\/\/d2p6e6u75xmxt8.cloudfront.net\/12\/2018\/04\/biciklis-jatekok-heather.jpg","datePublished":"2018-04-20T13:27:50+00:00","author":{"@id":"https:\/\/www.welovecycling.com\/hu\/#\/schema\/person\/414a2aebf1801691a5320edb6468e194"},"description":"\u00cdme n\u00e9gy biciklis j\u00e1t\u00e9k sz\u00e1m\u00edt\u00f3g\u00e9pre \u00e9s konzolra, amit mindenk\u00e9pp ki kell pr\u00f3b\u00e1lnod, mert garant\u00e1ltan im\u00e1dni fogod \u0151ket!","breadcrumb":{"@id":"https:\/\/www.welovecycling.com\/hu\/uncategorized\/negy-biciklis-jatek-szamitogepre-es-konzolra-amit-muszaj-kiprobalnod\/#breadcrumb"},"inLanguage":"hu","potentialAction":[{"@type":"ReadAction","target":["https:\/\/www.welovecycling.com\/hu\/uncategorized\/negy-biciklis-jatek-szamitogepre-es-konzolra-amit-muszaj-kiprobalnod\/"]}]},{"@type":"ImageObject","inLanguage":"hu","@id":"https:\/\/www.welovecycling.com\/hu\/uncategorized\/negy-biciklis-jatek-szamitogepre-es-konzolra-amit-muszaj-kiprobalnod\/#primaryimage","url":"https:\/\/d2p6e6u75xmxt8.cloudfront.net\/12\/2018\/04\/biciklis-jatekok-heather.jpg","contentUrl":"https:\/\/d2p6e6u75xmxt8.cloudfront.net\/12\/2018\/04\/biciklis-jatekok-heather.jpg","width":1366,"height":600,"caption":"biciklis-jatekok"},{"@type":"BreadcrumbList","@id":"https:\/\/www.welovecycling.com\/hu\/uncategorized\/negy-biciklis-jatek-szamitogepre-es-konzolra-amit-muszaj-kiprobalnod\/#breadcrumb","itemListElement":[{"@type":"ListItem","position":1,"name":"Home","item":"https:\/\/www.welovecycling.com\/hu\/"},{"@type":"ListItem","position":2,"name":"N\u00e9gy biciklis j\u00e1t\u00e9k sz\u00e1m\u00edt\u00f3g\u00e9pre \u00e9s konzolra, amit musz\u00e1j kipr\u00f3b\u00e1lnod!"}]},{"@type":"WebSite","@id":"https:\/\/www.welovecycling.com\/hu\/#website","url":"https:\/\/www.welovecycling.com\/hu\/","name":"\u0160koda We Love Cycling - Magyarorsz\u00e1g","description":"\u0160koda WeLoveCycling","potentialAction":[{"@type":"SearchAction","target":{"@type":"EntryPoint","urlTemplate":"https:\/\/www.welovecycling.com\/hu\/?s={search_term_string}"},"query-input":{"@type":"PropertyValueSpecification","valueRequired":true,"valueName":"search_term_string"}}],"inLanguage":"hu"},{"@type":"Person","@id":"https:\/\/www.welovecycling.com\/hu\/#\/schema\/person\/414a2aebf1801691a5320edb6468e194","name":"hegyizs","image":{"@type":"ImageObject","inLanguage":"hu","@id":"https:\/\/www.welovecycling.com\/hu\/#\/schema\/person\/image\/","url":"https:\/\/secure.gravatar.com\/avatar\/02cf8a7906b8cf90cecb4679defac7cfd33a1c2e3b88e4903d947f3bb58eedd3?s=96&d=mm&r=g","contentUrl":"https:\/\/secure.gravatar.com\/avatar\/02cf8a7906b8cf90cecb4679defac7cfd33a1c2e3b88e4903d947f3bb58eedd3?s=96&d=mm&r=g","caption":"hegyizs"},"url":"https:\/\/www.welovecycling.com\/hu\/author\/hegyizs\/"}]}},"_links":{"self":[{"href":"https:\/\/www.welovecycling.com\/hu\/wp-json\/wp\/v2\/posts\/729","targetHints":{"allow":["GET"]}}],"collection":[{"href":"https:\/\/www.welovecycling.com\/hu\/wp-json\/wp\/v2\/posts"}],"about":[{"href":"https:\/\/www.welovecycling.com\/hu\/wp-json\/wp\/v2\/types\/post"}],"author":[{"embeddable":true,"href":"https:\/\/www.welovecycling.com\/hu\/wp-json\/wp\/v2\/users\/71"}],"replies":[{"embeddable":true,"href":"https:\/\/www.welovecycling.com\/hu\/wp-json\/wp\/v2\/comments?post=729"}],"version-history":[{"count":2,"href":"https:\/\/www.welovecycling.com\/hu\/wp-json\/wp\/v2\/posts\/729\/revisions"}],"predecessor-version":[{"id":736,"href":"https:\/\/www.welovecycling.com\/hu\/wp-json\/wp\/v2\/posts\/729\/revisions\/736"}],"wp:featuredmedia":[{"embeddable":true,"href":"https:\/\/www.welovecycling.com\/hu\/wp-json\/wp\/v2\/media\/733"}],"wp:attachment":[{"href":"https:\/\/www.welovecycling.com\/hu\/wp-json\/wp\/v2\/media?parent=729"}],"wp:term":[{"taxonomy":"category","embeddable":true,"href":"https:\/\/www.welovecycling.com\/hu\/wp-json\/wp\/v2\/categories?post=729"},{"taxonomy":"post_tag","embeddable":true,"href":"https:\/\/www.welovecycling.com\/hu\/wp-json\/wp\/v2\/tags?post=729"},{"taxonomy":"global-categories","embeddable":true,"href":"https:\/\/www.welovecycling.com\/hu\/wp-json\/wp\/v2\/global-categories?post=729"}],"curies":[{"name":"wp","href":"https:\/\/api.w.org\/{rel}","templated":true}]}}