{"id":7282,"date":"2020-04-05T08:00:12","date_gmt":"2020-04-05T07:00:12","guid":{"rendered":"https:\/\/www.welovecycling.com\/hu\/?p=7282"},"modified":"2020-03-30T08:16:45","modified_gmt":"2020-03-30T07:16:45","slug":"5-konnyu-bringas-kezmuves-ajandektargy-magadnak","status":"publish","type":"post","link":"https:\/\/www.welovecycling.com\/hu\/kozosseg-es-kultura\/5-konnyu-bringas-kezmuves-ajandektargy-magadnak\/","title":{"rendered":"5 k\u00f6nny\u0171, bring\u00e1s k\u00e9zm\u0171ves aj\u00e1nd\u00e9kt\u00e1rgy (magadnak)"},"content":{"rendered":"<p><strong>Senki sem \u00e1ll\u00edthatja, hogy a ker\u00e9kp\u00e1rosok nem kreat\u00edvak. L\u00e1ttunk m\u00e1r r\u00e9gi alkatr\u00e9szeket divatkieg\u00e9sz\u00edt\u0151kt\u0151l kezdve az irodai sz\u00e9kekig, \u00e9s a kett\u0151 k\u00f6z\u00f6tt mindenf\u00e9l\u00e9v\u00e9 avanzs\u00e1lni. <\/strong><strong>Az \u00fajrahasznos\u00edt\u00e1s nagyszer\u0171 m\u00f3dja ez, m\u00e1sodik \u00e9letet adunk ker\u00e9kp\u00e1runknak, miut\u00e1n m\u00e1r nem kelhet \u00fatra. R\u00e1ad\u00e1sul remek sz\u00f3rakoz\u00e1s id\u0151r\u0151l id\u0151re kreat\u00edvkodni, \u00e9s d\u00edssz\u00e9 v\u00e1ltoztatni valamit, ami egy\u00e9bk\u00e9nt a kuk\u00e1ba ker\u00fclne.<\/strong><\/p>\n<p><!--more--><\/p>\n<p>Mi m\u00e1ssal is \u00fcthetn\u00e9nk el az id\u0151t otthonunkban, mint hogy vad rendrak\u00e1sba kezd\u00fcnk, ahogy pedig elfogynak a k\u00e1v\u00e9sb\u00f6gr\u00e9k, a felesleges ruh\u00e1k \u00e9s a piszkos cip\u0151k, el\u0151bb-ut\u00f3bb eljutunk a gar\u00e1zsba is tollsepr\u0171nkkel \u00e9s szemeteszs\u00e1kunkkal felfegyverkezve. El\u0151ker\u00fclnek a r\u00e9gi ker\u00e9kp\u00e1r-alkatr\u00e9szek, amiket valami\u00e9rt nem dobtunk ki. Itt az ideje, hogy okot adjunk n\u00e9hai d\u00f6nt\u00e9s\u00fcnknek: v\u00e1ltoztassuk \u0151ket valami \u00fajj\u00e1! Persze nem lehet mindenki tapasztalt k\u00e9zm\u0171ves, ez\u00e9rt kiv\u00e1lasztottunk n\u00e9h\u00e1ny egyszer\u0171 \u00f6tletet, melyekkel nagyszer\u0171 aj\u00e1nd\u00e9kokat alkothatsz magadnak vagy valaki m\u00e1snak.<\/p>\n<h2><strong>Ker\u00e9k-koll\u00e1zs<\/strong><\/h2>\n<p>Ezt az\u00e9rt im\u00e1djuk, mert nagyon egyszer\u0171 \u00e9s ugyanennyire mutat\u00f3s. Letisztult, modern d\u00edsz, szem\u00e9lyre szabott aj\u00e1nd\u00e9k, vagy a csal\u00e1di f\u00e9szek \u00e9ke is lehet.<\/p>\n<p><a href=\"https:\/\/d2p6e6u75xmxt8.cloudfront.net\/12\/2020\/03\/Bicycle-Wheel-Collage.jpg\"><img loading=\"lazy\" decoding=\"async\" class=\"alignnone size-full wp-image-7283\" src=\"https:\/\/d2p6e6u75xmxt8.cloudfront.net\/12\/2020\/03\/Bicycle-Wheel-Collage.jpg\" alt=\"\" width=\"560\" height=\"420\" srcset=\"https:\/\/d2p6e6u75xmxt8.cloudfront.net\/12\/2020\/03\/Bicycle-Wheel-Collage.jpg 560w, https:\/\/d2p6e6u75xmxt8.cloudfront.net\/12\/2020\/03\/Bicycle-Wheel-Collage-300x225.jpg 300w\" sizes=\"auto, (max-width: 560px) 100vw, 560px\" \/><\/a><\/p>\n<p>Tiszt\u00edtsd meg a r\u00e9gi kereket, keress n\u00e9h\u00e1ny facsipeszt \u2013 ezeket le is festheted egy vid\u00e1m, tavaszi sz\u00ednnel! M\u00e1r csak a f\u00e9nyk\u00e9pek hi\u00e1nyoznak: nyomtasd ki \u0151ket fot\u00f3pap\u00edrra, de a gyerekrajzok \u00e9s a kedves \u00fczenetek is j\u00f3l fognak mutatni!<\/p>\n<figure id=\"attachment_7298\" aria-describedby=\"caption-attachment-7298\" style=\"width: 473px\" class=\"wp-caption alignnone\"><img loading=\"lazy\" decoding=\"async\" class=\"size-full wp-image-7298\" src=\"https:\/\/d2p6e6u75xmxt8.cloudfront.net\/12\/2020\/04\/bicycle-wheel-collage.jpg\" alt=\"\" width=\"473\" height=\"617\" srcset=\"https:\/\/d2p6e6u75xmxt8.cloudfront.net\/12\/2020\/04\/bicycle-wheel-collage.jpg 473w, https:\/\/d2p6e6u75xmxt8.cloudfront.net\/12\/2020\/04\/bicycle-wheel-collage-230x300.jpg 230w\" sizes=\"auto, (max-width: 473px) 100vw, 473px\" \/><figcaption id=\"caption-attachment-7298\" class=\"wp-caption-text\"><em>L\u00e9p\u00e9sr\u0151l l\u00e9p\u00e9sre seg\u00edt elk\u00e9sz\u00edteni a <\/em><a href=\"https:\/\/thegingerpennypincher.wordpress.com\/tag\/bicycle-wheel\/\"><em>ginger penny pincher blog.<\/em><\/a><\/figcaption><\/figure>\n<h2><strong>Vir\u00e1gtart\u00f3 makram\u00e9 csom\u00f3z\u00e1ssal, gumibels\u0151b\u0151l<\/strong><\/h2>\n<p>Ez az \u00f6tlet egyszer\u0171n brili\u00e1ns. Valami gy\u00f6ny\u00f6r\u0171 \u00e9s hasznos a t\u00f6nkrement gumibels\u0151kb\u0151l? Igen! Arr\u00f3l nem is besz\u00e9lve, hogy olyan nincs, hogy egy h\u00e1zba ne kellene t\u00f6bb n\u00f6v\u00e9ny. Ahhoz, hogy ezt a divatos bels\u0151gumi-kasp\u00f3t elk\u00e9sz\u00edtsd, mind\u00f6ssze 3 gumibels\u0151re, valamilyen gy\u0171r\u0171re, n\u00e9h\u00e1ny rajzcsipeszre \u00e9s egy oll\u00f3ra lesz sz\u00fcks\u00e9ged. Rendk\u00edv\u00fcl k\u00f6nny\u0171 elk\u00e9sz\u00edteni: <a href=\"https:\/\/www.bicitoro.com\/tutorial-inner-tube-plant-hanger\/\">a bicitoro.com<\/a> r\u00e9szletes le\u00edr\u00e1st ny\u00fajt. Nem is tudtuk, hogy egy leszakadt bels\u0151 gumi ilyen kellemes l\u00e1tv\u00e1nyt tud ny\u00fajtani!<\/p>\n<p><a href=\"https:\/\/d2p6e6u75xmxt8.cloudfront.net\/12\/2020\/03\/Busted-Inner-Tubes-Pot.jpg\"><img loading=\"lazy\" decoding=\"async\" class=\"alignnone size-full wp-image-7284\" src=\"https:\/\/d2p6e6u75xmxt8.cloudfront.net\/12\/2020\/03\/Busted-Inner-Tubes-Pot.jpg\" alt=\"\" width=\"1000\" height=\"1450\" srcset=\"https:\/\/d2p6e6u75xmxt8.cloudfront.net\/12\/2020\/03\/Busted-Inner-Tubes-Pot.jpg 1000w, https:\/\/d2p6e6u75xmxt8.cloudfront.net\/12\/2020\/03\/Busted-Inner-Tubes-Pot-207x300.jpg 207w, https:\/\/d2p6e6u75xmxt8.cloudfront.net\/12\/2020\/03\/Busted-Inner-Tubes-Pot-768x1114.jpg 768w, https:\/\/d2p6e6u75xmxt8.cloudfront.net\/12\/2020\/03\/Busted-Inner-Tubes-Pot-706x1024.jpg 706w\" sizes=\"auto, (max-width: 1000px) 100vw, 1000px\" \/><\/a><\/p>\n<p>Els\u0151 l\u00e9p\u00e9sk\u00e9nt hajtsd f\u00e9lbe a gumikat \u00e9s csipeszeld \u0151ket \u00f6ssze a k\u00e9pen l\u00e1that\u00f3 m\u00f3don:<\/p>\n<p><img loading=\"lazy\" decoding=\"async\" class=\"size-full wp-image-7299 alignnone\" src=\"https:\/\/d2p6e6u75xmxt8.cloudfront.net\/12\/2020\/04\/DSCN1761.jpg\" alt=\"\" width=\"1000\" height=\"989\" srcset=\"https:\/\/d2p6e6u75xmxt8.cloudfront.net\/12\/2020\/04\/DSCN1761.jpg 1000w, https:\/\/d2p6e6u75xmxt8.cloudfront.net\/12\/2020\/04\/DSCN1761-300x297.jpg 300w, https:\/\/d2p6e6u75xmxt8.cloudfront.net\/12\/2020\/04\/DSCN1761-768x760.jpg 768w\" sizes=\"auto, (max-width: 1000px) 100vw, 1000px\" \/><\/p>\n<p>Majd v\u00e1gd ezeket cs\u00edkokra \u00fagy, hogy 8 sz\u00e1lad legyen \u00f6sszesen. A harmadik bels\u0151b\u0151l pedig v\u00e9konyabb cs\u00edkokat v\u00e1gj, ezeket haszn\u00e1ljuk majd a makram\u00e9 k\u00f6t\u00e9shez.<\/p>\n<p><img loading=\"lazy\" decoding=\"async\" class=\"size-full wp-image-7300 alignnone\" src=\"https:\/\/d2p6e6u75xmxt8.cloudfront.net\/12\/2020\/04\/DSCN1770.jpg\" alt=\"\" width=\"1000\" height=\"633\" srcset=\"https:\/\/d2p6e6u75xmxt8.cloudfront.net\/12\/2020\/04\/DSCN1770.jpg 1000w, https:\/\/d2p6e6u75xmxt8.cloudfront.net\/12\/2020\/04\/DSCN1770-300x190.jpg 300w, https:\/\/d2p6e6u75xmxt8.cloudfront.net\/12\/2020\/04\/DSCN1770-768x486.jpg 768w\" sizes=\"auto, (max-width: 1000px) 100vw, 1000px\" \/><\/p>\n<p>T\u00e1vol\u00edtsd el a csipeszeket, \u00e9s tedd hely\u00e9re a gy\u0171r\u0171t! A csom\u00f3 megk\u00f6t\u00e9s\u00e9t <a href=\"https:\/\/www.youtube.com\/watch?v=wNnPnNRXPpQ&amp;feature=youtu.be\">itt tanulhatod meg<\/a>. Nem csak fel\u00fclre, hanem a sz\u00e1lak v\u00e9g\u00e9re is k\u00f6tn\u00f6d kell egyet-egyet!<\/p>\n<p><img loading=\"lazy\" decoding=\"async\" class=\"size-full wp-image-7301 alignnone\" src=\"https:\/\/d2p6e6u75xmxt8.cloudfront.net\/12\/2020\/04\/DSCN1781.jpg\" alt=\"\" width=\"1000\" height=\"685\" srcset=\"https:\/\/d2p6e6u75xmxt8.cloudfront.net\/12\/2020\/04\/DSCN1781.jpg 1000w, https:\/\/d2p6e6u75xmxt8.cloudfront.net\/12\/2020\/04\/DSCN1781-300x206.jpg 300w, https:\/\/d2p6e6u75xmxt8.cloudfront.net\/12\/2020\/04\/DSCN1781-768x526.jpg 768w\" sizes=\"auto, (max-width: 1000px) 100vw, 1000px\" \/><\/p>\n<p>Ha ez megvan, a cser\u00e9p m\u00e9ret\u00e9nek megfelel\u0151 t\u00e1vols\u00e1gban k\u00f6sd \u00f6ssze a n\u00e9gy egyes\u00edtett sz\u00e1lat, majd helyezd bele a vir\u00e1got!<\/p>\n<p><img loading=\"lazy\" decoding=\"async\" class=\"size-full wp-image-7302 alignnone\" src=\"https:\/\/d2p6e6u75xmxt8.cloudfront.net\/12\/2020\/04\/DSCN1805.jpg\" alt=\"\" width=\"1000\" height=\"1190\" srcset=\"https:\/\/d2p6e6u75xmxt8.cloudfront.net\/12\/2020\/04\/DSCN1805.jpg 1000w, https:\/\/d2p6e6u75xmxt8.cloudfront.net\/12\/2020\/04\/DSCN1805-252x300.jpg 252w, https:\/\/d2p6e6u75xmxt8.cloudfront.net\/12\/2020\/04\/DSCN1805-768x914.jpg 768w, https:\/\/d2p6e6u75xmxt8.cloudfront.net\/12\/2020\/04\/DSCN1805-861x1024.jpg 861w\" sizes=\"auto, (max-width: 1000px) 100vw, 1000px\" \/><\/p>\n<h2><strong>Gyertyatart\u00f3 korm\u00e1nyb\u00f3l<\/strong><\/h2>\n<p>Nincs is eleg\u00e1nsabb egy orsz\u00e1g\u00fati ker\u00e9kp\u00e1r korm\u00e1nyszerkezet\u00e9n\u00e9l! Term\u00e9szetesen ezt is fel\u00faj\u00edtjuk! Szolg\u00e1lhat fali kamp\u00f3k\u00e9nt vagy ak\u00e1r ker\u00e9kp\u00e1r\u00e1llv\u00e1nyk\u00e9nt, de mi lenne, ha m\u00e9g enn\u00e9l is tov\u00e1bb menn\u00e9nk? Tegy\u00fck var\u00e1zslatosabb\u00e1 az otthoni f\u00e9szket gyerty\u00e1kkal! Csak be kell csomagolnod vagy festened a korm\u00e1nyt, amilyen sz\u00edn\u0171re szeretn\u00e9d, majd r\u00e1ragasztani az egyszer\u0171 gyertyatart\u00f3kat, amelyeket biztosan otthon is megtal\u00e1lsz. Fel is k\u00e9sz\u00fcltetek a F\u00f6ld \u00f3r\u00e1j\u00e1ra!<\/p>\n<p><a href=\"https:\/\/d2p6e6u75xmxt8.cloudfront.net\/12\/2020\/03\/Cycling-candle-holders-bedroom-ideas.jpg\"><img loading=\"lazy\" decoding=\"async\" class=\"alignnone size-full wp-image-7285\" src=\"https:\/\/d2p6e6u75xmxt8.cloudfront.net\/12\/2020\/03\/Cycling-candle-holders-bedroom-ideas.jpg\" alt=\"\" width=\"430\" height=\"645\" srcset=\"https:\/\/d2p6e6u75xmxt8.cloudfront.net\/12\/2020\/03\/Cycling-candle-holders-bedroom-ideas.jpg 430w, https:\/\/d2p6e6u75xmxt8.cloudfront.net\/12\/2020\/03\/Cycling-candle-holders-bedroom-ideas-200x300.jpg 200w\" sizes=\"auto, (max-width: 430px) 100vw, 430px\" \/><\/a><\/p>\n<h2><strong>Poh\u00e1ral\u00e1t\u00e9t l\u00e1ncb\u00f3l<\/strong><\/h2>\n<p>Ism\u00e9t letehetsz valamit az asztalra a ker\u00e9kp\u00e1roz\u00e1s ter\u00fclet\u00e9n! Lehelj \u00e9letet r\u00e9gi l\u00e1ncaidba ezekkel a poh\u00e1ral\u00e1t\u00e9tekkel: j\u00f3l n\u00e9z ki \u00e9s m\u00e9g az asztalt is meg\u00f3vja. Mind\u00f6ssze p\u00e1r percbe telik elk\u00e9sz\u00edteni:<\/p>\n<p><a href=\"https:\/\/d2p6e6u75xmxt8.cloudfront.net\/12\/2020\/03\/cycling-coasters.jpg\"><img loading=\"lazy\" decoding=\"async\" class=\"alignnone size-full wp-image-7286\" src=\"https:\/\/d2p6e6u75xmxt8.cloudfront.net\/12\/2020\/03\/cycling-coasters.jpg\" alt=\"\" width=\"800\" height=\"504\" srcset=\"https:\/\/d2p6e6u75xmxt8.cloudfront.net\/12\/2020\/03\/cycling-coasters.jpg 800w, https:\/\/d2p6e6u75xmxt8.cloudfront.net\/12\/2020\/03\/cycling-coasters-300x189.jpg 300w, https:\/\/d2p6e6u75xmxt8.cloudfront.net\/12\/2020\/03\/cycling-coasters-768x484.jpg 768w\" sizes=\"auto, (max-width: 800px) 100vw, 800px\" \/><\/a><\/p>\n<p>A k\u00e9pen parafalapokb\u00f3l k\u00e9sz\u00fclt al\u00e1t\u00e9tet l\u00e1tsz, de ha ez nincs otthon, a karton is megteszi.<\/p>\n<p><img loading=\"lazy\" decoding=\"async\" class=\"size-full wp-image-7303 alignnone\" src=\"https:\/\/d2p6e6u75xmxt8.cloudfront.net\/12\/2020\/04\/bike-supplies-cut-cork.jpg\" alt=\"\" width=\"800\" height=\"533\" srcset=\"https:\/\/d2p6e6u75xmxt8.cloudfront.net\/12\/2020\/04\/bike-supplies-cut-cork.jpg 800w, https:\/\/d2p6e6u75xmxt8.cloudfront.net\/12\/2020\/04\/bike-supplies-cut-cork-300x200.jpg 300w, https:\/\/d2p6e6u75xmxt8.cloudfront.net\/12\/2020\/04\/bike-supplies-cut-cork-768x512.jpg 768w, https:\/\/d2p6e6u75xmxt8.cloudfront.net\/12\/2020\/04\/bike-supplies-cut-cork-272x182.jpg 272w\" sizes=\"auto, (max-width: 800px) 100vw, 800px\" \/><\/p>\n<p>V\u00e1gj ki bel\u0151le n\u00e9h\u00e1ny k\u00f6rt, tekerd k\u00f6rbe a l\u00e1nccal \u2013 v\u00e1gd el ahol sz\u00fcks\u00e9ges, ehhez is kell tal\u00e1lnod eszk\u00f6zt a gar\u00e1zsban. K\u00e9sz is vagy!<\/p>\n<p><img loading=\"lazy\" decoding=\"async\" class=\"size-full wp-image-7304 alignnone\" src=\"https:\/\/d2p6e6u75xmxt8.cloudfront.net\/12\/2020\/04\/add-chain-around-cork.jpg\" alt=\"\" width=\"800\" height=\"533\" srcset=\"https:\/\/d2p6e6u75xmxt8.cloudfront.net\/12\/2020\/04\/add-chain-around-cork.jpg 800w, https:\/\/d2p6e6u75xmxt8.cloudfront.net\/12\/2020\/04\/add-chain-around-cork-300x200.jpg 300w, https:\/\/d2p6e6u75xmxt8.cloudfront.net\/12\/2020\/04\/add-chain-around-cork-768x512.jpg 768w, https:\/\/d2p6e6u75xmxt8.cloudfront.net\/12\/2020\/04\/add-chain-around-cork-272x182.jpg 272w\" sizes=\"auto, (max-width: 800px) 100vw, 800px\" \/><\/p>\n<h2><strong>Alkatr\u00e9sz-sz\u00e9lcseng\u0151<\/strong><\/h2>\n<p>Igaz, hogy sz\u00e9lcseng\u0151t szinte b\u00e1rmib\u0151l k\u00e9sz\u00edthet\u00fcnk, ami nem t\u00fal neh\u00e9z, de b\u00edzz benn\u00fcnk, ez az alkatr\u00e9szekb\u0151l k\u00e9sz\u00fclt lesz a legmen\u0151bb. A felesleges fogaskerekeket \u00e9s l\u00e1ncszemeket tiszt\u00edtsd meg, fesd le, \u00e9s m\u00e1r k\u00e9szen is \u00e1llnak az \u00f6sszeszerel\u00e9sre! F\u0171zd fel \u0151ket damilra, \u00e9s mehet is a kertbe vagy a nappaliba. Nagyon sok v\u00e1ltozat megval\u00f3s\u00edthat\u00f3, hoztunk n\u00e9h\u00e1ny inspir\u00e1ci\u00f3t az indul\u00e1shoz:<\/p>\n<p><a href=\"https:\/\/d2p6e6u75xmxt8.cloudfront.net\/12\/2020\/03\/c9e132d9f6dd8cd5b5d3ee25b20e126f.jpg\"><img loading=\"lazy\" decoding=\"async\" class=\"alignnone size-full wp-image-7287\" src=\"https:\/\/d2p6e6u75xmxt8.cloudfront.net\/12\/2020\/03\/c9e132d9f6dd8cd5b5d3ee25b20e126f.jpg\" alt=\"\" width=\"390\" height=\"390\" srcset=\"https:\/\/d2p6e6u75xmxt8.cloudfront.net\/12\/2020\/03\/c9e132d9f6dd8cd5b5d3ee25b20e126f.jpg 390w, https:\/\/d2p6e6u75xmxt8.cloudfront.net\/12\/2020\/03\/c9e132d9f6dd8cd5b5d3ee25b20e126f-150x150.jpg 150w, https:\/\/d2p6e6u75xmxt8.cloudfront.net\/12\/2020\/03\/c9e132d9f6dd8cd5b5d3ee25b20e126f-300x300.jpg 300w\" sizes=\"auto, (max-width: 390px) 100vw, 390px\" \/><\/a><\/p>\n<div id='gallery-1' class='gallery galleryid-7282 gallery-columns-3 gallery-size-full'><figure class='gallery-item'>\n\t\t\t<div class='gallery-icon portrait'>\n\t\t\t\t<a href='https:\/\/d2p6e6u75xmxt8.cloudfront.net\/12\/2020\/04\/0e7419a2c77999c3735c3abcce7429a6.jpg'><img loading=\"lazy\" decoding=\"async\" width=\"236\" height=\"352\" src=\"https:\/\/d2p6e6u75xmxt8.cloudfront.net\/12\/2020\/04\/0e7419a2c77999c3735c3abcce7429a6.jpg\" class=\"attachment-full size-full\" alt=\"\" srcset=\"https:\/\/d2p6e6u75xmxt8.cloudfront.net\/12\/2020\/04\/0e7419a2c77999c3735c3abcce7429a6.jpg 236w, https:\/\/d2p6e6u75xmxt8.cloudfront.net\/12\/2020\/04\/0e7419a2c77999c3735c3abcce7429a6-201x300.jpg 201w\" sizes=\"auto, (max-width: 236px) 100vw, 236px\" \/><\/a>\n\t\t\t<\/div><\/figure><figure class='gallery-item'>\n\t\t\t<div class='gallery-icon portrait'>\n\t\t\t\t<a href='https:\/\/d2p6e6u75xmxt8.cloudfront.net\/12\/2020\/04\/3da45496782e3851f687f992e45d314c.jpg'><img loading=\"lazy\" decoding=\"async\" width=\"236\" height=\"419\" src=\"https:\/\/d2p6e6u75xmxt8.cloudfront.net\/12\/2020\/04\/3da45496782e3851f687f992e45d314c.jpg\" class=\"attachment-full size-full\" alt=\"\" srcset=\"https:\/\/d2p6e6u75xmxt8.cloudfront.net\/12\/2020\/04\/3da45496782e3851f687f992e45d314c.jpg 236w, https:\/\/d2p6e6u75xmxt8.cloudfront.net\/12\/2020\/04\/3da45496782e3851f687f992e45d314c-169x300.jpg 169w\" sizes=\"auto, (max-width: 236px) 100vw, 236px\" \/><\/a>\n\t\t\t<\/div><\/figure><figure class='gallery-item'>\n\t\t\t<div class='gallery-icon portrait'>\n\t\t\t\t<a href='https:\/\/d2p6e6u75xmxt8.cloudfront.net\/12\/2020\/04\/35998a7531d6ae7a32193b9abc9c2968.jpg'><img loading=\"lazy\" decoding=\"async\" width=\"236\" height=\"314\" src=\"https:\/\/d2p6e6u75xmxt8.cloudfront.net\/12\/2020\/04\/35998a7531d6ae7a32193b9abc9c2968.jpg\" class=\"attachment-full size-full\" alt=\"\" srcset=\"https:\/\/d2p6e6u75xmxt8.cloudfront.net\/12\/2020\/04\/35998a7531d6ae7a32193b9abc9c2968.jpg 236w, https:\/\/d2p6e6u75xmxt8.cloudfront.net\/12\/2020\/04\/35998a7531d6ae7a32193b9abc9c2968-225x300.jpg 225w\" sizes=\"auto, (max-width: 236px) 100vw, 236px\" \/><\/a>\n\t\t\t<\/div><\/figure>\n\t\t<\/div>\n\n","protected":false},"excerpt":{"rendered":"<p>Senki sem \u00e1ll\u00edthatja, hogy a ker\u00e9kp\u00e1rosok nem kreat\u00edvak. L\u00e1ttunk m\u00e1r r\u00e9gi alkatr\u00e9szeket divatkieg\u00e9sz\u00edt\u0151kt\u0151l kezdve az irodai sz\u00e9kekig, \u00e9s a kett\u0151 [&hellip;]<\/p>\n","protected":false},"author":71,"featured_media":7289,"comment_status":"open","ping_status":"open","sticky":false,"template":"","format":"standard","meta":{"footnotes":""},"categories":[12],"tags":[],"global-categories":[],"class_list":["post-7282","post","type-post","status-publish","format-standard","has-post-thumbnail","hentry","category-kozosseg-es-kultura"],"yoast_head":"<!-- This site is optimized with the Yoast SEO Premium plugin v25.3 (Yoast SEO v25.9) - https:\/\/yoast.com\/wordpress\/plugins\/seo\/ -->\n<title>5 k\u00f6nny\u0171, bring\u00e1s k\u00e9zm\u0171ves aj\u00e1nd\u00e9kt\u00e1rgy (magadnak)<\/title>\n<meta name=\"robots\" content=\"index, follow, max-snippet:-1, max-image-preview:large, max-video-preview:-1\" \/>\n<link rel=\"canonical\" href=\"https:\/\/www.welovecycling.com\/hu\/kozosseg-es-kultura\/5-konnyu-bringas-kezmuves-ajandektargy-magadnak\/\" \/>\n<meta property=\"og:locale\" content=\"hu_HU\" \/>\n<meta property=\"og:type\" content=\"article\" \/>\n<meta property=\"og:title\" content=\"5 k\u00f6nny\u0171, bring\u00e1s k\u00e9zm\u0171ves aj\u00e1nd\u00e9kt\u00e1rgy (magadnak)\" \/>\n<meta property=\"og:description\" content=\"Senki sem \u00e1ll\u00edthatja, hogy a ker\u00e9kp\u00e1rosok nem kreat\u00edvak. L\u00e1ttunk m\u00e1r r\u00e9gi alkatr\u00e9szeket divatkieg\u00e9sz\u00edt\u0151kt\u0151l kezdve az irodai sz\u00e9kekig, \u00e9s a kett\u0151 [&hellip;]\" \/>\n<meta property=\"og:url\" content=\"https:\/\/www.welovecycling.com\/hu\/kozosseg-es-kultura\/5-konnyu-bringas-kezmuves-ajandektargy-magadnak\/\" \/>\n<meta property=\"og:site_name\" content=\"\u0160koda We Love Cycling - Magyarorsz\u00e1g\" \/>\n<meta property=\"article:publisher\" content=\"https:\/\/www.facebook.com\/WeLoveCyclingHungary\/\" \/>\n<meta property=\"article:published_time\" content=\"2020-04-05T07:00:12+00:00\" \/>\n<meta property=\"og:image\" content=\"https:\/\/d2p6e6u75xmxt8.cloudfront.net\/12\/2020\/03\/Cycling-Coasters-1.jpg\" \/>\n\t<meta property=\"og:image:width\" content=\"1366\" \/>\n\t<meta property=\"og:image:height\" content=\"600\" \/>\n\t<meta property=\"og:image:type\" content=\"image\/jpeg\" \/>\n<meta name=\"author\" content=\"hegyizs\" \/>\n<meta name=\"twitter:card\" content=\"summary_large_image\" \/>\n<meta name=\"twitter:label1\" content=\"Written by\" \/>\n\t<meta name=\"twitter:data1\" content=\"Megan Flottorp\" \/>\n\t<meta name=\"twitter:label2\" content=\"Est. reading time\" \/>\n\t<meta name=\"twitter:data2\" content=\"5\" \/>\n<script type=\"application\/ld+json\" class=\"yoast-schema-graph\">{\"@context\":\"https:\/\/schema.org\",\"@graph\":[{\"@type\":\"WebPage\",\"@id\":\"https:\/\/www.welovecycling.com\/hu\/kozosseg-es-kultura\/5-konnyu-bringas-kezmuves-ajandektargy-magadnak\/\",\"url\":\"https:\/\/www.welovecycling.com\/hu\/kozosseg-es-kultura\/5-konnyu-bringas-kezmuves-ajandektargy-magadnak\/\",\"name\":\"5 k\u00f6nny\u0171, bring\u00e1s k\u00e9zm\u0171ves aj\u00e1nd\u00e9kt\u00e1rgy (magadnak)\",\"isPartOf\":{\"@id\":\"https:\/\/www.welovecycling.com\/hu\/#website\"},\"primaryImageOfPage\":{\"@id\":\"https:\/\/www.welovecycling.com\/hu\/kozosseg-es-kultura\/5-konnyu-bringas-kezmuves-ajandektargy-magadnak\/#primaryimage\"},\"image\":{\"@id\":\"https:\/\/www.welovecycling.com\/hu\/kozosseg-es-kultura\/5-konnyu-bringas-kezmuves-ajandektargy-magadnak\/#primaryimage\"},\"thumbnailUrl\":\"https:\/\/d2p6e6u75xmxt8.cloudfront.net\/12\/2020\/03\/Cycling-Coasters-1.jpg\",\"datePublished\":\"2020-04-05T07:00:12+00:00\",\"author\":{\"@id\":\"https:\/\/www.welovecycling.com\/hu\/#\/schema\/person\/414a2aebf1801691a5320edb6468e194\"},\"breadcrumb\":{\"@id\":\"https:\/\/www.welovecycling.com\/hu\/kozosseg-es-kultura\/5-konnyu-bringas-kezmuves-ajandektargy-magadnak\/#breadcrumb\"},\"inLanguage\":\"hu\",\"potentialAction\":[{\"@type\":\"ReadAction\",\"target\":[\"https:\/\/www.welovecycling.com\/hu\/kozosseg-es-kultura\/5-konnyu-bringas-kezmuves-ajandektargy-magadnak\/\"]}]},{\"@type\":\"ImageObject\",\"inLanguage\":\"hu\",\"@id\":\"https:\/\/www.welovecycling.com\/hu\/kozosseg-es-kultura\/5-konnyu-bringas-kezmuves-ajandektargy-magadnak\/#primaryimage\",\"url\":\"https:\/\/d2p6e6u75xmxt8.cloudfront.net\/12\/2020\/03\/Cycling-Coasters-1.jpg\",\"contentUrl\":\"https:\/\/d2p6e6u75xmxt8.cloudfront.net\/12\/2020\/03\/Cycling-Coasters-1.jpg\",\"width\":1366,\"height\":600},{\"@type\":\"BreadcrumbList\",\"@id\":\"https:\/\/www.welovecycling.com\/hu\/kozosseg-es-kultura\/5-konnyu-bringas-kezmuves-ajandektargy-magadnak\/#breadcrumb\",\"itemListElement\":[{\"@type\":\"ListItem\",\"position\":1,\"name\":\"Home\",\"item\":\"https:\/\/www.welovecycling.com\/hu\/\"},{\"@type\":\"ListItem\",\"position\":2,\"name\":\"5 k\u00f6nny\u0171, bring\u00e1s k\u00e9zm\u0171ves aj\u00e1nd\u00e9kt\u00e1rgy (magadnak)\"}]},{\"@type\":\"WebSite\",\"@id\":\"https:\/\/www.welovecycling.com\/hu\/#website\",\"url\":\"https:\/\/www.welovecycling.com\/hu\/\",\"name\":\"\u0160koda We Love Cycling - Magyarorsz\u00e1g\",\"description\":\"\u0160koda WeLoveCycling\",\"potentialAction\":[{\"@type\":\"SearchAction\",\"target\":{\"@type\":\"EntryPoint\",\"urlTemplate\":\"https:\/\/www.welovecycling.com\/hu\/?s={search_term_string}\"},\"query-input\":{\"@type\":\"PropertyValueSpecification\",\"valueRequired\":true,\"valueName\":\"search_term_string\"}}],\"inLanguage\":\"hu\"},{\"@type\":\"Person\",\"@id\":\"https:\/\/www.welovecycling.com\/hu\/#\/schema\/person\/414a2aebf1801691a5320edb6468e194\",\"name\":\"hegyizs\",\"image\":{\"@type\":\"ImageObject\",\"inLanguage\":\"hu\",\"@id\":\"https:\/\/www.welovecycling.com\/hu\/#\/schema\/person\/image\/\",\"url\":\"https:\/\/secure.gravatar.com\/avatar\/02cf8a7906b8cf90cecb4679defac7cfd33a1c2e3b88e4903d947f3bb58eedd3?s=96&d=mm&r=g\",\"contentUrl\":\"https:\/\/secure.gravatar.com\/avatar\/02cf8a7906b8cf90cecb4679defac7cfd33a1c2e3b88e4903d947f3bb58eedd3?s=96&d=mm&r=g\",\"caption\":\"hegyizs\"},\"url\":\"https:\/\/www.welovecycling.com\/hu\/author\/hegyizs\/\"}]}<\/script>\n<!-- \/ Yoast SEO Premium plugin. -->","yoast_head_json":{"title":"5 k\u00f6nny\u0171, bring\u00e1s k\u00e9zm\u0171ves aj\u00e1nd\u00e9kt\u00e1rgy (magadnak)","robots":{"index":"index","follow":"follow","max-snippet":"max-snippet:-1","max-image-preview":"max-image-preview:large","max-video-preview":"max-video-preview:-1"},"canonical":"https:\/\/www.welovecycling.com\/hu\/kozosseg-es-kultura\/5-konnyu-bringas-kezmuves-ajandektargy-magadnak\/","og_locale":"hu_HU","og_type":"article","og_title":"5 k\u00f6nny\u0171, bring\u00e1s k\u00e9zm\u0171ves aj\u00e1nd\u00e9kt\u00e1rgy (magadnak)","og_description":"Senki sem \u00e1ll\u00edthatja, hogy a ker\u00e9kp\u00e1rosok nem kreat\u00edvak. L\u00e1ttunk m\u00e1r r\u00e9gi alkatr\u00e9szeket divatkieg\u00e9sz\u00edt\u0151kt\u0151l kezdve az irodai sz\u00e9kekig, \u00e9s a kett\u0151 [&hellip;]","og_url":"https:\/\/www.welovecycling.com\/hu\/kozosseg-es-kultura\/5-konnyu-bringas-kezmuves-ajandektargy-magadnak\/","og_site_name":"\u0160koda We Love Cycling - Magyarorsz\u00e1g","article_publisher":"https:\/\/www.facebook.com\/WeLoveCyclingHungary\/","article_published_time":"2020-04-05T07:00:12+00:00","og_image":[{"width":1366,"height":600,"url":"https:\/\/d2p6e6u75xmxt8.cloudfront.net\/12\/2020\/03\/Cycling-Coasters-1.jpg","type":"image\/jpeg"}],"author":"hegyizs","twitter_card":"summary_large_image","twitter_misc":{"Written by":"Megan Flottorp","Est. reading time":"5"},"schema":{"@context":"https:\/\/schema.org","@graph":[{"@type":"WebPage","@id":"https:\/\/www.welovecycling.com\/hu\/kozosseg-es-kultura\/5-konnyu-bringas-kezmuves-ajandektargy-magadnak\/","url":"https:\/\/www.welovecycling.com\/hu\/kozosseg-es-kultura\/5-konnyu-bringas-kezmuves-ajandektargy-magadnak\/","name":"5 k\u00f6nny\u0171, bring\u00e1s k\u00e9zm\u0171ves aj\u00e1nd\u00e9kt\u00e1rgy (magadnak)","isPartOf":{"@id":"https:\/\/www.welovecycling.com\/hu\/#website"},"primaryImageOfPage":{"@id":"https:\/\/www.welovecycling.com\/hu\/kozosseg-es-kultura\/5-konnyu-bringas-kezmuves-ajandektargy-magadnak\/#primaryimage"},"image":{"@id":"https:\/\/www.welovecycling.com\/hu\/kozosseg-es-kultura\/5-konnyu-bringas-kezmuves-ajandektargy-magadnak\/#primaryimage"},"thumbnailUrl":"https:\/\/d2p6e6u75xmxt8.cloudfront.net\/12\/2020\/03\/Cycling-Coasters-1.jpg","datePublished":"2020-04-05T07:00:12+00:00","author":{"@id":"https:\/\/www.welovecycling.com\/hu\/#\/schema\/person\/414a2aebf1801691a5320edb6468e194"},"breadcrumb":{"@id":"https:\/\/www.welovecycling.com\/hu\/kozosseg-es-kultura\/5-konnyu-bringas-kezmuves-ajandektargy-magadnak\/#breadcrumb"},"inLanguage":"hu","potentialAction":[{"@type":"ReadAction","target":["https:\/\/www.welovecycling.com\/hu\/kozosseg-es-kultura\/5-konnyu-bringas-kezmuves-ajandektargy-magadnak\/"]}]},{"@type":"ImageObject","inLanguage":"hu","@id":"https:\/\/www.welovecycling.com\/hu\/kozosseg-es-kultura\/5-konnyu-bringas-kezmuves-ajandektargy-magadnak\/#primaryimage","url":"https:\/\/d2p6e6u75xmxt8.cloudfront.net\/12\/2020\/03\/Cycling-Coasters-1.jpg","contentUrl":"https:\/\/d2p6e6u75xmxt8.cloudfront.net\/12\/2020\/03\/Cycling-Coasters-1.jpg","width":1366,"height":600},{"@type":"BreadcrumbList","@id":"https:\/\/www.welovecycling.com\/hu\/kozosseg-es-kultura\/5-konnyu-bringas-kezmuves-ajandektargy-magadnak\/#breadcrumb","itemListElement":[{"@type":"ListItem","position":1,"name":"Home","item":"https:\/\/www.welovecycling.com\/hu\/"},{"@type":"ListItem","position":2,"name":"5 k\u00f6nny\u0171, bring\u00e1s k\u00e9zm\u0171ves aj\u00e1nd\u00e9kt\u00e1rgy (magadnak)"}]},{"@type":"WebSite","@id":"https:\/\/www.welovecycling.com\/hu\/#website","url":"https:\/\/www.welovecycling.com\/hu\/","name":"\u0160koda We Love Cycling - Magyarorsz\u00e1g","description":"\u0160koda WeLoveCycling","potentialAction":[{"@type":"SearchAction","target":{"@type":"EntryPoint","urlTemplate":"https:\/\/www.welovecycling.com\/hu\/?s={search_term_string}"},"query-input":{"@type":"PropertyValueSpecification","valueRequired":true,"valueName":"search_term_string"}}],"inLanguage":"hu"},{"@type":"Person","@id":"https:\/\/www.welovecycling.com\/hu\/#\/schema\/person\/414a2aebf1801691a5320edb6468e194","name":"hegyizs","image":{"@type":"ImageObject","inLanguage":"hu","@id":"https:\/\/www.welovecycling.com\/hu\/#\/schema\/person\/image\/","url":"https:\/\/secure.gravatar.com\/avatar\/02cf8a7906b8cf90cecb4679defac7cfd33a1c2e3b88e4903d947f3bb58eedd3?s=96&d=mm&r=g","contentUrl":"https:\/\/secure.gravatar.com\/avatar\/02cf8a7906b8cf90cecb4679defac7cfd33a1c2e3b88e4903d947f3bb58eedd3?s=96&d=mm&r=g","caption":"hegyizs"},"url":"https:\/\/www.welovecycling.com\/hu\/author\/hegyizs\/"}]}},"_links":{"self":[{"href":"https:\/\/www.welovecycling.com\/hu\/wp-json\/wp\/v2\/posts\/7282","targetHints":{"allow":["GET"]}}],"collection":[{"href":"https:\/\/www.welovecycling.com\/hu\/wp-json\/wp\/v2\/posts"}],"about":[{"href":"https:\/\/www.welovecycling.com\/hu\/wp-json\/wp\/v2\/types\/post"}],"author":[{"embeddable":true,"href":"https:\/\/www.welovecycling.com\/hu\/wp-json\/wp\/v2\/users\/71"}],"replies":[{"embeddable":true,"href":"https:\/\/www.welovecycling.com\/hu\/wp-json\/wp\/v2\/comments?post=7282"}],"version-history":[{"count":2,"href":"https:\/\/www.welovecycling.com\/hu\/wp-json\/wp\/v2\/posts\/7282\/revisions"}],"predecessor-version":[{"id":7308,"href":"https:\/\/www.welovecycling.com\/hu\/wp-json\/wp\/v2\/posts\/7282\/revisions\/7308"}],"wp:featuredmedia":[{"embeddable":true,"href":"https:\/\/www.welovecycling.com\/hu\/wp-json\/wp\/v2\/media\/7289"}],"wp:attachment":[{"href":"https:\/\/www.welovecycling.com\/hu\/wp-json\/wp\/v2\/media?parent=7282"}],"wp:term":[{"taxonomy":"category","embeddable":true,"href":"https:\/\/www.welovecycling.com\/hu\/wp-json\/wp\/v2\/categories?post=7282"},{"taxonomy":"post_tag","embeddable":true,"href":"https:\/\/www.welovecycling.com\/hu\/wp-json\/wp\/v2\/tags?post=7282"},{"taxonomy":"global-categories","embeddable":true,"href":"https:\/\/www.welovecycling.com\/hu\/wp-json\/wp\/v2\/global-categories?post=7282"}],"curies":[{"name":"wp","href":"https:\/\/api.w.org\/{rel}","templated":true}]}}