{"id":7280,"date":"2020-04-03T08:00:52","date_gmt":"2020-04-03T07:00:52","guid":{"rendered":"https:\/\/www.welovecycling.com\/hu\/?p=7280"},"modified":"2020-03-30T08:15:53","modified_gmt":"2020-03-30T07:15:53","slug":"a-rendor-aki-beteget-jelentett-aztan-lebukott-egy-mallorcai-bringaversenyen","status":"publish","type":"post","link":"https:\/\/www.welovecycling.com\/hu\/orszaguti-kerekpar\/a-rendor-aki-beteget-jelentett-aztan-lebukott-egy-mallorcai-bringaversenyen\/","title":{"rendered":"A rend\u0151r, aki beteget jelentett, azt\u00e1n lebukott egy mallorcai bringaversenyen"},"content":{"rendered":"<p><strong>A f\u0151n\u00f6kei \u00fagy tudt\u00e1k, olyan s\u00falyos lett a h\u00e1tprobl\u00e9m\u00e1ja, hogy 2017. okt\u00f3ber 13-\u00e1n m\u00e9g munk\u00e1ba sem tudott menni. Nicholas Corbett val\u00f3j\u00e1ban ezen a napon ker\u00e9kp\u00e1ros vak\u00e1ci\u00f3j\u00e1t \u00e9lvezte Mallorc\u00e1n. Ez m\u00e1r az\u00e9rt is meglepet\u00e9sk\u00e9nt \u00e9rhette munkaad\u00f3j\u00e1t, mert Corbett azt \u00e1ll\u00edtotta, hogy a h\u00e1tprobl\u00e9ma eg\u00e9szen 2014-ig, egy k\u00f6z\u00fati balesetig ny\u00falik vissza. A balesetig, aminek k\u00f6vetkezt\u00e9ben \u00e1ll\u00edt\u00f3lag nem \u00fclhet ker\u00e9kp\u00e1rra, s\u0151t 90 percn\u00e9l hosszabb rep\u00fcl\u0151utat is k\u00e9ptelen megtenni.<\/strong><\/p>\n<p><!--more--><\/p>\n<p>Corbett, aki a Thames-v\u00f6lgyi rend\u0151rs\u00e9gn\u00e9l dolgozott, n\u00e9h\u00e1ny nappal azel\u0151tt, hogy elindult volna Mallorc\u00e1ra, m\u00e9g megszerezte a 24. helyet is az E\/1\/2\/3 Spirit Tifosi \u0151szi orsz\u00e1g\u00fati versenyen. \u00d6nk\u00e9ntes szabads\u00e1g\u00e1b\u00f3l val\u00f3 visszat\u00e9r\u00e9se ut\u00e1n t\u00f6r\u00f6lte a Strava-fi\u00f3kj\u00e1t, de m\u00e1r k\u00e9s\u0151 volt. Felettesei felfedezt\u00e9k a kiruccan\u00e1st, \u00e9s s\u00falyos k\u00f6teless\u00e9gszeg\u00e9s v\u00e1dj\u00e1t terjesztett\u00e9k el\u0151. A tettes nem jelent meg a t\u00e1rgyal\u00e1son, \u00e9s azonnal leszerelt.<\/p>\n<p><em>&#8220;Biztos vagyok benne, hogy a Thames-v\u00f6lgyi rend\u0151rs\u00e9g nagy r\u00e9sze egyet\u00e9rt azzal, hogy ebben a szervezetben nincs helye olyan embernek, aki \u00edgy viselkedik&#8221;<\/em> &#8211; mondta Chris Ward nyomoz\u00f3. <em>\u201eSzerencs\u00e9re munkat\u00e1rsaink nagy t\u00f6bbs\u00e9ge szorgalmas \u00e9s odaad\u00f3. Ha tudom\u00e1sunkra jut, hogy valaki \u00edgy viselkedik, k\u00f6ny\u00f6rtelen\u00fcl alapos vizsg\u00e1latot kell ind\u00edtanunk. &#8220;<\/em><\/p>\n<p>&nbsp;<\/p>\n","protected":false},"excerpt":{"rendered":"<p>A f\u0151n\u00f6kei \u00fagy tudt\u00e1k, olyan s\u00falyos lett a h\u00e1tprobl\u00e9m\u00e1ja, hogy 2017. okt\u00f3ber 13-\u00e1n m\u00e9g munk\u00e1ba sem tudott menni. Nicholas Corbett [&hellip;]<\/p>\n","protected":false},"author":71,"featured_media":7281,"comment_status":"open","ping_status":"open","sticky":false,"template":"","format":"standard","meta":{"footnotes":""},"categories":[8],"tags":[],"global-categories":[],"class_list":["post-7280","post","type-post","status-publish","format-standard","has-post-thumbnail","hentry","category-orszaguti-kerekpar"],"yoast_head":"<!-- This site is optimized with the Yoast SEO Premium plugin v25.3 (Yoast SEO v25.9) - https:\/\/yoast.com\/wordpress\/plugins\/seo\/ -->\n<title>A rend\u0151r, aki beteget jelentett, azt\u00e1n lebukott egy mallorcai bringaversenyen - \u0160koda We Love Cycling - Magyarorsz\u00e1g<\/title>\n<meta name=\"robots\" content=\"index, follow, max-snippet:-1, max-image-preview:large, max-video-preview:-1\" \/>\n<link rel=\"canonical\" href=\"https:\/\/www.welovecycling.com\/hu\/orszaguti-kerekpar\/a-rendor-aki-beteget-jelentett-aztan-lebukott-egy-mallorcai-bringaversenyen\/\" \/>\n<meta property=\"og:locale\" content=\"hu_HU\" \/>\n<meta property=\"og:type\" content=\"article\" \/>\n<meta property=\"og:title\" content=\"A rend\u0151r, aki beteget jelentett, azt\u00e1n lebukott egy mallorcai bringaversenyen\" \/>\n<meta property=\"og:description\" content=\"A f\u0151n\u00f6kei \u00fagy tudt\u00e1k, olyan s\u00falyos lett a h\u00e1tprobl\u00e9m\u00e1ja, hogy 2017. okt\u00f3ber 13-\u00e1n m\u00e9g munk\u00e1ba sem tudott menni. Nicholas Corbett [&hellip;]\" \/>\n<meta property=\"og:url\" content=\"https:\/\/www.welovecycling.com\/hu\/orszaguti-kerekpar\/a-rendor-aki-beteget-jelentett-aztan-lebukott-egy-mallorcai-bringaversenyen\/\" \/>\n<meta property=\"og:site_name\" content=\"\u0160koda We Love Cycling - Magyarorsz\u00e1g\" \/>\n<meta property=\"article:publisher\" content=\"https:\/\/www.facebook.com\/WeLoveCyclingHungary\/\" \/>\n<meta property=\"article:published_time\" content=\"2020-04-03T07:00:52+00:00\" \/>\n<meta property=\"og:image\" content=\"https:\/\/d2p6e6u75xmxt8.cloudfront.net\/12\/2020\/03\/cover-1.jpg\" \/>\n\t<meta property=\"og:image:width\" content=\"1366\" \/>\n\t<meta property=\"og:image:height\" content=\"600\" \/>\n\t<meta property=\"og:image:type\" content=\"image\/jpeg\" \/>\n<meta name=\"author\" content=\"hegyizs\" \/>\n<meta name=\"twitter:card\" content=\"summary_large_image\" \/>\n<meta name=\"twitter:label1\" content=\"Written by\" \/>\n\t<meta name=\"twitter:data1\" content=\"Monica Buck\" \/>\n\t<meta name=\"twitter:label2\" content=\"Est. reading time\" \/>\n\t<meta name=\"twitter:data2\" content=\"1 minute\" \/>\n<script type=\"application\/ld+json\" class=\"yoast-schema-graph\">{\"@context\":\"https:\/\/schema.org\",\"@graph\":[{\"@type\":\"WebPage\",\"@id\":\"https:\/\/www.welovecycling.com\/hu\/orszaguti-kerekpar\/a-rendor-aki-beteget-jelentett-aztan-lebukott-egy-mallorcai-bringaversenyen\/\",\"url\":\"https:\/\/www.welovecycling.com\/hu\/orszaguti-kerekpar\/a-rendor-aki-beteget-jelentett-aztan-lebukott-egy-mallorcai-bringaversenyen\/\",\"name\":\"A rend\u0151r, aki beteget jelentett, azt\u00e1n lebukott egy mallorcai bringaversenyen - \u0160koda We Love Cycling - Magyarorsz\u00e1g\",\"isPartOf\":{\"@id\":\"https:\/\/www.welovecycling.com\/hu\/#website\"},\"primaryImageOfPage\":{\"@id\":\"https:\/\/www.welovecycling.com\/hu\/orszaguti-kerekpar\/a-rendor-aki-beteget-jelentett-aztan-lebukott-egy-mallorcai-bringaversenyen\/#primaryimage\"},\"image\":{\"@id\":\"https:\/\/www.welovecycling.com\/hu\/orszaguti-kerekpar\/a-rendor-aki-beteget-jelentett-aztan-lebukott-egy-mallorcai-bringaversenyen\/#primaryimage\"},\"thumbnailUrl\":\"https:\/\/d2p6e6u75xmxt8.cloudfront.net\/12\/2020\/03\/cover-1.jpg\",\"datePublished\":\"2020-04-03T07:00:52+00:00\",\"author\":{\"@id\":\"https:\/\/www.welovecycling.com\/hu\/#\/schema\/person\/414a2aebf1801691a5320edb6468e194\"},\"breadcrumb\":{\"@id\":\"https:\/\/www.welovecycling.com\/hu\/orszaguti-kerekpar\/a-rendor-aki-beteget-jelentett-aztan-lebukott-egy-mallorcai-bringaversenyen\/#breadcrumb\"},\"inLanguage\":\"hu\",\"potentialAction\":[{\"@type\":\"ReadAction\",\"target\":[\"https:\/\/www.welovecycling.com\/hu\/orszaguti-kerekpar\/a-rendor-aki-beteget-jelentett-aztan-lebukott-egy-mallorcai-bringaversenyen\/\"]}]},{\"@type\":\"ImageObject\",\"inLanguage\":\"hu\",\"@id\":\"https:\/\/www.welovecycling.com\/hu\/orszaguti-kerekpar\/a-rendor-aki-beteget-jelentett-aztan-lebukott-egy-mallorcai-bringaversenyen\/#primaryimage\",\"url\":\"https:\/\/d2p6e6u75xmxt8.cloudfront.net\/12\/2020\/03\/cover-1.jpg\",\"contentUrl\":\"https:\/\/d2p6e6u75xmxt8.cloudfront.net\/12\/2020\/03\/cover-1.jpg\",\"width\":1366,\"height\":600},{\"@type\":\"BreadcrumbList\",\"@id\":\"https:\/\/www.welovecycling.com\/hu\/orszaguti-kerekpar\/a-rendor-aki-beteget-jelentett-aztan-lebukott-egy-mallorcai-bringaversenyen\/#breadcrumb\",\"itemListElement\":[{\"@type\":\"ListItem\",\"position\":1,\"name\":\"Home\",\"item\":\"https:\/\/www.welovecycling.com\/hu\/\"},{\"@type\":\"ListItem\",\"position\":2,\"name\":\"A rend\u0151r, aki beteget jelentett, azt\u00e1n lebukott egy mallorcai bringaversenyen\"}]},{\"@type\":\"WebSite\",\"@id\":\"https:\/\/www.welovecycling.com\/hu\/#website\",\"url\":\"https:\/\/www.welovecycling.com\/hu\/\",\"name\":\"\u0160koda We Love Cycling - Magyarorsz\u00e1g\",\"description\":\"\u0160koda WeLoveCycling\",\"potentialAction\":[{\"@type\":\"SearchAction\",\"target\":{\"@type\":\"EntryPoint\",\"urlTemplate\":\"https:\/\/www.welovecycling.com\/hu\/?s={search_term_string}\"},\"query-input\":{\"@type\":\"PropertyValueSpecification\",\"valueRequired\":true,\"valueName\":\"search_term_string\"}}],\"inLanguage\":\"hu\"},{\"@type\":\"Person\",\"@id\":\"https:\/\/www.welovecycling.com\/hu\/#\/schema\/person\/414a2aebf1801691a5320edb6468e194\",\"name\":\"hegyizs\",\"image\":{\"@type\":\"ImageObject\",\"inLanguage\":\"hu\",\"@id\":\"https:\/\/www.welovecycling.com\/hu\/#\/schema\/person\/image\/\",\"url\":\"https:\/\/secure.gravatar.com\/avatar\/02cf8a7906b8cf90cecb4679defac7cfd33a1c2e3b88e4903d947f3bb58eedd3?s=96&d=mm&r=g\",\"contentUrl\":\"https:\/\/secure.gravatar.com\/avatar\/02cf8a7906b8cf90cecb4679defac7cfd33a1c2e3b88e4903d947f3bb58eedd3?s=96&d=mm&r=g\",\"caption\":\"hegyizs\"},\"url\":\"https:\/\/www.welovecycling.com\/hu\/author\/hegyizs\/\"}]}<\/script>\n<!-- \/ Yoast SEO Premium plugin. -->","yoast_head_json":{"title":"A rend\u0151r, aki beteget jelentett, azt\u00e1n lebukott egy mallorcai bringaversenyen - \u0160koda We Love Cycling - Magyarorsz\u00e1g","robots":{"index":"index","follow":"follow","max-snippet":"max-snippet:-1","max-image-preview":"max-image-preview:large","max-video-preview":"max-video-preview:-1"},"canonical":"https:\/\/www.welovecycling.com\/hu\/orszaguti-kerekpar\/a-rendor-aki-beteget-jelentett-aztan-lebukott-egy-mallorcai-bringaversenyen\/","og_locale":"hu_HU","og_type":"article","og_title":"A rend\u0151r, aki beteget jelentett, azt\u00e1n lebukott egy mallorcai bringaversenyen","og_description":"A f\u0151n\u00f6kei \u00fagy tudt\u00e1k, olyan s\u00falyos lett a h\u00e1tprobl\u00e9m\u00e1ja, hogy 2017. okt\u00f3ber 13-\u00e1n m\u00e9g munk\u00e1ba sem tudott menni. Nicholas Corbett [&hellip;]","og_url":"https:\/\/www.welovecycling.com\/hu\/orszaguti-kerekpar\/a-rendor-aki-beteget-jelentett-aztan-lebukott-egy-mallorcai-bringaversenyen\/","og_site_name":"\u0160koda We Love Cycling - Magyarorsz\u00e1g","article_publisher":"https:\/\/www.facebook.com\/WeLoveCyclingHungary\/","article_published_time":"2020-04-03T07:00:52+00:00","og_image":[{"width":1366,"height":600,"url":"https:\/\/d2p6e6u75xmxt8.cloudfront.net\/12\/2020\/03\/cover-1.jpg","type":"image\/jpeg"}],"author":"hegyizs","twitter_card":"summary_large_image","twitter_misc":{"Written by":"Monica Buck","Est. reading time":"1 minute"},"schema":{"@context":"https:\/\/schema.org","@graph":[{"@type":"WebPage","@id":"https:\/\/www.welovecycling.com\/hu\/orszaguti-kerekpar\/a-rendor-aki-beteget-jelentett-aztan-lebukott-egy-mallorcai-bringaversenyen\/","url":"https:\/\/www.welovecycling.com\/hu\/orszaguti-kerekpar\/a-rendor-aki-beteget-jelentett-aztan-lebukott-egy-mallorcai-bringaversenyen\/","name":"A rend\u0151r, aki beteget jelentett, azt\u00e1n lebukott egy mallorcai bringaversenyen - \u0160koda We Love Cycling - Magyarorsz\u00e1g","isPartOf":{"@id":"https:\/\/www.welovecycling.com\/hu\/#website"},"primaryImageOfPage":{"@id":"https:\/\/www.welovecycling.com\/hu\/orszaguti-kerekpar\/a-rendor-aki-beteget-jelentett-aztan-lebukott-egy-mallorcai-bringaversenyen\/#primaryimage"},"image":{"@id":"https:\/\/www.welovecycling.com\/hu\/orszaguti-kerekpar\/a-rendor-aki-beteget-jelentett-aztan-lebukott-egy-mallorcai-bringaversenyen\/#primaryimage"},"thumbnailUrl":"https:\/\/d2p6e6u75xmxt8.cloudfront.net\/12\/2020\/03\/cover-1.jpg","datePublished":"2020-04-03T07:00:52+00:00","author":{"@id":"https:\/\/www.welovecycling.com\/hu\/#\/schema\/person\/414a2aebf1801691a5320edb6468e194"},"breadcrumb":{"@id":"https:\/\/www.welovecycling.com\/hu\/orszaguti-kerekpar\/a-rendor-aki-beteget-jelentett-aztan-lebukott-egy-mallorcai-bringaversenyen\/#breadcrumb"},"inLanguage":"hu","potentialAction":[{"@type":"ReadAction","target":["https:\/\/www.welovecycling.com\/hu\/orszaguti-kerekpar\/a-rendor-aki-beteget-jelentett-aztan-lebukott-egy-mallorcai-bringaversenyen\/"]}]},{"@type":"ImageObject","inLanguage":"hu","@id":"https:\/\/www.welovecycling.com\/hu\/orszaguti-kerekpar\/a-rendor-aki-beteget-jelentett-aztan-lebukott-egy-mallorcai-bringaversenyen\/#primaryimage","url":"https:\/\/d2p6e6u75xmxt8.cloudfront.net\/12\/2020\/03\/cover-1.jpg","contentUrl":"https:\/\/d2p6e6u75xmxt8.cloudfront.net\/12\/2020\/03\/cover-1.jpg","width":1366,"height":600},{"@type":"BreadcrumbList","@id":"https:\/\/www.welovecycling.com\/hu\/orszaguti-kerekpar\/a-rendor-aki-beteget-jelentett-aztan-lebukott-egy-mallorcai-bringaversenyen\/#breadcrumb","itemListElement":[{"@type":"ListItem","position":1,"name":"Home","item":"https:\/\/www.welovecycling.com\/hu\/"},{"@type":"ListItem","position":2,"name":"A rend\u0151r, aki beteget jelentett, azt\u00e1n lebukott egy mallorcai bringaversenyen"}]},{"@type":"WebSite","@id":"https:\/\/www.welovecycling.com\/hu\/#website","url":"https:\/\/www.welovecycling.com\/hu\/","name":"\u0160koda We Love Cycling - Magyarorsz\u00e1g","description":"\u0160koda WeLoveCycling","potentialAction":[{"@type":"SearchAction","target":{"@type":"EntryPoint","urlTemplate":"https:\/\/www.welovecycling.com\/hu\/?s={search_term_string}"},"query-input":{"@type":"PropertyValueSpecification","valueRequired":true,"valueName":"search_term_string"}}],"inLanguage":"hu"},{"@type":"Person","@id":"https:\/\/www.welovecycling.com\/hu\/#\/schema\/person\/414a2aebf1801691a5320edb6468e194","name":"hegyizs","image":{"@type":"ImageObject","inLanguage":"hu","@id":"https:\/\/www.welovecycling.com\/hu\/#\/schema\/person\/image\/","url":"https:\/\/secure.gravatar.com\/avatar\/02cf8a7906b8cf90cecb4679defac7cfd33a1c2e3b88e4903d947f3bb58eedd3?s=96&d=mm&r=g","contentUrl":"https:\/\/secure.gravatar.com\/avatar\/02cf8a7906b8cf90cecb4679defac7cfd33a1c2e3b88e4903d947f3bb58eedd3?s=96&d=mm&r=g","caption":"hegyizs"},"url":"https:\/\/www.welovecycling.com\/hu\/author\/hegyizs\/"}]}},"_links":{"self":[{"href":"https:\/\/www.welovecycling.com\/hu\/wp-json\/wp\/v2\/posts\/7280","targetHints":{"allow":["GET"]}}],"collection":[{"href":"https:\/\/www.welovecycling.com\/hu\/wp-json\/wp\/v2\/posts"}],"about":[{"href":"https:\/\/www.welovecycling.com\/hu\/wp-json\/wp\/v2\/types\/post"}],"author":[{"embeddable":true,"href":"https:\/\/www.welovecycling.com\/hu\/wp-json\/wp\/v2\/users\/71"}],"replies":[{"embeddable":true,"href":"https:\/\/www.welovecycling.com\/hu\/wp-json\/wp\/v2\/comments?post=7280"}],"version-history":[{"count":1,"href":"https:\/\/www.welovecycling.com\/hu\/wp-json\/wp\/v2\/posts\/7280\/revisions"}],"predecessor-version":[{"id":7295,"href":"https:\/\/www.welovecycling.com\/hu\/wp-json\/wp\/v2\/posts\/7280\/revisions\/7295"}],"wp:featuredmedia":[{"embeddable":true,"href":"https:\/\/www.welovecycling.com\/hu\/wp-json\/wp\/v2\/media\/7281"}],"wp:attachment":[{"href":"https:\/\/www.welovecycling.com\/hu\/wp-json\/wp\/v2\/media?parent=7280"}],"wp:term":[{"taxonomy":"category","embeddable":true,"href":"https:\/\/www.welovecycling.com\/hu\/wp-json\/wp\/v2\/categories?post=7280"},{"taxonomy":"post_tag","embeddable":true,"href":"https:\/\/www.welovecycling.com\/hu\/wp-json\/wp\/v2\/tags?post=7280"},{"taxonomy":"global-categories","embeddable":true,"href":"https:\/\/www.welovecycling.com\/hu\/wp-json\/wp\/v2\/global-categories?post=7280"}],"curies":[{"name":"wp","href":"https:\/\/api.w.org\/{rel}","templated":true}]}}