{"id":7272,"date":"2020-04-01T08:00:39","date_gmt":"2020-04-01T07:00:39","guid":{"rendered":"https:\/\/www.welovecycling.com\/hu\/?p=7272"},"modified":"2020-03-30T08:15:06","modified_gmt":"2020-03-30T07:15:06","slug":"profi-sportolok-jelentkeznek-a-lakasukbol","status":"publish","type":"post","link":"https:\/\/www.welovecycling.com\/hu\/orszaguti-kerekpar\/profi-sportolok-jelentkeznek-a-lakasukbol\/","title":{"rendered":"Profi sportol\u00f3k jelentkeznek a lak\u00e1sukb\u00f3l"},"content":{"rendered":"<p><strong>Mivel az eg\u00e9sz vil\u00e1g bez\u00e1rk\u00f3zni k\u00e9nytelen, a profik sem tesznek m\u00e1sk\u00e9pp, ez azonban nem jelenti azt, hogy feladn\u00e1k az edz\u00e9st: \u00faj m\u00f3dszereket tal\u00e1lnak ki, amivel nem csak fejl\u0151dnek, de j\u00f3l is sz\u00f3rakoznak. Tegy\u00fcnk \u00edgy mi is, \u00e9s n\u00e9zz\u00fck meg, ki a legjobb otthon marad\u00e1sban!<\/strong><\/p>\n<p><!--more--><\/p>\n<h2><strong>Az olasz mel\u00f3<br \/>\n<\/strong><\/h2>\n<p>https:\/\/twitter.com\/ulif\/status\/1238793238259159041<\/p>\n<p><em>Mindenki jelenleg Olaszorsz\u00e1gban\u2026<\/em><\/p>\n<h2><strong>Nos, igen&#8230;<br \/>\n<\/strong><\/h2>\n<div class=\"embed-controller-wrapper\">\n<blockquote class=\"twitter-tweet\" data-width=\"500\" data-dnt=\"true\">\n<p lang=\"en\" dir=\"ltr\">Not such an insensitive gift now, was it? <a href=\"https:\/\/t.co\/09Nbyj1Wty\">pic.twitter.com\/09Nbyj1Wty<\/a><\/p>\n<p>&mdash; Elika Sadeghi (@elikasadeghi) <a href=\"https:\/\/twitter.com\/elikasadeghi\/status\/1239656071595061248?ref_src=twsrc%5Etfw\">March 16, 2020<\/a><\/p><\/blockquote>\n<p><script async data-src=\"https:\/\/platform.twitter.com\/widgets.js\" charset=\"utf-8\"><\/script><\/div>\n<p><em>M\u00e1ris nem olyan \u00e9rz\u00e9ketlen aj\u00e1nd\u00e9k, ugye?<\/em><\/p>\n<h2><strong>Micsoda tehets\u00e9g!<\/strong><\/h2>\n<div class=\"embed-controller-wrapper\">\n<blockquote class=\"twitter-tweet\" data-width=\"500\" data-dnt=\"true\">\n<p lang=\"en\" dir=\"ltr\">Lockdown in Portugal \ud83c\uddf5\ud83c\uddf9 Trying to get entertained before my turbo session. It was a good warm up as I\u2019ve been trying to do this for the past 15min \ud83e\udd23 <br \/>Cycling community, show me your <a href=\"https:\/\/twitter.com\/hashtag\/cyclingAroundTheWorld?src=hash&amp;ref_src=twsrc%5Etfw\">#cyclingAroundTheWorld<\/a> challenge <a href=\"https:\/\/t.co\/54xnjayV1e\">pic.twitter.com\/54xnjayV1e<\/a><\/p>\n<p>&mdash; Rui Oliveira (@roliveira57) <a href=\"https:\/\/twitter.com\/roliveira57\/status\/1240245672709947398?ref_src=twsrc%5Etfw\">March 18, 2020<\/a><\/p><\/blockquote>\n<p><script async data-src=\"https:\/\/platform.twitter.com\/widgets.js\" charset=\"utf-8\"><\/script><\/div>\n<p><em>Vesztegz\u00e1r Portug\u00e1li\u00e1ban. Rui Oliveira \u00edgy meleg\u00edt be. \u201eJ\u00f3l siker\u00fclt, mert 15 percen \u00e1t pr\u00f3b\u00e1lkoztam, mire fel tudtam ezt venni.\u201d<\/em><\/p>\n<h2><strong>Chlo\u00e9 sem semmi!<\/strong><\/h2>\n<div class=\"embed-controller-wrapper\">\n<blockquote class=\"twitter-tweet\" data-width=\"500\" data-dnt=\"true\">\n<p lang=\"en\" dir=\"ltr\">My little baby cyclist arms might not be able to shoot anymore but I can still dribble \ud83d\ude1d\ud83c\udfc0 <a href=\"https:\/\/t.co\/kAboWtrD49\">pic.twitter.com\/kAboWtrD49<\/a><\/p>\n<p>&mdash; Chlo\u00e9 Dygert (@chloedygert30) <a href=\"https:\/\/twitter.com\/chloedygert30\/status\/1239971604236398593?ref_src=twsrc%5Etfw\">March 17, 2020<\/a><\/p><\/blockquote>\n<p><script async data-src=\"https:\/\/platform.twitter.com\/widgets.js\" charset=\"utf-8\"><\/script><\/div>\n<p><em>Az aranyos kis bring\u00e1s kezeim tal\u00e1n dobni m\u00e1r nem tudnak, de cselezni sosem felejtenek el!<\/em><\/p>\n<h2><strong>Tekerj Olaszorsz\u00e1g\u00e9rt!<\/strong><\/h2>\n<p><a href=\"https:\/\/www.instagram.com\/p\/B99y4lfAq_O\/\">https:\/\/www.instagram.com\/p\/B99y4lfAq_O\/<\/a><\/p>\n<p>Ha csatlakozol a ROUVY kih\u00edv\u00e1s\u00e1hoz, te is hozz\u00e1j\u00e1rulhatsz az Olaszorsz\u00e1gnak szervezett gy\u0171jt\u00e9shez! (R\u00e9szletek hamarosan a <a href=\"https:\/\/www.welovecycling.com\/hu\/\">welovecycling.hu<\/a> weboldalon.)<\/p>\n","protected":false},"excerpt":{"rendered":"<p>Mivel az eg\u00e9sz vil\u00e1g bez\u00e1rk\u00f3zni k\u00e9nytelen, a profik sem tesznek m\u00e1sk\u00e9pp, ez azonban nem jelenti azt, hogy feladn\u00e1k az edz\u00e9st: [&hellip;]<\/p>\n","protected":false},"author":71,"featured_media":7279,"comment_status":"open","ping_status":"open","sticky":false,"template":"","format":"standard","meta":{"footnotes":""},"categories":[8],"tags":[],"global-categories":[],"class_list":["post-7272","post","type-post","status-publish","format-standard","has-post-thumbnail","hentry","category-orszaguti-kerekpar"],"yoast_head":"<!-- This site is optimized with the Yoast SEO Premium plugin v25.3 (Yoast SEO v25.9) - https:\/\/yoast.com\/wordpress\/plugins\/seo\/ -->\n<title>Profi sportol\u00f3k jelentkeznek a lak\u00e1sukb\u00f3l - \u0160koda We Love Cycling - Magyarorsz\u00e1g<\/title>\n<meta name=\"robots\" content=\"index, follow, max-snippet:-1, max-image-preview:large, max-video-preview:-1\" \/>\n<link rel=\"canonical\" href=\"https:\/\/www.welovecycling.com\/hu\/orszaguti-kerekpar\/profi-sportolok-jelentkeznek-a-lakasukbol\/\" \/>\n<meta property=\"og:locale\" content=\"hu_HU\" \/>\n<meta property=\"og:type\" content=\"article\" \/>\n<meta property=\"og:title\" content=\"Profi sportol\u00f3k jelentkeznek a lak\u00e1sukb\u00f3l\" \/>\n<meta property=\"og:description\" content=\"Mivel az eg\u00e9sz vil\u00e1g bez\u00e1rk\u00f3zni k\u00e9nytelen, a profik sem tesznek m\u00e1sk\u00e9pp, ez azonban nem jelenti azt, hogy feladn\u00e1k az edz\u00e9st: [&hellip;]\" \/>\n<meta property=\"og:url\" content=\"https:\/\/www.welovecycling.com\/hu\/orszaguti-kerekpar\/profi-sportolok-jelentkeznek-a-lakasukbol\/\" \/>\n<meta property=\"og:site_name\" content=\"\u0160koda We Love Cycling - Magyarorsz\u00e1g\" \/>\n<meta property=\"article:publisher\" content=\"https:\/\/www.facebook.com\/WeLoveCyclingHungary\/\" \/>\n<meta property=\"article:published_time\" content=\"2020-04-01T07:00:39+00:00\" \/>\n<meta property=\"og:image\" content=\"https:\/\/d2p6e6u75xmxt8.cloudfront.net\/12\/2020\/03\/Cyclists-Offtime-CVR.jpg\" \/>\n\t<meta property=\"og:image:width\" content=\"1366\" \/>\n\t<meta property=\"og:image:height\" content=\"600\" \/>\n\t<meta property=\"og:image:type\" content=\"image\/jpeg\" \/>\n<meta name=\"author\" content=\"hegyizs\" \/>\n<meta name=\"twitter:card\" content=\"summary_large_image\" \/>\n<meta name=\"twitter:label1\" content=\"Written by\" \/>\n\t<meta name=\"twitter:data1\" content=\"Monica Buck\" \/>\n\t<meta name=\"twitter:label2\" content=\"Est. reading time\" \/>\n\t<meta name=\"twitter:data2\" content=\"3\" \/>\n<script type=\"application\/ld+json\" class=\"yoast-schema-graph\">{\"@context\":\"https:\/\/schema.org\",\"@graph\":[{\"@type\":\"WebPage\",\"@id\":\"https:\/\/www.welovecycling.com\/hu\/orszaguti-kerekpar\/profi-sportolok-jelentkeznek-a-lakasukbol\/\",\"url\":\"https:\/\/www.welovecycling.com\/hu\/orszaguti-kerekpar\/profi-sportolok-jelentkeznek-a-lakasukbol\/\",\"name\":\"Profi sportol\u00f3k jelentkeznek a lak\u00e1sukb\u00f3l - \u0160koda We Love Cycling - Magyarorsz\u00e1g\",\"isPartOf\":{\"@id\":\"https:\/\/www.welovecycling.com\/hu\/#website\"},\"primaryImageOfPage\":{\"@id\":\"https:\/\/www.welovecycling.com\/hu\/orszaguti-kerekpar\/profi-sportolok-jelentkeznek-a-lakasukbol\/#primaryimage\"},\"image\":{\"@id\":\"https:\/\/www.welovecycling.com\/hu\/orszaguti-kerekpar\/profi-sportolok-jelentkeznek-a-lakasukbol\/#primaryimage\"},\"thumbnailUrl\":\"https:\/\/d2p6e6u75xmxt8.cloudfront.net\/12\/2020\/03\/Cyclists-Offtime-CVR.jpg\",\"datePublished\":\"2020-04-01T07:00:39+00:00\",\"author\":{\"@id\":\"https:\/\/www.welovecycling.com\/hu\/#\/schema\/person\/414a2aebf1801691a5320edb6468e194\"},\"breadcrumb\":{\"@id\":\"https:\/\/www.welovecycling.com\/hu\/orszaguti-kerekpar\/profi-sportolok-jelentkeznek-a-lakasukbol\/#breadcrumb\"},\"inLanguage\":\"hu\",\"potentialAction\":[{\"@type\":\"ReadAction\",\"target\":[\"https:\/\/www.welovecycling.com\/hu\/orszaguti-kerekpar\/profi-sportolok-jelentkeznek-a-lakasukbol\/\"]}]},{\"@type\":\"ImageObject\",\"inLanguage\":\"hu\",\"@id\":\"https:\/\/www.welovecycling.com\/hu\/orszaguti-kerekpar\/profi-sportolok-jelentkeznek-a-lakasukbol\/#primaryimage\",\"url\":\"https:\/\/d2p6e6u75xmxt8.cloudfront.net\/12\/2020\/03\/Cyclists-Offtime-CVR.jpg\",\"contentUrl\":\"https:\/\/d2p6e6u75xmxt8.cloudfront.net\/12\/2020\/03\/Cyclists-Offtime-CVR.jpg\",\"width\":1366,\"height\":600},{\"@type\":\"BreadcrumbList\",\"@id\":\"https:\/\/www.welovecycling.com\/hu\/orszaguti-kerekpar\/profi-sportolok-jelentkeznek-a-lakasukbol\/#breadcrumb\",\"itemListElement\":[{\"@type\":\"ListItem\",\"position\":1,\"name\":\"Home\",\"item\":\"https:\/\/www.welovecycling.com\/hu\/\"},{\"@type\":\"ListItem\",\"position\":2,\"name\":\"Profi sportol\u00f3k jelentkeznek a lak\u00e1sukb\u00f3l\"}]},{\"@type\":\"WebSite\",\"@id\":\"https:\/\/www.welovecycling.com\/hu\/#website\",\"url\":\"https:\/\/www.welovecycling.com\/hu\/\",\"name\":\"\u0160koda We Love Cycling - Magyarorsz\u00e1g\",\"description\":\"\u0160koda WeLoveCycling\",\"potentialAction\":[{\"@type\":\"SearchAction\",\"target\":{\"@type\":\"EntryPoint\",\"urlTemplate\":\"https:\/\/www.welovecycling.com\/hu\/?s={search_term_string}\"},\"query-input\":{\"@type\":\"PropertyValueSpecification\",\"valueRequired\":true,\"valueName\":\"search_term_string\"}}],\"inLanguage\":\"hu\"},{\"@type\":\"Person\",\"@id\":\"https:\/\/www.welovecycling.com\/hu\/#\/schema\/person\/414a2aebf1801691a5320edb6468e194\",\"name\":\"hegyizs\",\"image\":{\"@type\":\"ImageObject\",\"inLanguage\":\"hu\",\"@id\":\"https:\/\/www.welovecycling.com\/hu\/#\/schema\/person\/image\/\",\"url\":\"https:\/\/secure.gravatar.com\/avatar\/02cf8a7906b8cf90cecb4679defac7cfd33a1c2e3b88e4903d947f3bb58eedd3?s=96&d=mm&r=g\",\"contentUrl\":\"https:\/\/secure.gravatar.com\/avatar\/02cf8a7906b8cf90cecb4679defac7cfd33a1c2e3b88e4903d947f3bb58eedd3?s=96&d=mm&r=g\",\"caption\":\"hegyizs\"},\"url\":\"https:\/\/www.welovecycling.com\/hu\/author\/hegyizs\/\"}]}<\/script>\n<!-- \/ Yoast SEO Premium plugin. -->","yoast_head_json":{"title":"Profi sportol\u00f3k jelentkeznek a lak\u00e1sukb\u00f3l - \u0160koda We Love Cycling - Magyarorsz\u00e1g","robots":{"index":"index","follow":"follow","max-snippet":"max-snippet:-1","max-image-preview":"max-image-preview:large","max-video-preview":"max-video-preview:-1"},"canonical":"https:\/\/www.welovecycling.com\/hu\/orszaguti-kerekpar\/profi-sportolok-jelentkeznek-a-lakasukbol\/","og_locale":"hu_HU","og_type":"article","og_title":"Profi sportol\u00f3k jelentkeznek a lak\u00e1sukb\u00f3l","og_description":"Mivel az eg\u00e9sz vil\u00e1g bez\u00e1rk\u00f3zni k\u00e9nytelen, a profik sem tesznek m\u00e1sk\u00e9pp, ez azonban nem jelenti azt, hogy feladn\u00e1k az edz\u00e9st: [&hellip;]","og_url":"https:\/\/www.welovecycling.com\/hu\/orszaguti-kerekpar\/profi-sportolok-jelentkeznek-a-lakasukbol\/","og_site_name":"\u0160koda We Love Cycling - Magyarorsz\u00e1g","article_publisher":"https:\/\/www.facebook.com\/WeLoveCyclingHungary\/","article_published_time":"2020-04-01T07:00:39+00:00","og_image":[{"width":1366,"height":600,"url":"https:\/\/d2p6e6u75xmxt8.cloudfront.net\/12\/2020\/03\/Cyclists-Offtime-CVR.jpg","type":"image\/jpeg"}],"author":"hegyizs","twitter_card":"summary_large_image","twitter_misc":{"Written by":"Monica Buck","Est. reading time":"3"},"schema":{"@context":"https:\/\/schema.org","@graph":[{"@type":"WebPage","@id":"https:\/\/www.welovecycling.com\/hu\/orszaguti-kerekpar\/profi-sportolok-jelentkeznek-a-lakasukbol\/","url":"https:\/\/www.welovecycling.com\/hu\/orszaguti-kerekpar\/profi-sportolok-jelentkeznek-a-lakasukbol\/","name":"Profi sportol\u00f3k jelentkeznek a lak\u00e1sukb\u00f3l - \u0160koda We Love Cycling - Magyarorsz\u00e1g","isPartOf":{"@id":"https:\/\/www.welovecycling.com\/hu\/#website"},"primaryImageOfPage":{"@id":"https:\/\/www.welovecycling.com\/hu\/orszaguti-kerekpar\/profi-sportolok-jelentkeznek-a-lakasukbol\/#primaryimage"},"image":{"@id":"https:\/\/www.welovecycling.com\/hu\/orszaguti-kerekpar\/profi-sportolok-jelentkeznek-a-lakasukbol\/#primaryimage"},"thumbnailUrl":"https:\/\/d2p6e6u75xmxt8.cloudfront.net\/12\/2020\/03\/Cyclists-Offtime-CVR.jpg","datePublished":"2020-04-01T07:00:39+00:00","author":{"@id":"https:\/\/www.welovecycling.com\/hu\/#\/schema\/person\/414a2aebf1801691a5320edb6468e194"},"breadcrumb":{"@id":"https:\/\/www.welovecycling.com\/hu\/orszaguti-kerekpar\/profi-sportolok-jelentkeznek-a-lakasukbol\/#breadcrumb"},"inLanguage":"hu","potentialAction":[{"@type":"ReadAction","target":["https:\/\/www.welovecycling.com\/hu\/orszaguti-kerekpar\/profi-sportolok-jelentkeznek-a-lakasukbol\/"]}]},{"@type":"ImageObject","inLanguage":"hu","@id":"https:\/\/www.welovecycling.com\/hu\/orszaguti-kerekpar\/profi-sportolok-jelentkeznek-a-lakasukbol\/#primaryimage","url":"https:\/\/d2p6e6u75xmxt8.cloudfront.net\/12\/2020\/03\/Cyclists-Offtime-CVR.jpg","contentUrl":"https:\/\/d2p6e6u75xmxt8.cloudfront.net\/12\/2020\/03\/Cyclists-Offtime-CVR.jpg","width":1366,"height":600},{"@type":"BreadcrumbList","@id":"https:\/\/www.welovecycling.com\/hu\/orszaguti-kerekpar\/profi-sportolok-jelentkeznek-a-lakasukbol\/#breadcrumb","itemListElement":[{"@type":"ListItem","position":1,"name":"Home","item":"https:\/\/www.welovecycling.com\/hu\/"},{"@type":"ListItem","position":2,"name":"Profi sportol\u00f3k jelentkeznek a lak\u00e1sukb\u00f3l"}]},{"@type":"WebSite","@id":"https:\/\/www.welovecycling.com\/hu\/#website","url":"https:\/\/www.welovecycling.com\/hu\/","name":"\u0160koda We Love Cycling - Magyarorsz\u00e1g","description":"\u0160koda WeLoveCycling","potentialAction":[{"@type":"SearchAction","target":{"@type":"EntryPoint","urlTemplate":"https:\/\/www.welovecycling.com\/hu\/?s={search_term_string}"},"query-input":{"@type":"PropertyValueSpecification","valueRequired":true,"valueName":"search_term_string"}}],"inLanguage":"hu"},{"@type":"Person","@id":"https:\/\/www.welovecycling.com\/hu\/#\/schema\/person\/414a2aebf1801691a5320edb6468e194","name":"hegyizs","image":{"@type":"ImageObject","inLanguage":"hu","@id":"https:\/\/www.welovecycling.com\/hu\/#\/schema\/person\/image\/","url":"https:\/\/secure.gravatar.com\/avatar\/02cf8a7906b8cf90cecb4679defac7cfd33a1c2e3b88e4903d947f3bb58eedd3?s=96&d=mm&r=g","contentUrl":"https:\/\/secure.gravatar.com\/avatar\/02cf8a7906b8cf90cecb4679defac7cfd33a1c2e3b88e4903d947f3bb58eedd3?s=96&d=mm&r=g","caption":"hegyizs"},"url":"https:\/\/www.welovecycling.com\/hu\/author\/hegyizs\/"}]}},"_links":{"self":[{"href":"https:\/\/www.welovecycling.com\/hu\/wp-json\/wp\/v2\/posts\/7272","targetHints":{"allow":["GET"]}}],"collection":[{"href":"https:\/\/www.welovecycling.com\/hu\/wp-json\/wp\/v2\/posts"}],"about":[{"href":"https:\/\/www.welovecycling.com\/hu\/wp-json\/wp\/v2\/types\/post"}],"author":[{"embeddable":true,"href":"https:\/\/www.welovecycling.com\/hu\/wp-json\/wp\/v2\/users\/71"}],"replies":[{"embeddable":true,"href":"https:\/\/www.welovecycling.com\/hu\/wp-json\/wp\/v2\/comments?post=7272"}],"version-history":[{"count":2,"href":"https:\/\/www.welovecycling.com\/hu\/wp-json\/wp\/v2\/posts\/7272\/revisions"}],"predecessor-version":[{"id":7294,"href":"https:\/\/www.welovecycling.com\/hu\/wp-json\/wp\/v2\/posts\/7272\/revisions\/7294"}],"wp:featuredmedia":[{"embeddable":true,"href":"https:\/\/www.welovecycling.com\/hu\/wp-json\/wp\/v2\/media\/7279"}],"wp:attachment":[{"href":"https:\/\/www.welovecycling.com\/hu\/wp-json\/wp\/v2\/media?parent=7272"}],"wp:term":[{"taxonomy":"category","embeddable":true,"href":"https:\/\/www.welovecycling.com\/hu\/wp-json\/wp\/v2\/categories?post=7272"},{"taxonomy":"post_tag","embeddable":true,"href":"https:\/\/www.welovecycling.com\/hu\/wp-json\/wp\/v2\/tags?post=7272"},{"taxonomy":"global-categories","embeddable":true,"href":"https:\/\/www.welovecycling.com\/hu\/wp-json\/wp\/v2\/global-categories?post=7272"}],"curies":[{"name":"wp","href":"https:\/\/api.w.org\/{rel}","templated":true}]}}