{"id":7266,"date":"2020-03-30T07:00:29","date_gmt":"2020-03-30T06:00:29","guid":{"rendered":"https:\/\/www.welovecycling.com\/hu\/?p=7266"},"modified":"2020-03-30T08:13:08","modified_gmt":"2020-03-30T07:13:08","slug":"beszelnunk-kell-a-tandemversenyekrol","status":"publish","type":"post","link":"https:\/\/www.welovecycling.com\/hu\/kozosseg-es-kultura\/beszelnunk-kell-a-tandemversenyekrol\/","title":{"rendered":"Besz\u00e9ln\u00fcnk kell a tandemversenyekr\u0151l"},"content":{"rendered":"<p><strong>Fontol\u00f3ra vett\u00fck a feles\u00e9gemmel, hogy beszerz\u00fcnk egy tandem ker\u00e9kp\u00e1rt a hossz\u00fa orsz\u00e1g\u00fati t\u00far\u00e1kra, \u00edgy h\u00e1t bele\u00e1stam magam a t\u00e9m\u00e1ba. A tandemekben az a legjobb, hogy b\u00e1r ugyanolyan teljes\u00edtm\u00e9ny\/t\u00f6meg ar\u00e1nyt \u00e9rnek el, mint egy norm\u00e1l ker\u00e9kp\u00e1r, a sz\u00e9lellen\u00e1ll\u00e1si er\u0151 majdnem a fel\u00e9re cs\u00f6kken. Ez a tulajdons\u00e1g pedig igen vonz\u00f3v\u00e1 teszi \u0151ket a versenyz\u0151k sz\u00e1m\u00e1ra.<\/strong><\/p>\n<p><!--more--><\/p>\n<lite-youtube videoid=q9B10APKBWA params=\"enablejsapi=1\" style=\"background-image: url('https:\/\/i.ytimg.com\/vi_webp\/q9B10APKBWA\/maxresdefault.webp');\"><\/lite-youtube>\n<p>A tandem nemcsak cs\u00f6kkenti a l\u00e9gellen\u00e1ll\u00e1st, hanem Paralimpiai versenysz\u00e1mk\u00e9nt seg\u00edti a l\u00e1t\u00e1ss\u00e9r\u00fclteket is: j\u00f3l l\u00e1t\u00f3 \u201ekapit\u00e1nyok\u201d m\u00f6g\u00f6tt \u00fclve, a korm\u00e1nyz\u00e1st r\u00e1juk b\u00edzva tudnak tekerni. \u00cdgy lehet\u0151s\u00e9get ny\u00fajt a l\u00e1t\u00e1ss\u00e9r\u00fcltek sz\u00e1m\u00e1ra, hogy olyan sportban vegyenek r\u00e9szt, amelyben egy\u00e9bk\u00e9nt nem tudn\u00e1nak.<\/p>\n<h2><strong>A tandemek r\u00f6vid t\u00f6rt\u00e9nete<\/strong><\/h2>\n<p>A k\u00e9t szem\u00e9ly sz\u00e1m\u00e1ra k\u00e9sz\u00edtett ker\u00e9kp\u00e1r nem \u00faj koncepci\u00f3 &#8211; csak meg kell hallgatnunk Henry Dacre 1892-es \u201eDaisy Bell\u201d c\u00edm\u0171 darabj\u00e1t, hogy r\u00e1j\u00f6jj\u00fcnk, a ker\u00e9kp\u00e1r feltal\u00e1l\u00e1s\u00e1t igen gyorsan k\u00f6vette a tandem. Ha pedig m\u00e1r megalkott\u00e1k, a k\u00f6vetkez\u0151 \u00e9szszer\u0171 dolog az volt, hogy versenyezzenek is vel\u00fck.<\/p>\n<lite-youtube videoid=hS3BLySqep8 params=\"enablejsapi=1\" style=\"background-image: url('https:\/\/i.ytimg.com\/vi_webp\/hS3BLySqep8\/maxresdefault.webp');\"><\/lite-youtube>\n<p>A tandemversenyek n\u00e9pszer\u0171s\u00e9ge hol alacsonyabb, hol magasabb volt az \u00e9vek sor\u00e1n, a 90-es \u00e9vek eleje azonban hat\u00e1rozottan az ut\u00f3bbi kateg\u00f3ri\u00e1ba tartozik: ekkoriban a tandemverseny komoly \u00fczlet\u00e1g volt. Manaps\u00e1g azonban, ha magasszint\u0171 tandemversenyt szeretn\u00e9nk l\u00e1tni, akkor val\u00f3ban a paralimpiai esem\u00e9nyekre kell t\u00e1maszkodnunk.<\/p>\n<h2><strong>N\u00e9gyen k\u00e9t ker\u00e9ken<\/strong><\/h2>\n<p>A quad, vagyis a n\u00e9gyes tandem verseny azonban tov\u00e1bbra is k\u00fcl\u00f6nc sport\u00e1g. A versenyek r\u00e9sztvev\u0151i mindent megtesznek, hogy izgalmass\u00e1 tegy\u00e9k &#8211; a ker\u00e9kp\u00e1rtechnol\u00f3gia \u00e9lvonal\u00e1ban j\u00e1rnak. B\u00e1r a v\u00e1zak alaposan meg vannak er\u0151s\u00edtve, mivel j\u00f3val nagyobb er\u0151vel kell megbirk\u00f3znia a l\u00e1ncnak, a quadok eset\u00e9ben olyan probl\u00e9m\u00e1kkal kell rendszeresen megk\u00fczdeni, melyek a hagyom\u00e1nyos biciklik eset\u00e9n nem mer\u00fclnek fel.<\/p>\n<lite-youtube videoid=bBHo6q4e724 params=\"enablejsapi=1\" style=\"background-image: url('https:\/\/i.ytimg.com\/vi_webp\/bBHo6q4e724\/maxresdefault.webp');\"><\/lite-youtube>\n<p>A vide\u00f3ban a Team Kanada \u00e9s a Team GB csapat 11 napos verseny\u00e9t l\u00e1thatjuk: megtapasztalhatjuk az \u00e1ltaluk elv\u00e9gzett \u00f3ri\u00e1si feladat neh\u00e9zs\u00e9geit, megpr\u00f3b\u00e1ltat\u00e1sait. Nemcsak a technol\u00f3gia \u00e9s a csapat koordin\u00e1ci\u00f3j\u00e1nak fejl\u0151d\u00e9s\u00e9hez j\u00e1rul hozz\u00e1 ez a sport\u00e1g, hanem ment\u00e1lis eg\u00e9szs\u00e9ggel foglalkoz\u00f3 j\u00f3t\u00e9konys\u00e1gi szervezeteket is t\u00e1mogatnak k\u00e9pvisel\u0151i.<\/p>\n<h2><strong>A j\u00f6v\u0151 lefel\u00e9 van<\/strong><\/h2>\n<p>A tandemek nemcsak az orsz\u00e1g\u00fatisok, a t\u00far\u00e1z\u00f3k \u00e9s a bringautakon teker\u0151k sz\u00e1m\u00e1ra ide\u00e1lisak. A terep szerelmesei is kezdik felfedezni, hogy a saj\u00e1t sport\u00e1gukban is remek lehet\u0151s\u00e9geket tartogat. Ez az inspir\u00e1l\u00f3 vide\u00f3 egy \u00faj-z\u00e9landi p\u00e1r, Jackson \u00e9s Rose Green t\u00f6rt\u00e9net\u00e9t mes\u00e9li el. Jackson arra v\u00e1llalkozott, hogy piszmog egy kicsit a f\u00e9szerben \u00e9s \u00e9p\u00edt egy tandem-montit.<\/p>\n<lite-youtube videoid=hui8406h-K4 params=\"enablejsapi=1\" style=\"background-image: url('https:\/\/i.ytimg.com\/vi_webp\/hui8406h-K4\/maxresdefault.webp');\"><\/lite-youtube>\n<p>J\u00f3 sz\u00f3rakoz\u00e1snak t\u0171nik ez is, de az igazat megvallva a feles\u00e9gem \u00e9s \u00e9n igazi orsz\u00e1g\u00fatisok vagyunk. Ha hozz\u00e1vessz\u00fck azt, hogy minden lehet\u0151s\u00e9get megragad, hogy versenyezhess\u00fcnk, nem hiszem, hogy j\u00f3 v\u00e1laszt\u00e1s lenne sz\u00e1munkra a tandem. Ha azonban a ti kapcsolatotok kev\u00e9sb\u00e9 kompetit\u00edv, mi\u00e9rt ne adn\u00e1tok egy es\u00e9lyt a p\u00e1rban teker\u00e9snek?<\/p>\n","protected":false},"excerpt":{"rendered":"<p>Fontol\u00f3ra vett\u00fck a feles\u00e9gemmel, hogy beszerz\u00fcnk egy tandem ker\u00e9kp\u00e1rt a hossz\u00fa orsz\u00e1g\u00fati t\u00far\u00e1kra, \u00edgy h\u00e1t bele\u00e1stam magam a t\u00e9m\u00e1ba. A [&hellip;]<\/p>\n","protected":false},"author":71,"featured_media":7271,"comment_status":"open","ping_status":"open","sticky":false,"template":"","format":"standard","meta":{"footnotes":""},"categories":[12],"tags":[],"global-categories":[],"class_list":["post-7266","post","type-post","status-publish","format-standard","has-post-thumbnail","hentry","category-kozosseg-es-kultura"],"yoast_head":"<!-- This site is optimized with the Yoast SEO Premium plugin v25.3 (Yoast SEO v25.9) - https:\/\/yoast.com\/wordpress\/plugins\/seo\/ -->\n<title>Besz\u00e9ln\u00fcnk kell a tandemversenyekr\u0151l - \u0160koda We Love Cycling - Magyarorsz\u00e1g<\/title>\n<meta name=\"robots\" content=\"index, follow, max-snippet:-1, max-image-preview:large, max-video-preview:-1\" \/>\n<link rel=\"canonical\" href=\"https:\/\/www.welovecycling.com\/hu\/kozosseg-es-kultura\/beszelnunk-kell-a-tandemversenyekrol\/\" \/>\n<meta property=\"og:locale\" content=\"hu_HU\" \/>\n<meta property=\"og:type\" content=\"article\" \/>\n<meta property=\"og:title\" content=\"Besz\u00e9ln\u00fcnk kell a tandemversenyekr\u0151l\" \/>\n<meta property=\"og:description\" content=\"Fontol\u00f3ra vett\u00fck a feles\u00e9gemmel, hogy beszerz\u00fcnk egy tandem ker\u00e9kp\u00e1rt a hossz\u00fa orsz\u00e1g\u00fati t\u00far\u00e1kra, \u00edgy h\u00e1t bele\u00e1stam magam a t\u00e9m\u00e1ba. A [&hellip;]\" \/>\n<meta property=\"og:url\" content=\"https:\/\/www.welovecycling.com\/hu\/kozosseg-es-kultura\/beszelnunk-kell-a-tandemversenyekrol\/\" \/>\n<meta property=\"og:site_name\" content=\"\u0160koda We Love Cycling - Magyarorsz\u00e1g\" \/>\n<meta property=\"article:publisher\" content=\"https:\/\/www.facebook.com\/WeLoveCyclingHungary\/\" \/>\n<meta property=\"article:published_time\" content=\"2020-03-30T06:00:29+00:00\" \/>\n<meta property=\"article:modified_time\" content=\"2020-03-30T07:13:08+00:00\" \/>\n<meta property=\"og:image\" content=\"https:\/\/d2p6e6u75xmxt8.cloudfront.net\/12\/2020\/03\/Tandem-Cycling-Racing-CVR-profimedia-0419997612.jpg\" \/>\n\t<meta property=\"og:image:width\" content=\"1366\" \/>\n\t<meta property=\"og:image:height\" content=\"600\" \/>\n\t<meta property=\"og:image:type\" content=\"image\/jpeg\" \/>\n<meta name=\"author\" content=\"hegyizs\" \/>\n<meta name=\"twitter:card\" content=\"summary_large_image\" \/>\n<meta name=\"twitter:label1\" content=\"Written by\" \/>\n\t<meta name=\"twitter:data1\" content=\"Christopher Ashley\" \/>\n\t<meta name=\"twitter:label2\" content=\"Est. reading time\" \/>\n\t<meta name=\"twitter:data2\" content=\"5\" \/>\n<script type=\"application\/ld+json\" class=\"yoast-schema-graph\">{\"@context\":\"https:\/\/schema.org\",\"@graph\":[{\"@type\":\"WebPage\",\"@id\":\"https:\/\/www.welovecycling.com\/hu\/kozosseg-es-kultura\/beszelnunk-kell-a-tandemversenyekrol\/\",\"url\":\"https:\/\/www.welovecycling.com\/hu\/kozosseg-es-kultura\/beszelnunk-kell-a-tandemversenyekrol\/\",\"name\":\"Besz\u00e9ln\u00fcnk kell a tandemversenyekr\u0151l - \u0160koda We Love Cycling - Magyarorsz\u00e1g\",\"isPartOf\":{\"@id\":\"https:\/\/www.welovecycling.com\/hu\/#website\"},\"primaryImageOfPage\":{\"@id\":\"https:\/\/www.welovecycling.com\/hu\/kozosseg-es-kultura\/beszelnunk-kell-a-tandemversenyekrol\/#primaryimage\"},\"image\":{\"@id\":\"https:\/\/www.welovecycling.com\/hu\/kozosseg-es-kultura\/beszelnunk-kell-a-tandemversenyekrol\/#primaryimage\"},\"thumbnailUrl\":\"https:\/\/d2p6e6u75xmxt8.cloudfront.net\/12\/2020\/03\/Tandem-Cycling-Racing-CVR-profimedia-0419997612.jpg\",\"datePublished\":\"2020-03-30T06:00:29+00:00\",\"dateModified\":\"2020-03-30T07:13:08+00:00\",\"author\":{\"@id\":\"https:\/\/www.welovecycling.com\/hu\/#\/schema\/person\/414a2aebf1801691a5320edb6468e194\"},\"breadcrumb\":{\"@id\":\"https:\/\/www.welovecycling.com\/hu\/kozosseg-es-kultura\/beszelnunk-kell-a-tandemversenyekrol\/#breadcrumb\"},\"inLanguage\":\"hu\",\"potentialAction\":[{\"@type\":\"ReadAction\",\"target\":[\"https:\/\/www.welovecycling.com\/hu\/kozosseg-es-kultura\/beszelnunk-kell-a-tandemversenyekrol\/\"]}]},{\"@type\":\"ImageObject\",\"inLanguage\":\"hu\",\"@id\":\"https:\/\/www.welovecycling.com\/hu\/kozosseg-es-kultura\/beszelnunk-kell-a-tandemversenyekrol\/#primaryimage\",\"url\":\"https:\/\/d2p6e6u75xmxt8.cloudfront.net\/12\/2020\/03\/Tandem-Cycling-Racing-CVR-profimedia-0419997612.jpg\",\"contentUrl\":\"https:\/\/d2p6e6u75xmxt8.cloudfront.net\/12\/2020\/03\/Tandem-Cycling-Racing-CVR-profimedia-0419997612.jpg\",\"width\":1366,\"height\":600},{\"@type\":\"BreadcrumbList\",\"@id\":\"https:\/\/www.welovecycling.com\/hu\/kozosseg-es-kultura\/beszelnunk-kell-a-tandemversenyekrol\/#breadcrumb\",\"itemListElement\":[{\"@type\":\"ListItem\",\"position\":1,\"name\":\"Home\",\"item\":\"https:\/\/www.welovecycling.com\/hu\/\"},{\"@type\":\"ListItem\",\"position\":2,\"name\":\"Besz\u00e9ln\u00fcnk kell a tandemversenyekr\u0151l\"}]},{\"@type\":\"WebSite\",\"@id\":\"https:\/\/www.welovecycling.com\/hu\/#website\",\"url\":\"https:\/\/www.welovecycling.com\/hu\/\",\"name\":\"\u0160koda We Love Cycling - Magyarorsz\u00e1g\",\"description\":\"\u0160koda WeLoveCycling\",\"potentialAction\":[{\"@type\":\"SearchAction\",\"target\":{\"@type\":\"EntryPoint\",\"urlTemplate\":\"https:\/\/www.welovecycling.com\/hu\/?s={search_term_string}\"},\"query-input\":{\"@type\":\"PropertyValueSpecification\",\"valueRequired\":true,\"valueName\":\"search_term_string\"}}],\"inLanguage\":\"hu\"},{\"@type\":\"Person\",\"@id\":\"https:\/\/www.welovecycling.com\/hu\/#\/schema\/person\/414a2aebf1801691a5320edb6468e194\",\"name\":\"hegyizs\",\"image\":{\"@type\":\"ImageObject\",\"inLanguage\":\"hu\",\"@id\":\"https:\/\/www.welovecycling.com\/hu\/#\/schema\/person\/image\/\",\"url\":\"https:\/\/secure.gravatar.com\/avatar\/02cf8a7906b8cf90cecb4679defac7cfd33a1c2e3b88e4903d947f3bb58eedd3?s=96&d=mm&r=g\",\"contentUrl\":\"https:\/\/secure.gravatar.com\/avatar\/02cf8a7906b8cf90cecb4679defac7cfd33a1c2e3b88e4903d947f3bb58eedd3?s=96&d=mm&r=g\",\"caption\":\"hegyizs\"},\"url\":\"https:\/\/www.welovecycling.com\/hu\/author\/hegyizs\/\"}]}<\/script>\n<!-- \/ Yoast SEO Premium plugin. -->","yoast_head_json":{"title":"Besz\u00e9ln\u00fcnk kell a tandemversenyekr\u0151l - \u0160koda We Love Cycling - Magyarorsz\u00e1g","robots":{"index":"index","follow":"follow","max-snippet":"max-snippet:-1","max-image-preview":"max-image-preview:large","max-video-preview":"max-video-preview:-1"},"canonical":"https:\/\/www.welovecycling.com\/hu\/kozosseg-es-kultura\/beszelnunk-kell-a-tandemversenyekrol\/","og_locale":"hu_HU","og_type":"article","og_title":"Besz\u00e9ln\u00fcnk kell a tandemversenyekr\u0151l","og_description":"Fontol\u00f3ra vett\u00fck a feles\u00e9gemmel, hogy beszerz\u00fcnk egy tandem ker\u00e9kp\u00e1rt a hossz\u00fa orsz\u00e1g\u00fati t\u00far\u00e1kra, \u00edgy h\u00e1t bele\u00e1stam magam a t\u00e9m\u00e1ba. A [&hellip;]","og_url":"https:\/\/www.welovecycling.com\/hu\/kozosseg-es-kultura\/beszelnunk-kell-a-tandemversenyekrol\/","og_site_name":"\u0160koda We Love Cycling - Magyarorsz\u00e1g","article_publisher":"https:\/\/www.facebook.com\/WeLoveCyclingHungary\/","article_published_time":"2020-03-30T06:00:29+00:00","article_modified_time":"2020-03-30T07:13:08+00:00","og_image":[{"width":1366,"height":600,"url":"https:\/\/d2p6e6u75xmxt8.cloudfront.net\/12\/2020\/03\/Tandem-Cycling-Racing-CVR-profimedia-0419997612.jpg","type":"image\/jpeg"}],"author":"hegyizs","twitter_card":"summary_large_image","twitter_misc":{"Written by":"Christopher Ashley","Est. reading time":"5"},"schema":{"@context":"https:\/\/schema.org","@graph":[{"@type":"WebPage","@id":"https:\/\/www.welovecycling.com\/hu\/kozosseg-es-kultura\/beszelnunk-kell-a-tandemversenyekrol\/","url":"https:\/\/www.welovecycling.com\/hu\/kozosseg-es-kultura\/beszelnunk-kell-a-tandemversenyekrol\/","name":"Besz\u00e9ln\u00fcnk kell a tandemversenyekr\u0151l - \u0160koda We Love Cycling - Magyarorsz\u00e1g","isPartOf":{"@id":"https:\/\/www.welovecycling.com\/hu\/#website"},"primaryImageOfPage":{"@id":"https:\/\/www.welovecycling.com\/hu\/kozosseg-es-kultura\/beszelnunk-kell-a-tandemversenyekrol\/#primaryimage"},"image":{"@id":"https:\/\/www.welovecycling.com\/hu\/kozosseg-es-kultura\/beszelnunk-kell-a-tandemversenyekrol\/#primaryimage"},"thumbnailUrl":"https:\/\/d2p6e6u75xmxt8.cloudfront.net\/12\/2020\/03\/Tandem-Cycling-Racing-CVR-profimedia-0419997612.jpg","datePublished":"2020-03-30T06:00:29+00:00","dateModified":"2020-03-30T07:13:08+00:00","author":{"@id":"https:\/\/www.welovecycling.com\/hu\/#\/schema\/person\/414a2aebf1801691a5320edb6468e194"},"breadcrumb":{"@id":"https:\/\/www.welovecycling.com\/hu\/kozosseg-es-kultura\/beszelnunk-kell-a-tandemversenyekrol\/#breadcrumb"},"inLanguage":"hu","potentialAction":[{"@type":"ReadAction","target":["https:\/\/www.welovecycling.com\/hu\/kozosseg-es-kultura\/beszelnunk-kell-a-tandemversenyekrol\/"]}]},{"@type":"ImageObject","inLanguage":"hu","@id":"https:\/\/www.welovecycling.com\/hu\/kozosseg-es-kultura\/beszelnunk-kell-a-tandemversenyekrol\/#primaryimage","url":"https:\/\/d2p6e6u75xmxt8.cloudfront.net\/12\/2020\/03\/Tandem-Cycling-Racing-CVR-profimedia-0419997612.jpg","contentUrl":"https:\/\/d2p6e6u75xmxt8.cloudfront.net\/12\/2020\/03\/Tandem-Cycling-Racing-CVR-profimedia-0419997612.jpg","width":1366,"height":600},{"@type":"BreadcrumbList","@id":"https:\/\/www.welovecycling.com\/hu\/kozosseg-es-kultura\/beszelnunk-kell-a-tandemversenyekrol\/#breadcrumb","itemListElement":[{"@type":"ListItem","position":1,"name":"Home","item":"https:\/\/www.welovecycling.com\/hu\/"},{"@type":"ListItem","position":2,"name":"Besz\u00e9ln\u00fcnk kell a tandemversenyekr\u0151l"}]},{"@type":"WebSite","@id":"https:\/\/www.welovecycling.com\/hu\/#website","url":"https:\/\/www.welovecycling.com\/hu\/","name":"\u0160koda We Love Cycling - Magyarorsz\u00e1g","description":"\u0160koda WeLoveCycling","potentialAction":[{"@type":"SearchAction","target":{"@type":"EntryPoint","urlTemplate":"https:\/\/www.welovecycling.com\/hu\/?s={search_term_string}"},"query-input":{"@type":"PropertyValueSpecification","valueRequired":true,"valueName":"search_term_string"}}],"inLanguage":"hu"},{"@type":"Person","@id":"https:\/\/www.welovecycling.com\/hu\/#\/schema\/person\/414a2aebf1801691a5320edb6468e194","name":"hegyizs","image":{"@type":"ImageObject","inLanguage":"hu","@id":"https:\/\/www.welovecycling.com\/hu\/#\/schema\/person\/image\/","url":"https:\/\/secure.gravatar.com\/avatar\/02cf8a7906b8cf90cecb4679defac7cfd33a1c2e3b88e4903d947f3bb58eedd3?s=96&d=mm&r=g","contentUrl":"https:\/\/secure.gravatar.com\/avatar\/02cf8a7906b8cf90cecb4679defac7cfd33a1c2e3b88e4903d947f3bb58eedd3?s=96&d=mm&r=g","caption":"hegyizs"},"url":"https:\/\/www.welovecycling.com\/hu\/author\/hegyizs\/"}]}},"_links":{"self":[{"href":"https:\/\/www.welovecycling.com\/hu\/wp-json\/wp\/v2\/posts\/7266","targetHints":{"allow":["GET"]}}],"collection":[{"href":"https:\/\/www.welovecycling.com\/hu\/wp-json\/wp\/v2\/posts"}],"about":[{"href":"https:\/\/www.welovecycling.com\/hu\/wp-json\/wp\/v2\/types\/post"}],"author":[{"embeddable":true,"href":"https:\/\/www.welovecycling.com\/hu\/wp-json\/wp\/v2\/users\/71"}],"replies":[{"embeddable":true,"href":"https:\/\/www.welovecycling.com\/hu\/wp-json\/wp\/v2\/comments?post=7266"}],"version-history":[{"count":1,"href":"https:\/\/www.welovecycling.com\/hu\/wp-json\/wp\/v2\/posts\/7266\/revisions"}],"predecessor-version":[{"id":7290,"href":"https:\/\/www.welovecycling.com\/hu\/wp-json\/wp\/v2\/posts\/7266\/revisions\/7290"}],"wp:featuredmedia":[{"embeddable":true,"href":"https:\/\/www.welovecycling.com\/hu\/wp-json\/wp\/v2\/media\/7271"}],"wp:attachment":[{"href":"https:\/\/www.welovecycling.com\/hu\/wp-json\/wp\/v2\/media?parent=7266"}],"wp:term":[{"taxonomy":"category","embeddable":true,"href":"https:\/\/www.welovecycling.com\/hu\/wp-json\/wp\/v2\/categories?post=7266"},{"taxonomy":"post_tag","embeddable":true,"href":"https:\/\/www.welovecycling.com\/hu\/wp-json\/wp\/v2\/tags?post=7266"},{"taxonomy":"global-categories","embeddable":true,"href":"https:\/\/www.welovecycling.com\/hu\/wp-json\/wp\/v2\/global-categories?post=7266"}],"curies":[{"name":"wp","href":"https:\/\/api.w.org\/{rel}","templated":true}]}}