{"id":7260,"date":"2020-03-27T09:00:46","date_gmt":"2020-03-27T08:00:46","guid":{"rendered":"https:\/\/www.welovecycling.com\/hu\/?p=7260"},"modified":"2020-03-27T09:57:25","modified_gmt":"2020-03-27T08:57:25","slug":"tekerj-olaszorszagert-segits-otthonrol-a-rouvy-val","status":"publish","type":"post","link":"https:\/\/www.welovecycling.com\/hu\/orszaguti-kerekpar\/tekerj-olaszorszagert-segits-otthonrol-a-rouvy-val\/","title":{"rendered":"Tekerj Olaszorsz\u00e1g\u00e9rt: seg\u00edts otthonr\u00f3l a ROUVY-val!"},"content":{"rendered":"<p><strong>Az \u00e9szak-olaszorsz\u00e1gi Veneto r\u00e9gi\u00f3 az egyik legs\u00falyosabban \u00e9rintett a koronav\u00edrus \u00fcgy\u00e9ben. A k\u00f3rh\u00e1zak v\u00e9szhelyzetben vannak. A fert\u0151z\u0151 oszt\u00e1lyokon n\u0151 az \u00e1gyak sz\u00e1ma, ideiglenes k\u00f3rh\u00e1zakra van sz\u00fcks\u00e9g. Az orvosok jelenleg tizenegyezer tesztet v\u00e9geznek el minden nap. A biztons\u00e1gi maszkok \u00e9s a tesztek hi\u00e1nya egyre \u00e9get\u0151bb. A r\u00e9gi\u00f3 l\u00e9trehozott egy banksz\u00e1ml\u00e1t az adom\u00e1nyok fogad\u00e1s\u00e1ra. Ha bicikliz\u00e9s k\u00f6zben t\u00e1mogatn\u00e1d \u0151ket, l\u00e1togass el a ROUVY oldal\u00e1ra \u00e9s vegy\u00e9l r\u00e9szt te is a #RideForItaly kih\u00edv\u00e1sban! A \u0160koda We Love Cycling csapata egyes\u00edtette er\u0151it a ROUVY-val, hogy min\u00e9l t\u00f6bb emberhez eljusson a kezdem\u00e9nyez\u00e9s.<\/strong><\/p>\n<p><!--more--><\/p>\n<p><em>\u201eA ROUVY-n\u00e1l tiszt\u00e1ban vagyunk a vil\u00e1g probl\u00e9m\u00e1inak, \u00e9s felel\u0151ss\u00e9get \u00e9rz\u00fcnk, hogy ott seg\u00edts\u00fcnk, ahol legink\u00e1bb sz\u00fcks\u00e9g van r\u00e1. Ez\u00e9rt \u00fagy d\u00f6nt\u00f6tt\u00fcnk, hogy digit\u00e1lis j\u00f3t\u00e9konys\u00e1gi biciklit\u00far\u00e1t szervez\u00fcnk az olaszorsz\u00e1gi Veneto r\u00e9gi\u00f3\u00e9rt. Csatlakozz te is a ROUVY k\u00f6z\u00f6ss\u00e9g\u00e9hez, \u00e9s seg\u00edts Olaszorsz\u00e1gnak a koronav\u00edrus elleni k\u00fczdelemben \u201d-<\/em> olvashat\u00f3 a ROUVY honlapj\u00e1n a hivatalos k\u00f6zlem\u00e9ny.<\/p>\n<p><a href=\"http:\/\/www.charity.rouvy.com\/?utm_source=WLC&amp;utm_campaign=rideforitaly \"><img loading=\"lazy\" decoding=\"async\" class=\"alignnone size-full wp-image-7261\" src=\"https:\/\/d2p6e6u75xmxt8.cloudfront.net\/12\/2020\/03\/WLC_RouvyItaly_900x600-768x512.jpg\" alt=\"\" width=\"900\" height=\"600\" srcset=\"https:\/\/d2p6e6u75xmxt8.cloudfront.net\/12\/2020\/03\/WLC_RouvyItaly_900x600-768x512.jpg 768w, https:\/\/d2p6e6u75xmxt8.cloudfront.net\/12\/2020\/03\/WLC_RouvyItaly_900x600-300x200.jpg 300w, https:\/\/d2p6e6u75xmxt8.cloudfront.net\/12\/2020\/03\/WLC_RouvyItaly_900x600-272x182.jpg 272w, https:\/\/d2p6e6u75xmxt8.cloudfront.net\/12\/2020\/03\/WLC_RouvyItaly_900x600.jpg 900w\" sizes=\"auto, (max-width: 900px) 100vw, 900px\" \/><\/a><\/p>\n<p>A ROUVY v\u00e1llalta, hogy 1 eur\u00f3t adom\u00e1nyoz minden versenyz\u0151 ut\u00e1n, aki teljes\u00edti a #RideForItaly kih\u00edv\u00e1st. Csak annyit kell tenned, hogy let\u00f6lt\u00f6d a jelenleg ingyenes ROUVY applik\u00e1ci\u00f3t, \u00e9s virtu\u00e1lis utaz\u00e1sra indulsz egy olasz \u00fatvonalon. V\u00e9gre kamatoztathatod azokat a hossz\u00fa t\u00e9li t\u00far\u00e1kat! Eg\u00e9sz biztosan j\u00f3l fogod magad ut\u00e1na \u00e9rezni. A kih\u00edv\u00e1s \u00e1prilis 1-j\u00e9ig tart.<\/p>\n<p>Az \u00fatvonal a Cortina d\u2019Ampezzo-t\u00f3l Passo Valparola-ig tart, 18 kilom\u00e9teren \u00e1t, 15,6%-os emelked\u00e9ssel. A Prata szakasza 38,66 kilom\u00e9ter hossz\u00fa, \u00e9s t\u00f6bb mint 500 m\u00e9ter magas. A Cura Nuova \u00e9s Potassa k\u00f6z\u00f6tti etap 30 kilom\u00e9teres, eddig 50 perc \u00e9s 5 m\u00e1sodperc alatt tette meg a leggyorsabb indul\u00f3. A Pomarance majdnem 28 kilom\u00e9terre tal\u00e1lhat\u00f3 Saline-t\u0151l, \u00e9s leny\u0171g\u00f6z\u0151 kil\u00e1t\u00e1st ny\u00fajt.<\/p>\n<p><img loading=\"lazy\" decoding=\"async\" class=\"alignnone size-full wp-image-7262\" src=\"https:\/\/d2p6e6u75xmxt8.cloudfront.net\/12\/2020\/03\/Cura-Nuova-Potassa-2.jpg\" alt=\"\" width=\"1920\" height=\"1080\" srcset=\"https:\/\/d2p6e6u75xmxt8.cloudfront.net\/12\/2020\/03\/Cura-Nuova-Potassa-2.jpg 1920w, https:\/\/d2p6e6u75xmxt8.cloudfront.net\/12\/2020\/03\/Cura-Nuova-Potassa-2-300x169.jpg 300w, https:\/\/d2p6e6u75xmxt8.cloudfront.net\/12\/2020\/03\/Cura-Nuova-Potassa-2-768x432.jpg 768w, https:\/\/d2p6e6u75xmxt8.cloudfront.net\/12\/2020\/03\/Cura-Nuova-Potassa-2-1024x576.jpg 1024w, https:\/\/d2p6e6u75xmxt8.cloudfront.net\/12\/2020\/03\/Cura-Nuova-Potassa-2-1920x1080.jpg 1920w\" sizes=\"auto, (max-width: 1920px) 100vw, 1920px\" \/><\/p>\n<div id='gallery-1' class='gallery galleryid-7260 gallery-columns-2 gallery-size-large'><figure class='gallery-item'>\n\t\t\t<div class='gallery-icon landscape'>\n\t\t\t\t<a href='https:\/\/d2p6e6u75xmxt8.cloudfront.net\/12\/2020\/03\/Pomarance-from-Saline-9.jpg'><img loading=\"lazy\" decoding=\"async\" width=\"1024\" height=\"576\" src=\"https:\/\/d2p6e6u75xmxt8.cloudfront.net\/12\/2020\/03\/Pomarance-from-Saline-9-1024x576.jpg\" class=\"attachment-large size-large\" alt=\"\" srcset=\"https:\/\/d2p6e6u75xmxt8.cloudfront.net\/12\/2020\/03\/Pomarance-from-Saline-9-1024x576.jpg 1024w, https:\/\/d2p6e6u75xmxt8.cloudfront.net\/12\/2020\/03\/Pomarance-from-Saline-9-300x169.jpg 300w, https:\/\/d2p6e6u75xmxt8.cloudfront.net\/12\/2020\/03\/Pomarance-from-Saline-9-768x432.jpg 768w, https:\/\/d2p6e6u75xmxt8.cloudfront.net\/12\/2020\/03\/Pomarance-from-Saline-9.jpg 1920w, https:\/\/d2p6e6u75xmxt8.cloudfront.net\/12\/2020\/03\/Pomarance-from-Saline-9-1920x1080.jpg 1920w\" sizes=\"auto, (max-width: 1024px) 100vw, 1024px\" \/><\/a>\n\t\t\t<\/div><\/figure><figure class='gallery-item'>\n\t\t\t<div class='gallery-icon landscape'>\n\t\t\t\t<a href='https:\/\/d2p6e6u75xmxt8.cloudfront.net\/12\/2020\/03\/Prata-to-Sassofortino-3.jpg'><img loading=\"lazy\" decoding=\"async\" width=\"1024\" height=\"576\" src=\"https:\/\/d2p6e6u75xmxt8.cloudfront.net\/12\/2020\/03\/Prata-to-Sassofortino-3-1024x576.jpg\" class=\"attachment-large size-large\" alt=\"\" srcset=\"https:\/\/d2p6e6u75xmxt8.cloudfront.net\/12\/2020\/03\/Prata-to-Sassofortino-3-1024x576.jpg 1024w, https:\/\/d2p6e6u75xmxt8.cloudfront.net\/12\/2020\/03\/Prata-to-Sassofortino-3-300x169.jpg 300w, https:\/\/d2p6e6u75xmxt8.cloudfront.net\/12\/2020\/03\/Prata-to-Sassofortino-3-768x432.jpg 768w, https:\/\/d2p6e6u75xmxt8.cloudfront.net\/12\/2020\/03\/Prata-to-Sassofortino-3.jpg 1920w, https:\/\/d2p6e6u75xmxt8.cloudfront.net\/12\/2020\/03\/Prata-to-Sassofortino-3-1920x1080.jpg 1920w\" sizes=\"auto, (max-width: 1024px) 100vw, 1024px\" \/><\/a>\n\t\t\t<\/div><\/figure>\n\t\t<\/div>\n\n<p>Ne feledd, hogy a ROUVY virtu\u00e1lis p\u00e1ly\u00e1i pontos lenyomatai a val\u00f3s\u00e1gnak \u00e9s a f\u00f6ldrajzi jellemz\u0151knek, ide\u00e9rtve a terepet is: a lejt\u0151ket, kanyarokat \u00e9s dombokat \u00fagy kell bevenned, ahogy \u00e9l\u0151ben is tenn\u00e9d.<\/p>\n<p>Tov\u00e1bbi inf\u00f3k\u00e9rt kattints a <a href=\"http:\/\/www.charity.rouvy.com\/?utm_source=WLC&amp;utm_campaign=rideforitaly\" target=\"_blank\" rel=\"noopener\">charity.rouvy.com<\/a> weboldalra!<\/p>\n","protected":false},"excerpt":{"rendered":"<p>Az \u00e9szak-olaszorsz\u00e1gi Veneto r\u00e9gi\u00f3 az egyik legs\u00falyosabban \u00e9rintett a koronav\u00edrus \u00fcgy\u00e9ben. A k\u00f3rh\u00e1zak v\u00e9szhelyzetben vannak. A fert\u0151z\u0151 oszt\u00e1lyokon n\u0151 az [&hellip;]<\/p>\n","protected":false},"author":71,"featured_media":7264,"comment_status":"open","ping_status":"open","sticky":false,"template":"","format":"standard","meta":{"footnotes":""},"categories":[8],"tags":[],"global-categories":[],"class_list":["post-7260","post","type-post","status-publish","format-standard","has-post-thumbnail","hentry","category-orszaguti-kerekpar"],"yoast_head":"<!-- This site is optimized with the Yoast SEO Premium plugin v25.3 (Yoast SEO v25.9) - https:\/\/yoast.com\/wordpress\/plugins\/seo\/ -->\n<title>Tekerj Olaszorsz\u00e1g\u00e9rt: seg\u00edts otthonr\u00f3l a ROUVY-val! - \u0160koda We Love Cycling - Magyarorsz\u00e1g<\/title>\n<meta name=\"robots\" content=\"index, follow, max-snippet:-1, max-image-preview:large, max-video-preview:-1\" \/>\n<link rel=\"canonical\" href=\"https:\/\/www.welovecycling.com\/hu\/orszaguti-kerekpar\/tekerj-olaszorszagert-segits-otthonrol-a-rouvy-val\/\" \/>\n<meta property=\"og:locale\" content=\"hu_HU\" \/>\n<meta property=\"og:type\" content=\"article\" \/>\n<meta property=\"og:title\" content=\"Tekerj Olaszorsz\u00e1g\u00e9rt: seg\u00edts otthonr\u00f3l a ROUVY-val!\" \/>\n<meta property=\"og:description\" content=\"Az \u00e9szak-olaszorsz\u00e1gi Veneto r\u00e9gi\u00f3 az egyik legs\u00falyosabban \u00e9rintett a koronav\u00edrus \u00fcgy\u00e9ben. A k\u00f3rh\u00e1zak v\u00e9szhelyzetben vannak. A fert\u0151z\u0151 oszt\u00e1lyokon n\u0151 az [&hellip;]\" \/>\n<meta property=\"og:url\" content=\"https:\/\/www.welovecycling.com\/hu\/orszaguti-kerekpar\/tekerj-olaszorszagert-segits-otthonrol-a-rouvy-val\/\" \/>\n<meta property=\"og:site_name\" content=\"\u0160koda We Love Cycling - Magyarorsz\u00e1g\" \/>\n<meta property=\"article:publisher\" content=\"https:\/\/www.facebook.com\/WeLoveCyclingHungary\/\" \/>\n<meta property=\"article:published_time\" content=\"2020-03-27T08:00:46+00:00\" \/>\n<meta property=\"article:modified_time\" content=\"2020-03-27T08:57:25+00:00\" \/>\n<meta property=\"og:image\" content=\"https:\/\/d2p6e6u75xmxt8.cloudfront.net\/12\/2020\/03\/Rouvy-CVR-2.jpg\" \/>\n\t<meta property=\"og:image:width\" content=\"1366\" \/>\n\t<meta property=\"og:image:height\" content=\"600\" \/>\n\t<meta property=\"og:image:type\" content=\"image\/jpeg\" \/>\n<meta name=\"author\" content=\"hegyizs\" \/>\n<meta name=\"twitter:card\" content=\"summary_large_image\" \/>\n<meta name=\"twitter:label1\" content=\"Written by\" \/>\n\t<meta name=\"twitter:data1\" content=\"Monica Buck\" \/>\n\t<meta name=\"twitter:label2\" content=\"Est. reading time\" \/>\n\t<meta name=\"twitter:data2\" content=\"5\" \/>\n<script type=\"application\/ld+json\" class=\"yoast-schema-graph\">{\"@context\":\"https:\/\/schema.org\",\"@graph\":[{\"@type\":\"WebPage\",\"@id\":\"https:\/\/www.welovecycling.com\/hu\/orszaguti-kerekpar\/tekerj-olaszorszagert-segits-otthonrol-a-rouvy-val\/\",\"url\":\"https:\/\/www.welovecycling.com\/hu\/orszaguti-kerekpar\/tekerj-olaszorszagert-segits-otthonrol-a-rouvy-val\/\",\"name\":\"Tekerj Olaszorsz\u00e1g\u00e9rt: seg\u00edts otthonr\u00f3l a ROUVY-val! - \u0160koda We Love Cycling - Magyarorsz\u00e1g\",\"isPartOf\":{\"@id\":\"https:\/\/www.welovecycling.com\/hu\/#website\"},\"primaryImageOfPage\":{\"@id\":\"https:\/\/www.welovecycling.com\/hu\/orszaguti-kerekpar\/tekerj-olaszorszagert-segits-otthonrol-a-rouvy-val\/#primaryimage\"},\"image\":{\"@id\":\"https:\/\/www.welovecycling.com\/hu\/orszaguti-kerekpar\/tekerj-olaszorszagert-segits-otthonrol-a-rouvy-val\/#primaryimage\"},\"thumbnailUrl\":\"https:\/\/d2p6e6u75xmxt8.cloudfront.net\/12\/2020\/03\/Rouvy-CVR-2.jpg\",\"datePublished\":\"2020-03-27T08:00:46+00:00\",\"dateModified\":\"2020-03-27T08:57:25+00:00\",\"author\":{\"@id\":\"https:\/\/www.welovecycling.com\/hu\/#\/schema\/person\/414a2aebf1801691a5320edb6468e194\"},\"breadcrumb\":{\"@id\":\"https:\/\/www.welovecycling.com\/hu\/orszaguti-kerekpar\/tekerj-olaszorszagert-segits-otthonrol-a-rouvy-val\/#breadcrumb\"},\"inLanguage\":\"hu\",\"potentialAction\":[{\"@type\":\"ReadAction\",\"target\":[\"https:\/\/www.welovecycling.com\/hu\/orszaguti-kerekpar\/tekerj-olaszorszagert-segits-otthonrol-a-rouvy-val\/\"]}]},{\"@type\":\"ImageObject\",\"inLanguage\":\"hu\",\"@id\":\"https:\/\/www.welovecycling.com\/hu\/orszaguti-kerekpar\/tekerj-olaszorszagert-segits-otthonrol-a-rouvy-val\/#primaryimage\",\"url\":\"https:\/\/d2p6e6u75xmxt8.cloudfront.net\/12\/2020\/03\/Rouvy-CVR-2.jpg\",\"contentUrl\":\"https:\/\/d2p6e6u75xmxt8.cloudfront.net\/12\/2020\/03\/Rouvy-CVR-2.jpg\",\"width\":1366,\"height\":600},{\"@type\":\"BreadcrumbList\",\"@id\":\"https:\/\/www.welovecycling.com\/hu\/orszaguti-kerekpar\/tekerj-olaszorszagert-segits-otthonrol-a-rouvy-val\/#breadcrumb\",\"itemListElement\":[{\"@type\":\"ListItem\",\"position\":1,\"name\":\"Home\",\"item\":\"https:\/\/www.welovecycling.com\/hu\/\"},{\"@type\":\"ListItem\",\"position\":2,\"name\":\"Tekerj Olaszorsz\u00e1g\u00e9rt: seg\u00edts otthonr\u00f3l a ROUVY-val!\"}]},{\"@type\":\"WebSite\",\"@id\":\"https:\/\/www.welovecycling.com\/hu\/#website\",\"url\":\"https:\/\/www.welovecycling.com\/hu\/\",\"name\":\"\u0160koda We Love Cycling - Magyarorsz\u00e1g\",\"description\":\"\u0160koda WeLoveCycling\",\"potentialAction\":[{\"@type\":\"SearchAction\",\"target\":{\"@type\":\"EntryPoint\",\"urlTemplate\":\"https:\/\/www.welovecycling.com\/hu\/?s={search_term_string}\"},\"query-input\":{\"@type\":\"PropertyValueSpecification\",\"valueRequired\":true,\"valueName\":\"search_term_string\"}}],\"inLanguage\":\"hu\"},{\"@type\":\"Person\",\"@id\":\"https:\/\/www.welovecycling.com\/hu\/#\/schema\/person\/414a2aebf1801691a5320edb6468e194\",\"name\":\"hegyizs\",\"image\":{\"@type\":\"ImageObject\",\"inLanguage\":\"hu\",\"@id\":\"https:\/\/www.welovecycling.com\/hu\/#\/schema\/person\/image\/\",\"url\":\"https:\/\/secure.gravatar.com\/avatar\/02cf8a7906b8cf90cecb4679defac7cfd33a1c2e3b88e4903d947f3bb58eedd3?s=96&d=mm&r=g\",\"contentUrl\":\"https:\/\/secure.gravatar.com\/avatar\/02cf8a7906b8cf90cecb4679defac7cfd33a1c2e3b88e4903d947f3bb58eedd3?s=96&d=mm&r=g\",\"caption\":\"hegyizs\"},\"url\":\"https:\/\/www.welovecycling.com\/hu\/author\/hegyizs\/\"}]}<\/script>\n<!-- \/ Yoast SEO Premium plugin. -->","yoast_head_json":{"title":"Tekerj Olaszorsz\u00e1g\u00e9rt: seg\u00edts otthonr\u00f3l a ROUVY-val! - \u0160koda We Love Cycling - Magyarorsz\u00e1g","robots":{"index":"index","follow":"follow","max-snippet":"max-snippet:-1","max-image-preview":"max-image-preview:large","max-video-preview":"max-video-preview:-1"},"canonical":"https:\/\/www.welovecycling.com\/hu\/orszaguti-kerekpar\/tekerj-olaszorszagert-segits-otthonrol-a-rouvy-val\/","og_locale":"hu_HU","og_type":"article","og_title":"Tekerj Olaszorsz\u00e1g\u00e9rt: seg\u00edts otthonr\u00f3l a ROUVY-val!","og_description":"Az \u00e9szak-olaszorsz\u00e1gi Veneto r\u00e9gi\u00f3 az egyik legs\u00falyosabban \u00e9rintett a koronav\u00edrus \u00fcgy\u00e9ben. A k\u00f3rh\u00e1zak v\u00e9szhelyzetben vannak. A fert\u0151z\u0151 oszt\u00e1lyokon n\u0151 az [&hellip;]","og_url":"https:\/\/www.welovecycling.com\/hu\/orszaguti-kerekpar\/tekerj-olaszorszagert-segits-otthonrol-a-rouvy-val\/","og_site_name":"\u0160koda We Love Cycling - Magyarorsz\u00e1g","article_publisher":"https:\/\/www.facebook.com\/WeLoveCyclingHungary\/","article_published_time":"2020-03-27T08:00:46+00:00","article_modified_time":"2020-03-27T08:57:25+00:00","og_image":[{"width":1366,"height":600,"url":"https:\/\/d2p6e6u75xmxt8.cloudfront.net\/12\/2020\/03\/Rouvy-CVR-2.jpg","type":"image\/jpeg"}],"author":"hegyizs","twitter_card":"summary_large_image","twitter_misc":{"Written by":"Monica Buck","Est. reading time":"5"},"schema":{"@context":"https:\/\/schema.org","@graph":[{"@type":"WebPage","@id":"https:\/\/www.welovecycling.com\/hu\/orszaguti-kerekpar\/tekerj-olaszorszagert-segits-otthonrol-a-rouvy-val\/","url":"https:\/\/www.welovecycling.com\/hu\/orszaguti-kerekpar\/tekerj-olaszorszagert-segits-otthonrol-a-rouvy-val\/","name":"Tekerj Olaszorsz\u00e1g\u00e9rt: seg\u00edts otthonr\u00f3l a ROUVY-val! - \u0160koda We Love Cycling - Magyarorsz\u00e1g","isPartOf":{"@id":"https:\/\/www.welovecycling.com\/hu\/#website"},"primaryImageOfPage":{"@id":"https:\/\/www.welovecycling.com\/hu\/orszaguti-kerekpar\/tekerj-olaszorszagert-segits-otthonrol-a-rouvy-val\/#primaryimage"},"image":{"@id":"https:\/\/www.welovecycling.com\/hu\/orszaguti-kerekpar\/tekerj-olaszorszagert-segits-otthonrol-a-rouvy-val\/#primaryimage"},"thumbnailUrl":"https:\/\/d2p6e6u75xmxt8.cloudfront.net\/12\/2020\/03\/Rouvy-CVR-2.jpg","datePublished":"2020-03-27T08:00:46+00:00","dateModified":"2020-03-27T08:57:25+00:00","author":{"@id":"https:\/\/www.welovecycling.com\/hu\/#\/schema\/person\/414a2aebf1801691a5320edb6468e194"},"breadcrumb":{"@id":"https:\/\/www.welovecycling.com\/hu\/orszaguti-kerekpar\/tekerj-olaszorszagert-segits-otthonrol-a-rouvy-val\/#breadcrumb"},"inLanguage":"hu","potentialAction":[{"@type":"ReadAction","target":["https:\/\/www.welovecycling.com\/hu\/orszaguti-kerekpar\/tekerj-olaszorszagert-segits-otthonrol-a-rouvy-val\/"]}]},{"@type":"ImageObject","inLanguage":"hu","@id":"https:\/\/www.welovecycling.com\/hu\/orszaguti-kerekpar\/tekerj-olaszorszagert-segits-otthonrol-a-rouvy-val\/#primaryimage","url":"https:\/\/d2p6e6u75xmxt8.cloudfront.net\/12\/2020\/03\/Rouvy-CVR-2.jpg","contentUrl":"https:\/\/d2p6e6u75xmxt8.cloudfront.net\/12\/2020\/03\/Rouvy-CVR-2.jpg","width":1366,"height":600},{"@type":"BreadcrumbList","@id":"https:\/\/www.welovecycling.com\/hu\/orszaguti-kerekpar\/tekerj-olaszorszagert-segits-otthonrol-a-rouvy-val\/#breadcrumb","itemListElement":[{"@type":"ListItem","position":1,"name":"Home","item":"https:\/\/www.welovecycling.com\/hu\/"},{"@type":"ListItem","position":2,"name":"Tekerj Olaszorsz\u00e1g\u00e9rt: seg\u00edts otthonr\u00f3l a ROUVY-val!"}]},{"@type":"WebSite","@id":"https:\/\/www.welovecycling.com\/hu\/#website","url":"https:\/\/www.welovecycling.com\/hu\/","name":"\u0160koda We Love Cycling - Magyarorsz\u00e1g","description":"\u0160koda WeLoveCycling","potentialAction":[{"@type":"SearchAction","target":{"@type":"EntryPoint","urlTemplate":"https:\/\/www.welovecycling.com\/hu\/?s={search_term_string}"},"query-input":{"@type":"PropertyValueSpecification","valueRequired":true,"valueName":"search_term_string"}}],"inLanguage":"hu"},{"@type":"Person","@id":"https:\/\/www.welovecycling.com\/hu\/#\/schema\/person\/414a2aebf1801691a5320edb6468e194","name":"hegyizs","image":{"@type":"ImageObject","inLanguage":"hu","@id":"https:\/\/www.welovecycling.com\/hu\/#\/schema\/person\/image\/","url":"https:\/\/secure.gravatar.com\/avatar\/02cf8a7906b8cf90cecb4679defac7cfd33a1c2e3b88e4903d947f3bb58eedd3?s=96&d=mm&r=g","contentUrl":"https:\/\/secure.gravatar.com\/avatar\/02cf8a7906b8cf90cecb4679defac7cfd33a1c2e3b88e4903d947f3bb58eedd3?s=96&d=mm&r=g","caption":"hegyizs"},"url":"https:\/\/www.welovecycling.com\/hu\/author\/hegyizs\/"}]}},"_links":{"self":[{"href":"https:\/\/www.welovecycling.com\/hu\/wp-json\/wp\/v2\/posts\/7260","targetHints":{"allow":["GET"]}}],"collection":[{"href":"https:\/\/www.welovecycling.com\/hu\/wp-json\/wp\/v2\/posts"}],"about":[{"href":"https:\/\/www.welovecycling.com\/hu\/wp-json\/wp\/v2\/types\/post"}],"author":[{"embeddable":true,"href":"https:\/\/www.welovecycling.com\/hu\/wp-json\/wp\/v2\/users\/71"}],"replies":[{"embeddable":true,"href":"https:\/\/www.welovecycling.com\/hu\/wp-json\/wp\/v2\/comments?post=7260"}],"version-history":[{"count":2,"href":"https:\/\/www.welovecycling.com\/hu\/wp-json\/wp\/v2\/posts\/7260\/revisions"}],"predecessor-version":[{"id":7265,"href":"https:\/\/www.welovecycling.com\/hu\/wp-json\/wp\/v2\/posts\/7260\/revisions\/7265"}],"wp:featuredmedia":[{"embeddable":true,"href":"https:\/\/www.welovecycling.com\/hu\/wp-json\/wp\/v2\/media\/7264"}],"wp:attachment":[{"href":"https:\/\/www.welovecycling.com\/hu\/wp-json\/wp\/v2\/media?parent=7260"}],"wp:term":[{"taxonomy":"category","embeddable":true,"href":"https:\/\/www.welovecycling.com\/hu\/wp-json\/wp\/v2\/categories?post=7260"},{"taxonomy":"post_tag","embeddable":true,"href":"https:\/\/www.welovecycling.com\/hu\/wp-json\/wp\/v2\/tags?post=7260"},{"taxonomy":"global-categories","embeddable":true,"href":"https:\/\/www.welovecycling.com\/hu\/wp-json\/wp\/v2\/global-categories?post=7260"}],"curies":[{"name":"wp","href":"https:\/\/api.w.org\/{rel}","templated":true}]}}