{"id":7236,"date":"2020-03-29T08:00:00","date_gmt":"2020-03-29T07:00:00","guid":{"rendered":"https:\/\/www.welovecycling.com\/hu\/?p=7236"},"modified":"2020-03-21T17:34:12","modified_gmt":"2020-03-21T16:34:12","slug":"tovabb-el-aki-bringazik","status":"publish","type":"post","link":"https:\/\/www.welovecycling.com\/hu\/edzes-es-eletmod\/tovabb-el-aki-bringazik\/","title":{"rendered":"Tov\u00e1bb \u00e9l, aki (br)ing\u00e1zik"},"content":{"rendered":"<p><strong>Egy \u00faj felm\u00e9r\u00e9s ism\u00e9t r\u00e1vil\u00e1g\u00edtott, mennyire eg\u00e9szs\u00e9ges is a ker\u00e9kp\u00e1roz\u00e1s. A kutat\u00f3k szerint a ker\u00e9kp\u00e1rral munk\u00e1ba j\u00e1r\u00f3 emberek 13% -kal alacsonyabb hal\u00e1loz\u00e1si kock\u00e1zatot mutatnak, mint a t\u00f6megk\u00f6zleked\u00e9st haszn\u00e1l\u00f3k. Meglep\u0151 m\u00f3don a tanulm\u00e1ny nem tal\u00e1lt ugyanilyen pozit\u00edv hat\u00e1st gyalogl\u00e1s eset\u00e9n.<\/strong><!--more--><\/p>\n<h2><strong>Az eddigi legnagyobb kutat\u00e1s<\/strong><\/h2>\n<p>Nem csak egy kis k\u00eds\u00e9rletez\u00e9sr\u0151l van sz\u00f3: a kutat\u00e1s 3 \u00e9s f\u00e9l milli\u00f3 \u00faj-z\u00e9landi lakos bevon\u00e1s\u00e1val t\u00f6rt\u00e9nt. Ezzel a legsz\u00e9lesebb k\u00f6r\u0171 vizsg\u00e1lat lett, ami valaha k\u00e9sz\u00fclt a munk\u00e1ba j\u00e1r\u00e1s m\u00f3dja \u00e9s a hal\u00e1loz\u00e1si kock\u00e1zat k\u00f6z\u00f6tti kapcsolat kimutat\u00e1s\u00e1ra.<\/p>\n<p><em>\u201e\u00daj-Z\u00e9land munkak\u00e9pes kor\u00fa n\u00e9pess\u00e9g\u00e9nek 80% -\u00e1t tanulm\u00e1nyoztuk egy 15 \u00e9ves id\u0151szak alatt, teh\u00e1t a kutat\u00e1s igen reprezentat\u00edv\u201d<\/em> \u2013 nyilatkozta Dr. Caroline Shaw, a wellingtoni Otagos Egyetem K\u00f6zeg\u00e9szs\u00e9g\u00fcgyi Tansz\u00e9k\u00e9nek vezet\u0151 kutat\u00f3ja.<\/p>\n<figure id=\"attachment_7237\" aria-describedby=\"caption-attachment-7237\" style=\"width: 1250px\" class=\"wp-caption alignnone\"><img loading=\"lazy\" decoding=\"async\" class=\"size-full wp-image-7237\" src=\"https:\/\/d2p6e6u75xmxt8.cloudfront.net\/12\/2020\/03\/Auckland-profimedia-0411385556.jpg\" alt=\"\" width=\"1250\" height=\"937\" srcset=\"https:\/\/d2p6e6u75xmxt8.cloudfront.net\/12\/2020\/03\/Auckland-profimedia-0411385556.jpg 1250w, https:\/\/d2p6e6u75xmxt8.cloudfront.net\/12\/2020\/03\/Auckland-profimedia-0411385556-300x225.jpg 300w, https:\/\/d2p6e6u75xmxt8.cloudfront.net\/12\/2020\/03\/Auckland-profimedia-0411385556-768x576.jpg 768w, https:\/\/d2p6e6u75xmxt8.cloudfront.net\/12\/2020\/03\/Auckland-profimedia-0411385556-1024x768.jpg 1024w\" sizes=\"auto, (max-width: 1250px) 100vw, 1250px\" \/><figcaption id=\"caption-attachment-7237\" class=\"wp-caption-text\"><em>\u00daj-Z\u00e9land egyik legforgalmasabb \u00fatja. \u00a9 Rafael Ben-Ari \/ Stock Budget \/ Profimedia<\/em><\/figcaption><\/figure>\n<h2><strong>70% az aut\u00f3sok ar\u00e1nya<\/strong><\/h2>\n<p>A kutat\u00f3k meg\u00e1llap\u00edtott\u00e1k, hogy \u00daj-Z\u00e9landon az emberek t\u00f6bb mint 80% -a aut\u00f3val utazik, \u00e9s csak 5% -uk s\u00e9t\u00e1l \u00e9s 3% -uk biciklizik. A ker\u00e9kp\u00e1ros csoport hal\u00e1loz\u00e1si kock\u00e1zata a legalacsonyabb, mintegy 13% -kal kisebb, mint azokn\u00e1l, akik s\u00e9t\u00e1ltak vagy t\u00f6megk\u00f6zleked\u00e9ssel j\u00e1rtak dolgozni.<\/p>\n<p><em>\u201eNemi k\u00fcl\u00f6nbs\u00e9gek is mutatkoztak a prefer\u00e1lt k\u00f6zleked\u00e9si m\u00f3d tekintet\u00e9ben: a n\u0151k 2% -a ker\u00e9kp\u00e1rozik, ezzel szemben a f\u00e9rfiak 4% -a, azonban t\u00f6bb n\u0151 s\u00e9t\u00e1l vagy kocog (7%), mint f\u00e9rfi (5%). A fiatalabb emberek nagyobb ar\u00e1nyban ker\u00e9kp\u00e1roznak, gyalogolnak vagy k\u00f6zlekednek t\u00f6megk\u00f6zleked\u00e9ssel, mint az id\u0151sebbek. &#8220;<\/em><\/p>\n<h2><strong>T\u00f6bb bring\u00e1st!<\/strong><\/h2>\n<p>Dr. Shaw elmond\u00e1sa szerint, az eredm\u00e9nyek al\u00e1t\u00e1masztj\u00e1k azokat a kezdem\u00e9nyez\u00e9seket, melyek c\u00e9lja, hogy n\u00f6velj\u00e9k a ker\u00e9kp\u00e1rral ing\u00e1z\u00f3k sz\u00e1m\u00e1t.<\/p>\n<figure id=\"attachment_7238\" aria-describedby=\"caption-attachment-7238\" style=\"width: 1250px\" class=\"wp-caption alignnone\"><img loading=\"lazy\" decoding=\"async\" class=\"size-full wp-image-7238\" src=\"https:\/\/d2p6e6u75xmxt8.cloudfront.net\/12\/2020\/03\/Auckland-profimedia-0447931809.jpg\" alt=\"\" width=\"1250\" height=\"833\" srcset=\"https:\/\/d2p6e6u75xmxt8.cloudfront.net\/12\/2020\/03\/Auckland-profimedia-0447931809.jpg 1250w, https:\/\/d2p6e6u75xmxt8.cloudfront.net\/12\/2020\/03\/Auckland-profimedia-0447931809-300x200.jpg 300w, https:\/\/d2p6e6u75xmxt8.cloudfront.net\/12\/2020\/03\/Auckland-profimedia-0447931809-768x512.jpg 768w, https:\/\/d2p6e6u75xmxt8.cloudfront.net\/12\/2020\/03\/Auckland-profimedia-0447931809-1024x682.jpg 1024w, https:\/\/d2p6e6u75xmxt8.cloudfront.net\/12\/2020\/03\/Auckland-profimedia-0447931809-272x182.jpg 272w\" sizes=\"auto, (max-width: 1250px) 100vw, 1250px\" \/><figcaption id=\"caption-attachment-7238\" class=\"wp-caption-text\"><em>Dupla ker\u00e9kp\u00e1rt\u00e1rol\u00f3 Wellingtonban. \u00a9 Peter Kemp \/ Stock Budget \/ Profimedia<\/em><\/figcaption><\/figure>\n<p><em>&#8220;A ker\u00e9kp\u00e1roz\u00f3k n\u00f6vel\u00e9se az ing\u00e1z\u00f3k k\u00f6r\u00e9ben, egy olyan orsz\u00e1gban, ahol kevesen bicikliznek, mint p\u00e9ld\u00e1ul \u00daj-Z\u00e9landon, olyan politikai hozz\u00e1\u00e1ll\u00e1st ig\u00e9nyel, mely mind a k\u00f6zleked\u00e9s, mind a v\u00e1rostervez\u00e9s fejleszt\u00e9s\u00e9t el\u0151t\u00e9rbe helyezi. Fontos p\u00e9ld\u00e1ul a ker\u00e9kp\u00e1ros h\u00e1l\u00f3zatok bevezet\u00e9se.&#8221;<\/em><\/p>\n<h2><strong>A gyalogl\u00e1s nem sz\u00e1m\u00edt<\/strong><\/h2>\n<p>Legal\u00e1bbis a hal\u00e1loz\u00e1si kock\u00e1zat tekintet\u00e9ben. Lehet, hogy ezt az eredm\u00e9nyt befoly\u00e1solta, hogy az adatok nem tartalmaztak r\u00e9szleteket a fizikai intenzit\u00e1sr\u00f3l. Ez azt jelenti, hogy azok, akik 200 m\u00e9terre s\u00e9t\u00e1ltak dolgozni, ugyanabba a kateg\u00f3ri\u00e1ba tartoztak, mint azok, akik 30 percen \u00e1t gyalogoltak dombon felfel\u00e9.<\/p>\n<p>Dr. Shaw elmondta, hogy m\u00e1s okok is vannak a ker\u00e9kp\u00e1ros k\u00f6zleked\u00e9si m\u00f3d n\u00e9pszer\u0171s\u00edt\u00e9s\u00e9re. <em>&#8220;A munk\u00e1ba teker\u00e9snek a hal\u00e1loz\u00e1si kock\u00e1zat cs\u00f6kkent\u00e9s\u00e9n t\u00fal m\u00e1s eg\u00e9szs\u00e9g\u00fcgyi el\u0151nyei is vannak &#8211; ide\u00e9rtve a sz\u00edv- \u00e9s \u00e9rrendszeri betegs\u00e9gek \u00e9s a cukorbetegs\u00e9g megel\u0151z\u00e9s\u00e9t is.\u00a0 A t\u00f6megk\u00f6zleked\u00e9s pedig kevesebb sz\u00e9n-dioxid-kibocs\u00e1t\u00e1st jelent.&#8221;<\/em><\/p>\n","protected":false},"excerpt":{"rendered":"<p>Egy \u00faj felm\u00e9r\u00e9s ism\u00e9t r\u00e1vil\u00e1g\u00edtott, mennyire eg\u00e9szs\u00e9ges is a ker\u00e9kp\u00e1roz\u00e1s. A kutat\u00f3k szerint a ker\u00e9kp\u00e1rral munk\u00e1ba j\u00e1r\u00f3 emberek 13% -kal [&hellip;]<\/p>\n","protected":false},"author":71,"featured_media":7240,"comment_status":"open","ping_status":"open","sticky":false,"template":"","format":"standard","meta":{"footnotes":""},"categories":[6],"tags":[],"global-categories":[],"class_list":["post-7236","post","type-post","status-publish","format-standard","has-post-thumbnail","hentry","category-edzes-es-eletmod"],"yoast_head":"<!-- This site is optimized with the Yoast SEO Premium plugin v25.3 (Yoast SEO v25.9) - https:\/\/yoast.com\/wordpress\/plugins\/seo\/ -->\n<title>Tov\u00e1bb \u00e9l, aki (br)ing\u00e1zik - \u0160koda We Love Cycling - Magyarorsz\u00e1g<\/title>\n<meta name=\"robots\" content=\"index, follow, max-snippet:-1, max-image-preview:large, max-video-preview:-1\" \/>\n<link rel=\"canonical\" href=\"https:\/\/www.welovecycling.com\/hu\/edzes-es-eletmod\/tovabb-el-aki-bringazik\/\" \/>\n<meta property=\"og:locale\" content=\"hu_HU\" \/>\n<meta property=\"og:type\" content=\"article\" \/>\n<meta property=\"og:title\" content=\"Tov\u00e1bb \u00e9l, aki (br)ing\u00e1zik\" \/>\n<meta property=\"og:description\" content=\"Egy \u00faj felm\u00e9r\u00e9s ism\u00e9t r\u00e1vil\u00e1g\u00edtott, mennyire eg\u00e9szs\u00e9ges is a ker\u00e9kp\u00e1roz\u00e1s. A kutat\u00f3k szerint a ker\u00e9kp\u00e1rral munk\u00e1ba j\u00e1r\u00f3 emberek 13% -kal [&hellip;]\" \/>\n<meta property=\"og:url\" content=\"https:\/\/www.welovecycling.com\/hu\/edzes-es-eletmod\/tovabb-el-aki-bringazik\/\" \/>\n<meta property=\"og:site_name\" content=\"\u0160koda We Love Cycling - Magyarorsz\u00e1g\" \/>\n<meta property=\"article:publisher\" content=\"https:\/\/www.facebook.com\/WeLoveCyclingHungary\/\" \/>\n<meta property=\"article:published_time\" content=\"2020-03-29T07:00:00+00:00\" \/>\n<meta property=\"og:image\" content=\"https:\/\/d2p6e6u75xmxt8.cloudfront.net\/12\/2020\/03\/Copenhagen-CVR-profimedia-0254574823.jpg\" \/>\n\t<meta property=\"og:image:width\" content=\"1366\" \/>\n\t<meta property=\"og:image:height\" content=\"600\" \/>\n\t<meta property=\"og:image:type\" content=\"image\/jpeg\" \/>\n<meta name=\"author\" content=\"hegyizs\" \/>\n<meta name=\"twitter:card\" content=\"summary_large_image\" \/>\n<meta name=\"twitter:label1\" content=\"Written by\" \/>\n\t<meta name=\"twitter:data1\" content=\"Jiri Kaloc\" \/>\n\t<meta name=\"twitter:label2\" content=\"Est. reading time\" \/>\n\t<meta name=\"twitter:data2\" content=\"5\" \/>\n<script type=\"application\/ld+json\" class=\"yoast-schema-graph\">{\"@context\":\"https:\/\/schema.org\",\"@graph\":[{\"@type\":\"WebPage\",\"@id\":\"https:\/\/www.welovecycling.com\/hu\/edzes-es-eletmod\/tovabb-el-aki-bringazik\/\",\"url\":\"https:\/\/www.welovecycling.com\/hu\/edzes-es-eletmod\/tovabb-el-aki-bringazik\/\",\"name\":\"Tov\u00e1bb \u00e9l, aki (br)ing\u00e1zik - \u0160koda We Love Cycling - Magyarorsz\u00e1g\",\"isPartOf\":{\"@id\":\"https:\/\/www.welovecycling.com\/hu\/#website\"},\"primaryImageOfPage\":{\"@id\":\"https:\/\/www.welovecycling.com\/hu\/edzes-es-eletmod\/tovabb-el-aki-bringazik\/#primaryimage\"},\"image\":{\"@id\":\"https:\/\/www.welovecycling.com\/hu\/edzes-es-eletmod\/tovabb-el-aki-bringazik\/#primaryimage\"},\"thumbnailUrl\":\"https:\/\/d2p6e6u75xmxt8.cloudfront.net\/12\/2020\/03\/Copenhagen-CVR-profimedia-0254574823.jpg\",\"datePublished\":\"2020-03-29T07:00:00+00:00\",\"author\":{\"@id\":\"https:\/\/www.welovecycling.com\/hu\/#\/schema\/person\/414a2aebf1801691a5320edb6468e194\"},\"breadcrumb\":{\"@id\":\"https:\/\/www.welovecycling.com\/hu\/edzes-es-eletmod\/tovabb-el-aki-bringazik\/#breadcrumb\"},\"inLanguage\":\"hu\",\"potentialAction\":[{\"@type\":\"ReadAction\",\"target\":[\"https:\/\/www.welovecycling.com\/hu\/edzes-es-eletmod\/tovabb-el-aki-bringazik\/\"]}]},{\"@type\":\"ImageObject\",\"inLanguage\":\"hu\",\"@id\":\"https:\/\/www.welovecycling.com\/hu\/edzes-es-eletmod\/tovabb-el-aki-bringazik\/#primaryimage\",\"url\":\"https:\/\/d2p6e6u75xmxt8.cloudfront.net\/12\/2020\/03\/Copenhagen-CVR-profimedia-0254574823.jpg\",\"contentUrl\":\"https:\/\/d2p6e6u75xmxt8.cloudfront.net\/12\/2020\/03\/Copenhagen-CVR-profimedia-0254574823.jpg\",\"width\":1366,\"height\":600},{\"@type\":\"BreadcrumbList\",\"@id\":\"https:\/\/www.welovecycling.com\/hu\/edzes-es-eletmod\/tovabb-el-aki-bringazik\/#breadcrumb\",\"itemListElement\":[{\"@type\":\"ListItem\",\"position\":1,\"name\":\"Home\",\"item\":\"https:\/\/www.welovecycling.com\/hu\/\"},{\"@type\":\"ListItem\",\"position\":2,\"name\":\"Tov\u00e1bb \u00e9l, aki (br)ing\u00e1zik\"}]},{\"@type\":\"WebSite\",\"@id\":\"https:\/\/www.welovecycling.com\/hu\/#website\",\"url\":\"https:\/\/www.welovecycling.com\/hu\/\",\"name\":\"\u0160koda We Love Cycling - Magyarorsz\u00e1g\",\"description\":\"\u0160koda WeLoveCycling\",\"potentialAction\":[{\"@type\":\"SearchAction\",\"target\":{\"@type\":\"EntryPoint\",\"urlTemplate\":\"https:\/\/www.welovecycling.com\/hu\/?s={search_term_string}\"},\"query-input\":{\"@type\":\"PropertyValueSpecification\",\"valueRequired\":true,\"valueName\":\"search_term_string\"}}],\"inLanguage\":\"hu\"},{\"@type\":\"Person\",\"@id\":\"https:\/\/www.welovecycling.com\/hu\/#\/schema\/person\/414a2aebf1801691a5320edb6468e194\",\"name\":\"hegyizs\",\"image\":{\"@type\":\"ImageObject\",\"inLanguage\":\"hu\",\"@id\":\"https:\/\/www.welovecycling.com\/hu\/#\/schema\/person\/image\/\",\"url\":\"https:\/\/secure.gravatar.com\/avatar\/02cf8a7906b8cf90cecb4679defac7cfd33a1c2e3b88e4903d947f3bb58eedd3?s=96&d=mm&r=g\",\"contentUrl\":\"https:\/\/secure.gravatar.com\/avatar\/02cf8a7906b8cf90cecb4679defac7cfd33a1c2e3b88e4903d947f3bb58eedd3?s=96&d=mm&r=g\",\"caption\":\"hegyizs\"},\"url\":\"https:\/\/www.welovecycling.com\/hu\/author\/hegyizs\/\"}]}<\/script>\n<!-- \/ Yoast SEO Premium plugin. -->","yoast_head_json":{"title":"Tov\u00e1bb \u00e9l, aki (br)ing\u00e1zik - \u0160koda We Love Cycling - Magyarorsz\u00e1g","robots":{"index":"index","follow":"follow","max-snippet":"max-snippet:-1","max-image-preview":"max-image-preview:large","max-video-preview":"max-video-preview:-1"},"canonical":"https:\/\/www.welovecycling.com\/hu\/edzes-es-eletmod\/tovabb-el-aki-bringazik\/","og_locale":"hu_HU","og_type":"article","og_title":"Tov\u00e1bb \u00e9l, aki (br)ing\u00e1zik","og_description":"Egy \u00faj felm\u00e9r\u00e9s ism\u00e9t r\u00e1vil\u00e1g\u00edtott, mennyire eg\u00e9szs\u00e9ges is a ker\u00e9kp\u00e1roz\u00e1s. A kutat\u00f3k szerint a ker\u00e9kp\u00e1rral munk\u00e1ba j\u00e1r\u00f3 emberek 13% -kal [&hellip;]","og_url":"https:\/\/www.welovecycling.com\/hu\/edzes-es-eletmod\/tovabb-el-aki-bringazik\/","og_site_name":"\u0160koda We Love Cycling - Magyarorsz\u00e1g","article_publisher":"https:\/\/www.facebook.com\/WeLoveCyclingHungary\/","article_published_time":"2020-03-29T07:00:00+00:00","og_image":[{"width":1366,"height":600,"url":"https:\/\/d2p6e6u75xmxt8.cloudfront.net\/12\/2020\/03\/Copenhagen-CVR-profimedia-0254574823.jpg","type":"image\/jpeg"}],"author":"hegyizs","twitter_card":"summary_large_image","twitter_misc":{"Written by":"Jiri Kaloc","Est. reading time":"5"},"schema":{"@context":"https:\/\/schema.org","@graph":[{"@type":"WebPage","@id":"https:\/\/www.welovecycling.com\/hu\/edzes-es-eletmod\/tovabb-el-aki-bringazik\/","url":"https:\/\/www.welovecycling.com\/hu\/edzes-es-eletmod\/tovabb-el-aki-bringazik\/","name":"Tov\u00e1bb \u00e9l, aki (br)ing\u00e1zik - \u0160koda We Love Cycling - Magyarorsz\u00e1g","isPartOf":{"@id":"https:\/\/www.welovecycling.com\/hu\/#website"},"primaryImageOfPage":{"@id":"https:\/\/www.welovecycling.com\/hu\/edzes-es-eletmod\/tovabb-el-aki-bringazik\/#primaryimage"},"image":{"@id":"https:\/\/www.welovecycling.com\/hu\/edzes-es-eletmod\/tovabb-el-aki-bringazik\/#primaryimage"},"thumbnailUrl":"https:\/\/d2p6e6u75xmxt8.cloudfront.net\/12\/2020\/03\/Copenhagen-CVR-profimedia-0254574823.jpg","datePublished":"2020-03-29T07:00:00+00:00","author":{"@id":"https:\/\/www.welovecycling.com\/hu\/#\/schema\/person\/414a2aebf1801691a5320edb6468e194"},"breadcrumb":{"@id":"https:\/\/www.welovecycling.com\/hu\/edzes-es-eletmod\/tovabb-el-aki-bringazik\/#breadcrumb"},"inLanguage":"hu","potentialAction":[{"@type":"ReadAction","target":["https:\/\/www.welovecycling.com\/hu\/edzes-es-eletmod\/tovabb-el-aki-bringazik\/"]}]},{"@type":"ImageObject","inLanguage":"hu","@id":"https:\/\/www.welovecycling.com\/hu\/edzes-es-eletmod\/tovabb-el-aki-bringazik\/#primaryimage","url":"https:\/\/d2p6e6u75xmxt8.cloudfront.net\/12\/2020\/03\/Copenhagen-CVR-profimedia-0254574823.jpg","contentUrl":"https:\/\/d2p6e6u75xmxt8.cloudfront.net\/12\/2020\/03\/Copenhagen-CVR-profimedia-0254574823.jpg","width":1366,"height":600},{"@type":"BreadcrumbList","@id":"https:\/\/www.welovecycling.com\/hu\/edzes-es-eletmod\/tovabb-el-aki-bringazik\/#breadcrumb","itemListElement":[{"@type":"ListItem","position":1,"name":"Home","item":"https:\/\/www.welovecycling.com\/hu\/"},{"@type":"ListItem","position":2,"name":"Tov\u00e1bb \u00e9l, aki (br)ing\u00e1zik"}]},{"@type":"WebSite","@id":"https:\/\/www.welovecycling.com\/hu\/#website","url":"https:\/\/www.welovecycling.com\/hu\/","name":"\u0160koda We Love Cycling - Magyarorsz\u00e1g","description":"\u0160koda WeLoveCycling","potentialAction":[{"@type":"SearchAction","target":{"@type":"EntryPoint","urlTemplate":"https:\/\/www.welovecycling.com\/hu\/?s={search_term_string}"},"query-input":{"@type":"PropertyValueSpecification","valueRequired":true,"valueName":"search_term_string"}}],"inLanguage":"hu"},{"@type":"Person","@id":"https:\/\/www.welovecycling.com\/hu\/#\/schema\/person\/414a2aebf1801691a5320edb6468e194","name":"hegyizs","image":{"@type":"ImageObject","inLanguage":"hu","@id":"https:\/\/www.welovecycling.com\/hu\/#\/schema\/person\/image\/","url":"https:\/\/secure.gravatar.com\/avatar\/02cf8a7906b8cf90cecb4679defac7cfd33a1c2e3b88e4903d947f3bb58eedd3?s=96&d=mm&r=g","contentUrl":"https:\/\/secure.gravatar.com\/avatar\/02cf8a7906b8cf90cecb4679defac7cfd33a1c2e3b88e4903d947f3bb58eedd3?s=96&d=mm&r=g","caption":"hegyizs"},"url":"https:\/\/www.welovecycling.com\/hu\/author\/hegyizs\/"}]}},"_links":{"self":[{"href":"https:\/\/www.welovecycling.com\/hu\/wp-json\/wp\/v2\/posts\/7236","targetHints":{"allow":["GET"]}}],"collection":[{"href":"https:\/\/www.welovecycling.com\/hu\/wp-json\/wp\/v2\/posts"}],"about":[{"href":"https:\/\/www.welovecycling.com\/hu\/wp-json\/wp\/v2\/types\/post"}],"author":[{"embeddable":true,"href":"https:\/\/www.welovecycling.com\/hu\/wp-json\/wp\/v2\/users\/71"}],"replies":[{"embeddable":true,"href":"https:\/\/www.welovecycling.com\/hu\/wp-json\/wp\/v2\/comments?post=7236"}],"version-history":[{"count":2,"href":"https:\/\/www.welovecycling.com\/hu\/wp-json\/wp\/v2\/posts\/7236\/revisions"}],"predecessor-version":[{"id":7245,"href":"https:\/\/www.welovecycling.com\/hu\/wp-json\/wp\/v2\/posts\/7236\/revisions\/7245"}],"wp:featuredmedia":[{"embeddable":true,"href":"https:\/\/www.welovecycling.com\/hu\/wp-json\/wp\/v2\/media\/7240"}],"wp:attachment":[{"href":"https:\/\/www.welovecycling.com\/hu\/wp-json\/wp\/v2\/media?parent=7236"}],"wp:term":[{"taxonomy":"category","embeddable":true,"href":"https:\/\/www.welovecycling.com\/hu\/wp-json\/wp\/v2\/categories?post=7236"},{"taxonomy":"post_tag","embeddable":true,"href":"https:\/\/www.welovecycling.com\/hu\/wp-json\/wp\/v2\/tags?post=7236"},{"taxonomy":"global-categories","embeddable":true,"href":"https:\/\/www.welovecycling.com\/hu\/wp-json\/wp\/v2\/global-categories?post=7236"}],"curies":[{"name":"wp","href":"https:\/\/api.w.org\/{rel}","templated":true}]}}