{"id":7228,"date":"2020-03-28T08:00:06","date_gmt":"2020-03-28T07:00:06","guid":{"rendered":"https:\/\/www.welovecycling.com\/hu\/?p=7228"},"modified":"2020-03-21T17:33:01","modified_gmt":"2020-03-21T16:33:01","slug":"vidd-a-bringat-mint-egy-profi","status":"publish","type":"post","link":"https:\/\/www.welovecycling.com\/hu\/trekking-mtb\/vidd-a-bringat-mint-egy-profi\/","title":{"rendered":"Vidd a bring\u00e1t, mint egy profi"},"content":{"rendered":"<p><strong>M\u00e9g a legegyszer\u0171bbnek t\u0171n\u0151 dolgokat is lehet fejleszteni: p\u00e9ld\u00e1ul azt, hogyan viszed a ker\u00e9kp\u00e1rod, amikor nem tudsz r\u00e1\u00fclni. Hoztunk n\u00e9h\u00e1ny tippet, amik seg\u00edthetnek. A k\u00f6vetkez\u0151 tan\u00e1csokat Richard Gasperotti mountian bike-os gy\u0171jt\u00f6tte \u00f6ssze.<\/strong><!--more--><\/p>\n<p>A ker\u00e9kp\u00e1r emelked\u0151n val\u00f3 feltol\u00e1sa meglehet\u0151sen f\u00e1raszt\u00f3 lehet, mivel az els\u0151 ker\u00e9k minden apr\u00f3 akad\u00e1lyba bele\u00fctk\u00f6zi. Mindannyian tudjuk, hogy a bicikli melyik oldal\u00e1n szeret\u00fcnk menni, tudat alatt mindig a jobb vagy a bal oldalt v\u00e1lasztjuk, ha fel kell tolnunk a j\u00e1rg\u00e1nyt egy dombon. Hosszabb utak eset\u00e9n, amikor az ilyen helyzet elker\u00fclhetetlen, \u00e9rdemes v\u00e1ltogatni a k\u00e9t oldalt, hogy egyenletesen terhelj\u00fck a test\u00fcnket. \u00dagy \u00e1ll\u00edtsd be a ped\u00e1lt, hogy azon az oldalon legyen el\u0151r\u00e9bb, ahol gyalogolsz, hogy ne r\u00fagj bele \u2013 a fot\u00f3n pontosan ennek ellent\u00e9te t\u00f6rt\u00e9nik, ez az ellenp\u00e9lda.<\/p>\n<p><img loading=\"lazy\" decoding=\"async\" class=\"alignnone size-full wp-image-7229\" src=\"https:\/\/d2p6e6u75xmxt8.cloudfront.net\/12\/2020\/03\/Carrying-Bicycle-1.jpg\" alt=\"\" width=\"928\" height=\"1392\" srcset=\"https:\/\/d2p6e6u75xmxt8.cloudfront.net\/12\/2020\/03\/Carrying-Bicycle-1.jpg 928w, https:\/\/d2p6e6u75xmxt8.cloudfront.net\/12\/2020\/03\/Carrying-Bicycle-1-200x300.jpg 200w, https:\/\/d2p6e6u75xmxt8.cloudfront.net\/12\/2020\/03\/Carrying-Bicycle-1-768x1152.jpg 768w, https:\/\/d2p6e6u75xmxt8.cloudfront.net\/12\/2020\/03\/Carrying-Bicycle-1-683x1024.jpg 683w\" sizes=\"auto, (max-width: 928px) 100vw, 928px\" \/><\/p>\n<p>K\u00fcl\u00f6n\u00f6sen meredek emelked\u0151kn\u00e9l fontos, hogy fogd a nyerget is, ezzel megk\u00f6nny\u00edtve a feladatot. Az egyik k\u00e9z tartja a korm\u00e1nyt, a m\u00e1sik emeli a nyerget. \u00cdgy nem kell \u00e1thajolnod a v\u00e1zon \u00e9s megsp\u00f3rolhatod az erre ford\u00edtott energi\u00e1t.<\/p>\n<p><img loading=\"lazy\" decoding=\"async\" class=\"alignnone size-full wp-image-7230\" src=\"https:\/\/d2p6e6u75xmxt8.cloudfront.net\/12\/2020\/03\/Carrying-Bicycle-2.jpg\" alt=\"\" width=\"1392\" height=\"928\" srcset=\"https:\/\/d2p6e6u75xmxt8.cloudfront.net\/12\/2020\/03\/Carrying-Bicycle-2.jpg 1392w, https:\/\/d2p6e6u75xmxt8.cloudfront.net\/12\/2020\/03\/Carrying-Bicycle-2-300x200.jpg 300w, https:\/\/d2p6e6u75xmxt8.cloudfront.net\/12\/2020\/03\/Carrying-Bicycle-2-768x512.jpg 768w, https:\/\/d2p6e6u75xmxt8.cloudfront.net\/12\/2020\/03\/Carrying-Bicycle-2-1024x683.jpg 1024w, https:\/\/d2p6e6u75xmxt8.cloudfront.net\/12\/2020\/03\/Carrying-Bicycle-2-272x182.jpg 272w\" sizes=\"auto, (max-width: 1392px) 100vw, 1392px\" \/><\/p>\n<p>Ha akad\u00e1lyhoz \u00e9rkezel, nem ker\u00fclheted el, hogy cipelned kelljen a biciklid. A legjobb m\u00f3dja ennek, ha a v\u00e1zat a h\u00e1ts\u00f3 ker\u00e9k t\u00e1j\u00e1n fogod meg, \u00e9s a combodra t\u00e1masztod. A tehermentes\u00edtett els\u0151 ker\u00e9k pedig gurulhat a f\u00f6ld\u00f6n.<\/p>\n<p><img loading=\"lazy\" decoding=\"async\" class=\"alignnone size-full wp-image-7231\" src=\"https:\/\/d2p6e6u75xmxt8.cloudfront.net\/12\/2020\/03\/Carrying-Bicycle-3.jpg\" alt=\"\" width=\"1392\" height=\"928\" srcset=\"https:\/\/d2p6e6u75xmxt8.cloudfront.net\/12\/2020\/03\/Carrying-Bicycle-3.jpg 1392w, https:\/\/d2p6e6u75xmxt8.cloudfront.net\/12\/2020\/03\/Carrying-Bicycle-3-300x200.jpg 300w, https:\/\/d2p6e6u75xmxt8.cloudfront.net\/12\/2020\/03\/Carrying-Bicycle-3-768x512.jpg 768w, https:\/\/d2p6e6u75xmxt8.cloudfront.net\/12\/2020\/03\/Carrying-Bicycle-3-1024x683.jpg 1024w, https:\/\/d2p6e6u75xmxt8.cloudfront.net\/12\/2020\/03\/Carrying-Bicycle-3-272x182.jpg 272w\" sizes=\"auto, (max-width: 1392px) 100vw, 1392px\" \/><\/p>\n<p>Igaz\u00e1n durva terepen az egyetlen megold\u00e1s az, ha a h\u00e1tadra kapod a j\u00e1rg\u00e1nyt. Hogy hogyan? \u00dagy helyezd el magad el\u0151tt a bring\u00e1t, hogy a l\u00e1ncker\u00e9k a te oldaladon legyen. A ped\u00e1l hajt\u00f3kara lefel\u00e9 \u00e1lljon. A jobb kezeddel fogd meg a hajt\u00f3kart, a ballal pedig a vill\u00e1t. Emeld fel a biciklit \u00e9s tedd a h\u00e1tadra, \u00fagy, hogy az als\u00f3 cs\u0151 a nyakad m\u00f6g\u00e9 ker\u00fclj\u00f6n. Ha a bringa stabil, el\u00e9g, ha csak egy k\u00e9zzel fogod, \u00edgy marad egy szabad kezed, ha esetleg kapaszkodni kell.<\/p>\n<p><img loading=\"lazy\" decoding=\"async\" class=\"alignnone size-full wp-image-7232\" src=\"https:\/\/d2p6e6u75xmxt8.cloudfront.net\/12\/2020\/03\/Carrying-Bicycle-4.jpg\" alt=\"\" width=\"1392\" height=\"928\" srcset=\"https:\/\/d2p6e6u75xmxt8.cloudfront.net\/12\/2020\/03\/Carrying-Bicycle-4.jpg 1392w, https:\/\/d2p6e6u75xmxt8.cloudfront.net\/12\/2020\/03\/Carrying-Bicycle-4-300x200.jpg 300w, https:\/\/d2p6e6u75xmxt8.cloudfront.net\/12\/2020\/03\/Carrying-Bicycle-4-768x512.jpg 768w, https:\/\/d2p6e6u75xmxt8.cloudfront.net\/12\/2020\/03\/Carrying-Bicycle-4-1024x683.jpg 1024w, https:\/\/d2p6e6u75xmxt8.cloudfront.net\/12\/2020\/03\/Carrying-Bicycle-4-272x182.jpg 272w\" sizes=\"auto, (max-width: 1392px) 100vw, 1392px\" \/><\/p>\n<p>Ha lejt\u0151n vagy l\u00e9pcs\u0151n kell lej\u00f6nn\u00f6d, rengeteg energi\u00e1t megsp\u00f3rolhatsz, ha a k\u00e9pen l\u00e1that\u00f3 m\u00f3don viszed a bring\u00e1d. \u00c1ll\u00edtsd fel a h\u00e1ts\u00f3 kerek\u00e9re, mindk\u00e9t kezeddel fogd meg a korm\u00e1nyt, \u00e9s m\u00e1r indulhatsz is! Ez a m\u00f3dszer akkor is hasznos lehet, ha egy sz\u0171k helyen, ajt\u00f3n, vagy csigal\u00e9pcs\u0151n kell kijutnod. Emellett t\u00f6megk\u00f6zleked\u00e9si eszk\u00f6z\u00f6k\u00f6n val\u00f3 utaz\u00e1shoz is t\u00f6k\u00e9letes.<\/p>\n<p><img loading=\"lazy\" decoding=\"async\" class=\"alignnone size-full wp-image-7233\" src=\"https:\/\/d2p6e6u75xmxt8.cloudfront.net\/12\/2020\/03\/Carrying-Bicycle-5.jpg\" alt=\"\" width=\"1504\" height=\"1004\" srcset=\"https:\/\/d2p6e6u75xmxt8.cloudfront.net\/12\/2020\/03\/Carrying-Bicycle-5.jpg 1504w, https:\/\/d2p6e6u75xmxt8.cloudfront.net\/12\/2020\/03\/Carrying-Bicycle-5-300x200.jpg 300w, https:\/\/d2p6e6u75xmxt8.cloudfront.net\/12\/2020\/03\/Carrying-Bicycle-5-768x513.jpg 768w, https:\/\/d2p6e6u75xmxt8.cloudfront.net\/12\/2020\/03\/Carrying-Bicycle-5-1024x684.jpg 1024w, https:\/\/d2p6e6u75xmxt8.cloudfront.net\/12\/2020\/03\/Carrying-Bicycle-5-272x182.jpg 272w\" sizes=\"auto, (max-width: 1504px) 100vw, 1504px\" \/><\/p>\n","protected":false},"excerpt":{"rendered":"<p>M\u00e9g a legegyszer\u0171bbnek t\u0171n\u0151 dolgokat is lehet fejleszteni: p\u00e9ld\u00e1ul azt, hogyan viszed a ker\u00e9kp\u00e1rod, amikor nem tudsz r\u00e1\u00fclni. Hoztunk n\u00e9h\u00e1ny [&hellip;]<\/p>\n","protected":false},"author":71,"featured_media":7235,"comment_status":"open","ping_status":"open","sticky":false,"template":"","format":"standard","meta":{"footnotes":""},"categories":[7],"tags":[],"global-categories":[],"class_list":["post-7228","post","type-post","status-publish","format-standard","has-post-thumbnail","hentry","category-trekking-mtb"],"yoast_head":"<!-- This site is optimized with the Yoast SEO Premium plugin v25.3 (Yoast SEO v25.9) - https:\/\/yoast.com\/wordpress\/plugins\/seo\/ -->\n<title>Vidd a bring\u00e1t, mint egy profi - \u0160koda We Love Cycling - Magyarorsz\u00e1g<\/title>\n<meta name=\"robots\" content=\"index, follow, max-snippet:-1, max-image-preview:large, max-video-preview:-1\" \/>\n<link rel=\"canonical\" href=\"https:\/\/www.welovecycling.com\/hu\/trekking-mtb\/vidd-a-bringat-mint-egy-profi\/\" \/>\n<meta property=\"og:locale\" content=\"hu_HU\" \/>\n<meta property=\"og:type\" content=\"article\" \/>\n<meta property=\"og:title\" content=\"Vidd a bring\u00e1t, mint egy profi\" \/>\n<meta property=\"og:description\" content=\"M\u00e9g a legegyszer\u0171bbnek t\u0171n\u0151 dolgokat is lehet fejleszteni: p\u00e9ld\u00e1ul azt, hogyan viszed a ker\u00e9kp\u00e1rod, amikor nem tudsz r\u00e1\u00fclni. Hoztunk n\u00e9h\u00e1ny [&hellip;]\" \/>\n<meta property=\"og:url\" content=\"https:\/\/www.welovecycling.com\/hu\/trekking-mtb\/vidd-a-bringat-mint-egy-profi\/\" \/>\n<meta property=\"og:site_name\" content=\"\u0160koda We Love Cycling - Magyarorsz\u00e1g\" \/>\n<meta property=\"article:publisher\" content=\"https:\/\/www.facebook.com\/WeLoveCyclingHungary\/\" \/>\n<meta property=\"article:published_time\" content=\"2020-03-28T07:00:06+00:00\" \/>\n<meta property=\"og:image\" content=\"https:\/\/d2p6e6u75xmxt8.cloudfront.net\/12\/2020\/03\/Carrying-Bicycle-CVR.jpg\" \/>\n\t<meta property=\"og:image:width\" content=\"1366\" \/>\n\t<meta property=\"og:image:height\" content=\"600\" \/>\n\t<meta property=\"og:image:type\" content=\"image\/jpeg\" \/>\n<meta name=\"author\" content=\"hegyizs\" \/>\n<meta name=\"twitter:card\" content=\"summary_large_image\" \/>\n<meta name=\"twitter:label1\" content=\"Written by\" \/>\n\t<meta name=\"twitter:data1\" content=\"Adam Marsal\/ Photo: Milo\u0161 \u0160t\u00e1fek\" \/>\n\t<meta name=\"twitter:label2\" content=\"Est. reading time\" \/>\n\t<meta name=\"twitter:data2\" content=\"5\" \/>\n<script type=\"application\/ld+json\" class=\"yoast-schema-graph\">{\"@context\":\"https:\/\/schema.org\",\"@graph\":[{\"@type\":\"WebPage\",\"@id\":\"https:\/\/www.welovecycling.com\/hu\/trekking-mtb\/vidd-a-bringat-mint-egy-profi\/\",\"url\":\"https:\/\/www.welovecycling.com\/hu\/trekking-mtb\/vidd-a-bringat-mint-egy-profi\/\",\"name\":\"Vidd a bring\u00e1t, mint egy profi - \u0160koda We Love Cycling - Magyarorsz\u00e1g\",\"isPartOf\":{\"@id\":\"https:\/\/www.welovecycling.com\/hu\/#website\"},\"primaryImageOfPage\":{\"@id\":\"https:\/\/www.welovecycling.com\/hu\/trekking-mtb\/vidd-a-bringat-mint-egy-profi\/#primaryimage\"},\"image\":{\"@id\":\"https:\/\/www.welovecycling.com\/hu\/trekking-mtb\/vidd-a-bringat-mint-egy-profi\/#primaryimage\"},\"thumbnailUrl\":\"https:\/\/d2p6e6u75xmxt8.cloudfront.net\/12\/2020\/03\/Carrying-Bicycle-CVR.jpg\",\"datePublished\":\"2020-03-28T07:00:06+00:00\",\"author\":{\"@id\":\"https:\/\/www.welovecycling.com\/hu\/#\/schema\/person\/414a2aebf1801691a5320edb6468e194\"},\"breadcrumb\":{\"@id\":\"https:\/\/www.welovecycling.com\/hu\/trekking-mtb\/vidd-a-bringat-mint-egy-profi\/#breadcrumb\"},\"inLanguage\":\"hu\",\"potentialAction\":[{\"@type\":\"ReadAction\",\"target\":[\"https:\/\/www.welovecycling.com\/hu\/trekking-mtb\/vidd-a-bringat-mint-egy-profi\/\"]}]},{\"@type\":\"ImageObject\",\"inLanguage\":\"hu\",\"@id\":\"https:\/\/www.welovecycling.com\/hu\/trekking-mtb\/vidd-a-bringat-mint-egy-profi\/#primaryimage\",\"url\":\"https:\/\/d2p6e6u75xmxt8.cloudfront.net\/12\/2020\/03\/Carrying-Bicycle-CVR.jpg\",\"contentUrl\":\"https:\/\/d2p6e6u75xmxt8.cloudfront.net\/12\/2020\/03\/Carrying-Bicycle-CVR.jpg\",\"width\":1366,\"height\":600},{\"@type\":\"BreadcrumbList\",\"@id\":\"https:\/\/www.welovecycling.com\/hu\/trekking-mtb\/vidd-a-bringat-mint-egy-profi\/#breadcrumb\",\"itemListElement\":[{\"@type\":\"ListItem\",\"position\":1,\"name\":\"Home\",\"item\":\"https:\/\/www.welovecycling.com\/hu\/\"},{\"@type\":\"ListItem\",\"position\":2,\"name\":\"Vidd a bring\u00e1t, mint egy profi\"}]},{\"@type\":\"WebSite\",\"@id\":\"https:\/\/www.welovecycling.com\/hu\/#website\",\"url\":\"https:\/\/www.welovecycling.com\/hu\/\",\"name\":\"\u0160koda We Love Cycling - Magyarorsz\u00e1g\",\"description\":\"\u0160koda WeLoveCycling\",\"potentialAction\":[{\"@type\":\"SearchAction\",\"target\":{\"@type\":\"EntryPoint\",\"urlTemplate\":\"https:\/\/www.welovecycling.com\/hu\/?s={search_term_string}\"},\"query-input\":{\"@type\":\"PropertyValueSpecification\",\"valueRequired\":true,\"valueName\":\"search_term_string\"}}],\"inLanguage\":\"hu\"},{\"@type\":\"Person\",\"@id\":\"https:\/\/www.welovecycling.com\/hu\/#\/schema\/person\/414a2aebf1801691a5320edb6468e194\",\"name\":\"hegyizs\",\"image\":{\"@type\":\"ImageObject\",\"inLanguage\":\"hu\",\"@id\":\"https:\/\/www.welovecycling.com\/hu\/#\/schema\/person\/image\/\",\"url\":\"https:\/\/secure.gravatar.com\/avatar\/02cf8a7906b8cf90cecb4679defac7cfd33a1c2e3b88e4903d947f3bb58eedd3?s=96&d=mm&r=g\",\"contentUrl\":\"https:\/\/secure.gravatar.com\/avatar\/02cf8a7906b8cf90cecb4679defac7cfd33a1c2e3b88e4903d947f3bb58eedd3?s=96&d=mm&r=g\",\"caption\":\"hegyizs\"},\"url\":\"https:\/\/www.welovecycling.com\/hu\/author\/hegyizs\/\"}]}<\/script>\n<!-- \/ Yoast SEO Premium plugin. -->","yoast_head_json":{"title":"Vidd a bring\u00e1t, mint egy profi - \u0160koda We Love Cycling - Magyarorsz\u00e1g","robots":{"index":"index","follow":"follow","max-snippet":"max-snippet:-1","max-image-preview":"max-image-preview:large","max-video-preview":"max-video-preview:-1"},"canonical":"https:\/\/www.welovecycling.com\/hu\/trekking-mtb\/vidd-a-bringat-mint-egy-profi\/","og_locale":"hu_HU","og_type":"article","og_title":"Vidd a bring\u00e1t, mint egy profi","og_description":"M\u00e9g a legegyszer\u0171bbnek t\u0171n\u0151 dolgokat is lehet fejleszteni: p\u00e9ld\u00e1ul azt, hogyan viszed a ker\u00e9kp\u00e1rod, amikor nem tudsz r\u00e1\u00fclni. Hoztunk n\u00e9h\u00e1ny [&hellip;]","og_url":"https:\/\/www.welovecycling.com\/hu\/trekking-mtb\/vidd-a-bringat-mint-egy-profi\/","og_site_name":"\u0160koda We Love Cycling - Magyarorsz\u00e1g","article_publisher":"https:\/\/www.facebook.com\/WeLoveCyclingHungary\/","article_published_time":"2020-03-28T07:00:06+00:00","og_image":[{"width":1366,"height":600,"url":"https:\/\/d2p6e6u75xmxt8.cloudfront.net\/12\/2020\/03\/Carrying-Bicycle-CVR.jpg","type":"image\/jpeg"}],"author":"hegyizs","twitter_card":"summary_large_image","twitter_misc":{"Written by":"Adam Marsal\/ Photo: Milo\u0161 \u0160t\u00e1fek","Est. reading time":"5"},"schema":{"@context":"https:\/\/schema.org","@graph":[{"@type":"WebPage","@id":"https:\/\/www.welovecycling.com\/hu\/trekking-mtb\/vidd-a-bringat-mint-egy-profi\/","url":"https:\/\/www.welovecycling.com\/hu\/trekking-mtb\/vidd-a-bringat-mint-egy-profi\/","name":"Vidd a bring\u00e1t, mint egy profi - \u0160koda We Love Cycling - Magyarorsz\u00e1g","isPartOf":{"@id":"https:\/\/www.welovecycling.com\/hu\/#website"},"primaryImageOfPage":{"@id":"https:\/\/www.welovecycling.com\/hu\/trekking-mtb\/vidd-a-bringat-mint-egy-profi\/#primaryimage"},"image":{"@id":"https:\/\/www.welovecycling.com\/hu\/trekking-mtb\/vidd-a-bringat-mint-egy-profi\/#primaryimage"},"thumbnailUrl":"https:\/\/d2p6e6u75xmxt8.cloudfront.net\/12\/2020\/03\/Carrying-Bicycle-CVR.jpg","datePublished":"2020-03-28T07:00:06+00:00","author":{"@id":"https:\/\/www.welovecycling.com\/hu\/#\/schema\/person\/414a2aebf1801691a5320edb6468e194"},"breadcrumb":{"@id":"https:\/\/www.welovecycling.com\/hu\/trekking-mtb\/vidd-a-bringat-mint-egy-profi\/#breadcrumb"},"inLanguage":"hu","potentialAction":[{"@type":"ReadAction","target":["https:\/\/www.welovecycling.com\/hu\/trekking-mtb\/vidd-a-bringat-mint-egy-profi\/"]}]},{"@type":"ImageObject","inLanguage":"hu","@id":"https:\/\/www.welovecycling.com\/hu\/trekking-mtb\/vidd-a-bringat-mint-egy-profi\/#primaryimage","url":"https:\/\/d2p6e6u75xmxt8.cloudfront.net\/12\/2020\/03\/Carrying-Bicycle-CVR.jpg","contentUrl":"https:\/\/d2p6e6u75xmxt8.cloudfront.net\/12\/2020\/03\/Carrying-Bicycle-CVR.jpg","width":1366,"height":600},{"@type":"BreadcrumbList","@id":"https:\/\/www.welovecycling.com\/hu\/trekking-mtb\/vidd-a-bringat-mint-egy-profi\/#breadcrumb","itemListElement":[{"@type":"ListItem","position":1,"name":"Home","item":"https:\/\/www.welovecycling.com\/hu\/"},{"@type":"ListItem","position":2,"name":"Vidd a bring\u00e1t, mint egy profi"}]},{"@type":"WebSite","@id":"https:\/\/www.welovecycling.com\/hu\/#website","url":"https:\/\/www.welovecycling.com\/hu\/","name":"\u0160koda We Love Cycling - Magyarorsz\u00e1g","description":"\u0160koda WeLoveCycling","potentialAction":[{"@type":"SearchAction","target":{"@type":"EntryPoint","urlTemplate":"https:\/\/www.welovecycling.com\/hu\/?s={search_term_string}"},"query-input":{"@type":"PropertyValueSpecification","valueRequired":true,"valueName":"search_term_string"}}],"inLanguage":"hu"},{"@type":"Person","@id":"https:\/\/www.welovecycling.com\/hu\/#\/schema\/person\/414a2aebf1801691a5320edb6468e194","name":"hegyizs","image":{"@type":"ImageObject","inLanguage":"hu","@id":"https:\/\/www.welovecycling.com\/hu\/#\/schema\/person\/image\/","url":"https:\/\/secure.gravatar.com\/avatar\/02cf8a7906b8cf90cecb4679defac7cfd33a1c2e3b88e4903d947f3bb58eedd3?s=96&d=mm&r=g","contentUrl":"https:\/\/secure.gravatar.com\/avatar\/02cf8a7906b8cf90cecb4679defac7cfd33a1c2e3b88e4903d947f3bb58eedd3?s=96&d=mm&r=g","caption":"hegyizs"},"url":"https:\/\/www.welovecycling.com\/hu\/author\/hegyizs\/"}]}},"_links":{"self":[{"href":"https:\/\/www.welovecycling.com\/hu\/wp-json\/wp\/v2\/posts\/7228","targetHints":{"allow":["GET"]}}],"collection":[{"href":"https:\/\/www.welovecycling.com\/hu\/wp-json\/wp\/v2\/posts"}],"about":[{"href":"https:\/\/www.welovecycling.com\/hu\/wp-json\/wp\/v2\/types\/post"}],"author":[{"embeddable":true,"href":"https:\/\/www.welovecycling.com\/hu\/wp-json\/wp\/v2\/users\/71"}],"replies":[{"embeddable":true,"href":"https:\/\/www.welovecycling.com\/hu\/wp-json\/wp\/v2\/comments?post=7228"}],"version-history":[{"count":2,"href":"https:\/\/www.welovecycling.com\/hu\/wp-json\/wp\/v2\/posts\/7228\/revisions"}],"predecessor-version":[{"id":7244,"href":"https:\/\/www.welovecycling.com\/hu\/wp-json\/wp\/v2\/posts\/7228\/revisions\/7244"}],"wp:featuredmedia":[{"embeddable":true,"href":"https:\/\/www.welovecycling.com\/hu\/wp-json\/wp\/v2\/media\/7235"}],"wp:attachment":[{"href":"https:\/\/www.welovecycling.com\/hu\/wp-json\/wp\/v2\/media?parent=7228"}],"wp:term":[{"taxonomy":"category","embeddable":true,"href":"https:\/\/www.welovecycling.com\/hu\/wp-json\/wp\/v2\/categories?post=7228"},{"taxonomy":"post_tag","embeddable":true,"href":"https:\/\/www.welovecycling.com\/hu\/wp-json\/wp\/v2\/tags?post=7228"},{"taxonomy":"global-categories","embeddable":true,"href":"https:\/\/www.welovecycling.com\/hu\/wp-json\/wp\/v2\/global-categories?post=7228"}],"curies":[{"name":"wp","href":"https:\/\/api.w.org\/{rel}","templated":true}]}}