{"id":7221,"date":"2020-03-26T08:00:02","date_gmt":"2020-03-26T07:00:02","guid":{"rendered":"https:\/\/www.welovecycling.com\/hu\/?p=7221"},"modified":"2020-03-21T17:31:05","modified_gmt":"2020-03-21T16:31:05","slug":"a-szarnyas-skot-tortenete","status":"publish","type":"post","link":"https:\/\/www.welovecycling.com\/hu\/orszaguti-kerekpar\/a-szarnyas-skot-tortenete\/","title":{"rendered":"A sz\u00e1rnyas sk\u00f3t t\u00f6rt\u00e9nete"},"content":{"rendered":"<p><strong>A nagyszer\u0171 ker\u00e9kp\u00e1rosok t\u00f6rt\u00e9netei sokszor valamilyen banalit\u00e1ssal kezd\u0151dnek: a testv\u00e9r\u00fcket ut\u00e1nozz\u00e1k, fut\u00e1rnak \u00e1llnak, vagy apjuk t\u00edz csirk\u00e9j\u00fcket elcser\u00e9li egy ker\u00e9kp\u00e1rra (nem mi tal\u00e1ltuk ki &#8211; ha nem hiszed, keress r\u00e1 Alfonsina Strada-ra!). Graeme Obree sem kiv\u00e9tel ez al\u00f3l a szab\u00e1ly al\u00f3l, b\u00e1r az \u0151 t\u00f6rt\u00e9nete nem kifejezetten ban\u00e1lis. Fiatal fi\u00fak\u00e9nt iskolai zaklat\u00e1s \u00e1ldozata volt. Graeme sz\u00fclei annak \u00e9rdek\u00e9ben, hogy v\u00e9get vessenek ennek, eredeti megold\u00e1st tal\u00e1ltak ki. Vettek neki egy biciklit.<\/strong><\/p>\n<p><!--more--><\/p>\n<p>Graeme egyszer\u0171en felugrott a bring\u00e1j\u00e1ra \u00e9s fak\u00e9pn\u00e9l hagyta \u00fcld\u00f6z\u0151it. De volt egy dolog, amely el\u0151l nem menek\u00fclhetett &#8211; a szorong\u00e1ssal teli s\u00f6t\u00e9t pillanatok el\u0151l, amiket k\u00e9s\u0151bb depresszi\u00f3k\u00e9nt diagnosztiz\u00e1lt\u00e1k. A ker\u00e9kp\u00e1roz\u00e1s azonban bizonyos m\u00f3don m\u00e9gis seg\u00edtett. Ahogy Graeme is mondta: nem volt \u0151 \u201esz\u00fcletett versenyz\u0151\u201d, de az, hogy csatlakozott egy helyi ker\u00e9kp\u00e1ros klubhoz m\u00e9gis ebbe az ir\u00e1nyba terelte.<\/p>\n<figure id=\"attachment_7223\" aria-describedby=\"caption-attachment-7223\" style=\"width: 910px\" class=\"wp-caption alignnone\"><img loading=\"lazy\" decoding=\"async\" class=\"size-full wp-image-7223\" src=\"https:\/\/d2p6e6u75xmxt8.cloudfront.net\/12\/2020\/03\/profimedia-0273115865.jpg\" alt=\"\" width=\"910\" height=\"1250\" srcset=\"https:\/\/d2p6e6u75xmxt8.cloudfront.net\/12\/2020\/03\/profimedia-0273115865.jpg 910w, https:\/\/d2p6e6u75xmxt8.cloudfront.net\/12\/2020\/03\/profimedia-0273115865-218x300.jpg 218w, https:\/\/d2p6e6u75xmxt8.cloudfront.net\/12\/2020\/03\/profimedia-0273115865-768x1055.jpg 768w, https:\/\/d2p6e6u75xmxt8.cloudfront.net\/12\/2020\/03\/profimedia-0273115865-745x1024.jpg 745w\" sizes=\"auto, (max-width: 910px) 100vw, 910px\" \/><figcaption id=\"caption-attachment-7223\" class=\"wp-caption-text\"><em>Graeme Obree az 1993-as Herne Hill versenyen, ahol rekordot d\u00f6nt\u00f6tt. \u00a9 REX\/Shutterstock \/ Shutterstock Editorial \/ Profimedia<\/em><\/figcaption><\/figure>\n<p>Miut\u00e1n v\u00e9gzett tanulm\u00e1nyaival, egy bar\u00e1tj\u00e1val ker\u00e9kp\u00e1r\u00fczletet nyitottak. Sajnos ezt pont a 90-es \u00e9vek v\u00e9g\u00e9n, a gazdas\u00e1gi recesszi\u00f3 idej\u00e9n tett\u00e9k. Hamar cs\u0151dbe ment a v\u00e1llalkoz\u00e1s, Graeme pedig ad\u00f3ss\u00e1gban \u00e9s depresszi\u00f3ban \u00faszott. K\u00e9t lehet\u0151s\u00e9g \u00e1llt el\u0151tte: k\u00fczd vagy feladja. Szerencs\u00e9re az el\u0151bbi mellett d\u00f6nt\u00f6tt: harcolt, \u00e9s nem is ak\u00e1rhogy.<\/p>\n<h2><strong>Az \u201eOld Faitfhul\u201d<\/strong><\/h2>\n<p>Graeme megmaradt alkatr\u00e9szekb\u0151l \u00e9s egy meglep\u0151en hasznos, r\u00e9gi mos\u00f3g\u00e9p r\u00e9szeib\u0151l meg\u00e9p\u00edtette saj\u00e1t ker\u00e9kp\u00e1rj\u00e1t. Az elk\u00e9sz\u00fclt j\u00e1rg\u00e1nyt \u201eOld Faithful\u201d n\u00e9vre keresztelte. Kialak\u00edt\u00e1sa el\u0151seg\u00edtette, hogy kedvenc poz\u00edci\u00f3j\u00e1ban tekerhessen: k\u00f6ny\u00f6keit oldal\u00e1hoz szor\u00edtva. Obree hitt ebben a testtart\u00e1sban, term\u00e9szetesnek \u00e9s aerodinamikalilag hat\u00e9konynak tartotta.<\/p>\n<p>1993 j\u00falius\u00e1ban hat\u00e1rozott elk\u00e9pzel\u00e9sekkel \u00e9rkezett Norv\u00e9gi\u00e1ba a ker\u00e9kp\u00e1r \u00e9s tulajdonosa: Obree kit\u0171zte maga el\u00e9, hogy megd\u00f6nti Moser kilenc \u00e9ve \u00e1ll\u00edtott rekordj\u00e1t. Azonban terve hamar meghi\u00fasult, hiszen csapata, l\u00e1tv\u00e1n a furcsa biciklij\u00e9t, meggy\u0151zte, hogy egy m\u00e1sikkal \u00e1lljon rajthoz, egy olyannal, amin m\u00e9g soha nem tekert. Obree engedett a nyom\u00e1snak.<\/p>\n<figure id=\"attachment_7224\" aria-describedby=\"caption-attachment-7224\" style=\"width: 1250px\" class=\"wp-caption alignnone\"><img loading=\"lazy\" decoding=\"async\" class=\"size-full wp-image-7224\" src=\"https:\/\/d2p6e6u75xmxt8.cloudfront.net\/12\/2020\/03\/profimedia-0017507291.jpg\" alt=\"\" width=\"1250\" height=\"723\" srcset=\"https:\/\/d2p6e6u75xmxt8.cloudfront.net\/12\/2020\/03\/profimedia-0017507291.jpg 1250w, https:\/\/d2p6e6u75xmxt8.cloudfront.net\/12\/2020\/03\/profimedia-0017507291-300x174.jpg 300w, https:\/\/d2p6e6u75xmxt8.cloudfront.net\/12\/2020\/03\/profimedia-0017507291-768x444.jpg 768w, https:\/\/d2p6e6u75xmxt8.cloudfront.net\/12\/2020\/03\/profimedia-0017507291-1024x592.jpg 1024w\" sizes=\"auto, (max-width: 1250px) 100vw, 1250px\" \/><figcaption id=\"caption-attachment-7224\" class=\"wp-caption-text\"><em>Obree az Individual Pursuit n\u00e9gy kilom\u00e9teres szakasz\u00e1n. \u00a9 PEDRO UGARTE \/ AFP \/ Profimedia<\/em><\/figcaption><\/figure>\n<p>B\u00e1r a vil\u00e1grekordot nem d\u00f6nt\u00f6tte meg, \u00e1ll\u00edtott egy \u00fajat, m\u00e1s ter\u00fcleten, \u00edgy gratul\u00e1ci\u00f3k k\u00f6z\u00f6tt t\u00e1vozhatott a versenyr\u0151l, azzal a c\u00e9llal, hogy \u00fajra megpr\u00f3b\u00e1lja. A k\u00f6vetkez\u0151 24 \u00f3r\u00e1ra kib\u00e9relte a stadiont.<\/p>\n<p>Egy nappal k\u00e9s\u0151bb, reggel, Obree 5 perccel a m\u00e1sodik menete el\u0151tt \u00e9rkezett a helysz\u00ednre. \u00c9jszaka rengeteg vizet ivott, hogy sokszor fel\u00e9bredjen \u00e9s megny\u00fajt\u00f3ztathassa a l\u00e1bait. Sokan azt hitt\u00e9k, a versenyz\u0151 nem is jelenik meg az esem\u00e9nyen. Ki hib\u00e1ztathatta volna? \u00c1ltal\u00e1ban a ker\u00e9kp\u00e1rosoknak p\u00e1r napot pihenni\u00fck kell egy vil\u00e1grekord-k\u00eds\u00e9rlet ut\u00e1n. V\u00e9g\u00fcl azonban m\u00e9gis meg\u00e9rkezett, az Old Faitful-lal oldal\u00e1n. 1993. j\u00falius 17-\u00e9n a Sz\u00e1rnyas Sk\u00f3t \u00faj vil\u00e1grekordot \u00e1ll\u00edtott 51,595 km\/\u00f3r\u00e1s sebess\u00e9g\u00e9vel.<\/p>\n<p>A rekord kevesebb, mint k\u00e9t h\u00e9tig maradt megd\u00f6ntetlen: j\u00falius 23-\u00e1n Chris Boardman, Obreen f\u0151 riv\u00e1lisa el\u00e9rte az 51.8654 km\/\u00f3r\u00e1t. A verseng\u00e9s m\u00e9g ki\u00e9lezettebb\u00e9 v\u00e1lt, amikor Graeme elnyerte Boardmant\u0151l a vil\u00e1gbajnoki c\u00edmet. A k\u00e9t ellenf\u00e9l tisztelte egym\u00e1st, azonban az UCI nem t\u00e1pl\u00e1lt ilyen \u00e9rz\u00e9seket Obree ir\u00e1nt.<\/p>\n<figure id=\"attachment_7225\" aria-describedby=\"caption-attachment-7225\" style=\"width: 1250px\" class=\"wp-caption alignnone\"><img loading=\"lazy\" decoding=\"async\" class=\"size-full wp-image-7225\" src=\"https:\/\/d2p6e6u75xmxt8.cloudfront.net\/12\/2020\/03\/profimedia-0382840655.jpg\" alt=\"\" width=\"1250\" height=\"833\" srcset=\"https:\/\/d2p6e6u75xmxt8.cloudfront.net\/12\/2020\/03\/profimedia-0382840655.jpg 1250w, https:\/\/d2p6e6u75xmxt8.cloudfront.net\/12\/2020\/03\/profimedia-0382840655-300x200.jpg 300w, https:\/\/d2p6e6u75xmxt8.cloudfront.net\/12\/2020\/03\/profimedia-0382840655-768x512.jpg 768w, https:\/\/d2p6e6u75xmxt8.cloudfront.net\/12\/2020\/03\/profimedia-0382840655-1024x682.jpg 1024w, https:\/\/d2p6e6u75xmxt8.cloudfront.net\/12\/2020\/03\/profimedia-0382840655-272x182.jpg 272w\" sizes=\"auto, (max-width: 1250px) 100vw, 1250px\" \/><figcaption id=\"caption-attachment-7225\" class=\"wp-caption-text\"><em>Obree az edinburg-i k\u00f6nyvfesztiv\u00e1lon \u00a9 GARY DOAK \/ Alamy \/ Alamy \/ Profimedia<\/em><\/figcaption><\/figure>\n<h2><strong>Harc a depresszi\u00f3val<\/strong><\/h2>\n<p>1994-ben az UCI megv\u00e1ltoztatta a vil\u00e1gbajnoks\u00e1g szab\u00e1lyait, ezzel kiz\u00e1rva Obree megszokott versenyz\u00e9si form\u00e1j\u00e1t. Mindez az esem\u00e9ny el\u0151tt egy nappal t\u00f6rt\u00e9nt. Graeme-nek v\u00e1ltoztatnia kellett volna az utols\u00f3 pillanatban, amire nem volt hajland\u00f3: ugyan\u00fagy tekert, ahogy kor\u00e1bban, \u00e9s akkor sem \u00e1llt meg, amikor a piros z\u00e1szl\u00f3 jelezte, hogy diszkvalifik\u00e1lt\u00e1k.<\/p>\n<p>A tal\u00e1l\u00e9kony bring\u00e1s azonban nem hagyta mag\u00e1t: 1995-ben \u00faj poz\u00edci\u00f3t dolgozott ki, mely a Superman nevet kapta. Nem sokkal k\u00e9s\u0151bb az UCI ezt is betiltotta. Ugyanebben az \u00e9vben \u00fajabb csap\u00e1s \u00e9rte Graeme-t: b\u00e1tyja aut\u00f3balesetben \u00e9let\u00e9t vesztette. Innent\u0151l kezdve egyre nehezebben \u00e9s nehezebben tudott karrierj\u00e9re koncentr\u00e1lni. A sz\u00e1rnyas sk\u00f3t nem sz\u00e1rnyalt t\u00f6bb\u00e9 \u2013 alkoholizmusba s\u00fcllyedt, mik\u00f6zben pr\u00f3b\u00e1lt egy\u00fctt \u00e9lni a bipol\u00e1ris zavarral, melyet ekkoriban diagnosztiz\u00e1ltak n\u00e1la.<\/p>\n<p>Miut\u00e1n hivatalosan is nyugd\u00edjba vonult, a betegs\u00e9g \u00e1tvette az ir\u00e1ny\u00edt\u00e1st \u00e9lete felett. Hossz\u00fa \u00e9vekbe, rengeteg elfogyasztott alkoholba, k\u00e9t \u00f6ngyilkoss\u00e1gi k\u00eds\u00e9rletbe, ter\u00e1pi\u00e1ba \u00e9s v\u00e9g\u00fcl egy memo\u00e1rba ker\u00fclt, hogy \u00fajra megtal\u00e1lja a helyes utat.<\/p>\n<lite-youtube videoid=h-ukBspc9D0 params=\"enablejsapi=1\" style=\"background-image: url('https:\/\/i.ytimg.com\/vi_webp\/h-ukBspc9D0\/maxresdefault.webp');\"><\/lite-youtube>\n<p>2006-ban film k\u00e9sz\u00fclt a k\u00f6nyvb\u0151l. \u00d6t \u00e9vvel k\u00e9s\u0151bb Graeme felfedte \u00e9let\u00e9nek egy nagy titk\u00e1t: homoszexualit\u00e1s\u00e1t. Mivel egy konzervat\u00edv k\u00f6rnyezetben nevelkedett, a 70-es \u00e9vekbeli Sk\u00f3ci\u00e1ban, a nyilv\u00e1noss\u00e1g el\u0151tt tett vallom\u00e1s nagy l\u00e9p\u00e9s volt sz\u00e1m\u00e1ra.<\/p>\n<p>Graeme Obree t\u00f6rt\u00e9nete nem csak a sportol\u00f3k\u00e9nt el\u00e9r sikereir\u0151l, hanem a mag\u00e1n\u00e9let k\u00fczdelmeir\u0151l is sz\u00f3l. Ma saj\u00e1t elmond\u00e1sa szerint valamennyit biciklizik, valamennyit \u00edr, \u00e9s \u00e9l, ahogy tud.<\/p>\n","protected":false},"excerpt":{"rendered":"<p>A nagyszer\u0171 ker\u00e9kp\u00e1rosok t\u00f6rt\u00e9netei sokszor valamilyen banalit\u00e1ssal kezd\u0151dnek: a testv\u00e9r\u00fcket ut\u00e1nozz\u00e1k, fut\u00e1rnak \u00e1llnak, vagy apjuk t\u00edz csirk\u00e9j\u00fcket elcser\u00e9li egy ker\u00e9kp\u00e1rra [&hellip;]<\/p>\n","protected":false},"author":71,"featured_media":7227,"comment_status":"open","ping_status":"open","sticky":false,"template":"","format":"standard","meta":{"footnotes":""},"categories":[8],"tags":[],"global-categories":[],"class_list":["post-7221","post","type-post","status-publish","format-standard","has-post-thumbnail","hentry","category-orszaguti-kerekpar"],"yoast_head":"<!-- This site is optimized with the Yoast SEO Premium plugin v25.3 (Yoast SEO v25.9) - https:\/\/yoast.com\/wordpress\/plugins\/seo\/ -->\n<title>A sz\u00e1rnyas sk\u00f3t t\u00f6rt\u00e9nete - \u0160koda We Love Cycling - Magyarorsz\u00e1g<\/title>\n<meta name=\"robots\" content=\"index, follow, max-snippet:-1, max-image-preview:large, max-video-preview:-1\" \/>\n<link rel=\"canonical\" href=\"https:\/\/www.welovecycling.com\/hu\/orszaguti-kerekpar\/a-szarnyas-skot-tortenete\/\" \/>\n<meta property=\"og:locale\" content=\"hu_HU\" \/>\n<meta property=\"og:type\" content=\"article\" \/>\n<meta property=\"og:title\" content=\"A sz\u00e1rnyas sk\u00f3t t\u00f6rt\u00e9nete\" \/>\n<meta property=\"og:description\" content=\"A nagyszer\u0171 ker\u00e9kp\u00e1rosok t\u00f6rt\u00e9netei sokszor valamilyen banalit\u00e1ssal kezd\u0151dnek: a testv\u00e9r\u00fcket ut\u00e1nozz\u00e1k, fut\u00e1rnak \u00e1llnak, vagy apjuk t\u00edz csirk\u00e9j\u00fcket elcser\u00e9li egy ker\u00e9kp\u00e1rra [&hellip;]\" \/>\n<meta property=\"og:url\" content=\"https:\/\/www.welovecycling.com\/hu\/orszaguti-kerekpar\/a-szarnyas-skot-tortenete\/\" \/>\n<meta property=\"og:site_name\" content=\"\u0160koda We Love Cycling - Magyarorsz\u00e1g\" \/>\n<meta property=\"article:publisher\" content=\"https:\/\/www.facebook.com\/WeLoveCyclingHungary\/\" \/>\n<meta property=\"article:published_time\" content=\"2020-03-26T07:00:02+00:00\" \/>\n<meta property=\"og:image\" content=\"https:\/\/d2p6e6u75xmxt8.cloudfront.net\/12\/2020\/03\/Graeme-Obree-The-Flying-Scotsman-CVRprofimedia-0271920405.jpg\" \/>\n\t<meta property=\"og:image:width\" content=\"1366\" \/>\n\t<meta property=\"og:image:height\" content=\"600\" \/>\n\t<meta property=\"og:image:type\" content=\"image\/jpeg\" \/>\n<meta name=\"author\" content=\"hegyizs\" \/>\n<meta name=\"twitter:card\" content=\"summary_large_image\" \/>\n<meta name=\"twitter:label1\" content=\"Written by\" \/>\n\t<meta name=\"twitter:data1\" content=\"Tereza Antonova\" \/>\n\t<meta name=\"twitter:label2\" content=\"Est. reading time\" \/>\n\t<meta name=\"twitter:data2\" content=\"7\" \/>\n<script type=\"application\/ld+json\" class=\"yoast-schema-graph\">{\"@context\":\"https:\/\/schema.org\",\"@graph\":[{\"@type\":\"WebPage\",\"@id\":\"https:\/\/www.welovecycling.com\/hu\/orszaguti-kerekpar\/a-szarnyas-skot-tortenete\/\",\"url\":\"https:\/\/www.welovecycling.com\/hu\/orszaguti-kerekpar\/a-szarnyas-skot-tortenete\/\",\"name\":\"A sz\u00e1rnyas sk\u00f3t t\u00f6rt\u00e9nete - \u0160koda We Love Cycling - Magyarorsz\u00e1g\",\"isPartOf\":{\"@id\":\"https:\/\/www.welovecycling.com\/hu\/#website\"},\"primaryImageOfPage\":{\"@id\":\"https:\/\/www.welovecycling.com\/hu\/orszaguti-kerekpar\/a-szarnyas-skot-tortenete\/#primaryimage\"},\"image\":{\"@id\":\"https:\/\/www.welovecycling.com\/hu\/orszaguti-kerekpar\/a-szarnyas-skot-tortenete\/#primaryimage\"},\"thumbnailUrl\":\"https:\/\/d2p6e6u75xmxt8.cloudfront.net\/12\/2020\/03\/Graeme-Obree-The-Flying-Scotsman-CVRprofimedia-0271920405.jpg\",\"datePublished\":\"2020-03-26T07:00:02+00:00\",\"author\":{\"@id\":\"https:\/\/www.welovecycling.com\/hu\/#\/schema\/person\/414a2aebf1801691a5320edb6468e194\"},\"breadcrumb\":{\"@id\":\"https:\/\/www.welovecycling.com\/hu\/orszaguti-kerekpar\/a-szarnyas-skot-tortenete\/#breadcrumb\"},\"inLanguage\":\"hu\",\"potentialAction\":[{\"@type\":\"ReadAction\",\"target\":[\"https:\/\/www.welovecycling.com\/hu\/orszaguti-kerekpar\/a-szarnyas-skot-tortenete\/\"]}]},{\"@type\":\"ImageObject\",\"inLanguage\":\"hu\",\"@id\":\"https:\/\/www.welovecycling.com\/hu\/orszaguti-kerekpar\/a-szarnyas-skot-tortenete\/#primaryimage\",\"url\":\"https:\/\/d2p6e6u75xmxt8.cloudfront.net\/12\/2020\/03\/Graeme-Obree-The-Flying-Scotsman-CVRprofimedia-0271920405.jpg\",\"contentUrl\":\"https:\/\/d2p6e6u75xmxt8.cloudfront.net\/12\/2020\/03\/Graeme-Obree-The-Flying-Scotsman-CVRprofimedia-0271920405.jpg\",\"width\":1366,\"height\":600},{\"@type\":\"BreadcrumbList\",\"@id\":\"https:\/\/www.welovecycling.com\/hu\/orszaguti-kerekpar\/a-szarnyas-skot-tortenete\/#breadcrumb\",\"itemListElement\":[{\"@type\":\"ListItem\",\"position\":1,\"name\":\"Home\",\"item\":\"https:\/\/www.welovecycling.com\/hu\/\"},{\"@type\":\"ListItem\",\"position\":2,\"name\":\"A sz\u00e1rnyas sk\u00f3t t\u00f6rt\u00e9nete\"}]},{\"@type\":\"WebSite\",\"@id\":\"https:\/\/www.welovecycling.com\/hu\/#website\",\"url\":\"https:\/\/www.welovecycling.com\/hu\/\",\"name\":\"\u0160koda We Love Cycling - Magyarorsz\u00e1g\",\"description\":\"\u0160koda WeLoveCycling\",\"potentialAction\":[{\"@type\":\"SearchAction\",\"target\":{\"@type\":\"EntryPoint\",\"urlTemplate\":\"https:\/\/www.welovecycling.com\/hu\/?s={search_term_string}\"},\"query-input\":{\"@type\":\"PropertyValueSpecification\",\"valueRequired\":true,\"valueName\":\"search_term_string\"}}],\"inLanguage\":\"hu\"},{\"@type\":\"Person\",\"@id\":\"https:\/\/www.welovecycling.com\/hu\/#\/schema\/person\/414a2aebf1801691a5320edb6468e194\",\"name\":\"hegyizs\",\"image\":{\"@type\":\"ImageObject\",\"inLanguage\":\"hu\",\"@id\":\"https:\/\/www.welovecycling.com\/hu\/#\/schema\/person\/image\/\",\"url\":\"https:\/\/secure.gravatar.com\/avatar\/02cf8a7906b8cf90cecb4679defac7cfd33a1c2e3b88e4903d947f3bb58eedd3?s=96&d=mm&r=g\",\"contentUrl\":\"https:\/\/secure.gravatar.com\/avatar\/02cf8a7906b8cf90cecb4679defac7cfd33a1c2e3b88e4903d947f3bb58eedd3?s=96&d=mm&r=g\",\"caption\":\"hegyizs\"},\"url\":\"https:\/\/www.welovecycling.com\/hu\/author\/hegyizs\/\"}]}<\/script>\n<!-- \/ Yoast SEO Premium plugin. -->","yoast_head_json":{"title":"A sz\u00e1rnyas sk\u00f3t t\u00f6rt\u00e9nete - \u0160koda We Love Cycling - Magyarorsz\u00e1g","robots":{"index":"index","follow":"follow","max-snippet":"max-snippet:-1","max-image-preview":"max-image-preview:large","max-video-preview":"max-video-preview:-1"},"canonical":"https:\/\/www.welovecycling.com\/hu\/orszaguti-kerekpar\/a-szarnyas-skot-tortenete\/","og_locale":"hu_HU","og_type":"article","og_title":"A sz\u00e1rnyas sk\u00f3t t\u00f6rt\u00e9nete","og_description":"A nagyszer\u0171 ker\u00e9kp\u00e1rosok t\u00f6rt\u00e9netei sokszor valamilyen banalit\u00e1ssal kezd\u0151dnek: a testv\u00e9r\u00fcket ut\u00e1nozz\u00e1k, fut\u00e1rnak \u00e1llnak, vagy apjuk t\u00edz csirk\u00e9j\u00fcket elcser\u00e9li egy ker\u00e9kp\u00e1rra [&hellip;]","og_url":"https:\/\/www.welovecycling.com\/hu\/orszaguti-kerekpar\/a-szarnyas-skot-tortenete\/","og_site_name":"\u0160koda We Love Cycling - Magyarorsz\u00e1g","article_publisher":"https:\/\/www.facebook.com\/WeLoveCyclingHungary\/","article_published_time":"2020-03-26T07:00:02+00:00","og_image":[{"width":1366,"height":600,"url":"https:\/\/d2p6e6u75xmxt8.cloudfront.net\/12\/2020\/03\/Graeme-Obree-The-Flying-Scotsman-CVRprofimedia-0271920405.jpg","type":"image\/jpeg"}],"author":"hegyizs","twitter_card":"summary_large_image","twitter_misc":{"Written by":"Tereza Antonova","Est. reading time":"7"},"schema":{"@context":"https:\/\/schema.org","@graph":[{"@type":"WebPage","@id":"https:\/\/www.welovecycling.com\/hu\/orszaguti-kerekpar\/a-szarnyas-skot-tortenete\/","url":"https:\/\/www.welovecycling.com\/hu\/orszaguti-kerekpar\/a-szarnyas-skot-tortenete\/","name":"A sz\u00e1rnyas sk\u00f3t t\u00f6rt\u00e9nete - \u0160koda We Love Cycling - Magyarorsz\u00e1g","isPartOf":{"@id":"https:\/\/www.welovecycling.com\/hu\/#website"},"primaryImageOfPage":{"@id":"https:\/\/www.welovecycling.com\/hu\/orszaguti-kerekpar\/a-szarnyas-skot-tortenete\/#primaryimage"},"image":{"@id":"https:\/\/www.welovecycling.com\/hu\/orszaguti-kerekpar\/a-szarnyas-skot-tortenete\/#primaryimage"},"thumbnailUrl":"https:\/\/d2p6e6u75xmxt8.cloudfront.net\/12\/2020\/03\/Graeme-Obree-The-Flying-Scotsman-CVRprofimedia-0271920405.jpg","datePublished":"2020-03-26T07:00:02+00:00","author":{"@id":"https:\/\/www.welovecycling.com\/hu\/#\/schema\/person\/414a2aebf1801691a5320edb6468e194"},"breadcrumb":{"@id":"https:\/\/www.welovecycling.com\/hu\/orszaguti-kerekpar\/a-szarnyas-skot-tortenete\/#breadcrumb"},"inLanguage":"hu","potentialAction":[{"@type":"ReadAction","target":["https:\/\/www.welovecycling.com\/hu\/orszaguti-kerekpar\/a-szarnyas-skot-tortenete\/"]}]},{"@type":"ImageObject","inLanguage":"hu","@id":"https:\/\/www.welovecycling.com\/hu\/orszaguti-kerekpar\/a-szarnyas-skot-tortenete\/#primaryimage","url":"https:\/\/d2p6e6u75xmxt8.cloudfront.net\/12\/2020\/03\/Graeme-Obree-The-Flying-Scotsman-CVRprofimedia-0271920405.jpg","contentUrl":"https:\/\/d2p6e6u75xmxt8.cloudfront.net\/12\/2020\/03\/Graeme-Obree-The-Flying-Scotsman-CVRprofimedia-0271920405.jpg","width":1366,"height":600},{"@type":"BreadcrumbList","@id":"https:\/\/www.welovecycling.com\/hu\/orszaguti-kerekpar\/a-szarnyas-skot-tortenete\/#breadcrumb","itemListElement":[{"@type":"ListItem","position":1,"name":"Home","item":"https:\/\/www.welovecycling.com\/hu\/"},{"@type":"ListItem","position":2,"name":"A sz\u00e1rnyas sk\u00f3t t\u00f6rt\u00e9nete"}]},{"@type":"WebSite","@id":"https:\/\/www.welovecycling.com\/hu\/#website","url":"https:\/\/www.welovecycling.com\/hu\/","name":"\u0160koda We Love Cycling - Magyarorsz\u00e1g","description":"\u0160koda WeLoveCycling","potentialAction":[{"@type":"SearchAction","target":{"@type":"EntryPoint","urlTemplate":"https:\/\/www.welovecycling.com\/hu\/?s={search_term_string}"},"query-input":{"@type":"PropertyValueSpecification","valueRequired":true,"valueName":"search_term_string"}}],"inLanguage":"hu"},{"@type":"Person","@id":"https:\/\/www.welovecycling.com\/hu\/#\/schema\/person\/414a2aebf1801691a5320edb6468e194","name":"hegyizs","image":{"@type":"ImageObject","inLanguage":"hu","@id":"https:\/\/www.welovecycling.com\/hu\/#\/schema\/person\/image\/","url":"https:\/\/secure.gravatar.com\/avatar\/02cf8a7906b8cf90cecb4679defac7cfd33a1c2e3b88e4903d947f3bb58eedd3?s=96&d=mm&r=g","contentUrl":"https:\/\/secure.gravatar.com\/avatar\/02cf8a7906b8cf90cecb4679defac7cfd33a1c2e3b88e4903d947f3bb58eedd3?s=96&d=mm&r=g","caption":"hegyizs"},"url":"https:\/\/www.welovecycling.com\/hu\/author\/hegyizs\/"}]}},"_links":{"self":[{"href":"https:\/\/www.welovecycling.com\/hu\/wp-json\/wp\/v2\/posts\/7221","targetHints":{"allow":["GET"]}}],"collection":[{"href":"https:\/\/www.welovecycling.com\/hu\/wp-json\/wp\/v2\/posts"}],"about":[{"href":"https:\/\/www.welovecycling.com\/hu\/wp-json\/wp\/v2\/types\/post"}],"author":[{"embeddable":true,"href":"https:\/\/www.welovecycling.com\/hu\/wp-json\/wp\/v2\/users\/71"}],"replies":[{"embeddable":true,"href":"https:\/\/www.welovecycling.com\/hu\/wp-json\/wp\/v2\/comments?post=7221"}],"version-history":[{"count":2,"href":"https:\/\/www.welovecycling.com\/hu\/wp-json\/wp\/v2\/posts\/7221\/revisions"}],"predecessor-version":[{"id":7243,"href":"https:\/\/www.welovecycling.com\/hu\/wp-json\/wp\/v2\/posts\/7221\/revisions\/7243"}],"wp:featuredmedia":[{"embeddable":true,"href":"https:\/\/www.welovecycling.com\/hu\/wp-json\/wp\/v2\/media\/7227"}],"wp:attachment":[{"href":"https:\/\/www.welovecycling.com\/hu\/wp-json\/wp\/v2\/media?parent=7221"}],"wp:term":[{"taxonomy":"category","embeddable":true,"href":"https:\/\/www.welovecycling.com\/hu\/wp-json\/wp\/v2\/categories?post=7221"},{"taxonomy":"post_tag","embeddable":true,"href":"https:\/\/www.welovecycling.com\/hu\/wp-json\/wp\/v2\/tags?post=7221"},{"taxonomy":"global-categories","embeddable":true,"href":"https:\/\/www.welovecycling.com\/hu\/wp-json\/wp\/v2\/global-categories?post=7221"}],"curies":[{"name":"wp","href":"https:\/\/api.w.org\/{rel}","templated":true}]}}