{"id":7202,"date":"2020-03-18T17:04:02","date_gmt":"2020-03-18T16:04:02","guid":{"rendered":"https:\/\/www.welovecycling.com\/hu\/?p=7202"},"modified":"2020-03-18T17:04:02","modified_gmt":"2020-03-18T16:04:02","slug":"bikepacking-gyerekekkel-egy-anyuka-tanacsai","status":"publish","type":"post","link":"https:\/\/www.welovecycling.com\/hu\/csalad\/bikepacking-gyerekekkel-egy-anyuka-tanacsai\/","title":{"rendered":"Bikepacking gyerekekkel \u2013 egy anyuka tan\u00e1csai"},"content":{"rendered":"<p><strong>Chelsey Magness \u00e9s f\u00e9rje k\u00e9t pici gyerekkel indult \u00fatnak, mind\u00f6ssze egy-egy ker\u00e9kp\u00e1rral \u00e9s h\u00e1tizs\u00e1kkal felszerelkezve. Egy h\u00e1rom \u00e9ves \u00e9s egy eg\u00e9szen pici baba a term\u00e9szet l\u00e1gy \u00f6l\u00e9n: egy igaz\u00e1n b\u00e1tor anyuka kalandjai k\u00f6vetkeznek.<\/strong><!--more--><\/p>\n<p><em>\u00a0\u201eAzonnal be\u00fct\u00f6tt az els\u0151 minisz\u00edvinfarktus, amikor kisz\u00e1lltunk a kocsib\u00f3l \u00e9s elindultunk a bicikli\u00faton. \u00dagy ben\u0151tte a gaz, hogy alig l\u00e1ttam az els\u0151 kereket \u00e9s beragadtam a s\u00e1rba. M\u00e1ris megb\u00e1ntam, hogy belev\u00e1gtunk.\u201d<\/em><\/p>\n<p>A hat h\u00f3napos Ravel s\u00edr. H\u00e1tul \u00fcl a h\u00fazhat\u00f3 kocsiban, ami \u00e9lelemmel \u00e9s felszerel\u00e9ssel van megrakva, hogy mindene meglegyen a 4 f\u0151s csal\u00e1dnak, amire sz\u00fcks\u00e9g\u00fck lehet a n\u00e9gy napos bikepacking t\u00far\u00e1n. Max, a h\u00e1rom \u00e9ves kisfi\u00fa apja, Jason el\u0151tt \u00fcl, csacsog. \u0150k ketten legal\u00e1bb j\u00f3l \u00e9rzik magukat.<\/p>\n<p><img loading=\"lazy\" decoding=\"async\" class=\"aligncenter size-full wp-image-7204\" src=\"https:\/\/d2p6e6u75xmxt8.cloudfront.net\/12\/2020\/03\/bpgyerekekkel_02wlc.jpg\" alt=\"\" width=\"838\" height=\"559\" srcset=\"https:\/\/d2p6e6u75xmxt8.cloudfront.net\/12\/2020\/03\/bpgyerekekkel_02wlc.jpg 838w, https:\/\/d2p6e6u75xmxt8.cloudfront.net\/12\/2020\/03\/bpgyerekekkel_02wlc-300x200.jpg 300w, https:\/\/d2p6e6u75xmxt8.cloudfront.net\/12\/2020\/03\/bpgyerekekkel_02wlc-768x512.jpg 768w, https:\/\/d2p6e6u75xmxt8.cloudfront.net\/12\/2020\/03\/bpgyerekekkel_02wlc-272x182.jpg 272w\" sizes=\"auto, (max-width: 838px) 100vw, 838px\" \/><\/p>\n<p><em>\u201eAz egyik legfontosabb lecke, amit megtanultunk a t\u00fara alatt, az az, hogy minden v\u00e1ltozik. \u00cdgy ha Max hisztizni kezdett, vagy Revel s\u00edrt, tudtuk, hogy el fog m\u00falni a rosszkedv\u00fck.\u201d<\/em><\/p>\n<p>Persze emellett sz\u00e1mos m\u00e1s dolgot is tanult a h\u00e1zasp\u00e1r \u00e9s elhoztak nek\u00fcnk n\u00e9h\u00e1nyat a fontos tanuls\u00e1gokb\u00f3l, hogy bebizony\u00edts\u00e1k: meg\u00e9ri gyerekekkel \u00fatra kelni!<\/p>\n<h3><strong>1. A gyerekek k\u00f6nnyen alkalmazkodnak<\/strong><\/h3>\n<p><img loading=\"lazy\" decoding=\"async\" class=\"aligncenter size-full wp-image-7205\" src=\"https:\/\/d2p6e6u75xmxt8.cloudfront.net\/12\/2020\/03\/bpgyerekekkel_03wlc.jpg\" alt=\"\" width=\"838\" height=\"472\" srcset=\"https:\/\/d2p6e6u75xmxt8.cloudfront.net\/12\/2020\/03\/bpgyerekekkel_03wlc.jpg 838w, https:\/\/d2p6e6u75xmxt8.cloudfront.net\/12\/2020\/03\/bpgyerekekkel_03wlc-300x169.jpg 300w, https:\/\/d2p6e6u75xmxt8.cloudfront.net\/12\/2020\/03\/bpgyerekekkel_03wlc-768x433.jpg 768w\" sizes=\"auto, (max-width: 838px) 100vw, 838px\" \/><\/p>\n<p><em>\u201eT\u00e9nyleg b\u00e1rhol elalszanak, ha el\u00e1lmosodnak. Vigyetek magatokkal n\u00e9h\u00e1ny ismer\u0151s dolgot otthonr\u00f3l, hogy biztons\u00e1gban \u00e9rezz\u00e9k magukat. Mi egy pici zajg\u00e9pet \u00e9s cumit vitt\u00fcnk a hat h\u00f3napos Revelnek, \u00e9s Max kedvenc pl\u00fcss\u00e1llat\u00e1t.\u201d<\/em><\/p>\n<p><em>\u201eB\u00e1r az alv\u00e1sid\u0151k megv\u00e1ltoztak, ameddig mindketten eleget tudtak pihenni napk\u00f6zben, \u00e9s f\u0151leg \u00e9jjel, addig nem volt gond. Egy izgalmas, sz\u00e9llel, naps\u00fct\u00e9ssel \u00e9s v\u00edzzel teli nap ut\u00e1n pedig nem lesz gond az elalv\u00e1ssal!\u201d<\/em><\/p>\n<h3><strong>2. Ne v\u00e1rj r\u00e1, hogy el\u00e9g id\u0151sek legyenek<\/strong><\/h3>\n<p><em>\u201eEgyik korszak sem t\u00f6k\u00e9letes, mindegyiknek megvannak a maga el\u0151nyei \u00e9s h\u00e1tr\u00e1nyai. Ameddig t\u00fal picik, m\u00e9g nem alkotnak saj\u00e1t v\u00e9lem\u00e9nyt, \u00edgy viheted \u0151ket b\u00e1rhova, ahova te szeretn\u00e9d. Cser\u00e9be pelenk\u00e1z\u00e1ssal \u00e9s extra felszerel\u00e9ssel kell bajl\u00f3dnod.\u201d<\/em><\/p>\n<p><em>\u201eAhogy n\u0151nek, \u00fagy b\u0151v\u00fcl a sz\u00f3t\u00e1ruk mindenf\u00e9le ellenkez\u00e9sre alkalmas kifejez\u00e9ssel, amit f\u0151leg akkor haszn\u00e1lnak, amikor nagyon szeretn\u00e9d, hogy megtegyenek valamit. Ezzel szemben tudnak egyed\u00fcl enni \u00e9s \u00f6lt\u00f6zk\u00f6dni, s\u0151t ak\u00e1r a saj\u00e1t bring\u00e1jukon is j\u00f6hetnek.\u201d<\/em><\/p>\n<p>Ne v\u00e1rj h\u00e1t a t\u00f6k\u00e9letes id\u0151pontra, hiszen \u00e9ppen ez is az lehet! Minden megold\u00f3dik \u00e9s helyre ker\u00fcl majd az \u00faton.<\/p>\n<h3><strong>3. Ami neked k\u00f6nny\u0171, egy tipeg\u0151nek neh\u00e9z, egy csecsem\u0151 pedig \u00e9szre sem veszi<\/strong><\/h3>\n<p><em>\u201e\u00dagy v\u00e1lassz \u00fatvonalat, hogy azt a csal\u00e1d minden tagja \u00e9lvezni tudja. Els\u0151sorban a gyerekekre szabd a kir\u00e1ndul\u00e1st, f\u0151leg, ha m\u00e1r elm\u00faltak egy \u00e9vesek. 3-5 \u00f3r\u00e1nk\u00e9nt tervezz be egy hosszabb pihen\u0151t, vigy\u00e9l magaddal j\u00f3 sok nassolnival\u00f3t \u00e9s hagyj j\u00e1t\u00e9ksz\u00fcneteket is!\u201d<\/em><\/p>\n<h3><strong>4. Legyen B terv<\/strong><\/h3>\n<p><em>\u201eHa valami nem j\u00f6n \u00f6ssze, ne dobd be egyb\u0151l a t\u00f6r\u00f6lk\u00f6z\u0151t! Legyen k\u00e9zn\u00e9l egy B terv, egy k\u00f6zelebbi \u00fati c\u00e9l, ha esetleg lassabban tudtok haladni a tervezettn\u00e9l, vagy egy k\u00f6nnyebb \u00fatvonal.\u201d<\/em><\/p>\n<p><img loading=\"lazy\" decoding=\"async\" class=\"aligncenter size-full wp-image-7206\" src=\"https:\/\/d2p6e6u75xmxt8.cloudfront.net\/12\/2020\/03\/bpgyerekekkel_04wlc.jpg\" alt=\"\" width=\"838\" height=\"558\" srcset=\"https:\/\/d2p6e6u75xmxt8.cloudfront.net\/12\/2020\/03\/bpgyerekekkel_04wlc.jpg 838w, https:\/\/d2p6e6u75xmxt8.cloudfront.net\/12\/2020\/03\/bpgyerekekkel_04wlc-300x200.jpg 300w, https:\/\/d2p6e6u75xmxt8.cloudfront.net\/12\/2020\/03\/bpgyerekekkel_04wlc-768x511.jpg 768w, https:\/\/d2p6e6u75xmxt8.cloudfront.net\/12\/2020\/03\/bpgyerekekkel_04wlc-272x182.jpg 272w\" sizes=\"auto, (max-width: 838px) 100vw, 838px\" \/><\/p>\n<h3><strong>M\u00edtoszok \u00e9s c\u00e1folatok<\/strong><\/h3>\n<p>Rengeteg okot tal\u00e1lhatunk arra, hogy mi\u00e9rt ne induljunk \u00fatnak, azonban ezek legt\u00f6bbje egyszer\u0171en \u00e1thidalhat\u00f3, s\u0151t, n\u00e9melyik egyszer\u0171en csak legenda. M\u00e9g hogy ne szeretn\u00e9k a gyerekek a bukkan\u00f3kat! Im\u00e1dj\u00e1k \u0151ket! R\u00e1ad\u00e1sul a legt\u00f6bb gyereket nem zavarja a kosz, s\u0151t, szeretnek s\u00e1rosak lenni, \u00edgy nem kell nekik sem t\u00f6bb ruha, mint amennyit magadnak viszel. Ha pedig azt gondolod, k\u00e9ptelenek ennyi ideig egy helyben \u00fclni, Chelsea \u00e9s Jason ezt is megc\u00e1folja: b\u00e1r \u0151k is tapasztalt\u00e1k, hogy az aut\u00f3ban folyton izegnek-mozognak, \u00e9s ki akarnak sz\u00e1llni, a biciklin eg\u00e9szen m\u00e1s volt a helyzet. Im\u00e1dt\u00e1k a kalandot \u00e9s \u00f3r\u00e1kig el\u00fccs\u00f6r\u00f6gtek a t\u00e1jat n\u00e9zve \u00e9s \u00e9lvezve az utat.<\/p>\n<p>Ak\u00e1rmilyen neh\u00e9zs\u00e9g is \u00e1ll az utatokba, le tudj\u00e1tok gy\u0151zni, csak egy kis tervez\u00e9s \u00e9s gyakorl\u00e1s kell hozz\u00e1: kezdj\u00e9tek egy r\u00f6videbb t\u00far\u00e1val, hogy kitapasztalj\u00e1tok mennyi cuccot b\u00edrtok el, mire van sz\u00fcks\u00e9getek, \u00e9s mire nincs. Kalandra fel!<\/p>\n<p><em>Forr\u00e1s: <\/em><a href=\"https:\/\/gearjunkie.com\/bikepacking-with-babies-children-toddlers-infants\" target=\"_blank\" rel=\"noopener\"><em>gearjunkie.com<\/em><\/a><\/p>\n","protected":false},"excerpt":{"rendered":"<p>Chelsey Magness \u00e9s f\u00e9rje k\u00e9t pici gyerekkel indult \u00fatnak, mind\u00f6ssze egy-egy ker\u00e9kp\u00e1rral \u00e9s h\u00e1tizs\u00e1kkal felszerelkezve. Egy h\u00e1rom \u00e9ves \u00e9s egy [&hellip;]<\/p>\n","protected":false},"author":71,"featured_media":7203,"comment_status":"open","ping_status":"open","sticky":false,"template":"","format":"standard","meta":{"footnotes":""},"categories":[11],"tags":[],"global-categories":[419],"class_list":["post-7202","post","type-post","status-publish","format-standard","has-post-thumbnail","hentry","category-csalad","global-categories-cycling"],"yoast_head":"<!-- This site is optimized with the Yoast SEO Premium plugin v25.3 (Yoast SEO v25.9) - https:\/\/yoast.com\/wordpress\/plugins\/seo\/ -->\n<title>Bikepacking gyerekekkel \u2013 egy anyuka tan\u00e1csai - \u0160koda We Love Cycling - Magyarorsz\u00e1g<\/title>\n<meta name=\"robots\" content=\"index, follow, max-snippet:-1, max-image-preview:large, max-video-preview:-1\" \/>\n<link rel=\"canonical\" href=\"https:\/\/www.welovecycling.com\/hu\/csalad\/bikepacking-gyerekekkel-egy-anyuka-tanacsai\/\" \/>\n<meta property=\"og:locale\" content=\"hu_HU\" \/>\n<meta property=\"og:type\" content=\"article\" \/>\n<meta property=\"og:title\" content=\"Bikepacking gyerekekkel \u2013 egy anyuka tan\u00e1csai\" \/>\n<meta property=\"og:description\" content=\"Chelsey Magness \u00e9s f\u00e9rje k\u00e9t pici gyerekkel indult \u00fatnak, mind\u00f6ssze egy-egy ker\u00e9kp\u00e1rral \u00e9s h\u00e1tizs\u00e1kkal felszerelkezve. Egy h\u00e1rom \u00e9ves \u00e9s egy [&hellip;]\" \/>\n<meta property=\"og:url\" content=\"https:\/\/www.welovecycling.com\/hu\/csalad\/bikepacking-gyerekekkel-egy-anyuka-tanacsai\/\" \/>\n<meta property=\"og:site_name\" content=\"\u0160koda We Love Cycling - Magyarorsz\u00e1g\" \/>\n<meta property=\"article:publisher\" content=\"https:\/\/www.facebook.com\/WeLoveCyclingHungary\/\" \/>\n<meta property=\"article:published_time\" content=\"2020-03-18T16:04:02+00:00\" \/>\n<meta property=\"og:image\" content=\"https:\/\/d2p6e6u75xmxt8.cloudfront.net\/12\/2020\/03\/bpgyerekekkel_01wlc.jpg\" \/>\n\t<meta property=\"og:image:width\" content=\"1676\" \/>\n\t<meta property=\"og:image:height\" content=\"1117\" \/>\n\t<meta property=\"og:image:type\" content=\"image\/jpeg\" \/>\n<meta name=\"author\" content=\"hegyizs\" \/>\n<meta name=\"twitter:card\" content=\"summary_large_image\" \/>\n<meta name=\"twitter:label1\" content=\"Written by\" \/>\n\t<meta name=\"twitter:data1\" content=\"WLC\" \/>\n\t<meta name=\"twitter:label2\" content=\"Est. reading time\" \/>\n\t<meta name=\"twitter:data2\" content=\"4 minutes\" \/>\n<script type=\"application\/ld+json\" class=\"yoast-schema-graph\">{\"@context\":\"https:\/\/schema.org\",\"@graph\":[{\"@type\":\"WebPage\",\"@id\":\"https:\/\/www.welovecycling.com\/hu\/csalad\/bikepacking-gyerekekkel-egy-anyuka-tanacsai\/\",\"url\":\"https:\/\/www.welovecycling.com\/hu\/csalad\/bikepacking-gyerekekkel-egy-anyuka-tanacsai\/\",\"name\":\"Bikepacking gyerekekkel \u2013 egy anyuka tan\u00e1csai - \u0160koda We Love Cycling - Magyarorsz\u00e1g\",\"isPartOf\":{\"@id\":\"https:\/\/www.welovecycling.com\/hu\/#website\"},\"primaryImageOfPage\":{\"@id\":\"https:\/\/www.welovecycling.com\/hu\/csalad\/bikepacking-gyerekekkel-egy-anyuka-tanacsai\/#primaryimage\"},\"image\":{\"@id\":\"https:\/\/www.welovecycling.com\/hu\/csalad\/bikepacking-gyerekekkel-egy-anyuka-tanacsai\/#primaryimage\"},\"thumbnailUrl\":\"https:\/\/d2p6e6u75xmxt8.cloudfront.net\/12\/2020\/03\/bpgyerekekkel_01wlc.jpg\",\"datePublished\":\"2020-03-18T16:04:02+00:00\",\"author\":{\"@id\":\"https:\/\/www.welovecycling.com\/hu\/#\/schema\/person\/414a2aebf1801691a5320edb6468e194\"},\"breadcrumb\":{\"@id\":\"https:\/\/www.welovecycling.com\/hu\/csalad\/bikepacking-gyerekekkel-egy-anyuka-tanacsai\/#breadcrumb\"},\"inLanguage\":\"hu\",\"potentialAction\":[{\"@type\":\"ReadAction\",\"target\":[\"https:\/\/www.welovecycling.com\/hu\/csalad\/bikepacking-gyerekekkel-egy-anyuka-tanacsai\/\"]}]},{\"@type\":\"ImageObject\",\"inLanguage\":\"hu\",\"@id\":\"https:\/\/www.welovecycling.com\/hu\/csalad\/bikepacking-gyerekekkel-egy-anyuka-tanacsai\/#primaryimage\",\"url\":\"https:\/\/d2p6e6u75xmxt8.cloudfront.net\/12\/2020\/03\/bpgyerekekkel_01wlc.jpg\",\"contentUrl\":\"https:\/\/d2p6e6u75xmxt8.cloudfront.net\/12\/2020\/03\/bpgyerekekkel_01wlc.jpg\",\"width\":1676,\"height\":1117},{\"@type\":\"BreadcrumbList\",\"@id\":\"https:\/\/www.welovecycling.com\/hu\/csalad\/bikepacking-gyerekekkel-egy-anyuka-tanacsai\/#breadcrumb\",\"itemListElement\":[{\"@type\":\"ListItem\",\"position\":1,\"name\":\"Home\",\"item\":\"https:\/\/www.welovecycling.com\/hu\/\"},{\"@type\":\"ListItem\",\"position\":2,\"name\":\"Bikepacking gyerekekkel \u2013 egy anyuka tan\u00e1csai\"}]},{\"@type\":\"WebSite\",\"@id\":\"https:\/\/www.welovecycling.com\/hu\/#website\",\"url\":\"https:\/\/www.welovecycling.com\/hu\/\",\"name\":\"\u0160koda We Love Cycling - Magyarorsz\u00e1g\",\"description\":\"\u0160koda WeLoveCycling\",\"potentialAction\":[{\"@type\":\"SearchAction\",\"target\":{\"@type\":\"EntryPoint\",\"urlTemplate\":\"https:\/\/www.welovecycling.com\/hu\/?s={search_term_string}\"},\"query-input\":{\"@type\":\"PropertyValueSpecification\",\"valueRequired\":true,\"valueName\":\"search_term_string\"}}],\"inLanguage\":\"hu\"},{\"@type\":\"Person\",\"@id\":\"https:\/\/www.welovecycling.com\/hu\/#\/schema\/person\/414a2aebf1801691a5320edb6468e194\",\"name\":\"hegyizs\",\"image\":{\"@type\":\"ImageObject\",\"inLanguage\":\"hu\",\"@id\":\"https:\/\/www.welovecycling.com\/hu\/#\/schema\/person\/image\/\",\"url\":\"https:\/\/secure.gravatar.com\/avatar\/02cf8a7906b8cf90cecb4679defac7cfd33a1c2e3b88e4903d947f3bb58eedd3?s=96&d=mm&r=g\",\"contentUrl\":\"https:\/\/secure.gravatar.com\/avatar\/02cf8a7906b8cf90cecb4679defac7cfd33a1c2e3b88e4903d947f3bb58eedd3?s=96&d=mm&r=g\",\"caption\":\"hegyizs\"},\"url\":\"https:\/\/www.welovecycling.com\/hu\/author\/hegyizs\/\"}]}<\/script>\n<!-- \/ Yoast SEO Premium plugin. -->","yoast_head_json":{"title":"Bikepacking gyerekekkel \u2013 egy anyuka tan\u00e1csai - \u0160koda We Love Cycling - Magyarorsz\u00e1g","robots":{"index":"index","follow":"follow","max-snippet":"max-snippet:-1","max-image-preview":"max-image-preview:large","max-video-preview":"max-video-preview:-1"},"canonical":"https:\/\/www.welovecycling.com\/hu\/csalad\/bikepacking-gyerekekkel-egy-anyuka-tanacsai\/","og_locale":"hu_HU","og_type":"article","og_title":"Bikepacking gyerekekkel \u2013 egy anyuka tan\u00e1csai","og_description":"Chelsey Magness \u00e9s f\u00e9rje k\u00e9t pici gyerekkel indult \u00fatnak, mind\u00f6ssze egy-egy ker\u00e9kp\u00e1rral \u00e9s h\u00e1tizs\u00e1kkal felszerelkezve. Egy h\u00e1rom \u00e9ves \u00e9s egy [&hellip;]","og_url":"https:\/\/www.welovecycling.com\/hu\/csalad\/bikepacking-gyerekekkel-egy-anyuka-tanacsai\/","og_site_name":"\u0160koda We Love Cycling - Magyarorsz\u00e1g","article_publisher":"https:\/\/www.facebook.com\/WeLoveCyclingHungary\/","article_published_time":"2020-03-18T16:04:02+00:00","og_image":[{"width":1676,"height":1117,"url":"https:\/\/d2p6e6u75xmxt8.cloudfront.net\/12\/2020\/03\/bpgyerekekkel_01wlc.jpg","type":"image\/jpeg"}],"author":"hegyizs","twitter_card":"summary_large_image","twitter_misc":{"Written by":"WLC","Est. reading time":"4 minutes"},"schema":{"@context":"https:\/\/schema.org","@graph":[{"@type":"WebPage","@id":"https:\/\/www.welovecycling.com\/hu\/csalad\/bikepacking-gyerekekkel-egy-anyuka-tanacsai\/","url":"https:\/\/www.welovecycling.com\/hu\/csalad\/bikepacking-gyerekekkel-egy-anyuka-tanacsai\/","name":"Bikepacking gyerekekkel \u2013 egy anyuka tan\u00e1csai - \u0160koda We Love Cycling - Magyarorsz\u00e1g","isPartOf":{"@id":"https:\/\/www.welovecycling.com\/hu\/#website"},"primaryImageOfPage":{"@id":"https:\/\/www.welovecycling.com\/hu\/csalad\/bikepacking-gyerekekkel-egy-anyuka-tanacsai\/#primaryimage"},"image":{"@id":"https:\/\/www.welovecycling.com\/hu\/csalad\/bikepacking-gyerekekkel-egy-anyuka-tanacsai\/#primaryimage"},"thumbnailUrl":"https:\/\/d2p6e6u75xmxt8.cloudfront.net\/12\/2020\/03\/bpgyerekekkel_01wlc.jpg","datePublished":"2020-03-18T16:04:02+00:00","author":{"@id":"https:\/\/www.welovecycling.com\/hu\/#\/schema\/person\/414a2aebf1801691a5320edb6468e194"},"breadcrumb":{"@id":"https:\/\/www.welovecycling.com\/hu\/csalad\/bikepacking-gyerekekkel-egy-anyuka-tanacsai\/#breadcrumb"},"inLanguage":"hu","potentialAction":[{"@type":"ReadAction","target":["https:\/\/www.welovecycling.com\/hu\/csalad\/bikepacking-gyerekekkel-egy-anyuka-tanacsai\/"]}]},{"@type":"ImageObject","inLanguage":"hu","@id":"https:\/\/www.welovecycling.com\/hu\/csalad\/bikepacking-gyerekekkel-egy-anyuka-tanacsai\/#primaryimage","url":"https:\/\/d2p6e6u75xmxt8.cloudfront.net\/12\/2020\/03\/bpgyerekekkel_01wlc.jpg","contentUrl":"https:\/\/d2p6e6u75xmxt8.cloudfront.net\/12\/2020\/03\/bpgyerekekkel_01wlc.jpg","width":1676,"height":1117},{"@type":"BreadcrumbList","@id":"https:\/\/www.welovecycling.com\/hu\/csalad\/bikepacking-gyerekekkel-egy-anyuka-tanacsai\/#breadcrumb","itemListElement":[{"@type":"ListItem","position":1,"name":"Home","item":"https:\/\/www.welovecycling.com\/hu\/"},{"@type":"ListItem","position":2,"name":"Bikepacking gyerekekkel \u2013 egy anyuka tan\u00e1csai"}]},{"@type":"WebSite","@id":"https:\/\/www.welovecycling.com\/hu\/#website","url":"https:\/\/www.welovecycling.com\/hu\/","name":"\u0160koda We Love Cycling - Magyarorsz\u00e1g","description":"\u0160koda WeLoveCycling","potentialAction":[{"@type":"SearchAction","target":{"@type":"EntryPoint","urlTemplate":"https:\/\/www.welovecycling.com\/hu\/?s={search_term_string}"},"query-input":{"@type":"PropertyValueSpecification","valueRequired":true,"valueName":"search_term_string"}}],"inLanguage":"hu"},{"@type":"Person","@id":"https:\/\/www.welovecycling.com\/hu\/#\/schema\/person\/414a2aebf1801691a5320edb6468e194","name":"hegyizs","image":{"@type":"ImageObject","inLanguage":"hu","@id":"https:\/\/www.welovecycling.com\/hu\/#\/schema\/person\/image\/","url":"https:\/\/secure.gravatar.com\/avatar\/02cf8a7906b8cf90cecb4679defac7cfd33a1c2e3b88e4903d947f3bb58eedd3?s=96&d=mm&r=g","contentUrl":"https:\/\/secure.gravatar.com\/avatar\/02cf8a7906b8cf90cecb4679defac7cfd33a1c2e3b88e4903d947f3bb58eedd3?s=96&d=mm&r=g","caption":"hegyizs"},"url":"https:\/\/www.welovecycling.com\/hu\/author\/hegyizs\/"}]}},"_links":{"self":[{"href":"https:\/\/www.welovecycling.com\/hu\/wp-json\/wp\/v2\/posts\/7202","targetHints":{"allow":["GET"]}}],"collection":[{"href":"https:\/\/www.welovecycling.com\/hu\/wp-json\/wp\/v2\/posts"}],"about":[{"href":"https:\/\/www.welovecycling.com\/hu\/wp-json\/wp\/v2\/types\/post"}],"author":[{"embeddable":true,"href":"https:\/\/www.welovecycling.com\/hu\/wp-json\/wp\/v2\/users\/71"}],"replies":[{"embeddable":true,"href":"https:\/\/www.welovecycling.com\/hu\/wp-json\/wp\/v2\/comments?post=7202"}],"version-history":[{"count":1,"href":"https:\/\/www.welovecycling.com\/hu\/wp-json\/wp\/v2\/posts\/7202\/revisions"}],"predecessor-version":[{"id":7207,"href":"https:\/\/www.welovecycling.com\/hu\/wp-json\/wp\/v2\/posts\/7202\/revisions\/7207"}],"wp:featuredmedia":[{"embeddable":true,"href":"https:\/\/www.welovecycling.com\/hu\/wp-json\/wp\/v2\/media\/7203"}],"wp:attachment":[{"href":"https:\/\/www.welovecycling.com\/hu\/wp-json\/wp\/v2\/media?parent=7202"}],"wp:term":[{"taxonomy":"category","embeddable":true,"href":"https:\/\/www.welovecycling.com\/hu\/wp-json\/wp\/v2\/categories?post=7202"},{"taxonomy":"post_tag","embeddable":true,"href":"https:\/\/www.welovecycling.com\/hu\/wp-json\/wp\/v2\/tags?post=7202"},{"taxonomy":"global-categories","embeddable":true,"href":"https:\/\/www.welovecycling.com\/hu\/wp-json\/wp\/v2\/global-categories?post=7202"}],"curies":[{"name":"wp","href":"https:\/\/api.w.org\/{rel}","templated":true}]}}