{"id":7185,"date":"2020-03-22T08:00:11","date_gmt":"2020-03-22T07:00:11","guid":{"rendered":"https:\/\/www.welovecycling.com\/hu\/?p=7185"},"modified":"2020-03-13T15:07:04","modified_gmt":"2020-03-13T14:07:04","slug":"technikai-ujdonsag-a-sisakok-teruleten","status":"publish","type":"post","link":"https:\/\/www.welovecycling.com\/hu\/kozosseg-es-kultura\/technikai-ujdonsag-a-sisakok-teruleten\/","title":{"rendered":"Technikai \u00fajdons\u00e1g a sisakok ter\u00fclet\u00e9n"},"content":{"rendered":"<p><strong>A ker\u00e9kp\u00e1ros sisakok j\u00f3 ideje nem igaz\u00e1n v\u00e1ltoztak. Ma is elengedhetetlen ez a m\u0171anyag bor\u00edtotta v\u00e9d\u0151p\u00e1nc\u00e9l, ami szorosan illeszkedik a bring\u00e1s fej\u00e9re \u00e9s az \u00e1lla alatt kapcsolhat\u00f3 \u00f6ssze.<\/strong><!--more--><\/p>\n<p>Az elm\u00falt n\u00e9h\u00e1ny \u00e9vtizedben a gy\u00e1rt\u00f3k egyre kem\u00e9nyebb sisakokat alkottak, hogy min\u00e9l ink\u00e1bb v\u00e9dj\u00e9k a bicikliseket, a s\u00falyt cs\u00f6kkentett\u00e9k, odafigyeltek a j\u00f3 szell\u0151z\u00e9sre \u00e9s az aerodinamikailag el\u0151ny\u00f6s kialak\u00edt\u00e1sra. Emellett a technol\u00f3gia fejl\u0151d\u00e9se is megjelent n\u00e9h\u00e1ny m\u00e1rk\u00e1n\u00e1l, a digit\u00e1lis forradalomnak k\u00f6sz\u00f6nhet\u0151en p\u00e1r modell m\u00e1r az okostelefonokkal is \u00f6sszekapcsolhat\u00f3. 2020-ban a sisakok tov\u00e1bbra is nagyon hasonl\u00f3ak maradtak a kor\u00e1bbiakhoz, a gy\u00e1rt\u00f3k pedig tov\u00e1bbra is ezekre az aspektusokra koncentr\u00e1lnak. K\u00f6nnyebb\u00e9, aerodinamikusabb\u00e1 \u00e9s kem\u00e9nyebb\u00e9 teszik \u0151ket.<\/p>\n<p>Van azonban egy kiv\u00e9tel: janu\u00e1rban, Las Vegasban mutatt\u00e1k be a sisakot, ami m\u00e1s. Ennek az egyik oka az, hogy a c\u00e9lk\u00f6z\u00f6ns\u00e9ge nem az orsz\u00e1g\u00fatisokb\u00f3l \u00e1ll, hanem azokb\u00f3l, akik a mindennapi \u00e9let\u00fck sor\u00e1n haszn\u00e1lj\u00e1k bring\u00e1jukat, p\u00e9ld\u00e1ul az ing\u00e1z\u00f3kb\u00f3l. A gy\u00e1rt\u00f3 LIVALL szerint a BH51M Neo hatalmas el\u0151rel\u00e9p\u00e9s a ker\u00e9kp\u00e1rosok v\u00e9delm\u00e9ben. Ez egy okos sisak, ami \u00f6sszekapcsolhat\u00f3 okostelefonunkkal, ezt a kapcsolatot felhaszn\u00e1lva pedig sz\u00e1mos lehet\u0151s\u00e9get ny\u00fajt a hobbibring\u00e1sok \u00e9s a biztons\u00e1got el\u0151t\u00e9rbe helyez\u0151 ing\u00e1z\u00f3k sz\u00e1m\u00e1ra. Azonban nem azoknak k\u00e9sz\u00fclt, akik k\u00f6nny\u0171, aerodinamikus sisakot keresnek, hiszen majdnem f\u00e9l kil\u00f3, eg\u00e9sz pontosan 480 gramm.<\/p>\n<lite-youtube videoid=kV9WTGoD2zU params=\"enablejsapi=1\" style=\"background-image: url('https:\/\/i.ytimg.com\/vi_webp\/kV9WTGoD2zU\/maxresdefault.webp');\"><\/lite-youtube>\n<p>Mivel t\u00f6bb cseng\u0151 \u00e9s s\u00edp van rajta, mint amennyi bolha egy k\u00f3borkuty\u00e1n, nem t\u00fal aerodinamikus \u00e9s nem is szell\u0151zik j\u00f3l. Ennek oka, hogy c\u00e9lja nem a k\u00e9nyelem \u00e9s nem is a sebess\u00e9g, hanem a biztons\u00e1g. El\u0151sz\u00f6r is, rengeteg f\u00e9nnyel van felszerelve. El\u00f6l figyelemfelkelt\u0151 jelz\u00e9sek, h\u00e1tul f\u00e9nycs\u00edk, mely f\u00e9kez\u00e9skor \u00e9s jelent\u0151s lass\u00edt\u00e1skor l\u00e9p m\u0171k\u00f6d\u00e9sbe. \u00cdgy figyelmezteti a m\u00f6g\u00f6tted k\u00f6zleked\u0151 aut\u00f3sokat \u00e9s gyalogosokat a sebess\u00e9gv\u00e1ltoz\u00e1sra.<\/p>\n<p>Az okos f\u00e9nyrendszer adapt\u00edv technol\u00f3gi\u00e1val m\u0171k\u00f6dik, \u00edgy biztos\u00edtja a l\u00e1that\u00f3s\u00e1got s\u00f6t\u00e9ted\u00e9s ut\u00e1n \u2013 automatikusan felkapcsol\u00f3dik sz\u00fcrk\u00fcletkor. Emellett vezet\u00e9k n\u00e9lk\u00fcli LED indexjelz\u00e9seket is tartalmaz, melyeket a korm\u00e1nyon tal\u00e1lhat\u00f3 kapcsol\u00f3kkal lehet m\u0171k\u00f6dtetni. Az egyik legjobb funkci\u00f3ja pedig a baleset-\u00e9rz\u00e9kel\u0151 rendszer. Ha \u00fctk\u00f6z\u00f6l, automatikusan \u00e9szleli a bajt \u00e9s elk\u00fcldi a GPS koordin\u00e1t\u00e1idat a megadott szem\u00e9lyeknek. Csak arra figyelj, hogy olyan helyen ess el, ahol van internet\u2026<\/p>\n<figure id=\"attachment_7187\" aria-describedby=\"caption-attachment-7187\" style=\"width: 1920px\" class=\"wp-caption alignnone\"><img loading=\"lazy\" decoding=\"async\" class=\"size-full wp-image-7187\" src=\"https:\/\/d2p6e6u75xmxt8.cloudfront.net\/12\/2020\/03\/Lighting.jpg\" alt=\"\" width=\"1920\" height=\"1188\" srcset=\"https:\/\/d2p6e6u75xmxt8.cloudfront.net\/12\/2020\/03\/Lighting.jpg 1920w, https:\/\/d2p6e6u75xmxt8.cloudfront.net\/12\/2020\/03\/Lighting-300x186.jpg 300w, https:\/\/d2p6e6u75xmxt8.cloudfront.net\/12\/2020\/03\/Lighting-768x475.jpg 768w, https:\/\/d2p6e6u75xmxt8.cloudfront.net\/12\/2020\/03\/Lighting-1024x634.jpg 1024w, https:\/\/d2p6e6u75xmxt8.cloudfront.net\/12\/2020\/03\/Lighting-1920x1188.jpg 1920w\" sizes=\"auto, (max-width: 1920px) 100vw, 1920px\" \/><figcaption id=\"caption-attachment-7187\" class=\"wp-caption-text\"><em>A Livall BH52M Neo k\u00f6r\u00fclbel\u00fcl 170 eur\u00f3ba ker\u00fcl.<\/em><\/figcaption><\/figure>\n<p>A sisak tov\u00e1bb\u00e1 sztereo Bluetooth hangsz\u00f3r\u00f3kkal van felszerelve \u00e9s sz\u00e9lsz\u0171r\u0151 mikrofonnal, \u00edgy k\u00f6nnyen telefon\u00e1lhatsz, vagy hallgathatsz zen\u00e9t. S\u0151t, m\u00e1s bring\u00e1sokkal is tudsz kommunik\u00e1lni.<\/p>\n<p>Persze tud m\u00e9g sok mindent, el tudj\u00e1tok k\u00e9pzelni. Ez m\u00e1r a j\u00f6v\u0151 egyik hull\u00e1ma. Biztosan lesznek m\u00e9g \u00faj funkci\u00f3k is, p\u00e9ld\u00e1ul egy be\u00e9p\u00edtett kamera, ami vide\u00f3t \u00e9s k\u00e9peket is r\u00f6gz\u00edt, \u00e9s automatikusan let\u00f6lti ezeket a telefondora. Vagy mindj\u00e1rt egy be\u00e9p\u00edtett SIM k\u00e1rtya? A hat\u00e1r a csillagos \u00e9g!<\/p>\n","protected":false},"excerpt":{"rendered":"<p>A ker\u00e9kp\u00e1ros sisakok j\u00f3 ideje nem igaz\u00e1n v\u00e1ltoztak. Ma is elengedhetetlen ez a m\u0171anyag bor\u00edtotta v\u00e9d\u0151p\u00e1nc\u00e9l, ami szorosan illeszkedik a [&hellip;]<\/p>\n","protected":false},"author":71,"featured_media":7189,"comment_status":"open","ping_status":"open","sticky":false,"template":"","format":"standard","meta":{"footnotes":""},"categories":[12],"tags":[],"global-categories":[],"class_list":["post-7185","post","type-post","status-publish","format-standard","has-post-thumbnail","hentry","category-kozosseg-es-kultura"],"yoast_head":"<!-- This site is optimized with the Yoast SEO Premium plugin v25.3 (Yoast SEO v25.9) - https:\/\/yoast.com\/wordpress\/plugins\/seo\/ -->\n<title>Technikai \u00fajdons\u00e1g a sisakok ter\u00fclet\u00e9n - \u0160koda We Love Cycling - Magyarorsz\u00e1g<\/title>\n<meta name=\"robots\" content=\"index, follow, max-snippet:-1, max-image-preview:large, max-video-preview:-1\" \/>\n<link rel=\"canonical\" href=\"https:\/\/www.welovecycling.com\/hu\/kozosseg-es-kultura\/technikai-ujdonsag-a-sisakok-teruleten\/\" \/>\n<meta property=\"og:locale\" content=\"hu_HU\" \/>\n<meta property=\"og:type\" content=\"article\" \/>\n<meta property=\"og:title\" content=\"Technikai \u00fajdons\u00e1g a sisakok ter\u00fclet\u00e9n\" \/>\n<meta property=\"og:description\" content=\"A ker\u00e9kp\u00e1ros sisakok j\u00f3 ideje nem igaz\u00e1n v\u00e1ltoztak. Ma is elengedhetetlen ez a m\u0171anyag bor\u00edtotta v\u00e9d\u0151p\u00e1nc\u00e9l, ami szorosan illeszkedik a [&hellip;]\" \/>\n<meta property=\"og:url\" content=\"https:\/\/www.welovecycling.com\/hu\/kozosseg-es-kultura\/technikai-ujdonsag-a-sisakok-teruleten\/\" \/>\n<meta property=\"og:site_name\" content=\"\u0160koda We Love Cycling - Magyarorsz\u00e1g\" \/>\n<meta property=\"article:publisher\" content=\"https:\/\/www.facebook.com\/WeLoveCyclingHungary\/\" \/>\n<meta property=\"article:published_time\" content=\"2020-03-22T07:00:11+00:00\" \/>\n<meta property=\"og:image\" content=\"https:\/\/d2p6e6u75xmxt8.cloudfront.net\/12\/2020\/03\/Livall-Helmet-CVR.jpg\" \/>\n\t<meta property=\"og:image:width\" content=\"1366\" \/>\n\t<meta property=\"og:image:height\" content=\"600\" \/>\n\t<meta property=\"og:image:type\" content=\"image\/jpeg\" \/>\n<meta name=\"author\" content=\"hegyizs\" \/>\n<meta name=\"twitter:card\" content=\"summary_large_image\" \/>\n<meta name=\"twitter:label1\" content=\"Written by\" \/>\n\t<meta name=\"twitter:data1\" content=\"Siegfried Mortkowitz\" \/>\n\t<meta name=\"twitter:label2\" content=\"Est. reading time\" \/>\n\t<meta name=\"twitter:data2\" content=\"7\" \/>\n<script type=\"application\/ld+json\" class=\"yoast-schema-graph\">{\"@context\":\"https:\/\/schema.org\",\"@graph\":[{\"@type\":\"WebPage\",\"@id\":\"https:\/\/www.welovecycling.com\/hu\/kozosseg-es-kultura\/technikai-ujdonsag-a-sisakok-teruleten\/\",\"url\":\"https:\/\/www.welovecycling.com\/hu\/kozosseg-es-kultura\/technikai-ujdonsag-a-sisakok-teruleten\/\",\"name\":\"Technikai \u00fajdons\u00e1g a sisakok ter\u00fclet\u00e9n - \u0160koda We Love Cycling - Magyarorsz\u00e1g\",\"isPartOf\":{\"@id\":\"https:\/\/www.welovecycling.com\/hu\/#website\"},\"primaryImageOfPage\":{\"@id\":\"https:\/\/www.welovecycling.com\/hu\/kozosseg-es-kultura\/technikai-ujdonsag-a-sisakok-teruleten\/#primaryimage\"},\"image\":{\"@id\":\"https:\/\/www.welovecycling.com\/hu\/kozosseg-es-kultura\/technikai-ujdonsag-a-sisakok-teruleten\/#primaryimage\"},\"thumbnailUrl\":\"https:\/\/d2p6e6u75xmxt8.cloudfront.net\/12\/2020\/03\/Livall-Helmet-CVR.jpg\",\"datePublished\":\"2020-03-22T07:00:11+00:00\",\"author\":{\"@id\":\"https:\/\/www.welovecycling.com\/hu\/#\/schema\/person\/414a2aebf1801691a5320edb6468e194\"},\"breadcrumb\":{\"@id\":\"https:\/\/www.welovecycling.com\/hu\/kozosseg-es-kultura\/technikai-ujdonsag-a-sisakok-teruleten\/#breadcrumb\"},\"inLanguage\":\"hu\",\"potentialAction\":[{\"@type\":\"ReadAction\",\"target\":[\"https:\/\/www.welovecycling.com\/hu\/kozosseg-es-kultura\/technikai-ujdonsag-a-sisakok-teruleten\/\"]}]},{\"@type\":\"ImageObject\",\"inLanguage\":\"hu\",\"@id\":\"https:\/\/www.welovecycling.com\/hu\/kozosseg-es-kultura\/technikai-ujdonsag-a-sisakok-teruleten\/#primaryimage\",\"url\":\"https:\/\/d2p6e6u75xmxt8.cloudfront.net\/12\/2020\/03\/Livall-Helmet-CVR.jpg\",\"contentUrl\":\"https:\/\/d2p6e6u75xmxt8.cloudfront.net\/12\/2020\/03\/Livall-Helmet-CVR.jpg\",\"width\":1366,\"height\":600},{\"@type\":\"BreadcrumbList\",\"@id\":\"https:\/\/www.welovecycling.com\/hu\/kozosseg-es-kultura\/technikai-ujdonsag-a-sisakok-teruleten\/#breadcrumb\",\"itemListElement\":[{\"@type\":\"ListItem\",\"position\":1,\"name\":\"Home\",\"item\":\"https:\/\/www.welovecycling.com\/hu\/\"},{\"@type\":\"ListItem\",\"position\":2,\"name\":\"Technikai \u00fajdons\u00e1g a sisakok ter\u00fclet\u00e9n\"}]},{\"@type\":\"WebSite\",\"@id\":\"https:\/\/www.welovecycling.com\/hu\/#website\",\"url\":\"https:\/\/www.welovecycling.com\/hu\/\",\"name\":\"\u0160koda We Love Cycling - Magyarorsz\u00e1g\",\"description\":\"\u0160koda WeLoveCycling\",\"potentialAction\":[{\"@type\":\"SearchAction\",\"target\":{\"@type\":\"EntryPoint\",\"urlTemplate\":\"https:\/\/www.welovecycling.com\/hu\/?s={search_term_string}\"},\"query-input\":{\"@type\":\"PropertyValueSpecification\",\"valueRequired\":true,\"valueName\":\"search_term_string\"}}],\"inLanguage\":\"hu\"},{\"@type\":\"Person\",\"@id\":\"https:\/\/www.welovecycling.com\/hu\/#\/schema\/person\/414a2aebf1801691a5320edb6468e194\",\"name\":\"hegyizs\",\"image\":{\"@type\":\"ImageObject\",\"inLanguage\":\"hu\",\"@id\":\"https:\/\/www.welovecycling.com\/hu\/#\/schema\/person\/image\/\",\"url\":\"https:\/\/secure.gravatar.com\/avatar\/02cf8a7906b8cf90cecb4679defac7cfd33a1c2e3b88e4903d947f3bb58eedd3?s=96&d=mm&r=g\",\"contentUrl\":\"https:\/\/secure.gravatar.com\/avatar\/02cf8a7906b8cf90cecb4679defac7cfd33a1c2e3b88e4903d947f3bb58eedd3?s=96&d=mm&r=g\",\"caption\":\"hegyizs\"},\"url\":\"https:\/\/www.welovecycling.com\/hu\/author\/hegyizs\/\"}]}<\/script>\n<!-- \/ Yoast SEO Premium plugin. -->","yoast_head_json":{"title":"Technikai \u00fajdons\u00e1g a sisakok ter\u00fclet\u00e9n - \u0160koda We Love Cycling - Magyarorsz\u00e1g","robots":{"index":"index","follow":"follow","max-snippet":"max-snippet:-1","max-image-preview":"max-image-preview:large","max-video-preview":"max-video-preview:-1"},"canonical":"https:\/\/www.welovecycling.com\/hu\/kozosseg-es-kultura\/technikai-ujdonsag-a-sisakok-teruleten\/","og_locale":"hu_HU","og_type":"article","og_title":"Technikai \u00fajdons\u00e1g a sisakok ter\u00fclet\u00e9n","og_description":"A ker\u00e9kp\u00e1ros sisakok j\u00f3 ideje nem igaz\u00e1n v\u00e1ltoztak. Ma is elengedhetetlen ez a m\u0171anyag bor\u00edtotta v\u00e9d\u0151p\u00e1nc\u00e9l, ami szorosan illeszkedik a [&hellip;]","og_url":"https:\/\/www.welovecycling.com\/hu\/kozosseg-es-kultura\/technikai-ujdonsag-a-sisakok-teruleten\/","og_site_name":"\u0160koda We Love Cycling - Magyarorsz\u00e1g","article_publisher":"https:\/\/www.facebook.com\/WeLoveCyclingHungary\/","article_published_time":"2020-03-22T07:00:11+00:00","og_image":[{"width":1366,"height":600,"url":"https:\/\/d2p6e6u75xmxt8.cloudfront.net\/12\/2020\/03\/Livall-Helmet-CVR.jpg","type":"image\/jpeg"}],"author":"hegyizs","twitter_card":"summary_large_image","twitter_misc":{"Written by":"Siegfried Mortkowitz","Est. reading time":"7"},"schema":{"@context":"https:\/\/schema.org","@graph":[{"@type":"WebPage","@id":"https:\/\/www.welovecycling.com\/hu\/kozosseg-es-kultura\/technikai-ujdonsag-a-sisakok-teruleten\/","url":"https:\/\/www.welovecycling.com\/hu\/kozosseg-es-kultura\/technikai-ujdonsag-a-sisakok-teruleten\/","name":"Technikai \u00fajdons\u00e1g a sisakok ter\u00fclet\u00e9n - \u0160koda We Love Cycling - Magyarorsz\u00e1g","isPartOf":{"@id":"https:\/\/www.welovecycling.com\/hu\/#website"},"primaryImageOfPage":{"@id":"https:\/\/www.welovecycling.com\/hu\/kozosseg-es-kultura\/technikai-ujdonsag-a-sisakok-teruleten\/#primaryimage"},"image":{"@id":"https:\/\/www.welovecycling.com\/hu\/kozosseg-es-kultura\/technikai-ujdonsag-a-sisakok-teruleten\/#primaryimage"},"thumbnailUrl":"https:\/\/d2p6e6u75xmxt8.cloudfront.net\/12\/2020\/03\/Livall-Helmet-CVR.jpg","datePublished":"2020-03-22T07:00:11+00:00","author":{"@id":"https:\/\/www.welovecycling.com\/hu\/#\/schema\/person\/414a2aebf1801691a5320edb6468e194"},"breadcrumb":{"@id":"https:\/\/www.welovecycling.com\/hu\/kozosseg-es-kultura\/technikai-ujdonsag-a-sisakok-teruleten\/#breadcrumb"},"inLanguage":"hu","potentialAction":[{"@type":"ReadAction","target":["https:\/\/www.welovecycling.com\/hu\/kozosseg-es-kultura\/technikai-ujdonsag-a-sisakok-teruleten\/"]}]},{"@type":"ImageObject","inLanguage":"hu","@id":"https:\/\/www.welovecycling.com\/hu\/kozosseg-es-kultura\/technikai-ujdonsag-a-sisakok-teruleten\/#primaryimage","url":"https:\/\/d2p6e6u75xmxt8.cloudfront.net\/12\/2020\/03\/Livall-Helmet-CVR.jpg","contentUrl":"https:\/\/d2p6e6u75xmxt8.cloudfront.net\/12\/2020\/03\/Livall-Helmet-CVR.jpg","width":1366,"height":600},{"@type":"BreadcrumbList","@id":"https:\/\/www.welovecycling.com\/hu\/kozosseg-es-kultura\/technikai-ujdonsag-a-sisakok-teruleten\/#breadcrumb","itemListElement":[{"@type":"ListItem","position":1,"name":"Home","item":"https:\/\/www.welovecycling.com\/hu\/"},{"@type":"ListItem","position":2,"name":"Technikai \u00fajdons\u00e1g a sisakok ter\u00fclet\u00e9n"}]},{"@type":"WebSite","@id":"https:\/\/www.welovecycling.com\/hu\/#website","url":"https:\/\/www.welovecycling.com\/hu\/","name":"\u0160koda We Love Cycling - Magyarorsz\u00e1g","description":"\u0160koda WeLoveCycling","potentialAction":[{"@type":"SearchAction","target":{"@type":"EntryPoint","urlTemplate":"https:\/\/www.welovecycling.com\/hu\/?s={search_term_string}"},"query-input":{"@type":"PropertyValueSpecification","valueRequired":true,"valueName":"search_term_string"}}],"inLanguage":"hu"},{"@type":"Person","@id":"https:\/\/www.welovecycling.com\/hu\/#\/schema\/person\/414a2aebf1801691a5320edb6468e194","name":"hegyizs","image":{"@type":"ImageObject","inLanguage":"hu","@id":"https:\/\/www.welovecycling.com\/hu\/#\/schema\/person\/image\/","url":"https:\/\/secure.gravatar.com\/avatar\/02cf8a7906b8cf90cecb4679defac7cfd33a1c2e3b88e4903d947f3bb58eedd3?s=96&d=mm&r=g","contentUrl":"https:\/\/secure.gravatar.com\/avatar\/02cf8a7906b8cf90cecb4679defac7cfd33a1c2e3b88e4903d947f3bb58eedd3?s=96&d=mm&r=g","caption":"hegyizs"},"url":"https:\/\/www.welovecycling.com\/hu\/author\/hegyizs\/"}]}},"_links":{"self":[{"href":"https:\/\/www.welovecycling.com\/hu\/wp-json\/wp\/v2\/posts\/7185","targetHints":{"allow":["GET"]}}],"collection":[{"href":"https:\/\/www.welovecycling.com\/hu\/wp-json\/wp\/v2\/posts"}],"about":[{"href":"https:\/\/www.welovecycling.com\/hu\/wp-json\/wp\/v2\/types\/post"}],"author":[{"embeddable":true,"href":"https:\/\/www.welovecycling.com\/hu\/wp-json\/wp\/v2\/users\/71"}],"replies":[{"embeddable":true,"href":"https:\/\/www.welovecycling.com\/hu\/wp-json\/wp\/v2\/comments?post=7185"}],"version-history":[{"count":2,"href":"https:\/\/www.welovecycling.com\/hu\/wp-json\/wp\/v2\/posts\/7185\/revisions"}],"predecessor-version":[{"id":7200,"href":"https:\/\/www.welovecycling.com\/hu\/wp-json\/wp\/v2\/posts\/7185\/revisions\/7200"}],"wp:featuredmedia":[{"embeddable":true,"href":"https:\/\/www.welovecycling.com\/hu\/wp-json\/wp\/v2\/media\/7189"}],"wp:attachment":[{"href":"https:\/\/www.welovecycling.com\/hu\/wp-json\/wp\/v2\/media?parent=7185"}],"wp:term":[{"taxonomy":"category","embeddable":true,"href":"https:\/\/www.welovecycling.com\/hu\/wp-json\/wp\/v2\/categories?post=7185"},{"taxonomy":"post_tag","embeddable":true,"href":"https:\/\/www.welovecycling.com\/hu\/wp-json\/wp\/v2\/tags?post=7185"},{"taxonomy":"global-categories","embeddable":true,"href":"https:\/\/www.welovecycling.com\/hu\/wp-json\/wp\/v2\/global-categories?post=7185"}],"curies":[{"name":"wp","href":"https:\/\/api.w.org\/{rel}","templated":true}]}}