{"id":7172,"date":"2020-03-20T08:00:42","date_gmt":"2020-03-20T07:00:42","guid":{"rendered":"https:\/\/www.welovecycling.com\/hu\/?p=7172"},"modified":"2020-03-13T15:05:28","modified_gmt":"2020-03-13T14:05:28","slug":"ketszer-is-meggondolod-a-nevezest-ezekre-az-orult-versenyekre","status":"publish","type":"post","link":"https:\/\/www.welovecycling.com\/hu\/kozosseg-es-kultura\/ketszer-is-meggondolod-a-nevezest-ezekre-az-orult-versenyekre\/","title":{"rendered":"K\u00e9tszer is meggondolod a nevez\u00e9st ezekre az \u0151r\u00fclt versenyekre"},"content":{"rendered":"<p><strong>A legt\u00f6bb ker\u00e9kp\u00e1ros megm\u00e9rettet\u00e9s meger\u0151ltet\u0151, kimer\u00edt\u0151 vagy olyan, minta egyenesen Supermanre szabt\u00e1k volna. Most azonban nem ezekr\u0151l van sz\u00f3. Ezek viccesek, \u0151r\u00fcltek, nevets\u00e9gesek, sz\u00f3rakoztat\u00f3ak \u00e9s legink\u00e1bb kiemelked\u0151en ig\u00e9nyesek. Ha nem is tudsz a helysz\u00ednre utazni \u00e9s \u00e9l\u0151ben \u00e9lvezni az el\u0151ad\u00e1sokat, inspir\u00e1l\u00f3dj \u00e9s ak\u00e1r otthon is rendezhetsz hasonl\u00f3akat bar\u00e1ti k\u00f6r\u00f6dben!<\/strong><\/p>\n<p><!--more--><\/p>\n<h2><strong>Holland bajnoks\u00e1g sz\u00e9llel szemben<\/strong><\/h2>\n<p><strong>Helysz\u00edn: <\/strong>Oosterscheldekering g\u00e1t, Hollandia<\/p>\n<p><strong>Verseny: <\/strong>A hagyom\u00e1nyos Holland Ellensz\u00e9l Ker\u00e9kp\u00e1rbajnoks\u00e1g Hollandia \u00e9szaki r\u00e9sz\u00e9n ker\u00fcl megrendez\u00e9sre, Zeeland tartom\u00e1ny partj\u00e1n. A 8,5 km-es szakasz az Oosterscheldekering g\u00e1ton zajlik. Csak olyan fixikkel lehet r\u00e9szt venni, amit a rendez\u0151k sz\u00e1ll\u00edtanak a helysz\u00ednre. A hatalmas \u00e9rdekl\u0151d\u00e9s ellen\u00e9re mind\u00f6ssze 300 egy\u00e9n (vagy 25 n\u00e9gy f\u0151s csapat) indulhat a versenyen. Az \u00e9ves id\u0151futam a 2013 \u00f3ta megszokott m\u00f3don, 3 nappal a v\u00e1rhat\u00f3 vihar el\u0151tt ker\u00fcl bejelent\u00e9sre.<\/p>\n<lite-youtube videoid=QvloKB9Fg58 params=\"enablejsapi=1\" style=\"background-image: url('https:\/\/i.ytimg.com\/vi_webp\/QvloKB9Fg58\/maxresdefault.webp');\"><\/lite-youtube>\n<h2><strong>Red Bull Goni Poni<\/strong><\/h2>\n<p><strong>Helysz\u00edn: <\/strong>Kranjska Gora, Szlov\u00e9nia<\/p>\n<p><strong>Verseny:<\/strong> Egy maroknyi elvetem\u00fclt bring\u00e1s kezdte el, puszt\u00e1n sz\u00f3rakoz\u00e1sb\u00f3l, m\u00e1ra pedig egy 1200 f\u0151s rendezv\u00e9nny\u00e9 n\u0151tte ki mag\u00e1t, c\u00e9lja azonban megmaradt. A versenyz\u0151knek komoly emelked\u0151k ut\u00e1n kell begurulniuk az 1611 m\u00e9teren fekv\u0151 c\u00e9lba, nevets\u00e9gesen apr\u00f3 kerekeken. Az esem\u00e9nyen csak az \u00fan. Pony ker\u00e9kp\u00e1rokkal lehet indulni, eredeti \u00e1llapotukban, teh\u00e1t ac\u00e9l v\u00e1zzal, 20 h\u00fcvelykes kerekekkel, \u00e9s legal\u00e1bb egy h\u00e1ts\u00f3 f\u00e9kkel. A fergeteges hangulat ellen\u00e9re nincs k\u00f6nny\u0171 dolguk a r\u00e9sztvev\u0151knek!<\/p>\n<p><img loading=\"lazy\" decoding=\"async\" class=\"alignnone size-full wp-image-4962\" src=\"https:\/\/d2p6e6u75xmxt8.cloudfront.net\/12\/2019\/09\/goni-pony-2.jpg\" alt=\"\" width=\"1022\" height=\"681\" srcset=\"https:\/\/d2p6e6u75xmxt8.cloudfront.net\/12\/2019\/09\/goni-pony-2.jpg 1022w, https:\/\/d2p6e6u75xmxt8.cloudfront.net\/12\/2019\/09\/goni-pony-2-300x200.jpg 300w, https:\/\/d2p6e6u75xmxt8.cloudfront.net\/12\/2019\/09\/goni-pony-2-768x512.jpg 768w, https:\/\/d2p6e6u75xmxt8.cloudfront.net\/12\/2019\/09\/goni-pony-2-272x182.jpg 272w\" sizes=\"auto, (max-width: 1022px) 100vw, 1022px\" \/><\/p>\n<h2><strong>K\u00f6nny\u0171-b\u00fav\u00e1rkod\u00e1s a l\u00e1pban<\/strong><\/h2>\n<p><strong>Helysz\u00edn: <\/strong>Llanwrtyd Wells, Wales<\/p>\n<p><strong>Verseny:<\/strong> A l\u00e1pban val\u00f3 b\u00fav\u00e1rkod\u00e1s \u00f6tlete egy kocsm\u00e1ban sz\u00fcletett meg Gordon Green \u00e9s bar\u00e1tai fej\u00e9ben 1985-ben. Az\u00f3ta m\u00e1r sz\u00e1mos fanatikus vetette bele mag\u00e1t a s\u00e1rba, hogy ott b\u00fav\u00e1rkodjon. H\u00fasz \u00e9vvel k\u00e9s\u0151bb \u00fagy d\u00f6nt\u00f6ttek, ez m\u00e9g mindig nem el\u00e9g izgalmas \u00e9s hozz\u00e1adt\u00e1k a biciklit is a show-hoz. \u00cdgy sz\u00fcletett meg a Ker\u00e9kp\u00e1ros L\u00e1p-b\u00fav\u00e1rkod\u00e1s Vil\u00e1gbajnoks\u00e1g. Mindegyik r\u00e9sztvev\u0151 egy maszkkal, egy pip\u00e1val \u00e9s egy szem\u00fcveggel felszerelkezve \u00fcl fel egy speci\u00e1lisan kialak\u00edtott bring\u00e1ra. A v\u00e1z \u00f3lommal, a gumik pedig v\u00edzzel vannak megt\u00f6ltve, hogy a ker\u00e9kp\u00e1r biztosan a v\u00edz alatt maradjon, \u00edgy stabilan guruljon a mocs\u00e1rban. A szakasz 60 m\u00e9teres, melyet a versenyz\u0151knek oda \u00e9s vissza is meg kell tenni\u00fck.<\/p>\n<lite-youtube videoid=BaEOzH4K7QQ params=\"enablejsapi=1\" style=\"background-image: url('https:\/\/i.ytimg.com\/vi_webp\/BaEOzH4K7QQ\/maxresdefault.webp');\"><\/lite-youtube>\n<h2><strong>Marymoor Crawl<\/strong><\/h2>\n<p><strong>Hol: <\/strong>London, UK<\/p>\n<p><strong>Verseny: <\/strong>Ez egy el\u00e9g komoly sprint-verseny egy el\u00e9g furcsa kezd\u00e9ssel. Egy ov\u00e1lis versenyp\u00e1ly\u00e1n zajlik \u00e9s a negyedik kanyar ut\u00e1n kezd\u0151dik, egy kicsivel a rajtvonal el\u0151tt. Az els\u0151 h\u00e1rom-n\u00e9gy percben a versenyz\u0151k nem szelhetik \u00e1t a rajtvonalat, s\u0151t, a l\u00e1bukat sem tehetik le a f\u00f6ldre, vagy kiesnek. A ker\u00e9kp\u00e1rjukon egyens\u00falyozva v\u00e1rnak a hangjelz\u00e9sre. Amint megsz\u00f3lal a harang, kezd\u0151dik a verseny \u00e9s a marad\u00e9k indul\u00f3 elrajtol. A tov\u00e1bbiak egy \u00e1tlagos, egy k\u00f6r\u00f6s sprintben mer\u00fclnek ki. A leggyorsabb nyer \u00e9s k\u00e9sz. Az eredeti esem\u00e9ny m\u00e1r nem ker\u00fcl megrendez\u00e9sre.<\/p>\n<lite-youtube videoid=wVQNlyYXqjg params=\"enablejsapi=1\" style=\"background-image: url('https:\/\/i.ytimg.com\/vi_webp\/wVQNlyYXqjg\/maxresdefault.webp');\"><\/lite-youtube>\n<h2><strong>Hozd a saj\u00e1t Big Wheel bring\u00e1d<\/strong><\/h2>\n<p><strong>Hol: <\/strong>San Francisco, USA<\/p>\n<p><strong>Verseny: <\/strong>A Big Wheel modellt 1969-ben mutatta be a Louis Marx \u00e9s T\u00e1rsai: ez egyfajta tricikli, aminek hatalmas az els\u0151 kereke. Mivel a 70-es \u00e9vekben kedvelt j\u00e1t\u00e9kszernek bizonyult, sokan \u0151riznek sz\u00e9p eml\u00e9keket a modellr\u0151l. Amikor egy \u0151r\u00fclt pasas, Jon Brumit versenyt rendezett a 2000-es \u00e9vekben San Francisco utc\u00e1in, nem kellett sok, hogy sz\u00e1zak csatlakozzanak az esem\u00e9nyhez. H\u00fasv\u00e9tvas\u00e1rnapot v\u00e1lasztotta ki arra, hogy a legkacskaring\u00f3sabb utc\u00e1n leguruljon a j\u00e1rg\u00e1nnyal, ezt az \u00fatvonalat azonban m\u00e1ra a m\u00e9g kacskaring\u00f3sabb Vermont \u00fatra cser\u00e9lt\u00e9k.<\/p>\n<lite-youtube videoid=-NA4PpCzP9g params=\"enablejsapi=1\" style=\"background-image: url('https:\/\/i.ytimg.com\/vi_webp\/-NA4PpCzP9g\/maxresdefault.webp');\"><\/lite-youtube>\n","protected":false},"excerpt":{"rendered":"<p>A legt\u00f6bb ker\u00e9kp\u00e1ros megm\u00e9rettet\u00e9s meger\u0151ltet\u0151, kimer\u00edt\u0151 vagy olyan, minta egyenesen Supermanre szabt\u00e1k volna. Most azonban nem ezekr\u0151l van sz\u00f3. Ezek [&hellip;]<\/p>\n","protected":false},"author":71,"featured_media":7178,"comment_status":"open","ping_status":"open","sticky":false,"template":"","format":"standard","meta":{"footnotes":""},"categories":[12],"tags":[],"global-categories":[],"class_list":["post-7172","post","type-post","status-publish","format-standard","has-post-thumbnail","hentry","category-kozosseg-es-kultura"],"yoast_head":"<!-- This site is optimized with the Yoast SEO Premium plugin v25.3 (Yoast SEO v25.9) - https:\/\/yoast.com\/wordpress\/plugins\/seo\/ -->\n<title>K\u00e9tszer is meggondolod a nevez\u00e9st ezekre az \u0151r\u00fclt versenyekre - \u0160koda We Love Cycling - Magyarorsz\u00e1g<\/title>\n<meta name=\"robots\" content=\"index, follow, max-snippet:-1, max-image-preview:large, max-video-preview:-1\" \/>\n<link rel=\"canonical\" href=\"https:\/\/www.welovecycling.com\/hu\/kozosseg-es-kultura\/ketszer-is-meggondolod-a-nevezest-ezekre-az-orult-versenyekre\/\" \/>\n<meta property=\"og:locale\" content=\"hu_HU\" \/>\n<meta property=\"og:type\" content=\"article\" \/>\n<meta property=\"og:title\" content=\"K\u00e9tszer is meggondolod a nevez\u00e9st ezekre az \u0151r\u00fclt versenyekre\" \/>\n<meta property=\"og:description\" content=\"A legt\u00f6bb ker\u00e9kp\u00e1ros megm\u00e9rettet\u00e9s meger\u0151ltet\u0151, kimer\u00edt\u0151 vagy olyan, minta egyenesen Supermanre szabt\u00e1k volna. Most azonban nem ezekr\u0151l van sz\u00f3. Ezek [&hellip;]\" \/>\n<meta property=\"og:url\" content=\"https:\/\/www.welovecycling.com\/hu\/kozosseg-es-kultura\/ketszer-is-meggondolod-a-nevezest-ezekre-az-orult-versenyekre\/\" \/>\n<meta property=\"og:site_name\" content=\"\u0160koda We Love Cycling - Magyarorsz\u00e1g\" \/>\n<meta property=\"article:publisher\" content=\"https:\/\/www.facebook.com\/WeLoveCyclingHungary\/\" \/>\n<meta property=\"article:published_time\" content=\"2020-03-20T07:00:42+00:00\" \/>\n<meta property=\"og:image\" content=\"https:\/\/d2p6e6u75xmxt8.cloudfront.net\/12\/2020\/03\/Bike-Bog-Snorkelling-CVR-profimedia-0223904049.jpg\" \/>\n\t<meta property=\"og:image:width\" content=\"1366\" \/>\n\t<meta property=\"og:image:height\" content=\"600\" \/>\n\t<meta property=\"og:image:type\" content=\"image\/jpeg\" \/>\n<meta name=\"author\" content=\"hegyizs\" \/>\n<meta name=\"twitter:card\" content=\"summary_large_image\" \/>\n<meta name=\"twitter:label1\" content=\"Written by\" \/>\n\t<meta name=\"twitter:data1\" content=\"Adam Marsal\" \/>\n\t<meta name=\"twitter:label2\" content=\"Est. reading time\" \/>\n\t<meta name=\"twitter:data2\" content=\"7\" \/>\n<script type=\"application\/ld+json\" class=\"yoast-schema-graph\">{\"@context\":\"https:\/\/schema.org\",\"@graph\":[{\"@type\":\"WebPage\",\"@id\":\"https:\/\/www.welovecycling.com\/hu\/kozosseg-es-kultura\/ketszer-is-meggondolod-a-nevezest-ezekre-az-orult-versenyekre\/\",\"url\":\"https:\/\/www.welovecycling.com\/hu\/kozosseg-es-kultura\/ketszer-is-meggondolod-a-nevezest-ezekre-az-orult-versenyekre\/\",\"name\":\"K\u00e9tszer is meggondolod a nevez\u00e9st ezekre az \u0151r\u00fclt versenyekre - \u0160koda We Love Cycling - Magyarorsz\u00e1g\",\"isPartOf\":{\"@id\":\"https:\/\/www.welovecycling.com\/hu\/#website\"},\"primaryImageOfPage\":{\"@id\":\"https:\/\/www.welovecycling.com\/hu\/kozosseg-es-kultura\/ketszer-is-meggondolod-a-nevezest-ezekre-az-orult-versenyekre\/#primaryimage\"},\"image\":{\"@id\":\"https:\/\/www.welovecycling.com\/hu\/kozosseg-es-kultura\/ketszer-is-meggondolod-a-nevezest-ezekre-az-orult-versenyekre\/#primaryimage\"},\"thumbnailUrl\":\"https:\/\/d2p6e6u75xmxt8.cloudfront.net\/12\/2020\/03\/Bike-Bog-Snorkelling-CVR-profimedia-0223904049.jpg\",\"datePublished\":\"2020-03-20T07:00:42+00:00\",\"author\":{\"@id\":\"https:\/\/www.welovecycling.com\/hu\/#\/schema\/person\/414a2aebf1801691a5320edb6468e194\"},\"breadcrumb\":{\"@id\":\"https:\/\/www.welovecycling.com\/hu\/kozosseg-es-kultura\/ketszer-is-meggondolod-a-nevezest-ezekre-az-orult-versenyekre\/#breadcrumb\"},\"inLanguage\":\"hu\",\"potentialAction\":[{\"@type\":\"ReadAction\",\"target\":[\"https:\/\/www.welovecycling.com\/hu\/kozosseg-es-kultura\/ketszer-is-meggondolod-a-nevezest-ezekre-az-orult-versenyekre\/\"]}]},{\"@type\":\"ImageObject\",\"inLanguage\":\"hu\",\"@id\":\"https:\/\/www.welovecycling.com\/hu\/kozosseg-es-kultura\/ketszer-is-meggondolod-a-nevezest-ezekre-az-orult-versenyekre\/#primaryimage\",\"url\":\"https:\/\/d2p6e6u75xmxt8.cloudfront.net\/12\/2020\/03\/Bike-Bog-Snorkelling-CVR-profimedia-0223904049.jpg\",\"contentUrl\":\"https:\/\/d2p6e6u75xmxt8.cloudfront.net\/12\/2020\/03\/Bike-Bog-Snorkelling-CVR-profimedia-0223904049.jpg\",\"width\":1366,\"height\":600},{\"@type\":\"BreadcrumbList\",\"@id\":\"https:\/\/www.welovecycling.com\/hu\/kozosseg-es-kultura\/ketszer-is-meggondolod-a-nevezest-ezekre-az-orult-versenyekre\/#breadcrumb\",\"itemListElement\":[{\"@type\":\"ListItem\",\"position\":1,\"name\":\"Home\",\"item\":\"https:\/\/www.welovecycling.com\/hu\/\"},{\"@type\":\"ListItem\",\"position\":2,\"name\":\"K\u00e9tszer is meggondolod a nevez\u00e9st ezekre az \u0151r\u00fclt versenyekre\"}]},{\"@type\":\"WebSite\",\"@id\":\"https:\/\/www.welovecycling.com\/hu\/#website\",\"url\":\"https:\/\/www.welovecycling.com\/hu\/\",\"name\":\"\u0160koda We Love Cycling - Magyarorsz\u00e1g\",\"description\":\"\u0160koda WeLoveCycling\",\"potentialAction\":[{\"@type\":\"SearchAction\",\"target\":{\"@type\":\"EntryPoint\",\"urlTemplate\":\"https:\/\/www.welovecycling.com\/hu\/?s={search_term_string}\"},\"query-input\":{\"@type\":\"PropertyValueSpecification\",\"valueRequired\":true,\"valueName\":\"search_term_string\"}}],\"inLanguage\":\"hu\"},{\"@type\":\"Person\",\"@id\":\"https:\/\/www.welovecycling.com\/hu\/#\/schema\/person\/414a2aebf1801691a5320edb6468e194\",\"name\":\"hegyizs\",\"image\":{\"@type\":\"ImageObject\",\"inLanguage\":\"hu\",\"@id\":\"https:\/\/www.welovecycling.com\/hu\/#\/schema\/person\/image\/\",\"url\":\"https:\/\/secure.gravatar.com\/avatar\/02cf8a7906b8cf90cecb4679defac7cfd33a1c2e3b88e4903d947f3bb58eedd3?s=96&d=mm&r=g\",\"contentUrl\":\"https:\/\/secure.gravatar.com\/avatar\/02cf8a7906b8cf90cecb4679defac7cfd33a1c2e3b88e4903d947f3bb58eedd3?s=96&d=mm&r=g\",\"caption\":\"hegyizs\"},\"url\":\"https:\/\/www.welovecycling.com\/hu\/author\/hegyizs\/\"}]}<\/script>\n<!-- \/ Yoast SEO Premium plugin. -->","yoast_head_json":{"title":"K\u00e9tszer is meggondolod a nevez\u00e9st ezekre az \u0151r\u00fclt versenyekre - \u0160koda We Love Cycling - Magyarorsz\u00e1g","robots":{"index":"index","follow":"follow","max-snippet":"max-snippet:-1","max-image-preview":"max-image-preview:large","max-video-preview":"max-video-preview:-1"},"canonical":"https:\/\/www.welovecycling.com\/hu\/kozosseg-es-kultura\/ketszer-is-meggondolod-a-nevezest-ezekre-az-orult-versenyekre\/","og_locale":"hu_HU","og_type":"article","og_title":"K\u00e9tszer is meggondolod a nevez\u00e9st ezekre az \u0151r\u00fclt versenyekre","og_description":"A legt\u00f6bb ker\u00e9kp\u00e1ros megm\u00e9rettet\u00e9s meger\u0151ltet\u0151, kimer\u00edt\u0151 vagy olyan, minta egyenesen Supermanre szabt\u00e1k volna. Most azonban nem ezekr\u0151l van sz\u00f3. Ezek [&hellip;]","og_url":"https:\/\/www.welovecycling.com\/hu\/kozosseg-es-kultura\/ketszer-is-meggondolod-a-nevezest-ezekre-az-orult-versenyekre\/","og_site_name":"\u0160koda We Love Cycling - Magyarorsz\u00e1g","article_publisher":"https:\/\/www.facebook.com\/WeLoveCyclingHungary\/","article_published_time":"2020-03-20T07:00:42+00:00","og_image":[{"width":1366,"height":600,"url":"https:\/\/d2p6e6u75xmxt8.cloudfront.net\/12\/2020\/03\/Bike-Bog-Snorkelling-CVR-profimedia-0223904049.jpg","type":"image\/jpeg"}],"author":"hegyizs","twitter_card":"summary_large_image","twitter_misc":{"Written by":"Adam Marsal","Est. reading time":"7"},"schema":{"@context":"https:\/\/schema.org","@graph":[{"@type":"WebPage","@id":"https:\/\/www.welovecycling.com\/hu\/kozosseg-es-kultura\/ketszer-is-meggondolod-a-nevezest-ezekre-az-orult-versenyekre\/","url":"https:\/\/www.welovecycling.com\/hu\/kozosseg-es-kultura\/ketszer-is-meggondolod-a-nevezest-ezekre-az-orult-versenyekre\/","name":"K\u00e9tszer is meggondolod a nevez\u00e9st ezekre az \u0151r\u00fclt versenyekre - \u0160koda We Love Cycling - Magyarorsz\u00e1g","isPartOf":{"@id":"https:\/\/www.welovecycling.com\/hu\/#website"},"primaryImageOfPage":{"@id":"https:\/\/www.welovecycling.com\/hu\/kozosseg-es-kultura\/ketszer-is-meggondolod-a-nevezest-ezekre-az-orult-versenyekre\/#primaryimage"},"image":{"@id":"https:\/\/www.welovecycling.com\/hu\/kozosseg-es-kultura\/ketszer-is-meggondolod-a-nevezest-ezekre-az-orult-versenyekre\/#primaryimage"},"thumbnailUrl":"https:\/\/d2p6e6u75xmxt8.cloudfront.net\/12\/2020\/03\/Bike-Bog-Snorkelling-CVR-profimedia-0223904049.jpg","datePublished":"2020-03-20T07:00:42+00:00","author":{"@id":"https:\/\/www.welovecycling.com\/hu\/#\/schema\/person\/414a2aebf1801691a5320edb6468e194"},"breadcrumb":{"@id":"https:\/\/www.welovecycling.com\/hu\/kozosseg-es-kultura\/ketszer-is-meggondolod-a-nevezest-ezekre-az-orult-versenyekre\/#breadcrumb"},"inLanguage":"hu","potentialAction":[{"@type":"ReadAction","target":["https:\/\/www.welovecycling.com\/hu\/kozosseg-es-kultura\/ketszer-is-meggondolod-a-nevezest-ezekre-az-orult-versenyekre\/"]}]},{"@type":"ImageObject","inLanguage":"hu","@id":"https:\/\/www.welovecycling.com\/hu\/kozosseg-es-kultura\/ketszer-is-meggondolod-a-nevezest-ezekre-az-orult-versenyekre\/#primaryimage","url":"https:\/\/d2p6e6u75xmxt8.cloudfront.net\/12\/2020\/03\/Bike-Bog-Snorkelling-CVR-profimedia-0223904049.jpg","contentUrl":"https:\/\/d2p6e6u75xmxt8.cloudfront.net\/12\/2020\/03\/Bike-Bog-Snorkelling-CVR-profimedia-0223904049.jpg","width":1366,"height":600},{"@type":"BreadcrumbList","@id":"https:\/\/www.welovecycling.com\/hu\/kozosseg-es-kultura\/ketszer-is-meggondolod-a-nevezest-ezekre-az-orult-versenyekre\/#breadcrumb","itemListElement":[{"@type":"ListItem","position":1,"name":"Home","item":"https:\/\/www.welovecycling.com\/hu\/"},{"@type":"ListItem","position":2,"name":"K\u00e9tszer is meggondolod a nevez\u00e9st ezekre az \u0151r\u00fclt versenyekre"}]},{"@type":"WebSite","@id":"https:\/\/www.welovecycling.com\/hu\/#website","url":"https:\/\/www.welovecycling.com\/hu\/","name":"\u0160koda We Love Cycling - Magyarorsz\u00e1g","description":"\u0160koda WeLoveCycling","potentialAction":[{"@type":"SearchAction","target":{"@type":"EntryPoint","urlTemplate":"https:\/\/www.welovecycling.com\/hu\/?s={search_term_string}"},"query-input":{"@type":"PropertyValueSpecification","valueRequired":true,"valueName":"search_term_string"}}],"inLanguage":"hu"},{"@type":"Person","@id":"https:\/\/www.welovecycling.com\/hu\/#\/schema\/person\/414a2aebf1801691a5320edb6468e194","name":"hegyizs","image":{"@type":"ImageObject","inLanguage":"hu","@id":"https:\/\/www.welovecycling.com\/hu\/#\/schema\/person\/image\/","url":"https:\/\/secure.gravatar.com\/avatar\/02cf8a7906b8cf90cecb4679defac7cfd33a1c2e3b88e4903d947f3bb58eedd3?s=96&d=mm&r=g","contentUrl":"https:\/\/secure.gravatar.com\/avatar\/02cf8a7906b8cf90cecb4679defac7cfd33a1c2e3b88e4903d947f3bb58eedd3?s=96&d=mm&r=g","caption":"hegyizs"},"url":"https:\/\/www.welovecycling.com\/hu\/author\/hegyizs\/"}]}},"_links":{"self":[{"href":"https:\/\/www.welovecycling.com\/hu\/wp-json\/wp\/v2\/posts\/7172","targetHints":{"allow":["GET"]}}],"collection":[{"href":"https:\/\/www.welovecycling.com\/hu\/wp-json\/wp\/v2\/posts"}],"about":[{"href":"https:\/\/www.welovecycling.com\/hu\/wp-json\/wp\/v2\/types\/post"}],"author":[{"embeddable":true,"href":"https:\/\/www.welovecycling.com\/hu\/wp-json\/wp\/v2\/users\/71"}],"replies":[{"embeddable":true,"href":"https:\/\/www.welovecycling.com\/hu\/wp-json\/wp\/v2\/comments?post=7172"}],"version-history":[{"count":2,"href":"https:\/\/www.welovecycling.com\/hu\/wp-json\/wp\/v2\/posts\/7172\/revisions"}],"predecessor-version":[{"id":7196,"href":"https:\/\/www.welovecycling.com\/hu\/wp-json\/wp\/v2\/posts\/7172\/revisions\/7196"}],"wp:featuredmedia":[{"embeddable":true,"href":"https:\/\/www.welovecycling.com\/hu\/wp-json\/wp\/v2\/media\/7178"}],"wp:attachment":[{"href":"https:\/\/www.welovecycling.com\/hu\/wp-json\/wp\/v2\/media?parent=7172"}],"wp:term":[{"taxonomy":"category","embeddable":true,"href":"https:\/\/www.welovecycling.com\/hu\/wp-json\/wp\/v2\/categories?post=7172"},{"taxonomy":"post_tag","embeddable":true,"href":"https:\/\/www.welovecycling.com\/hu\/wp-json\/wp\/v2\/tags?post=7172"},{"taxonomy":"global-categories","embeddable":true,"href":"https:\/\/www.welovecycling.com\/hu\/wp-json\/wp\/v2\/global-categories?post=7172"}],"curies":[{"name":"wp","href":"https:\/\/api.w.org\/{rel}","templated":true}]}}