{"id":7005,"date":"2020-03-13T08:00:12","date_gmt":"2020-03-13T07:00:12","guid":{"rendered":"https:\/\/www.welovecycling.com\/hu\/?p=7005"},"modified":"2020-03-06T11:56:26","modified_gmt":"2020-03-06T10:56:26","slug":"magyar-tervezesu-bugatti-kerekpar-lett-ausztralia-sztarja","status":"publish","type":"post","link":"https:\/\/www.welovecycling.com\/hu\/blog\/magyar-tervezesu-bugatti-kerekpar-lett-ausztralia-sztarja\/","title":{"rendered":"Magyar tervez\u00e9s\u0171 Bugatti ker\u00e9kp\u00e1r lett Ausztr\u00e1lia szt\u00e1rja"},"content":{"rendered":"<p><strong>A Bugatti versenyaut\u00f3i ihlett\u00e9k a k\u00fcl\u00f6nleges biciklit, melyet az Ausztr\u00e1li\u00e1ban \u00e9l\u0151 aut\u00f3restaur\u00e1tor, Szab\u00f3 Imre tervezett.<\/strong><!--more--><\/p>\n<p>2015-ben a magyar restaur\u00e1tor megl\u00e1tta a Bugatti Vision Granturismo-t \u00e9s beleszeretett minden r\u00e9szlet\u00e9be. Mindenk\u00e9pp r\u00e9szese akart lenni ennek az alkot\u00e1snak, de akkoriban Ford \u00e9s Holden modellekkel foglalkozott. \u00cdgy nem tehetett m\u00e1st: a versenyaut\u00f3 form\u00e1j\u00e1ra \u00e9p\u00edtett egy biciklit.<\/p>\n<figure id=\"attachment_7007\" aria-describedby=\"caption-attachment-7007\" style=\"width: 1280px\" class=\"wp-caption aligncenter\"><img loading=\"lazy\" decoding=\"async\" class=\"size-full wp-image-7007\" src=\"https:\/\/d2p6e6u75xmxt8.cloudfront.net\/12\/2020\/03\/wlc_11het_02.jpg\" alt=\"\" width=\"1280\" height=\"720\" srcset=\"https:\/\/d2p6e6u75xmxt8.cloudfront.net\/12\/2020\/03\/wlc_11het_02.jpg 1280w, https:\/\/d2p6e6u75xmxt8.cloudfront.net\/12\/2020\/03\/wlc_11het_02-300x169.jpg 300w, https:\/\/d2p6e6u75xmxt8.cloudfront.net\/12\/2020\/03\/wlc_11het_02-768x432.jpg 768w, https:\/\/d2p6e6u75xmxt8.cloudfront.net\/12\/2020\/03\/wlc_11het_02-1024x576.jpg 1024w\" sizes=\"auto, (max-width: 1280px) 100vw, 1280px\" \/><figcaption id=\"caption-attachment-7007\" class=\"wp-caption-text\">A Bugatti Vision Granturismo<\/figcaption><\/figure>\n<p><em>\u201eA kih\u00edv\u00e1s az volt, hogy hogyan but\u00edtsam le ezt a gy\u00f6ny\u00f6r\u0171 form\u00e1t n\u00e9gy ker\u00e9kr\u0151l k\u00e9t ker\u00e9kre \u00fagy, hogy a Bugatti egyedi st\u00edlusjegyei megmaradjanak. Ha valaki azt k\u00e9rn\u00e9, hogy tervezz egy olyan ker\u00e9kp\u00e1rt, aminek a h\u0171t\u0151r\u00e1cs\u00e1b\u00f3l n\u0151 ki az \u00fcl\u00e9s, lehet, hogy eldobn\u00e1d a ceruz\u00e1t.\u201d<\/em><\/p>\n<p>V\u00e9g\u00fcl megugrotta ezt a kih\u00edv\u00e1st, a tudatalattija seg\u00edts\u00e9g\u00e9vel: egyik reggel fel\u00e9bredt \u00e9s lelki szemei el\u0151tt ott volt a k\u00e9sz ker\u00e9kp\u00e1r. M\u00e1r csak meg kellett \u00e9p\u00edteni. A v\u00e1zat k\u00e9zzel k\u00e9sz\u00edtette el, tisztelegve ezzel a Bugatti m\u00faltja el\u0151tt. A bringa teljesen f\u00e9mb\u0151l k\u00e9sz\u00fclt, ellenben a c\u00e9g saj\u00e1t ker\u00e9kp\u00e1rj\u00e1val, melyet 2016-ban dobtak piacra. A karton modell olyan s\u00e9r\u00fcl\u00e9kenyre siker\u00fclt, hogy utc\u00e1n nem is lehetett haszn\u00e1lni. \u00cdgy Szab\u00f3nak tov\u00e1bbra is megvolt a lehet\u0151s\u00e9ge, hogy befusson saj\u00e1t terv\u00e9vel.<\/p>\n<p><img loading=\"lazy\" decoding=\"async\" class=\"aligncenter size-full wp-image-7008\" src=\"https:\/\/d2p6e6u75xmxt8.cloudfront.net\/12\/2020\/03\/wlc_11het_03.jpg\" alt=\"\" width=\"738\" height=\"492\" srcset=\"https:\/\/d2p6e6u75xmxt8.cloudfront.net\/12\/2020\/03\/wlc_11het_03.jpg 738w, https:\/\/d2p6e6u75xmxt8.cloudfront.net\/12\/2020\/03\/wlc_11het_03-300x200.jpg 300w, https:\/\/d2p6e6u75xmxt8.cloudfront.net\/12\/2020\/03\/wlc_11het_03-272x182.jpg 272w\" sizes=\"auto, (max-width: 738px) 100vw, 738px\" \/><\/p>\n<p><img loading=\"lazy\" decoding=\"async\" class=\"aligncenter size-full wp-image-7009\" src=\"https:\/\/d2p6e6u75xmxt8.cloudfront.net\/12\/2020\/03\/wlc_11het_04.jpg\" alt=\"\" width=\"840\" height=\"473\" srcset=\"https:\/\/d2p6e6u75xmxt8.cloudfront.net\/12\/2020\/03\/wlc_11het_04.jpg 840w, https:\/\/d2p6e6u75xmxt8.cloudfront.net\/12\/2020\/03\/wlc_11het_04-300x169.jpg 300w, https:\/\/d2p6e6u75xmxt8.cloudfront.net\/12\/2020\/03\/wlc_11het_04-768x432.jpg 768w\" sizes=\"auto, (max-width: 840px) 100vw, 840px\" \/><\/p>\n<p>A Bugatti viszont nem t\u00e1mogatta ebben. Hi\u00e1ba saj\u00e1t modell\u00fck kudarca, Szab\u00f3 terve elakadt a gy\u00e1rt\u00f3n\u00e1l, pedig a tervez\u0151csapat f\u0151n\u00f6ke \u00e9s az enged\u00e9lyez\u00e9si f\u0151oszt\u00e1lyvezet\u0151 is elismerte a bringa egyedis\u00e9g\u00e9t \u00e9s \u00fajszer\u0171s\u00e9g\u00e9t.<\/p>\n<p><em>\u201eLehet, hogy a h\u00e1tuk k\u00f6zep\u00e9re sem hi\u00e1nyzott, hogy a semmib\u0151l berobbant ez a formabont\u00f3 micsoda&#8230;\u201d<\/em><\/p>\n<p>Az elutas\u00edt\u00e1s ellen\u00e9re m\u00e9gis sikert\u00f6rt\u00e9net lett a k\u00fcl\u00f6n\u00f6s ker\u00e9kp\u00e1r \u00fatja. Sz\u00e1mos nemzetk\u00f6zi fesztiv\u00e1lon aratott nagy tetsz\u00e9st, megjelent Sydneyben, s\u0151t, a legkedveltebb j\u00e1rm\u0171vek k\u00f6z\u00e9 is beker\u00fclt. Ausztr\u00e1lia megh\u00f3d\u00edt\u00e1sa ut\u00e1n Eur\u00f3p\u00e1ban is ki\u00e1ll\u00edtj\u00e1k majd egy motorshow keret\u00e9ben, egyetlen ker\u00e9kp\u00e1rk\u00e9nt.<\/p>\n<p><img loading=\"lazy\" decoding=\"async\" class=\"aligncenter size-full wp-image-7010\" src=\"https:\/\/d2p6e6u75xmxt8.cloudfront.net\/12\/2020\/03\/wlc_11het_05.jpg\" alt=\"\" width=\"1468\" height=\"894\" srcset=\"https:\/\/d2p6e6u75xmxt8.cloudfront.net\/12\/2020\/03\/wlc_11het_05.jpg 1468w, https:\/\/d2p6e6u75xmxt8.cloudfront.net\/12\/2020\/03\/wlc_11het_05-300x183.jpg 300w, https:\/\/d2p6e6u75xmxt8.cloudfront.net\/12\/2020\/03\/wlc_11het_05-768x468.jpg 768w, https:\/\/d2p6e6u75xmxt8.cloudfront.net\/12\/2020\/03\/wlc_11het_05-1024x624.jpg 1024w\" sizes=\"auto, (max-width: 1468px) 100vw, 1468px\" \/><\/p>\n<p><em>Forr\u00e1s: <\/em><a href=\"https:\/\/index.hu\/kerekagy\/2020\/02\/15\/motoros_kiallitasokon_tarol_a_magyar_bugatti_kerekpar\/\"><em>index.hu<\/em><\/a><\/p>\n","protected":false},"excerpt":{"rendered":"<p>A Bugatti versenyaut\u00f3i ihlett\u00e9k a k\u00fcl\u00f6nleges biciklit, melyet az Ausztr\u00e1li\u00e1ban \u00e9l\u0151 aut\u00f3restaur\u00e1tor, Szab\u00f3 Imre tervezett.<\/p>\n","protected":false},"author":71,"featured_media":7006,"comment_status":"open","ping_status":"open","sticky":false,"template":"","format":"standard","meta":{"footnotes":""},"categories":[13],"tags":[],"global-categories":[],"class_list":["post-7005","post","type-post","status-publish","format-standard","has-post-thumbnail","hentry","category-blog"],"yoast_head":"<!-- This site is optimized with the Yoast SEO Premium plugin v25.3 (Yoast SEO v25.9) - https:\/\/yoast.com\/wordpress\/plugins\/seo\/ -->\n<title>Magyar tervez\u00e9s\u0171 Bugatti ker\u00e9kp\u00e1r lett Ausztr\u00e1lia szt\u00e1rja - \u0160koda We Love Cycling - Magyarorsz\u00e1g<\/title>\n<meta name=\"robots\" content=\"index, follow, max-snippet:-1, max-image-preview:large, max-video-preview:-1\" \/>\n<link rel=\"canonical\" href=\"https:\/\/www.welovecycling.com\/hu\/blog\/magyar-tervezesu-bugatti-kerekpar-lett-ausztralia-sztarja\/\" \/>\n<meta property=\"og:locale\" content=\"hu_HU\" \/>\n<meta property=\"og:type\" content=\"article\" \/>\n<meta property=\"og:title\" content=\"Magyar tervez\u00e9s\u0171 Bugatti ker\u00e9kp\u00e1r lett Ausztr\u00e1lia szt\u00e1rja\" \/>\n<meta property=\"og:description\" content=\"A Bugatti versenyaut\u00f3i ihlett\u00e9k a k\u00fcl\u00f6nleges biciklit, melyet az Ausztr\u00e1li\u00e1ban \u00e9l\u0151 aut\u00f3restaur\u00e1tor, Szab\u00f3 Imre tervezett.\" \/>\n<meta property=\"og:url\" content=\"https:\/\/www.welovecycling.com\/hu\/blog\/magyar-tervezesu-bugatti-kerekpar-lett-ausztralia-sztarja\/\" \/>\n<meta property=\"og:site_name\" content=\"\u0160koda We Love Cycling - Magyarorsz\u00e1g\" \/>\n<meta property=\"article:publisher\" content=\"https:\/\/www.facebook.com\/WeLoveCyclingHungary\/\" \/>\n<meta property=\"article:published_time\" content=\"2020-03-13T07:00:12+00:00\" \/>\n<meta property=\"og:image\" content=\"https:\/\/d2p6e6u75xmxt8.cloudfront.net\/12\/2020\/03\/wlc_11het_01.jpg\" \/>\n\t<meta property=\"og:image:width\" content=\"1108\" \/>\n\t<meta property=\"og:image:height\" content=\"623\" \/>\n\t<meta property=\"og:image:type\" content=\"image\/jpeg\" \/>\n<meta name=\"author\" content=\"hegyizs\" \/>\n<meta name=\"twitter:card\" content=\"summary_large_image\" \/>\n<meta name=\"twitter:label1\" content=\"Written by\" \/>\n\t<meta name=\"twitter:data1\" content=\"WLC\" \/>\n\t<meta name=\"twitter:label2\" content=\"Est. reading time\" \/>\n\t<meta name=\"twitter:data2\" content=\"2 minutes\" \/>\n<script type=\"application\/ld+json\" class=\"yoast-schema-graph\">{\"@context\":\"https:\/\/schema.org\",\"@graph\":[{\"@type\":\"WebPage\",\"@id\":\"https:\/\/www.welovecycling.com\/hu\/blog\/magyar-tervezesu-bugatti-kerekpar-lett-ausztralia-sztarja\/\",\"url\":\"https:\/\/www.welovecycling.com\/hu\/blog\/magyar-tervezesu-bugatti-kerekpar-lett-ausztralia-sztarja\/\",\"name\":\"Magyar tervez\u00e9s\u0171 Bugatti ker\u00e9kp\u00e1r lett Ausztr\u00e1lia szt\u00e1rja - \u0160koda We Love Cycling - Magyarorsz\u00e1g\",\"isPartOf\":{\"@id\":\"https:\/\/www.welovecycling.com\/hu\/#website\"},\"primaryImageOfPage\":{\"@id\":\"https:\/\/www.welovecycling.com\/hu\/blog\/magyar-tervezesu-bugatti-kerekpar-lett-ausztralia-sztarja\/#primaryimage\"},\"image\":{\"@id\":\"https:\/\/www.welovecycling.com\/hu\/blog\/magyar-tervezesu-bugatti-kerekpar-lett-ausztralia-sztarja\/#primaryimage\"},\"thumbnailUrl\":\"https:\/\/d2p6e6u75xmxt8.cloudfront.net\/12\/2020\/03\/wlc_11het_01.jpg\",\"datePublished\":\"2020-03-13T07:00:12+00:00\",\"author\":{\"@id\":\"https:\/\/www.welovecycling.com\/hu\/#\/schema\/person\/414a2aebf1801691a5320edb6468e194\"},\"breadcrumb\":{\"@id\":\"https:\/\/www.welovecycling.com\/hu\/blog\/magyar-tervezesu-bugatti-kerekpar-lett-ausztralia-sztarja\/#breadcrumb\"},\"inLanguage\":\"hu\",\"potentialAction\":[{\"@type\":\"ReadAction\",\"target\":[\"https:\/\/www.welovecycling.com\/hu\/blog\/magyar-tervezesu-bugatti-kerekpar-lett-ausztralia-sztarja\/\"]}]},{\"@type\":\"ImageObject\",\"inLanguage\":\"hu\",\"@id\":\"https:\/\/www.welovecycling.com\/hu\/blog\/magyar-tervezesu-bugatti-kerekpar-lett-ausztralia-sztarja\/#primaryimage\",\"url\":\"https:\/\/d2p6e6u75xmxt8.cloudfront.net\/12\/2020\/03\/wlc_11het_01.jpg\",\"contentUrl\":\"https:\/\/d2p6e6u75xmxt8.cloudfront.net\/12\/2020\/03\/wlc_11het_01.jpg\",\"width\":1108,\"height\":623},{\"@type\":\"BreadcrumbList\",\"@id\":\"https:\/\/www.welovecycling.com\/hu\/blog\/magyar-tervezesu-bugatti-kerekpar-lett-ausztralia-sztarja\/#breadcrumb\",\"itemListElement\":[{\"@type\":\"ListItem\",\"position\":1,\"name\":\"Home\",\"item\":\"https:\/\/www.welovecycling.com\/hu\/\"},{\"@type\":\"ListItem\",\"position\":2,\"name\":\"Magyar tervez\u00e9s\u0171 Bugatti ker\u00e9kp\u00e1r lett Ausztr\u00e1lia szt\u00e1rja\"}]},{\"@type\":\"WebSite\",\"@id\":\"https:\/\/www.welovecycling.com\/hu\/#website\",\"url\":\"https:\/\/www.welovecycling.com\/hu\/\",\"name\":\"\u0160koda We Love Cycling - Magyarorsz\u00e1g\",\"description\":\"\u0160koda WeLoveCycling\",\"potentialAction\":[{\"@type\":\"SearchAction\",\"target\":{\"@type\":\"EntryPoint\",\"urlTemplate\":\"https:\/\/www.welovecycling.com\/hu\/?s={search_term_string}\"},\"query-input\":{\"@type\":\"PropertyValueSpecification\",\"valueRequired\":true,\"valueName\":\"search_term_string\"}}],\"inLanguage\":\"hu\"},{\"@type\":\"Person\",\"@id\":\"https:\/\/www.welovecycling.com\/hu\/#\/schema\/person\/414a2aebf1801691a5320edb6468e194\",\"name\":\"hegyizs\",\"image\":{\"@type\":\"ImageObject\",\"inLanguage\":\"hu\",\"@id\":\"https:\/\/www.welovecycling.com\/hu\/#\/schema\/person\/image\/\",\"url\":\"https:\/\/secure.gravatar.com\/avatar\/02cf8a7906b8cf90cecb4679defac7cfd33a1c2e3b88e4903d947f3bb58eedd3?s=96&d=mm&r=g\",\"contentUrl\":\"https:\/\/secure.gravatar.com\/avatar\/02cf8a7906b8cf90cecb4679defac7cfd33a1c2e3b88e4903d947f3bb58eedd3?s=96&d=mm&r=g\",\"caption\":\"hegyizs\"},\"url\":\"https:\/\/www.welovecycling.com\/hu\/author\/hegyizs\/\"}]}<\/script>\n<!-- \/ Yoast SEO Premium plugin. -->","yoast_head_json":{"title":"Magyar tervez\u00e9s\u0171 Bugatti ker\u00e9kp\u00e1r lett Ausztr\u00e1lia szt\u00e1rja - \u0160koda We Love Cycling - Magyarorsz\u00e1g","robots":{"index":"index","follow":"follow","max-snippet":"max-snippet:-1","max-image-preview":"max-image-preview:large","max-video-preview":"max-video-preview:-1"},"canonical":"https:\/\/www.welovecycling.com\/hu\/blog\/magyar-tervezesu-bugatti-kerekpar-lett-ausztralia-sztarja\/","og_locale":"hu_HU","og_type":"article","og_title":"Magyar tervez\u00e9s\u0171 Bugatti ker\u00e9kp\u00e1r lett Ausztr\u00e1lia szt\u00e1rja","og_description":"A Bugatti versenyaut\u00f3i ihlett\u00e9k a k\u00fcl\u00f6nleges biciklit, melyet az Ausztr\u00e1li\u00e1ban \u00e9l\u0151 aut\u00f3restaur\u00e1tor, Szab\u00f3 Imre tervezett.","og_url":"https:\/\/www.welovecycling.com\/hu\/blog\/magyar-tervezesu-bugatti-kerekpar-lett-ausztralia-sztarja\/","og_site_name":"\u0160koda We Love Cycling - Magyarorsz\u00e1g","article_publisher":"https:\/\/www.facebook.com\/WeLoveCyclingHungary\/","article_published_time":"2020-03-13T07:00:12+00:00","og_image":[{"width":1108,"height":623,"url":"https:\/\/d2p6e6u75xmxt8.cloudfront.net\/12\/2020\/03\/wlc_11het_01.jpg","type":"image\/jpeg"}],"author":"hegyizs","twitter_card":"summary_large_image","twitter_misc":{"Written by":"WLC","Est. reading time":"2 minutes"},"schema":{"@context":"https:\/\/schema.org","@graph":[{"@type":"WebPage","@id":"https:\/\/www.welovecycling.com\/hu\/blog\/magyar-tervezesu-bugatti-kerekpar-lett-ausztralia-sztarja\/","url":"https:\/\/www.welovecycling.com\/hu\/blog\/magyar-tervezesu-bugatti-kerekpar-lett-ausztralia-sztarja\/","name":"Magyar tervez\u00e9s\u0171 Bugatti ker\u00e9kp\u00e1r lett Ausztr\u00e1lia szt\u00e1rja - \u0160koda We Love Cycling - Magyarorsz\u00e1g","isPartOf":{"@id":"https:\/\/www.welovecycling.com\/hu\/#website"},"primaryImageOfPage":{"@id":"https:\/\/www.welovecycling.com\/hu\/blog\/magyar-tervezesu-bugatti-kerekpar-lett-ausztralia-sztarja\/#primaryimage"},"image":{"@id":"https:\/\/www.welovecycling.com\/hu\/blog\/magyar-tervezesu-bugatti-kerekpar-lett-ausztralia-sztarja\/#primaryimage"},"thumbnailUrl":"https:\/\/d2p6e6u75xmxt8.cloudfront.net\/12\/2020\/03\/wlc_11het_01.jpg","datePublished":"2020-03-13T07:00:12+00:00","author":{"@id":"https:\/\/www.welovecycling.com\/hu\/#\/schema\/person\/414a2aebf1801691a5320edb6468e194"},"breadcrumb":{"@id":"https:\/\/www.welovecycling.com\/hu\/blog\/magyar-tervezesu-bugatti-kerekpar-lett-ausztralia-sztarja\/#breadcrumb"},"inLanguage":"hu","potentialAction":[{"@type":"ReadAction","target":["https:\/\/www.welovecycling.com\/hu\/blog\/magyar-tervezesu-bugatti-kerekpar-lett-ausztralia-sztarja\/"]}]},{"@type":"ImageObject","inLanguage":"hu","@id":"https:\/\/www.welovecycling.com\/hu\/blog\/magyar-tervezesu-bugatti-kerekpar-lett-ausztralia-sztarja\/#primaryimage","url":"https:\/\/d2p6e6u75xmxt8.cloudfront.net\/12\/2020\/03\/wlc_11het_01.jpg","contentUrl":"https:\/\/d2p6e6u75xmxt8.cloudfront.net\/12\/2020\/03\/wlc_11het_01.jpg","width":1108,"height":623},{"@type":"BreadcrumbList","@id":"https:\/\/www.welovecycling.com\/hu\/blog\/magyar-tervezesu-bugatti-kerekpar-lett-ausztralia-sztarja\/#breadcrumb","itemListElement":[{"@type":"ListItem","position":1,"name":"Home","item":"https:\/\/www.welovecycling.com\/hu\/"},{"@type":"ListItem","position":2,"name":"Magyar tervez\u00e9s\u0171 Bugatti ker\u00e9kp\u00e1r lett Ausztr\u00e1lia szt\u00e1rja"}]},{"@type":"WebSite","@id":"https:\/\/www.welovecycling.com\/hu\/#website","url":"https:\/\/www.welovecycling.com\/hu\/","name":"\u0160koda We Love Cycling - Magyarorsz\u00e1g","description":"\u0160koda WeLoveCycling","potentialAction":[{"@type":"SearchAction","target":{"@type":"EntryPoint","urlTemplate":"https:\/\/www.welovecycling.com\/hu\/?s={search_term_string}"},"query-input":{"@type":"PropertyValueSpecification","valueRequired":true,"valueName":"search_term_string"}}],"inLanguage":"hu"},{"@type":"Person","@id":"https:\/\/www.welovecycling.com\/hu\/#\/schema\/person\/414a2aebf1801691a5320edb6468e194","name":"hegyizs","image":{"@type":"ImageObject","inLanguage":"hu","@id":"https:\/\/www.welovecycling.com\/hu\/#\/schema\/person\/image\/","url":"https:\/\/secure.gravatar.com\/avatar\/02cf8a7906b8cf90cecb4679defac7cfd33a1c2e3b88e4903d947f3bb58eedd3?s=96&d=mm&r=g","contentUrl":"https:\/\/secure.gravatar.com\/avatar\/02cf8a7906b8cf90cecb4679defac7cfd33a1c2e3b88e4903d947f3bb58eedd3?s=96&d=mm&r=g","caption":"hegyizs"},"url":"https:\/\/www.welovecycling.com\/hu\/author\/hegyizs\/"}]}},"_links":{"self":[{"href":"https:\/\/www.welovecycling.com\/hu\/wp-json\/wp\/v2\/posts\/7005","targetHints":{"allow":["GET"]}}],"collection":[{"href":"https:\/\/www.welovecycling.com\/hu\/wp-json\/wp\/v2\/posts"}],"about":[{"href":"https:\/\/www.welovecycling.com\/hu\/wp-json\/wp\/v2\/types\/post"}],"author":[{"embeddable":true,"href":"https:\/\/www.welovecycling.com\/hu\/wp-json\/wp\/v2\/users\/71"}],"replies":[{"embeddable":true,"href":"https:\/\/www.welovecycling.com\/hu\/wp-json\/wp\/v2\/comments?post=7005"}],"version-history":[{"count":1,"href":"https:\/\/www.welovecycling.com\/hu\/wp-json\/wp\/v2\/posts\/7005\/revisions"}],"predecessor-version":[{"id":7011,"href":"https:\/\/www.welovecycling.com\/hu\/wp-json\/wp\/v2\/posts\/7005\/revisions\/7011"}],"wp:featuredmedia":[{"embeddable":true,"href":"https:\/\/www.welovecycling.com\/hu\/wp-json\/wp\/v2\/media\/7006"}],"wp:attachment":[{"href":"https:\/\/www.welovecycling.com\/hu\/wp-json\/wp\/v2\/media?parent=7005"}],"wp:term":[{"taxonomy":"category","embeddable":true,"href":"https:\/\/www.welovecycling.com\/hu\/wp-json\/wp\/v2\/categories?post=7005"},{"taxonomy":"post_tag","embeddable":true,"href":"https:\/\/www.welovecycling.com\/hu\/wp-json\/wp\/v2\/tags?post=7005"},{"taxonomy":"global-categories","embeddable":true,"href":"https:\/\/www.welovecycling.com\/hu\/wp-json\/wp\/v2\/global-categories?post=7005"}],"curies":[{"name":"wp","href":"https:\/\/api.w.org\/{rel}","templated":true}]}}