{"id":6998,"date":"2020-03-14T08:00:16","date_gmt":"2020-03-14T07:00:16","guid":{"rendered":"https:\/\/www.welovecycling.com\/hu\/?p=6998"},"modified":"2020-03-06T11:57:09","modified_gmt":"2020-03-06T10:57:09","slug":"mindent-az-azsiai-kerekparpiacrol","status":"publish","type":"post","link":"https:\/\/www.welovecycling.com\/hu\/orszaguti-kerekpar\/mindent-az-azsiai-kerekparpiacrol\/","title":{"rendered":"Mindent az \u00e1zsiai ker\u00e9kp\u00e1rpiacr\u00f3l"},"content":{"rendered":"<p><strong>T\u00f6bb sz\u00e1z m\u00e1rka gy\u00e1rt bicikliket \u00e9s alkatr\u00e9szeket vil\u00e1gszerte. A legt\u00f6bb term\u00e9k Tajvanb\u00f3l, K\u00edn\u00e1b\u00f3l \u00e9s Vietn\u00e1mb\u00f3l sz\u00e1rmazik. Gondolt\u00e1l m\u00e1r arra, hogy te is l\u00e9trehozhatn\u00e1d a saj\u00e1t m\u00e1rk\u00e1dat \u00c1zsi\u00e1ban? Lukas Prucha, a Bee Biker alap\u00edt\u00f3ja megtette.<\/strong><!--more--><\/p>\n<p><strong>Befoly\u00e1solja az \u00e1zsiai r\u00e9gi\u00f3kkal val\u00f3 egy\u00fcttm\u0171k\u00f6d\u00e9st a koronav\u00edrus?<\/strong><\/p>\n<p><em>Sajnos igen. Jelenleg nagy fejleszt\u00e9sekben vagyunk t\u00f6bb c\u00e9ggel \u00f6sszedolgozva, de a COVID-19 lelass\u00edtja a munk\u00e1t.<\/em><\/p>\n<p><img loading=\"lazy\" decoding=\"async\" class=\"alignnone size-full wp-image-6999\" src=\"https:\/\/d2p6e6u75xmxt8.cloudfront.net\/12\/2020\/03\/52676582_1909512885843987_3941149028321853440_o.jpg\" alt=\"\" width=\"1842\" height=\"1224\" srcset=\"https:\/\/d2p6e6u75xmxt8.cloudfront.net\/12\/2020\/03\/52676582_1909512885843987_3941149028321853440_o.jpg 1842w, https:\/\/d2p6e6u75xmxt8.cloudfront.net\/12\/2020\/03\/52676582_1909512885843987_3941149028321853440_o-300x199.jpg 300w, https:\/\/d2p6e6u75xmxt8.cloudfront.net\/12\/2020\/03\/52676582_1909512885843987_3941149028321853440_o-768x510.jpg 768w, https:\/\/d2p6e6u75xmxt8.cloudfront.net\/12\/2020\/03\/52676582_1909512885843987_3941149028321853440_o-1024x680.jpg 1024w, https:\/\/d2p6e6u75xmxt8.cloudfront.net\/12\/2020\/03\/52676582_1909512885843987_3941149028321853440_o-272x182.jpg 272w\" sizes=\"auto, (max-width: 1842px) 100vw, 1842px\" \/><\/p>\n<p><strong>Melyik orsz\u00e1g melyik alkatr\u00e9sz gy\u00e1rt\u00e1s\u00e1ban a legjobb?<\/strong><\/p>\n<p><em>Az alum\u00ednium r\u00e9szek, a v\u00e1zak \u00e9s a fogaskerekek t\u00f6bbnyire Tajvanb\u00f3l \u00e9rkeznek. K\u00edna \u00e9s Vietn\u00e1m pedig a legnagyobb karbon-sz\u00e1las alkatr\u00e9szgy\u00e1rt\u00f3k.<\/em><\/p>\n<p><strong>Hogyan tal\u00e1lhatunk megb\u00edzhat\u00f3 partnereket?<\/strong><\/p>\n<p><em>Ez a munka legnehezebb r\u00e9sze. A legegyenesebb megold\u00e1s, ha szemt\u0151l szembe tal\u00e1lkoztok. Az Eurobike show j\u00f3alkalom lehet erre, de ha n\u00f6vekedni szeretn\u00e9l, az \u00e1zsiai esem\u00e9nyeket kell c\u00e9loznod, mint p\u00e9ld\u00e1ul a Taipei International Cycle Show \u00e9s a Taichung Bicycle Week. Mindk\u00e9t v\u00e1s\u00e1r Tajvanban ker\u00fclt megrendez\u00e9sre.<\/em><\/p>\n<p><strong>Te is \u00edgy kezdted?<\/strong><\/p>\n<p><em>A Bee Bikert h\u00e1rom \u00e9vvel ezel\u0151tt partneremmel, Jan Havelk\u00e1val hoztuk l\u00e9tre, abb\u00f3l a c\u00e9lb\u00f3l, hogy k\u00f6nnyebb bring\u00e1kat \u00e9p\u00edts\u00fcnk gyerekeknek. Az Eurobike-ra val\u00f3 l\u00e1togat\u00e1s sor\u00e1n kider\u00fclt, hogy ezzel az \u00f6tlettel m\u00e1r elk\u00e9st\u00fcnk. Egy eldugott sarokban megtal\u00e1ltuk a Quai kerekeket. A c\u00e9get a Cannondale volt alkalmazottai alap\u00edtott\u00e1k, f\u0151 profiljuk pedig egy olyan ker\u00e9k kialak\u00edt\u00e1sa volt, amely egyr\u00e9szt k\u00f6nny\u0171, m\u00e1sr\u00e9szt igen ut\u00f3pisztikus, mintha csak a Vissza a J\u00f6v\u0151be filmb\u0151l pottyant volna el\u00e9nk. R\u00f6gt\u00f6n tudtuk, hogy ez az, amit keres\u00fcnk. Megegyezt\u00fcnk, hogy tesztelj\u00fck az els\u0151 szetteket. Egy m\u00e1sik meg\u00e1llapod\u00e1s, amit az esem\u00e9nyen k\u00f6t\u00f6tt\u00fcnk az Astro m\u00e9rn\u00f6keivel t\u00f6rt\u00e9nt, akik az egyik legnagyobb gy\u00e1rt\u00f3k a vil\u00e1gon. Olyan c\u00e9geknek \u00e9p\u00edtenek bring\u00e1kat, mint a Mondraker, a Transition, a Haibike, a CTM, stb. Megrendelt\u00fck a ny\u00edlt fejleszt\u00e9s\u0171 modelleiket, az Enduro 29er-t \u00e9s a Trail Bike 27,5 t, a l\u00e9trej\u00f6tt m\u00e1rk\u00e1t pedig BEAST-nek keresztelt\u00fck.<\/em><\/p>\n<figure id=\"attachment_7000\" aria-describedby=\"caption-attachment-7000\" style=\"width: 2016px\" class=\"wp-caption alignnone\"><img loading=\"lazy\" decoding=\"async\" class=\"size-full wp-image-7000\" src=\"https:\/\/d2p6e6u75xmxt8.cloudfront.net\/12\/2020\/03\/68467965_2169945953134011_8228876929311178752_o.jpg\" alt=\"\" width=\"2016\" height=\"1508\" srcset=\"https:\/\/d2p6e6u75xmxt8.cloudfront.net\/12\/2020\/03\/68467965_2169945953134011_8228876929311178752_o.jpg 2016w, https:\/\/d2p6e6u75xmxt8.cloudfront.net\/12\/2020\/03\/68467965_2169945953134011_8228876929311178752_o-300x224.jpg 300w, https:\/\/d2p6e6u75xmxt8.cloudfront.net\/12\/2020\/03\/68467965_2169945953134011_8228876929311178752_o-768x574.jpg 768w, https:\/\/d2p6e6u75xmxt8.cloudfront.net\/12\/2020\/03\/68467965_2169945953134011_8228876929311178752_o-1024x766.jpg 1024w, https:\/\/d2p6e6u75xmxt8.cloudfront.net\/12\/2020\/03\/68467965_2169945953134011_8228876929311178752_o-1920x1436.jpg 1920w, https:\/\/d2p6e6u75xmxt8.cloudfront.net\/12\/2020\/03\/68467965_2169945953134011_8228876929311178752_o-1920x1436.jpg 1920w\" sizes=\"auto, (max-width: 2016px) 100vw, 2016px\" \/><figcaption id=\"caption-attachment-7000\" class=\"wp-caption-text\"><em>A Beast Bike kollekci\u00f3<\/em><\/figcaption><\/figure>\n<p><strong>Mit jelent az, hogy ny\u00edlt fejleszt\u00e9s?<\/strong><\/p>\n<p><em>Ez egy olyan v\u00e1z, amit b\u00e1rki megv\u00e1s\u00e1rolhat \u00e9s r\u00e1nyomhatja a nev\u00e9t. Az az el\u0151nye, hogy nem kell fizetni tervez\u00e9s\u00e9rt. A h\u00e1tr\u00e1nya pedig, hogy b\u00e1rki m\u00e1s is megrendelheti, az egyetlen k\u00fcl\u00f6nbs\u00e9g a m\u00e1rkan\u00e9v lesz.<\/em><\/p>\n<p><strong>Mennyi id\u0151be telik, hogy el\u0151tted \u00e1lljon a saj\u00e1t m\u00e1rk\u00e1d egyedi protot\u00edpusa?<\/strong><\/p>\n<p><em>Az egyszer\u0171bb \u00fat, ha ny\u00edlt fejleszt\u00e9s\u0171 v\u00e1zat veszel, b\u00e1rkit\u0151l, aki \u00e1zsiai partnerrel kollabor\u00e1l. Ha ez meg van, akkor m\u00e1r k\u00f6nny\u0171 a dolog. Kiv\u00e1lasztod a modellt, elk\u00fcld\u00f6d a partnernek a grafik\u00e1t, log\u00f3t \u00e9s a sz\u00edneket \u00e9s hat h\u00f3napon bel\u00fcl k\u00e9sz van a saj\u00e1t m\u00e1rk\u00e1d. Ennek az \u00e1ra nagyj\u00e1b\u00f3l 400 doll\u00e1r, alum\u00edniumv\u00e1z eset\u00e9n, ha karbon-sz\u00e1lasban gondolkodsz, az 700 doll\u00e1r k\u00f6r\u00fcl mozog.<\/em><\/p>\n<p><strong>Mi a helyzet a nehezebb \u00fattal?<\/strong><\/p>\n<p><em>A m\u00e1sik opci\u00f3, hogy te tervezed meg a v\u00e1zat, ami nemcsak bonyolult, hanem dr\u00e1ga mulats\u00e1g is. El\u0151sz\u00f6r is, kelleni fog a diz\u00e1jner. A nagy c\u00e9gek, mint az A-Pro, a Giant vagy a Merida felaj\u00e1nlja neked saj\u00e1t m\u00e9rn\u00f6keit, ha szerz\u0151d\u00e9st k\u00f6tsz vel\u00fck, \u00e9s n\u00e1luk \u00e9p\u00edtetted meg a bring\u00e1d. A tervez\u00e9s nagyj\u00e1b\u00f3l 5 h\u00f3napot vesz ig\u00e9nybe. A k\u00f6vetkez\u0151 l\u00e9p\u00e9s egy alum\u00edniumb\u00f3l k\u00e9sz\u00fclt protot\u00edpus meg\u00e9p\u00edt\u00e9se, amit elk\u00fcldenek neked, hogy teszteld. Ha alum\u00ednium v\u00e1zat terveztett\u00e9l, az sokkal egyszer\u0171bb, a karbon-v\u00e1zas modellekn\u00e9l igen megugorhatnak az \u00e1rak.<\/em><\/p>\n<p><img loading=\"lazy\" decoding=\"async\" class=\"alignnone size-full wp-image-7001\" src=\"https:\/\/d2p6e6u75xmxt8.cloudfront.net\/12\/2020\/03\/29365799_1473386712789942_3417800700594225152_o.jpg\" alt=\"\" width=\"1600\" height=\"900\" srcset=\"https:\/\/d2p6e6u75xmxt8.cloudfront.net\/12\/2020\/03\/29365799_1473386712789942_3417800700594225152_o.jpg 1600w, https:\/\/d2p6e6u75xmxt8.cloudfront.net\/12\/2020\/03\/29365799_1473386712789942_3417800700594225152_o-300x169.jpg 300w, https:\/\/d2p6e6u75xmxt8.cloudfront.net\/12\/2020\/03\/29365799_1473386712789942_3417800700594225152_o-768x432.jpg 768w, https:\/\/d2p6e6u75xmxt8.cloudfront.net\/12\/2020\/03\/29365799_1473386712789942_3417800700594225152_o-1024x576.jpg 1024w\" sizes=\"auto, (max-width: 1600px) 100vw, 1600px\" \/><\/p>\n<div id='gallery-1' class='gallery galleryid-6998 gallery-columns-2 gallery-size-large'><figure class='gallery-item'>\n\t\t\t<div class='gallery-icon landscape'>\n\t\t\t\t<a href='https:\/\/d2p6e6u75xmxt8.cloudfront.net\/12\/2020\/03\/29365931_1473386669456613_4744149471330304000_o.jpg'><img loading=\"lazy\" decoding=\"async\" width=\"1024\" height=\"766\" src=\"https:\/\/d2p6e6u75xmxt8.cloudfront.net\/12\/2020\/03\/29365931_1473386669456613_4744149471330304000_o-1024x766.jpg\" class=\"attachment-large size-large\" alt=\"\" srcset=\"https:\/\/d2p6e6u75xmxt8.cloudfront.net\/12\/2020\/03\/29365931_1473386669456613_4744149471330304000_o-1024x766.jpg 1024w, https:\/\/d2p6e6u75xmxt8.cloudfront.net\/12\/2020\/03\/29365931_1473386669456613_4744149471330304000_o-300x224.jpg 300w, https:\/\/d2p6e6u75xmxt8.cloudfront.net\/12\/2020\/03\/29365931_1473386669456613_4744149471330304000_o-768x574.jpg 768w, https:\/\/d2p6e6u75xmxt8.cloudfront.net\/12\/2020\/03\/29365931_1473386669456613_4744149471330304000_o-1920x1436.jpg 1920w, https:\/\/d2p6e6u75xmxt8.cloudfront.net\/12\/2020\/03\/29365931_1473386669456613_4744149471330304000_o.jpg 2016w, https:\/\/d2p6e6u75xmxt8.cloudfront.net\/12\/2020\/03\/29365931_1473386669456613_4744149471330304000_o-1920x1436.jpg 1920w\" sizes=\"auto, (max-width: 1024px) 100vw, 1024px\" \/><\/a>\n\t\t\t<\/div><\/figure><figure class='gallery-item'>\n\t\t\t<div class='gallery-icon portrait'>\n\t\t\t\t<a href='https:\/\/d2p6e6u75xmxt8.cloudfront.net\/12\/2020\/03\/29386969_1474979309297349_7122228040846802944_n.jpg'><img loading=\"lazy\" decoding=\"async\" width=\"718\" height=\"960\" src=\"https:\/\/d2p6e6u75xmxt8.cloudfront.net\/12\/2020\/03\/29386969_1474979309297349_7122228040846802944_n.jpg\" class=\"attachment-large size-large\" alt=\"\" srcset=\"https:\/\/d2p6e6u75xmxt8.cloudfront.net\/12\/2020\/03\/29386969_1474979309297349_7122228040846802944_n.jpg 718w, https:\/\/d2p6e6u75xmxt8.cloudfront.net\/12\/2020\/03\/29386969_1474979309297349_7122228040846802944_n-224x300.jpg 224w\" sizes=\"auto, (max-width: 718px) 100vw, 718px\" \/><\/a>\n\t\t\t<\/div><\/figure>\n\t\t<\/div>\n\n<p><strong>M\u00e9gis milyen p\u00e9nz\u00fcgyi vonzatra kell sz\u00e1m\u00edtani?<\/strong><\/p>\n<p><em>El\u0151sz\u00f6r is kell n\u00e9gy m\u00e9ret mindegyik modellb\u0151l (S, M, L, XL), ami megsokszorozza a megtervezend\u0151 alkatr\u00e9szeket. Azt\u00e1n ott van a h\u00e1ts\u00f3 villa, amelynek mindegyik modellhez passzolnia kell. Ekkor j\u00e1rsz k\u00f6r\u00fclbel\u00fcl 70.000 doll\u00e1r befektetett t\u0151k\u00e9n\u00e9l. Ezut\u00e1n m\u00e9g hat h\u00f3nap miel\u0151tt megkapod az els\u0151 saj\u00e1t biciklidet, \u00edgy \u00f6sszesen m\u00e1sf\u00e9l \u00e9vbe telik az eg\u00e9sz.<\/em><\/p>\n<p><strong>Mi a helyzet az egy\u00e9b alkatr\u00e9szekkel?<\/strong><\/p>\n<p><em>A legjobban akkor j\u00e1rsz, ha ny\u00edlt tervezeteket veszel. Vastag katal\u00f3gusokban t\u00f6bb sz\u00e1z, k\u00fcl\u00f6nb\u00f6z\u0151 min\u0151s\u00e9g\u0171 \u00e9s alapanyag\u00fa v\u00e1ltozatokat tal\u00e1lsz. Ha megtal\u00e1ltad, amire sz\u00fcks\u00e9ges van, egyszer\u0171en ell\u00e1tod a saj\u00e1t log\u00f3ddal \u00e9s neveddel \u00e9s senki nem fog megk\u00e9rd\u0151jelezni. A v\u00e1zakkal nem ez a helyzet, mert ezeket szeretik az emberek \u00f6sszehasonl\u00edtgatni. Teh\u00e1t azt tan\u00e1csolom, hogy v\u00e1zat tervezz, minden m\u00e1st v\u00e1s\u00e1rolj k\u00e9szen!<\/em><\/p>\n<p><img loading=\"lazy\" decoding=\"async\" class=\"alignnone size-full wp-image-7002\" src=\"https:\/\/d2p6e6u75xmxt8.cloudfront.net\/12\/2020\/03\/55557074_1944373535691255_8529185728456818688_o.jpg\" alt=\"\" width=\"1842\" height=\"1224\" srcset=\"https:\/\/d2p6e6u75xmxt8.cloudfront.net\/12\/2020\/03\/55557074_1944373535691255_8529185728456818688_o.jpg 1842w, https:\/\/d2p6e6u75xmxt8.cloudfront.net\/12\/2020\/03\/55557074_1944373535691255_8529185728456818688_o-300x199.jpg 300w, https:\/\/d2p6e6u75xmxt8.cloudfront.net\/12\/2020\/03\/55557074_1944373535691255_8529185728456818688_o-768x510.jpg 768w, https:\/\/d2p6e6u75xmxt8.cloudfront.net\/12\/2020\/03\/55557074_1944373535691255_8529185728456818688_o-1024x680.jpg 1024w, https:\/\/d2p6e6u75xmxt8.cloudfront.net\/12\/2020\/03\/55557074_1944373535691255_8529185728456818688_o-272x182.jpg 272w\" sizes=\"auto, (max-width: 1842px) 100vw, 1842px\" \/><\/p>\n<div id='gallery-2' class='gallery galleryid-6998 gallery-columns-2 gallery-size-medium'><figure class='gallery-item'>\n\t\t\t<div class='gallery-icon landscape'>\n\t\t\t\t<a href='https:\/\/d2p6e6u75xmxt8.cloudfront.net\/12\/2020\/03\/53026274_1911494222312520_828917435313684480_o.jpg'><img loading=\"lazy\" decoding=\"async\" width=\"300\" height=\"224\" src=\"https:\/\/d2p6e6u75xmxt8.cloudfront.net\/12\/2020\/03\/53026274_1911494222312520_828917435313684480_o-300x224.jpg\" class=\"attachment-medium size-medium\" alt=\"\" srcset=\"https:\/\/d2p6e6u75xmxt8.cloudfront.net\/12\/2020\/03\/53026274_1911494222312520_828917435313684480_o-300x224.jpg 300w, https:\/\/d2p6e6u75xmxt8.cloudfront.net\/12\/2020\/03\/53026274_1911494222312520_828917435313684480_o-768x574.jpg 768w, https:\/\/d2p6e6u75xmxt8.cloudfront.net\/12\/2020\/03\/53026274_1911494222312520_828917435313684480_o-1024x766.jpg 1024w, https:\/\/d2p6e6u75xmxt8.cloudfront.net\/12\/2020\/03\/53026274_1911494222312520_828917435313684480_o-1920x1436.jpg 1920w, https:\/\/d2p6e6u75xmxt8.cloudfront.net\/12\/2020\/03\/53026274_1911494222312520_828917435313684480_o.jpg 2016w, https:\/\/d2p6e6u75xmxt8.cloudfront.net\/12\/2020\/03\/53026274_1911494222312520_828917435313684480_o-1920x1436.jpg 1920w\" sizes=\"auto, (max-width: 300px) 100vw, 300px\" \/><\/a>\n\t\t\t<\/div><\/figure><figure class='gallery-item'>\n\t\t\t<div class='gallery-icon landscape'>\n\t\t\t\t<a href='https:\/\/d2p6e6u75xmxt8.cloudfront.net\/12\/2020\/03\/53057863_1911494438979165_6978835562622877696_o.jpg'><img loading=\"lazy\" decoding=\"async\" width=\"300\" height=\"224\" src=\"https:\/\/d2p6e6u75xmxt8.cloudfront.net\/12\/2020\/03\/53057863_1911494438979165_6978835562622877696_o-300x224.jpg\" class=\"attachment-medium size-medium\" alt=\"\" srcset=\"https:\/\/d2p6e6u75xmxt8.cloudfront.net\/12\/2020\/03\/53057863_1911494438979165_6978835562622877696_o-300x224.jpg 300w, https:\/\/d2p6e6u75xmxt8.cloudfront.net\/12\/2020\/03\/53057863_1911494438979165_6978835562622877696_o-768x574.jpg 768w, https:\/\/d2p6e6u75xmxt8.cloudfront.net\/12\/2020\/03\/53057863_1911494438979165_6978835562622877696_o-1024x766.jpg 1024w, https:\/\/d2p6e6u75xmxt8.cloudfront.net\/12\/2020\/03\/53057863_1911494438979165_6978835562622877696_o-1920x1436.jpg 1920w, https:\/\/d2p6e6u75xmxt8.cloudfront.net\/12\/2020\/03\/53057863_1911494438979165_6978835562622877696_o.jpg 2016w, https:\/\/d2p6e6u75xmxt8.cloudfront.net\/12\/2020\/03\/53057863_1911494438979165_6978835562622877696_o-1920x1436.jpg 1920w\" sizes=\"auto, (max-width: 300px) 100vw, 300px\" \/><\/a>\n\t\t\t<\/div><\/figure>\n\t\t<\/div>\n\n<p><strong>Mi a legnehezebb a ker\u00e9kp\u00e1rgy\u00e1rt\u00e1s sor\u00e1n \u00c1zsi\u00e1ban?<\/strong><\/p>\n<p><em>Ha t\u00e9nyleg tervezel bel\u00e9pni a piacra, j\u00f3 sok t\u0151ke kell hozz\u00e1, mert mindent el\u0151re kell fizetned. Emellett rengeteg szab\u00e1lyoz\u00e1son kell \u00e1tr\u00e1gni magad, sz\u00e1mos enged\u00e9lyt kell szerezned \u00e9s el\u0151\u00edr\u00e1st kell betartanod. Sz\u00e1m\u00edts a kisz\u00e1m\u00edthatatlan esem\u00e9nyekre. Megt\u00f6rt\u00e9nhet p\u00e9ld\u00e1ul, hogy egy eur\u00f3pai versenyt\u00e1rsad ugyanann\u00e1l az \u00e1zsiai c\u00e9gn\u00e9l gy\u00e1rtat, ahol te, \u00edgy v\u00e9g\u00fcl a versenyhelyzet miatt a partnered k\u00e9nytelen lemondani egyik\u0151t\u00f6kr\u0151l, \u00e9s ez az elej\u00e9n biztosan te leszel. Tal\u00e1n teljesen \u00f6sszeomlik emiatt a v\u00e1llalkoz\u00e1sod. Nem egyszer\u0171 ez a ter\u00fclet, higgy nekem.<\/em><\/p>\n<p><strong>Van valami j\u00f3 tan\u00e1csod azoknak, aki belev\u00e1gnak?<\/strong><\/p>\n<p><em>Ha nem akarsz k\u00e9s\u0151bb probl\u00e9m\u00e1kba \u00fctk\u00f6zni, t\u00f6rekedj a lehet\u0151 legjobb min\u0151s\u00e9gre. Mi emiatt az elv miatt tartunk ott, ahol.<\/em><\/p>\n","protected":false},"excerpt":{"rendered":"<p>T\u00f6bb sz\u00e1z m\u00e1rka gy\u00e1rt bicikliket \u00e9s alkatr\u00e9szeket vil\u00e1gszerte. A legt\u00f6bb term\u00e9k Tajvanb\u00f3l, K\u00edn\u00e1b\u00f3l \u00e9s Vietn\u00e1mb\u00f3l sz\u00e1rmazik. Gondolt\u00e1l m\u00e1r arra, hogy [&hellip;]<\/p>\n","protected":false},"author":71,"featured_media":7004,"comment_status":"open","ping_status":"open","sticky":false,"template":"","format":"standard","meta":{"footnotes":""},"categories":[8],"tags":[],"global-categories":[],"class_list":["post-6998","post","type-post","status-publish","format-standard","has-post-thumbnail","hentry","category-orszaguti-kerekpar"],"yoast_head":"<!-- This site is optimized with the Yoast SEO Premium plugin v25.3 (Yoast SEO v25.9) - https:\/\/yoast.com\/wordpress\/plugins\/seo\/ -->\n<title>Mindent az \u00e1zsiai ker\u00e9kp\u00e1rpiacr\u00f3l - \u0160koda We Love Cycling - Magyarorsz\u00e1g<\/title>\n<meta name=\"robots\" content=\"index, follow, max-snippet:-1, max-image-preview:large, max-video-preview:-1\" \/>\n<link rel=\"canonical\" href=\"https:\/\/www.welovecycling.com\/hu\/orszaguti-kerekpar\/mindent-az-azsiai-kerekparpiacrol\/\" \/>\n<meta property=\"og:locale\" content=\"hu_HU\" \/>\n<meta property=\"og:type\" content=\"article\" \/>\n<meta property=\"og:title\" content=\"Mindent az \u00e1zsiai ker\u00e9kp\u00e1rpiacr\u00f3l\" \/>\n<meta property=\"og:description\" content=\"T\u00f6bb sz\u00e1z m\u00e1rka gy\u00e1rt bicikliket \u00e9s alkatr\u00e9szeket vil\u00e1gszerte. A legt\u00f6bb term\u00e9k Tajvanb\u00f3l, K\u00edn\u00e1b\u00f3l \u00e9s Vietn\u00e1mb\u00f3l sz\u00e1rmazik. Gondolt\u00e1l m\u00e1r arra, hogy [&hellip;]\" \/>\n<meta property=\"og:url\" content=\"https:\/\/www.welovecycling.com\/hu\/orszaguti-kerekpar\/mindent-az-azsiai-kerekparpiacrol\/\" \/>\n<meta property=\"og:site_name\" content=\"\u0160koda We Love Cycling - Magyarorsz\u00e1g\" \/>\n<meta property=\"article:publisher\" content=\"https:\/\/www.facebook.com\/WeLoveCyclingHungary\/\" \/>\n<meta property=\"article:published_time\" content=\"2020-03-14T07:00:16+00:00\" \/>\n<meta property=\"og:image\" content=\"https:\/\/d2p6e6u75xmxt8.cloudfront.net\/12\/2020\/03\/Bee-Biker-CVR.jpg\" \/>\n\t<meta property=\"og:image:width\" content=\"1366\" \/>\n\t<meta property=\"og:image:height\" content=\"600\" \/>\n\t<meta property=\"og:image:type\" content=\"image\/jpeg\" \/>\n<meta name=\"author\" content=\"hegyizs\" \/>\n<meta name=\"twitter:card\" content=\"summary_large_image\" \/>\n<meta name=\"twitter:label1\" content=\"Written by\" \/>\n\t<meta name=\"twitter:data1\" content=\"Adam Marsal\" \/>\n\t<meta name=\"twitter:label2\" content=\"Est. reading time\" \/>\n\t<meta name=\"twitter:data2\" content=\"7\" \/>\n<script type=\"application\/ld+json\" class=\"yoast-schema-graph\">{\"@context\":\"https:\/\/schema.org\",\"@graph\":[{\"@type\":\"WebPage\",\"@id\":\"https:\/\/www.welovecycling.com\/hu\/orszaguti-kerekpar\/mindent-az-azsiai-kerekparpiacrol\/\",\"url\":\"https:\/\/www.welovecycling.com\/hu\/orszaguti-kerekpar\/mindent-az-azsiai-kerekparpiacrol\/\",\"name\":\"Mindent az \u00e1zsiai ker\u00e9kp\u00e1rpiacr\u00f3l - \u0160koda We Love Cycling - Magyarorsz\u00e1g\",\"isPartOf\":{\"@id\":\"https:\/\/www.welovecycling.com\/hu\/#website\"},\"primaryImageOfPage\":{\"@id\":\"https:\/\/www.welovecycling.com\/hu\/orszaguti-kerekpar\/mindent-az-azsiai-kerekparpiacrol\/#primaryimage\"},\"image\":{\"@id\":\"https:\/\/www.welovecycling.com\/hu\/orszaguti-kerekpar\/mindent-az-azsiai-kerekparpiacrol\/#primaryimage\"},\"thumbnailUrl\":\"https:\/\/d2p6e6u75xmxt8.cloudfront.net\/12\/2020\/03\/Bee-Biker-CVR.jpg\",\"datePublished\":\"2020-03-14T07:00:16+00:00\",\"author\":{\"@id\":\"https:\/\/www.welovecycling.com\/hu\/#\/schema\/person\/414a2aebf1801691a5320edb6468e194\"},\"breadcrumb\":{\"@id\":\"https:\/\/www.welovecycling.com\/hu\/orszaguti-kerekpar\/mindent-az-azsiai-kerekparpiacrol\/#breadcrumb\"},\"inLanguage\":\"hu\",\"potentialAction\":[{\"@type\":\"ReadAction\",\"target\":[\"https:\/\/www.welovecycling.com\/hu\/orszaguti-kerekpar\/mindent-az-azsiai-kerekparpiacrol\/\"]}]},{\"@type\":\"ImageObject\",\"inLanguage\":\"hu\",\"@id\":\"https:\/\/www.welovecycling.com\/hu\/orszaguti-kerekpar\/mindent-az-azsiai-kerekparpiacrol\/#primaryimage\",\"url\":\"https:\/\/d2p6e6u75xmxt8.cloudfront.net\/12\/2020\/03\/Bee-Biker-CVR.jpg\",\"contentUrl\":\"https:\/\/d2p6e6u75xmxt8.cloudfront.net\/12\/2020\/03\/Bee-Biker-CVR.jpg\",\"width\":1366,\"height\":600},{\"@type\":\"BreadcrumbList\",\"@id\":\"https:\/\/www.welovecycling.com\/hu\/orszaguti-kerekpar\/mindent-az-azsiai-kerekparpiacrol\/#breadcrumb\",\"itemListElement\":[{\"@type\":\"ListItem\",\"position\":1,\"name\":\"Home\",\"item\":\"https:\/\/www.welovecycling.com\/hu\/\"},{\"@type\":\"ListItem\",\"position\":2,\"name\":\"Mindent az \u00e1zsiai ker\u00e9kp\u00e1rpiacr\u00f3l\"}]},{\"@type\":\"WebSite\",\"@id\":\"https:\/\/www.welovecycling.com\/hu\/#website\",\"url\":\"https:\/\/www.welovecycling.com\/hu\/\",\"name\":\"\u0160koda We Love Cycling - Magyarorsz\u00e1g\",\"description\":\"\u0160koda WeLoveCycling\",\"potentialAction\":[{\"@type\":\"SearchAction\",\"target\":{\"@type\":\"EntryPoint\",\"urlTemplate\":\"https:\/\/www.welovecycling.com\/hu\/?s={search_term_string}\"},\"query-input\":{\"@type\":\"PropertyValueSpecification\",\"valueRequired\":true,\"valueName\":\"search_term_string\"}}],\"inLanguage\":\"hu\"},{\"@type\":\"Person\",\"@id\":\"https:\/\/www.welovecycling.com\/hu\/#\/schema\/person\/414a2aebf1801691a5320edb6468e194\",\"name\":\"hegyizs\",\"image\":{\"@type\":\"ImageObject\",\"inLanguage\":\"hu\",\"@id\":\"https:\/\/www.welovecycling.com\/hu\/#\/schema\/person\/image\/\",\"url\":\"https:\/\/secure.gravatar.com\/avatar\/02cf8a7906b8cf90cecb4679defac7cfd33a1c2e3b88e4903d947f3bb58eedd3?s=96&d=mm&r=g\",\"contentUrl\":\"https:\/\/secure.gravatar.com\/avatar\/02cf8a7906b8cf90cecb4679defac7cfd33a1c2e3b88e4903d947f3bb58eedd3?s=96&d=mm&r=g\",\"caption\":\"hegyizs\"},\"url\":\"https:\/\/www.welovecycling.com\/hu\/author\/hegyizs\/\"}]}<\/script>\n<!-- \/ Yoast SEO Premium plugin. -->","yoast_head_json":{"title":"Mindent az \u00e1zsiai ker\u00e9kp\u00e1rpiacr\u00f3l - \u0160koda We Love Cycling - Magyarorsz\u00e1g","robots":{"index":"index","follow":"follow","max-snippet":"max-snippet:-1","max-image-preview":"max-image-preview:large","max-video-preview":"max-video-preview:-1"},"canonical":"https:\/\/www.welovecycling.com\/hu\/orszaguti-kerekpar\/mindent-az-azsiai-kerekparpiacrol\/","og_locale":"hu_HU","og_type":"article","og_title":"Mindent az \u00e1zsiai ker\u00e9kp\u00e1rpiacr\u00f3l","og_description":"T\u00f6bb sz\u00e1z m\u00e1rka gy\u00e1rt bicikliket \u00e9s alkatr\u00e9szeket vil\u00e1gszerte. A legt\u00f6bb term\u00e9k Tajvanb\u00f3l, K\u00edn\u00e1b\u00f3l \u00e9s Vietn\u00e1mb\u00f3l sz\u00e1rmazik. Gondolt\u00e1l m\u00e1r arra, hogy [&hellip;]","og_url":"https:\/\/www.welovecycling.com\/hu\/orszaguti-kerekpar\/mindent-az-azsiai-kerekparpiacrol\/","og_site_name":"\u0160koda We Love Cycling - Magyarorsz\u00e1g","article_publisher":"https:\/\/www.facebook.com\/WeLoveCyclingHungary\/","article_published_time":"2020-03-14T07:00:16+00:00","og_image":[{"width":1366,"height":600,"url":"https:\/\/d2p6e6u75xmxt8.cloudfront.net\/12\/2020\/03\/Bee-Biker-CVR.jpg","type":"image\/jpeg"}],"author":"hegyizs","twitter_card":"summary_large_image","twitter_misc":{"Written by":"Adam Marsal","Est. reading time":"7"},"schema":{"@context":"https:\/\/schema.org","@graph":[{"@type":"WebPage","@id":"https:\/\/www.welovecycling.com\/hu\/orszaguti-kerekpar\/mindent-az-azsiai-kerekparpiacrol\/","url":"https:\/\/www.welovecycling.com\/hu\/orszaguti-kerekpar\/mindent-az-azsiai-kerekparpiacrol\/","name":"Mindent az \u00e1zsiai ker\u00e9kp\u00e1rpiacr\u00f3l - \u0160koda We Love Cycling - Magyarorsz\u00e1g","isPartOf":{"@id":"https:\/\/www.welovecycling.com\/hu\/#website"},"primaryImageOfPage":{"@id":"https:\/\/www.welovecycling.com\/hu\/orszaguti-kerekpar\/mindent-az-azsiai-kerekparpiacrol\/#primaryimage"},"image":{"@id":"https:\/\/www.welovecycling.com\/hu\/orszaguti-kerekpar\/mindent-az-azsiai-kerekparpiacrol\/#primaryimage"},"thumbnailUrl":"https:\/\/d2p6e6u75xmxt8.cloudfront.net\/12\/2020\/03\/Bee-Biker-CVR.jpg","datePublished":"2020-03-14T07:00:16+00:00","author":{"@id":"https:\/\/www.welovecycling.com\/hu\/#\/schema\/person\/414a2aebf1801691a5320edb6468e194"},"breadcrumb":{"@id":"https:\/\/www.welovecycling.com\/hu\/orszaguti-kerekpar\/mindent-az-azsiai-kerekparpiacrol\/#breadcrumb"},"inLanguage":"hu","potentialAction":[{"@type":"ReadAction","target":["https:\/\/www.welovecycling.com\/hu\/orszaguti-kerekpar\/mindent-az-azsiai-kerekparpiacrol\/"]}]},{"@type":"ImageObject","inLanguage":"hu","@id":"https:\/\/www.welovecycling.com\/hu\/orszaguti-kerekpar\/mindent-az-azsiai-kerekparpiacrol\/#primaryimage","url":"https:\/\/d2p6e6u75xmxt8.cloudfront.net\/12\/2020\/03\/Bee-Biker-CVR.jpg","contentUrl":"https:\/\/d2p6e6u75xmxt8.cloudfront.net\/12\/2020\/03\/Bee-Biker-CVR.jpg","width":1366,"height":600},{"@type":"BreadcrumbList","@id":"https:\/\/www.welovecycling.com\/hu\/orszaguti-kerekpar\/mindent-az-azsiai-kerekparpiacrol\/#breadcrumb","itemListElement":[{"@type":"ListItem","position":1,"name":"Home","item":"https:\/\/www.welovecycling.com\/hu\/"},{"@type":"ListItem","position":2,"name":"Mindent az \u00e1zsiai ker\u00e9kp\u00e1rpiacr\u00f3l"}]},{"@type":"WebSite","@id":"https:\/\/www.welovecycling.com\/hu\/#website","url":"https:\/\/www.welovecycling.com\/hu\/","name":"\u0160koda We Love Cycling - Magyarorsz\u00e1g","description":"\u0160koda WeLoveCycling","potentialAction":[{"@type":"SearchAction","target":{"@type":"EntryPoint","urlTemplate":"https:\/\/www.welovecycling.com\/hu\/?s={search_term_string}"},"query-input":{"@type":"PropertyValueSpecification","valueRequired":true,"valueName":"search_term_string"}}],"inLanguage":"hu"},{"@type":"Person","@id":"https:\/\/www.welovecycling.com\/hu\/#\/schema\/person\/414a2aebf1801691a5320edb6468e194","name":"hegyizs","image":{"@type":"ImageObject","inLanguage":"hu","@id":"https:\/\/www.welovecycling.com\/hu\/#\/schema\/person\/image\/","url":"https:\/\/secure.gravatar.com\/avatar\/02cf8a7906b8cf90cecb4679defac7cfd33a1c2e3b88e4903d947f3bb58eedd3?s=96&d=mm&r=g","contentUrl":"https:\/\/secure.gravatar.com\/avatar\/02cf8a7906b8cf90cecb4679defac7cfd33a1c2e3b88e4903d947f3bb58eedd3?s=96&d=mm&r=g","caption":"hegyizs"},"url":"https:\/\/www.welovecycling.com\/hu\/author\/hegyizs\/"}]}},"_links":{"self":[{"href":"https:\/\/www.welovecycling.com\/hu\/wp-json\/wp\/v2\/posts\/6998","targetHints":{"allow":["GET"]}}],"collection":[{"href":"https:\/\/www.welovecycling.com\/hu\/wp-json\/wp\/v2\/posts"}],"about":[{"href":"https:\/\/www.welovecycling.com\/hu\/wp-json\/wp\/v2\/types\/post"}],"author":[{"embeddable":true,"href":"https:\/\/www.welovecycling.com\/hu\/wp-json\/wp\/v2\/users\/71"}],"replies":[{"embeddable":true,"href":"https:\/\/www.welovecycling.com\/hu\/wp-json\/wp\/v2\/comments?post=6998"}],"version-history":[{"count":2,"href":"https:\/\/www.welovecycling.com\/hu\/wp-json\/wp\/v2\/posts\/6998\/revisions"}],"predecessor-version":[{"id":7018,"href":"https:\/\/www.welovecycling.com\/hu\/wp-json\/wp\/v2\/posts\/6998\/revisions\/7018"}],"wp:featuredmedia":[{"embeddable":true,"href":"https:\/\/www.welovecycling.com\/hu\/wp-json\/wp\/v2\/media\/7004"}],"wp:attachment":[{"href":"https:\/\/www.welovecycling.com\/hu\/wp-json\/wp\/v2\/media?parent=6998"}],"wp:term":[{"taxonomy":"category","embeddable":true,"href":"https:\/\/www.welovecycling.com\/hu\/wp-json\/wp\/v2\/categories?post=6998"},{"taxonomy":"post_tag","embeddable":true,"href":"https:\/\/www.welovecycling.com\/hu\/wp-json\/wp\/v2\/tags?post=6998"},{"taxonomy":"global-categories","embeddable":true,"href":"https:\/\/www.welovecycling.com\/hu\/wp-json\/wp\/v2\/global-categories?post=6998"}],"curies":[{"name":"wp","href":"https:\/\/api.w.org\/{rel}","templated":true}]}}