{"id":6988,"date":"2020-03-11T08:00:16","date_gmt":"2020-03-11T07:00:16","guid":{"rendered":"https:\/\/www.welovecycling.com\/hu\/?p=6988"},"modified":"2020-03-06T11:55:02","modified_gmt":"2020-03-06T10:55:02","slug":"chris-froome-az-volt-a-legnehezebb-hogy-ujra-meg-kellett-tanulnom-jarni","status":"publish","type":"post","link":"https:\/\/www.welovecycling.com\/hu\/orszaguti-kerekpar\/chris-froome-az-volt-a-legnehezebb-hogy-ujra-meg-kellett-tanulnom-jarni\/","title":{"rendered":"Chris Froome: \u201eAz volt a legnehezebb, hogy \u00fajra meg kellett tanulnom j\u00e1rni\u201d"},"content":{"rendered":"<p><strong>A n\u00e9gyszeres Tour de France-bajnok a The Times-nak mes\u00e9lt a visszat\u00e9r\u00e9sr\u0151l.<\/strong><!--more--><\/p>\n<p>Chris Froome hat k\u00fcl\u00f6nb\u00f6z\u0151 t\u00f6r\u00e9st szenvedett el a tavalyi Crit\u00e9rium du Dapuhin\u00e9-n. A horrorisztikus baleset ut\u00e1n azonnal a m\u0171t\u0151be vitt\u00e9k. K\u00e9s\u0151bb, a m\u00e1sodik oper\u00e1ci\u00f3 alkalm\u00e1val a cs\u00edp\u0151j\u00e9be helyezett r\u00f6gz\u00edt\u0151vasat kiszedt\u00e9k, majd harmadszorra is m\u0171teni kellett, amikor egy konyhak\u00e9ssel elv\u00e1gta az \u00ednakat a h\u00fcvelykujj\u00e1ban. A negyedik \u00e9s egyben utols\u00f3 m\u0171t\u00e9tre pedig 2019 december\u00e9ben ker\u00fclt sor, miut\u00e1n elfert\u0151z\u0151d\u00f6tt kor\u00e1bbi cs\u00edp\u0151s\u00e9r\u00fcl\u00e9se. Froome korai t\u00e1voz\u00e1sa egy edz\u0151t\u00e1borb\u00f3l k\u00e9ts\u00e9gek k\u00f6z\u00f6tt hagyta a rajong\u00f3it.<\/p>\n<p>Most azonban visszat\u00e9rt a versenyz\u00e9shez a ker\u00e9kp\u00e1ros, az UAE Tour-on vett r\u00e9szt febru\u00e1rban. \u00c1llapota m\u00e9g mindig messze van azonban az ide\u00e1list\u00f3l, hiszen rengeteg viszontags\u00e1gon kellett \u00e1tmennie.<\/p>\n<div class=\"embed-controller-wrapper\">\n<blockquote class=\"twitter-tweet\" data-width=\"500\" data-dnt=\"true\">\n<p lang=\"en\" dir=\"ltr\">All smiles for <a href=\"https:\/\/twitter.com\/chrisfroome?ref_src=twsrc%5Etfw\">@chrisfroome<\/a> and <a href=\"https:\/\/twitter.com\/EddieDunbar?ref_src=twsrc%5Etfw\">@EddieDunbar<\/a> on stage three <a href=\"https:\/\/twitter.com\/hashtag\/UAETour?src=hash&amp;ref_src=twsrc%5Etfw\">#UAETour<\/a> <a href=\"https:\/\/t.co\/9Nj61y4ABZ\">pic.twitter.com\/9Nj61y4ABZ<\/a><\/p>\n<p>&mdash; INEOS Grenadiers (@INEOSGrenadiers) <a href=\"https:\/\/twitter.com\/INEOSGrenadiers\/status\/1232240742703169537?ref_src=twsrc%5Etfw\">February 25, 2020<\/a><\/p><\/blockquote>\n<p><script async data-src=\"https:\/\/platform.twitter.com\/widgets.js\" charset=\"utf-8\"><\/script><\/div>\n<p><em>\u201eMegpr\u00f3b\u00e1lni j\u00e1rni volt a rehabilit\u00e1ci\u00f3 legnehezebb r\u00e9sze. Ez egy olyan dolog, amin nem gondolkodsz, ameddig nem vagy ilyen helyzetben. Miut\u00e1n hetekig \u00e1gyhoz voltam k\u00f6tve, majd r\u00f6vid ideig tol\u00f3sz\u00e9khez, nagyon idegen \u00e9rz\u00e9s volt \u00fajra l\u00e1bra \u00e1llni. Ment\u00e1lisan volt igaz\u00e1n kem\u00e9ny elviselni, hogy alig tudok j\u00e1rni. M\u00e9g mindig \u00e9rzek egy kis bizonytalans\u00e1got, de id\u0151vel ez is elm\u00falik. Sokkal jobban vagyok, mint ezel\u0151tt p\u00e1r hete.\u201d<\/em><\/p>\n<p>Froome cs\u00edp\u0151j\u00e9n egy nagy v\u00e1g\u00e1s \u00e9ktelenkedik, ott, ahol a f\u00e9m eszk\u00f6z volt, k\u00e9t csavar van a t\u00e9rd\u00e9ben, kett\u0151 a combj\u00e1ban \u00e9s egy f\u00e9m r\u00fad a v\u00e1dlij\u00e1ban. Ez mind a balesetre eml\u00e9kezteti. Azonban nem kell f\u00e9lteni: nem sokat t\u00f6r\u0151dik vele!<\/p>\n<p><em>\u201eSzerencs\u00e9re nincs bennem f\u00e9lelem, nem tartok a sebess\u00e9gt\u0151l. Nem volt probl\u00e9m\u00e1m azzal, hogy \u00fajra nyeregbe \u00fcljek. Sok id\u0151t t\u00f6lt\u00f6k gyakorl\u00e1ssal, mind a csapatommal, mind m\u00e1s bring\u00e1sokkal, \u00edgy hamar visszaszoktam, megy minden, mint r\u00e9gen.\u201d<\/em><\/p>\n<p>Rem\u00e9lj\u00fck, a Tour-on is \u00fajra indulhat a r\u00e9gi bajnok!<\/p>\n","protected":false},"excerpt":{"rendered":"<p>A n\u00e9gyszeres Tour de France-bajnok a The Times-nak mes\u00e9lt a visszat\u00e9r\u00e9sr\u0151l.<\/p>\n","protected":false},"author":71,"featured_media":6990,"comment_status":"open","ping_status":"open","sticky":false,"template":"","format":"standard","meta":{"footnotes":""},"categories":[8],"tags":[],"global-categories":[],"class_list":["post-6988","post","type-post","status-publish","format-standard","has-post-thumbnail","hentry","category-orszaguti-kerekpar"],"yoast_head":"<!-- This site is optimized with the Yoast SEO Premium plugin v25.3 (Yoast SEO v25.9) - https:\/\/yoast.com\/wordpress\/plugins\/seo\/ -->\n<title>Chris Froome: \u201eAz volt a legnehezebb, hogy \u00fajra meg kellett tanulnom j\u00e1rni\u201d - \u0160koda We Love Cycling - Magyarorsz\u00e1g<\/title>\n<meta name=\"robots\" content=\"index, follow, max-snippet:-1, max-image-preview:large, max-video-preview:-1\" \/>\n<link rel=\"canonical\" href=\"https:\/\/www.welovecycling.com\/hu\/orszaguti-kerekpar\/chris-froome-az-volt-a-legnehezebb-hogy-ujra-meg-kellett-tanulnom-jarni\/\" \/>\n<meta property=\"og:locale\" content=\"hu_HU\" \/>\n<meta property=\"og:type\" content=\"article\" \/>\n<meta property=\"og:title\" content=\"Chris Froome: \u201eAz volt a legnehezebb, hogy \u00fajra meg kellett tanulnom j\u00e1rni\u201d\" \/>\n<meta property=\"og:description\" content=\"A n\u00e9gyszeres Tour de France-bajnok a The Times-nak mes\u00e9lt a visszat\u00e9r\u00e9sr\u0151l.\" \/>\n<meta property=\"og:url\" content=\"https:\/\/www.welovecycling.com\/hu\/orszaguti-kerekpar\/chris-froome-az-volt-a-legnehezebb-hogy-ujra-meg-kellett-tanulnom-jarni\/\" \/>\n<meta property=\"og:site_name\" content=\"\u0160koda We Love Cycling - Magyarorsz\u00e1g\" \/>\n<meta property=\"article:publisher\" content=\"https:\/\/www.facebook.com\/WeLoveCyclingHungary\/\" \/>\n<meta property=\"article:published_time\" content=\"2020-03-11T07:00:16+00:00\" \/>\n<meta property=\"og:image\" content=\"https:\/\/d2p6e6u75xmxt8.cloudfront.net\/12\/2020\/03\/Chris-Froome-CVR-profimedia-0500939879.jpg\" \/>\n\t<meta property=\"og:image:width\" content=\"1366\" \/>\n\t<meta property=\"og:image:height\" content=\"600\" \/>\n\t<meta property=\"og:image:type\" content=\"image\/jpeg\" \/>\n<meta name=\"author\" content=\"hegyizs\" \/>\n<meta name=\"twitter:card\" content=\"summary_large_image\" \/>\n<meta name=\"twitter:label1\" content=\"Written by\" \/>\n\t<meta name=\"twitter:data1\" content=\"Monica Buck\" \/>\n\t<meta name=\"twitter:label2\" content=\"Est. reading time\" \/>\n\t<meta name=\"twitter:data2\" content=\"4\" \/>\n<script type=\"application\/ld+json\" class=\"yoast-schema-graph\">{\"@context\":\"https:\/\/schema.org\",\"@graph\":[{\"@type\":\"WebPage\",\"@id\":\"https:\/\/www.welovecycling.com\/hu\/orszaguti-kerekpar\/chris-froome-az-volt-a-legnehezebb-hogy-ujra-meg-kellett-tanulnom-jarni\/\",\"url\":\"https:\/\/www.welovecycling.com\/hu\/orszaguti-kerekpar\/chris-froome-az-volt-a-legnehezebb-hogy-ujra-meg-kellett-tanulnom-jarni\/\",\"name\":\"Chris Froome: \u201eAz volt a legnehezebb, hogy \u00fajra meg kellett tanulnom j\u00e1rni\u201d - \u0160koda We Love Cycling - Magyarorsz\u00e1g\",\"isPartOf\":{\"@id\":\"https:\/\/www.welovecycling.com\/hu\/#website\"},\"primaryImageOfPage\":{\"@id\":\"https:\/\/www.welovecycling.com\/hu\/orszaguti-kerekpar\/chris-froome-az-volt-a-legnehezebb-hogy-ujra-meg-kellett-tanulnom-jarni\/#primaryimage\"},\"image\":{\"@id\":\"https:\/\/www.welovecycling.com\/hu\/orszaguti-kerekpar\/chris-froome-az-volt-a-legnehezebb-hogy-ujra-meg-kellett-tanulnom-jarni\/#primaryimage\"},\"thumbnailUrl\":\"https:\/\/d2p6e6u75xmxt8.cloudfront.net\/12\/2020\/03\/Chris-Froome-CVR-profimedia-0500939879.jpg\",\"datePublished\":\"2020-03-11T07:00:16+00:00\",\"author\":{\"@id\":\"https:\/\/www.welovecycling.com\/hu\/#\/schema\/person\/414a2aebf1801691a5320edb6468e194\"},\"breadcrumb\":{\"@id\":\"https:\/\/www.welovecycling.com\/hu\/orszaguti-kerekpar\/chris-froome-az-volt-a-legnehezebb-hogy-ujra-meg-kellett-tanulnom-jarni\/#breadcrumb\"},\"inLanguage\":\"hu\",\"potentialAction\":[{\"@type\":\"ReadAction\",\"target\":[\"https:\/\/www.welovecycling.com\/hu\/orszaguti-kerekpar\/chris-froome-az-volt-a-legnehezebb-hogy-ujra-meg-kellett-tanulnom-jarni\/\"]}]},{\"@type\":\"ImageObject\",\"inLanguage\":\"hu\",\"@id\":\"https:\/\/www.welovecycling.com\/hu\/orszaguti-kerekpar\/chris-froome-az-volt-a-legnehezebb-hogy-ujra-meg-kellett-tanulnom-jarni\/#primaryimage\",\"url\":\"https:\/\/d2p6e6u75xmxt8.cloudfront.net\/12\/2020\/03\/Chris-Froome-CVR-profimedia-0500939879.jpg\",\"contentUrl\":\"https:\/\/d2p6e6u75xmxt8.cloudfront.net\/12\/2020\/03\/Chris-Froome-CVR-profimedia-0500939879.jpg\",\"width\":1366,\"height\":600},{\"@type\":\"BreadcrumbList\",\"@id\":\"https:\/\/www.welovecycling.com\/hu\/orszaguti-kerekpar\/chris-froome-az-volt-a-legnehezebb-hogy-ujra-meg-kellett-tanulnom-jarni\/#breadcrumb\",\"itemListElement\":[{\"@type\":\"ListItem\",\"position\":1,\"name\":\"Home\",\"item\":\"https:\/\/www.welovecycling.com\/hu\/\"},{\"@type\":\"ListItem\",\"position\":2,\"name\":\"Chris Froome: \u201eAz volt a legnehezebb, hogy \u00fajra meg kellett tanulnom j\u00e1rni\u201d\"}]},{\"@type\":\"WebSite\",\"@id\":\"https:\/\/www.welovecycling.com\/hu\/#website\",\"url\":\"https:\/\/www.welovecycling.com\/hu\/\",\"name\":\"\u0160koda We Love Cycling - Magyarorsz\u00e1g\",\"description\":\"\u0160koda WeLoveCycling\",\"potentialAction\":[{\"@type\":\"SearchAction\",\"target\":{\"@type\":\"EntryPoint\",\"urlTemplate\":\"https:\/\/www.welovecycling.com\/hu\/?s={search_term_string}\"},\"query-input\":{\"@type\":\"PropertyValueSpecification\",\"valueRequired\":true,\"valueName\":\"search_term_string\"}}],\"inLanguage\":\"hu\"},{\"@type\":\"Person\",\"@id\":\"https:\/\/www.welovecycling.com\/hu\/#\/schema\/person\/414a2aebf1801691a5320edb6468e194\",\"name\":\"hegyizs\",\"image\":{\"@type\":\"ImageObject\",\"inLanguage\":\"hu\",\"@id\":\"https:\/\/www.welovecycling.com\/hu\/#\/schema\/person\/image\/\",\"url\":\"https:\/\/secure.gravatar.com\/avatar\/02cf8a7906b8cf90cecb4679defac7cfd33a1c2e3b88e4903d947f3bb58eedd3?s=96&d=mm&r=g\",\"contentUrl\":\"https:\/\/secure.gravatar.com\/avatar\/02cf8a7906b8cf90cecb4679defac7cfd33a1c2e3b88e4903d947f3bb58eedd3?s=96&d=mm&r=g\",\"caption\":\"hegyizs\"},\"url\":\"https:\/\/www.welovecycling.com\/hu\/author\/hegyizs\/\"}]}<\/script>\n<!-- \/ Yoast SEO Premium plugin. -->","yoast_head_json":{"title":"Chris Froome: \u201eAz volt a legnehezebb, hogy \u00fajra meg kellett tanulnom j\u00e1rni\u201d - \u0160koda We Love Cycling - Magyarorsz\u00e1g","robots":{"index":"index","follow":"follow","max-snippet":"max-snippet:-1","max-image-preview":"max-image-preview:large","max-video-preview":"max-video-preview:-1"},"canonical":"https:\/\/www.welovecycling.com\/hu\/orszaguti-kerekpar\/chris-froome-az-volt-a-legnehezebb-hogy-ujra-meg-kellett-tanulnom-jarni\/","og_locale":"hu_HU","og_type":"article","og_title":"Chris Froome: \u201eAz volt a legnehezebb, hogy \u00fajra meg kellett tanulnom j\u00e1rni\u201d","og_description":"A n\u00e9gyszeres Tour de France-bajnok a The Times-nak mes\u00e9lt a visszat\u00e9r\u00e9sr\u0151l.","og_url":"https:\/\/www.welovecycling.com\/hu\/orszaguti-kerekpar\/chris-froome-az-volt-a-legnehezebb-hogy-ujra-meg-kellett-tanulnom-jarni\/","og_site_name":"\u0160koda We Love Cycling - Magyarorsz\u00e1g","article_publisher":"https:\/\/www.facebook.com\/WeLoveCyclingHungary\/","article_published_time":"2020-03-11T07:00:16+00:00","og_image":[{"width":1366,"height":600,"url":"https:\/\/d2p6e6u75xmxt8.cloudfront.net\/12\/2020\/03\/Chris-Froome-CVR-profimedia-0500939879.jpg","type":"image\/jpeg"}],"author":"hegyizs","twitter_card":"summary_large_image","twitter_misc":{"Written by":"Monica Buck","Est. reading time":"4"},"schema":{"@context":"https:\/\/schema.org","@graph":[{"@type":"WebPage","@id":"https:\/\/www.welovecycling.com\/hu\/orszaguti-kerekpar\/chris-froome-az-volt-a-legnehezebb-hogy-ujra-meg-kellett-tanulnom-jarni\/","url":"https:\/\/www.welovecycling.com\/hu\/orszaguti-kerekpar\/chris-froome-az-volt-a-legnehezebb-hogy-ujra-meg-kellett-tanulnom-jarni\/","name":"Chris Froome: \u201eAz volt a legnehezebb, hogy \u00fajra meg kellett tanulnom j\u00e1rni\u201d - \u0160koda We Love Cycling - Magyarorsz\u00e1g","isPartOf":{"@id":"https:\/\/www.welovecycling.com\/hu\/#website"},"primaryImageOfPage":{"@id":"https:\/\/www.welovecycling.com\/hu\/orszaguti-kerekpar\/chris-froome-az-volt-a-legnehezebb-hogy-ujra-meg-kellett-tanulnom-jarni\/#primaryimage"},"image":{"@id":"https:\/\/www.welovecycling.com\/hu\/orszaguti-kerekpar\/chris-froome-az-volt-a-legnehezebb-hogy-ujra-meg-kellett-tanulnom-jarni\/#primaryimage"},"thumbnailUrl":"https:\/\/d2p6e6u75xmxt8.cloudfront.net\/12\/2020\/03\/Chris-Froome-CVR-profimedia-0500939879.jpg","datePublished":"2020-03-11T07:00:16+00:00","author":{"@id":"https:\/\/www.welovecycling.com\/hu\/#\/schema\/person\/414a2aebf1801691a5320edb6468e194"},"breadcrumb":{"@id":"https:\/\/www.welovecycling.com\/hu\/orszaguti-kerekpar\/chris-froome-az-volt-a-legnehezebb-hogy-ujra-meg-kellett-tanulnom-jarni\/#breadcrumb"},"inLanguage":"hu","potentialAction":[{"@type":"ReadAction","target":["https:\/\/www.welovecycling.com\/hu\/orszaguti-kerekpar\/chris-froome-az-volt-a-legnehezebb-hogy-ujra-meg-kellett-tanulnom-jarni\/"]}]},{"@type":"ImageObject","inLanguage":"hu","@id":"https:\/\/www.welovecycling.com\/hu\/orszaguti-kerekpar\/chris-froome-az-volt-a-legnehezebb-hogy-ujra-meg-kellett-tanulnom-jarni\/#primaryimage","url":"https:\/\/d2p6e6u75xmxt8.cloudfront.net\/12\/2020\/03\/Chris-Froome-CVR-profimedia-0500939879.jpg","contentUrl":"https:\/\/d2p6e6u75xmxt8.cloudfront.net\/12\/2020\/03\/Chris-Froome-CVR-profimedia-0500939879.jpg","width":1366,"height":600},{"@type":"BreadcrumbList","@id":"https:\/\/www.welovecycling.com\/hu\/orszaguti-kerekpar\/chris-froome-az-volt-a-legnehezebb-hogy-ujra-meg-kellett-tanulnom-jarni\/#breadcrumb","itemListElement":[{"@type":"ListItem","position":1,"name":"Home","item":"https:\/\/www.welovecycling.com\/hu\/"},{"@type":"ListItem","position":2,"name":"Chris Froome: \u201eAz volt a legnehezebb, hogy \u00fajra meg kellett tanulnom j\u00e1rni\u201d"}]},{"@type":"WebSite","@id":"https:\/\/www.welovecycling.com\/hu\/#website","url":"https:\/\/www.welovecycling.com\/hu\/","name":"\u0160koda We Love Cycling - Magyarorsz\u00e1g","description":"\u0160koda WeLoveCycling","potentialAction":[{"@type":"SearchAction","target":{"@type":"EntryPoint","urlTemplate":"https:\/\/www.welovecycling.com\/hu\/?s={search_term_string}"},"query-input":{"@type":"PropertyValueSpecification","valueRequired":true,"valueName":"search_term_string"}}],"inLanguage":"hu"},{"@type":"Person","@id":"https:\/\/www.welovecycling.com\/hu\/#\/schema\/person\/414a2aebf1801691a5320edb6468e194","name":"hegyizs","image":{"@type":"ImageObject","inLanguage":"hu","@id":"https:\/\/www.welovecycling.com\/hu\/#\/schema\/person\/image\/","url":"https:\/\/secure.gravatar.com\/avatar\/02cf8a7906b8cf90cecb4679defac7cfd33a1c2e3b88e4903d947f3bb58eedd3?s=96&d=mm&r=g","contentUrl":"https:\/\/secure.gravatar.com\/avatar\/02cf8a7906b8cf90cecb4679defac7cfd33a1c2e3b88e4903d947f3bb58eedd3?s=96&d=mm&r=g","caption":"hegyizs"},"url":"https:\/\/www.welovecycling.com\/hu\/author\/hegyizs\/"}]}},"_links":{"self":[{"href":"https:\/\/www.welovecycling.com\/hu\/wp-json\/wp\/v2\/posts\/6988","targetHints":{"allow":["GET"]}}],"collection":[{"href":"https:\/\/www.welovecycling.com\/hu\/wp-json\/wp\/v2\/posts"}],"about":[{"href":"https:\/\/www.welovecycling.com\/hu\/wp-json\/wp\/v2\/types\/post"}],"author":[{"embeddable":true,"href":"https:\/\/www.welovecycling.com\/hu\/wp-json\/wp\/v2\/users\/71"}],"replies":[{"embeddable":true,"href":"https:\/\/www.welovecycling.com\/hu\/wp-json\/wp\/v2\/comments?post=6988"}],"version-history":[{"count":1,"href":"https:\/\/www.welovecycling.com\/hu\/wp-json\/wp\/v2\/posts\/6988\/revisions"}],"predecessor-version":[{"id":7014,"href":"https:\/\/www.welovecycling.com\/hu\/wp-json\/wp\/v2\/posts\/6988\/revisions\/7014"}],"wp:featuredmedia":[{"embeddable":true,"href":"https:\/\/www.welovecycling.com\/hu\/wp-json\/wp\/v2\/media\/6990"}],"wp:attachment":[{"href":"https:\/\/www.welovecycling.com\/hu\/wp-json\/wp\/v2\/media?parent=6988"}],"wp:term":[{"taxonomy":"category","embeddable":true,"href":"https:\/\/www.welovecycling.com\/hu\/wp-json\/wp\/v2\/categories?post=6988"},{"taxonomy":"post_tag","embeddable":true,"href":"https:\/\/www.welovecycling.com\/hu\/wp-json\/wp\/v2\/tags?post=6988"},{"taxonomy":"global-categories","embeddable":true,"href":"https:\/\/www.welovecycling.com\/hu\/wp-json\/wp\/v2\/global-categories?post=6988"}],"curies":[{"name":"wp","href":"https:\/\/api.w.org\/{rel}","templated":true}]}}