{"id":6957,"date":"2020-03-08T08:00:30","date_gmt":"2020-03-08T07:00:30","guid":{"rendered":"https:\/\/www.welovecycling.com\/hu\/?p=6957"},"modified":"2020-02-28T14:19:33","modified_gmt":"2020-02-28T13:19:33","slug":"biciklivel-europan-at-csehorszagtol-japanig-5-tortenet-2-tanulsag","status":"publish","type":"post","link":"https:\/\/www.welovecycling.com\/hu\/trekking-mtb\/biciklivel-europan-at-csehorszagtol-japanig-5-tortenet-2-tanulsag\/","title":{"rendered":"Biciklivel Eur\u00f3p\u00e1n \u00e1t, Csehorsz\u00e1gt\u00f3l Jap\u00e1nig: 5 t\u00f6rt\u00e9net, 2 tanuls\u00e1g"},"content":{"rendered":"<p><strong>Jan Zdansk \u00e1tszelte Amerik\u00e1t, \u00e1tk\u00fczd\u00f6tte mag\u00e1t a Himal\u00e1j\u00e1n, megpr\u00f3b\u00e1lt \u00e1tkelni a Bajk\u00e1l-tavon, \u00e9s n\u00e9h\u00e1ny h\u00e9t alatt eljutott Csehorsz\u00e1gb\u00f3l Toki\u00f3ba is. Biciklin.<\/strong><!--more--><\/p>\n<h2><strong>A legideg\u00f6l\u0151bb felszerel\u00e9s-baki\u2026<\/strong><\/h2>\n<p><em>\u201eAmikor sz\u00f3 szerint az \u00e9leted f\u00fcgg a felszerel\u00e9sedt\u0151l, mindent megteszel, hogy az \u00f6sszes hibalehet\u0151s\u00e9get kiiktasd. Az apr\u00f3l\u00e9kos szervizel\u00e9s ellen\u00e9re, bek\u00f6vetkezett a baj: az alum\u00ednium v\u00e1z egyszer\u0171en elt\u00f6rt, amikor Amerik\u00e1ban tekertem. Megviselhette a legut\u00f3bbi Eur\u00f3pa \u2013 Jap\u00e1n t\u00fara, de a reped\u00e9sre nem sz\u00e1m\u00edtottam. Hirtelen ott \u00e1lltam a semmi k\u00f6zep\u00e9n, \u00e9s \u00e9get\u0151 sz\u00fcks\u00e9gem lett volna valakire, akin\u00e9l van egy hegeszt\u0151g\u00e9p \u00e9s megjav\u00edtan\u00e1 szomor\u00fa ker\u00e9kp\u00e1rom. Szerencs\u00e9re az USA egy j\u00f3 hely, tele j\u00f3 emberekkel. Egy benzink\u00faton \u00e9szrevett\u00e9k a reped\u00e9st, amikor meg\u00e1lltam megk\u00e9rdezni, tudnak-e a k\u00f6zelben szakembert. Senki nem volt a k\u00f6rny\u00e9ken, aki seg\u00edthetett volna, de a benzinkutas egy bar\u00e1tja elvitt a legk\u00f6zelebbi ker\u00e9kp\u00e1r \u00fczletbe. Ugyan \u0151k sem tudt\u00e1k, mit tehetn\u00e9nek, egy v\u00e1s\u00e1rl\u00f3 viszont egy hegeszt\u0151 j\u00f3 bar\u00e1tj\u00e1nak bizonyult. Amikor meg\u00e9rkezt\u00fcnk a szakember gar\u00e1zs\u00e1ba, kider\u00fclt, hogy a hegeszt\u0151g\u00e9p \u00e9pp elromlott, de elint\u00e9zett n\u00e9h\u00e1ny telefont, \u00e9s m\u00e1r mehett\u00fcnk is egy m\u00e1sik m\u0171helybe. V\u00e9g\u00fcl t\u00f6bb mint 10 ember bevon\u00e1s\u00e1val siker\u00fclt megjav\u00edtani a bring\u00e1m. Mindenki boldogan seg\u00edtett. Le voltam ny\u0171g\u00f6zve!\u201d<\/em><\/p>\n<p><img loading=\"lazy\" decoding=\"async\" class=\"alignnone size-full wp-image-6958\" src=\"https:\/\/d2p6e6u75xmxt8.cloudfront.net\/12\/2020\/02\/Jan-Zdansky-1.jpg\" alt=\"\" width=\"1024\" height=\"683\" srcset=\"https:\/\/d2p6e6u75xmxt8.cloudfront.net\/12\/2020\/02\/Jan-Zdansky-1.jpg 1024w, https:\/\/d2p6e6u75xmxt8.cloudfront.net\/12\/2020\/02\/Jan-Zdansky-1-300x200.jpg 300w, https:\/\/d2p6e6u75xmxt8.cloudfront.net\/12\/2020\/02\/Jan-Zdansky-1-768x512.jpg 768w, https:\/\/d2p6e6u75xmxt8.cloudfront.net\/12\/2020\/02\/Jan-Zdansky-1-272x182.jpg 272w\" sizes=\"auto, (max-width: 1024px) 100vw, 1024px\" \/><\/p>\n<div id='gallery-1' class='gallery galleryid-6957 gallery-columns-2 gallery-size-medium'><figure class='gallery-item'>\n\t\t\t<div class='gallery-icon landscape'>\n\t\t\t\t<a href='https:\/\/d2p6e6u75xmxt8.cloudfront.net\/12\/2020\/02\/Jan-Zdansky-6.jpg'><img loading=\"lazy\" decoding=\"async\" width=\"300\" height=\"200\" src=\"https:\/\/d2p6e6u75xmxt8.cloudfront.net\/12\/2020\/02\/Jan-Zdansky-6-300x200.jpg\" class=\"attachment-medium size-medium\" alt=\"\" srcset=\"https:\/\/d2p6e6u75xmxt8.cloudfront.net\/12\/2020\/02\/Jan-Zdansky-6-300x200.jpg 300w, https:\/\/d2p6e6u75xmxt8.cloudfront.net\/12\/2020\/02\/Jan-Zdansky-6-768x512.jpg 768w, https:\/\/d2p6e6u75xmxt8.cloudfront.net\/12\/2020\/02\/Jan-Zdansky-6.jpg 1024w, https:\/\/d2p6e6u75xmxt8.cloudfront.net\/12\/2020\/02\/Jan-Zdansky-6-272x182.jpg 272w\" sizes=\"auto, (max-width: 300px) 100vw, 300px\" \/><\/a>\n\t\t\t<\/div><\/figure><figure class='gallery-item'>\n\t\t\t<div class='gallery-icon landscape'>\n\t\t\t\t<a href='https:\/\/d2p6e6u75xmxt8.cloudfront.net\/12\/2020\/02\/Jan-Zdansky-5.jpg'><img loading=\"lazy\" decoding=\"async\" width=\"300\" height=\"200\" src=\"https:\/\/d2p6e6u75xmxt8.cloudfront.net\/12\/2020\/02\/Jan-Zdansky-5-300x200.jpg\" class=\"attachment-medium size-medium\" alt=\"\" srcset=\"https:\/\/d2p6e6u75xmxt8.cloudfront.net\/12\/2020\/02\/Jan-Zdansky-5-300x200.jpg 300w, https:\/\/d2p6e6u75xmxt8.cloudfront.net\/12\/2020\/02\/Jan-Zdansky-5-768x512.jpg 768w, https:\/\/d2p6e6u75xmxt8.cloudfront.net\/12\/2020\/02\/Jan-Zdansky-5.jpg 1024w, https:\/\/d2p6e6u75xmxt8.cloudfront.net\/12\/2020\/02\/Jan-Zdansky-5-272x182.jpg 272w\" sizes=\"auto, (max-width: 300px) 100vw, 300px\" \/><\/a>\n\t\t\t<\/div><\/figure>\n\t\t<\/div>\n\n<h2><strong>A legborzalmasabb hideg, amit valaha tapasztaltam\u2026<\/strong><\/h2>\n<p><em>\u201e2015-ben nekiv\u00e1gtam a befagyott Bajk\u00e1l-t\u00f3nak Oroszorsz\u00e1gban, egy speci\u00e1lisan kialak\u00edtott triciklin. Szib\u00e9ria nem v\u00e9letlen\u00fcl h\u00edrhedt zord id\u0151j\u00e1r\u00e1s\u00e1r\u00f3l: a h\u0151m\u00e9rs\u00e9klet -30 fok al\u00e1 is eshet. Kim\u00e1szni reggel a s\u00e1torb\u00f3l, csak hogy engedjek a term\u00e9szet h\u00edv\u00e1s\u00e1nak, ez volt a legnagyobb kih\u00edv\u00e1som valaha.\u201d<\/em><\/p>\n<h2><strong>Amikor legjobban f\u00e9ltem\u2026<\/strong><\/h2>\n<p><em>\u201eSzint\u00e9n a Bajk\u00e1l-t\u00f3n\u00e1l. Az volt a probl\u00e9ma, hogy rossz \u00e9vet v\u00e1lasztottam erre a kalandra. A t\u00f3 nem volt teljesen befagyva, \u00e9s reped\u00e9seket kellett ker\u00fclgetnem. \u00d6sszess\u00e9g\u00e9ben a j\u00e9gtakar\u00f3 v\u00e9kony volt \u00e9s vesz\u00e9lyes. A hatalmas j\u00e9gt\u00f6mb\u00f6k \u00e9l\u0151 szervezetre eml\u00e9keztettek. Minden mozgott \u00e9s ijeszt\u0151 hangokat hallottam a l\u00e1bam al\u00f3l. A legrosszabb pillanat az volt, amikor f\u00f6ldreng\u00e9s \u00e9rt utol a t\u00f3 k\u00f6zep\u00e9n. J\u00f3 n\u00e9h\u00e1ny rezg\u00e9s ut\u00e1n \u00e9n is berezeltem. V\u00e9g\u00fcl a kimer\u00fcl\u00e9s \u00e9s az \u00e9telhi\u00e1ny miatt 10 nap ut\u00e1n feladtam.&#8221;<\/em><\/p>\n<p><img loading=\"lazy\" decoding=\"async\" class=\"alignnone size-full wp-image-6959\" src=\"https:\/\/d2p6e6u75xmxt8.cloudfront.net\/12\/2020\/02\/Jna-Zdansky-Baikal.jpg\" alt=\"\" width=\"1024\" height=\"576\" srcset=\"https:\/\/d2p6e6u75xmxt8.cloudfront.net\/12\/2020\/02\/Jna-Zdansky-Baikal.jpg 1024w, https:\/\/d2p6e6u75xmxt8.cloudfront.net\/12\/2020\/02\/Jna-Zdansky-Baikal-300x169.jpg 300w, https:\/\/d2p6e6u75xmxt8.cloudfront.net\/12\/2020\/02\/Jna-Zdansky-Baikal-768x432.jpg 768w\" sizes=\"auto, (max-width: 1024px) 100vw, 1024px\" \/><\/p>\n<h2><strong>Amikor legink\u00e1bb kimer\u00fcltem\u2026<\/strong><\/h2>\n<p><em>\u201eTeljesen kif\u00e1radtam els\u0151 bring\u00e1s kalandom sor\u00e1n, mely a Himal\u00e1j\u00e1hoz vezetett, \u00e9s a Martha-v\u00f6lgyet kellett k\u00f6zben \u00e1tszelnem. Azt mondt\u00e1k, \u00e9n voltam az els\u0151 montis, aki nekiindult ennek az \u00fatnak. J\u00f3l indultak a dolgok, de azt\u00e1n er\u0151t vett rajtam a hegyibetegs\u00e9g, amikor a Konmar emelked\u0151j\u00e9n m\u00e1sztam felfel\u00e9 (5130 m). A rosszull\u00e9t miatt le kellett t\u00e1boroznom \u00e9jszak\u00e1ra. M\u00e1snap reggel m\u00e9g mindig k\u00e9ptelen voltam fel\u00fclni a nyeregbe. Magam el\u0151tt toltam a ker\u00e9kp\u00e1rom, minden 10 l\u00e9p\u00e9s ut\u00e1n meg kellett \u00e1llnom pihenni, hogy leveg\u0151h\u00f6z jussak. Ezen a ponton, azt hittem nem leszek k\u00e9pes tov\u00e1bbmenni, de v\u00e9g\u00fcl t\u00faljutottam a neh\u00e9zs\u00e9geken \u00e9s 80 km-et haladtam aznap.\u201d<\/em><\/p>\n<h2><strong>A legv\u00e1ratlanabb seg\u00edts\u00e9g\u2026<\/strong><\/h2>\n<p><em>\u201eSz\u00e1mos napot elt\u00f6lt\u00f6ttem Nyugat-Kazahszt\u00e1n sivatagaiban, amikor \u00c1zsi\u00e1n keltem \u00e1t. Ez egy hatalmas ugar, ahol az \u00e9tel-, \u00e9s italer\u0151forr\u00e1sok is sz\u0171k\u00f6sek \u00e9s k\u00e9t nap alatt jutsz el egyik falub\u00f3l a m\u00e1sikba. M\u00e9g ma is eml\u00e9kszem az \u00e9hs\u00e9gre \u00e9s a szomj\u00fas\u00e1gra, amit akkor \u00e9reztem. Hab\u00e1r nem t\u00f6bb, mint k\u00e9t aut\u00f3 ment el mellettem naponta, minden egyes sof\u0151r meg\u00e1llt, \u00e9s friss vizet adott. N\u00e9lk\u00fcl\u00fck nem is jutottam volna el a c\u00e9lig\u2026\u201d<\/em><\/p>\n<p><img loading=\"lazy\" decoding=\"async\" class=\"alignnone size-full wp-image-6960\" src=\"https:\/\/d2p6e6u75xmxt8.cloudfront.net\/12\/2020\/02\/Jan-Zdansky-4.jpg\" alt=\"\" width=\"1024\" height=\"576\" srcset=\"https:\/\/d2p6e6u75xmxt8.cloudfront.net\/12\/2020\/02\/Jan-Zdansky-4.jpg 1024w, https:\/\/d2p6e6u75xmxt8.cloudfront.net\/12\/2020\/02\/Jan-Zdansky-4-300x169.jpg 300w, https:\/\/d2p6e6u75xmxt8.cloudfront.net\/12\/2020\/02\/Jan-Zdansky-4-768x432.jpg 768w\" sizes=\"auto, (max-width: 1024px) 100vw, 1024px\" \/><\/p>\n<div id='gallery-2' class='gallery galleryid-6957 gallery-columns-2 gallery-size-large'><figure class='gallery-item'>\n\t\t\t<div class='gallery-icon landscape'>\n\t\t\t\t<a href='https:\/\/d2p6e6u75xmxt8.cloudfront.net\/12\/2020\/02\/Jan-Zdansky-3.jpg'><img loading=\"lazy\" decoding=\"async\" width=\"1024\" height=\"576\" src=\"https:\/\/d2p6e6u75xmxt8.cloudfront.net\/12\/2020\/02\/Jan-Zdansky-3-1024x576.jpg\" class=\"attachment-large size-large\" alt=\"\" srcset=\"https:\/\/d2p6e6u75xmxt8.cloudfront.net\/12\/2020\/02\/Jan-Zdansky-3.jpg 1024w, https:\/\/d2p6e6u75xmxt8.cloudfront.net\/12\/2020\/02\/Jan-Zdansky-3-300x169.jpg 300w, https:\/\/d2p6e6u75xmxt8.cloudfront.net\/12\/2020\/02\/Jan-Zdansky-3-768x432.jpg 768w\" sizes=\"auto, (max-width: 1024px) 100vw, 1024px\" \/><\/a>\n\t\t\t<\/div><\/figure><figure class='gallery-item'>\n\t\t\t<div class='gallery-icon landscape'>\n\t\t\t\t<a href='https:\/\/d2p6e6u75xmxt8.cloudfront.net\/12\/2020\/02\/Jan-Zdansky-2.jpg'><img loading=\"lazy\" decoding=\"async\" width=\"1024\" height=\"576\" src=\"https:\/\/d2p6e6u75xmxt8.cloudfront.net\/12\/2020\/02\/Jan-Zdansky-2-1024x576.jpg\" class=\"attachment-large size-large\" alt=\"\" srcset=\"https:\/\/d2p6e6u75xmxt8.cloudfront.net\/12\/2020\/02\/Jan-Zdansky-2.jpg 1024w, https:\/\/d2p6e6u75xmxt8.cloudfront.net\/12\/2020\/02\/Jan-Zdansky-2-300x169.jpg 300w, https:\/\/d2p6e6u75xmxt8.cloudfront.net\/12\/2020\/02\/Jan-Zdansky-2-768x432.jpg 768w\" sizes=\"auto, (max-width: 1024px) 100vw, 1024px\" \/><\/a>\n\t\t\t<\/div><\/figure>\n\t\t<\/div>\n\n<h2><strong>Min\u00e9l kevesebb s\u00falyt!<\/strong><\/h2>\n<p><em>\u201eA felszerel\u00e9s mennyis\u00e9ge \u00e9s \u00f6sszess\u00e9g\u00e9ben a s\u00faly kritikus pont, ha vil\u00e1g k\u00f6r\u00fcli t\u00far\u00e1ra indulsz. Megpr\u00f3b\u00e1ltam a lehet\u0151 legkevesebb cuccot \u00f6sszepakolni, hogy k\u00f6nnyen tudjak haladni. V\u00edzsz\u0171r\u0151t haszn\u00e1lok, hogy ne kelljen neh\u00e9z palackokat cipelnem. S\u00e1tor helyett egy ponyv\u00e1t viszek magammal, amely egy k\u00f6nny\u0171, er\u0151s, rugalmas \u00e9s v\u00edz\u00e1ll\u00f3 anyagb\u00f3l k\u00e9sz\u00fclt, alja viszont nincs. A k\u00e9nyelmet a h\u00e1l\u00f3zs\u00e1k biztos\u00edtja, \u00e9s ink\u00e1bb mosok \u00fatk\u00f6zben, hogy ne kelljen sok ruh\u00e1t pakolnom.\u201d<\/em><\/p>\n<h2><strong>A legjobb tan\u00e1cs, amit adhatok\u2026<\/strong><\/h2>\n<p><em>\u201eFigyelj oda arra, mit pr\u00f3b\u00e1l neked \u00fczenni a tested. Ha pihen\u00e9sre van sz\u00fcks\u00e9ge, ne hezit\u00e1lj! Soha ne hagyd ki az alapvet\u0151 intimhigi\u00e9nai ritu\u00e1l\u00e9kat, hiszen eg\u00e9sz nap nyeregben kell \u00fcln\u00f6d. Tervez\u00e9s tekintet\u00e9ben, \u00e1ltal\u00e1ban helyi bring\u00e1sokat keresek fel. Ha egy idegen helyen \u00e9jszak\u00e1zol, ne h\u00edvd fel magadra a figyelmet. A legfontosabb pedig, hogy menj \u00e9s csin\u00e1ld, mert a legrosszabb t\u00far\u00e1k azok, amiken nem indulsz el.\u201d<\/em><\/p>\n<p>Jant <a href=\"https:\/\/www.instagram.com\/janzdansky\/\" target=\"_blank\" rel=\"noopener\">itt<\/a> k\u00f6vetheted Instagramon.<\/p>\n","protected":false},"excerpt":{"rendered":"<p>Jan Zdansk \u00e1tszelte Amerik\u00e1t, \u00e1tk\u00fczd\u00f6tte mag\u00e1t a Himal\u00e1j\u00e1n, megpr\u00f3b\u00e1lt \u00e1tkelni a Bajk\u00e1l-tavon, \u00e9s n\u00e9h\u00e1ny h\u00e9t alatt eljutott Csehorsz\u00e1gb\u00f3l Toki\u00f3ba is. [&hellip;]<\/p>\n","protected":false},"author":71,"featured_media":6962,"comment_status":"open","ping_status":"open","sticky":false,"template":"","format":"standard","meta":{"footnotes":""},"categories":[7],"tags":[],"global-categories":[],"class_list":["post-6957","post","type-post","status-publish","format-standard","has-post-thumbnail","hentry","category-trekking-mtb"],"yoast_head":"<!-- This site is optimized with the Yoast SEO Premium plugin v25.3 (Yoast SEO v25.9) - https:\/\/yoast.com\/wordpress\/plugins\/seo\/ -->\n<title>Biciklivel Eur\u00f3p\u00e1n \u00e1t, Csehorsz\u00e1gt\u00f3l Jap\u00e1nig: 5 t\u00f6rt\u00e9net, 2 tanuls\u00e1g - \u0160koda We Love Cycling - Magyarorsz\u00e1g<\/title>\n<meta name=\"robots\" content=\"index, follow, max-snippet:-1, max-image-preview:large, max-video-preview:-1\" \/>\n<link rel=\"canonical\" href=\"https:\/\/www.welovecycling.com\/hu\/trekking-mtb\/biciklivel-europan-at-csehorszagtol-japanig-5-tortenet-2-tanulsag\/\" \/>\n<meta property=\"og:locale\" content=\"hu_HU\" \/>\n<meta property=\"og:type\" content=\"article\" \/>\n<meta property=\"og:title\" content=\"Biciklivel Eur\u00f3p\u00e1n \u00e1t, Csehorsz\u00e1gt\u00f3l Jap\u00e1nig: 5 t\u00f6rt\u00e9net, 2 tanuls\u00e1g\" \/>\n<meta property=\"og:description\" content=\"Jan Zdansk \u00e1tszelte Amerik\u00e1t, \u00e1tk\u00fczd\u00f6tte mag\u00e1t a Himal\u00e1j\u00e1n, megpr\u00f3b\u00e1lt \u00e1tkelni a Bajk\u00e1l-tavon, \u00e9s n\u00e9h\u00e1ny h\u00e9t alatt eljutott Csehorsz\u00e1gb\u00f3l Toki\u00f3ba is. [&hellip;]\" \/>\n<meta property=\"og:url\" content=\"https:\/\/www.welovecycling.com\/hu\/trekking-mtb\/biciklivel-europan-at-csehorszagtol-japanig-5-tortenet-2-tanulsag\/\" \/>\n<meta property=\"og:site_name\" content=\"\u0160koda We Love Cycling - Magyarorsz\u00e1g\" \/>\n<meta property=\"article:publisher\" content=\"https:\/\/www.facebook.com\/WeLoveCyclingHungary\/\" \/>\n<meta property=\"article:published_time\" content=\"2020-03-08T07:00:30+00:00\" \/>\n<meta property=\"og:image\" content=\"https:\/\/d2p6e6u75xmxt8.cloudfront.net\/12\/2020\/02\/Jan-Zdansky-CVR.jpg\" \/>\n\t<meta property=\"og:image:width\" content=\"1366\" \/>\n\t<meta property=\"og:image:height\" content=\"600\" \/>\n\t<meta property=\"og:image:type\" content=\"image\/jpeg\" \/>\n<meta name=\"author\" content=\"hegyizs\" \/>\n<meta name=\"twitter:card\" content=\"summary_large_image\" \/>\n<meta name=\"twitter:label1\" content=\"Written by\" \/>\n\t<meta name=\"twitter:data1\" content=\"Adam Marsal\" \/>\n\t<meta name=\"twitter:label2\" content=\"Est. reading time\" \/>\n\t<meta name=\"twitter:data2\" content=\"7\" \/>\n<script type=\"application\/ld+json\" class=\"yoast-schema-graph\">{\"@context\":\"https:\/\/schema.org\",\"@graph\":[{\"@type\":\"WebPage\",\"@id\":\"https:\/\/www.welovecycling.com\/hu\/trekking-mtb\/biciklivel-europan-at-csehorszagtol-japanig-5-tortenet-2-tanulsag\/\",\"url\":\"https:\/\/www.welovecycling.com\/hu\/trekking-mtb\/biciklivel-europan-at-csehorszagtol-japanig-5-tortenet-2-tanulsag\/\",\"name\":\"Biciklivel Eur\u00f3p\u00e1n \u00e1t, Csehorsz\u00e1gt\u00f3l Jap\u00e1nig: 5 t\u00f6rt\u00e9net, 2 tanuls\u00e1g - \u0160koda We Love Cycling - Magyarorsz\u00e1g\",\"isPartOf\":{\"@id\":\"https:\/\/www.welovecycling.com\/hu\/#website\"},\"primaryImageOfPage\":{\"@id\":\"https:\/\/www.welovecycling.com\/hu\/trekking-mtb\/biciklivel-europan-at-csehorszagtol-japanig-5-tortenet-2-tanulsag\/#primaryimage\"},\"image\":{\"@id\":\"https:\/\/www.welovecycling.com\/hu\/trekking-mtb\/biciklivel-europan-at-csehorszagtol-japanig-5-tortenet-2-tanulsag\/#primaryimage\"},\"thumbnailUrl\":\"https:\/\/d2p6e6u75xmxt8.cloudfront.net\/12\/2020\/02\/Jan-Zdansky-CVR.jpg\",\"datePublished\":\"2020-03-08T07:00:30+00:00\",\"author\":{\"@id\":\"https:\/\/www.welovecycling.com\/hu\/#\/schema\/person\/414a2aebf1801691a5320edb6468e194\"},\"breadcrumb\":{\"@id\":\"https:\/\/www.welovecycling.com\/hu\/trekking-mtb\/biciklivel-europan-at-csehorszagtol-japanig-5-tortenet-2-tanulsag\/#breadcrumb\"},\"inLanguage\":\"hu\",\"potentialAction\":[{\"@type\":\"ReadAction\",\"target\":[\"https:\/\/www.welovecycling.com\/hu\/trekking-mtb\/biciklivel-europan-at-csehorszagtol-japanig-5-tortenet-2-tanulsag\/\"]}]},{\"@type\":\"ImageObject\",\"inLanguage\":\"hu\",\"@id\":\"https:\/\/www.welovecycling.com\/hu\/trekking-mtb\/biciklivel-europan-at-csehorszagtol-japanig-5-tortenet-2-tanulsag\/#primaryimage\",\"url\":\"https:\/\/d2p6e6u75xmxt8.cloudfront.net\/12\/2020\/02\/Jan-Zdansky-CVR.jpg\",\"contentUrl\":\"https:\/\/d2p6e6u75xmxt8.cloudfront.net\/12\/2020\/02\/Jan-Zdansky-CVR.jpg\",\"width\":1366,\"height\":600},{\"@type\":\"BreadcrumbList\",\"@id\":\"https:\/\/www.welovecycling.com\/hu\/trekking-mtb\/biciklivel-europan-at-csehorszagtol-japanig-5-tortenet-2-tanulsag\/#breadcrumb\",\"itemListElement\":[{\"@type\":\"ListItem\",\"position\":1,\"name\":\"Home\",\"item\":\"https:\/\/www.welovecycling.com\/hu\/\"},{\"@type\":\"ListItem\",\"position\":2,\"name\":\"Biciklivel Eur\u00f3p\u00e1n \u00e1t, Csehorsz\u00e1gt\u00f3l Jap\u00e1nig: 5 t\u00f6rt\u00e9net, 2 tanuls\u00e1g\"}]},{\"@type\":\"WebSite\",\"@id\":\"https:\/\/www.welovecycling.com\/hu\/#website\",\"url\":\"https:\/\/www.welovecycling.com\/hu\/\",\"name\":\"\u0160koda We Love Cycling - Magyarorsz\u00e1g\",\"description\":\"\u0160koda WeLoveCycling\",\"potentialAction\":[{\"@type\":\"SearchAction\",\"target\":{\"@type\":\"EntryPoint\",\"urlTemplate\":\"https:\/\/www.welovecycling.com\/hu\/?s={search_term_string}\"},\"query-input\":{\"@type\":\"PropertyValueSpecification\",\"valueRequired\":true,\"valueName\":\"search_term_string\"}}],\"inLanguage\":\"hu\"},{\"@type\":\"Person\",\"@id\":\"https:\/\/www.welovecycling.com\/hu\/#\/schema\/person\/414a2aebf1801691a5320edb6468e194\",\"name\":\"hegyizs\",\"image\":{\"@type\":\"ImageObject\",\"inLanguage\":\"hu\",\"@id\":\"https:\/\/www.welovecycling.com\/hu\/#\/schema\/person\/image\/\",\"url\":\"https:\/\/secure.gravatar.com\/avatar\/02cf8a7906b8cf90cecb4679defac7cfd33a1c2e3b88e4903d947f3bb58eedd3?s=96&d=mm&r=g\",\"contentUrl\":\"https:\/\/secure.gravatar.com\/avatar\/02cf8a7906b8cf90cecb4679defac7cfd33a1c2e3b88e4903d947f3bb58eedd3?s=96&d=mm&r=g\",\"caption\":\"hegyizs\"},\"url\":\"https:\/\/www.welovecycling.com\/hu\/author\/hegyizs\/\"}]}<\/script>\n<!-- \/ Yoast SEO Premium plugin. -->","yoast_head_json":{"title":"Biciklivel Eur\u00f3p\u00e1n \u00e1t, Csehorsz\u00e1gt\u00f3l Jap\u00e1nig: 5 t\u00f6rt\u00e9net, 2 tanuls\u00e1g - \u0160koda We Love Cycling - Magyarorsz\u00e1g","robots":{"index":"index","follow":"follow","max-snippet":"max-snippet:-1","max-image-preview":"max-image-preview:large","max-video-preview":"max-video-preview:-1"},"canonical":"https:\/\/www.welovecycling.com\/hu\/trekking-mtb\/biciklivel-europan-at-csehorszagtol-japanig-5-tortenet-2-tanulsag\/","og_locale":"hu_HU","og_type":"article","og_title":"Biciklivel Eur\u00f3p\u00e1n \u00e1t, Csehorsz\u00e1gt\u00f3l Jap\u00e1nig: 5 t\u00f6rt\u00e9net, 2 tanuls\u00e1g","og_description":"Jan Zdansk \u00e1tszelte Amerik\u00e1t, \u00e1tk\u00fczd\u00f6tte mag\u00e1t a Himal\u00e1j\u00e1n, megpr\u00f3b\u00e1lt \u00e1tkelni a Bajk\u00e1l-tavon, \u00e9s n\u00e9h\u00e1ny h\u00e9t alatt eljutott Csehorsz\u00e1gb\u00f3l Toki\u00f3ba is. [&hellip;]","og_url":"https:\/\/www.welovecycling.com\/hu\/trekking-mtb\/biciklivel-europan-at-csehorszagtol-japanig-5-tortenet-2-tanulsag\/","og_site_name":"\u0160koda We Love Cycling - Magyarorsz\u00e1g","article_publisher":"https:\/\/www.facebook.com\/WeLoveCyclingHungary\/","article_published_time":"2020-03-08T07:00:30+00:00","og_image":[{"width":1366,"height":600,"url":"https:\/\/d2p6e6u75xmxt8.cloudfront.net\/12\/2020\/02\/Jan-Zdansky-CVR.jpg","type":"image\/jpeg"}],"author":"hegyizs","twitter_card":"summary_large_image","twitter_misc":{"Written by":"Adam Marsal","Est. reading time":"7"},"schema":{"@context":"https:\/\/schema.org","@graph":[{"@type":"WebPage","@id":"https:\/\/www.welovecycling.com\/hu\/trekking-mtb\/biciklivel-europan-at-csehorszagtol-japanig-5-tortenet-2-tanulsag\/","url":"https:\/\/www.welovecycling.com\/hu\/trekking-mtb\/biciklivel-europan-at-csehorszagtol-japanig-5-tortenet-2-tanulsag\/","name":"Biciklivel Eur\u00f3p\u00e1n \u00e1t, Csehorsz\u00e1gt\u00f3l Jap\u00e1nig: 5 t\u00f6rt\u00e9net, 2 tanuls\u00e1g - \u0160koda We Love Cycling - Magyarorsz\u00e1g","isPartOf":{"@id":"https:\/\/www.welovecycling.com\/hu\/#website"},"primaryImageOfPage":{"@id":"https:\/\/www.welovecycling.com\/hu\/trekking-mtb\/biciklivel-europan-at-csehorszagtol-japanig-5-tortenet-2-tanulsag\/#primaryimage"},"image":{"@id":"https:\/\/www.welovecycling.com\/hu\/trekking-mtb\/biciklivel-europan-at-csehorszagtol-japanig-5-tortenet-2-tanulsag\/#primaryimage"},"thumbnailUrl":"https:\/\/d2p6e6u75xmxt8.cloudfront.net\/12\/2020\/02\/Jan-Zdansky-CVR.jpg","datePublished":"2020-03-08T07:00:30+00:00","author":{"@id":"https:\/\/www.welovecycling.com\/hu\/#\/schema\/person\/414a2aebf1801691a5320edb6468e194"},"breadcrumb":{"@id":"https:\/\/www.welovecycling.com\/hu\/trekking-mtb\/biciklivel-europan-at-csehorszagtol-japanig-5-tortenet-2-tanulsag\/#breadcrumb"},"inLanguage":"hu","potentialAction":[{"@type":"ReadAction","target":["https:\/\/www.welovecycling.com\/hu\/trekking-mtb\/biciklivel-europan-at-csehorszagtol-japanig-5-tortenet-2-tanulsag\/"]}]},{"@type":"ImageObject","inLanguage":"hu","@id":"https:\/\/www.welovecycling.com\/hu\/trekking-mtb\/biciklivel-europan-at-csehorszagtol-japanig-5-tortenet-2-tanulsag\/#primaryimage","url":"https:\/\/d2p6e6u75xmxt8.cloudfront.net\/12\/2020\/02\/Jan-Zdansky-CVR.jpg","contentUrl":"https:\/\/d2p6e6u75xmxt8.cloudfront.net\/12\/2020\/02\/Jan-Zdansky-CVR.jpg","width":1366,"height":600},{"@type":"BreadcrumbList","@id":"https:\/\/www.welovecycling.com\/hu\/trekking-mtb\/biciklivel-europan-at-csehorszagtol-japanig-5-tortenet-2-tanulsag\/#breadcrumb","itemListElement":[{"@type":"ListItem","position":1,"name":"Home","item":"https:\/\/www.welovecycling.com\/hu\/"},{"@type":"ListItem","position":2,"name":"Biciklivel Eur\u00f3p\u00e1n \u00e1t, Csehorsz\u00e1gt\u00f3l Jap\u00e1nig: 5 t\u00f6rt\u00e9net, 2 tanuls\u00e1g"}]},{"@type":"WebSite","@id":"https:\/\/www.welovecycling.com\/hu\/#website","url":"https:\/\/www.welovecycling.com\/hu\/","name":"\u0160koda We Love Cycling - Magyarorsz\u00e1g","description":"\u0160koda WeLoveCycling","potentialAction":[{"@type":"SearchAction","target":{"@type":"EntryPoint","urlTemplate":"https:\/\/www.welovecycling.com\/hu\/?s={search_term_string}"},"query-input":{"@type":"PropertyValueSpecification","valueRequired":true,"valueName":"search_term_string"}}],"inLanguage":"hu"},{"@type":"Person","@id":"https:\/\/www.welovecycling.com\/hu\/#\/schema\/person\/414a2aebf1801691a5320edb6468e194","name":"hegyizs","image":{"@type":"ImageObject","inLanguage":"hu","@id":"https:\/\/www.welovecycling.com\/hu\/#\/schema\/person\/image\/","url":"https:\/\/secure.gravatar.com\/avatar\/02cf8a7906b8cf90cecb4679defac7cfd33a1c2e3b88e4903d947f3bb58eedd3?s=96&d=mm&r=g","contentUrl":"https:\/\/secure.gravatar.com\/avatar\/02cf8a7906b8cf90cecb4679defac7cfd33a1c2e3b88e4903d947f3bb58eedd3?s=96&d=mm&r=g","caption":"hegyizs"},"url":"https:\/\/www.welovecycling.com\/hu\/author\/hegyizs\/"}]}},"_links":{"self":[{"href":"https:\/\/www.welovecycling.com\/hu\/wp-json\/wp\/v2\/posts\/6957","targetHints":{"allow":["GET"]}}],"collection":[{"href":"https:\/\/www.welovecycling.com\/hu\/wp-json\/wp\/v2\/posts"}],"about":[{"href":"https:\/\/www.welovecycling.com\/hu\/wp-json\/wp\/v2\/types\/post"}],"author":[{"embeddable":true,"href":"https:\/\/www.welovecycling.com\/hu\/wp-json\/wp\/v2\/users\/71"}],"replies":[{"embeddable":true,"href":"https:\/\/www.welovecycling.com\/hu\/wp-json\/wp\/v2\/comments?post=6957"}],"version-history":[{"count":2,"href":"https:\/\/www.welovecycling.com\/hu\/wp-json\/wp\/v2\/posts\/6957\/revisions"}],"predecessor-version":[{"id":6977,"href":"https:\/\/www.welovecycling.com\/hu\/wp-json\/wp\/v2\/posts\/6957\/revisions\/6977"}],"wp:featuredmedia":[{"embeddable":true,"href":"https:\/\/www.welovecycling.com\/hu\/wp-json\/wp\/v2\/media\/6962"}],"wp:attachment":[{"href":"https:\/\/www.welovecycling.com\/hu\/wp-json\/wp\/v2\/media?parent=6957"}],"wp:term":[{"taxonomy":"category","embeddable":true,"href":"https:\/\/www.welovecycling.com\/hu\/wp-json\/wp\/v2\/categories?post=6957"},{"taxonomy":"post_tag","embeddable":true,"href":"https:\/\/www.welovecycling.com\/hu\/wp-json\/wp\/v2\/tags?post=6957"},{"taxonomy":"global-categories","embeddable":true,"href":"https:\/\/www.welovecycling.com\/hu\/wp-json\/wp\/v2\/global-categories?post=6957"}],"curies":[{"name":"wp","href":"https:\/\/api.w.org\/{rel}","templated":true}]}}