{"id":6944,"date":"2020-03-06T08:00:22","date_gmt":"2020-03-06T07:00:22","guid":{"rendered":"https:\/\/www.welovecycling.com\/hu\/?p=6944"},"modified":"2020-02-28T14:18:01","modified_gmt":"2020-02-28T13:18:01","slug":"a-rendorsegre-nem-szamithatott-visszalopta-bringajat","status":"publish","type":"post","link":"https:\/\/www.welovecycling.com\/hu\/varosi-kerekparozas\/a-rendorsegre-nem-szamithatott-visszalopta-bringajat\/","title":{"rendered":"A rend\u0151rs\u00e9gre nem sz\u00e1m\u00edthatott, visszalopta bring\u00e1j\u00e1t"},"content":{"rendered":"<p><strong>A Manchester Royal Infirmary k\u00f3rh\u00e1zi dolgoz\u00f3ja &#8211; aki azt k\u00e9rte, nev\u00e9t ne tegy\u00fck k\u00f6zz\u00e9 \u2013 14 \u00e9v alatt hatszor lett rabl\u00e1s \u00e1ldozata. Legut\u00f3bb mind\u00f6ssze n\u00e9h\u00e1ny hete, amikor 300 font \u00e9rt\u00e9k\u0171 bring\u00e1j\u00e1t k\u00f6t\u00f6tt\u00e9k el. B\u00e1r az esetet egy biztons\u00e1gi kamera r\u00f6gz\u00edtette, a rend\u0151rs\u00e9g m\u00e9gsem ind\u00edtott nyomoz\u00e1st. A n\u0151 azonban nem adta fel.<\/strong><!--more--><\/p>\n<p><em>\u201eA rend\u0151rs\u00e9g azt mondta, nincs el\u00e9g ember\u00fck, nem tudnak ezzel foglalkozni\u201d \u2013 eml\u00e9kezett vissza a tolvajl\u00e1s \u00e1ldozata. Le\u00fclt teh\u00e1t az eBay el\u00e9, \u00e9s \u00f6t nappal k\u00e9s\u0151bb r\u00e1 is tal\u00e1lt biciklij\u00e9re, amit 50 font\u00e9rt \u00e1rultak az oldalon. Ism\u00e9t felvette a kapcsolatot a hat\u00f3s\u00e1gokkal, de megint csal\u00f3dnia kellett. \u201eAzt mondt\u00e1k, felh\u00edvhatj\u00e1k az elad\u00f3t, de \u00fagyis el fog t\u0171nni\u2026 Megmondtam nekik, hogy ha \u0151k nem szerzik vissza, akkor majd \u00e9n fogom!\u201d<\/em><\/p>\n<figure id=\"attachment_6945\" aria-describedby=\"caption-attachment-6945\" style=\"width: 584px\" class=\"wp-caption alignnone\"><a href=\"https:\/\/d2p6e6u75xmxt8.cloudfront.net\/12\/2020\/02\/448784847.JPG.jpg\"><img loading=\"lazy\" decoding=\"async\" class=\"wp-image-6945 size-full\" src=\"https:\/\/d2p6e6u75xmxt8.cloudfront.net\/12\/2020\/02\/448784847.JPG.jpg\" alt=\"\" width=\"584\" height=\"843\" srcset=\"https:\/\/d2p6e6u75xmxt8.cloudfront.net\/12\/2020\/02\/448784847.JPG.jpg 584w, https:\/\/d2p6e6u75xmxt8.cloudfront.net\/12\/2020\/02\/448784847.JPG-208x300.jpg 208w\" sizes=\"auto, (max-width: 584px) 100vw, 584px\" \/><\/a><figcaption id=\"caption-attachment-6945\" class=\"wp-caption-text\">&#8220;<em>Megmondtam nekik, hogy ha \u0151k nem szerzik vissza, akkor majd \u00e9n fogom!<\/em> &#8220;<\/figcaption><\/figure>\n<p>A f\u00e9rje, a testv\u00e9re \u00e9s h\u00e1rom bar\u00e1tja k\u00eds\u00e9ret\u00e9ben tal\u00e1lkozott h\u00e1t az elad\u00f3val. Elk\u00e9rte egy pr\u00f3bak\u00f6rre a biciklit, biztos\u00edt\u00e9knak a tolvajn\u00e1l hagyta r\u00e9gi, \u00fcres k\u00e9zit\u00e1sk\u00e1j\u00e1t. Majd begurult egy parkol\u00f3 aut\u00f3 m\u00f6g\u00e9, hogy ne l\u00e1ssa az elad\u00f3, ahogy egyszer\u0171en kereket old. K\u00e9s\u0151bb a rend\u0151r\u00f6k t\u00f6bbsz\u00f6r is gratul\u00e1ltak neki telefonon.<\/p>\n<p><em>\u201eAz elveimnek megfelel\u0151en cselekedtem. Ez n\u00e1lam aranyszab\u00e1ly. Lehet, hogy ez csak egy bicikli, de az \u00e9n biciklim.\u201d<\/em><\/p>\n<p>A rend\u0151rs\u00e9g nem vallotta be, hogy megtagadta a seg\u00edts\u00e9gny\u00fajt\u00e1st, egyik kapcsolattart\u00f3juk azonban azzal magyar\u00e1zta a hi\u00e1nyoss\u00e1got, hogy vannak s\u00fcrget\u0151bb esetek is. <em>\u201eA b\u0171n\u00fcld\u00f6z\u00e9shez id\u0151 kell \u00e9s az er\u0151forr\u00e1sainkat \u00fagy osztjuk el, hogy a lehet\u0151 leghamarabb foglalkozhassunk minden esettel. Minden bejelent\u00e9sn\u00e9l m\u00e9rlegeln\u00fcnk kell, \u00e9s a fenyegetetts\u00e9get, az er\u0151szakoss\u00e1got \u00e9s a vesz\u00e9ly m\u00e9rt\u00e9k\u00e9t figyelembe v\u00e9ve prioriz\u00e1lunk.\u201d<\/em><\/p>\n<p>Szerinted helyesen cselekedett a k\u00e1rosult? Te bev\u00e1llaln\u00e1l egy ilyen helyzetet?<\/p>\n","protected":false},"excerpt":{"rendered":"<p>A Manchester Royal Infirmary k\u00f3rh\u00e1zi dolgoz\u00f3ja &#8211; aki azt k\u00e9rte, nev\u00e9t ne tegy\u00fck k\u00f6zz\u00e9 \u2013 14 \u00e9v alatt hatszor lett [&hellip;]<\/p>\n","protected":false},"author":71,"featured_media":6947,"comment_status":"open","ping_status":"open","sticky":false,"template":"","format":"standard","meta":{"footnotes":""},"categories":[9],"tags":[],"global-categories":[],"class_list":["post-6944","post","type-post","status-publish","format-standard","has-post-thumbnail","hentry","category-varosi-kerekparozas"],"yoast_head":"<!-- This site is optimized with the Yoast SEO Premium plugin v25.3 (Yoast SEO v25.9) - https:\/\/yoast.com\/wordpress\/plugins\/seo\/ -->\n<title>A rend\u0151rs\u00e9gre nem sz\u00e1m\u00edthatott, visszalopta bring\u00e1j\u00e1t - \u0160koda We Love Cycling - Magyarorsz\u00e1g<\/title>\n<meta name=\"robots\" content=\"index, follow, max-snippet:-1, max-image-preview:large, max-video-preview:-1\" \/>\n<link rel=\"canonical\" href=\"https:\/\/www.welovecycling.com\/hu\/varosi-kerekparozas\/a-rendorsegre-nem-szamithatott-visszalopta-bringajat\/\" \/>\n<meta property=\"og:locale\" content=\"hu_HU\" \/>\n<meta property=\"og:type\" content=\"article\" \/>\n<meta property=\"og:title\" content=\"A rend\u0151rs\u00e9gre nem sz\u00e1m\u00edthatott, visszalopta bring\u00e1j\u00e1t\" \/>\n<meta property=\"og:description\" content=\"A Manchester Royal Infirmary k\u00f3rh\u00e1zi dolgoz\u00f3ja &#8211; aki azt k\u00e9rte, nev\u00e9t ne tegy\u00fck k\u00f6zz\u00e9 \u2013 14 \u00e9v alatt hatszor lett [&hellip;]\" \/>\n<meta property=\"og:url\" content=\"https:\/\/www.welovecycling.com\/hu\/varosi-kerekparozas\/a-rendorsegre-nem-szamithatott-visszalopta-bringajat\/\" \/>\n<meta property=\"og:site_name\" content=\"\u0160koda We Love Cycling - Magyarorsz\u00e1g\" \/>\n<meta property=\"article:publisher\" content=\"https:\/\/www.facebook.com\/WeLoveCyclingHungary\/\" \/>\n<meta property=\"article:published_time\" content=\"2020-03-06T07:00:22+00:00\" \/>\n<meta property=\"og:image\" content=\"https:\/\/d2p6e6u75xmxt8.cloudfront.net\/12\/2020\/02\/profimedia-0357560055-1.jpg\" \/>\n\t<meta property=\"og:image:width\" content=\"1366\" \/>\n\t<meta property=\"og:image:height\" content=\"600\" \/>\n\t<meta property=\"og:image:type\" content=\"image\/jpeg\" \/>\n<meta name=\"author\" content=\"hegyizs\" \/>\n<meta name=\"twitter:card\" content=\"summary_large_image\" \/>\n<meta name=\"twitter:label1\" content=\"Written by\" \/>\n\t<meta name=\"twitter:data1\" content=\"Monica Buck\" \/>\n\t<meta name=\"twitter:label2\" content=\"Est. reading time\" \/>\n\t<meta name=\"twitter:data2\" content=\"2 minutes\" \/>\n<script type=\"application\/ld+json\" class=\"yoast-schema-graph\">{\"@context\":\"https:\/\/schema.org\",\"@graph\":[{\"@type\":\"WebPage\",\"@id\":\"https:\/\/www.welovecycling.com\/hu\/varosi-kerekparozas\/a-rendorsegre-nem-szamithatott-visszalopta-bringajat\/\",\"url\":\"https:\/\/www.welovecycling.com\/hu\/varosi-kerekparozas\/a-rendorsegre-nem-szamithatott-visszalopta-bringajat\/\",\"name\":\"A rend\u0151rs\u00e9gre nem sz\u00e1m\u00edthatott, visszalopta bring\u00e1j\u00e1t - \u0160koda We Love Cycling - Magyarorsz\u00e1g\",\"isPartOf\":{\"@id\":\"https:\/\/www.welovecycling.com\/hu\/#website\"},\"primaryImageOfPage\":{\"@id\":\"https:\/\/www.welovecycling.com\/hu\/varosi-kerekparozas\/a-rendorsegre-nem-szamithatott-visszalopta-bringajat\/#primaryimage\"},\"image\":{\"@id\":\"https:\/\/www.welovecycling.com\/hu\/varosi-kerekparozas\/a-rendorsegre-nem-szamithatott-visszalopta-bringajat\/#primaryimage\"},\"thumbnailUrl\":\"https:\/\/d2p6e6u75xmxt8.cloudfront.net\/12\/2020\/02\/profimedia-0357560055-1.jpg\",\"datePublished\":\"2020-03-06T07:00:22+00:00\",\"author\":{\"@id\":\"https:\/\/www.welovecycling.com\/hu\/#\/schema\/person\/414a2aebf1801691a5320edb6468e194\"},\"breadcrumb\":{\"@id\":\"https:\/\/www.welovecycling.com\/hu\/varosi-kerekparozas\/a-rendorsegre-nem-szamithatott-visszalopta-bringajat\/#breadcrumb\"},\"inLanguage\":\"hu\",\"potentialAction\":[{\"@type\":\"ReadAction\",\"target\":[\"https:\/\/www.welovecycling.com\/hu\/varosi-kerekparozas\/a-rendorsegre-nem-szamithatott-visszalopta-bringajat\/\"]}]},{\"@type\":\"ImageObject\",\"inLanguage\":\"hu\",\"@id\":\"https:\/\/www.welovecycling.com\/hu\/varosi-kerekparozas\/a-rendorsegre-nem-szamithatott-visszalopta-bringajat\/#primaryimage\",\"url\":\"https:\/\/d2p6e6u75xmxt8.cloudfront.net\/12\/2020\/02\/profimedia-0357560055-1.jpg\",\"contentUrl\":\"https:\/\/d2p6e6u75xmxt8.cloudfront.net\/12\/2020\/02\/profimedia-0357560055-1.jpg\",\"width\":1366,\"height\":600},{\"@type\":\"BreadcrumbList\",\"@id\":\"https:\/\/www.welovecycling.com\/hu\/varosi-kerekparozas\/a-rendorsegre-nem-szamithatott-visszalopta-bringajat\/#breadcrumb\",\"itemListElement\":[{\"@type\":\"ListItem\",\"position\":1,\"name\":\"Home\",\"item\":\"https:\/\/www.welovecycling.com\/hu\/\"},{\"@type\":\"ListItem\",\"position\":2,\"name\":\"A rend\u0151rs\u00e9gre nem sz\u00e1m\u00edthatott, visszalopta bring\u00e1j\u00e1t\"}]},{\"@type\":\"WebSite\",\"@id\":\"https:\/\/www.welovecycling.com\/hu\/#website\",\"url\":\"https:\/\/www.welovecycling.com\/hu\/\",\"name\":\"\u0160koda We Love Cycling - Magyarorsz\u00e1g\",\"description\":\"\u0160koda WeLoveCycling\",\"potentialAction\":[{\"@type\":\"SearchAction\",\"target\":{\"@type\":\"EntryPoint\",\"urlTemplate\":\"https:\/\/www.welovecycling.com\/hu\/?s={search_term_string}\"},\"query-input\":{\"@type\":\"PropertyValueSpecification\",\"valueRequired\":true,\"valueName\":\"search_term_string\"}}],\"inLanguage\":\"hu\"},{\"@type\":\"Person\",\"@id\":\"https:\/\/www.welovecycling.com\/hu\/#\/schema\/person\/414a2aebf1801691a5320edb6468e194\",\"name\":\"hegyizs\",\"image\":{\"@type\":\"ImageObject\",\"inLanguage\":\"hu\",\"@id\":\"https:\/\/www.welovecycling.com\/hu\/#\/schema\/person\/image\/\",\"url\":\"https:\/\/secure.gravatar.com\/avatar\/02cf8a7906b8cf90cecb4679defac7cfd33a1c2e3b88e4903d947f3bb58eedd3?s=96&d=mm&r=g\",\"contentUrl\":\"https:\/\/secure.gravatar.com\/avatar\/02cf8a7906b8cf90cecb4679defac7cfd33a1c2e3b88e4903d947f3bb58eedd3?s=96&d=mm&r=g\",\"caption\":\"hegyizs\"},\"url\":\"https:\/\/www.welovecycling.com\/hu\/author\/hegyizs\/\"}]}<\/script>\n<!-- \/ Yoast SEO Premium plugin. -->","yoast_head_json":{"title":"A rend\u0151rs\u00e9gre nem sz\u00e1m\u00edthatott, visszalopta bring\u00e1j\u00e1t - \u0160koda We Love Cycling - Magyarorsz\u00e1g","robots":{"index":"index","follow":"follow","max-snippet":"max-snippet:-1","max-image-preview":"max-image-preview:large","max-video-preview":"max-video-preview:-1"},"canonical":"https:\/\/www.welovecycling.com\/hu\/varosi-kerekparozas\/a-rendorsegre-nem-szamithatott-visszalopta-bringajat\/","og_locale":"hu_HU","og_type":"article","og_title":"A rend\u0151rs\u00e9gre nem sz\u00e1m\u00edthatott, visszalopta bring\u00e1j\u00e1t","og_description":"A Manchester Royal Infirmary k\u00f3rh\u00e1zi dolgoz\u00f3ja &#8211; aki azt k\u00e9rte, nev\u00e9t ne tegy\u00fck k\u00f6zz\u00e9 \u2013 14 \u00e9v alatt hatszor lett [&hellip;]","og_url":"https:\/\/www.welovecycling.com\/hu\/varosi-kerekparozas\/a-rendorsegre-nem-szamithatott-visszalopta-bringajat\/","og_site_name":"\u0160koda We Love Cycling - Magyarorsz\u00e1g","article_publisher":"https:\/\/www.facebook.com\/WeLoveCyclingHungary\/","article_published_time":"2020-03-06T07:00:22+00:00","og_image":[{"width":1366,"height":600,"url":"https:\/\/d2p6e6u75xmxt8.cloudfront.net\/12\/2020\/02\/profimedia-0357560055-1.jpg","type":"image\/jpeg"}],"author":"hegyizs","twitter_card":"summary_large_image","twitter_misc":{"Written by":"Monica Buck","Est. reading time":"2 minutes"},"schema":{"@context":"https:\/\/schema.org","@graph":[{"@type":"WebPage","@id":"https:\/\/www.welovecycling.com\/hu\/varosi-kerekparozas\/a-rendorsegre-nem-szamithatott-visszalopta-bringajat\/","url":"https:\/\/www.welovecycling.com\/hu\/varosi-kerekparozas\/a-rendorsegre-nem-szamithatott-visszalopta-bringajat\/","name":"A rend\u0151rs\u00e9gre nem sz\u00e1m\u00edthatott, visszalopta bring\u00e1j\u00e1t - \u0160koda We Love Cycling - Magyarorsz\u00e1g","isPartOf":{"@id":"https:\/\/www.welovecycling.com\/hu\/#website"},"primaryImageOfPage":{"@id":"https:\/\/www.welovecycling.com\/hu\/varosi-kerekparozas\/a-rendorsegre-nem-szamithatott-visszalopta-bringajat\/#primaryimage"},"image":{"@id":"https:\/\/www.welovecycling.com\/hu\/varosi-kerekparozas\/a-rendorsegre-nem-szamithatott-visszalopta-bringajat\/#primaryimage"},"thumbnailUrl":"https:\/\/d2p6e6u75xmxt8.cloudfront.net\/12\/2020\/02\/profimedia-0357560055-1.jpg","datePublished":"2020-03-06T07:00:22+00:00","author":{"@id":"https:\/\/www.welovecycling.com\/hu\/#\/schema\/person\/414a2aebf1801691a5320edb6468e194"},"breadcrumb":{"@id":"https:\/\/www.welovecycling.com\/hu\/varosi-kerekparozas\/a-rendorsegre-nem-szamithatott-visszalopta-bringajat\/#breadcrumb"},"inLanguage":"hu","potentialAction":[{"@type":"ReadAction","target":["https:\/\/www.welovecycling.com\/hu\/varosi-kerekparozas\/a-rendorsegre-nem-szamithatott-visszalopta-bringajat\/"]}]},{"@type":"ImageObject","inLanguage":"hu","@id":"https:\/\/www.welovecycling.com\/hu\/varosi-kerekparozas\/a-rendorsegre-nem-szamithatott-visszalopta-bringajat\/#primaryimage","url":"https:\/\/d2p6e6u75xmxt8.cloudfront.net\/12\/2020\/02\/profimedia-0357560055-1.jpg","contentUrl":"https:\/\/d2p6e6u75xmxt8.cloudfront.net\/12\/2020\/02\/profimedia-0357560055-1.jpg","width":1366,"height":600},{"@type":"BreadcrumbList","@id":"https:\/\/www.welovecycling.com\/hu\/varosi-kerekparozas\/a-rendorsegre-nem-szamithatott-visszalopta-bringajat\/#breadcrumb","itemListElement":[{"@type":"ListItem","position":1,"name":"Home","item":"https:\/\/www.welovecycling.com\/hu\/"},{"@type":"ListItem","position":2,"name":"A rend\u0151rs\u00e9gre nem sz\u00e1m\u00edthatott, visszalopta bring\u00e1j\u00e1t"}]},{"@type":"WebSite","@id":"https:\/\/www.welovecycling.com\/hu\/#website","url":"https:\/\/www.welovecycling.com\/hu\/","name":"\u0160koda We Love Cycling - Magyarorsz\u00e1g","description":"\u0160koda WeLoveCycling","potentialAction":[{"@type":"SearchAction","target":{"@type":"EntryPoint","urlTemplate":"https:\/\/www.welovecycling.com\/hu\/?s={search_term_string}"},"query-input":{"@type":"PropertyValueSpecification","valueRequired":true,"valueName":"search_term_string"}}],"inLanguage":"hu"},{"@type":"Person","@id":"https:\/\/www.welovecycling.com\/hu\/#\/schema\/person\/414a2aebf1801691a5320edb6468e194","name":"hegyizs","image":{"@type":"ImageObject","inLanguage":"hu","@id":"https:\/\/www.welovecycling.com\/hu\/#\/schema\/person\/image\/","url":"https:\/\/secure.gravatar.com\/avatar\/02cf8a7906b8cf90cecb4679defac7cfd33a1c2e3b88e4903d947f3bb58eedd3?s=96&d=mm&r=g","contentUrl":"https:\/\/secure.gravatar.com\/avatar\/02cf8a7906b8cf90cecb4679defac7cfd33a1c2e3b88e4903d947f3bb58eedd3?s=96&d=mm&r=g","caption":"hegyizs"},"url":"https:\/\/www.welovecycling.com\/hu\/author\/hegyizs\/"}]}},"_links":{"self":[{"href":"https:\/\/www.welovecycling.com\/hu\/wp-json\/wp\/v2\/posts\/6944","targetHints":{"allow":["GET"]}}],"collection":[{"href":"https:\/\/www.welovecycling.com\/hu\/wp-json\/wp\/v2\/posts"}],"about":[{"href":"https:\/\/www.welovecycling.com\/hu\/wp-json\/wp\/v2\/types\/post"}],"author":[{"embeddable":true,"href":"https:\/\/www.welovecycling.com\/hu\/wp-json\/wp\/v2\/users\/71"}],"replies":[{"embeddable":true,"href":"https:\/\/www.welovecycling.com\/hu\/wp-json\/wp\/v2\/comments?post=6944"}],"version-history":[{"count":2,"href":"https:\/\/www.welovecycling.com\/hu\/wp-json\/wp\/v2\/posts\/6944\/revisions"}],"predecessor-version":[{"id":6968,"href":"https:\/\/www.welovecycling.com\/hu\/wp-json\/wp\/v2\/posts\/6944\/revisions\/6968"}],"wp:featuredmedia":[{"embeddable":true,"href":"https:\/\/www.welovecycling.com\/hu\/wp-json\/wp\/v2\/media\/6947"}],"wp:attachment":[{"href":"https:\/\/www.welovecycling.com\/hu\/wp-json\/wp\/v2\/media?parent=6944"}],"wp:term":[{"taxonomy":"category","embeddable":true,"href":"https:\/\/www.welovecycling.com\/hu\/wp-json\/wp\/v2\/categories?post=6944"},{"taxonomy":"post_tag","embeddable":true,"href":"https:\/\/www.welovecycling.com\/hu\/wp-json\/wp\/v2\/tags?post=6944"},{"taxonomy":"global-categories","embeddable":true,"href":"https:\/\/www.welovecycling.com\/hu\/wp-json\/wp\/v2\/global-categories?post=6944"}],"curies":[{"name":"wp","href":"https:\/\/api.w.org\/{rel}","templated":true}]}}