{"id":6938,"date":"2020-03-05T08:00:53","date_gmt":"2020-03-05T07:00:53","guid":{"rendered":"https:\/\/www.welovecycling.com\/hu\/?p=6938"},"modified":"2020-02-28T14:17:15","modified_gmt":"2020-02-28T13:17:15","slug":"3-bevalt-mod-a-biztonsagos-tarolasra","status":"publish","type":"post","link":"https:\/\/www.welovecycling.com\/hu\/biztonsag\/3-bevalt-mod-a-biztonsagos-tarolasra\/","title":{"rendered":"3 bev\u00e1lt m\u00f3d a biztons\u00e1gos t\u00e1rol\u00e1sra"},"content":{"rendered":"<p><strong>Mindig tanulhatunk \u00fajat a ker\u00e9kp\u00e1runk megfelel\u0151 t\u00e1rol\u00e1s\u00e1r\u00f3l, ha p\u00e9ld\u00e1kat \u00e9s ellenp\u00e9ld\u00e1kat keres\u00fcnk. Mert nem csak akkor fontosak k\u00e9tkerek\u0171 t\u00e1rsaink, amikor rajtuk \u00fcl\u00fcnk!<\/strong><\/p>\n<p><!--more--><\/p>\n<h2><strong>A kocsi tetej\u00e9n<\/strong><\/h2>\n<p>Sokan sz\u00e1ll\u00edtj\u00e1k a bring\u00e1jukat az aut\u00f3juk tetej\u00e9re r\u00f6gz\u00edtve, azonban ha \u00edgy hagyod kint egy parkol\u00f3ban a kocsid, k\u00f6nnyen p\u00f3rul j\u00e1rhatsz.<\/p>\n<lite-youtube videoid=0Yu4vEsD9WA params=\"enablejsapi=1\" style=\"background-image: url('https:\/\/i.ytimg.com\/vi_webp\/0Yu4vEsD9WA\/maxresdefault.webp');\"><\/lite-youtube>\n<p>Nem nagy kih\u00edv\u00e1s meglovas\u00edtani \u00edgy egy biciklit. Legy\u00e9l teh\u00e1t extra-\u00f3vatos \u00e9s ne gondold, hogy biztons\u00e1gban van a j\u00e1rg\u00e1nyod, csak az\u00e9rt mert kamer\u00e1val \u0151rz\u00f6tt parkol\u00f3ban hagytad. A vide\u00f3ban nyolc m\u00e1sodperc alatt leszedt\u00e9k! Mindig haszn\u00e1lj D-lakatot!<\/p>\n<h2><strong>A kocsi h\u00e1tulj\u00e1n<\/strong><\/h2>\n<p>Nem hagyjuk teh\u00e1t a biciklinket \u0151rizetlen\u00fcl, de mi\u00e9rt is ne r\u00f6gz\u00edthetn\u00e9nk az aut\u00f3 h\u00e1tulj\u00e1ra, amikor a kocsiban \u00fcl\u00fcnk? Egy tolvajnak az volt az egyetlen szerencs\u00e9tlens\u00e9ge, hogy lencsev\u00e9gre kapta az aut\u00f3 h\u00e1tulj\u00e1ban elhelyezett kamera, k\u00fcl\u00f6nben \u00e9szrev\u00e9tlen\u00fcl vihette volna el a kocsi h\u00e1tulj\u00e1ra r\u00f6gz\u00edtett ker\u00e9kp\u00e1rt. Forgalomban!<\/p>\n<lite-youtube videoid=KFVew9lztqs params=\"enablejsapi=1\" style=\"background-image: url('https:\/\/i.ytimg.com\/vi_webp\/KFVew9lztqs\/maxresdefault.webp');\"><\/lite-youtube>\n<p>A t\u00f6rv\u00e9nytisztel\u0151 polg\u00e1roknak neh\u00e9z ezt meg\u00e9rteni\u00fck, de \u00e1ltal\u00e1ban senki nem \u00e1ll\u00edtja meg a tolvajokat. Azt gondoln\u00e1nk, hogy f\u00e9nyes nappal ellopni egy karbonv\u00e1zas csod\u00e1t egy aut\u00f3 h\u00e1tulj\u00e1r\u00f3l, lehetetlen. Mi h\u00e1t a megold\u00e1s? D-lakat!<\/p>\n<h2><strong>A rakt\u00e1rban<\/strong><\/h2>\n<p>A h\u00e1ts\u00f3 udvarod a szomsz\u00e9d h\u00e1ts\u00f3 udvar\u00e1ra n\u00e9z, a benne \u00e1ll\u00f3 kis sufnit pedig dr\u00e1ga lakattal z\u00e1rtad le. \u00c9s m\u00e9g \u00edgy is bejutnak a tolvajok. Ha j\u00f3l b\u00edrod az \u00e9rzelmi kit\u00f6r\u00e9seket, n\u00e9zd meg az al\u00e1bbi vide\u00f3t: bizony\u00e1ra \u00e1t fogod \u00e9rezni az ex-bringatulaj f\u00e1jdalm\u00e1t. Legal\u00e1bb nem a choppert vitt\u00e9k el\u2026<\/p>\n<p>https:\/\/www.youtube.com\/watch?v=39IebYQedGs<\/p>\n<p>Val\u00f3j\u00e1ban sajnos nem t\u00fal neh\u00e9z bet\u00f6rni egy ilyen rakt\u00e1rhelyis\u00e9gbe, de ha szeretn\u00e9d biztos\u00edtani a benne t\u00e1rolt bring\u00e1t, k\u00f6vesd a Lancashire-i rend\u0151rs\u00e9g tan\u00e1csait:<\/p>\n<lite-youtube videoid=MTW_Y1Z8awA params=\"enablejsapi=1\" style=\"background-image: url('https:\/\/i.ytimg.com\/vi_webp\/MTW_Y1Z8awA\/maxresdefault.webp');\"><\/lite-youtube>\n<p>Tal\u00e1n a legfontosabb megtanulni, hogyan gondolkodik egy tolvaj. Nem akarj\u00e1k, hogy elkapj\u00e1k \u0151ket, amikor lopott j\u00e1rg\u00e1ny van n\u00e1luk. A D-lakatokat, vagy U-lakatokat neh\u00e9z elv\u00e1gni, sok\u00e1ig tart \u00e9s r\u00e1ad\u00e1sul megs\u00e9rthetik k\u00f6zben a bring\u00e1t, \u00edgy annak kisebb lesz az \u00e9rt\u00e9ke. A tan\u00e1csunk? Mindig haszn\u00e1lj D-lakatot, mindegy, hova teszed le a bring\u00e1d!<\/p>\n","protected":false},"excerpt":{"rendered":"<p>Mindig tanulhatunk \u00fajat a ker\u00e9kp\u00e1runk megfelel\u0151 t\u00e1rol\u00e1s\u00e1r\u00f3l, ha p\u00e9ld\u00e1kat \u00e9s ellenp\u00e9ld\u00e1kat keres\u00fcnk. Mert nem csak akkor fontosak k\u00e9tkerek\u0171 t\u00e1rsaink, amikor [&hellip;]<\/p>\n","protected":false},"author":71,"featured_media":6943,"comment_status":"open","ping_status":"open","sticky":false,"template":"","format":"standard","meta":{"footnotes":""},"categories":[10],"tags":[],"global-categories":[],"class_list":["post-6938","post","type-post","status-publish","format-standard","has-post-thumbnail","hentry","category-biztonsag"],"yoast_head":"<!-- This site is optimized with the Yoast SEO Premium plugin v25.3 (Yoast SEO v25.9) - https:\/\/yoast.com\/wordpress\/plugins\/seo\/ -->\n<title>3 bev\u00e1lt m\u00f3d a biztons\u00e1gos t\u00e1rol\u00e1sra - \u0160koda We Love Cycling - Magyarorsz\u00e1g<\/title>\n<meta name=\"robots\" content=\"index, follow, max-snippet:-1, max-image-preview:large, max-video-preview:-1\" \/>\n<link rel=\"canonical\" href=\"https:\/\/www.welovecycling.com\/hu\/biztonsag\/3-bevalt-mod-a-biztonsagos-tarolasra\/\" \/>\n<meta property=\"og:locale\" content=\"hu_HU\" \/>\n<meta property=\"og:type\" content=\"article\" \/>\n<meta property=\"og:title\" content=\"3 bev\u00e1lt m\u00f3d a biztons\u00e1gos t\u00e1rol\u00e1sra\" \/>\n<meta property=\"og:description\" content=\"Mindig tanulhatunk \u00fajat a ker\u00e9kp\u00e1runk megfelel\u0151 t\u00e1rol\u00e1s\u00e1r\u00f3l, ha p\u00e9ld\u00e1kat \u00e9s ellenp\u00e9ld\u00e1kat keres\u00fcnk. Mert nem csak akkor fontosak k\u00e9tkerek\u0171 t\u00e1rsaink, amikor [&hellip;]\" \/>\n<meta property=\"og:url\" content=\"https:\/\/www.welovecycling.com\/hu\/biztonsag\/3-bevalt-mod-a-biztonsagos-tarolasra\/\" \/>\n<meta property=\"og:site_name\" content=\"\u0160koda We Love Cycling - Magyarorsz\u00e1g\" \/>\n<meta property=\"article:publisher\" content=\"https:\/\/www.facebook.com\/WeLoveCyclingHungary\/\" \/>\n<meta property=\"article:published_time\" content=\"2020-03-05T07:00:53+00:00\" \/>\n<meta property=\"og:image\" content=\"https:\/\/d2p6e6u75xmxt8.cloudfront.net\/12\/2020\/02\/wlc-lock-cover.jpg\" \/>\n\t<meta property=\"og:image:width\" content=\"1800\" \/>\n\t<meta property=\"og:image:height\" content=\"785\" \/>\n\t<meta property=\"og:image:type\" content=\"image\/jpeg\" \/>\n<meta name=\"author\" content=\"hegyizs\" \/>\n<meta name=\"twitter:card\" content=\"summary_large_image\" \/>\n<meta name=\"twitter:label1\" content=\"Written by\" \/>\n\t<meta name=\"twitter:data1\" content=\"Christopher Ashley\" \/>\n\t<meta name=\"twitter:label2\" content=\"Est. reading time\" \/>\n\t<meta name=\"twitter:data2\" content=\"7\" \/>\n<script type=\"application\/ld+json\" class=\"yoast-schema-graph\">{\"@context\":\"https:\/\/schema.org\",\"@graph\":[{\"@type\":\"WebPage\",\"@id\":\"https:\/\/www.welovecycling.com\/hu\/biztonsag\/3-bevalt-mod-a-biztonsagos-tarolasra\/\",\"url\":\"https:\/\/www.welovecycling.com\/hu\/biztonsag\/3-bevalt-mod-a-biztonsagos-tarolasra\/\",\"name\":\"3 bev\u00e1lt m\u00f3d a biztons\u00e1gos t\u00e1rol\u00e1sra - \u0160koda We Love Cycling - Magyarorsz\u00e1g\",\"isPartOf\":{\"@id\":\"https:\/\/www.welovecycling.com\/hu\/#website\"},\"primaryImageOfPage\":{\"@id\":\"https:\/\/www.welovecycling.com\/hu\/biztonsag\/3-bevalt-mod-a-biztonsagos-tarolasra\/#primaryimage\"},\"image\":{\"@id\":\"https:\/\/www.welovecycling.com\/hu\/biztonsag\/3-bevalt-mod-a-biztonsagos-tarolasra\/#primaryimage\"},\"thumbnailUrl\":\"https:\/\/d2p6e6u75xmxt8.cloudfront.net\/12\/2020\/02\/wlc-lock-cover.jpg\",\"datePublished\":\"2020-03-05T07:00:53+00:00\",\"author\":{\"@id\":\"https:\/\/www.welovecycling.com\/hu\/#\/schema\/person\/414a2aebf1801691a5320edb6468e194\"},\"breadcrumb\":{\"@id\":\"https:\/\/www.welovecycling.com\/hu\/biztonsag\/3-bevalt-mod-a-biztonsagos-tarolasra\/#breadcrumb\"},\"inLanguage\":\"hu\",\"potentialAction\":[{\"@type\":\"ReadAction\",\"target\":[\"https:\/\/www.welovecycling.com\/hu\/biztonsag\/3-bevalt-mod-a-biztonsagos-tarolasra\/\"]}]},{\"@type\":\"ImageObject\",\"inLanguage\":\"hu\",\"@id\":\"https:\/\/www.welovecycling.com\/hu\/biztonsag\/3-bevalt-mod-a-biztonsagos-tarolasra\/#primaryimage\",\"url\":\"https:\/\/d2p6e6u75xmxt8.cloudfront.net\/12\/2020\/02\/wlc-lock-cover.jpg\",\"contentUrl\":\"https:\/\/d2p6e6u75xmxt8.cloudfront.net\/12\/2020\/02\/wlc-lock-cover.jpg\",\"width\":1800,\"height\":785},{\"@type\":\"BreadcrumbList\",\"@id\":\"https:\/\/www.welovecycling.com\/hu\/biztonsag\/3-bevalt-mod-a-biztonsagos-tarolasra\/#breadcrumb\",\"itemListElement\":[{\"@type\":\"ListItem\",\"position\":1,\"name\":\"Home\",\"item\":\"https:\/\/www.welovecycling.com\/hu\/\"},{\"@type\":\"ListItem\",\"position\":2,\"name\":\"3 bev\u00e1lt m\u00f3d a biztons\u00e1gos t\u00e1rol\u00e1sra\"}]},{\"@type\":\"WebSite\",\"@id\":\"https:\/\/www.welovecycling.com\/hu\/#website\",\"url\":\"https:\/\/www.welovecycling.com\/hu\/\",\"name\":\"\u0160koda We Love Cycling - Magyarorsz\u00e1g\",\"description\":\"\u0160koda WeLoveCycling\",\"potentialAction\":[{\"@type\":\"SearchAction\",\"target\":{\"@type\":\"EntryPoint\",\"urlTemplate\":\"https:\/\/www.welovecycling.com\/hu\/?s={search_term_string}\"},\"query-input\":{\"@type\":\"PropertyValueSpecification\",\"valueRequired\":true,\"valueName\":\"search_term_string\"}}],\"inLanguage\":\"hu\"},{\"@type\":\"Person\",\"@id\":\"https:\/\/www.welovecycling.com\/hu\/#\/schema\/person\/414a2aebf1801691a5320edb6468e194\",\"name\":\"hegyizs\",\"image\":{\"@type\":\"ImageObject\",\"inLanguage\":\"hu\",\"@id\":\"https:\/\/www.welovecycling.com\/hu\/#\/schema\/person\/image\/\",\"url\":\"https:\/\/secure.gravatar.com\/avatar\/02cf8a7906b8cf90cecb4679defac7cfd33a1c2e3b88e4903d947f3bb58eedd3?s=96&d=mm&r=g\",\"contentUrl\":\"https:\/\/secure.gravatar.com\/avatar\/02cf8a7906b8cf90cecb4679defac7cfd33a1c2e3b88e4903d947f3bb58eedd3?s=96&d=mm&r=g\",\"caption\":\"hegyizs\"},\"url\":\"https:\/\/www.welovecycling.com\/hu\/author\/hegyizs\/\"}]}<\/script>\n<!-- \/ Yoast SEO Premium plugin. -->","yoast_head_json":{"title":"3 bev\u00e1lt m\u00f3d a biztons\u00e1gos t\u00e1rol\u00e1sra - \u0160koda We Love Cycling - Magyarorsz\u00e1g","robots":{"index":"index","follow":"follow","max-snippet":"max-snippet:-1","max-image-preview":"max-image-preview:large","max-video-preview":"max-video-preview:-1"},"canonical":"https:\/\/www.welovecycling.com\/hu\/biztonsag\/3-bevalt-mod-a-biztonsagos-tarolasra\/","og_locale":"hu_HU","og_type":"article","og_title":"3 bev\u00e1lt m\u00f3d a biztons\u00e1gos t\u00e1rol\u00e1sra","og_description":"Mindig tanulhatunk \u00fajat a ker\u00e9kp\u00e1runk megfelel\u0151 t\u00e1rol\u00e1s\u00e1r\u00f3l, ha p\u00e9ld\u00e1kat \u00e9s ellenp\u00e9ld\u00e1kat keres\u00fcnk. Mert nem csak akkor fontosak k\u00e9tkerek\u0171 t\u00e1rsaink, amikor [&hellip;]","og_url":"https:\/\/www.welovecycling.com\/hu\/biztonsag\/3-bevalt-mod-a-biztonsagos-tarolasra\/","og_site_name":"\u0160koda We Love Cycling - Magyarorsz\u00e1g","article_publisher":"https:\/\/www.facebook.com\/WeLoveCyclingHungary\/","article_published_time":"2020-03-05T07:00:53+00:00","og_image":[{"width":1800,"height":785,"url":"https:\/\/d2p6e6u75xmxt8.cloudfront.net\/12\/2020\/02\/wlc-lock-cover.jpg","type":"image\/jpeg"}],"author":"hegyizs","twitter_card":"summary_large_image","twitter_misc":{"Written by":"Christopher Ashley","Est. reading time":"7"},"schema":{"@context":"https:\/\/schema.org","@graph":[{"@type":"WebPage","@id":"https:\/\/www.welovecycling.com\/hu\/biztonsag\/3-bevalt-mod-a-biztonsagos-tarolasra\/","url":"https:\/\/www.welovecycling.com\/hu\/biztonsag\/3-bevalt-mod-a-biztonsagos-tarolasra\/","name":"3 bev\u00e1lt m\u00f3d a biztons\u00e1gos t\u00e1rol\u00e1sra - \u0160koda We Love Cycling - Magyarorsz\u00e1g","isPartOf":{"@id":"https:\/\/www.welovecycling.com\/hu\/#website"},"primaryImageOfPage":{"@id":"https:\/\/www.welovecycling.com\/hu\/biztonsag\/3-bevalt-mod-a-biztonsagos-tarolasra\/#primaryimage"},"image":{"@id":"https:\/\/www.welovecycling.com\/hu\/biztonsag\/3-bevalt-mod-a-biztonsagos-tarolasra\/#primaryimage"},"thumbnailUrl":"https:\/\/d2p6e6u75xmxt8.cloudfront.net\/12\/2020\/02\/wlc-lock-cover.jpg","datePublished":"2020-03-05T07:00:53+00:00","author":{"@id":"https:\/\/www.welovecycling.com\/hu\/#\/schema\/person\/414a2aebf1801691a5320edb6468e194"},"breadcrumb":{"@id":"https:\/\/www.welovecycling.com\/hu\/biztonsag\/3-bevalt-mod-a-biztonsagos-tarolasra\/#breadcrumb"},"inLanguage":"hu","potentialAction":[{"@type":"ReadAction","target":["https:\/\/www.welovecycling.com\/hu\/biztonsag\/3-bevalt-mod-a-biztonsagos-tarolasra\/"]}]},{"@type":"ImageObject","inLanguage":"hu","@id":"https:\/\/www.welovecycling.com\/hu\/biztonsag\/3-bevalt-mod-a-biztonsagos-tarolasra\/#primaryimage","url":"https:\/\/d2p6e6u75xmxt8.cloudfront.net\/12\/2020\/02\/wlc-lock-cover.jpg","contentUrl":"https:\/\/d2p6e6u75xmxt8.cloudfront.net\/12\/2020\/02\/wlc-lock-cover.jpg","width":1800,"height":785},{"@type":"BreadcrumbList","@id":"https:\/\/www.welovecycling.com\/hu\/biztonsag\/3-bevalt-mod-a-biztonsagos-tarolasra\/#breadcrumb","itemListElement":[{"@type":"ListItem","position":1,"name":"Home","item":"https:\/\/www.welovecycling.com\/hu\/"},{"@type":"ListItem","position":2,"name":"3 bev\u00e1lt m\u00f3d a biztons\u00e1gos t\u00e1rol\u00e1sra"}]},{"@type":"WebSite","@id":"https:\/\/www.welovecycling.com\/hu\/#website","url":"https:\/\/www.welovecycling.com\/hu\/","name":"\u0160koda We Love Cycling - Magyarorsz\u00e1g","description":"\u0160koda WeLoveCycling","potentialAction":[{"@type":"SearchAction","target":{"@type":"EntryPoint","urlTemplate":"https:\/\/www.welovecycling.com\/hu\/?s={search_term_string}"},"query-input":{"@type":"PropertyValueSpecification","valueRequired":true,"valueName":"search_term_string"}}],"inLanguage":"hu"},{"@type":"Person","@id":"https:\/\/www.welovecycling.com\/hu\/#\/schema\/person\/414a2aebf1801691a5320edb6468e194","name":"hegyizs","image":{"@type":"ImageObject","inLanguage":"hu","@id":"https:\/\/www.welovecycling.com\/hu\/#\/schema\/person\/image\/","url":"https:\/\/secure.gravatar.com\/avatar\/02cf8a7906b8cf90cecb4679defac7cfd33a1c2e3b88e4903d947f3bb58eedd3?s=96&d=mm&r=g","contentUrl":"https:\/\/secure.gravatar.com\/avatar\/02cf8a7906b8cf90cecb4679defac7cfd33a1c2e3b88e4903d947f3bb58eedd3?s=96&d=mm&r=g","caption":"hegyizs"},"url":"https:\/\/www.welovecycling.com\/hu\/author\/hegyizs\/"}]}},"_links":{"self":[{"href":"https:\/\/www.welovecycling.com\/hu\/wp-json\/wp\/v2\/posts\/6938","targetHints":{"allow":["GET"]}}],"collection":[{"href":"https:\/\/www.welovecycling.com\/hu\/wp-json\/wp\/v2\/posts"}],"about":[{"href":"https:\/\/www.welovecycling.com\/hu\/wp-json\/wp\/v2\/types\/post"}],"author":[{"embeddable":true,"href":"https:\/\/www.welovecycling.com\/hu\/wp-json\/wp\/v2\/users\/71"}],"replies":[{"embeddable":true,"href":"https:\/\/www.welovecycling.com\/hu\/wp-json\/wp\/v2\/comments?post=6938"}],"version-history":[{"count":1,"href":"https:\/\/www.welovecycling.com\/hu\/wp-json\/wp\/v2\/posts\/6938\/revisions"}],"predecessor-version":[{"id":6967,"href":"https:\/\/www.welovecycling.com\/hu\/wp-json\/wp\/v2\/posts\/6938\/revisions\/6967"}],"wp:featuredmedia":[{"embeddable":true,"href":"https:\/\/www.welovecycling.com\/hu\/wp-json\/wp\/v2\/media\/6943"}],"wp:attachment":[{"href":"https:\/\/www.welovecycling.com\/hu\/wp-json\/wp\/v2\/media?parent=6938"}],"wp:term":[{"taxonomy":"category","embeddable":true,"href":"https:\/\/www.welovecycling.com\/hu\/wp-json\/wp\/v2\/categories?post=6938"},{"taxonomy":"post_tag","embeddable":true,"href":"https:\/\/www.welovecycling.com\/hu\/wp-json\/wp\/v2\/tags?post=6938"},{"taxonomy":"global-categories","embeddable":true,"href":"https:\/\/www.welovecycling.com\/hu\/wp-json\/wp\/v2\/global-categories?post=6938"}],"curies":[{"name":"wp","href":"https:\/\/api.w.org\/{rel}","templated":true}]}}