{"id":6931,"date":"2020-03-02T08:00:45","date_gmt":"2020-03-02T07:00:45","guid":{"rendered":"https:\/\/www.welovecycling.com\/hu\/?p=6931"},"modified":"2020-02-28T14:14:44","modified_gmt":"2020-02-28T13:14:44","slug":"valter-attilae-a-legjobb-fiatalnak-jaro-triko","status":"publish","type":"post","link":"https:\/\/www.welovecycling.com\/hu\/orszaguti-kerekpar\/valter-attilae-a-legjobb-fiatalnak-jaro-triko\/","title":{"rendered":"Valter Attil\u00e1\u00e9 a legjobb fiatalnak j\u00e1r\u00f3 trik\u00f3"},"content":{"rendered":"<p><strong>Valter Attila szerezte meg a feh\u00e9r trik\u00f3t a febru\u00e1rban megrendezett Tour de Alpes Maritimes et du Var orsz\u00e1g\u00fati versenyen. A magyar ker\u00e9kp\u00e1ros a CCC Team sz\u00edneiben indult.<\/strong><!--more--><\/p>\n<p><img loading=\"lazy\" decoding=\"async\" class=\"aligncenter size-large wp-image-6933\" src=\"https:\/\/d2p6e6u75xmxt8.cloudfront.net\/12\/2020\/02\/Haut-Var-stage-3-banner-1024x576.jpg\" alt=\"\" width=\"1024\" height=\"576\" srcset=\"https:\/\/d2p6e6u75xmxt8.cloudfront.net\/12\/2020\/02\/Haut-Var-stage-3-banner-1024x576.jpg 1024w, https:\/\/d2p6e6u75xmxt8.cloudfront.net\/12\/2020\/02\/Haut-Var-stage-3-banner-300x169.jpg 300w, https:\/\/d2p6e6u75xmxt8.cloudfront.net\/12\/2020\/02\/Haut-Var-stage-3-banner-768x432.jpg 768w, https:\/\/d2p6e6u75xmxt8.cloudfront.net\/12\/2020\/02\/Haut-Var-stage-3-banner.jpg 1155w\" sizes=\"auto, (max-width: 1024px) 100vw, 1024px\" \/><\/p>\n<p>Az UCI 2.1-es kateg\u00f3ri\u00e1j\u00fa Tour de Var verseny h\u00e1rom szakaszb\u00f3l \u00e1llt. Az els\u0151 szakaszban Valter Attila t\u00f6bbek k\u00f6z\u00f6tt Nairo Quintana, Romain Bardet \u00e9s Richi Porte el\u0151tt \u00e9rt be a c\u00e9lba, \u00f6t\u00f6dikk\u00e9nt. A m\u00e1sodik szakaszon szint\u00e9n sz\u00e9pen teljes\u00edtett, a 14. helyen v\u00e9gzett, \u00edgy a fiatalok verseny\u00e9ben megtartotta az els\u0151 szakaszban megszerzett m\u00e1sodik helyet.<\/p>\n<p><img loading=\"lazy\" decoding=\"async\" class=\"aligncenter size-large wp-image-6934\" src=\"https:\/\/d2p6e6u75xmxt8.cloudfront.net\/12\/2020\/02\/28098295_79af678d478423d1e848d6b676902bb6_wm-1024x577.jpg\" alt=\"\" width=\"1024\" height=\"577\" srcset=\"https:\/\/d2p6e6u75xmxt8.cloudfront.net\/12\/2020\/02\/28098295_79af678d478423d1e848d6b676902bb6_wm-1024x577.jpg 1024w, https:\/\/d2p6e6u75xmxt8.cloudfront.net\/12\/2020\/02\/28098295_79af678d478423d1e848d6b676902bb6_wm-300x169.jpg 300w, https:\/\/d2p6e6u75xmxt8.cloudfront.net\/12\/2020\/02\/28098295_79af678d478423d1e848d6b676902bb6_wm-768x433.jpg 768w, https:\/\/d2p6e6u75xmxt8.cloudfront.net\/12\/2020\/02\/28098295_79af678d478423d1e848d6b676902bb6_wm.jpg 1108w\" sizes=\"auto, (max-width: 1024px) 100vw, 1024px\" \/><\/p>\n<p>A harmadik szakasz nehezebb terepnek bizonyult: sz\u00e9tsz\u00f3r\u00f3dott a mez\u0151ny az utols\u00f3 komoly emelked\u0151n. Valter Attila a 16. helyet szerezte meg, Julien Bernardot k\u00f6vet\u0151en, 2 perc 49 m\u00e1sodperccel k\u00e9s\u0151bb \u00e9rt c\u00e9lba.<\/p>\n<p>A verseny \u00f6sszetett gy\u0151ztese Nairo Quintana lett, aki a m\u00e1sodik szakaszban vette \u00e1t a vezet\u00e9st, Valter a 10. helyen v\u00e9gzett. A legjobb fiatalnak j\u00e1r\u00f3 trik\u00f3t viszont a magyar versenyz\u0151 kapta.<\/p>\n<p><em>Forr\u00e1s: <\/em><a href=\"http:\/\/bikemag.hu\/magazin\/hirek\/valter-attila-nyerte-a-legjobb-fiatalnak-jaro-trikot-a-tour-du-var-on\" target=\"_blank\" rel=\"noopener\"><em>bikemag.hu<\/em><\/a><\/p>\n","protected":false},"excerpt":{"rendered":"<p>Valter Attila szerezte meg a feh\u00e9r trik\u00f3t a febru\u00e1rban megrendezett Tour de Alpes Maritimes et du Var orsz\u00e1g\u00fati versenyen. A [&hellip;]<\/p>\n","protected":false},"author":71,"featured_media":6932,"comment_status":"open","ping_status":"open","sticky":false,"template":"","format":"standard","meta":{"footnotes":""},"categories":[8],"tags":[],"global-categories":[],"class_list":["post-6931","post","type-post","status-publish","format-standard","has-post-thumbnail","hentry","category-orszaguti-kerekpar"],"yoast_head":"<!-- This site is optimized with the Yoast SEO Premium plugin v25.3 (Yoast SEO v25.9) - https:\/\/yoast.com\/wordpress\/plugins\/seo\/ -->\n<title>Valter Attil\u00e1\u00e9 a legjobb fiatalnak j\u00e1r\u00f3 trik\u00f3 - \u0160koda We Love Cycling - Magyarorsz\u00e1g<\/title>\n<meta name=\"robots\" content=\"index, follow, max-snippet:-1, max-image-preview:large, max-video-preview:-1\" \/>\n<link rel=\"canonical\" href=\"https:\/\/www.welovecycling.com\/hu\/orszaguti-kerekpar\/valter-attilae-a-legjobb-fiatalnak-jaro-triko\/\" \/>\n<meta property=\"og:locale\" content=\"hu_HU\" \/>\n<meta property=\"og:type\" content=\"article\" \/>\n<meta property=\"og:title\" content=\"Valter Attil\u00e1\u00e9 a legjobb fiatalnak j\u00e1r\u00f3 trik\u00f3\" \/>\n<meta property=\"og:description\" content=\"Valter Attila szerezte meg a feh\u00e9r trik\u00f3t a febru\u00e1rban megrendezett Tour de Alpes Maritimes et du Var orsz\u00e1g\u00fati versenyen. A [&hellip;]\" \/>\n<meta property=\"og:url\" content=\"https:\/\/www.welovecycling.com\/hu\/orszaguti-kerekpar\/valter-attilae-a-legjobb-fiatalnak-jaro-triko\/\" \/>\n<meta property=\"og:site_name\" content=\"\u0160koda We Love Cycling - Magyarorsz\u00e1g\" \/>\n<meta property=\"article:publisher\" content=\"https:\/\/www.facebook.com\/WeLoveCyclingHungary\/\" \/>\n<meta property=\"article:published_time\" content=\"2020-03-02T07:00:45+00:00\" \/>\n<meta property=\"og:image\" content=\"https:\/\/d2p6e6u75xmxt8.cloudfront.net\/12\/2020\/02\/tour-du-haut-var-2020-anteprima.jpg\" \/>\n\t<meta property=\"og:image:width\" content=\"800\" \/>\n\t<meta property=\"og:image:height\" content=\"485\" \/>\n\t<meta property=\"og:image:type\" content=\"image\/jpeg\" \/>\n<meta name=\"author\" content=\"hegyizs\" \/>\n<meta name=\"twitter:card\" content=\"summary_large_image\" \/>\n<meta name=\"twitter:label1\" content=\"Written by\" \/>\n\t<meta name=\"twitter:data1\" content=\"WLC\" \/>\n\t<meta name=\"twitter:label2\" content=\"Est. reading time\" \/>\n\t<meta name=\"twitter:data2\" content=\"1 minute\" \/>\n<script type=\"application\/ld+json\" class=\"yoast-schema-graph\">{\"@context\":\"https:\/\/schema.org\",\"@graph\":[{\"@type\":\"WebPage\",\"@id\":\"https:\/\/www.welovecycling.com\/hu\/orszaguti-kerekpar\/valter-attilae-a-legjobb-fiatalnak-jaro-triko\/\",\"url\":\"https:\/\/www.welovecycling.com\/hu\/orszaguti-kerekpar\/valter-attilae-a-legjobb-fiatalnak-jaro-triko\/\",\"name\":\"Valter Attil\u00e1\u00e9 a legjobb fiatalnak j\u00e1r\u00f3 trik\u00f3 - \u0160koda We Love Cycling - Magyarorsz\u00e1g\",\"isPartOf\":{\"@id\":\"https:\/\/www.welovecycling.com\/hu\/#website\"},\"primaryImageOfPage\":{\"@id\":\"https:\/\/www.welovecycling.com\/hu\/orszaguti-kerekpar\/valter-attilae-a-legjobb-fiatalnak-jaro-triko\/#primaryimage\"},\"image\":{\"@id\":\"https:\/\/www.welovecycling.com\/hu\/orszaguti-kerekpar\/valter-attilae-a-legjobb-fiatalnak-jaro-triko\/#primaryimage\"},\"thumbnailUrl\":\"https:\/\/d2p6e6u75xmxt8.cloudfront.net\/12\/2020\/02\/tour-du-haut-var-2020-anteprima.jpg\",\"datePublished\":\"2020-03-02T07:00:45+00:00\",\"author\":{\"@id\":\"https:\/\/www.welovecycling.com\/hu\/#\/schema\/person\/414a2aebf1801691a5320edb6468e194\"},\"breadcrumb\":{\"@id\":\"https:\/\/www.welovecycling.com\/hu\/orszaguti-kerekpar\/valter-attilae-a-legjobb-fiatalnak-jaro-triko\/#breadcrumb\"},\"inLanguage\":\"hu\",\"potentialAction\":[{\"@type\":\"ReadAction\",\"target\":[\"https:\/\/www.welovecycling.com\/hu\/orszaguti-kerekpar\/valter-attilae-a-legjobb-fiatalnak-jaro-triko\/\"]}]},{\"@type\":\"ImageObject\",\"inLanguage\":\"hu\",\"@id\":\"https:\/\/www.welovecycling.com\/hu\/orszaguti-kerekpar\/valter-attilae-a-legjobb-fiatalnak-jaro-triko\/#primaryimage\",\"url\":\"https:\/\/d2p6e6u75xmxt8.cloudfront.net\/12\/2020\/02\/tour-du-haut-var-2020-anteprima.jpg\",\"contentUrl\":\"https:\/\/d2p6e6u75xmxt8.cloudfront.net\/12\/2020\/02\/tour-du-haut-var-2020-anteprima.jpg\",\"width\":800,\"height\":485},{\"@type\":\"BreadcrumbList\",\"@id\":\"https:\/\/www.welovecycling.com\/hu\/orszaguti-kerekpar\/valter-attilae-a-legjobb-fiatalnak-jaro-triko\/#breadcrumb\",\"itemListElement\":[{\"@type\":\"ListItem\",\"position\":1,\"name\":\"Home\",\"item\":\"https:\/\/www.welovecycling.com\/hu\/\"},{\"@type\":\"ListItem\",\"position\":2,\"name\":\"Valter Attil\u00e1\u00e9 a legjobb fiatalnak j\u00e1r\u00f3 trik\u00f3\"}]},{\"@type\":\"WebSite\",\"@id\":\"https:\/\/www.welovecycling.com\/hu\/#website\",\"url\":\"https:\/\/www.welovecycling.com\/hu\/\",\"name\":\"\u0160koda We Love Cycling - Magyarorsz\u00e1g\",\"description\":\"\u0160koda WeLoveCycling\",\"potentialAction\":[{\"@type\":\"SearchAction\",\"target\":{\"@type\":\"EntryPoint\",\"urlTemplate\":\"https:\/\/www.welovecycling.com\/hu\/?s={search_term_string}\"},\"query-input\":{\"@type\":\"PropertyValueSpecification\",\"valueRequired\":true,\"valueName\":\"search_term_string\"}}],\"inLanguage\":\"hu\"},{\"@type\":\"Person\",\"@id\":\"https:\/\/www.welovecycling.com\/hu\/#\/schema\/person\/414a2aebf1801691a5320edb6468e194\",\"name\":\"hegyizs\",\"image\":{\"@type\":\"ImageObject\",\"inLanguage\":\"hu\",\"@id\":\"https:\/\/www.welovecycling.com\/hu\/#\/schema\/person\/image\/\",\"url\":\"https:\/\/secure.gravatar.com\/avatar\/02cf8a7906b8cf90cecb4679defac7cfd33a1c2e3b88e4903d947f3bb58eedd3?s=96&d=mm&r=g\",\"contentUrl\":\"https:\/\/secure.gravatar.com\/avatar\/02cf8a7906b8cf90cecb4679defac7cfd33a1c2e3b88e4903d947f3bb58eedd3?s=96&d=mm&r=g\",\"caption\":\"hegyizs\"},\"url\":\"https:\/\/www.welovecycling.com\/hu\/author\/hegyizs\/\"}]}<\/script>\n<!-- \/ Yoast SEO Premium plugin. -->","yoast_head_json":{"title":"Valter Attil\u00e1\u00e9 a legjobb fiatalnak j\u00e1r\u00f3 trik\u00f3 - \u0160koda We Love Cycling - Magyarorsz\u00e1g","robots":{"index":"index","follow":"follow","max-snippet":"max-snippet:-1","max-image-preview":"max-image-preview:large","max-video-preview":"max-video-preview:-1"},"canonical":"https:\/\/www.welovecycling.com\/hu\/orszaguti-kerekpar\/valter-attilae-a-legjobb-fiatalnak-jaro-triko\/","og_locale":"hu_HU","og_type":"article","og_title":"Valter Attil\u00e1\u00e9 a legjobb fiatalnak j\u00e1r\u00f3 trik\u00f3","og_description":"Valter Attila szerezte meg a feh\u00e9r trik\u00f3t a febru\u00e1rban megrendezett Tour de Alpes Maritimes et du Var orsz\u00e1g\u00fati versenyen. A [&hellip;]","og_url":"https:\/\/www.welovecycling.com\/hu\/orszaguti-kerekpar\/valter-attilae-a-legjobb-fiatalnak-jaro-triko\/","og_site_name":"\u0160koda We Love Cycling - Magyarorsz\u00e1g","article_publisher":"https:\/\/www.facebook.com\/WeLoveCyclingHungary\/","article_published_time":"2020-03-02T07:00:45+00:00","og_image":[{"width":800,"height":485,"url":"https:\/\/d2p6e6u75xmxt8.cloudfront.net\/12\/2020\/02\/tour-du-haut-var-2020-anteprima.jpg","type":"image\/jpeg"}],"author":"hegyizs","twitter_card":"summary_large_image","twitter_misc":{"Written by":"WLC","Est. reading time":"1 minute"},"schema":{"@context":"https:\/\/schema.org","@graph":[{"@type":"WebPage","@id":"https:\/\/www.welovecycling.com\/hu\/orszaguti-kerekpar\/valter-attilae-a-legjobb-fiatalnak-jaro-triko\/","url":"https:\/\/www.welovecycling.com\/hu\/orszaguti-kerekpar\/valter-attilae-a-legjobb-fiatalnak-jaro-triko\/","name":"Valter Attil\u00e1\u00e9 a legjobb fiatalnak j\u00e1r\u00f3 trik\u00f3 - \u0160koda We Love Cycling - Magyarorsz\u00e1g","isPartOf":{"@id":"https:\/\/www.welovecycling.com\/hu\/#website"},"primaryImageOfPage":{"@id":"https:\/\/www.welovecycling.com\/hu\/orszaguti-kerekpar\/valter-attilae-a-legjobb-fiatalnak-jaro-triko\/#primaryimage"},"image":{"@id":"https:\/\/www.welovecycling.com\/hu\/orszaguti-kerekpar\/valter-attilae-a-legjobb-fiatalnak-jaro-triko\/#primaryimage"},"thumbnailUrl":"https:\/\/d2p6e6u75xmxt8.cloudfront.net\/12\/2020\/02\/tour-du-haut-var-2020-anteprima.jpg","datePublished":"2020-03-02T07:00:45+00:00","author":{"@id":"https:\/\/www.welovecycling.com\/hu\/#\/schema\/person\/414a2aebf1801691a5320edb6468e194"},"breadcrumb":{"@id":"https:\/\/www.welovecycling.com\/hu\/orszaguti-kerekpar\/valter-attilae-a-legjobb-fiatalnak-jaro-triko\/#breadcrumb"},"inLanguage":"hu","potentialAction":[{"@type":"ReadAction","target":["https:\/\/www.welovecycling.com\/hu\/orszaguti-kerekpar\/valter-attilae-a-legjobb-fiatalnak-jaro-triko\/"]}]},{"@type":"ImageObject","inLanguage":"hu","@id":"https:\/\/www.welovecycling.com\/hu\/orszaguti-kerekpar\/valter-attilae-a-legjobb-fiatalnak-jaro-triko\/#primaryimage","url":"https:\/\/d2p6e6u75xmxt8.cloudfront.net\/12\/2020\/02\/tour-du-haut-var-2020-anteprima.jpg","contentUrl":"https:\/\/d2p6e6u75xmxt8.cloudfront.net\/12\/2020\/02\/tour-du-haut-var-2020-anteprima.jpg","width":800,"height":485},{"@type":"BreadcrumbList","@id":"https:\/\/www.welovecycling.com\/hu\/orszaguti-kerekpar\/valter-attilae-a-legjobb-fiatalnak-jaro-triko\/#breadcrumb","itemListElement":[{"@type":"ListItem","position":1,"name":"Home","item":"https:\/\/www.welovecycling.com\/hu\/"},{"@type":"ListItem","position":2,"name":"Valter Attil\u00e1\u00e9 a legjobb fiatalnak j\u00e1r\u00f3 trik\u00f3"}]},{"@type":"WebSite","@id":"https:\/\/www.welovecycling.com\/hu\/#website","url":"https:\/\/www.welovecycling.com\/hu\/","name":"\u0160koda We Love Cycling - Magyarorsz\u00e1g","description":"\u0160koda WeLoveCycling","potentialAction":[{"@type":"SearchAction","target":{"@type":"EntryPoint","urlTemplate":"https:\/\/www.welovecycling.com\/hu\/?s={search_term_string}"},"query-input":{"@type":"PropertyValueSpecification","valueRequired":true,"valueName":"search_term_string"}}],"inLanguage":"hu"},{"@type":"Person","@id":"https:\/\/www.welovecycling.com\/hu\/#\/schema\/person\/414a2aebf1801691a5320edb6468e194","name":"hegyizs","image":{"@type":"ImageObject","inLanguage":"hu","@id":"https:\/\/www.welovecycling.com\/hu\/#\/schema\/person\/image\/","url":"https:\/\/secure.gravatar.com\/avatar\/02cf8a7906b8cf90cecb4679defac7cfd33a1c2e3b88e4903d947f3bb58eedd3?s=96&d=mm&r=g","contentUrl":"https:\/\/secure.gravatar.com\/avatar\/02cf8a7906b8cf90cecb4679defac7cfd33a1c2e3b88e4903d947f3bb58eedd3?s=96&d=mm&r=g","caption":"hegyizs"},"url":"https:\/\/www.welovecycling.com\/hu\/author\/hegyizs\/"}]}},"_links":{"self":[{"href":"https:\/\/www.welovecycling.com\/hu\/wp-json\/wp\/v2\/posts\/6931","targetHints":{"allow":["GET"]}}],"collection":[{"href":"https:\/\/www.welovecycling.com\/hu\/wp-json\/wp\/v2\/posts"}],"about":[{"href":"https:\/\/www.welovecycling.com\/hu\/wp-json\/wp\/v2\/types\/post"}],"author":[{"embeddable":true,"href":"https:\/\/www.welovecycling.com\/hu\/wp-json\/wp\/v2\/users\/71"}],"replies":[{"embeddable":true,"href":"https:\/\/www.welovecycling.com\/hu\/wp-json\/wp\/v2\/comments?post=6931"}],"version-history":[{"count":1,"href":"https:\/\/www.welovecycling.com\/hu\/wp-json\/wp\/v2\/posts\/6931\/revisions"}],"predecessor-version":[{"id":6935,"href":"https:\/\/www.welovecycling.com\/hu\/wp-json\/wp\/v2\/posts\/6931\/revisions\/6935"}],"wp:featuredmedia":[{"embeddable":true,"href":"https:\/\/www.welovecycling.com\/hu\/wp-json\/wp\/v2\/media\/6932"}],"wp:attachment":[{"href":"https:\/\/www.welovecycling.com\/hu\/wp-json\/wp\/v2\/media?parent=6931"}],"wp:term":[{"taxonomy":"category","embeddable":true,"href":"https:\/\/www.welovecycling.com\/hu\/wp-json\/wp\/v2\/categories?post=6931"},{"taxonomy":"post_tag","embeddable":true,"href":"https:\/\/www.welovecycling.com\/hu\/wp-json\/wp\/v2\/tags?post=6931"},{"taxonomy":"global-categories","embeddable":true,"href":"https:\/\/www.welovecycling.com\/hu\/wp-json\/wp\/v2\/global-categories?post=6931"}],"curies":[{"name":"wp","href":"https:\/\/api.w.org\/{rel}","templated":true}]}}