{"id":6924,"date":"2020-03-03T08:00:16","date_gmt":"2020-03-03T07:00:16","guid":{"rendered":"https:\/\/www.welovecycling.com\/hu\/?p=6924"},"modified":"2020-02-28T14:15:33","modified_gmt":"2020-02-28T13:15:33","slug":"lehetne-e-jobb-az-orszagutink","status":"publish","type":"post","link":"https:\/\/www.welovecycling.com\/hu\/orszaguti-kerekpar\/lehetne-e-jobb-az-orszagutink\/","title":{"rendered":"Lehetne-e jobb az orsz\u00e1g\u00fatink?"},"content":{"rendered":"<p><strong>A gravel biciklik, az e-ker\u00e9kp\u00e1rok \u00e9s a montik szinte k\u00f6vethetetlen\u00fcl gyorsan fejl\u0151dnek, az orsz\u00e1g\u00fati viszont valahogy marad a r\u00e9gi. Vajon az\u00e9rt, mert ez a legjobb form\u00e1ja?<\/strong><!--more--><\/p>\n<p>Az orsz\u00e1g\u00fati ker\u00e9kp\u00e1rok gyakorlatilag 20 \u00e9ve ugyan\u00fagy n\u00e9znek ki. El\u00e9g, ha \u00f6sszehasonl\u00edtunk egy 1997-es CAAD3 \u00e9s egy 2019-es SuperSix Evo Cannondale modellt, hogy l\u00e1ssuk, milyen kev\u00e9s k\u00f6zt\u00fck a k\u00fcl\u00f6nbs\u00e9g. M\u00e1r k\u00fcls\u0151re is szinte ugyanolyanok, az egyes alkatr\u00e9szek m\u00e9rete majdnem millim\u00e9terre pontosan megegyeznek, mind\u00f6ssze a gumik lettek 2 mm-el sz\u00e9lesebbek. Technol\u00f3gia szintj\u00e9n pedig ami \u00faj, azt mind a mountain bike-okt\u00f3l vett\u00e9k \u00e1t.<\/p>\n<figure id=\"attachment_6926\" aria-describedby=\"caption-attachment-6926\" style=\"width: 1024px\" class=\"wp-caption aligncenter\"><img loading=\"lazy\" decoding=\"async\" class=\"size-large wp-image-6926\" src=\"https:\/\/d2p6e6u75xmxt8.cloudfront.net\/12\/2020\/02\/large_IMAG0729-1024x576.jpg\" alt=\"\" width=\"1024\" height=\"576\" srcset=\"https:\/\/d2p6e6u75xmxt8.cloudfront.net\/12\/2020\/02\/large_IMAG0729-1024x576.jpg 1024w, https:\/\/d2p6e6u75xmxt8.cloudfront.net\/12\/2020\/02\/large_IMAG0729-300x169.jpg 300w, https:\/\/d2p6e6u75xmxt8.cloudfront.net\/12\/2020\/02\/large_IMAG0729-768x432.jpg 768w, https:\/\/d2p6e6u75xmxt8.cloudfront.net\/12\/2020\/02\/large_IMAG0729.jpg 1200w\" sizes=\"auto, (max-width: 1024px) 100vw, 1024px\" \/><figcaption id=\"caption-attachment-6926\" class=\"wp-caption-text\">Cannondale CAAD3, 1997<\/figcaption><\/figure>\n<figure id=\"attachment_6927\" aria-describedby=\"caption-attachment-6927\" style=\"width: 960px\" class=\"wp-caption aligncenter\"><img loading=\"lazy\" decoding=\"async\" class=\"size-full wp-image-6927\" src=\"https:\/\/d2p6e6u75xmxt8.cloudfront.net\/12\/2020\/02\/cannondale-supersix-evo-2020-0011-straightened-1561734899.jpg\" alt=\"\" width=\"960\" height=\"717\" srcset=\"https:\/\/d2p6e6u75xmxt8.cloudfront.net\/12\/2020\/02\/cannondale-supersix-evo-2020-0011-straightened-1561734899.jpg 960w, https:\/\/d2p6e6u75xmxt8.cloudfront.net\/12\/2020\/02\/cannondale-supersix-evo-2020-0011-straightened-1561734899-300x224.jpg 300w, https:\/\/d2p6e6u75xmxt8.cloudfront.net\/12\/2020\/02\/cannondale-supersix-evo-2020-0011-straightened-1561734899-768x574.jpg 768w\" sizes=\"auto, (max-width: 960px) 100vw, 960px\" \/><figcaption id=\"caption-attachment-6927\" class=\"wp-caption-text\">Cannondale SuperSix Evo, 2019<\/figcaption><\/figure>\n<p>A legnagyobb v\u00e1ltoz\u00e1s aerodinamikai szempontb\u00f3l t\u00f6rt\u00e9nt, ez azonban aligha mondhat\u00f3 innov\u00e1ci\u00f3nak, ink\u00e1bb egy kisebb csavar a diz\u00e1jnban.<\/p>\n<p>Ezzel szemben az MTB-ipar hihetetlen \u00fctemben fejl\u0151dik, 20 \u00e9v alatt szinte minden r\u00e9szleten v\u00e1ltoztattak m\u00e1r valamit, mik\u00f6zben az orsz\u00e1g\u00fati ebben a k\u00e9t \u00e9vtizedben alig tud valami \u00fajat felmutatni. Mi\u00e9rt van ez \u00edgy?<\/p>\n<p>Az egyik ok biztosan az UCI szigor\u00fa szab\u00e1lyoz\u00e1saiban rejlik. A szervezet sz\u00e1mos rendeletet hozott a felszerel\u00e9ssel kapcsolatban, hogy az orsz\u00e1g\u00fati versenyeken ne a bring\u00e1k, hanem az emberek m\u00e9rj\u00e9k \u00f6ssze erej\u00fcket \u2013 ez a hivatalos \u00e1ll\u00e1spont. Azonban ezek a szab\u00e1lyoz\u00e1sok olyan szigor\u00faak, hogy 20 \u00e9v alatt szinte teljesen homog\u00e9nn\u00e9 v\u00e1lt a felhozatal: ugyanaz a forma, diz\u00e1jn, teljes\u00edtm\u00e9ny, puszt\u00e1n a v\u00e1zon l\u00e1that\u00f3 log\u00f3 m\u00e1s.<\/p>\n<p>Amat\u0151r bring\u00e1sk\u00e9nt nem kellene foglalkoznunk az UCI szab\u00e1lyoz\u00e1saival, azonban ezek minket is \u00e9rintenek. Alapelvk\u00e9nt fektett\u00e9k p\u00e9ld\u00e1ul le, hogy minden, a versenyz\u0151k sz\u00e1m\u00e1ra el\u00e9rhet\u0151 felszerel\u00e9snek az amat\u0151r piacon is meg kell jelennie. \u00cdgy viszont nem k\u00e9sz\u00fclnek a hobbi-bring\u00e1sok ig\u00e9nyeire szabott modellek, nem jelenik meg az innovat\u00edv gondolkod\u00e1s. Azok a ker\u00e9kp\u00e1rok, melyeken a versenyz\u0151k \u00fclnek, szinte soha nem ide\u00e1lisak egy amat\u0151r sz\u00e1m\u00e1ra.<\/p>\n<p><img loading=\"lazy\" decoding=\"async\" class=\"aligncenter size-large wp-image-6928\" src=\"https:\/\/d2p6e6u75xmxt8.cloudfront.net\/12\/2020\/02\/cycling-655565_1280-1024x731.jpg\" alt=\"\" width=\"1024\" height=\"731\" srcset=\"https:\/\/d2p6e6u75xmxt8.cloudfront.net\/12\/2020\/02\/cycling-655565_1280-1024x731.jpg 1024w, https:\/\/d2p6e6u75xmxt8.cloudfront.net\/12\/2020\/02\/cycling-655565_1280-300x214.jpg 300w, https:\/\/d2p6e6u75xmxt8.cloudfront.net\/12\/2020\/02\/cycling-655565_1280-768x548.jpg 768w, https:\/\/d2p6e6u75xmxt8.cloudfront.net\/12\/2020\/02\/cycling-655565_1280.jpg 1280w\" sizes=\"auto, (max-width: 1024px) 100vw, 1024px\" \/><\/p>\n<p>Sajnos nem t\u0171nik \u00fagy, hogy az UCI szab\u00e1lyoz\u00e1sai el\u0151seg\u00edten\u00e9k az ipar\u00e1g fejl\u0151d\u00e9s\u00e9t, nem kapunk \u00faj megold\u00e1sokat, \u0151r\u00fclt diz\u00e1jnokat, k\u00fcl\u00f6nb\u00f6z\u0151 ker\u00e9km\u00e9reteket. Ez\u00e9rt azonban nem csak a gy\u00e1rt\u00f3k \u00e9s a szab\u00e1lyok felel\u0151sek, hanem mi, v\u00e1s\u00e1rl\u00f3k is. Ha megvessz\u00fck azt, ami el\u00e9rhet\u0151, mi\u00e9rt is \u00e1ruln\u00e1nak m\u00e1st?<\/p>\n<p>Az orsz\u00e1g\u00fati bring\u00e1soknak csak egy kis sz\u00e1zal\u00e9ka versenyzik, r\u00e1ad\u00e1sul k\u00f6z\u00fcl\u00fck sem mindenki UCI-szab\u00e1lyozta esem\u00e9nyeken. M\u00e9gis a piac olyan kl\u00f3nokb\u00f3l \u00e1ll, amik megfelelnek a sztenderdeknek. Semmi szem\u00e9lyre szabotts\u00e1g, semmi k\u00edv\u00e1ncsis\u00e1g. Pedig ha a gravelek, montik \u00e9s endurance biciklik lehetnek jobbak, akkor nagy es\u00e9llyel az orsz\u00e1g\u00fatik is lehetn\u00e9nek.<\/p>\n<p><em>Forr\u00e1s: <\/em><a href=\"https:\/\/www.bicycling.com\/bikes-gear\/a30790281\/road-race-bike-as-good-as-it-gets\/\" target=\"_blank\" rel=\"noopener\"><em>bicycling.com<\/em><\/a><\/p>\n","protected":false},"excerpt":{"rendered":"<p>A gravel biciklik, az e-ker\u00e9kp\u00e1rok \u00e9s a montik szinte k\u00f6vethetetlen\u00fcl gyorsan fejl\u0151dnek, az orsz\u00e1g\u00fati viszont valahogy marad a r\u00e9gi. Vajon [&hellip;]<\/p>\n","protected":false},"author":71,"featured_media":6925,"comment_status":"open","ping_status":"open","sticky":false,"template":"","format":"standard","meta":{"footnotes":""},"categories":[8],"tags":[],"global-categories":[],"class_list":["post-6924","post","type-post","status-publish","format-standard","has-post-thumbnail","hentry","category-orszaguti-kerekpar"],"yoast_head":"<!-- This site is optimized with the Yoast SEO Premium plugin v25.3 (Yoast SEO v25.9) - https:\/\/yoast.com\/wordpress\/plugins\/seo\/ -->\n<title>Lehetne-e jobb az orsz\u00e1g\u00fatink? - \u0160koda We Love Cycling - Magyarorsz\u00e1g<\/title>\n<meta name=\"robots\" content=\"index, follow, max-snippet:-1, max-image-preview:large, max-video-preview:-1\" \/>\n<link rel=\"canonical\" href=\"https:\/\/www.welovecycling.com\/hu\/orszaguti-kerekpar\/lehetne-e-jobb-az-orszagutink\/\" \/>\n<meta property=\"og:locale\" content=\"hu_HU\" \/>\n<meta property=\"og:type\" content=\"article\" \/>\n<meta property=\"og:title\" content=\"Lehetne-e jobb az orsz\u00e1g\u00fatink?\" \/>\n<meta property=\"og:description\" content=\"A gravel biciklik, az e-ker\u00e9kp\u00e1rok \u00e9s a montik szinte k\u00f6vethetetlen\u00fcl gyorsan fejl\u0151dnek, az orsz\u00e1g\u00fati viszont valahogy marad a r\u00e9gi. Vajon [&hellip;]\" \/>\n<meta property=\"og:url\" content=\"https:\/\/www.welovecycling.com\/hu\/orszaguti-kerekpar\/lehetne-e-jobb-az-orszagutink\/\" \/>\n<meta property=\"og:site_name\" content=\"\u0160koda We Love Cycling - Magyarorsz\u00e1g\" \/>\n<meta property=\"article:publisher\" content=\"https:\/\/www.facebook.com\/WeLoveCyclingHungary\/\" \/>\n<meta property=\"article:published_time\" content=\"2020-03-03T07:00:16+00:00\" \/>\n<meta property=\"og:image\" content=\"https:\/\/d2p6e6u75xmxt8.cloudfront.net\/12\/2020\/02\/bike-867229_1280.jpg\" \/>\n\t<meta property=\"og:image:width\" content=\"1280\" \/>\n\t<meta property=\"og:image:height\" content=\"960\" \/>\n\t<meta property=\"og:image:type\" content=\"image\/jpeg\" \/>\n<meta name=\"author\" content=\"hegyizs\" \/>\n<meta name=\"twitter:card\" content=\"summary_large_image\" \/>\n<meta name=\"twitter:label1\" content=\"Written by\" \/>\n\t<meta name=\"twitter:data1\" content=\"WLC\" \/>\n\t<meta name=\"twitter:label2\" content=\"Est. reading time\" \/>\n\t<meta name=\"twitter:data2\" content=\"3 minutes\" \/>\n<script type=\"application\/ld+json\" class=\"yoast-schema-graph\">{\"@context\":\"https:\/\/schema.org\",\"@graph\":[{\"@type\":\"WebPage\",\"@id\":\"https:\/\/www.welovecycling.com\/hu\/orszaguti-kerekpar\/lehetne-e-jobb-az-orszagutink\/\",\"url\":\"https:\/\/www.welovecycling.com\/hu\/orszaguti-kerekpar\/lehetne-e-jobb-az-orszagutink\/\",\"name\":\"Lehetne-e jobb az orsz\u00e1g\u00fatink? - \u0160koda We Love Cycling - Magyarorsz\u00e1g\",\"isPartOf\":{\"@id\":\"https:\/\/www.welovecycling.com\/hu\/#website\"},\"primaryImageOfPage\":{\"@id\":\"https:\/\/www.welovecycling.com\/hu\/orszaguti-kerekpar\/lehetne-e-jobb-az-orszagutink\/#primaryimage\"},\"image\":{\"@id\":\"https:\/\/www.welovecycling.com\/hu\/orszaguti-kerekpar\/lehetne-e-jobb-az-orszagutink\/#primaryimage\"},\"thumbnailUrl\":\"https:\/\/d2p6e6u75xmxt8.cloudfront.net\/12\/2020\/02\/bike-867229_1280.jpg\",\"datePublished\":\"2020-03-03T07:00:16+00:00\",\"author\":{\"@id\":\"https:\/\/www.welovecycling.com\/hu\/#\/schema\/person\/414a2aebf1801691a5320edb6468e194\"},\"breadcrumb\":{\"@id\":\"https:\/\/www.welovecycling.com\/hu\/orszaguti-kerekpar\/lehetne-e-jobb-az-orszagutink\/#breadcrumb\"},\"inLanguage\":\"hu\",\"potentialAction\":[{\"@type\":\"ReadAction\",\"target\":[\"https:\/\/www.welovecycling.com\/hu\/orszaguti-kerekpar\/lehetne-e-jobb-az-orszagutink\/\"]}]},{\"@type\":\"ImageObject\",\"inLanguage\":\"hu\",\"@id\":\"https:\/\/www.welovecycling.com\/hu\/orszaguti-kerekpar\/lehetne-e-jobb-az-orszagutink\/#primaryimage\",\"url\":\"https:\/\/d2p6e6u75xmxt8.cloudfront.net\/12\/2020\/02\/bike-867229_1280.jpg\",\"contentUrl\":\"https:\/\/d2p6e6u75xmxt8.cloudfront.net\/12\/2020\/02\/bike-867229_1280.jpg\",\"width\":1280,\"height\":960},{\"@type\":\"BreadcrumbList\",\"@id\":\"https:\/\/www.welovecycling.com\/hu\/orszaguti-kerekpar\/lehetne-e-jobb-az-orszagutink\/#breadcrumb\",\"itemListElement\":[{\"@type\":\"ListItem\",\"position\":1,\"name\":\"Home\",\"item\":\"https:\/\/www.welovecycling.com\/hu\/\"},{\"@type\":\"ListItem\",\"position\":2,\"name\":\"Lehetne-e jobb az orsz\u00e1g\u00fatink?\"}]},{\"@type\":\"WebSite\",\"@id\":\"https:\/\/www.welovecycling.com\/hu\/#website\",\"url\":\"https:\/\/www.welovecycling.com\/hu\/\",\"name\":\"\u0160koda We Love Cycling - Magyarorsz\u00e1g\",\"description\":\"\u0160koda WeLoveCycling\",\"potentialAction\":[{\"@type\":\"SearchAction\",\"target\":{\"@type\":\"EntryPoint\",\"urlTemplate\":\"https:\/\/www.welovecycling.com\/hu\/?s={search_term_string}\"},\"query-input\":{\"@type\":\"PropertyValueSpecification\",\"valueRequired\":true,\"valueName\":\"search_term_string\"}}],\"inLanguage\":\"hu\"},{\"@type\":\"Person\",\"@id\":\"https:\/\/www.welovecycling.com\/hu\/#\/schema\/person\/414a2aebf1801691a5320edb6468e194\",\"name\":\"hegyizs\",\"image\":{\"@type\":\"ImageObject\",\"inLanguage\":\"hu\",\"@id\":\"https:\/\/www.welovecycling.com\/hu\/#\/schema\/person\/image\/\",\"url\":\"https:\/\/secure.gravatar.com\/avatar\/02cf8a7906b8cf90cecb4679defac7cfd33a1c2e3b88e4903d947f3bb58eedd3?s=96&d=mm&r=g\",\"contentUrl\":\"https:\/\/secure.gravatar.com\/avatar\/02cf8a7906b8cf90cecb4679defac7cfd33a1c2e3b88e4903d947f3bb58eedd3?s=96&d=mm&r=g\",\"caption\":\"hegyizs\"},\"url\":\"https:\/\/www.welovecycling.com\/hu\/author\/hegyizs\/\"}]}<\/script>\n<!-- \/ Yoast SEO Premium plugin. -->","yoast_head_json":{"title":"Lehetne-e jobb az orsz\u00e1g\u00fatink? - \u0160koda We Love Cycling - Magyarorsz\u00e1g","robots":{"index":"index","follow":"follow","max-snippet":"max-snippet:-1","max-image-preview":"max-image-preview:large","max-video-preview":"max-video-preview:-1"},"canonical":"https:\/\/www.welovecycling.com\/hu\/orszaguti-kerekpar\/lehetne-e-jobb-az-orszagutink\/","og_locale":"hu_HU","og_type":"article","og_title":"Lehetne-e jobb az orsz\u00e1g\u00fatink?","og_description":"A gravel biciklik, az e-ker\u00e9kp\u00e1rok \u00e9s a montik szinte k\u00f6vethetetlen\u00fcl gyorsan fejl\u0151dnek, az orsz\u00e1g\u00fati viszont valahogy marad a r\u00e9gi. Vajon [&hellip;]","og_url":"https:\/\/www.welovecycling.com\/hu\/orszaguti-kerekpar\/lehetne-e-jobb-az-orszagutink\/","og_site_name":"\u0160koda We Love Cycling - Magyarorsz\u00e1g","article_publisher":"https:\/\/www.facebook.com\/WeLoveCyclingHungary\/","article_published_time":"2020-03-03T07:00:16+00:00","og_image":[{"width":1280,"height":960,"url":"https:\/\/d2p6e6u75xmxt8.cloudfront.net\/12\/2020\/02\/bike-867229_1280.jpg","type":"image\/jpeg"}],"author":"hegyizs","twitter_card":"summary_large_image","twitter_misc":{"Written by":"WLC","Est. reading time":"3 minutes"},"schema":{"@context":"https:\/\/schema.org","@graph":[{"@type":"WebPage","@id":"https:\/\/www.welovecycling.com\/hu\/orszaguti-kerekpar\/lehetne-e-jobb-az-orszagutink\/","url":"https:\/\/www.welovecycling.com\/hu\/orszaguti-kerekpar\/lehetne-e-jobb-az-orszagutink\/","name":"Lehetne-e jobb az orsz\u00e1g\u00fatink? - \u0160koda We Love Cycling - Magyarorsz\u00e1g","isPartOf":{"@id":"https:\/\/www.welovecycling.com\/hu\/#website"},"primaryImageOfPage":{"@id":"https:\/\/www.welovecycling.com\/hu\/orszaguti-kerekpar\/lehetne-e-jobb-az-orszagutink\/#primaryimage"},"image":{"@id":"https:\/\/www.welovecycling.com\/hu\/orszaguti-kerekpar\/lehetne-e-jobb-az-orszagutink\/#primaryimage"},"thumbnailUrl":"https:\/\/d2p6e6u75xmxt8.cloudfront.net\/12\/2020\/02\/bike-867229_1280.jpg","datePublished":"2020-03-03T07:00:16+00:00","author":{"@id":"https:\/\/www.welovecycling.com\/hu\/#\/schema\/person\/414a2aebf1801691a5320edb6468e194"},"breadcrumb":{"@id":"https:\/\/www.welovecycling.com\/hu\/orszaguti-kerekpar\/lehetne-e-jobb-az-orszagutink\/#breadcrumb"},"inLanguage":"hu","potentialAction":[{"@type":"ReadAction","target":["https:\/\/www.welovecycling.com\/hu\/orszaguti-kerekpar\/lehetne-e-jobb-az-orszagutink\/"]}]},{"@type":"ImageObject","inLanguage":"hu","@id":"https:\/\/www.welovecycling.com\/hu\/orszaguti-kerekpar\/lehetne-e-jobb-az-orszagutink\/#primaryimage","url":"https:\/\/d2p6e6u75xmxt8.cloudfront.net\/12\/2020\/02\/bike-867229_1280.jpg","contentUrl":"https:\/\/d2p6e6u75xmxt8.cloudfront.net\/12\/2020\/02\/bike-867229_1280.jpg","width":1280,"height":960},{"@type":"BreadcrumbList","@id":"https:\/\/www.welovecycling.com\/hu\/orszaguti-kerekpar\/lehetne-e-jobb-az-orszagutink\/#breadcrumb","itemListElement":[{"@type":"ListItem","position":1,"name":"Home","item":"https:\/\/www.welovecycling.com\/hu\/"},{"@type":"ListItem","position":2,"name":"Lehetne-e jobb az orsz\u00e1g\u00fatink?"}]},{"@type":"WebSite","@id":"https:\/\/www.welovecycling.com\/hu\/#website","url":"https:\/\/www.welovecycling.com\/hu\/","name":"\u0160koda We Love Cycling - Magyarorsz\u00e1g","description":"\u0160koda WeLoveCycling","potentialAction":[{"@type":"SearchAction","target":{"@type":"EntryPoint","urlTemplate":"https:\/\/www.welovecycling.com\/hu\/?s={search_term_string}"},"query-input":{"@type":"PropertyValueSpecification","valueRequired":true,"valueName":"search_term_string"}}],"inLanguage":"hu"},{"@type":"Person","@id":"https:\/\/www.welovecycling.com\/hu\/#\/schema\/person\/414a2aebf1801691a5320edb6468e194","name":"hegyizs","image":{"@type":"ImageObject","inLanguage":"hu","@id":"https:\/\/www.welovecycling.com\/hu\/#\/schema\/person\/image\/","url":"https:\/\/secure.gravatar.com\/avatar\/02cf8a7906b8cf90cecb4679defac7cfd33a1c2e3b88e4903d947f3bb58eedd3?s=96&d=mm&r=g","contentUrl":"https:\/\/secure.gravatar.com\/avatar\/02cf8a7906b8cf90cecb4679defac7cfd33a1c2e3b88e4903d947f3bb58eedd3?s=96&d=mm&r=g","caption":"hegyizs"},"url":"https:\/\/www.welovecycling.com\/hu\/author\/hegyizs\/"}]}},"_links":{"self":[{"href":"https:\/\/www.welovecycling.com\/hu\/wp-json\/wp\/v2\/posts\/6924","targetHints":{"allow":["GET"]}}],"collection":[{"href":"https:\/\/www.welovecycling.com\/hu\/wp-json\/wp\/v2\/posts"}],"about":[{"href":"https:\/\/www.welovecycling.com\/hu\/wp-json\/wp\/v2\/types\/post"}],"author":[{"embeddable":true,"href":"https:\/\/www.welovecycling.com\/hu\/wp-json\/wp\/v2\/users\/71"}],"replies":[{"embeddable":true,"href":"https:\/\/www.welovecycling.com\/hu\/wp-json\/wp\/v2\/comments?post=6924"}],"version-history":[{"count":2,"href":"https:\/\/www.welovecycling.com\/hu\/wp-json\/wp\/v2\/posts\/6924\/revisions"}],"predecessor-version":[{"id":6930,"href":"https:\/\/www.welovecycling.com\/hu\/wp-json\/wp\/v2\/posts\/6924\/revisions\/6930"}],"wp:featuredmedia":[{"embeddable":true,"href":"https:\/\/www.welovecycling.com\/hu\/wp-json\/wp\/v2\/media\/6925"}],"wp:attachment":[{"href":"https:\/\/www.welovecycling.com\/hu\/wp-json\/wp\/v2\/media?parent=6924"}],"wp:term":[{"taxonomy":"category","embeddable":true,"href":"https:\/\/www.welovecycling.com\/hu\/wp-json\/wp\/v2\/categories?post=6924"},{"taxonomy":"post_tag","embeddable":true,"href":"https:\/\/www.welovecycling.com\/hu\/wp-json\/wp\/v2\/tags?post=6924"},{"taxonomy":"global-categories","embeddable":true,"href":"https:\/\/www.welovecycling.com\/hu\/wp-json\/wp\/v2\/global-categories?post=6924"}],"curies":[{"name":"wp","href":"https:\/\/api.w.org\/{rel}","templated":true}]}}