{"id":6920,"date":"2020-02-29T08:00:04","date_gmt":"2020-02-29T07:00:04","guid":{"rendered":"https:\/\/www.welovecycling.com\/hu\/?p=6920"},"modified":"2020-02-21T16:35:11","modified_gmt":"2020-02-21T15:35:11","slug":"patrick-dempsey-mint-az-amerikai-olimpiai-csapat-tiszteletbeli-kapitanya","status":"publish","type":"post","link":"https:\/\/www.welovecycling.com\/hu\/kozosseg-es-kultura\/patrick-dempsey-mint-az-amerikai-olimpiai-csapat-tiszteletbeli-kapitanya\/","title":{"rendered":"Patrick Dempsey, mint az amerikai olimpiai csapat tiszteletbeli kapit\u00e1nya"},"content":{"rendered":"<p><strong>Az amerikai ker\u00e9kp\u00e1roz\u00e1s\u00e9rt tett er\u0151fesz\u00edt\u00e9seit m\u00e9ltatva helyezt\u00e9k Patrick Dempseyt az USA olimpiai csapat\u00e1nak \u00e9l\u00e9re.<\/strong><!--more--><\/p>\n<p>A sajt\u00f3t\u00e1j\u00e9koztat\u00f3ban \u00edgy jelent meg a h\u00edr: <em>\u201eaz egy\u00fcttm\u0171k\u00f6d\u00e9s egy term\u00e9szetes kiterjeszt\u00e9se annak, amit Dempsey m\u00e1r eddig is tett a ker\u00e9kp\u00e1ros vil\u00e1g\u00e9rt.\u201d <\/em>A csapat vezet\u0151je Rob DeMartini a sz\u00edn\u00e9sz seg\u00edts\u00e9g\u00e9vel szeretn\u00e9 n\u00e9pszer\u0171s\u00edteni a sport\u00e1gat, \u00e9s a toki\u00f3i olimpi\u00e1ra k\u00e9sz\u00fcl\u0151 amerikai v\u00e1logatottat.<\/p>\n<p>Dempsey m\u00e1r j\u00f3 ideje elk\u00f6telezett t\u00e1mogat\u00f3ja a ker\u00e9kp\u00e1roz\u00e1snak. Gyerekkor\u00e1ban nemcsak sz\u00fcl\u0151v\u00e1rosa utc\u00e1in tekert, hanem a hegyekben is, \u00e9s a BMX-eket sem vetette meg. 2007-ben von\u00f3dott be m\u00e9g nagyobb m\u00e9rt\u00e9kben a sport\u00e1gba, amikor egy olyan szervezettel m\u0171k\u00f6d\u00f6tt egy\u00fctt, akik a r\u00e1kos megbeteged\u00e9sek ellen harcoltak.<\/p>\n<p><em>\u201eSzenved\u00e9lyes bring\u00e1s vagyok, m\u00e1r \u00e9vek \u00f3ta, ilyen lehet\u0151s\u00e9g pedig csak egyszer ad\u00f3dik az \u00e9letben, nem hagyhatom ki\u201d<\/em> \u2013 nyilatkozta Dempsey. <em>\u201eA ker\u00e9kp\u00e1roz\u00e1s nem csak egy sport, ez egy \u00e9letst\u00edlus, \u00e9s fontos, hogy felh\u00edvjuk r\u00e1 a figyelmet. Nagyon szerencs\u00e9snek \u00e9rzem magam, hogy szerepet j\u00e1tszhatok ebben.\u201d<\/em><\/p>\n<p>A sz\u00edn\u00e9sz m\u00e1r kor\u00e1bban is haszn\u00e1lta j\u00f3 c\u00e9lra ismerts\u00e9g\u00e9t, amikor adom\u00e1nyokat gy\u0171jt\u00f6tt non-profit szervezete sz\u00e1m\u00e1ra. A Dempsey Center a r\u00e1kos megbeteged\u00e9ssel k\u00fczd\u0151ket t\u00e1mogatja.<\/p>\n<p><img loading=\"lazy\" decoding=\"async\" class=\"aligncenter size-full wp-image-6921\" src=\"https:\/\/d2p6e6u75xmxt8.cloudfront.net\/12\/2020\/02\/photo-by-tim-greenway-staff-photographer-patrick-dempsey-news-photo-1581628428.jpg\" alt=\"\" width=\"960\" height=\"640\" srcset=\"https:\/\/d2p6e6u75xmxt8.cloudfront.net\/12\/2020\/02\/photo-by-tim-greenway-staff-photographer-patrick-dempsey-news-photo-1581628428.jpg 960w, https:\/\/d2p6e6u75xmxt8.cloudfront.net\/12\/2020\/02\/photo-by-tim-greenway-staff-photographer-patrick-dempsey-news-photo-1581628428-300x200.jpg 300w, https:\/\/d2p6e6u75xmxt8.cloudfront.net\/12\/2020\/02\/photo-by-tim-greenway-staff-photographer-patrick-dempsey-news-photo-1581628428-768x512.jpg 768w, https:\/\/d2p6e6u75xmxt8.cloudfront.net\/12\/2020\/02\/photo-by-tim-greenway-staff-photographer-patrick-dempsey-news-photo-1581628428-272x182.jpg 272w\" sizes=\"auto, (max-width: 960px) 100vw, 960px\" \/><\/p>\n<p>Minden szeptemberben szerveznek egy fut\u00f3-\u00e9s biciklis adom\u00e1nygy\u0171jt\u00e9st, ez az \u00fan. Dempsey Challenge. Tavaly 1,2 milli\u00f3 doll\u00e1rt gy\u0171jt\u00f6ttek \u00f6ssze az esem\u00e9nyen.<\/p>\n<p><em>Forr\u00e1s: <\/em><a href=\"https:\/\/www.bicycling.com\/news\/a30917070\/patrick-dempsey-2020-us-olympic-cycling-team-honorary-captain\/\"><em>bicycling.com<\/em><\/a><\/p>\n","protected":false},"excerpt":{"rendered":"<p>Az amerikai ker\u00e9kp\u00e1roz\u00e1s\u00e9rt tett er\u0151fesz\u00edt\u00e9seit m\u00e9ltatva helyezt\u00e9k Patrick Dempseyt az USA olimpiai csapat\u00e1nak \u00e9l\u00e9re.<\/p>\n","protected":false},"author":71,"featured_media":6922,"comment_status":"open","ping_status":"open","sticky":false,"template":"","format":"standard","meta":{"footnotes":""},"categories":[12],"tags":[],"global-categories":[],"class_list":["post-6920","post","type-post","status-publish","format-standard","has-post-thumbnail","hentry","category-kozosseg-es-kultura"],"yoast_head":"<!-- This site is optimized with the Yoast SEO Premium plugin v25.3 (Yoast SEO v25.9) - https:\/\/yoast.com\/wordpress\/plugins\/seo\/ -->\n<title>Patrick Dempsey, mint az amerikai olimpiai csapat tiszteletbeli kapit\u00e1nya - \u0160koda We Love Cycling - Magyarorsz\u00e1g<\/title>\n<meta name=\"robots\" content=\"index, follow, max-snippet:-1, max-image-preview:large, max-video-preview:-1\" \/>\n<link rel=\"canonical\" href=\"https:\/\/www.welovecycling.com\/hu\/kozosseg-es-kultura\/patrick-dempsey-mint-az-amerikai-olimpiai-csapat-tiszteletbeli-kapitanya\/\" \/>\n<meta property=\"og:locale\" content=\"hu_HU\" \/>\n<meta property=\"og:type\" content=\"article\" \/>\n<meta property=\"og:title\" content=\"Patrick Dempsey, mint az amerikai olimpiai csapat tiszteletbeli kapit\u00e1nya\" \/>\n<meta property=\"og:description\" content=\"Az amerikai ker\u00e9kp\u00e1roz\u00e1s\u00e9rt tett er\u0151fesz\u00edt\u00e9seit m\u00e9ltatva helyezt\u00e9k Patrick Dempseyt az USA olimpiai csapat\u00e1nak \u00e9l\u00e9re.\" \/>\n<meta property=\"og:url\" content=\"https:\/\/www.welovecycling.com\/hu\/kozosseg-es-kultura\/patrick-dempsey-mint-az-amerikai-olimpiai-csapat-tiszteletbeli-kapitanya\/\" \/>\n<meta property=\"og:site_name\" content=\"\u0160koda We Love Cycling - Magyarorsz\u00e1g\" \/>\n<meta property=\"article:publisher\" content=\"https:\/\/www.facebook.com\/WeLoveCyclingHungary\/\" \/>\n<meta property=\"article:published_time\" content=\"2020-02-29T07:00:04+00:00\" \/>\n<meta property=\"og:image\" content=\"https:\/\/d2p6e6u75xmxt8.cloudfront.net\/12\/2020\/02\/staff-photo-by-derek-davis-dempsey-challenge-2011-actor-news-photo.jpg\" \/>\n\t<meta property=\"og:image:width\" content=\"1400\" \/>\n\t<meta property=\"og:image:height\" content=\"701\" \/>\n\t<meta property=\"og:image:type\" content=\"image\/jpeg\" \/>\n<meta name=\"author\" content=\"hegyizs\" \/>\n<meta name=\"twitter:card\" content=\"summary_large_image\" \/>\n<meta name=\"twitter:label1\" content=\"Written by\" \/>\n\t<meta name=\"twitter:data1\" content=\"WLC\" \/>\n\t<meta name=\"twitter:label2\" content=\"Est. reading time\" \/>\n\t<meta name=\"twitter:data2\" content=\"1 minute\" \/>\n<script type=\"application\/ld+json\" class=\"yoast-schema-graph\">{\"@context\":\"https:\/\/schema.org\",\"@graph\":[{\"@type\":\"WebPage\",\"@id\":\"https:\/\/www.welovecycling.com\/hu\/kozosseg-es-kultura\/patrick-dempsey-mint-az-amerikai-olimpiai-csapat-tiszteletbeli-kapitanya\/\",\"url\":\"https:\/\/www.welovecycling.com\/hu\/kozosseg-es-kultura\/patrick-dempsey-mint-az-amerikai-olimpiai-csapat-tiszteletbeli-kapitanya\/\",\"name\":\"Patrick Dempsey, mint az amerikai olimpiai csapat tiszteletbeli kapit\u00e1nya - \u0160koda We Love Cycling - Magyarorsz\u00e1g\",\"isPartOf\":{\"@id\":\"https:\/\/www.welovecycling.com\/hu\/#website\"},\"primaryImageOfPage\":{\"@id\":\"https:\/\/www.welovecycling.com\/hu\/kozosseg-es-kultura\/patrick-dempsey-mint-az-amerikai-olimpiai-csapat-tiszteletbeli-kapitanya\/#primaryimage\"},\"image\":{\"@id\":\"https:\/\/www.welovecycling.com\/hu\/kozosseg-es-kultura\/patrick-dempsey-mint-az-amerikai-olimpiai-csapat-tiszteletbeli-kapitanya\/#primaryimage\"},\"thumbnailUrl\":\"https:\/\/d2p6e6u75xmxt8.cloudfront.net\/12\/2020\/02\/staff-photo-by-derek-davis-dempsey-challenge-2011-actor-news-photo.jpg\",\"datePublished\":\"2020-02-29T07:00:04+00:00\",\"author\":{\"@id\":\"https:\/\/www.welovecycling.com\/hu\/#\/schema\/person\/414a2aebf1801691a5320edb6468e194\"},\"breadcrumb\":{\"@id\":\"https:\/\/www.welovecycling.com\/hu\/kozosseg-es-kultura\/patrick-dempsey-mint-az-amerikai-olimpiai-csapat-tiszteletbeli-kapitanya\/#breadcrumb\"},\"inLanguage\":\"hu\",\"potentialAction\":[{\"@type\":\"ReadAction\",\"target\":[\"https:\/\/www.welovecycling.com\/hu\/kozosseg-es-kultura\/patrick-dempsey-mint-az-amerikai-olimpiai-csapat-tiszteletbeli-kapitanya\/\"]}]},{\"@type\":\"ImageObject\",\"inLanguage\":\"hu\",\"@id\":\"https:\/\/www.welovecycling.com\/hu\/kozosseg-es-kultura\/patrick-dempsey-mint-az-amerikai-olimpiai-csapat-tiszteletbeli-kapitanya\/#primaryimage\",\"url\":\"https:\/\/d2p6e6u75xmxt8.cloudfront.net\/12\/2020\/02\/staff-photo-by-derek-davis-dempsey-challenge-2011-actor-news-photo.jpg\",\"contentUrl\":\"https:\/\/d2p6e6u75xmxt8.cloudfront.net\/12\/2020\/02\/staff-photo-by-derek-davis-dempsey-challenge-2011-actor-news-photo.jpg\",\"width\":1400,\"height\":701},{\"@type\":\"BreadcrumbList\",\"@id\":\"https:\/\/www.welovecycling.com\/hu\/kozosseg-es-kultura\/patrick-dempsey-mint-az-amerikai-olimpiai-csapat-tiszteletbeli-kapitanya\/#breadcrumb\",\"itemListElement\":[{\"@type\":\"ListItem\",\"position\":1,\"name\":\"Home\",\"item\":\"https:\/\/www.welovecycling.com\/hu\/\"},{\"@type\":\"ListItem\",\"position\":2,\"name\":\"Patrick Dempsey, mint az amerikai olimpiai csapat tiszteletbeli kapit\u00e1nya\"}]},{\"@type\":\"WebSite\",\"@id\":\"https:\/\/www.welovecycling.com\/hu\/#website\",\"url\":\"https:\/\/www.welovecycling.com\/hu\/\",\"name\":\"\u0160koda We Love Cycling - Magyarorsz\u00e1g\",\"description\":\"\u0160koda WeLoveCycling\",\"potentialAction\":[{\"@type\":\"SearchAction\",\"target\":{\"@type\":\"EntryPoint\",\"urlTemplate\":\"https:\/\/www.welovecycling.com\/hu\/?s={search_term_string}\"},\"query-input\":{\"@type\":\"PropertyValueSpecification\",\"valueRequired\":true,\"valueName\":\"search_term_string\"}}],\"inLanguage\":\"hu\"},{\"@type\":\"Person\",\"@id\":\"https:\/\/www.welovecycling.com\/hu\/#\/schema\/person\/414a2aebf1801691a5320edb6468e194\",\"name\":\"hegyizs\",\"image\":{\"@type\":\"ImageObject\",\"inLanguage\":\"hu\",\"@id\":\"https:\/\/www.welovecycling.com\/hu\/#\/schema\/person\/image\/\",\"url\":\"https:\/\/secure.gravatar.com\/avatar\/02cf8a7906b8cf90cecb4679defac7cfd33a1c2e3b88e4903d947f3bb58eedd3?s=96&d=mm&r=g\",\"contentUrl\":\"https:\/\/secure.gravatar.com\/avatar\/02cf8a7906b8cf90cecb4679defac7cfd33a1c2e3b88e4903d947f3bb58eedd3?s=96&d=mm&r=g\",\"caption\":\"hegyizs\"},\"url\":\"https:\/\/www.welovecycling.com\/hu\/author\/hegyizs\/\"}]}<\/script>\n<!-- \/ Yoast SEO Premium plugin. -->","yoast_head_json":{"title":"Patrick Dempsey, mint az amerikai olimpiai csapat tiszteletbeli kapit\u00e1nya - \u0160koda We Love Cycling - Magyarorsz\u00e1g","robots":{"index":"index","follow":"follow","max-snippet":"max-snippet:-1","max-image-preview":"max-image-preview:large","max-video-preview":"max-video-preview:-1"},"canonical":"https:\/\/www.welovecycling.com\/hu\/kozosseg-es-kultura\/patrick-dempsey-mint-az-amerikai-olimpiai-csapat-tiszteletbeli-kapitanya\/","og_locale":"hu_HU","og_type":"article","og_title":"Patrick Dempsey, mint az amerikai olimpiai csapat tiszteletbeli kapit\u00e1nya","og_description":"Az amerikai ker\u00e9kp\u00e1roz\u00e1s\u00e9rt tett er\u0151fesz\u00edt\u00e9seit m\u00e9ltatva helyezt\u00e9k Patrick Dempseyt az USA olimpiai csapat\u00e1nak \u00e9l\u00e9re.","og_url":"https:\/\/www.welovecycling.com\/hu\/kozosseg-es-kultura\/patrick-dempsey-mint-az-amerikai-olimpiai-csapat-tiszteletbeli-kapitanya\/","og_site_name":"\u0160koda We Love Cycling - Magyarorsz\u00e1g","article_publisher":"https:\/\/www.facebook.com\/WeLoveCyclingHungary\/","article_published_time":"2020-02-29T07:00:04+00:00","og_image":[{"width":1400,"height":701,"url":"https:\/\/d2p6e6u75xmxt8.cloudfront.net\/12\/2020\/02\/staff-photo-by-derek-davis-dempsey-challenge-2011-actor-news-photo.jpg","type":"image\/jpeg"}],"author":"hegyizs","twitter_card":"summary_large_image","twitter_misc":{"Written by":"WLC","Est. reading time":"1 minute"},"schema":{"@context":"https:\/\/schema.org","@graph":[{"@type":"WebPage","@id":"https:\/\/www.welovecycling.com\/hu\/kozosseg-es-kultura\/patrick-dempsey-mint-az-amerikai-olimpiai-csapat-tiszteletbeli-kapitanya\/","url":"https:\/\/www.welovecycling.com\/hu\/kozosseg-es-kultura\/patrick-dempsey-mint-az-amerikai-olimpiai-csapat-tiszteletbeli-kapitanya\/","name":"Patrick Dempsey, mint az amerikai olimpiai csapat tiszteletbeli kapit\u00e1nya - \u0160koda We Love Cycling - Magyarorsz\u00e1g","isPartOf":{"@id":"https:\/\/www.welovecycling.com\/hu\/#website"},"primaryImageOfPage":{"@id":"https:\/\/www.welovecycling.com\/hu\/kozosseg-es-kultura\/patrick-dempsey-mint-az-amerikai-olimpiai-csapat-tiszteletbeli-kapitanya\/#primaryimage"},"image":{"@id":"https:\/\/www.welovecycling.com\/hu\/kozosseg-es-kultura\/patrick-dempsey-mint-az-amerikai-olimpiai-csapat-tiszteletbeli-kapitanya\/#primaryimage"},"thumbnailUrl":"https:\/\/d2p6e6u75xmxt8.cloudfront.net\/12\/2020\/02\/staff-photo-by-derek-davis-dempsey-challenge-2011-actor-news-photo.jpg","datePublished":"2020-02-29T07:00:04+00:00","author":{"@id":"https:\/\/www.welovecycling.com\/hu\/#\/schema\/person\/414a2aebf1801691a5320edb6468e194"},"breadcrumb":{"@id":"https:\/\/www.welovecycling.com\/hu\/kozosseg-es-kultura\/patrick-dempsey-mint-az-amerikai-olimpiai-csapat-tiszteletbeli-kapitanya\/#breadcrumb"},"inLanguage":"hu","potentialAction":[{"@type":"ReadAction","target":["https:\/\/www.welovecycling.com\/hu\/kozosseg-es-kultura\/patrick-dempsey-mint-az-amerikai-olimpiai-csapat-tiszteletbeli-kapitanya\/"]}]},{"@type":"ImageObject","inLanguage":"hu","@id":"https:\/\/www.welovecycling.com\/hu\/kozosseg-es-kultura\/patrick-dempsey-mint-az-amerikai-olimpiai-csapat-tiszteletbeli-kapitanya\/#primaryimage","url":"https:\/\/d2p6e6u75xmxt8.cloudfront.net\/12\/2020\/02\/staff-photo-by-derek-davis-dempsey-challenge-2011-actor-news-photo.jpg","contentUrl":"https:\/\/d2p6e6u75xmxt8.cloudfront.net\/12\/2020\/02\/staff-photo-by-derek-davis-dempsey-challenge-2011-actor-news-photo.jpg","width":1400,"height":701},{"@type":"BreadcrumbList","@id":"https:\/\/www.welovecycling.com\/hu\/kozosseg-es-kultura\/patrick-dempsey-mint-az-amerikai-olimpiai-csapat-tiszteletbeli-kapitanya\/#breadcrumb","itemListElement":[{"@type":"ListItem","position":1,"name":"Home","item":"https:\/\/www.welovecycling.com\/hu\/"},{"@type":"ListItem","position":2,"name":"Patrick Dempsey, mint az amerikai olimpiai csapat tiszteletbeli kapit\u00e1nya"}]},{"@type":"WebSite","@id":"https:\/\/www.welovecycling.com\/hu\/#website","url":"https:\/\/www.welovecycling.com\/hu\/","name":"\u0160koda We Love Cycling - Magyarorsz\u00e1g","description":"\u0160koda WeLoveCycling","potentialAction":[{"@type":"SearchAction","target":{"@type":"EntryPoint","urlTemplate":"https:\/\/www.welovecycling.com\/hu\/?s={search_term_string}"},"query-input":{"@type":"PropertyValueSpecification","valueRequired":true,"valueName":"search_term_string"}}],"inLanguage":"hu"},{"@type":"Person","@id":"https:\/\/www.welovecycling.com\/hu\/#\/schema\/person\/414a2aebf1801691a5320edb6468e194","name":"hegyizs","image":{"@type":"ImageObject","inLanguage":"hu","@id":"https:\/\/www.welovecycling.com\/hu\/#\/schema\/person\/image\/","url":"https:\/\/secure.gravatar.com\/avatar\/02cf8a7906b8cf90cecb4679defac7cfd33a1c2e3b88e4903d947f3bb58eedd3?s=96&d=mm&r=g","contentUrl":"https:\/\/secure.gravatar.com\/avatar\/02cf8a7906b8cf90cecb4679defac7cfd33a1c2e3b88e4903d947f3bb58eedd3?s=96&d=mm&r=g","caption":"hegyizs"},"url":"https:\/\/www.welovecycling.com\/hu\/author\/hegyizs\/"}]}},"_links":{"self":[{"href":"https:\/\/www.welovecycling.com\/hu\/wp-json\/wp\/v2\/posts\/6920","targetHints":{"allow":["GET"]}}],"collection":[{"href":"https:\/\/www.welovecycling.com\/hu\/wp-json\/wp\/v2\/posts"}],"about":[{"href":"https:\/\/www.welovecycling.com\/hu\/wp-json\/wp\/v2\/types\/post"}],"author":[{"embeddable":true,"href":"https:\/\/www.welovecycling.com\/hu\/wp-json\/wp\/v2\/users\/71"}],"replies":[{"embeddable":true,"href":"https:\/\/www.welovecycling.com\/hu\/wp-json\/wp\/v2\/comments?post=6920"}],"version-history":[{"count":1,"href":"https:\/\/www.welovecycling.com\/hu\/wp-json\/wp\/v2\/posts\/6920\/revisions"}],"predecessor-version":[{"id":6923,"href":"https:\/\/www.welovecycling.com\/hu\/wp-json\/wp\/v2\/posts\/6920\/revisions\/6923"}],"wp:featuredmedia":[{"embeddable":true,"href":"https:\/\/www.welovecycling.com\/hu\/wp-json\/wp\/v2\/media\/6922"}],"wp:attachment":[{"href":"https:\/\/www.welovecycling.com\/hu\/wp-json\/wp\/v2\/media?parent=6920"}],"wp:term":[{"taxonomy":"category","embeddable":true,"href":"https:\/\/www.welovecycling.com\/hu\/wp-json\/wp\/v2\/categories?post=6920"},{"taxonomy":"post_tag","embeddable":true,"href":"https:\/\/www.welovecycling.com\/hu\/wp-json\/wp\/v2\/tags?post=6920"},{"taxonomy":"global-categories","embeddable":true,"href":"https:\/\/www.welovecycling.com\/hu\/wp-json\/wp\/v2\/global-categories?post=6920"}],"curies":[{"name":"wp","href":"https:\/\/api.w.org\/{rel}","templated":true}]}}