{"id":692,"date":"2018-04-18T12:39:04","date_gmt":"2018-04-18T12:39:04","guid":{"rendered":"https:\/\/www.welovecycling.com\/hu\/?p=692"},"modified":"2018-04-18T12:51:43","modified_gmt":"2018-04-18T12:51:43","slug":"biciklisek-a-fold-minden-tajarol","status":"publish","type":"post","link":"https:\/\/www.welovecycling.com\/hu\/kozosseg-es-kultura\/biciklisek-a-fold-minden-tajarol\/","title":{"rendered":"Biciklisek a F\u00f6ld minden t\u00e1j\u00e1r\u00f3l \u2013 ahogy \u0151k k\u00f6zlekednek"},"content":{"rendered":"<p><strong>Biciklisek a F\u00f6ld minden t\u00e1j\u00e1n l\u00e9teznek. A sztereot\u00edpi\u00e1knak pedig mindig van val\u00f3s\u00e1galapjuk! Mutatjuk, hogyan tekernek a F\u00f6ld k\u00f6r\u00fcl.<\/strong><!--more--><\/p>\n<h2>Ausztr\u00e1lia<\/h2>\n<p>V\u00e9rre men\u0151 k\u00fczdelmet folytat egy kenguruval, aki \u00e9pp rosszkor akart \u00e1tkelni az \u00fat egyik oldal\u00e1r\u00f3l a m\u00e1sikra egy forr\u00f3 ny\u00e1ri d\u00e9lut\u00e1non.<\/p>\n<p><a href=\"https:\/\/d2p6e6u75xmxt8.cloudfront.net\/12\/2018\/04\/1.png\"><img loading=\"lazy\" decoding=\"async\" class=\"alignnone wp-image-693\" src=\"https:\/\/d2p6e6u75xmxt8.cloudfront.net\/12\/2018\/04\/1.png\" alt=\"\" width=\"500\" height=\"500\" srcset=\"https:\/\/d2p6e6u75xmxt8.cloudfront.net\/12\/2018\/04\/1.png 1080w, https:\/\/d2p6e6u75xmxt8.cloudfront.net\/12\/2018\/04\/1-150x150.png 150w, https:\/\/d2p6e6u75xmxt8.cloudfront.net\/12\/2018\/04\/1-300x300.png 300w, https:\/\/d2p6e6u75xmxt8.cloudfront.net\/12\/2018\/04\/1-768x768.png 768w, https:\/\/d2p6e6u75xmxt8.cloudfront.net\/12\/2018\/04\/1-1024x1024.png 1024w\" sizes=\"auto, (max-width: 500px) 100vw, 500px\" \/><\/a><\/p>\n<h2>Oroszorsz\u00e1g:<\/h2>\n<p>M\u00e1r h\u00e1rom \u00f3r\u00e1ja pr\u00f3b\u00e1l haza\u00e9rni a kocsm\u00e1b\u00f3l eredm\u00e9nytelen\u00fcl, mik\u00f6zben a biciklije egy villanyp\u00f3zn\u00e1hoz van l\u00e1ncolva.<\/p>\n<h2>Belgium:<\/h2>\n<p>Bring\u00e1val a v\u00e1ll\u00e1n szaladg\u00e1l a homokbuck\u00e1k k\u00f6z\u00f6tt egy Eddy Merckx tetov\u00e1l\u00e1ssal a jobb v\u00e1dlij\u00e1n.<\/p>\n<h2>Sv\u00e1jc:<\/h2>\n<p>K\u00f6teless\u00e9gtud\u00f3an betartja a sebess\u00e9ghat\u00e1rokat egy konzervat\u00edvan tervezett pedelec-en, amit minden bizonnyal a nemzet megv\u00e9d\u00e9s\u00e9re \u2013 de legal\u00e1bbis katonai kik\u00e9pz\u00e9sre haszn\u00e1ltak egykoron.<\/p>\n<h2>Franciaorsz\u00e1g:<\/h2>\n<p>A tavalyi Tour \u00fatvonal\u00e1n \u00e9ppen hazafel\u00e9 tart a p\u00e9ks\u00e9gb\u0151l egy k\u00e9zzel sodort cigarett\u00e1val a sz\u00e1j\u00e1ban.<\/p>\n<p>&nbsp;<\/p>\n<h2><a href=\"https:\/\/d2p6e6u75xmxt8.cloudfront.net\/12\/2018\/04\/2.png\"><img loading=\"lazy\" decoding=\"async\" class=\"alignleft wp-image-694\" src=\"https:\/\/d2p6e6u75xmxt8.cloudfront.net\/12\/2018\/04\/2.png\" alt=\"\" width=\"500\" height=\"500\" \/><\/a><\/h2>\n<h2>Egyes\u00fclt \u00c1llamok:<\/h2>\n<p>Lelkesen k\u00f6sz\u00f6n minden szembej\u00f6v\u0151nek, mik\u00f6zben egykerekezik az \u00faton.<\/p>\n<h2>Finnorsz\u00e1g:<\/h2>\n<p>T\u00falzottan el van foglalva azzal, hogy ne fagyjon r\u00e1 a ker\u00e9kp\u00e1rj\u00e1ra, \u00edgy m\u00e1ssal nem is foglalkozik.<\/p>\n<h2><strong><a href=\"https:\/\/d2p6e6u75xmxt8.cloudfront.net\/12\/2018\/04\/3.png\"><img loading=\"lazy\" decoding=\"async\" class=\"alignnone wp-image-695\" src=\"https:\/\/d2p6e6u75xmxt8.cloudfront.net\/12\/2018\/04\/3.png\" alt=\"\" width=\"500\" height=\"500\" srcset=\"https:\/\/d2p6e6u75xmxt8.cloudfront.net\/12\/2018\/04\/3.png 1080w, https:\/\/d2p6e6u75xmxt8.cloudfront.net\/12\/2018\/04\/3-150x150.png 150w, https:\/\/d2p6e6u75xmxt8.cloudfront.net\/12\/2018\/04\/3-300x300.png 300w, https:\/\/d2p6e6u75xmxt8.cloudfront.net\/12\/2018\/04\/3-768x768.png 768w, https:\/\/d2p6e6u75xmxt8.cloudfront.net\/12\/2018\/04\/3-1024x1024.png 1024w\" sizes=\"auto, (max-width: 500px) 100vw, 500px\" \/><\/a><\/strong><\/h2>\n<h2>Egyes\u00fclt Kir\u00e1lys\u00e1g:<\/h2>\n<p>A taxisokat, a teheraut\u00f3sokat \u00e9s a korm\u00e1nyt szidja (lengyel\u00fcl), b\u00e1rmi is t\u00f6rt\u00e9njen ezen az \u00e1tlagos es\u0151s reggelen.<\/p>\n<h2>Feh\u00e9roroszorsz\u00e1g:<\/h2>\n<p>Pr\u00f3b\u00e1l kit\u00e9rni a kamionok el\u0151l, amiknek a sof\u0151rje m\u00e1r k\u00e9t hete non-stop \u00faton van rakom\u00e1ny\u00e1val.<\/p>\n<h2>N\u00e9metorsz\u00e1g:<\/h2>\n<p>Szigor\u00faan a ker\u00e9kp\u00e1r\u00faton k\u00f6zlekedik, m\u00e9g csak v\u00e9letlen\u00fcl sem k\u00f6zel\u00edti meg az aut\u00f3 utat. Ker\u00e9kp\u00e1rj\u00e1n minden l\u00e9tfontoss\u00e1g\u00fa eszk\u00f6z megtal\u00e1lhat\u00f3: okostelefon-tart\u00f3, navig\u00e1ci\u00f3s eszk\u00f6z, cseng\u0151, s\u00e1rv\u00e9d\u0151, pumpa, k\u00e9tkil\u00f3s lakat, szersz\u00e1mok \u00e9s egy csom\u00f3 m\u00fczli szelet. \u00c9s n\u00e9ha teljesen meztelen.<\/p>\n<p><a href=\"https:\/\/d2p6e6u75xmxt8.cloudfront.net\/12\/2018\/04\/4.png\"><img loading=\"lazy\" decoding=\"async\" class=\"alignnone wp-image-696\" src=\"https:\/\/d2p6e6u75xmxt8.cloudfront.net\/12\/2018\/04\/4.png\" alt=\"\" width=\"500\" height=\"500\" srcset=\"https:\/\/d2p6e6u75xmxt8.cloudfront.net\/12\/2018\/04\/4.png 1080w, https:\/\/d2p6e6u75xmxt8.cloudfront.net\/12\/2018\/04\/4-150x150.png 150w, https:\/\/d2p6e6u75xmxt8.cloudfront.net\/12\/2018\/04\/4-300x300.png 300w, https:\/\/d2p6e6u75xmxt8.cloudfront.net\/12\/2018\/04\/4-768x768.png 768w, https:\/\/d2p6e6u75xmxt8.cloudfront.net\/12\/2018\/04\/4-1024x1024.png 1024w\" sizes=\"auto, (max-width: 500px) 100vw, 500px\" \/><\/a><\/p>\n<h2>Szingap\u00far:<\/h2>\n<p>Kiz\u00e1r\u00f3lag reggel 5 \u00e9s 6 \u00f3ra k\u00f6z\u00f6tt tal\u00e1lkozhatsz vele, miel\u0151tt a borzaszt\u00f3 h\u0151s\u00e9g vagy a gyilkos forgalom beindulna.<\/p>\n<h2>Ir\u00e1n:<\/h2>\n<p>Pont \u00fagy csin\u00e1lnak, mintha a teah\u00e1zban lenn\u00e9nek, csak nincs n\u00e1luk v\u00edzipipa.<\/p>\n<h2>Vietn\u00e1m:<\/h2>\n<p>Egyszerre visz 3 gyereket, egy szekr\u00e9nyt, egy horg\u00e1szbotot \u00e9s egy ketrecbe z\u00e1rt malacot, mindezt egy motor sebess\u00e9g\u00e9vel.<\/p>\n<p><a href=\"https:\/\/d2p6e6u75xmxt8.cloudfront.net\/12\/2018\/04\/5.png\"><img loading=\"lazy\" decoding=\"async\" class=\"alignnone wp-image-697\" src=\"https:\/\/d2p6e6u75xmxt8.cloudfront.net\/12\/2018\/04\/5.png\" alt=\"\" width=\"500\" height=\"500\" srcset=\"https:\/\/d2p6e6u75xmxt8.cloudfront.net\/12\/2018\/04\/5.png 1080w, https:\/\/d2p6e6u75xmxt8.cloudfront.net\/12\/2018\/04\/5-150x150.png 150w, https:\/\/d2p6e6u75xmxt8.cloudfront.net\/12\/2018\/04\/5-300x300.png 300w, https:\/\/d2p6e6u75xmxt8.cloudfront.net\/12\/2018\/04\/5-768x768.png 768w, https:\/\/d2p6e6u75xmxt8.cloudfront.net\/12\/2018\/04\/5-1024x1024.png 1024w\" sizes=\"auto, (max-width: 500px) 100vw, 500px\" \/><\/a><\/p>\n<h2>Amszterdam:<\/h2>\n<p>Egy random biciklit hajt, amit egy coffee shop el\u00f6l szedett fel \u00e9pp az el\u0151bb.<\/p>\n<h2>Olaszorsz\u00e1g:<\/h2>\n<p>Egy k\u00e9zzel k\u00e9sz\u00fclt vintage ac\u00e9l v\u00e1zas bring\u00e1val k\u00f6zlekedik, ami kiz\u00e1r\u00f3lag vintage alkatr\u00e9szekkel van felszerelve. B\u00fcszk\u00e9n fesz\u00edt olasz ker\u00e9kp\u00e1ros mezben, ami olasz Merino gyapj\u00fab\u00f3l k\u00e9sz\u00fclt. Mindek\u00f6zben egyik ismert d\u00e9l-tiroli sl\u00e1gert \u00e9nekel.<\/p>\n","protected":false},"excerpt":{"rendered":"<p>Biciklisek a F\u00f6ld minden t\u00e1j\u00e1n l\u00e9teznek. A sztereot\u00edpi\u00e1knak pedig mindig van val\u00f3s\u00e1galapjuk! Mutatjuk, hogyan tekernek a F\u00f6ld k\u00f6r\u00fcl.<\/p>\n","protected":false},"author":71,"featured_media":706,"comment_status":"open","ping_status":"open","sticky":false,"template":"","format":"standard","meta":{"footnotes":""},"categories":[12],"tags":[17,18,16],"global-categories":[],"class_list":["post-692","post","type-post","status-publish","format-standard","has-post-thumbnail","hentry","category-kozosseg-es-kultura","tag-bicikli","tag-biciklizes","tag-kerekpar"],"yoast_head":"<!-- This site is optimized with the Yoast SEO Premium plugin v25.3 (Yoast SEO v25.9) - https:\/\/yoast.com\/wordpress\/plugins\/seo\/ -->\n<title>Biciklisek a F\u00f6ld minden t\u00e1j\u00e1r\u00f3l \u2013 ahogy \u0151k k\u00f6zlekednek - \u0160koda We Love Cycling - Magyarorsz\u00e1g<\/title>\n<meta name=\"description\" content=\"Biciklisek a f\u00f6ld minden orsz\u00e1g\u00e1ban k\u00f6zlekednek. A sztereot\u00edpi\u00e1knak pedig mindig van val\u00f3s\u00e1galapja. Megmutatjuk, milyen egy biciklis a F\u00f6ld minden pontj\u00e1n.\" \/>\n<meta name=\"robots\" content=\"index, follow, max-snippet:-1, max-image-preview:large, max-video-preview:-1\" \/>\n<link rel=\"canonical\" href=\"https:\/\/www.welovecycling.com\/hu\/kozosseg-es-kultura\/biciklisek-a-fold-minden-tajarol\/\" \/>\n<meta property=\"og:locale\" content=\"hu_HU\" \/>\n<meta property=\"og:type\" content=\"article\" \/>\n<meta property=\"og:title\" content=\"Biciklisek a F\u00f6ld minden t\u00e1j\u00e1r\u00f3l \u2013 ahogy \u0151k k\u00f6zlekednek\" \/>\n<meta property=\"og:description\" content=\"Biciklisek a f\u00f6ld minden orsz\u00e1g\u00e1ban k\u00f6zlekednek. A sztereot\u00edpi\u00e1knak pedig mindig van val\u00f3s\u00e1galapja. Megmutatjuk, milyen egy biciklis a F\u00f6ld minden pontj\u00e1n.\" \/>\n<meta property=\"og:url\" content=\"https:\/\/www.welovecycling.com\/hu\/kozosseg-es-kultura\/biciklisek-a-fold-minden-tajarol\/\" \/>\n<meta property=\"og:site_name\" content=\"\u0160koda We Love Cycling - Magyarorsz\u00e1g\" \/>\n<meta property=\"article:publisher\" content=\"https:\/\/www.facebook.com\/WeLoveCyclingHungary\/\" \/>\n<meta property=\"article:published_time\" content=\"2018-04-18T12:39:04+00:00\" \/>\n<meta property=\"article:modified_time\" content=\"2018-04-18T12:51:43+00:00\" \/>\n<meta property=\"og:image\" content=\"https:\/\/d2p6e6u75xmxt8.cloudfront.net\/12\/2018\/04\/biciklisek-franciaorszag-1.png\" \/>\n\t<meta property=\"og:image:width\" content=\"1366\" \/>\n\t<meta property=\"og:image:height\" content=\"600\" \/>\n\t<meta property=\"og:image:type\" content=\"image\/png\" \/>\n<meta name=\"author\" content=\"hegyizs\" \/>\n<meta name=\"twitter:card\" content=\"summary_large_image\" \/>\n<meta name=\"twitter:label1\" content=\"Written by\" \/>\n\t<meta name=\"twitter:data1\" content=\"hegyizs\" \/>\n\t<meta name=\"twitter:label2\" content=\"Est. reading time\" \/>\n\t<meta name=\"twitter:data2\" content=\"2 minutes\" \/>\n<script type=\"application\/ld+json\" class=\"yoast-schema-graph\">{\"@context\":\"https:\/\/schema.org\",\"@graph\":[{\"@type\":\"WebPage\",\"@id\":\"https:\/\/www.welovecycling.com\/hu\/kozosseg-es-kultura\/biciklisek-a-fold-minden-tajarol\/\",\"url\":\"https:\/\/www.welovecycling.com\/hu\/kozosseg-es-kultura\/biciklisek-a-fold-minden-tajarol\/\",\"name\":\"Biciklisek a F\u00f6ld minden t\u00e1j\u00e1r\u00f3l \u2013 ahogy \u0151k k\u00f6zlekednek - \u0160koda We Love Cycling - Magyarorsz\u00e1g\",\"isPartOf\":{\"@id\":\"https:\/\/www.welovecycling.com\/hu\/#website\"},\"primaryImageOfPage\":{\"@id\":\"https:\/\/www.welovecycling.com\/hu\/kozosseg-es-kultura\/biciklisek-a-fold-minden-tajarol\/#primaryimage\"},\"image\":{\"@id\":\"https:\/\/www.welovecycling.com\/hu\/kozosseg-es-kultura\/biciklisek-a-fold-minden-tajarol\/#primaryimage\"},\"thumbnailUrl\":\"https:\/\/d2p6e6u75xmxt8.cloudfront.net\/12\/2018\/04\/biciklisek-franciaorszag-1.png\",\"datePublished\":\"2018-04-18T12:39:04+00:00\",\"dateModified\":\"2018-04-18T12:51:43+00:00\",\"author\":{\"@id\":\"https:\/\/www.welovecycling.com\/hu\/#\/schema\/person\/414a2aebf1801691a5320edb6468e194\"},\"description\":\"Biciklisek a f\u00f6ld minden orsz\u00e1g\u00e1ban k\u00f6zlekednek. A sztereot\u00edpi\u00e1knak pedig mindig van val\u00f3s\u00e1galapja. Megmutatjuk, milyen egy biciklis a F\u00f6ld minden pontj\u00e1n.\",\"breadcrumb\":{\"@id\":\"https:\/\/www.welovecycling.com\/hu\/kozosseg-es-kultura\/biciklisek-a-fold-minden-tajarol\/#breadcrumb\"},\"inLanguage\":\"hu\",\"potentialAction\":[{\"@type\":\"ReadAction\",\"target\":[\"https:\/\/www.welovecycling.com\/hu\/kozosseg-es-kultura\/biciklisek-a-fold-minden-tajarol\/\"]}]},{\"@type\":\"ImageObject\",\"inLanguage\":\"hu\",\"@id\":\"https:\/\/www.welovecycling.com\/hu\/kozosseg-es-kultura\/biciklisek-a-fold-minden-tajarol\/#primaryimage\",\"url\":\"https:\/\/d2p6e6u75xmxt8.cloudfront.net\/12\/2018\/04\/biciklisek-franciaorszag-1.png\",\"contentUrl\":\"https:\/\/d2p6e6u75xmxt8.cloudfront.net\/12\/2018\/04\/biciklisek-franciaorszag-1.png\",\"width\":1366,\"height\":600,\"caption\":\"biciklisek-franciaorszag\"},{\"@type\":\"BreadcrumbList\",\"@id\":\"https:\/\/www.welovecycling.com\/hu\/kozosseg-es-kultura\/biciklisek-a-fold-minden-tajarol\/#breadcrumb\",\"itemListElement\":[{\"@type\":\"ListItem\",\"position\":1,\"name\":\"Home\",\"item\":\"https:\/\/www.welovecycling.com\/hu\/\"},{\"@type\":\"ListItem\",\"position\":2,\"name\":\"Biciklisek a F\u00f6ld minden t\u00e1j\u00e1r\u00f3l \u2013 ahogy \u0151k k\u00f6zlekednek\"}]},{\"@type\":\"WebSite\",\"@id\":\"https:\/\/www.welovecycling.com\/hu\/#website\",\"url\":\"https:\/\/www.welovecycling.com\/hu\/\",\"name\":\"\u0160koda We Love Cycling - Magyarorsz\u00e1g\",\"description\":\"\u0160koda WeLoveCycling\",\"potentialAction\":[{\"@type\":\"SearchAction\",\"target\":{\"@type\":\"EntryPoint\",\"urlTemplate\":\"https:\/\/www.welovecycling.com\/hu\/?s={search_term_string}\"},\"query-input\":{\"@type\":\"PropertyValueSpecification\",\"valueRequired\":true,\"valueName\":\"search_term_string\"}}],\"inLanguage\":\"hu\"},{\"@type\":\"Person\",\"@id\":\"https:\/\/www.welovecycling.com\/hu\/#\/schema\/person\/414a2aebf1801691a5320edb6468e194\",\"name\":\"hegyizs\",\"image\":{\"@type\":\"ImageObject\",\"inLanguage\":\"hu\",\"@id\":\"https:\/\/www.welovecycling.com\/hu\/#\/schema\/person\/image\/\",\"url\":\"https:\/\/secure.gravatar.com\/avatar\/02cf8a7906b8cf90cecb4679defac7cfd33a1c2e3b88e4903d947f3bb58eedd3?s=96&d=mm&r=g\",\"contentUrl\":\"https:\/\/secure.gravatar.com\/avatar\/02cf8a7906b8cf90cecb4679defac7cfd33a1c2e3b88e4903d947f3bb58eedd3?s=96&d=mm&r=g\",\"caption\":\"hegyizs\"},\"url\":\"https:\/\/www.welovecycling.com\/hu\/author\/hegyizs\/\"}]}<\/script>\n<!-- \/ Yoast SEO Premium plugin. -->","yoast_head_json":{"title":"Biciklisek a F\u00f6ld minden t\u00e1j\u00e1r\u00f3l \u2013 ahogy \u0151k k\u00f6zlekednek - \u0160koda We Love Cycling - Magyarorsz\u00e1g","description":"Biciklisek a f\u00f6ld minden orsz\u00e1g\u00e1ban k\u00f6zlekednek. A sztereot\u00edpi\u00e1knak pedig mindig van val\u00f3s\u00e1galapja. Megmutatjuk, milyen egy biciklis a F\u00f6ld minden pontj\u00e1n.","robots":{"index":"index","follow":"follow","max-snippet":"max-snippet:-1","max-image-preview":"max-image-preview:large","max-video-preview":"max-video-preview:-1"},"canonical":"https:\/\/www.welovecycling.com\/hu\/kozosseg-es-kultura\/biciklisek-a-fold-minden-tajarol\/","og_locale":"hu_HU","og_type":"article","og_title":"Biciklisek a F\u00f6ld minden t\u00e1j\u00e1r\u00f3l \u2013 ahogy \u0151k k\u00f6zlekednek","og_description":"Biciklisek a f\u00f6ld minden orsz\u00e1g\u00e1ban k\u00f6zlekednek. A sztereot\u00edpi\u00e1knak pedig mindig van val\u00f3s\u00e1galapja. Megmutatjuk, milyen egy biciklis a F\u00f6ld minden pontj\u00e1n.","og_url":"https:\/\/www.welovecycling.com\/hu\/kozosseg-es-kultura\/biciklisek-a-fold-minden-tajarol\/","og_site_name":"\u0160koda We Love Cycling - Magyarorsz\u00e1g","article_publisher":"https:\/\/www.facebook.com\/WeLoveCyclingHungary\/","article_published_time":"2018-04-18T12:39:04+00:00","article_modified_time":"2018-04-18T12:51:43+00:00","og_image":[{"width":1366,"height":600,"url":"https:\/\/d2p6e6u75xmxt8.cloudfront.net\/12\/2018\/04\/biciklisek-franciaorszag-1.png","type":"image\/png"}],"author":"hegyizs","twitter_card":"summary_large_image","twitter_misc":{"Written by":"hegyizs","Est. reading time":"2 minutes"},"schema":{"@context":"https:\/\/schema.org","@graph":[{"@type":"WebPage","@id":"https:\/\/www.welovecycling.com\/hu\/kozosseg-es-kultura\/biciklisek-a-fold-minden-tajarol\/","url":"https:\/\/www.welovecycling.com\/hu\/kozosseg-es-kultura\/biciklisek-a-fold-minden-tajarol\/","name":"Biciklisek a F\u00f6ld minden t\u00e1j\u00e1r\u00f3l \u2013 ahogy \u0151k k\u00f6zlekednek - \u0160koda We Love Cycling - Magyarorsz\u00e1g","isPartOf":{"@id":"https:\/\/www.welovecycling.com\/hu\/#website"},"primaryImageOfPage":{"@id":"https:\/\/www.welovecycling.com\/hu\/kozosseg-es-kultura\/biciklisek-a-fold-minden-tajarol\/#primaryimage"},"image":{"@id":"https:\/\/www.welovecycling.com\/hu\/kozosseg-es-kultura\/biciklisek-a-fold-minden-tajarol\/#primaryimage"},"thumbnailUrl":"https:\/\/d2p6e6u75xmxt8.cloudfront.net\/12\/2018\/04\/biciklisek-franciaorszag-1.png","datePublished":"2018-04-18T12:39:04+00:00","dateModified":"2018-04-18T12:51:43+00:00","author":{"@id":"https:\/\/www.welovecycling.com\/hu\/#\/schema\/person\/414a2aebf1801691a5320edb6468e194"},"description":"Biciklisek a f\u00f6ld minden orsz\u00e1g\u00e1ban k\u00f6zlekednek. A sztereot\u00edpi\u00e1knak pedig mindig van val\u00f3s\u00e1galapja. Megmutatjuk, milyen egy biciklis a F\u00f6ld minden pontj\u00e1n.","breadcrumb":{"@id":"https:\/\/www.welovecycling.com\/hu\/kozosseg-es-kultura\/biciklisek-a-fold-minden-tajarol\/#breadcrumb"},"inLanguage":"hu","potentialAction":[{"@type":"ReadAction","target":["https:\/\/www.welovecycling.com\/hu\/kozosseg-es-kultura\/biciklisek-a-fold-minden-tajarol\/"]}]},{"@type":"ImageObject","inLanguage":"hu","@id":"https:\/\/www.welovecycling.com\/hu\/kozosseg-es-kultura\/biciklisek-a-fold-minden-tajarol\/#primaryimage","url":"https:\/\/d2p6e6u75xmxt8.cloudfront.net\/12\/2018\/04\/biciklisek-franciaorszag-1.png","contentUrl":"https:\/\/d2p6e6u75xmxt8.cloudfront.net\/12\/2018\/04\/biciklisek-franciaorszag-1.png","width":1366,"height":600,"caption":"biciklisek-franciaorszag"},{"@type":"BreadcrumbList","@id":"https:\/\/www.welovecycling.com\/hu\/kozosseg-es-kultura\/biciklisek-a-fold-minden-tajarol\/#breadcrumb","itemListElement":[{"@type":"ListItem","position":1,"name":"Home","item":"https:\/\/www.welovecycling.com\/hu\/"},{"@type":"ListItem","position":2,"name":"Biciklisek a F\u00f6ld minden t\u00e1j\u00e1r\u00f3l \u2013 ahogy \u0151k k\u00f6zlekednek"}]},{"@type":"WebSite","@id":"https:\/\/www.welovecycling.com\/hu\/#website","url":"https:\/\/www.welovecycling.com\/hu\/","name":"\u0160koda We Love Cycling - Magyarorsz\u00e1g","description":"\u0160koda WeLoveCycling","potentialAction":[{"@type":"SearchAction","target":{"@type":"EntryPoint","urlTemplate":"https:\/\/www.welovecycling.com\/hu\/?s={search_term_string}"},"query-input":{"@type":"PropertyValueSpecification","valueRequired":true,"valueName":"search_term_string"}}],"inLanguage":"hu"},{"@type":"Person","@id":"https:\/\/www.welovecycling.com\/hu\/#\/schema\/person\/414a2aebf1801691a5320edb6468e194","name":"hegyizs","image":{"@type":"ImageObject","inLanguage":"hu","@id":"https:\/\/www.welovecycling.com\/hu\/#\/schema\/person\/image\/","url":"https:\/\/secure.gravatar.com\/avatar\/02cf8a7906b8cf90cecb4679defac7cfd33a1c2e3b88e4903d947f3bb58eedd3?s=96&d=mm&r=g","contentUrl":"https:\/\/secure.gravatar.com\/avatar\/02cf8a7906b8cf90cecb4679defac7cfd33a1c2e3b88e4903d947f3bb58eedd3?s=96&d=mm&r=g","caption":"hegyizs"},"url":"https:\/\/www.welovecycling.com\/hu\/author\/hegyizs\/"}]}},"_links":{"self":[{"href":"https:\/\/www.welovecycling.com\/hu\/wp-json\/wp\/v2\/posts\/692","targetHints":{"allow":["GET"]}}],"collection":[{"href":"https:\/\/www.welovecycling.com\/hu\/wp-json\/wp\/v2\/posts"}],"about":[{"href":"https:\/\/www.welovecycling.com\/hu\/wp-json\/wp\/v2\/types\/post"}],"author":[{"embeddable":true,"href":"https:\/\/www.welovecycling.com\/hu\/wp-json\/wp\/v2\/users\/71"}],"replies":[{"embeddable":true,"href":"https:\/\/www.welovecycling.com\/hu\/wp-json\/wp\/v2\/comments?post=692"}],"version-history":[{"count":2,"href":"https:\/\/www.welovecycling.com\/hu\/wp-json\/wp\/v2\/posts\/692\/revisions"}],"predecessor-version":[{"id":710,"href":"https:\/\/www.welovecycling.com\/hu\/wp-json\/wp\/v2\/posts\/692\/revisions\/710"}],"wp:featuredmedia":[{"embeddable":true,"href":"https:\/\/www.welovecycling.com\/hu\/wp-json\/wp\/v2\/media\/706"}],"wp:attachment":[{"href":"https:\/\/www.welovecycling.com\/hu\/wp-json\/wp\/v2\/media?parent=692"}],"wp:term":[{"taxonomy":"category","embeddable":true,"href":"https:\/\/www.welovecycling.com\/hu\/wp-json\/wp\/v2\/categories?post=692"},{"taxonomy":"post_tag","embeddable":true,"href":"https:\/\/www.welovecycling.com\/hu\/wp-json\/wp\/v2\/tags?post=692"},{"taxonomy":"global-categories","embeddable":true,"href":"https:\/\/www.welovecycling.com\/hu\/wp-json\/wp\/v2\/global-categories?post=692"}],"curies":[{"name":"wp","href":"https:\/\/api.w.org\/{rel}","templated":true}]}}