{"id":6898,"date":"2020-03-01T08:00:24","date_gmt":"2020-03-01T07:00:24","guid":{"rendered":"https:\/\/www.welovecycling.com\/hu\/?p=6898"},"modified":"2020-02-21T16:34:30","modified_gmt":"2020-02-21T15:34:30","slug":"uci-noi-worldtour-5-figyelemremelto-versenyzo","status":"publish","type":"post","link":"https:\/\/www.welovecycling.com\/hu\/kozosseg-es-kultura\/uci-noi-worldtour-5-figyelemremelto-versenyzo\/","title":{"rendered":"UCI n\u0151i WorldTour: 5 figyelemrem\u00e9lt\u00f3 versenyz\u0151"},"content":{"rendered":"<p><strong>M\u00e1r k\u00fcsz\u00f6b\u00f6n a 2020-as UCI n\u0151i WorldTour, mely 21 esem\u00e9nyb\u0151l \u00e1ll, \u00e9s 10 orsz\u00e1gon \u00edvel \u00e1t. Most, hogy t\u00f6bb er\u0151forr\u00e1st ford\u00edtanak a n\u0151i versenyekre \u00e9s szigor\u00fa mand\u00e1tumot adtak a szervez\u0151knek a telev\u00edzi\u00f3ban val\u00f3 megjelen\u00e9s kapcs\u00e1n is, sz\u00e1mos lehet\u0151s\u00e9g ny\u00edlik meg a sport\u00e1g sz\u00e1m\u00e1ra. Az epikus hegyi versenyekt\u0151l a hektikus orsz\u00e1g\u00fati sprintekig, mindenki tal\u00e1l majd nekival\u00f3 ir\u00e1nyzatot. Ennyi v\u00e1ltoz\u00e1s mellett azonban, nem k\u00f6nny\u0171 figyelemmel k\u00f6vetni magukat a versenyz\u0151ket.<\/strong><\/p>\n<p><!--more--><\/p>\n<p>K\u00e9ts\u00e9gtelen, hogy sokkal t\u00f6bbet l\u00e1thatunk a legjobb sportol\u00f3kb\u00f3l, mint kor\u00e1bban. Annemiek van Vleuten, Anna van der Braggen, Marianna Vos, Katarzyna Niewiadoma \u00e9s Marta Bastianelli mind \u00edg\u00e9retes szezonba v\u00e1gnak bele, de vajon t\u00e9nyleg kit\u0171nnek majd a t\u00f6megb\u0151l? Hoztunk m\u00e9g n\u00e9h\u00e1ny nevet, akire szerint\u00fcnk \u00e9rdemes figyelni.<\/p>\n<h2><strong>Jessica Pratt<\/strong><\/h2>\n<p>Majd\u2019 9000 versenyz\u0151b\u0151l v\u00e1lasztott\u00e1k ki Jessica Pratt-et is, \u00edgy \u0151 lett az utols\u00f3, aki profi szerz\u0151d\u00e9st k\u00f6t\u00f6tt a Zwift Academy programon kereszt\u00fcl. Legy\u0151zte Cathrine Colynt \u00e9s Samara Shepardot is. A verseny n\u00e9gy \u00e9ves t\u00f6rt\u00e9nelm\u00e9ben a legszorosabb k\u00fczdelmet l\u00e1thattuk, de v\u00e9g\u00fcl nyolc edz\u00e9s \u00e9s n\u00e9gy online csoportos teker\u00e9s ut\u00e1n megnyerte a d\u00edjat. Az er\u0151s kezd\u00e9s ut\u00e1n k\u00edv\u00e1ncsian v\u00e1rjuk, hogy teljes\u00edt majd a szezon alatt.<\/p>\n<div class=\"embed-controller-wrapper\">\n<blockquote class=\"twitter-tweet\" data-width=\"500\" data-dnt=\"true\">\n<p lang=\"en\" dir=\"ltr\">First race with <a href=\"https:\/\/twitter.com\/WMNcycling?ref_src=twsrc%5Etfw\">@WMNcycling<\/a>, first top 10 GC for <a href=\"https:\/\/twitter.com\/jesspratt97?ref_src=twsrc%5Etfw\">@jesspratt97<\/a>. Welcome to the big leagues, Jess!<br \/>\ud83d\udcf7 <a href=\"https:\/\/twitter.com\/velofocus?ref_src=twsrc%5Etfw\">@velofocus<\/a> | <a href=\"https:\/\/twitter.com\/hashtag\/eTapAXS?src=hash&amp;ref_src=twsrc%5Etfw\">#eTapAXS<\/a> <a href=\"https:\/\/t.co\/dWsJmnomsv\">pic.twitter.com\/dWsJmnomsv<\/a><\/p>\n<p>&mdash; SRAM Road (@SRAMroad) <a href=\"https:\/\/twitter.com\/SRAMroad\/status\/1218972410998919170?ref_src=twsrc%5Etfw\">January 19, 2020<\/a><\/p><\/blockquote>\n<p><script async data-src=\"https:\/\/platform.twitter.com\/widgets.js\" charset=\"utf-8\"><\/script><\/div>\n<h2><strong>Lorena Weibes<\/strong><\/h2>\n<p>K\u00e9ts\u00e9gtelen, hogy 2019 kem\u00e9ny \u00e9v volt Lorena Weibes sz\u00e1m\u00e1ra. Szinte t\u00fcnd\u00e9rmese eddigi karrierje: 20 \u00e9vesen holland nemzeti bajnok lett, legy\u0151zve Marianne Vost, emellett 19 nagy gy\u0151zelmet aratott az \u00e9v alatt, \u00edgy hamar beker\u00fclt a legjobbak k\u00f6z\u00e9 \u2013 \u00e9s m\u00e9g csak most indult el a p\u00e1ly\u00e1n. B\u00e1r a 2020-as \u00e9ve nem indult t\u00fal j\u00f3l, a csapata ugyanis id\u0151 el\u0151tt szerz\u0151d\u00e9st akart vele bontani, de \u00fagy t\u0171nik, m\u00e1r helyrej\u00f6ttek a dolgok. Az \u00e9v els\u0151 fel\u00e9ben m\u00e9g a kor\u00e1bbi csapat\u00e1val fog edzeni, j\u00faniusban pedig \u00faj szerz\u0151d\u00e9st \u00edrhat egy m\u00e1sik egy\u00fcttessel.<\/p>\n<h2><strong>Leigh Ann Ganzar<\/strong><\/h2>\n<p>Leigh Ann Ganzarnak szint\u00e9n hihetetlen \u00e9ve volt 2019. A 30 \u00e9ves amerikai \u00e1llt a WorldTour p\u00f3dium\u00e1n, megnyerte els\u0151 UCI verseny\u00e9t, \u00e9s belek\u00f3stolt az eur\u00f3pai versenyek izgalm\u00e1ba is. M\u00e1jusban \u00e9rte el karrierje eddigi cs\u00facspontj\u00e1t, amikor harmadik lett a kaliforniai Amgen Tour-on, egy h\u00e9ttel k\u00e9s\u0151bb pedig megnyerte a Winston-Salem Cycling Classic-ot. Ganzar profi fut\u00f3b\u00f3l lett ker\u00e9kp\u00e1ros 2015-ben, egy baleset ut\u00e1n, \u00e9s az\u00f3ta vissza sem n\u00e9zett. M\u00e1ris a legjobbak k\u00f6z\u00f6tt tarthatjuk sz\u00e1mon, hiszen sprintekben, orsz\u00e1g\u00fati versenyz\u00e9sben \u00e9s id\u0151futamokban is er\u0151s. A lehetetlent v\u00e1rjuk t\u0151le \u00e9s nagyon k\u00edv\u00e1ncsiak vagyunk, hogyan szerepel a k\u00f6vetkez\u0151 p\u00e1r h\u00f3napban.<\/p>\n<div class=\"embed-controller-wrapper\">\n<blockquote class=\"twitter-tweet\" data-width=\"500\" data-dnt=\"true\">\n<p lang=\"en\" dir=\"ltr\">Had a fun go of it in yesterday\u2019s stage! <a href=\"https:\/\/t.co\/TMI27xN0tB\">https:\/\/t.co\/TMI27xN0tB<\/a><\/p>\n<p>&mdash; LeighAnn Ganzar (@LAganzar) <a href=\"https:\/\/twitter.com\/LAganzar\/status\/1218653959709052928?ref_src=twsrc%5Etfw\">January 18, 2020<\/a><\/p><\/blockquote>\n<p><script async data-src=\"https:\/\/platform.twitter.com\/widgets.js\" charset=\"utf-8\"><\/script><\/div>\n<h2><strong>Brodie Chapman<\/strong><\/h2>\n<p>K\u00e9t, a Tibco-SVB csapat\u00e1ban t\u00f6lt\u00f6tt szezon ut\u00e1n Brodie Chapman csatlakozott a francia FDJ Nouvelle Aquitaine Futuroscope-hoz a 2020-as szezonra. Az egy\u00fcttes menedzsere, Stephen Delourt szerint <em>\u201eBrodie \u00e9rkez\u00e9se el\u0151revet\u00edti az amb\u00edci\u00f3inkat a 2020-as \u00e9vre. \u0150 ugyanis az egyik legjobb hegymenetben a vil\u00e1gon, ahogy ezt a kolor\u00e1di\u00f3i Tour de Kaliforni\u00e1n is bizony\u00edtotta.\u201d <\/em>Val\u00f3ban folyamatosan meglep minket kiemelked\u0151 teljes\u00edtm\u00e9ny\u00e9vel 2018 janu\u00e1rja \u00f3ta. A 2019-es szezon szint\u00e9n sikeres volt sz\u00e1m\u00e1ra, \u00f6t er\u0151s gy\u0151zelmet szerzett az augusztusi Colorado Classison. K\u00edv\u00e1ncsiak vagyunk r\u00e1, hogy az idei \u00e9vadban, hogy teljes\u00edt majd az \u00faj csapat\u00e1ban!<\/p>\n<h2><strong>Liane Lippert<\/strong><\/h2>\n<p>A n\u00e9met Liane Lippert fantasztikusan kezdte az \u00e9vet: m\u00e1sodik helyez\u00e9st \u00e9rt el a Tour Down Under versenyen! A 22 \u00e9ves bring\u00e1s fittyet h\u00e1nyt a zuhog\u00f3 es\u0151re \u00e9s mindk\u00e9t kez\u00e9t a magasba dobva szelte \u00e1t a c\u00e9lvonalat, jogosan \u00fcnnepelve karrierj\u00e9nek eddigi legnagyobb siker\u00e9t. Lippertet 2013 \u00f3ta minden \u00e9vben nevezt\u00e9k a n\u00e9met v\u00e1logatott csapatba, 2017-ben pedig meg is k\u00f6t\u00f6tte els\u0151 profi szerz\u0151d\u00e9s\u00e9t. Sz\u00e9pen m\u00e1szik felfel\u00e9 a rangl\u00e9tr\u00e1n, ilyen er\u0151s kezd\u00e9s ut\u00e1n pedig nagy dolgokat v\u00e1runk t\u0151le id\u00e9n is!<\/p>\n<p>https:\/\/www.instagram.com\/p\/B7gHjg3ITtE\/<\/p>\n<p>Rengeteg tehets\u00e9get \u00e9rdemes teh\u00e1t figyelni, ahogy a 2020-as ker\u00e9kp\u00e1ros szezon kibontakozik. \u00cdme a n\u0151i World Tour teljes menetrendje:<\/p>\n<ol>\n<li>M\u00e1rcius 7: Strade Biance (Olaszorsz\u00e1g)<\/li>\n<li>M\u00e1rcius 15: Ronde van Drenthe (Hollandia)<\/li>\n<li>M\u00e1rcius 22: Trofeo Alfredo Binda \u2013 Comune di Cittigli (Olaszorsz\u00e1g)<\/li>\n<li>M\u00e1rcius 26: AG Driedaagse Brugge \u2013 De Panne (Belgium)<\/li>\n<li>M\u00e1rcius 29: Gent \u2013 Wevelgem in Flanderes Fields (Belgium)<\/li>\n<li>\u00c1prilis 5: Ronde van Vlaanderen (Belgium)<\/li>\n<li>\u00c1prilis 19: Amstel Gold Race Ladie (Hollandia)<\/li>\n<li>\u00c1prilis 22: La Fl\u00e8che Wallonne (Belgium)<\/li>\n<li>\u00c1prilis 26: Li\u00e8ge \u2013 Bastogne \u2013 Li\u00e8ge (Belgium)<\/li>\n<li>M\u00e1jus 7-9: Tour of Chongming Island UCI (K\u00edna)<\/li>\n<li>J\u00fanius 8-13: OVO Energy Women\u2019s Tour (Nagy-Britannia)<\/li>\n<li>J\u00fanius 26 \u2013 J\u00falius 5: Giro d\u2019Italia Internazionale Femminile (Olaszorsz\u00e1g)<\/li>\n<li>J\u00falius 10: La Course by Le Tour de France (Franciaorsz\u00e1g)<\/li>\n<li>Augusztus 8: Postnord UCI WWT V\u00e5rg\u00e5rda West Sweden TTT (Sv\u00e9dorsz\u00e1g)<\/li>\n<li>Augusztus 9: Postnord UCI WWT V\u00e5rg\u00e5rda West Sweden RR (Sv\u00e9dorsz\u00e1g)<\/li>\n<li>Augusztus 13-16: Ladies Tour of Norway (Norv\u00e9gia)<\/li>\n<li>Augusztus 22: GP de Plouay \u2013 Lorient Agglom\u00e9ration Troph\u00e9e WNT (Franciaorsz\u00e1g)<\/li>\n<li>Augusztus 25-30: Boels Ladies Tour (Hollandia)<\/li>\n<li>Szeptember 5-6: CERATIZIT Madrid Challenge by La Vuelta (Spanyolorsz\u00e1g)<\/li>\n<li>Okt\u00f3ber 20: Tour of Guangxi \u2013 UCI Women\u2019s WorldTour (K\u00edna)<\/li>\n<\/ol>\n","protected":false},"excerpt":{"rendered":"<p>M\u00e1r k\u00fcsz\u00f6b\u00f6n a 2020-as UCI n\u0151i WorldTour, mely 21 esem\u00e9nyb\u0151l \u00e1ll, \u00e9s 10 orsz\u00e1gon \u00edvel \u00e1t. Most, hogy t\u00f6bb er\u0151forr\u00e1st [&hellip;]<\/p>\n","protected":false},"author":71,"featured_media":6902,"comment_status":"open","ping_status":"open","sticky":false,"template":"","format":"standard","meta":{"footnotes":""},"categories":[12],"tags":[],"global-categories":[],"class_list":["post-6898","post","type-post","status-publish","format-standard","has-post-thumbnail","hentry","category-kozosseg-es-kultura"],"yoast_head":"<!-- This site is optimized with the Yoast SEO Premium plugin v25.3 (Yoast SEO v25.9) - https:\/\/yoast.com\/wordpress\/plugins\/seo\/ -->\n<title>UCI n\u0151i WorldTour: 5 figyelemrem\u00e9lt\u00f3 versenyz\u0151 - \u0160koda We Love Cycling - Magyarorsz\u00e1g<\/title>\n<meta name=\"robots\" content=\"index, follow, max-snippet:-1, max-image-preview:large, max-video-preview:-1\" \/>\n<link rel=\"canonical\" href=\"https:\/\/www.welovecycling.com\/hu\/kozosseg-es-kultura\/uci-noi-worldtour-5-figyelemremelto-versenyzo\/\" \/>\n<meta property=\"og:locale\" content=\"hu_HU\" \/>\n<meta property=\"og:type\" content=\"article\" \/>\n<meta property=\"og:title\" content=\"UCI n\u0151i WorldTour: 5 figyelemrem\u00e9lt\u00f3 versenyz\u0151\" \/>\n<meta property=\"og:description\" content=\"M\u00e1r k\u00fcsz\u00f6b\u00f6n a 2020-as UCI n\u0151i WorldTour, mely 21 esem\u00e9nyb\u0151l \u00e1ll, \u00e9s 10 orsz\u00e1gon \u00edvel \u00e1t. Most, hogy t\u00f6bb er\u0151forr\u00e1st [&hellip;]\" \/>\n<meta property=\"og:url\" content=\"https:\/\/www.welovecycling.com\/hu\/kozosseg-es-kultura\/uci-noi-worldtour-5-figyelemremelto-versenyzo\/\" \/>\n<meta property=\"og:site_name\" content=\"\u0160koda We Love Cycling - Magyarorsz\u00e1g\" \/>\n<meta property=\"article:publisher\" content=\"https:\/\/www.facebook.com\/WeLoveCyclingHungary\/\" \/>\n<meta property=\"article:published_time\" content=\"2020-03-01T07:00:24+00:00\" \/>\n<meta property=\"og:image\" content=\"https:\/\/d2p6e6u75xmxt8.cloudfront.net\/12\/2020\/02\/Women-Cycling-CVR-profimedia-0493306541.jpg\" \/>\n\t<meta property=\"og:image:width\" content=\"1366\" \/>\n\t<meta property=\"og:image:height\" content=\"600\" \/>\n\t<meta property=\"og:image:type\" content=\"image\/jpeg\" \/>\n<meta name=\"author\" content=\"hegyizs\" \/>\n<meta name=\"twitter:card\" content=\"summary_large_image\" \/>\n<meta name=\"twitter:label1\" content=\"Written by\" \/>\n\t<meta name=\"twitter:data1\" content=\"Megan Flottorp\" \/>\n\t<meta name=\"twitter:label2\" content=\"Est. reading time\" \/>\n\t<meta name=\"twitter:data2\" content=\"7\" \/>\n<script type=\"application\/ld+json\" class=\"yoast-schema-graph\">{\"@context\":\"https:\/\/schema.org\",\"@graph\":[{\"@type\":\"WebPage\",\"@id\":\"https:\/\/www.welovecycling.com\/hu\/kozosseg-es-kultura\/uci-noi-worldtour-5-figyelemremelto-versenyzo\/\",\"url\":\"https:\/\/www.welovecycling.com\/hu\/kozosseg-es-kultura\/uci-noi-worldtour-5-figyelemremelto-versenyzo\/\",\"name\":\"UCI n\u0151i WorldTour: 5 figyelemrem\u00e9lt\u00f3 versenyz\u0151 - \u0160koda We Love Cycling - Magyarorsz\u00e1g\",\"isPartOf\":{\"@id\":\"https:\/\/www.welovecycling.com\/hu\/#website\"},\"primaryImageOfPage\":{\"@id\":\"https:\/\/www.welovecycling.com\/hu\/kozosseg-es-kultura\/uci-noi-worldtour-5-figyelemremelto-versenyzo\/#primaryimage\"},\"image\":{\"@id\":\"https:\/\/www.welovecycling.com\/hu\/kozosseg-es-kultura\/uci-noi-worldtour-5-figyelemremelto-versenyzo\/#primaryimage\"},\"thumbnailUrl\":\"https:\/\/d2p6e6u75xmxt8.cloudfront.net\/12\/2020\/02\/Women-Cycling-CVR-profimedia-0493306541.jpg\",\"datePublished\":\"2020-03-01T07:00:24+00:00\",\"author\":{\"@id\":\"https:\/\/www.welovecycling.com\/hu\/#\/schema\/person\/414a2aebf1801691a5320edb6468e194\"},\"breadcrumb\":{\"@id\":\"https:\/\/www.welovecycling.com\/hu\/kozosseg-es-kultura\/uci-noi-worldtour-5-figyelemremelto-versenyzo\/#breadcrumb\"},\"inLanguage\":\"hu\",\"potentialAction\":[{\"@type\":\"ReadAction\",\"target\":[\"https:\/\/www.welovecycling.com\/hu\/kozosseg-es-kultura\/uci-noi-worldtour-5-figyelemremelto-versenyzo\/\"]}]},{\"@type\":\"ImageObject\",\"inLanguage\":\"hu\",\"@id\":\"https:\/\/www.welovecycling.com\/hu\/kozosseg-es-kultura\/uci-noi-worldtour-5-figyelemremelto-versenyzo\/#primaryimage\",\"url\":\"https:\/\/d2p6e6u75xmxt8.cloudfront.net\/12\/2020\/02\/Women-Cycling-CVR-profimedia-0493306541.jpg\",\"contentUrl\":\"https:\/\/d2p6e6u75xmxt8.cloudfront.net\/12\/2020\/02\/Women-Cycling-CVR-profimedia-0493306541.jpg\",\"width\":1366,\"height\":600},{\"@type\":\"BreadcrumbList\",\"@id\":\"https:\/\/www.welovecycling.com\/hu\/kozosseg-es-kultura\/uci-noi-worldtour-5-figyelemremelto-versenyzo\/#breadcrumb\",\"itemListElement\":[{\"@type\":\"ListItem\",\"position\":1,\"name\":\"Home\",\"item\":\"https:\/\/www.welovecycling.com\/hu\/\"},{\"@type\":\"ListItem\",\"position\":2,\"name\":\"UCI n\u0151i WorldTour: 5 figyelemrem\u00e9lt\u00f3 versenyz\u0151\"}]},{\"@type\":\"WebSite\",\"@id\":\"https:\/\/www.welovecycling.com\/hu\/#website\",\"url\":\"https:\/\/www.welovecycling.com\/hu\/\",\"name\":\"\u0160koda We Love Cycling - Magyarorsz\u00e1g\",\"description\":\"\u0160koda WeLoveCycling\",\"potentialAction\":[{\"@type\":\"SearchAction\",\"target\":{\"@type\":\"EntryPoint\",\"urlTemplate\":\"https:\/\/www.welovecycling.com\/hu\/?s={search_term_string}\"},\"query-input\":{\"@type\":\"PropertyValueSpecification\",\"valueRequired\":true,\"valueName\":\"search_term_string\"}}],\"inLanguage\":\"hu\"},{\"@type\":\"Person\",\"@id\":\"https:\/\/www.welovecycling.com\/hu\/#\/schema\/person\/414a2aebf1801691a5320edb6468e194\",\"name\":\"hegyizs\",\"image\":{\"@type\":\"ImageObject\",\"inLanguage\":\"hu\",\"@id\":\"https:\/\/www.welovecycling.com\/hu\/#\/schema\/person\/image\/\",\"url\":\"https:\/\/secure.gravatar.com\/avatar\/02cf8a7906b8cf90cecb4679defac7cfd33a1c2e3b88e4903d947f3bb58eedd3?s=96&d=mm&r=g\",\"contentUrl\":\"https:\/\/secure.gravatar.com\/avatar\/02cf8a7906b8cf90cecb4679defac7cfd33a1c2e3b88e4903d947f3bb58eedd3?s=96&d=mm&r=g\",\"caption\":\"hegyizs\"},\"url\":\"https:\/\/www.welovecycling.com\/hu\/author\/hegyizs\/\"}]}<\/script>\n<!-- \/ Yoast SEO Premium plugin. -->","yoast_head_json":{"title":"UCI n\u0151i WorldTour: 5 figyelemrem\u00e9lt\u00f3 versenyz\u0151 - \u0160koda We Love Cycling - Magyarorsz\u00e1g","robots":{"index":"index","follow":"follow","max-snippet":"max-snippet:-1","max-image-preview":"max-image-preview:large","max-video-preview":"max-video-preview:-1"},"canonical":"https:\/\/www.welovecycling.com\/hu\/kozosseg-es-kultura\/uci-noi-worldtour-5-figyelemremelto-versenyzo\/","og_locale":"hu_HU","og_type":"article","og_title":"UCI n\u0151i WorldTour: 5 figyelemrem\u00e9lt\u00f3 versenyz\u0151","og_description":"M\u00e1r k\u00fcsz\u00f6b\u00f6n a 2020-as UCI n\u0151i WorldTour, mely 21 esem\u00e9nyb\u0151l \u00e1ll, \u00e9s 10 orsz\u00e1gon \u00edvel \u00e1t. Most, hogy t\u00f6bb er\u0151forr\u00e1st [&hellip;]","og_url":"https:\/\/www.welovecycling.com\/hu\/kozosseg-es-kultura\/uci-noi-worldtour-5-figyelemremelto-versenyzo\/","og_site_name":"\u0160koda We Love Cycling - Magyarorsz\u00e1g","article_publisher":"https:\/\/www.facebook.com\/WeLoveCyclingHungary\/","article_published_time":"2020-03-01T07:00:24+00:00","og_image":[{"width":1366,"height":600,"url":"https:\/\/d2p6e6u75xmxt8.cloudfront.net\/12\/2020\/02\/Women-Cycling-CVR-profimedia-0493306541.jpg","type":"image\/jpeg"}],"author":"hegyizs","twitter_card":"summary_large_image","twitter_misc":{"Written by":"Megan Flottorp","Est. reading time":"7"},"schema":{"@context":"https:\/\/schema.org","@graph":[{"@type":"WebPage","@id":"https:\/\/www.welovecycling.com\/hu\/kozosseg-es-kultura\/uci-noi-worldtour-5-figyelemremelto-versenyzo\/","url":"https:\/\/www.welovecycling.com\/hu\/kozosseg-es-kultura\/uci-noi-worldtour-5-figyelemremelto-versenyzo\/","name":"UCI n\u0151i WorldTour: 5 figyelemrem\u00e9lt\u00f3 versenyz\u0151 - \u0160koda We Love Cycling - Magyarorsz\u00e1g","isPartOf":{"@id":"https:\/\/www.welovecycling.com\/hu\/#website"},"primaryImageOfPage":{"@id":"https:\/\/www.welovecycling.com\/hu\/kozosseg-es-kultura\/uci-noi-worldtour-5-figyelemremelto-versenyzo\/#primaryimage"},"image":{"@id":"https:\/\/www.welovecycling.com\/hu\/kozosseg-es-kultura\/uci-noi-worldtour-5-figyelemremelto-versenyzo\/#primaryimage"},"thumbnailUrl":"https:\/\/d2p6e6u75xmxt8.cloudfront.net\/12\/2020\/02\/Women-Cycling-CVR-profimedia-0493306541.jpg","datePublished":"2020-03-01T07:00:24+00:00","author":{"@id":"https:\/\/www.welovecycling.com\/hu\/#\/schema\/person\/414a2aebf1801691a5320edb6468e194"},"breadcrumb":{"@id":"https:\/\/www.welovecycling.com\/hu\/kozosseg-es-kultura\/uci-noi-worldtour-5-figyelemremelto-versenyzo\/#breadcrumb"},"inLanguage":"hu","potentialAction":[{"@type":"ReadAction","target":["https:\/\/www.welovecycling.com\/hu\/kozosseg-es-kultura\/uci-noi-worldtour-5-figyelemremelto-versenyzo\/"]}]},{"@type":"ImageObject","inLanguage":"hu","@id":"https:\/\/www.welovecycling.com\/hu\/kozosseg-es-kultura\/uci-noi-worldtour-5-figyelemremelto-versenyzo\/#primaryimage","url":"https:\/\/d2p6e6u75xmxt8.cloudfront.net\/12\/2020\/02\/Women-Cycling-CVR-profimedia-0493306541.jpg","contentUrl":"https:\/\/d2p6e6u75xmxt8.cloudfront.net\/12\/2020\/02\/Women-Cycling-CVR-profimedia-0493306541.jpg","width":1366,"height":600},{"@type":"BreadcrumbList","@id":"https:\/\/www.welovecycling.com\/hu\/kozosseg-es-kultura\/uci-noi-worldtour-5-figyelemremelto-versenyzo\/#breadcrumb","itemListElement":[{"@type":"ListItem","position":1,"name":"Home","item":"https:\/\/www.welovecycling.com\/hu\/"},{"@type":"ListItem","position":2,"name":"UCI n\u0151i WorldTour: 5 figyelemrem\u00e9lt\u00f3 versenyz\u0151"}]},{"@type":"WebSite","@id":"https:\/\/www.welovecycling.com\/hu\/#website","url":"https:\/\/www.welovecycling.com\/hu\/","name":"\u0160koda We Love Cycling - Magyarorsz\u00e1g","description":"\u0160koda WeLoveCycling","potentialAction":[{"@type":"SearchAction","target":{"@type":"EntryPoint","urlTemplate":"https:\/\/www.welovecycling.com\/hu\/?s={search_term_string}"},"query-input":{"@type":"PropertyValueSpecification","valueRequired":true,"valueName":"search_term_string"}}],"inLanguage":"hu"},{"@type":"Person","@id":"https:\/\/www.welovecycling.com\/hu\/#\/schema\/person\/414a2aebf1801691a5320edb6468e194","name":"hegyizs","image":{"@type":"ImageObject","inLanguage":"hu","@id":"https:\/\/www.welovecycling.com\/hu\/#\/schema\/person\/image\/","url":"https:\/\/secure.gravatar.com\/avatar\/02cf8a7906b8cf90cecb4679defac7cfd33a1c2e3b88e4903d947f3bb58eedd3?s=96&d=mm&r=g","contentUrl":"https:\/\/secure.gravatar.com\/avatar\/02cf8a7906b8cf90cecb4679defac7cfd33a1c2e3b88e4903d947f3bb58eedd3?s=96&d=mm&r=g","caption":"hegyizs"},"url":"https:\/\/www.welovecycling.com\/hu\/author\/hegyizs\/"}]}},"_links":{"self":[{"href":"https:\/\/www.welovecycling.com\/hu\/wp-json\/wp\/v2\/posts\/6898","targetHints":{"allow":["GET"]}}],"collection":[{"href":"https:\/\/www.welovecycling.com\/hu\/wp-json\/wp\/v2\/posts"}],"about":[{"href":"https:\/\/www.welovecycling.com\/hu\/wp-json\/wp\/v2\/types\/post"}],"author":[{"embeddable":true,"href":"https:\/\/www.welovecycling.com\/hu\/wp-json\/wp\/v2\/users\/71"}],"replies":[{"embeddable":true,"href":"https:\/\/www.welovecycling.com\/hu\/wp-json\/wp\/v2\/comments?post=6898"}],"version-history":[{"count":2,"href":"https:\/\/www.welovecycling.com\/hu\/wp-json\/wp\/v2\/posts\/6898\/revisions"}],"predecessor-version":[{"id":6915,"href":"https:\/\/www.welovecycling.com\/hu\/wp-json\/wp\/v2\/posts\/6898\/revisions\/6915"}],"wp:featuredmedia":[{"embeddable":true,"href":"https:\/\/www.welovecycling.com\/hu\/wp-json\/wp\/v2\/media\/6902"}],"wp:attachment":[{"href":"https:\/\/www.welovecycling.com\/hu\/wp-json\/wp\/v2\/media?parent=6898"}],"wp:term":[{"taxonomy":"category","embeddable":true,"href":"https:\/\/www.welovecycling.com\/hu\/wp-json\/wp\/v2\/categories?post=6898"},{"taxonomy":"post_tag","embeddable":true,"href":"https:\/\/www.welovecycling.com\/hu\/wp-json\/wp\/v2\/tags?post=6898"},{"taxonomy":"global-categories","embeddable":true,"href":"https:\/\/www.welovecycling.com\/hu\/wp-json\/wp\/v2\/global-categories?post=6898"}],"curies":[{"name":"wp","href":"https:\/\/api.w.org\/{rel}","templated":true}]}}