{"id":6892,"date":"2020-02-29T08:00:12","date_gmt":"2020-02-29T07:00:12","guid":{"rendered":"https:\/\/www.welovecycling.com\/hu\/?p=6892"},"modified":"2020-02-21T16:32:16","modified_gmt":"2020-02-21T15:32:16","slug":"vegre-egy-fair-bicikliuzlet","status":"publish","type":"post","link":"https:\/\/www.welovecycling.com\/hu\/kozosseg-es-kultura\/vegre-egy-fair-bicikliuzlet\/","title":{"rendered":"V\u00e9gre egy fair bicikli\u00fczlet!"},"content":{"rendered":"<p><strong>Hat milli\u00f3 ker\u00e9kp\u00e1rt lopnak el Eur\u00f3p\u00e1ban \u00e9vente, \u00e9s ez csak a bejelentett eseteket foglalja mag\u00e1ban. A BikeFair t\u00f6rt\u00e9nete is egy ilyennel kezd\u0151d\u00f6tt: egy gyan\u00fas \u00e1rucser\u00e9vel \u00e9s egy friss diplom\u00e1ssal, aki \u00faj v\u00e1llalkoz\u00e1si lehet\u0151s\u00e9geket keresett Rotterdamban.<\/strong><\/p>\n<p><!--more--><\/p>\n<p>A hollandok sokszor nemzeti sportk\u00e9nt emlegetik a biciklilop\u00e1st. \u00cdgy jutott Jan Pecnik esz\u00e9be, hogy l\u00e9trehozzon egy biztons\u00e1gos ad\u00e1sv\u00e9teli helyet, ahol nem \u00e1rulnak lopott ker\u00e9kp\u00e1rokat. Amikor a v\u00e1rosba k\u00f6lt\u00f6z\u00f6tt, hogy megkezdje tanulm\u00e1nyait, hamar r\u00e1j\u00f6tt, hogy sz\u00fcks\u00e9ge van egy bring\u00e1ra. Miut\u00e1n v\u00e9gigmustr\u00e1lt n\u00e9h\u00e1ny boltot a k\u00f6rny\u00e9ken, arra is r\u00e1 kellett \u00e9brednie, hogy egy \u00faj j\u00e1rg\u00e1nyt nem engedhet meg mag\u00e1nak.<\/p>\n<p><img loading=\"lazy\" decoding=\"async\" class=\"alignnone wp-image-6894 size-full\" src=\"https:\/\/d2p6e6u75xmxt8.cloudfront.net\/12\/2020\/02\/BikeFair-1.JPG.jpg\" alt=\"\" width=\"1812\" height=\"581\" srcset=\"https:\/\/d2p6e6u75xmxt8.cloudfront.net\/12\/2020\/02\/BikeFair-1.JPG.jpg 1812w, https:\/\/d2p6e6u75xmxt8.cloudfront.net\/12\/2020\/02\/BikeFair-1.JPG-300x96.jpg 300w, https:\/\/d2p6e6u75xmxt8.cloudfront.net\/12\/2020\/02\/BikeFair-1.JPG-768x246.jpg 768w, https:\/\/d2p6e6u75xmxt8.cloudfront.net\/12\/2020\/02\/BikeFair-1.JPG-1024x328.jpg 1024w\" sizes=\"auto, (max-width: 1812px) 100vw, 1812px\" \/><\/p>\n<p><em>\u201eNapokat t\u00f6lt\u00f6ttem el azzal, hogy a k\u00f6z\u00f6ss\u00e9gi m\u00e9dia fel\u00fcletein kerestem haszn\u00e1lt bring\u00e1t, \u00e9s mivel nem tal\u00e1ltam m\u00e1s opci\u00f3t, egyeztettem egy id\u0151pontot a v\u00e1ros m\u00e1sik fel\u00e9n, egy olyan ker\u00fcletben, amir\u0151l m\u00e9g a suli is figyelmezteti a di\u00e1kokat, hogy ne menjenek oda. Nagy csal\u00f3d\u00e1somra az elad\u00f3 f\u00e9l \u00f3ra k\u00e9s\u00e9s ut\u00e1n egy teljesen m\u00e1sik biciklivel \u00e9rkezett, mint amir\u0151l kor\u00e1bban sz\u00f3 volt, \u00e9s k\u00f6r\u00fclbel\u00fcl m\u00e1sf\u00e9lszer annyit k\u00e9rt \u00e9rte, mint amiben megegyezt\u00fcnk\u201d<\/em> \u2013 mes\u00e9lte Jan.<\/p>\n<p>Mivel az egyetlen lehet\u0151s\u00e9g a k\u00e9szp\u00e9nzes fizet\u00e9s volt, a jelenet, melyben egy s\u00f6t\u00e9t sik\u00e1torban nagy k\u00f6teg p\u00e9nzt ad \u00e1t egy gyan\u00fas alaknak, nem hagyott j\u00f3 \u00e9rz\u00e9seket Janban. M\u00e1s el\u00e9rhet\u0151 bringa nem l\u00e9v\u00e9n, k\u00e9nytelen volt ny\u00e9lbe \u00fctni az \u00fczletet. Persze hamarosan kider\u00fclt, hogy lopott bring\u00e1t vett.<\/p>\n<p>N\u00e9h\u00e1ny \u00e9vvel k\u00e9s\u0151bb, Jan \u00faj v\u00e1llalkoz\u00e1si lehet\u0151s\u00e9gek ut\u00e1n kutatott, amikor csod\u00e1s \u00f6tlete t\u00e1madt. Mi lenne, ha megalkotna egy platformot, ahol biztons\u00e1gos k\u00f6r\u00fclm\u00e9nyek k\u00f6z\u00f6tt tal\u00e1lhatna egym\u00e1sra minden haszn\u00e1lt bring\u00e1t keres\u0151 \u00e9s elad\u00f3. Egyik bar\u00e1tj\u00e1val, Dominik Nguyennel l\u00e9trehozt\u00e1k a BikeFair-t: egy online fel\u00fcletet, ami alkalmas erre. Mutatjuk, hogy m\u0171k\u00f6dik.<\/p>\n<p>https:\/\/www.instagram.com\/p\/ByCPhsjlvND\/<\/p>\n<h2><strong>\u00cdgy keress bring\u00e1t<\/strong><\/h2>\n<p>Ahhoz, hogy megtal\u00e1lj\u00e1k \u00faj k\u00e9tkerek\u0171 t\u00e1rsukat, a v\u00e1s\u00e1rl\u00f3knak egyszer\u0171en r\u00e1 kell keresni a k\u00fcl\u00f6nb\u00f6z\u0151 jellemz\u0151kre, \u00fagymint helysz\u00edn, m\u00e9ret, stb. Ha m\u00e1r megvan a kiv\u00e1lasztott modell, lefoglalj\u00e1k \u00e9s el\u0151leget fizetnek, melynek \u00f6sszege a teljes \u00e1rt\u00f3l f\u00fcgg.<\/p>\n<p>Ezut\u00e1n megt\u00f6rt\u00e9nik a szem\u00e9lyes \u00e1tad\u00e1s. Ha a v\u00e1s\u00e1rl\u00f3nak tetszik, amit l\u00e1t, a BikeFair rendszeren kereszt\u00fcl elutalja az \u00e1r fennmarad\u00f3 r\u00e9sz\u00e9t. Ha valami\u00e9rt el\u00e1ll a v\u00e1s\u00e1rl\u00e1st\u00f3l, akkor visszakapja a foglal\u00f3t.<\/p>\n<h2><strong>Teljesen leg\u00e1lis<\/strong><\/h2>\n<p>A nagym\u00e9rt\u00e9k\u0171 tolvajl\u00e1st tekintetbe v\u00e9ve, felmer\u00fclhet a k\u00e9rd\u00e9s, hogy hogy marad teljesen leg\u00e1lis \u00e9s lop\u00e1smentes a BikeFair?<\/p>\n<p><em>\u201eT\u00f6bbek k\u00f6z\u00f6tt figyel\u00fcnk arra, hogy minden felt\u00f6lt\u00f6tt biciklit igazoljunk. A rend\u0151rs\u00e9ggel \u00e9s sz\u00e1mos nagy, a lopott bicikliket regisztr\u00e1l\u00f3 rendszerrel egy\u00fcttm\u0171k\u00f6dve tudjuk ellen\u0151rizni, hogy a felt\u00f6lt\u00f6tt j\u00e1rm\u0171vek val\u00f3ban jogos tulajdonosaik kez\u00e9ben vannak. Ha valami gyan\u00fas, felvessz\u00fck a kapcsolatot az elad\u00f3val.\u201d<\/em><\/p>\n<figure id=\"attachment_6895\" aria-describedby=\"caption-attachment-6895\" style=\"width: 1800px\" class=\"wp-caption alignnone\"><img loading=\"lazy\" decoding=\"async\" class=\"size-full wp-image-6895\" src=\"https:\/\/d2p6e6u75xmxt8.cloudfront.net\/12\/2020\/02\/profimedia-0213825950.jpg\" alt=\"\" width=\"1800\" height=\"1200\" srcset=\"https:\/\/d2p6e6u75xmxt8.cloudfront.net\/12\/2020\/02\/profimedia-0213825950.jpg 1800w, https:\/\/d2p6e6u75xmxt8.cloudfront.net\/12\/2020\/02\/profimedia-0213825950-300x200.jpg 300w, https:\/\/d2p6e6u75xmxt8.cloudfront.net\/12\/2020\/02\/profimedia-0213825950-768x512.jpg 768w, https:\/\/d2p6e6u75xmxt8.cloudfront.net\/12\/2020\/02\/profimedia-0213825950-1024x683.jpg 1024w, https:\/\/d2p6e6u75xmxt8.cloudfront.net\/12\/2020\/02\/profimedia-0213825950-272x182.jpg 272w\" sizes=\"auto, (max-width: 1800px) 100vw, 1800px\" \/><figcaption id=\"caption-attachment-6895\" class=\"wp-caption-text\">Amszterdam\u00a0\u00a9 Profimedia, Alamy<\/figcaption><\/figure>\n<p>Tov\u00e1bb\u00e1 a ker\u00e9kp\u00e1rokat \u00e9s az \u00faj tulajdonosokat regisztr\u00e1lj\u00e1k a Bike Index adatb\u00e1zis\u00e1ban \u00e9s minden megv\u00e1s\u00e1rolt biciklit ell\u00e1tnak egy leszedhetetlen matric\u00e1val. V\u00e9g\u00fcl, de nem utols\u00f3 sorban pedig, a BikeFair csapata igyekszik felh\u00edvni a figyelmet a probl\u00e9m\u00e1ra \u00e9s a lehets\u00e9ges megold\u00e1sokra: tan\u00e1csot adnak, hogy v\u00e1lassz lakatot, hogy k\u00f6sd le a bring\u00e1t, \u00e9s mit tegy\u00e9l, ha ellopj\u00e1k.<\/p>\n<p>Jelenleg a BikeFair csak Hollandi\u00e1ban el\u00e9rhet\u0151, de 2020 tavasz\u00e1ra m\u00e1r Angli\u00e1ban \u00e9s Amerik\u00e1ban is haszn\u00e1lhat\u00f3 lesz. Ezt kapj\u00e1tok ki, tolvajok!<\/p>\n","protected":false},"excerpt":{"rendered":"<p>Hat milli\u00f3 ker\u00e9kp\u00e1rt lopnak el Eur\u00f3p\u00e1ban \u00e9vente, \u00e9s ez csak a bejelentett eseteket foglalja mag\u00e1ban. A BikeFair t\u00f6rt\u00e9nete is egy [&hellip;]<\/p>\n","protected":false},"author":71,"featured_media":6897,"comment_status":"open","ping_status":"open","sticky":false,"template":"","format":"standard","meta":{"footnotes":""},"categories":[12],"tags":[],"global-categories":[],"class_list":["post-6892","post","type-post","status-publish","format-standard","has-post-thumbnail","hentry","category-kozosseg-es-kultura"],"yoast_head":"<!-- This site is optimized with the Yoast SEO Premium plugin v25.3 (Yoast SEO v25.9) - https:\/\/yoast.com\/wordpress\/plugins\/seo\/ -->\n<title>V\u00e9gre egy fair bicikli\u00fczlet! - \u0160koda We Love Cycling - Magyarorsz\u00e1g<\/title>\n<meta name=\"robots\" content=\"index, follow, max-snippet:-1, max-image-preview:large, max-video-preview:-1\" \/>\n<link rel=\"canonical\" href=\"https:\/\/www.welovecycling.com\/hu\/kozosseg-es-kultura\/vegre-egy-fair-bicikliuzlet\/\" \/>\n<meta property=\"og:locale\" content=\"hu_HU\" \/>\n<meta property=\"og:type\" content=\"article\" \/>\n<meta property=\"og:title\" content=\"V\u00e9gre egy fair bicikli\u00fczlet!\" \/>\n<meta property=\"og:description\" content=\"Hat milli\u00f3 ker\u00e9kp\u00e1rt lopnak el Eur\u00f3p\u00e1ban \u00e9vente, \u00e9s ez csak a bejelentett eseteket foglalja mag\u00e1ban. A BikeFair t\u00f6rt\u00e9nete is egy [&hellip;]\" \/>\n<meta property=\"og:url\" content=\"https:\/\/www.welovecycling.com\/hu\/kozosseg-es-kultura\/vegre-egy-fair-bicikliuzlet\/\" \/>\n<meta property=\"og:site_name\" content=\"\u0160koda We Love Cycling - Magyarorsz\u00e1g\" \/>\n<meta property=\"article:publisher\" content=\"https:\/\/www.facebook.com\/WeLoveCyclingHungary\/\" \/>\n<meta property=\"article:published_time\" content=\"2020-02-29T07:00:12+00:00\" \/>\n<meta property=\"og:image\" content=\"https:\/\/d2p6e6u75xmxt8.cloudfront.net\/12\/2020\/02\/Utrecht-CVR-profimedia-0466667101.jpg\" \/>\n\t<meta property=\"og:image:width\" content=\"1366\" \/>\n\t<meta property=\"og:image:height\" content=\"600\" \/>\n\t<meta property=\"og:image:type\" content=\"image\/jpeg\" \/>\n<meta name=\"author\" content=\"hegyizs\" \/>\n<meta name=\"twitter:card\" content=\"summary_large_image\" \/>\n<meta name=\"twitter:label1\" content=\"Written by\" \/>\n\t<meta name=\"twitter:data1\" content=\"Tereza Antonova\" \/>\n\t<meta name=\"twitter:label2\" content=\"Est. reading time\" \/>\n\t<meta name=\"twitter:data2\" content=\"7\" \/>\n<script type=\"application\/ld+json\" class=\"yoast-schema-graph\">{\"@context\":\"https:\/\/schema.org\",\"@graph\":[{\"@type\":\"WebPage\",\"@id\":\"https:\/\/www.welovecycling.com\/hu\/kozosseg-es-kultura\/vegre-egy-fair-bicikliuzlet\/\",\"url\":\"https:\/\/www.welovecycling.com\/hu\/kozosseg-es-kultura\/vegre-egy-fair-bicikliuzlet\/\",\"name\":\"V\u00e9gre egy fair bicikli\u00fczlet! - \u0160koda We Love Cycling - Magyarorsz\u00e1g\",\"isPartOf\":{\"@id\":\"https:\/\/www.welovecycling.com\/hu\/#website\"},\"primaryImageOfPage\":{\"@id\":\"https:\/\/www.welovecycling.com\/hu\/kozosseg-es-kultura\/vegre-egy-fair-bicikliuzlet\/#primaryimage\"},\"image\":{\"@id\":\"https:\/\/www.welovecycling.com\/hu\/kozosseg-es-kultura\/vegre-egy-fair-bicikliuzlet\/#primaryimage\"},\"thumbnailUrl\":\"https:\/\/d2p6e6u75xmxt8.cloudfront.net\/12\/2020\/02\/Utrecht-CVR-profimedia-0466667101.jpg\",\"datePublished\":\"2020-02-29T07:00:12+00:00\",\"author\":{\"@id\":\"https:\/\/www.welovecycling.com\/hu\/#\/schema\/person\/414a2aebf1801691a5320edb6468e194\"},\"breadcrumb\":{\"@id\":\"https:\/\/www.welovecycling.com\/hu\/kozosseg-es-kultura\/vegre-egy-fair-bicikliuzlet\/#breadcrumb\"},\"inLanguage\":\"hu\",\"potentialAction\":[{\"@type\":\"ReadAction\",\"target\":[\"https:\/\/www.welovecycling.com\/hu\/kozosseg-es-kultura\/vegre-egy-fair-bicikliuzlet\/\"]}]},{\"@type\":\"ImageObject\",\"inLanguage\":\"hu\",\"@id\":\"https:\/\/www.welovecycling.com\/hu\/kozosseg-es-kultura\/vegre-egy-fair-bicikliuzlet\/#primaryimage\",\"url\":\"https:\/\/d2p6e6u75xmxt8.cloudfront.net\/12\/2020\/02\/Utrecht-CVR-profimedia-0466667101.jpg\",\"contentUrl\":\"https:\/\/d2p6e6u75xmxt8.cloudfront.net\/12\/2020\/02\/Utrecht-CVR-profimedia-0466667101.jpg\",\"width\":1366,\"height\":600},{\"@type\":\"BreadcrumbList\",\"@id\":\"https:\/\/www.welovecycling.com\/hu\/kozosseg-es-kultura\/vegre-egy-fair-bicikliuzlet\/#breadcrumb\",\"itemListElement\":[{\"@type\":\"ListItem\",\"position\":1,\"name\":\"Home\",\"item\":\"https:\/\/www.welovecycling.com\/hu\/\"},{\"@type\":\"ListItem\",\"position\":2,\"name\":\"V\u00e9gre egy fair bicikli\u00fczlet!\"}]},{\"@type\":\"WebSite\",\"@id\":\"https:\/\/www.welovecycling.com\/hu\/#website\",\"url\":\"https:\/\/www.welovecycling.com\/hu\/\",\"name\":\"\u0160koda We Love Cycling - Magyarorsz\u00e1g\",\"description\":\"\u0160koda WeLoveCycling\",\"potentialAction\":[{\"@type\":\"SearchAction\",\"target\":{\"@type\":\"EntryPoint\",\"urlTemplate\":\"https:\/\/www.welovecycling.com\/hu\/?s={search_term_string}\"},\"query-input\":{\"@type\":\"PropertyValueSpecification\",\"valueRequired\":true,\"valueName\":\"search_term_string\"}}],\"inLanguage\":\"hu\"},{\"@type\":\"Person\",\"@id\":\"https:\/\/www.welovecycling.com\/hu\/#\/schema\/person\/414a2aebf1801691a5320edb6468e194\",\"name\":\"hegyizs\",\"image\":{\"@type\":\"ImageObject\",\"inLanguage\":\"hu\",\"@id\":\"https:\/\/www.welovecycling.com\/hu\/#\/schema\/person\/image\/\",\"url\":\"https:\/\/secure.gravatar.com\/avatar\/02cf8a7906b8cf90cecb4679defac7cfd33a1c2e3b88e4903d947f3bb58eedd3?s=96&d=mm&r=g\",\"contentUrl\":\"https:\/\/secure.gravatar.com\/avatar\/02cf8a7906b8cf90cecb4679defac7cfd33a1c2e3b88e4903d947f3bb58eedd3?s=96&d=mm&r=g\",\"caption\":\"hegyizs\"},\"url\":\"https:\/\/www.welovecycling.com\/hu\/author\/hegyizs\/\"}]}<\/script>\n<!-- \/ Yoast SEO Premium plugin. -->","yoast_head_json":{"title":"V\u00e9gre egy fair bicikli\u00fczlet! - \u0160koda We Love Cycling - Magyarorsz\u00e1g","robots":{"index":"index","follow":"follow","max-snippet":"max-snippet:-1","max-image-preview":"max-image-preview:large","max-video-preview":"max-video-preview:-1"},"canonical":"https:\/\/www.welovecycling.com\/hu\/kozosseg-es-kultura\/vegre-egy-fair-bicikliuzlet\/","og_locale":"hu_HU","og_type":"article","og_title":"V\u00e9gre egy fair bicikli\u00fczlet!","og_description":"Hat milli\u00f3 ker\u00e9kp\u00e1rt lopnak el Eur\u00f3p\u00e1ban \u00e9vente, \u00e9s ez csak a bejelentett eseteket foglalja mag\u00e1ban. A BikeFair t\u00f6rt\u00e9nete is egy [&hellip;]","og_url":"https:\/\/www.welovecycling.com\/hu\/kozosseg-es-kultura\/vegre-egy-fair-bicikliuzlet\/","og_site_name":"\u0160koda We Love Cycling - Magyarorsz\u00e1g","article_publisher":"https:\/\/www.facebook.com\/WeLoveCyclingHungary\/","article_published_time":"2020-02-29T07:00:12+00:00","og_image":[{"width":1366,"height":600,"url":"https:\/\/d2p6e6u75xmxt8.cloudfront.net\/12\/2020\/02\/Utrecht-CVR-profimedia-0466667101.jpg","type":"image\/jpeg"}],"author":"hegyizs","twitter_card":"summary_large_image","twitter_misc":{"Written by":"Tereza Antonova","Est. reading time":"7"},"schema":{"@context":"https:\/\/schema.org","@graph":[{"@type":"WebPage","@id":"https:\/\/www.welovecycling.com\/hu\/kozosseg-es-kultura\/vegre-egy-fair-bicikliuzlet\/","url":"https:\/\/www.welovecycling.com\/hu\/kozosseg-es-kultura\/vegre-egy-fair-bicikliuzlet\/","name":"V\u00e9gre egy fair bicikli\u00fczlet! - \u0160koda We Love Cycling - Magyarorsz\u00e1g","isPartOf":{"@id":"https:\/\/www.welovecycling.com\/hu\/#website"},"primaryImageOfPage":{"@id":"https:\/\/www.welovecycling.com\/hu\/kozosseg-es-kultura\/vegre-egy-fair-bicikliuzlet\/#primaryimage"},"image":{"@id":"https:\/\/www.welovecycling.com\/hu\/kozosseg-es-kultura\/vegre-egy-fair-bicikliuzlet\/#primaryimage"},"thumbnailUrl":"https:\/\/d2p6e6u75xmxt8.cloudfront.net\/12\/2020\/02\/Utrecht-CVR-profimedia-0466667101.jpg","datePublished":"2020-02-29T07:00:12+00:00","author":{"@id":"https:\/\/www.welovecycling.com\/hu\/#\/schema\/person\/414a2aebf1801691a5320edb6468e194"},"breadcrumb":{"@id":"https:\/\/www.welovecycling.com\/hu\/kozosseg-es-kultura\/vegre-egy-fair-bicikliuzlet\/#breadcrumb"},"inLanguage":"hu","potentialAction":[{"@type":"ReadAction","target":["https:\/\/www.welovecycling.com\/hu\/kozosseg-es-kultura\/vegre-egy-fair-bicikliuzlet\/"]}]},{"@type":"ImageObject","inLanguage":"hu","@id":"https:\/\/www.welovecycling.com\/hu\/kozosseg-es-kultura\/vegre-egy-fair-bicikliuzlet\/#primaryimage","url":"https:\/\/d2p6e6u75xmxt8.cloudfront.net\/12\/2020\/02\/Utrecht-CVR-profimedia-0466667101.jpg","contentUrl":"https:\/\/d2p6e6u75xmxt8.cloudfront.net\/12\/2020\/02\/Utrecht-CVR-profimedia-0466667101.jpg","width":1366,"height":600},{"@type":"BreadcrumbList","@id":"https:\/\/www.welovecycling.com\/hu\/kozosseg-es-kultura\/vegre-egy-fair-bicikliuzlet\/#breadcrumb","itemListElement":[{"@type":"ListItem","position":1,"name":"Home","item":"https:\/\/www.welovecycling.com\/hu\/"},{"@type":"ListItem","position":2,"name":"V\u00e9gre egy fair bicikli\u00fczlet!"}]},{"@type":"WebSite","@id":"https:\/\/www.welovecycling.com\/hu\/#website","url":"https:\/\/www.welovecycling.com\/hu\/","name":"\u0160koda We Love Cycling - Magyarorsz\u00e1g","description":"\u0160koda WeLoveCycling","potentialAction":[{"@type":"SearchAction","target":{"@type":"EntryPoint","urlTemplate":"https:\/\/www.welovecycling.com\/hu\/?s={search_term_string}"},"query-input":{"@type":"PropertyValueSpecification","valueRequired":true,"valueName":"search_term_string"}}],"inLanguage":"hu"},{"@type":"Person","@id":"https:\/\/www.welovecycling.com\/hu\/#\/schema\/person\/414a2aebf1801691a5320edb6468e194","name":"hegyizs","image":{"@type":"ImageObject","inLanguage":"hu","@id":"https:\/\/www.welovecycling.com\/hu\/#\/schema\/person\/image\/","url":"https:\/\/secure.gravatar.com\/avatar\/02cf8a7906b8cf90cecb4679defac7cfd33a1c2e3b88e4903d947f3bb58eedd3?s=96&d=mm&r=g","contentUrl":"https:\/\/secure.gravatar.com\/avatar\/02cf8a7906b8cf90cecb4679defac7cfd33a1c2e3b88e4903d947f3bb58eedd3?s=96&d=mm&r=g","caption":"hegyizs"},"url":"https:\/\/www.welovecycling.com\/hu\/author\/hegyizs\/"}]}},"_links":{"self":[{"href":"https:\/\/www.welovecycling.com\/hu\/wp-json\/wp\/v2\/posts\/6892","targetHints":{"allow":["GET"]}}],"collection":[{"href":"https:\/\/www.welovecycling.com\/hu\/wp-json\/wp\/v2\/posts"}],"about":[{"href":"https:\/\/www.welovecycling.com\/hu\/wp-json\/wp\/v2\/types\/post"}],"author":[{"embeddable":true,"href":"https:\/\/www.welovecycling.com\/hu\/wp-json\/wp\/v2\/users\/71"}],"replies":[{"embeddable":true,"href":"https:\/\/www.welovecycling.com\/hu\/wp-json\/wp\/v2\/comments?post=6892"}],"version-history":[{"count":2,"href":"https:\/\/www.welovecycling.com\/hu\/wp-json\/wp\/v2\/posts\/6892\/revisions"}],"predecessor-version":[{"id":6912,"href":"https:\/\/www.welovecycling.com\/hu\/wp-json\/wp\/v2\/posts\/6892\/revisions\/6912"}],"wp:featuredmedia":[{"embeddable":true,"href":"https:\/\/www.welovecycling.com\/hu\/wp-json\/wp\/v2\/media\/6897"}],"wp:attachment":[{"href":"https:\/\/www.welovecycling.com\/hu\/wp-json\/wp\/v2\/media?parent=6892"}],"wp:term":[{"taxonomy":"category","embeddable":true,"href":"https:\/\/www.welovecycling.com\/hu\/wp-json\/wp\/v2\/categories?post=6892"},{"taxonomy":"post_tag","embeddable":true,"href":"https:\/\/www.welovecycling.com\/hu\/wp-json\/wp\/v2\/tags?post=6892"},{"taxonomy":"global-categories","embeddable":true,"href":"https:\/\/www.welovecycling.com\/hu\/wp-json\/wp\/v2\/global-categories?post=6892"}],"curies":[{"name":"wp","href":"https:\/\/api.w.org\/{rel}","templated":true}]}}