{"id":6887,"date":"2020-02-28T08:00:19","date_gmt":"2020-02-28T07:00:19","guid":{"rendered":"https:\/\/www.welovecycling.com\/hu\/?p=6887"},"modified":"2020-02-21T16:31:27","modified_gmt":"2020-02-21T15:31:27","slug":"mindent-a-2020-as-sea-otter-europe-bringafesztivalrol","status":"publish","type":"post","link":"https:\/\/www.welovecycling.com\/hu\/kozosseg-es-kultura\/mindent-a-2020-as-sea-otter-europe-bringafesztivalrol\/","title":{"rendered":"Mindent a 2020-as Sea Otter Europe bringafesztiv\u00e1lr\u00f3l"},"content":{"rendered":"<p><strong>Azok a ker\u00e9kp\u00e1rosok, akik a tengerparti nyaral\u00e1sok szerelmesei, mindent megtal\u00e1lnak az idei Sea Otter Europe fesztiv\u00e1lon, amire csak sz\u00fcks\u00e9g\u00fck van. A show a spanyol Giron\u00e1ban ker\u00fcl megrendez\u00e9sre m\u00e1jus 29 \u00e9s 31 k\u00f6z\u00f6tt.<\/strong><\/p>\n<p><!--more--><\/p>\n<p>A m\u00e1r negyedik alkalommal megtartott eur\u00f3pai rendezv\u00e9ny az amerikai Sea Otter Classic sportesem\u00e9ny mint\u00e1j\u00e1ra \u00e9p\u00fcl. Az eredeti Sea Ottert 1991-ben rendezt\u00e9k meg Kaliforni\u00e1ban.<\/p>\n<p>A Classic egy j\u00f3 lehet\u0151s\u00e9g azoknak a m\u00e1rk\u00e1knak, akik szeretn\u00e9k bemutatni vagy promot\u00e1lni \u00faj term\u00e9keiket, a t\u00e1pl\u00e1l\u00e9kkieg\u00e9sz\u00edt\u0151kt\u0151l kezdve a legfrissebb bring\u00e1s trendekig \u00e9s alkatr\u00e9szekig. Emellett fiatal bring\u00e1sok versenyezhetnek magas szint\u0171 profikkal, \u00e9s lerakhatj\u00e1k karrierj\u00fck els\u0151 alapk\u00f6veit. A Sea Otter Classicot a vil\u00e1g legnagyobb ker\u00e9kp\u00e1ros fesztiv\u00e1ljak\u00e9nt tartj\u00e1k sz\u00e1mon, t\u00f6bb mint 10000 profi sportol\u00f3t \u00e9s 70000 \u00e9rdekl\u0151d\u0151t vonz esem\u00e9nyeire.<\/p>\n<p><img loading=\"lazy\" decoding=\"async\" class=\"alignnone size-full wp-image-6888\" src=\"https:\/\/d2p6e6u75xmxt8.cloudfront.net\/12\/2020\/02\/53343504_651873595262319_7747045314539814912_o.jpg\" alt=\"\" width=\"1795\" height=\"1280\" srcset=\"https:\/\/d2p6e6u75xmxt8.cloudfront.net\/12\/2020\/02\/53343504_651873595262319_7747045314539814912_o.jpg 1795w, https:\/\/d2p6e6u75xmxt8.cloudfront.net\/12\/2020\/02\/53343504_651873595262319_7747045314539814912_o-300x214.jpg 300w, https:\/\/d2p6e6u75xmxt8.cloudfront.net\/12\/2020\/02\/53343504_651873595262319_7747045314539814912_o-768x548.jpg 768w, https:\/\/d2p6e6u75xmxt8.cloudfront.net\/12\/2020\/02\/53343504_651873595262319_7747045314539814912_o-1024x730.jpg 1024w\" sizes=\"auto, (max-width: 1795px) 100vw, 1795px\" \/><\/p>\n<p>B\u00e1r az eur\u00f3pai v\u00e1ltozata m\u00e9g gyerekcip\u0151ben j\u00e1r, z\u00f6ldf\u00fcl\u0171b\u0151l hamar a kontinens legnagyobbik\u00e1v\u00e1 n\u0151tte ki mag\u00e1t. A fesztiv\u00e1l f\u0151 szervez\u0151je, Joan Miro szerint k\u00f6r\u00fclbel\u00fcl 65000 embert v\u00e1rnak az idei esem\u00e9nyre, k\u00f6zt\u00fck a sport ir\u00e1nt \u00e9rdekl\u0151d\u0151ket, a biciklisek szerelmeseit \u00e9s versenyz\u0151ket is.<\/p>\n<p>A szervez\u0151k mindig is elk\u00f6telezett h\u00edvei voltak a ker\u00e9kp\u00e1rtesztel\u00e9snek \u2013 tavaly 3000 dem\u00f3t tesztelhettek a r\u00e9sztvev\u0151k, ezen bel\u00fcl 500 modellt 42 m\u00e1rk\u00e1t\u00f3l, \u00e9s id\u00e9n sem lesz kevesebb a lehet\u0151s\u00e9g. A fesztiv\u00e1l \u201eDemobike\u201d programja sor\u00e1n a 18 \u00e9vn\u00e9l id\u0151sebb l\u00e1togat\u00f3k ingyen kipr\u00f3b\u00e1lhatj\u00e1k a modelleket. Nem kell m\u00e1s tenni\u00fck, mint feliratkozni \u00e9s magukkal vinni szem\u00e9lyi igazolv\u00e1nyukat.<\/p>\n<p>M\u00e1jus v\u00e9ge t\u00f6k\u00e9letes id\u0151pont, hogy a m\u00e1rk\u00e1k kipr\u00f3b\u00e1lhass\u00e1k az \u00faj protot\u00edpusokat. 2019-ben a Shimano kihaszn\u00e1lta az alkalmat, \u00e9s megtartotta az XTR k\u00e9szlet\u00e9nek bemutat\u00f3j\u00e1t, egy \u00e9vvel kor\u00e1bban pedig a Cannondale \u00faj modellje, a Lefty deb\u00fct\u00e1lt a rendezv\u00e9nyen. Id\u00e9n a Focus, Cube, Trek, Merida, Moustache, Specialized, Orbea, Ghost, Bergamont, BH Bikes, Haibike, Lapierre, Canyon \u00e9s Bulls m\u00e1rk\u00e1kra sz\u00e1m\u00edthatunk.<\/p>\n<p><img loading=\"lazy\" decoding=\"async\" class=\"alignnone size-full wp-image-6889\" src=\"https:\/\/d2p6e6u75xmxt8.cloudfront.net\/12\/2020\/02\/2019-06.01-super-cup-massi-sea-otter-europe-girona-foto-francesc-llado-0000.01.JPG.jpg\" alt=\"\" width=\"1280\" height=\"853\" srcset=\"https:\/\/d2p6e6u75xmxt8.cloudfront.net\/12\/2020\/02\/2019-06.01-super-cup-massi-sea-otter-europe-girona-foto-francesc-llado-0000.01.JPG.jpg 1280w, https:\/\/d2p6e6u75xmxt8.cloudfront.net\/12\/2020\/02\/2019-06.01-super-cup-massi-sea-otter-europe-girona-foto-francesc-llado-0000.01.JPG-300x200.jpg 300w, https:\/\/d2p6e6u75xmxt8.cloudfront.net\/12\/2020\/02\/2019-06.01-super-cup-massi-sea-otter-europe-girona-foto-francesc-llado-0000.01.JPG-768x512.jpg 768w, https:\/\/d2p6e6u75xmxt8.cloudfront.net\/12\/2020\/02\/2019-06.01-super-cup-massi-sea-otter-europe-girona-foto-francesc-llado-0000.01.JPG-1024x682.jpg 1024w, https:\/\/d2p6e6u75xmxt8.cloudfront.net\/12\/2020\/02\/2019-06.01-super-cup-massi-sea-otter-europe-girona-foto-francesc-llado-0000.01.JPG-272x182.jpg 272w\" sizes=\"auto, (max-width: 1280px) 100vw, 1280px\" \/><\/p>\n<div id='gallery-1' class='gallery galleryid-6887 gallery-columns-2 gallery-size-large'><figure class='gallery-item'>\n\t\t\t<div class='gallery-icon landscape'>\n\t\t\t\t<a href='https:\/\/d2p6e6u75xmxt8.cloudfront.net\/12\/2020\/02\/36039197_483966618719685_4566323565984481280_o.jpg'><img loading=\"lazy\" decoding=\"async\" width=\"1024\" height=\"683\" src=\"https:\/\/d2p6e6u75xmxt8.cloudfront.net\/12\/2020\/02\/36039197_483966618719685_4566323565984481280_o-1024x683.jpg\" class=\"attachment-large size-large\" alt=\"\" srcset=\"https:\/\/d2p6e6u75xmxt8.cloudfront.net\/12\/2020\/02\/36039197_483966618719685_4566323565984481280_o-1024x683.jpg 1024w, https:\/\/d2p6e6u75xmxt8.cloudfront.net\/12\/2020\/02\/36039197_483966618719685_4566323565984481280_o-300x200.jpg 300w, https:\/\/d2p6e6u75xmxt8.cloudfront.net\/12\/2020\/02\/36039197_483966618719685_4566323565984481280_o-768x512.jpg 768w, https:\/\/d2p6e6u75xmxt8.cloudfront.net\/12\/2020\/02\/36039197_483966618719685_4566323565984481280_o-1920x1280.jpg 1920w, https:\/\/d2p6e6u75xmxt8.cloudfront.net\/12\/2020\/02\/36039197_483966618719685_4566323565984481280_o-272x182.jpg 272w, https:\/\/d2p6e6u75xmxt8.cloudfront.net\/12\/2020\/02\/36039197_483966618719685_4566323565984481280_o.jpg 2048w, https:\/\/d2p6e6u75xmxt8.cloudfront.net\/12\/2020\/02\/36039197_483966618719685_4566323565984481280_o-1920x1280.jpg 1920w\" sizes=\"auto, (max-width: 1024px) 100vw, 1024px\" \/><\/a>\n\t\t\t<\/div><\/figure><figure class='gallery-item'>\n\t\t\t<div class='gallery-icon landscape'>\n\t\t\t\t<a href='https:\/\/d2p6e6u75xmxt8.cloudfront.net\/12\/2020\/02\/36665824_497908987325448_1593492042875404288_o.jpg'><img loading=\"lazy\" decoding=\"async\" width=\"1024\" height=\"683\" src=\"https:\/\/d2p6e6u75xmxt8.cloudfront.net\/12\/2020\/02\/36665824_497908987325448_1593492042875404288_o-1024x683.jpg\" class=\"attachment-large size-large\" alt=\"\" srcset=\"https:\/\/d2p6e6u75xmxt8.cloudfront.net\/12\/2020\/02\/36665824_497908987325448_1593492042875404288_o-1024x683.jpg 1024w, https:\/\/d2p6e6u75xmxt8.cloudfront.net\/12\/2020\/02\/36665824_497908987325448_1593492042875404288_o-300x200.jpg 300w, https:\/\/d2p6e6u75xmxt8.cloudfront.net\/12\/2020\/02\/36665824_497908987325448_1593492042875404288_o-768x512.jpg 768w, https:\/\/d2p6e6u75xmxt8.cloudfront.net\/12\/2020\/02\/36665824_497908987325448_1593492042875404288_o-1920x1280.jpg 1920w, https:\/\/d2p6e6u75xmxt8.cloudfront.net\/12\/2020\/02\/36665824_497908987325448_1593492042875404288_o-272x182.jpg 272w, https:\/\/d2p6e6u75xmxt8.cloudfront.net\/12\/2020\/02\/36665824_497908987325448_1593492042875404288_o.jpg 2048w, https:\/\/d2p6e6u75xmxt8.cloudfront.net\/12\/2020\/02\/36665824_497908987325448_1593492042875404288_o-1920x1280.jpg 1920w\" sizes=\"auto, (max-width: 1024px) 100vw, 1024px\" \/><\/a>\n\t\t\t<\/div><\/figure>\n\t\t<\/div>\n\n<p>Ebben az \u00e9vben t\u00f6bb lehet\u0151s\u00e9g lesz a gravel, orsz\u00e1g\u00fati \u00e9s v\u00e1rosi ker\u00e9kp\u00e1rok tekintet\u00e9ben, ahogy az elektromos modellek is nagyobb sz\u00e1mban jelennek majd meg. Az e-bring\u00e1k kor\u00e1bban is szerves r\u00e9szei voltak a programnak, az els\u0151 \u00e9vben e-montikat lehetett kipr\u00f3b\u00e1lni a fesztiv\u00e1lon.<\/p>\n<p>Nem meglep\u0151, hogy az e-ker\u00e9kp\u00e1rok ilyen nagy ar\u00e1nyban vannak jelen. Megd\u00f6bbent\u0151 adat, hogy sz\u00e1mos m\u00e1rka eset\u00e9ben az e-bike modellek imm\u00e1r t\u00f6bb, mint a bev\u00e9telek fel\u00e9t teszik ki. Tal\u00e1n ennek a hagyom\u00e1nyos bring\u00e1sok egy r\u00e9sze nem igaz\u00e1n \u00f6r\u00fcl, hiszen sokan \u00fagy gondolj\u00e1k, meg\u00f6li a sport szellem\u00e9t az akkumul\u00e1tor, azonban azok, akiknek j\u00f3l j\u00f6n a r\u00e1seg\u00edt\u00e9s, vagy ing\u00e1znak, boldogan \u00fcdv\u00f6z\u00f6lhetik a j\u00f3 h\u00edrt.<\/p>\n<p>A Sea Otter Europe teh\u00e1t remek lehet\u0151s\u00e9g a szkeptikusok sz\u00e1m\u00e1ra is, hogy megismerkedjenek az elektromos \u00e1gazat \u00fajdons\u00e1gaival \u00e9s a modern technol\u00f3giai v\u00edvm\u00e1nyokkal.<\/p>\n<p>M\u00e9g t\u00f6bb inform\u00e1ci\u00f3\u00e9rt l\u00e1togass el a fesztiv\u00e1l weboldal\u00e1ra: <a href=\"https:\/\/www.seaottereurope.com\/\" target=\"_blank\" rel=\"noopener\">https:\/\/www.seaottereurope.com\/<\/a>.<\/p>\n","protected":false},"excerpt":{"rendered":"<p>Azok a ker\u00e9kp\u00e1rosok, akik a tengerparti nyaral\u00e1sok szerelmesei, mindent megtal\u00e1lnak az idei Sea Otter Europe fesztiv\u00e1lon, amire csak sz\u00fcks\u00e9g\u00fck van. [&hellip;]<\/p>\n","protected":false},"author":71,"featured_media":6891,"comment_status":"open","ping_status":"open","sticky":false,"template":"","format":"standard","meta":{"footnotes":""},"categories":[12],"tags":[],"global-categories":[],"class_list":["post-6887","post","type-post","status-publish","format-standard","has-post-thumbnail","hentry","category-kozosseg-es-kultura"],"yoast_head":"<!-- This site is optimized with the Yoast SEO Premium plugin v25.3 (Yoast SEO v25.9) - https:\/\/yoast.com\/wordpress\/plugins\/seo\/ -->\n<title>Mindent a 2020-as Sea Otter Europe bringafesztiv\u00e1lr\u00f3l - \u0160koda We Love Cycling - Magyarorsz\u00e1g<\/title>\n<meta name=\"robots\" content=\"index, follow, max-snippet:-1, max-image-preview:large, max-video-preview:-1\" \/>\n<link rel=\"canonical\" href=\"https:\/\/www.welovecycling.com\/hu\/kozosseg-es-kultura\/mindent-a-2020-as-sea-otter-europe-bringafesztivalrol\/\" \/>\n<meta property=\"og:locale\" content=\"hu_HU\" \/>\n<meta property=\"og:type\" content=\"article\" \/>\n<meta property=\"og:title\" content=\"Mindent a 2020-as Sea Otter Europe bringafesztiv\u00e1lr\u00f3l\" \/>\n<meta property=\"og:description\" content=\"Azok a ker\u00e9kp\u00e1rosok, akik a tengerparti nyaral\u00e1sok szerelmesei, mindent megtal\u00e1lnak az idei Sea Otter Europe fesztiv\u00e1lon, amire csak sz\u00fcks\u00e9g\u00fck van. [&hellip;]\" \/>\n<meta property=\"og:url\" content=\"https:\/\/www.welovecycling.com\/hu\/kozosseg-es-kultura\/mindent-a-2020-as-sea-otter-europe-bringafesztivalrol\/\" \/>\n<meta property=\"og:site_name\" content=\"\u0160koda We Love Cycling - Magyarorsz\u00e1g\" \/>\n<meta property=\"article:publisher\" content=\"https:\/\/www.facebook.com\/WeLoveCyclingHungary\/\" \/>\n<meta property=\"article:published_time\" content=\"2020-02-28T07:00:19+00:00\" \/>\n<meta property=\"og:image\" content=\"https:\/\/d2p6e6u75xmxt8.cloudfront.net\/12\/2020\/02\/Sea-Otter-CVR.jpg\" \/>\n\t<meta property=\"og:image:width\" content=\"1366\" \/>\n\t<meta property=\"og:image:height\" content=\"600\" \/>\n\t<meta property=\"og:image:type\" content=\"image\/jpeg\" \/>\n<meta name=\"author\" content=\"hegyizs\" \/>\n<meta name=\"twitter:card\" content=\"summary_large_image\" \/>\n<meta name=\"twitter:label1\" content=\"Written by\" \/>\n\t<meta name=\"twitter:data1\" content=\"Siegfried Mortkowitz\" \/>\n\t<meta name=\"twitter:label2\" content=\"Est. reading time\" \/>\n\t<meta name=\"twitter:data2\" content=\"7\" \/>\n<script type=\"application\/ld+json\" class=\"yoast-schema-graph\">{\"@context\":\"https:\/\/schema.org\",\"@graph\":[{\"@type\":\"WebPage\",\"@id\":\"https:\/\/www.welovecycling.com\/hu\/kozosseg-es-kultura\/mindent-a-2020-as-sea-otter-europe-bringafesztivalrol\/\",\"url\":\"https:\/\/www.welovecycling.com\/hu\/kozosseg-es-kultura\/mindent-a-2020-as-sea-otter-europe-bringafesztivalrol\/\",\"name\":\"Mindent a 2020-as Sea Otter Europe bringafesztiv\u00e1lr\u00f3l - \u0160koda We Love Cycling - Magyarorsz\u00e1g\",\"isPartOf\":{\"@id\":\"https:\/\/www.welovecycling.com\/hu\/#website\"},\"primaryImageOfPage\":{\"@id\":\"https:\/\/www.welovecycling.com\/hu\/kozosseg-es-kultura\/mindent-a-2020-as-sea-otter-europe-bringafesztivalrol\/#primaryimage\"},\"image\":{\"@id\":\"https:\/\/www.welovecycling.com\/hu\/kozosseg-es-kultura\/mindent-a-2020-as-sea-otter-europe-bringafesztivalrol\/#primaryimage\"},\"thumbnailUrl\":\"https:\/\/d2p6e6u75xmxt8.cloudfront.net\/12\/2020\/02\/Sea-Otter-CVR.jpg\",\"datePublished\":\"2020-02-28T07:00:19+00:00\",\"author\":{\"@id\":\"https:\/\/www.welovecycling.com\/hu\/#\/schema\/person\/414a2aebf1801691a5320edb6468e194\"},\"breadcrumb\":{\"@id\":\"https:\/\/www.welovecycling.com\/hu\/kozosseg-es-kultura\/mindent-a-2020-as-sea-otter-europe-bringafesztivalrol\/#breadcrumb\"},\"inLanguage\":\"hu\",\"potentialAction\":[{\"@type\":\"ReadAction\",\"target\":[\"https:\/\/www.welovecycling.com\/hu\/kozosseg-es-kultura\/mindent-a-2020-as-sea-otter-europe-bringafesztivalrol\/\"]}]},{\"@type\":\"ImageObject\",\"inLanguage\":\"hu\",\"@id\":\"https:\/\/www.welovecycling.com\/hu\/kozosseg-es-kultura\/mindent-a-2020-as-sea-otter-europe-bringafesztivalrol\/#primaryimage\",\"url\":\"https:\/\/d2p6e6u75xmxt8.cloudfront.net\/12\/2020\/02\/Sea-Otter-CVR.jpg\",\"contentUrl\":\"https:\/\/d2p6e6u75xmxt8.cloudfront.net\/12\/2020\/02\/Sea-Otter-CVR.jpg\",\"width\":1366,\"height\":600},{\"@type\":\"BreadcrumbList\",\"@id\":\"https:\/\/www.welovecycling.com\/hu\/kozosseg-es-kultura\/mindent-a-2020-as-sea-otter-europe-bringafesztivalrol\/#breadcrumb\",\"itemListElement\":[{\"@type\":\"ListItem\",\"position\":1,\"name\":\"Home\",\"item\":\"https:\/\/www.welovecycling.com\/hu\/\"},{\"@type\":\"ListItem\",\"position\":2,\"name\":\"Mindent a 2020-as Sea Otter Europe bringafesztiv\u00e1lr\u00f3l\"}]},{\"@type\":\"WebSite\",\"@id\":\"https:\/\/www.welovecycling.com\/hu\/#website\",\"url\":\"https:\/\/www.welovecycling.com\/hu\/\",\"name\":\"\u0160koda We Love Cycling - Magyarorsz\u00e1g\",\"description\":\"\u0160koda WeLoveCycling\",\"potentialAction\":[{\"@type\":\"SearchAction\",\"target\":{\"@type\":\"EntryPoint\",\"urlTemplate\":\"https:\/\/www.welovecycling.com\/hu\/?s={search_term_string}\"},\"query-input\":{\"@type\":\"PropertyValueSpecification\",\"valueRequired\":true,\"valueName\":\"search_term_string\"}}],\"inLanguage\":\"hu\"},{\"@type\":\"Person\",\"@id\":\"https:\/\/www.welovecycling.com\/hu\/#\/schema\/person\/414a2aebf1801691a5320edb6468e194\",\"name\":\"hegyizs\",\"image\":{\"@type\":\"ImageObject\",\"inLanguage\":\"hu\",\"@id\":\"https:\/\/www.welovecycling.com\/hu\/#\/schema\/person\/image\/\",\"url\":\"https:\/\/secure.gravatar.com\/avatar\/02cf8a7906b8cf90cecb4679defac7cfd33a1c2e3b88e4903d947f3bb58eedd3?s=96&d=mm&r=g\",\"contentUrl\":\"https:\/\/secure.gravatar.com\/avatar\/02cf8a7906b8cf90cecb4679defac7cfd33a1c2e3b88e4903d947f3bb58eedd3?s=96&d=mm&r=g\",\"caption\":\"hegyizs\"},\"url\":\"https:\/\/www.welovecycling.com\/hu\/author\/hegyizs\/\"}]}<\/script>\n<!-- \/ Yoast SEO Premium plugin. -->","yoast_head_json":{"title":"Mindent a 2020-as Sea Otter Europe bringafesztiv\u00e1lr\u00f3l - \u0160koda We Love Cycling - Magyarorsz\u00e1g","robots":{"index":"index","follow":"follow","max-snippet":"max-snippet:-1","max-image-preview":"max-image-preview:large","max-video-preview":"max-video-preview:-1"},"canonical":"https:\/\/www.welovecycling.com\/hu\/kozosseg-es-kultura\/mindent-a-2020-as-sea-otter-europe-bringafesztivalrol\/","og_locale":"hu_HU","og_type":"article","og_title":"Mindent a 2020-as Sea Otter Europe bringafesztiv\u00e1lr\u00f3l","og_description":"Azok a ker\u00e9kp\u00e1rosok, akik a tengerparti nyaral\u00e1sok szerelmesei, mindent megtal\u00e1lnak az idei Sea Otter Europe fesztiv\u00e1lon, amire csak sz\u00fcks\u00e9g\u00fck van. [&hellip;]","og_url":"https:\/\/www.welovecycling.com\/hu\/kozosseg-es-kultura\/mindent-a-2020-as-sea-otter-europe-bringafesztivalrol\/","og_site_name":"\u0160koda We Love Cycling - Magyarorsz\u00e1g","article_publisher":"https:\/\/www.facebook.com\/WeLoveCyclingHungary\/","article_published_time":"2020-02-28T07:00:19+00:00","og_image":[{"width":1366,"height":600,"url":"https:\/\/d2p6e6u75xmxt8.cloudfront.net\/12\/2020\/02\/Sea-Otter-CVR.jpg","type":"image\/jpeg"}],"author":"hegyizs","twitter_card":"summary_large_image","twitter_misc":{"Written by":"Siegfried Mortkowitz","Est. reading time":"7"},"schema":{"@context":"https:\/\/schema.org","@graph":[{"@type":"WebPage","@id":"https:\/\/www.welovecycling.com\/hu\/kozosseg-es-kultura\/mindent-a-2020-as-sea-otter-europe-bringafesztivalrol\/","url":"https:\/\/www.welovecycling.com\/hu\/kozosseg-es-kultura\/mindent-a-2020-as-sea-otter-europe-bringafesztivalrol\/","name":"Mindent a 2020-as Sea Otter Europe bringafesztiv\u00e1lr\u00f3l - \u0160koda We Love Cycling - Magyarorsz\u00e1g","isPartOf":{"@id":"https:\/\/www.welovecycling.com\/hu\/#website"},"primaryImageOfPage":{"@id":"https:\/\/www.welovecycling.com\/hu\/kozosseg-es-kultura\/mindent-a-2020-as-sea-otter-europe-bringafesztivalrol\/#primaryimage"},"image":{"@id":"https:\/\/www.welovecycling.com\/hu\/kozosseg-es-kultura\/mindent-a-2020-as-sea-otter-europe-bringafesztivalrol\/#primaryimage"},"thumbnailUrl":"https:\/\/d2p6e6u75xmxt8.cloudfront.net\/12\/2020\/02\/Sea-Otter-CVR.jpg","datePublished":"2020-02-28T07:00:19+00:00","author":{"@id":"https:\/\/www.welovecycling.com\/hu\/#\/schema\/person\/414a2aebf1801691a5320edb6468e194"},"breadcrumb":{"@id":"https:\/\/www.welovecycling.com\/hu\/kozosseg-es-kultura\/mindent-a-2020-as-sea-otter-europe-bringafesztivalrol\/#breadcrumb"},"inLanguage":"hu","potentialAction":[{"@type":"ReadAction","target":["https:\/\/www.welovecycling.com\/hu\/kozosseg-es-kultura\/mindent-a-2020-as-sea-otter-europe-bringafesztivalrol\/"]}]},{"@type":"ImageObject","inLanguage":"hu","@id":"https:\/\/www.welovecycling.com\/hu\/kozosseg-es-kultura\/mindent-a-2020-as-sea-otter-europe-bringafesztivalrol\/#primaryimage","url":"https:\/\/d2p6e6u75xmxt8.cloudfront.net\/12\/2020\/02\/Sea-Otter-CVR.jpg","contentUrl":"https:\/\/d2p6e6u75xmxt8.cloudfront.net\/12\/2020\/02\/Sea-Otter-CVR.jpg","width":1366,"height":600},{"@type":"BreadcrumbList","@id":"https:\/\/www.welovecycling.com\/hu\/kozosseg-es-kultura\/mindent-a-2020-as-sea-otter-europe-bringafesztivalrol\/#breadcrumb","itemListElement":[{"@type":"ListItem","position":1,"name":"Home","item":"https:\/\/www.welovecycling.com\/hu\/"},{"@type":"ListItem","position":2,"name":"Mindent a 2020-as Sea Otter Europe bringafesztiv\u00e1lr\u00f3l"}]},{"@type":"WebSite","@id":"https:\/\/www.welovecycling.com\/hu\/#website","url":"https:\/\/www.welovecycling.com\/hu\/","name":"\u0160koda We Love Cycling - Magyarorsz\u00e1g","description":"\u0160koda WeLoveCycling","potentialAction":[{"@type":"SearchAction","target":{"@type":"EntryPoint","urlTemplate":"https:\/\/www.welovecycling.com\/hu\/?s={search_term_string}"},"query-input":{"@type":"PropertyValueSpecification","valueRequired":true,"valueName":"search_term_string"}}],"inLanguage":"hu"},{"@type":"Person","@id":"https:\/\/www.welovecycling.com\/hu\/#\/schema\/person\/414a2aebf1801691a5320edb6468e194","name":"hegyizs","image":{"@type":"ImageObject","inLanguage":"hu","@id":"https:\/\/www.welovecycling.com\/hu\/#\/schema\/person\/image\/","url":"https:\/\/secure.gravatar.com\/avatar\/02cf8a7906b8cf90cecb4679defac7cfd33a1c2e3b88e4903d947f3bb58eedd3?s=96&d=mm&r=g","contentUrl":"https:\/\/secure.gravatar.com\/avatar\/02cf8a7906b8cf90cecb4679defac7cfd33a1c2e3b88e4903d947f3bb58eedd3?s=96&d=mm&r=g","caption":"hegyizs"},"url":"https:\/\/www.welovecycling.com\/hu\/author\/hegyizs\/"}]}},"_links":{"self":[{"href":"https:\/\/www.welovecycling.com\/hu\/wp-json\/wp\/v2\/posts\/6887","targetHints":{"allow":["GET"]}}],"collection":[{"href":"https:\/\/www.welovecycling.com\/hu\/wp-json\/wp\/v2\/posts"}],"about":[{"href":"https:\/\/www.welovecycling.com\/hu\/wp-json\/wp\/v2\/types\/post"}],"author":[{"embeddable":true,"href":"https:\/\/www.welovecycling.com\/hu\/wp-json\/wp\/v2\/users\/71"}],"replies":[{"embeddable":true,"href":"https:\/\/www.welovecycling.com\/hu\/wp-json\/wp\/v2\/comments?post=6887"}],"version-history":[{"count":2,"href":"https:\/\/www.welovecycling.com\/hu\/wp-json\/wp\/v2\/posts\/6887\/revisions"}],"predecessor-version":[{"id":6911,"href":"https:\/\/www.welovecycling.com\/hu\/wp-json\/wp\/v2\/posts\/6887\/revisions\/6911"}],"wp:featuredmedia":[{"embeddable":true,"href":"https:\/\/www.welovecycling.com\/hu\/wp-json\/wp\/v2\/media\/6891"}],"wp:attachment":[{"href":"https:\/\/www.welovecycling.com\/hu\/wp-json\/wp\/v2\/media?parent=6887"}],"wp:term":[{"taxonomy":"category","embeddable":true,"href":"https:\/\/www.welovecycling.com\/hu\/wp-json\/wp\/v2\/categories?post=6887"},{"taxonomy":"post_tag","embeddable":true,"href":"https:\/\/www.welovecycling.com\/hu\/wp-json\/wp\/v2\/tags?post=6887"},{"taxonomy":"global-categories","embeddable":true,"href":"https:\/\/www.welovecycling.com\/hu\/wp-json\/wp\/v2\/global-categories?post=6887"}],"curies":[{"name":"wp","href":"https:\/\/api.w.org\/{rel}","templated":true}]}}