{"id":6880,"date":"2020-02-27T08:00:01","date_gmt":"2020-02-27T07:00:01","guid":{"rendered":"https:\/\/www.welovecycling.com\/hu\/?p=6880"},"modified":"2020-02-21T16:30:46","modified_gmt":"2020-02-21T15:30:46","slug":"egy-teherbringas-futar-elete","status":"publish","type":"post","link":"https:\/\/www.welovecycling.com\/hu\/varosi-kerekparozas\/egy-teherbringas-futar-elete\/","title":{"rendered":"Egy teherbring\u00e1s fut\u00e1r \u00e9lete: 24 \u00fcveg m\u00e9regdr\u00e1ga bor vesz\u00e9lyes feladat"},"content":{"rendered":"<p><strong>Ha esik, ha f\u00faj, Jakub Hokyn\u00e1\u0159 neh\u00e9z teherker\u00e9kp\u00e1rj\u00e1n t\u00f6lti minden szabad idej\u00e9t iskola ut\u00e1n. Mag\u00e1ra vesz egy v\u00e9kony sz\u00e9ldzsekit \u00e9s expressz k\u00e9zbes\u00edt\u00e9seket teljes\u00edt Pr\u00e1g\u00e1ban, ahol aut\u00f3val haladni neh\u00e9zkes, bring\u00e1val viszont s\u00fcv\u00edthet elad\u00f3t\u00f3l v\u00e1s\u00e1rl\u00f3ig. A 18 \u00e9ves di\u00e1k a Messenger nev\u0171 c\u00e9gnek dolgozik, rajtuk kereszt\u00fcl csatlakozott a CityChangerCargoBike mozgalomhoz, aminek c\u00e9lja, hogy a ker\u00e9kp\u00e1ros fut\u00e1rkod\u00e1st n\u00e9pszer\u0171s\u00edtse Eur\u00f3pa-szerte.<\/strong><!--more--><\/p>\n<h2><strong>2500 km egy \u00e9v alatt<\/strong><\/h2>\n<p><em>\u201eA telefonomra let\u00f6lt\u00f6tt navig\u00e1ci\u00f3s app \u00e9rtes\u00edtett r\u00f3la, hogy 12 h\u00f3nap alatt 2500 km-t tettem meg\u201d<\/em> \u2013 mes\u00e9lte Jakub. \u00c1ltal\u00e1ban hetente h\u00e1romszor dolgozik, a bring\u00e1t a c\u00e9g telephely\u00e9n veszi fel suli ut\u00e1n. A csapat diszp\u00e9csere navig\u00e1lja. A megrendel\u00e9sekt\u0151l f\u00fcgg\u0151en egy iskolai napon 40 km-t, sz\u00fcnet alatt pedig ak\u00e1r 80-at is leteker.<\/p>\n<p><img loading=\"lazy\" decoding=\"async\" class=\"alignnone size-full wp-image-6881\" src=\"https:\/\/d2p6e6u75xmxt8.cloudfront.net\/12\/2020\/02\/Cycling-Messenger.jpg\" alt=\"\" width=\"1440\" height=\"960\" srcset=\"https:\/\/d2p6e6u75xmxt8.cloudfront.net\/12\/2020\/02\/Cycling-Messenger.jpg 1440w, https:\/\/d2p6e6u75xmxt8.cloudfront.net\/12\/2020\/02\/Cycling-Messenger-300x200.jpg 300w, https:\/\/d2p6e6u75xmxt8.cloudfront.net\/12\/2020\/02\/Cycling-Messenger-768x512.jpg 768w, https:\/\/d2p6e6u75xmxt8.cloudfront.net\/12\/2020\/02\/Cycling-Messenger-1024x683.jpg 1024w, https:\/\/d2p6e6u75xmxt8.cloudfront.net\/12\/2020\/02\/Cycling-Messenger-272x182.jpg 272w\" sizes=\"auto, (max-width: 1440px) 100vw, 1440px\" \/><\/p>\n<div id='gallery-1' class='gallery galleryid-6880 gallery-columns-2 gallery-size-large'><figure class='gallery-item'>\n\t\t\t<div class='gallery-icon landscape'>\n\t\t\t\t<a href='https:\/\/d2p6e6u75xmxt8.cloudfront.net\/12\/2020\/02\/Cycling-Messenger-2.jpg'><img loading=\"lazy\" decoding=\"async\" width=\"1024\" height=\"683\" src=\"https:\/\/d2p6e6u75xmxt8.cloudfront.net\/12\/2020\/02\/Cycling-Messenger-2-1024x683.jpg\" class=\"attachment-large size-large\" alt=\"\" srcset=\"https:\/\/d2p6e6u75xmxt8.cloudfront.net\/12\/2020\/02\/Cycling-Messenger-2-1024x683.jpg 1024w, https:\/\/d2p6e6u75xmxt8.cloudfront.net\/12\/2020\/02\/Cycling-Messenger-2-300x200.jpg 300w, https:\/\/d2p6e6u75xmxt8.cloudfront.net\/12\/2020\/02\/Cycling-Messenger-2-768x512.jpg 768w, https:\/\/d2p6e6u75xmxt8.cloudfront.net\/12\/2020\/02\/Cycling-Messenger-2-272x182.jpg 272w, https:\/\/d2p6e6u75xmxt8.cloudfront.net\/12\/2020\/02\/Cycling-Messenger-2.jpg 1440w\" sizes=\"auto, (max-width: 1024px) 100vw, 1024px\" \/><\/a>\n\t\t\t<\/div><\/figure><figure class='gallery-item'>\n\t\t\t<div class='gallery-icon landscape'>\n\t\t\t\t<a href='https:\/\/d2p6e6u75xmxt8.cloudfront.net\/12\/2020\/02\/Cycling-Messenger-1.jpg'><img loading=\"lazy\" decoding=\"async\" width=\"1024\" height=\"683\" src=\"https:\/\/d2p6e6u75xmxt8.cloudfront.net\/12\/2020\/02\/Cycling-Messenger-1-1024x683.jpg\" class=\"attachment-large size-large\" alt=\"\" srcset=\"https:\/\/d2p6e6u75xmxt8.cloudfront.net\/12\/2020\/02\/Cycling-Messenger-1-1024x683.jpg 1024w, https:\/\/d2p6e6u75xmxt8.cloudfront.net\/12\/2020\/02\/Cycling-Messenger-1-300x200.jpg 300w, https:\/\/d2p6e6u75xmxt8.cloudfront.net\/12\/2020\/02\/Cycling-Messenger-1-768x512.jpg 768w, https:\/\/d2p6e6u75xmxt8.cloudfront.net\/12\/2020\/02\/Cycling-Messenger-1-272x182.jpg 272w, https:\/\/d2p6e6u75xmxt8.cloudfront.net\/12\/2020\/02\/Cycling-Messenger-1.jpg 1440w\" sizes=\"auto, (max-width: 1024px) 100vw, 1024px\" \/><\/a>\n\t\t\t<\/div><\/figure>\n\t\t<\/div>\n\n<h2><strong>F\u00e1jdalmas koccan\u00e1sok<\/strong><\/h2>\n<p>Az els\u0151 tal\u00e1lkoz\u00e1s a hatalmas \u00e9s neh\u00e9z teherbring\u00e1val nem volt valami kellemes. \u201e<em>Iszonyatosan neh\u00e9z volt korm\u00e1nyozni \u00e9s sokkal kev\u00e9sb\u00e9 volt stabil, mint v\u00e1rtam. Baleseteztem is vele p\u00e1rat\u201d<\/em> \u2013 mes\u00e9li a fut\u00e1r, aki ker\u00fclt m\u00e1r a f\u00f6ldre, miut\u00e1n elvesz\u00edtette az egyens\u00faly\u00e1t, vagy beakadt a ped\u00e1lba a l\u00e1ba. N\u00e9h\u00e1ny h\u00e9t gyakorl\u00e1s ut\u00e1n azonban hozz\u00e1szokott a j\u00e1rm\u0171h\u00f6z \u00e9s most m\u00e1r k\u00f6nnyen v\u00e1lt k\u00f6zte \u00e9s saj\u00e1t mountain bike-ja k\u00f6z\u00f6tt.<\/p>\n<p>A s\u00e1rga teherbring\u00e1t a holland Larry Harry c\u00e9g tervezte. Alum\u00ednium v\u00e1zb\u00f3l, kr\u00f3mozott ac\u00e9l vill\u00e1b\u00f3l, \u00e9s egy nagy akkumul\u00e1torb\u00f3l \u00e1ll \u2013 az egy\u00e9b megszokott alkatr\u00e9szek mellett. <em>\u201eTeljes t\u00f6lt\u00f6tts\u00e9ggel 80 km-t b\u00edr. Csak egyszer mer\u00fclt le haszn\u00e1lat k\u00f6zben, \u00edgy seg\u00edts\u00e9g n\u00e9lk\u00fcl kellett visszatekernem a telephelyre. Mivel nagyj\u00e1b\u00f3l h\u00e1romszor olyan neh\u00e9z, mint a saj\u00e1t bring\u00e1m, nem volt k\u00f6nny\u0171 feladat.\u201d<\/em> A profi sportol\u00f3kkal ellent\u00e9tben, Jakubnak nincs j\u00f3 tapasztalata az el\u0151re megtervezett \u00e9tkez\u00e9sekkel, \u00edgy \u00e1ltal\u00e1ban gyorskaj\u00e1ld\u00e1kban eszik.<\/p>\n<p><img loading=\"lazy\" decoding=\"async\" class=\"alignnone size-full wp-image-6882\" src=\"https:\/\/d2p6e6u75xmxt8.cloudfront.net\/12\/2020\/02\/Cycling-Messenger-3.jpg\" alt=\"\" width=\"1440\" height=\"960\" srcset=\"https:\/\/d2p6e6u75xmxt8.cloudfront.net\/12\/2020\/02\/Cycling-Messenger-3.jpg 1440w, https:\/\/d2p6e6u75xmxt8.cloudfront.net\/12\/2020\/02\/Cycling-Messenger-3-300x200.jpg 300w, https:\/\/d2p6e6u75xmxt8.cloudfront.net\/12\/2020\/02\/Cycling-Messenger-3-768x512.jpg 768w, https:\/\/d2p6e6u75xmxt8.cloudfront.net\/12\/2020\/02\/Cycling-Messenger-3-1024x683.jpg 1024w, https:\/\/d2p6e6u75xmxt8.cloudfront.net\/12\/2020\/02\/Cycling-Messenger-3-272x182.jpg 272w\" sizes=\"auto, (max-width: 1440px) 100vw, 1440px\" \/><\/p>\n<h2><strong>T\u00edz iPhone X a dobozban<\/strong><\/h2>\n<p>A hatalmas alum\u00ednium doboz m\u00e9rete n\u00e9gy nagy zacsk\u00f3nak vagy nyolc postai csomagnak felel meg. Az eddigi legnagyobb \u00e9rt\u00e9k\u0171 k\u00fcldem\u00e9ny 10 vadi\u00faj iPhone X volt. Legnehezebb feladat\u00e1nak azonban a n\u00e9gy doboznyi luxus kateg\u00f3ri\u00e1j\u00fa bor kisz\u00e1ll\u00edt\u00e1sa volt. Mindegyik dobozban 6 \u00fcveg\u2026 <em>\u201eNagyon kellett \u00fcgyelnem, nehogy z\u00f6kkenjek vagy boruljak.\u201d <\/em>Az elektronikai cikkek mellett a post\u00e1t\u00f3l \u00e9s a vir\u00e1g\u00e1rusokt\u00f3l kapott megrendel\u00e9sek a leggyakoribbak. <em>\u201eSokan k\u00e9rdeznek vicces sz\u00e1ll\u00edtm\u00e1nyokr\u00f3l, de nem, nem kellett m\u00e9g soha \u00e9l\u0151 \u00e1llatot, fegyvert vagy j\u00e9gkr\u00e9met sz\u00e1ll\u00edtanom.\u201d<\/em><\/p>\n<p>A nagy bringa ellen\u00e9re t\u00f6bbnyire j\u00f3l elboldogul az utakon, hiszen a sof\u0151r\u00f6k seg\u00edt\u0151k\u00e9szek \u00e9s toler\u00e1nsak vele, egy kiv\u00e9tellel: a taxisokkal akad probl\u00e9m\u00e1ja. <em>\u201eNem azt mondom, hogy minden taxisra igaz ez, de sokan alig hagynak k\u00f6zt\u00fcnk helyet, amikor megel\u0151znek. De nem baj, \u00e9n szeretem ezt a munk\u00e1t, \u00e9s addig csin\u00e1lni fogom, ameddig csak tehetem.\u201d<\/em><\/p>\n","protected":false},"excerpt":{"rendered":"<p>Ha esik, ha f\u00faj, Jakub Hokyn\u00e1\u0159 neh\u00e9z teherker\u00e9kp\u00e1rj\u00e1n t\u00f6lti minden szabad idej\u00e9t iskola ut\u00e1n. Mag\u00e1ra vesz egy v\u00e9kony sz\u00e9ldzsekit \u00e9s [&hellip;]<\/p>\n","protected":false},"author":71,"featured_media":6884,"comment_status":"open","ping_status":"open","sticky":false,"template":"","format":"standard","meta":{"footnotes":""},"categories":[9],"tags":[],"global-categories":[],"class_list":["post-6880","post","type-post","status-publish","format-standard","has-post-thumbnail","hentry","category-varosi-kerekparozas"],"yoast_head":"<!-- This site is optimized with the Yoast SEO Premium plugin v25.3 (Yoast SEO v25.9) - https:\/\/yoast.com\/wordpress\/plugins\/seo\/ -->\n<title>Egy teherbring\u00e1s fut\u00e1r \u00e9lete: 24 \u00fcveg m\u00e9regdr\u00e1ga bor vesz\u00e9lyes feladat - \u0160koda We Love Cycling - Magyarorsz\u00e1g<\/title>\n<meta name=\"robots\" content=\"index, follow, max-snippet:-1, max-image-preview:large, max-video-preview:-1\" \/>\n<link rel=\"canonical\" href=\"https:\/\/www.welovecycling.com\/hu\/varosi-kerekparozas\/egy-teherbringas-futar-elete\/\" \/>\n<meta property=\"og:locale\" content=\"hu_HU\" \/>\n<meta property=\"og:type\" content=\"article\" \/>\n<meta property=\"og:title\" content=\"Egy teherbring\u00e1s fut\u00e1r \u00e9lete: 24 \u00fcveg m\u00e9regdr\u00e1ga bor vesz\u00e9lyes feladat\" \/>\n<meta property=\"og:description\" content=\"Ha esik, ha f\u00faj, Jakub Hokyn\u00e1\u0159 neh\u00e9z teherker\u00e9kp\u00e1rj\u00e1n t\u00f6lti minden szabad idej\u00e9t iskola ut\u00e1n. Mag\u00e1ra vesz egy v\u00e9kony sz\u00e9ldzsekit \u00e9s [&hellip;]\" \/>\n<meta property=\"og:url\" content=\"https:\/\/www.welovecycling.com\/hu\/varosi-kerekparozas\/egy-teherbringas-futar-elete\/\" \/>\n<meta property=\"og:site_name\" content=\"\u0160koda We Love Cycling - Magyarorsz\u00e1g\" \/>\n<meta property=\"article:publisher\" content=\"https:\/\/www.facebook.com\/WeLoveCyclingHungary\/\" \/>\n<meta property=\"article:published_time\" content=\"2020-02-27T07:00:01+00:00\" \/>\n<meta property=\"og:image\" content=\"https:\/\/d2p6e6u75xmxt8.cloudfront.net\/12\/2020\/02\/Messenger-Cycling-CVR.jpg\" \/>\n\t<meta property=\"og:image:width\" content=\"1366\" \/>\n\t<meta property=\"og:image:height\" content=\"600\" \/>\n\t<meta property=\"og:image:type\" content=\"image\/jpeg\" \/>\n<meta name=\"author\" content=\"hegyizs\" \/>\n<meta name=\"twitter:card\" content=\"summary_large_image\" \/>\n<meta name=\"twitter:label1\" content=\"Written by\" \/>\n\t<meta name=\"twitter:data1\" content=\"Adam Marsal\" \/>\n\t<meta name=\"twitter:label2\" content=\"Est. reading time\" \/>\n\t<meta name=\"twitter:data2\" content=\"7\" \/>\n<script type=\"application\/ld+json\" class=\"yoast-schema-graph\">{\"@context\":\"https:\/\/schema.org\",\"@graph\":[{\"@type\":\"WebPage\",\"@id\":\"https:\/\/www.welovecycling.com\/hu\/varosi-kerekparozas\/egy-teherbringas-futar-elete\/\",\"url\":\"https:\/\/www.welovecycling.com\/hu\/varosi-kerekparozas\/egy-teherbringas-futar-elete\/\",\"name\":\"Egy teherbring\u00e1s fut\u00e1r \u00e9lete: 24 \u00fcveg m\u00e9regdr\u00e1ga bor vesz\u00e9lyes feladat - \u0160koda We Love Cycling - Magyarorsz\u00e1g\",\"isPartOf\":{\"@id\":\"https:\/\/www.welovecycling.com\/hu\/#website\"},\"primaryImageOfPage\":{\"@id\":\"https:\/\/www.welovecycling.com\/hu\/varosi-kerekparozas\/egy-teherbringas-futar-elete\/#primaryimage\"},\"image\":{\"@id\":\"https:\/\/www.welovecycling.com\/hu\/varosi-kerekparozas\/egy-teherbringas-futar-elete\/#primaryimage\"},\"thumbnailUrl\":\"https:\/\/d2p6e6u75xmxt8.cloudfront.net\/12\/2020\/02\/Messenger-Cycling-CVR.jpg\",\"datePublished\":\"2020-02-27T07:00:01+00:00\",\"author\":{\"@id\":\"https:\/\/www.welovecycling.com\/hu\/#\/schema\/person\/414a2aebf1801691a5320edb6468e194\"},\"breadcrumb\":{\"@id\":\"https:\/\/www.welovecycling.com\/hu\/varosi-kerekparozas\/egy-teherbringas-futar-elete\/#breadcrumb\"},\"inLanguage\":\"hu\",\"potentialAction\":[{\"@type\":\"ReadAction\",\"target\":[\"https:\/\/www.welovecycling.com\/hu\/varosi-kerekparozas\/egy-teherbringas-futar-elete\/\"]}]},{\"@type\":\"ImageObject\",\"inLanguage\":\"hu\",\"@id\":\"https:\/\/www.welovecycling.com\/hu\/varosi-kerekparozas\/egy-teherbringas-futar-elete\/#primaryimage\",\"url\":\"https:\/\/d2p6e6u75xmxt8.cloudfront.net\/12\/2020\/02\/Messenger-Cycling-CVR.jpg\",\"contentUrl\":\"https:\/\/d2p6e6u75xmxt8.cloudfront.net\/12\/2020\/02\/Messenger-Cycling-CVR.jpg\",\"width\":1366,\"height\":600},{\"@type\":\"BreadcrumbList\",\"@id\":\"https:\/\/www.welovecycling.com\/hu\/varosi-kerekparozas\/egy-teherbringas-futar-elete\/#breadcrumb\",\"itemListElement\":[{\"@type\":\"ListItem\",\"position\":1,\"name\":\"Home\",\"item\":\"https:\/\/www.welovecycling.com\/hu\/\"},{\"@type\":\"ListItem\",\"position\":2,\"name\":\"Egy teherbring\u00e1s fut\u00e1r \u00e9lete: 24 \u00fcveg m\u00e9regdr\u00e1ga bor vesz\u00e9lyes feladat\"}]},{\"@type\":\"WebSite\",\"@id\":\"https:\/\/www.welovecycling.com\/hu\/#website\",\"url\":\"https:\/\/www.welovecycling.com\/hu\/\",\"name\":\"\u0160koda We Love Cycling - Magyarorsz\u00e1g\",\"description\":\"\u0160koda WeLoveCycling\",\"potentialAction\":[{\"@type\":\"SearchAction\",\"target\":{\"@type\":\"EntryPoint\",\"urlTemplate\":\"https:\/\/www.welovecycling.com\/hu\/?s={search_term_string}\"},\"query-input\":{\"@type\":\"PropertyValueSpecification\",\"valueRequired\":true,\"valueName\":\"search_term_string\"}}],\"inLanguage\":\"hu\"},{\"@type\":\"Person\",\"@id\":\"https:\/\/www.welovecycling.com\/hu\/#\/schema\/person\/414a2aebf1801691a5320edb6468e194\",\"name\":\"hegyizs\",\"image\":{\"@type\":\"ImageObject\",\"inLanguage\":\"hu\",\"@id\":\"https:\/\/www.welovecycling.com\/hu\/#\/schema\/person\/image\/\",\"url\":\"https:\/\/secure.gravatar.com\/avatar\/02cf8a7906b8cf90cecb4679defac7cfd33a1c2e3b88e4903d947f3bb58eedd3?s=96&d=mm&r=g\",\"contentUrl\":\"https:\/\/secure.gravatar.com\/avatar\/02cf8a7906b8cf90cecb4679defac7cfd33a1c2e3b88e4903d947f3bb58eedd3?s=96&d=mm&r=g\",\"caption\":\"hegyizs\"},\"url\":\"https:\/\/www.welovecycling.com\/hu\/author\/hegyizs\/\"}]}<\/script>\n<!-- \/ Yoast SEO Premium plugin. -->","yoast_head_json":{"title":"Egy teherbring\u00e1s fut\u00e1r \u00e9lete: 24 \u00fcveg m\u00e9regdr\u00e1ga bor vesz\u00e9lyes feladat - \u0160koda We Love Cycling - Magyarorsz\u00e1g","robots":{"index":"index","follow":"follow","max-snippet":"max-snippet:-1","max-image-preview":"max-image-preview:large","max-video-preview":"max-video-preview:-1"},"canonical":"https:\/\/www.welovecycling.com\/hu\/varosi-kerekparozas\/egy-teherbringas-futar-elete\/","og_locale":"hu_HU","og_type":"article","og_title":"Egy teherbring\u00e1s fut\u00e1r \u00e9lete: 24 \u00fcveg m\u00e9regdr\u00e1ga bor vesz\u00e9lyes feladat","og_description":"Ha esik, ha f\u00faj, Jakub Hokyn\u00e1\u0159 neh\u00e9z teherker\u00e9kp\u00e1rj\u00e1n t\u00f6lti minden szabad idej\u00e9t iskola ut\u00e1n. Mag\u00e1ra vesz egy v\u00e9kony sz\u00e9ldzsekit \u00e9s [&hellip;]","og_url":"https:\/\/www.welovecycling.com\/hu\/varosi-kerekparozas\/egy-teherbringas-futar-elete\/","og_site_name":"\u0160koda We Love Cycling - Magyarorsz\u00e1g","article_publisher":"https:\/\/www.facebook.com\/WeLoveCyclingHungary\/","article_published_time":"2020-02-27T07:00:01+00:00","og_image":[{"width":1366,"height":600,"url":"https:\/\/d2p6e6u75xmxt8.cloudfront.net\/12\/2020\/02\/Messenger-Cycling-CVR.jpg","type":"image\/jpeg"}],"author":"hegyizs","twitter_card":"summary_large_image","twitter_misc":{"Written by":"Adam Marsal","Est. reading time":"7"},"schema":{"@context":"https:\/\/schema.org","@graph":[{"@type":"WebPage","@id":"https:\/\/www.welovecycling.com\/hu\/varosi-kerekparozas\/egy-teherbringas-futar-elete\/","url":"https:\/\/www.welovecycling.com\/hu\/varosi-kerekparozas\/egy-teherbringas-futar-elete\/","name":"Egy teherbring\u00e1s fut\u00e1r \u00e9lete: 24 \u00fcveg m\u00e9regdr\u00e1ga bor vesz\u00e9lyes feladat - \u0160koda We Love Cycling - Magyarorsz\u00e1g","isPartOf":{"@id":"https:\/\/www.welovecycling.com\/hu\/#website"},"primaryImageOfPage":{"@id":"https:\/\/www.welovecycling.com\/hu\/varosi-kerekparozas\/egy-teherbringas-futar-elete\/#primaryimage"},"image":{"@id":"https:\/\/www.welovecycling.com\/hu\/varosi-kerekparozas\/egy-teherbringas-futar-elete\/#primaryimage"},"thumbnailUrl":"https:\/\/d2p6e6u75xmxt8.cloudfront.net\/12\/2020\/02\/Messenger-Cycling-CVR.jpg","datePublished":"2020-02-27T07:00:01+00:00","author":{"@id":"https:\/\/www.welovecycling.com\/hu\/#\/schema\/person\/414a2aebf1801691a5320edb6468e194"},"breadcrumb":{"@id":"https:\/\/www.welovecycling.com\/hu\/varosi-kerekparozas\/egy-teherbringas-futar-elete\/#breadcrumb"},"inLanguage":"hu","potentialAction":[{"@type":"ReadAction","target":["https:\/\/www.welovecycling.com\/hu\/varosi-kerekparozas\/egy-teherbringas-futar-elete\/"]}]},{"@type":"ImageObject","inLanguage":"hu","@id":"https:\/\/www.welovecycling.com\/hu\/varosi-kerekparozas\/egy-teherbringas-futar-elete\/#primaryimage","url":"https:\/\/d2p6e6u75xmxt8.cloudfront.net\/12\/2020\/02\/Messenger-Cycling-CVR.jpg","contentUrl":"https:\/\/d2p6e6u75xmxt8.cloudfront.net\/12\/2020\/02\/Messenger-Cycling-CVR.jpg","width":1366,"height":600},{"@type":"BreadcrumbList","@id":"https:\/\/www.welovecycling.com\/hu\/varosi-kerekparozas\/egy-teherbringas-futar-elete\/#breadcrumb","itemListElement":[{"@type":"ListItem","position":1,"name":"Home","item":"https:\/\/www.welovecycling.com\/hu\/"},{"@type":"ListItem","position":2,"name":"Egy teherbring\u00e1s fut\u00e1r \u00e9lete: 24 \u00fcveg m\u00e9regdr\u00e1ga bor vesz\u00e9lyes feladat"}]},{"@type":"WebSite","@id":"https:\/\/www.welovecycling.com\/hu\/#website","url":"https:\/\/www.welovecycling.com\/hu\/","name":"\u0160koda We Love Cycling - Magyarorsz\u00e1g","description":"\u0160koda WeLoveCycling","potentialAction":[{"@type":"SearchAction","target":{"@type":"EntryPoint","urlTemplate":"https:\/\/www.welovecycling.com\/hu\/?s={search_term_string}"},"query-input":{"@type":"PropertyValueSpecification","valueRequired":true,"valueName":"search_term_string"}}],"inLanguage":"hu"},{"@type":"Person","@id":"https:\/\/www.welovecycling.com\/hu\/#\/schema\/person\/414a2aebf1801691a5320edb6468e194","name":"hegyizs","image":{"@type":"ImageObject","inLanguage":"hu","@id":"https:\/\/www.welovecycling.com\/hu\/#\/schema\/person\/image\/","url":"https:\/\/secure.gravatar.com\/avatar\/02cf8a7906b8cf90cecb4679defac7cfd33a1c2e3b88e4903d947f3bb58eedd3?s=96&d=mm&r=g","contentUrl":"https:\/\/secure.gravatar.com\/avatar\/02cf8a7906b8cf90cecb4679defac7cfd33a1c2e3b88e4903d947f3bb58eedd3?s=96&d=mm&r=g","caption":"hegyizs"},"url":"https:\/\/www.welovecycling.com\/hu\/author\/hegyizs\/"}]}},"_links":{"self":[{"href":"https:\/\/www.welovecycling.com\/hu\/wp-json\/wp\/v2\/posts\/6880","targetHints":{"allow":["GET"]}}],"collection":[{"href":"https:\/\/www.welovecycling.com\/hu\/wp-json\/wp\/v2\/posts"}],"about":[{"href":"https:\/\/www.welovecycling.com\/hu\/wp-json\/wp\/v2\/types\/post"}],"author":[{"embeddable":true,"href":"https:\/\/www.welovecycling.com\/hu\/wp-json\/wp\/v2\/users\/71"}],"replies":[{"embeddable":true,"href":"https:\/\/www.welovecycling.com\/hu\/wp-json\/wp\/v2\/comments?post=6880"}],"version-history":[{"count":2,"href":"https:\/\/www.welovecycling.com\/hu\/wp-json\/wp\/v2\/posts\/6880\/revisions"}],"predecessor-version":[{"id":6908,"href":"https:\/\/www.welovecycling.com\/hu\/wp-json\/wp\/v2\/posts\/6880\/revisions\/6908"}],"wp:featuredmedia":[{"embeddable":true,"href":"https:\/\/www.welovecycling.com\/hu\/wp-json\/wp\/v2\/media\/6884"}],"wp:attachment":[{"href":"https:\/\/www.welovecycling.com\/hu\/wp-json\/wp\/v2\/media?parent=6880"}],"wp:term":[{"taxonomy":"category","embeddable":true,"href":"https:\/\/www.welovecycling.com\/hu\/wp-json\/wp\/v2\/categories?post=6880"},{"taxonomy":"post_tag","embeddable":true,"href":"https:\/\/www.welovecycling.com\/hu\/wp-json\/wp\/v2\/tags?post=6880"},{"taxonomy":"global-categories","embeddable":true,"href":"https:\/\/www.welovecycling.com\/hu\/wp-json\/wp\/v2\/global-categories?post=6880"}],"curies":[{"name":"wp","href":"https:\/\/api.w.org\/{rel}","templated":true}]}}