{"id":6873,"date":"2020-02-26T08:00:41","date_gmt":"2020-02-26T07:00:41","guid":{"rendered":"https:\/\/www.welovecycling.com\/hu\/?p=6873"},"modified":"2020-02-21T16:29:48","modified_gmt":"2020-02-21T15:29:48","slug":"szenhidrat-oblogetes-bicikliseknek","status":"publish","type":"post","link":"https:\/\/www.welovecycling.com\/hu\/edzes-es-eletmod\/szenhidrat-oblogetes-bicikliseknek\/","title":{"rendered":"Sz\u00e9nhidr\u00e1t-\u00f6bl\u00f6get\u00e9s bicikliseknek"},"content":{"rendered":"<p><strong>Tudjuk, hogy a ker\u00e9kp\u00e1rosok nagyban t\u00e1maszkodnak a sz\u00e9nhidr\u00e1tokra, hogy b\u00edrj\u00e1k energi\u00e1val a versenyeket. M\u00e9ghozz\u00e1 okkal: a sz\u00e9nhidr\u00e1tok kulcsfontoss\u00e1g\u00fa elemei a j\u00f3 teljes\u00edtm\u00e9nynek. Azt viszont lehet, nem tudtad, hogy egy egyszer\u0171 \u00f6bl\u00edt\u00e9s is seg\u00edthet \u2013 pedig \u00edgy van!<\/strong><!--more--><\/p>\n<h2><strong>A sz\u00e9nhidr\u00e1t-itallal val\u00f3 \u00f6bl\u00f6get\u00e9s el\u0151nyei<\/strong><\/h2>\n<p>Ugyan\u00fagy, ahogy a sz\u00e9nhidr\u00e1tbevitel, a magas sz\u00e9nhidr\u00e1t-tartalm\u00fa italokkal val\u00f3 \u00f6bl\u00f6get\u00e9s is seg\u00edt, hogy jobban teljes\u00edts. B\u00e1rmilyen furcs\u00e1n is hangzik, az ezzel kapcsolatban v\u00e9gzett 14 tanulm\u00e1nyb\u00f3l 10 al\u00e1t\u00e1masztotta, hogy pozit\u00edv hat\u00e1ssal van a sportol\u00f3kra ez a m\u00f3dszer, \u00edgy biztosak lehet\u00fcnk benne, hogy ez nem csak egy v\u00e1rosi legenda. A ker\u00e9kp\u00e1ros k\u00f6r\u00f6kben akkor lett egyre n\u00e9pszer\u0171bb, amikor elterjedt a \u201etrain low\u201d strat\u00e9gia: gyors edz\u00e9sek, alacsony sz\u00e9nhidr\u00e1tbevitellel, naponta k\u00e9tszer. A probl\u00e9ma ezzel az edz\u00e9sm\u00f3ddal, hogy ha magasabb intenzit\u00e1ssal p\u00e1rosul, k\u00f6nnyen vezethet gyenge teljes\u00edtm\u00e9nyhez a sz\u00e9nhidr\u00e1thi\u00e1ny miatt. Itt j\u00f6n be a k\u00e9pbe az \u00f6bl\u00edt\u00e9s. Seg\u00edt, hogy megtartsd az intenzit\u00e1s an\u00e9lk\u00fcl, hogy b\u00e1rmi is a gyomrodba ker\u00fclne.<\/p>\n<figure id=\"attachment_6874\" aria-describedby=\"caption-attachment-6874\" style=\"width: 1250px\" class=\"wp-caption alignnone\"><img loading=\"lazy\" decoding=\"async\" class=\"size-full wp-image-6874\" src=\"https:\/\/d2p6e6u75xmxt8.cloudfront.net\/12\/2020\/02\/Drink-Cycling-profimedia-0377903405.jpg\" alt=\"\" width=\"1250\" height=\"832\" srcset=\"https:\/\/d2p6e6u75xmxt8.cloudfront.net\/12\/2020\/02\/Drink-Cycling-profimedia-0377903405.jpg 1250w, https:\/\/d2p6e6u75xmxt8.cloudfront.net\/12\/2020\/02\/Drink-Cycling-profimedia-0377903405-300x200.jpg 300w, https:\/\/d2p6e6u75xmxt8.cloudfront.net\/12\/2020\/02\/Drink-Cycling-profimedia-0377903405-768x511.jpg 768w, https:\/\/d2p6e6u75xmxt8.cloudfront.net\/12\/2020\/02\/Drink-Cycling-profimedia-0377903405-1024x682.jpg 1024w, https:\/\/d2p6e6u75xmxt8.cloudfront.net\/12\/2020\/02\/Drink-Cycling-profimedia-0377903405-272x182.jpg 272w\" sizes=\"auto, (max-width: 1250px) 100vw, 1250px\" \/><figcaption id=\"caption-attachment-6874\" class=\"wp-caption-text\">\u00a9 Marco BERTORELLO \/ AFP \/ Profimedia<\/figcaption><\/figure>\n<h2><strong>Hogyan csin\u00e1ld?<\/strong><\/h2>\n<p>A legt\u00f6bb tanulm\u00e1ny azt aj\u00e1nlja, hogy 5-10 m\u00e1sodpercig tartsd a sz\u00e1dban a cukros italt, majd k\u00f6pd ki \u00e9s ezt rendszeresen ism\u00e9teld. Ha az edz\u00e9sed \u00fcteme engedi, hogy nyugodtabban l\u00e9legezz, 10 m\u00e1sodpercig \u00f6bl\u00f6gess. Ha a nehezebb terep vagy gyorsabb temp\u00f3 miatt l\u00e9legezned is gyorsabban kell, akkor a minimum 5 m\u00e1sodpercet tartsd be, vagy v\u00e1rd meg, hogy k\u00f6nnyebb r\u00e9szhez \u00e9rj! A legjobb, ha az edz\u00e9s els\u0151 60-90 perc\u00e9ben 5-10 percenk\u00e9nt meg tudod ezt ism\u00e9telni.<\/p>\n<h2><strong>Milyen itallal?<\/strong><\/h2>\n<p>Lesz\u00f6gezn\u00e9nk, hogy nem kell a m\u00e9regdr\u00e1ga izot\u00f3ni\u00e1s italt kik\u00f6pk\u00f6dn\u00f6d. Egyr\u00e9szt nem lenne hat\u00e1sos, m\u00e1sr\u00e9szt csak a p\u00e9nzed pazaroln\u00e1d. Most puszt\u00e1n a sz\u00e9nhidr\u00e1tra van sz\u00fcks\u00e9ged, pontosabban a gl\u00fck\u00f3zr\u00f3l, a maltodextrint\u0151l \u00e9s a n\u00e1dcukorr\u00f3l tudjuk, hogy hat\u00e1sos. Teh\u00e1t gyakorlatilag b\u00e1rmilyen \u00e9des italt vagy gy\u00fcm\u00f6lcslevet haszn\u00e1lhatsz, amit a h\u0171t\u0151ben tal\u00e1lsz. A mesters\u00e9gesen hozz\u00e1adott \u00e9des\u00edt\u0151szereket viszont ker\u00fcld! Nem ugyanaz a hat\u00e1suk, mint a term\u00e9szetes cukroknak. Ak\u00e1r el is k\u00e9sz\u00edtheted saj\u00e1t italodat, csak keverj \u00f6ssze nagyj\u00e1b\u00f3l 30 gramm cukrot f\u00e9l liter v\u00edzzel.<\/p>\n<figure id=\"attachment_6875\" aria-describedby=\"caption-attachment-6875\" style=\"width: 1250px\" class=\"wp-caption alignnone\"><img loading=\"lazy\" decoding=\"async\" class=\"size-full wp-image-6875\" src=\"https:\/\/d2p6e6u75xmxt8.cloudfront.net\/12\/2020\/02\/Cycling-Drink-profimedia-0363360297.jpg\" alt=\"\" width=\"1250\" height=\"833\" srcset=\"https:\/\/d2p6e6u75xmxt8.cloudfront.net\/12\/2020\/02\/Cycling-Drink-profimedia-0363360297.jpg 1250w, https:\/\/d2p6e6u75xmxt8.cloudfront.net\/12\/2020\/02\/Cycling-Drink-profimedia-0363360297-300x200.jpg 300w, https:\/\/d2p6e6u75xmxt8.cloudfront.net\/12\/2020\/02\/Cycling-Drink-profimedia-0363360297-768x512.jpg 768w, https:\/\/d2p6e6u75xmxt8.cloudfront.net\/12\/2020\/02\/Cycling-Drink-profimedia-0363360297-1024x682.jpg 1024w, https:\/\/d2p6e6u75xmxt8.cloudfront.net\/12\/2020\/02\/Cycling-Drink-profimedia-0363360297-272x182.jpg 272w\" sizes=\"auto, (max-width: 1250px) 100vw, 1250px\" \/><figcaption id=\"caption-attachment-6875\" class=\"wp-caption-text\">\u00a9 Philippe LOPEZ \/ AFP \/ Profimedia<\/figcaption><\/figure>\n<h2><strong>Ne felejts el fogat mosni!<\/strong><\/h2>\n<p>Ok\u00e9, ez a tan\u00e1cs viccesnek t\u0171nhet, de nagyon is komoly. <a href=\"https:\/\/www.welovecycling.com\/hu\/edzes-es-eletmod\/az-elit-bringasok-fele-kuzd-a-fogszuvasodassal-a-rendszeres-fogmosas-ellenere\/\">Kor\u00e1bban m\u00e1r<\/a> \u00edrtunk arr\u00f3l, hogy a cukorfogyaszt\u00e1s milyen k\u00e1ros hat\u00e1ssal van a fogakra. A fogmos\u00e1s \u00e9s a rendszeres orvosi vizsg\u00e1lat elengedhetetlen az eg\u00e9szs\u00e9ges fogak meg\u0151rz\u00e9s\u00e9hez!<\/p>\n<h2><strong>Kinek val\u00f3 a m\u00f3dszer?<\/strong><\/h2>\n<p>Val\u00f3sz\u00edn\u0171leg nem t\u00fal hat\u00e1sos tipikus hegyi versenyeken vagy cyclo-cross versenyeken, ahol a r\u00e9sztvev\u0151knek nincs ideje \u00e9s lehet\u0151s\u00e9ge ilyesmire. Az alacsonyabb intenzit\u00e1s\u00fa edz\u00e9sek sor\u00e1n azonban m\u0171k\u00f6d\u0151k\u00e9pes lehet. Azoknak is j\u00f3 opci\u00f3, akik nem tudnak enni a korai edz\u00e9sek el\u0151tt, vagy att\u00f3l f\u00e9lnek, rosszul lesznek, ha van valami a gyomrukban. Gyorsabban tekerhetnek \u00e9s jobban \u00e9lvezhetik a mozg\u00e1st, an\u00e9lk\u00fcl, hogy em\u00e9szt\u00e9si probl\u00e9m\u00e1kkal kelljen k\u00fczdeni\u00fck!<\/p>\n","protected":false},"excerpt":{"rendered":"<p>Tudjuk, hogy a ker\u00e9kp\u00e1rosok nagyban t\u00e1maszkodnak a sz\u00e9nhidr\u00e1tokra, hogy b\u00edrj\u00e1k energi\u00e1val a versenyeket. M\u00e9ghozz\u00e1 okkal: a sz\u00e9nhidr\u00e1tok kulcsfontoss\u00e1g\u00fa elemei a [&hellip;]<\/p>\n","protected":false},"author":71,"featured_media":6877,"comment_status":"open","ping_status":"open","sticky":false,"template":"","format":"standard","meta":{"footnotes":""},"categories":[6],"tags":[],"global-categories":[],"class_list":["post-6873","post","type-post","status-publish","format-standard","has-post-thumbnail","hentry","category-edzes-es-eletmod"],"yoast_head":"<!-- This site is optimized with the Yoast SEO Premium plugin v25.3 (Yoast SEO v25.9) - https:\/\/yoast.com\/wordpress\/plugins\/seo\/ -->\n<title>Sz\u00e9nhidr\u00e1t-\u00f6bl\u00f6get\u00e9s bicikliseknek - \u0160koda We Love Cycling - Magyarorsz\u00e1g<\/title>\n<meta name=\"robots\" content=\"index, follow, max-snippet:-1, max-image-preview:large, max-video-preview:-1\" \/>\n<link rel=\"canonical\" href=\"https:\/\/www.welovecycling.com\/hu\/edzes-es-eletmod\/szenhidrat-oblogetes-bicikliseknek\/\" \/>\n<meta property=\"og:locale\" content=\"hu_HU\" \/>\n<meta property=\"og:type\" content=\"article\" \/>\n<meta property=\"og:title\" content=\"Sz\u00e9nhidr\u00e1t-\u00f6bl\u00f6get\u00e9s bicikliseknek\" \/>\n<meta property=\"og:description\" content=\"Tudjuk, hogy a ker\u00e9kp\u00e1rosok nagyban t\u00e1maszkodnak a sz\u00e9nhidr\u00e1tokra, hogy b\u00edrj\u00e1k energi\u00e1val a versenyeket. M\u00e9ghozz\u00e1 okkal: a sz\u00e9nhidr\u00e1tok kulcsfontoss\u00e1g\u00fa elemei a [&hellip;]\" \/>\n<meta property=\"og:url\" content=\"https:\/\/www.welovecycling.com\/hu\/edzes-es-eletmod\/szenhidrat-oblogetes-bicikliseknek\/\" \/>\n<meta property=\"og:site_name\" content=\"\u0160koda We Love Cycling - Magyarorsz\u00e1g\" \/>\n<meta property=\"article:publisher\" content=\"https:\/\/www.facebook.com\/WeLoveCyclingHungary\/\" \/>\n<meta property=\"article:published_time\" content=\"2020-02-26T07:00:41+00:00\" \/>\n<meta property=\"og:image\" content=\"https:\/\/d2p6e6u75xmxt8.cloudfront.net\/12\/2020\/02\/Drink-CVR-profimedia-0433085453.jpg\" \/>\n\t<meta property=\"og:image:width\" content=\"1366\" \/>\n\t<meta property=\"og:image:height\" content=\"600\" \/>\n\t<meta property=\"og:image:type\" content=\"image\/jpeg\" \/>\n<meta name=\"author\" content=\"hegyizs\" \/>\n<meta name=\"twitter:card\" content=\"summary_large_image\" \/>\n<meta name=\"twitter:label1\" content=\"Written by\" \/>\n\t<meta name=\"twitter:data1\" content=\"Jiri Kaloc\" \/>\n\t<meta name=\"twitter:label2\" content=\"Est. reading time\" \/>\n\t<meta name=\"twitter:data2\" content=\"7\" \/>\n<script type=\"application\/ld+json\" class=\"yoast-schema-graph\">{\"@context\":\"https:\/\/schema.org\",\"@graph\":[{\"@type\":\"WebPage\",\"@id\":\"https:\/\/www.welovecycling.com\/hu\/edzes-es-eletmod\/szenhidrat-oblogetes-bicikliseknek\/\",\"url\":\"https:\/\/www.welovecycling.com\/hu\/edzes-es-eletmod\/szenhidrat-oblogetes-bicikliseknek\/\",\"name\":\"Sz\u00e9nhidr\u00e1t-\u00f6bl\u00f6get\u00e9s bicikliseknek - \u0160koda We Love Cycling - Magyarorsz\u00e1g\",\"isPartOf\":{\"@id\":\"https:\/\/www.welovecycling.com\/hu\/#website\"},\"primaryImageOfPage\":{\"@id\":\"https:\/\/www.welovecycling.com\/hu\/edzes-es-eletmod\/szenhidrat-oblogetes-bicikliseknek\/#primaryimage\"},\"image\":{\"@id\":\"https:\/\/www.welovecycling.com\/hu\/edzes-es-eletmod\/szenhidrat-oblogetes-bicikliseknek\/#primaryimage\"},\"thumbnailUrl\":\"https:\/\/d2p6e6u75xmxt8.cloudfront.net\/12\/2020\/02\/Drink-CVR-profimedia-0433085453.jpg\",\"datePublished\":\"2020-02-26T07:00:41+00:00\",\"author\":{\"@id\":\"https:\/\/www.welovecycling.com\/hu\/#\/schema\/person\/414a2aebf1801691a5320edb6468e194\"},\"breadcrumb\":{\"@id\":\"https:\/\/www.welovecycling.com\/hu\/edzes-es-eletmod\/szenhidrat-oblogetes-bicikliseknek\/#breadcrumb\"},\"inLanguage\":\"hu\",\"potentialAction\":[{\"@type\":\"ReadAction\",\"target\":[\"https:\/\/www.welovecycling.com\/hu\/edzes-es-eletmod\/szenhidrat-oblogetes-bicikliseknek\/\"]}]},{\"@type\":\"ImageObject\",\"inLanguage\":\"hu\",\"@id\":\"https:\/\/www.welovecycling.com\/hu\/edzes-es-eletmod\/szenhidrat-oblogetes-bicikliseknek\/#primaryimage\",\"url\":\"https:\/\/d2p6e6u75xmxt8.cloudfront.net\/12\/2020\/02\/Drink-CVR-profimedia-0433085453.jpg\",\"contentUrl\":\"https:\/\/d2p6e6u75xmxt8.cloudfront.net\/12\/2020\/02\/Drink-CVR-profimedia-0433085453.jpg\",\"width\":1366,\"height\":600},{\"@type\":\"BreadcrumbList\",\"@id\":\"https:\/\/www.welovecycling.com\/hu\/edzes-es-eletmod\/szenhidrat-oblogetes-bicikliseknek\/#breadcrumb\",\"itemListElement\":[{\"@type\":\"ListItem\",\"position\":1,\"name\":\"Home\",\"item\":\"https:\/\/www.welovecycling.com\/hu\/\"},{\"@type\":\"ListItem\",\"position\":2,\"name\":\"Sz\u00e9nhidr\u00e1t-\u00f6bl\u00f6get\u00e9s bicikliseknek\"}]},{\"@type\":\"WebSite\",\"@id\":\"https:\/\/www.welovecycling.com\/hu\/#website\",\"url\":\"https:\/\/www.welovecycling.com\/hu\/\",\"name\":\"\u0160koda We Love Cycling - Magyarorsz\u00e1g\",\"description\":\"\u0160koda WeLoveCycling\",\"potentialAction\":[{\"@type\":\"SearchAction\",\"target\":{\"@type\":\"EntryPoint\",\"urlTemplate\":\"https:\/\/www.welovecycling.com\/hu\/?s={search_term_string}\"},\"query-input\":{\"@type\":\"PropertyValueSpecification\",\"valueRequired\":true,\"valueName\":\"search_term_string\"}}],\"inLanguage\":\"hu\"},{\"@type\":\"Person\",\"@id\":\"https:\/\/www.welovecycling.com\/hu\/#\/schema\/person\/414a2aebf1801691a5320edb6468e194\",\"name\":\"hegyizs\",\"image\":{\"@type\":\"ImageObject\",\"inLanguage\":\"hu\",\"@id\":\"https:\/\/www.welovecycling.com\/hu\/#\/schema\/person\/image\/\",\"url\":\"https:\/\/secure.gravatar.com\/avatar\/02cf8a7906b8cf90cecb4679defac7cfd33a1c2e3b88e4903d947f3bb58eedd3?s=96&d=mm&r=g\",\"contentUrl\":\"https:\/\/secure.gravatar.com\/avatar\/02cf8a7906b8cf90cecb4679defac7cfd33a1c2e3b88e4903d947f3bb58eedd3?s=96&d=mm&r=g\",\"caption\":\"hegyizs\"},\"url\":\"https:\/\/www.welovecycling.com\/hu\/author\/hegyizs\/\"}]}<\/script>\n<!-- \/ Yoast SEO Premium plugin. -->","yoast_head_json":{"title":"Sz\u00e9nhidr\u00e1t-\u00f6bl\u00f6get\u00e9s bicikliseknek - \u0160koda We Love Cycling - Magyarorsz\u00e1g","robots":{"index":"index","follow":"follow","max-snippet":"max-snippet:-1","max-image-preview":"max-image-preview:large","max-video-preview":"max-video-preview:-1"},"canonical":"https:\/\/www.welovecycling.com\/hu\/edzes-es-eletmod\/szenhidrat-oblogetes-bicikliseknek\/","og_locale":"hu_HU","og_type":"article","og_title":"Sz\u00e9nhidr\u00e1t-\u00f6bl\u00f6get\u00e9s bicikliseknek","og_description":"Tudjuk, hogy a ker\u00e9kp\u00e1rosok nagyban t\u00e1maszkodnak a sz\u00e9nhidr\u00e1tokra, hogy b\u00edrj\u00e1k energi\u00e1val a versenyeket. M\u00e9ghozz\u00e1 okkal: a sz\u00e9nhidr\u00e1tok kulcsfontoss\u00e1g\u00fa elemei a [&hellip;]","og_url":"https:\/\/www.welovecycling.com\/hu\/edzes-es-eletmod\/szenhidrat-oblogetes-bicikliseknek\/","og_site_name":"\u0160koda We Love Cycling - Magyarorsz\u00e1g","article_publisher":"https:\/\/www.facebook.com\/WeLoveCyclingHungary\/","article_published_time":"2020-02-26T07:00:41+00:00","og_image":[{"width":1366,"height":600,"url":"https:\/\/d2p6e6u75xmxt8.cloudfront.net\/12\/2020\/02\/Drink-CVR-profimedia-0433085453.jpg","type":"image\/jpeg"}],"author":"hegyizs","twitter_card":"summary_large_image","twitter_misc":{"Written by":"Jiri Kaloc","Est. reading time":"7"},"schema":{"@context":"https:\/\/schema.org","@graph":[{"@type":"WebPage","@id":"https:\/\/www.welovecycling.com\/hu\/edzes-es-eletmod\/szenhidrat-oblogetes-bicikliseknek\/","url":"https:\/\/www.welovecycling.com\/hu\/edzes-es-eletmod\/szenhidrat-oblogetes-bicikliseknek\/","name":"Sz\u00e9nhidr\u00e1t-\u00f6bl\u00f6get\u00e9s bicikliseknek - \u0160koda We Love Cycling - Magyarorsz\u00e1g","isPartOf":{"@id":"https:\/\/www.welovecycling.com\/hu\/#website"},"primaryImageOfPage":{"@id":"https:\/\/www.welovecycling.com\/hu\/edzes-es-eletmod\/szenhidrat-oblogetes-bicikliseknek\/#primaryimage"},"image":{"@id":"https:\/\/www.welovecycling.com\/hu\/edzes-es-eletmod\/szenhidrat-oblogetes-bicikliseknek\/#primaryimage"},"thumbnailUrl":"https:\/\/d2p6e6u75xmxt8.cloudfront.net\/12\/2020\/02\/Drink-CVR-profimedia-0433085453.jpg","datePublished":"2020-02-26T07:00:41+00:00","author":{"@id":"https:\/\/www.welovecycling.com\/hu\/#\/schema\/person\/414a2aebf1801691a5320edb6468e194"},"breadcrumb":{"@id":"https:\/\/www.welovecycling.com\/hu\/edzes-es-eletmod\/szenhidrat-oblogetes-bicikliseknek\/#breadcrumb"},"inLanguage":"hu","potentialAction":[{"@type":"ReadAction","target":["https:\/\/www.welovecycling.com\/hu\/edzes-es-eletmod\/szenhidrat-oblogetes-bicikliseknek\/"]}]},{"@type":"ImageObject","inLanguage":"hu","@id":"https:\/\/www.welovecycling.com\/hu\/edzes-es-eletmod\/szenhidrat-oblogetes-bicikliseknek\/#primaryimage","url":"https:\/\/d2p6e6u75xmxt8.cloudfront.net\/12\/2020\/02\/Drink-CVR-profimedia-0433085453.jpg","contentUrl":"https:\/\/d2p6e6u75xmxt8.cloudfront.net\/12\/2020\/02\/Drink-CVR-profimedia-0433085453.jpg","width":1366,"height":600},{"@type":"BreadcrumbList","@id":"https:\/\/www.welovecycling.com\/hu\/edzes-es-eletmod\/szenhidrat-oblogetes-bicikliseknek\/#breadcrumb","itemListElement":[{"@type":"ListItem","position":1,"name":"Home","item":"https:\/\/www.welovecycling.com\/hu\/"},{"@type":"ListItem","position":2,"name":"Sz\u00e9nhidr\u00e1t-\u00f6bl\u00f6get\u00e9s bicikliseknek"}]},{"@type":"WebSite","@id":"https:\/\/www.welovecycling.com\/hu\/#website","url":"https:\/\/www.welovecycling.com\/hu\/","name":"\u0160koda We Love Cycling - Magyarorsz\u00e1g","description":"\u0160koda WeLoveCycling","potentialAction":[{"@type":"SearchAction","target":{"@type":"EntryPoint","urlTemplate":"https:\/\/www.welovecycling.com\/hu\/?s={search_term_string}"},"query-input":{"@type":"PropertyValueSpecification","valueRequired":true,"valueName":"search_term_string"}}],"inLanguage":"hu"},{"@type":"Person","@id":"https:\/\/www.welovecycling.com\/hu\/#\/schema\/person\/414a2aebf1801691a5320edb6468e194","name":"hegyizs","image":{"@type":"ImageObject","inLanguage":"hu","@id":"https:\/\/www.welovecycling.com\/hu\/#\/schema\/person\/image\/","url":"https:\/\/secure.gravatar.com\/avatar\/02cf8a7906b8cf90cecb4679defac7cfd33a1c2e3b88e4903d947f3bb58eedd3?s=96&d=mm&r=g","contentUrl":"https:\/\/secure.gravatar.com\/avatar\/02cf8a7906b8cf90cecb4679defac7cfd33a1c2e3b88e4903d947f3bb58eedd3?s=96&d=mm&r=g","caption":"hegyizs"},"url":"https:\/\/www.welovecycling.com\/hu\/author\/hegyizs\/"}]}},"_links":{"self":[{"href":"https:\/\/www.welovecycling.com\/hu\/wp-json\/wp\/v2\/posts\/6873","targetHints":{"allow":["GET"]}}],"collection":[{"href":"https:\/\/www.welovecycling.com\/hu\/wp-json\/wp\/v2\/posts"}],"about":[{"href":"https:\/\/www.welovecycling.com\/hu\/wp-json\/wp\/v2\/types\/post"}],"author":[{"embeddable":true,"href":"https:\/\/www.welovecycling.com\/hu\/wp-json\/wp\/v2\/users\/71"}],"replies":[{"embeddable":true,"href":"https:\/\/www.welovecycling.com\/hu\/wp-json\/wp\/v2\/comments?post=6873"}],"version-history":[{"count":2,"href":"https:\/\/www.welovecycling.com\/hu\/wp-json\/wp\/v2\/posts\/6873\/revisions"}],"predecessor-version":[{"id":6905,"href":"https:\/\/www.welovecycling.com\/hu\/wp-json\/wp\/v2\/posts\/6873\/revisions\/6905"}],"wp:featuredmedia":[{"embeddable":true,"href":"https:\/\/www.welovecycling.com\/hu\/wp-json\/wp\/v2\/media\/6877"}],"wp:attachment":[{"href":"https:\/\/www.welovecycling.com\/hu\/wp-json\/wp\/v2\/media?parent=6873"}],"wp:term":[{"taxonomy":"category","embeddable":true,"href":"https:\/\/www.welovecycling.com\/hu\/wp-json\/wp\/v2\/categories?post=6873"},{"taxonomy":"post_tag","embeddable":true,"href":"https:\/\/www.welovecycling.com\/hu\/wp-json\/wp\/v2\/tags?post=6873"},{"taxonomy":"global-categories","embeddable":true,"href":"https:\/\/www.welovecycling.com\/hu\/wp-json\/wp\/v2\/global-categories?post=6873"}],"curies":[{"name":"wp","href":"https:\/\/api.w.org\/{rel}","templated":true}]}}