{"id":6860,"date":"2020-02-18T08:00:19","date_gmt":"2020-02-18T07:00:19","guid":{"rendered":"https:\/\/www.welovecycling.com\/hu\/?p=6860"},"modified":"2020-02-14T17:12:21","modified_gmt":"2020-02-14T16:12:21","slug":"a-legizgalmasabb-statisztikak-az-e-montikrol","status":"publish","type":"post","link":"https:\/\/www.welovecycling.com\/hu\/kozosseg-es-kultura\/a-legizgalmasabb-statisztikak-az-e-montikrol\/","title":{"rendered":"A legizgalmasabb statisztik\u00e1k az e-montikr\u00f3l"},"content":{"rendered":"<p><strong>T\u00f6bb mint 11.000 e-montis t\u00f6lt\u00f6tte ki a k\u00e9rd\u0151\u00edvet, melyet az ebike-mtb.com tett k\u00f6zz\u00e9. Ha kicsit is \u00e9rdekel a t\u00e9ma, els\u0151 k\u00e9zb\u0151l tudhatod meg, melyik m\u00e1rk\u00e1kat \u00e9rdemes sz\u00e1mba venni, mi\u00e9rt j\u00f3 e-bring\u00e1n tekerni, milyen terepen hasznos az elektromos MTB \u00e9s vajon mit hozhat a j\u00f6v\u0151. Ha pedig eddig nem \u00e9rdekelt a dolog, tal\u00e1n most meggondolod magad.<\/strong><!--more--><\/p>\n<p>90 orsz\u00e1gb\u00f3l, 11 049 f\u0151 v\u00e1laszolt a 70 k\u00e9rd\u00e9sre az elektromos mountain bike-okkal kapcsolatban. Hogy mit mondtak? \u00d6sszefoglaltuk a leg\u00e9rdekesebb \u00e9s leghasznosabb eredm\u00e9nyeket<\/p>\n<h3><strong>1. M\u00e9gis kik az e-montisok?<\/strong><\/h3>\n<p>Ha egy \u00e1tlagos elektromos montist akarunk elk\u00e9pzelni, egy 48 \u00e9ves, Michael nev\u0171 emberre kell gondolnunk, aki \u00e9vi 74,918 eur\u00f3t keres. Ez a bev\u00e9tel tavaly \u00f3ta 2000 eur\u00f3val cs\u00f6kkent, ami azt jelzi, hogy az e-bring\u00e1k \u00e1ra lassan, de biztosan cs\u00f6kken, \u00edgy egyre t\u00f6bb r\u00e9teg sz\u00e1m\u00e1ra v\u00e1lnak el\u00e9rhet\u0151v\u00e9. Azonban a felm\u00e9r\u00e9s alapj\u00e1n m\u00e9g mindig a fels\u0151oszt\u00e1ly-beliek engedhetik meg maguknak nagyobb sz\u00e1mban ezt a k\u00f6zleked\u00e9si eszk\u00f6zt. Az online magazin olvas\u00f3inak \u00e1tlagosan 17 h\u00f3napos a montijuk \u00e9s 4,461 eur\u00f3t k\u00f6lt\u00f6ttek el r\u00e1 (ez majdnem m\u00e1sf\u00e9l milli\u00f3 forint).<\/p>\n<h3><strong>2. Bring\u00e1val nyaralni<\/strong><\/h3>\n<p>A kit\u00f6lt\u0151k 45%-a volt m\u00e1r a ker\u00e9kp\u00e1rj\u00e1val k\u00f6z\u00f6sen nyaralni, 34%-a pedig a j\u00f6v\u0151ben is tervez ilyen kiruccan\u00e1sokat. \u00c1tlagosan 7,7 napot t\u00f6lt\u00f6tt vak\u00e1ci\u00f3n bringa \u00e9s tulajdonosa, legink\u00e1bb az Alpok \u00e9s a Garda-t\u00f3 k\u00f6zel\u00e9ben. Emellett persze Wales \u00e9s Sk\u00f3cia is n\u00e9pszer\u0171 \u00fatic\u00e9lok.<\/p>\n<h3><strong>3. Mire j\u00f3 az e-monti?<\/strong><\/h3>\n<p>Legink\u00e1bb arra, hogy j\u00f3l \u00e9rezd magad rajta! A kit\u00f6lt\u0151k majdnem fele adta ezt a v\u00e1laszt: ez azt jeleni, hogy 5000 ember tan\u00fas\u00edtja, hogy e-montizni j\u00f3! A m\u00e1sodik leggyakoribb el\u0151ny, hogy kevesebb id\u0151 alatt, messzebbre tudsz vele eljutni, mint egy hagyom\u00e1nyos ker\u00e9kp\u00e1rral, illetve seg\u00edt \u00e1tlend\u00fclni a kanap\u00e9husz\u00e1r \u00e9neden. Az sem utols\u00f3 szempont, hogy egy\u00fctt tekerhetsz olyanokkal is, akikkel nem egyezik az edzetts\u00e9gi szintetek, de persze sokan v\u00e1lasztott\u00e1k az\u00e9rt az elektromos modellt, mert eg\u00e9szs\u00e9g\u00fcgyi okokb\u00f3l sz\u00fcks\u00e9g\u00fck van az akkumul\u00e1tor ny\u00fajtotta el\u0151ny\u00f6kre. Az ing\u00e1z\u00f3k az\u00e9rt szeretik, mert eg\u00e9szs\u00e9gesebb \u00e9s olcs\u00f3bb, mint aut\u00f3val k\u00f6zlekedni.<\/p>\n<p><img loading=\"lazy\" decoding=\"async\" class=\"aligncenter size-full wp-image-6861\" src=\"https:\/\/d2p6e6u75xmxt8.cloudfront.net\/12\/2020\/02\/dia_0_wlc.png\" alt=\"\" width=\"892\" height=\"312\" srcset=\"https:\/\/d2p6e6u75xmxt8.cloudfront.net\/12\/2020\/02\/dia_0_wlc.png 892w, https:\/\/d2p6e6u75xmxt8.cloudfront.net\/12\/2020\/02\/dia_0_wlc-300x105.png 300w, https:\/\/d2p6e6u75xmxt8.cloudfront.net\/12\/2020\/02\/dia_0_wlc-768x269.png 768w\" sizes=\"auto, (max-width: 892px) 100vw, 892px\" \/><\/p>\n<h3><strong>4. Melyik m\u00e1rk\u00e1t szeretik \u00e9s melyiket kev\u00e9sb\u00e9?<\/strong><\/h3>\n<p>\u00d6sszess\u00e9g\u00e9ben el\u00e9gedettek a v\u00e1s\u00e1rl\u00f3k bicajukkal (5 pontb\u00f3l 4,23-at adtak \u00e1tlagosan saj\u00e1t bring\u00e1jukra). Ez azonban m\u00e1rk\u00e1nk\u00e9nt v\u00e1ltozik: ha biztosra akarsz menni a top h\u00e1rom m\u00e1rka k\u00f6z\u00fcl v\u00e1lassz magadnak j\u00e1rg\u00e1nyt: ez pedig a Th\u00f6mus (4,64), a Norco (4,59) \u00e9s a Merida (4,56). A piacon jelenl\u00e9v\u0151 m\u00e1rk\u00e1k sorrendj\u00e9t teh\u00e1t egy 0-t\u00f3l 5-ig terjed\u0151 sk\u00e1l\u00e1n kapott pontsz\u00e1mok alapj\u00e1n \u00e1ll\u00edtott\u00e1k fel:<\/p>\n<p style=\"text-align: center;\">1. Th\u00f6mus &#8211; 4.64<br \/>\n2. Norco &#8211; 4.59<br \/>\n3. Merida &#8211; 4.56<br \/>\n4. Riese &amp; M\u00fcller &#8211; 4.53<br \/>\n5. YT Industries &#8211; 4.49<br \/>\n6. Rotwild \u2013 4.48<br \/>\n7. Nicolai \u2013 4.48<br \/>\n8. Pivot &#8211; 4.48<br \/>\n9. Specialized &#8211; 4.46<br \/>\n10. Canyon &#8211; 4.40<\/p>\n<p>Ezek teh\u00e1t az el\u00e9gedetts\u00e9gi mutat\u00f3k, m\u00e1s a sorrend azonban, ha a megk\u00e9rdezettek szerinti legjobb m\u00e1rk\u00e1kr\u00f3l besz\u00e9l\u00fcnk, ekkor a top 5 m\u00e1rk\u00e1k a k\u00f6vetkez\u0151k:<\/p>\n<p style=\"text-align: center;\">1. Specialized<br \/>\n2. Haibike<br \/>\n3. YT Industries<br \/>\n4. Rotwild<br \/>\n5. Canyon<\/p>\n<h3><strong>5. Mire haszn\u00e1ld?<\/strong><\/h3>\n<p>Az elektromos montik egyik legnagyobb el\u0151nye a soksz\u00edn\u0171s\u00e9g\u00fck. A megk\u00e9rdezettek 44%-a a hegyi utakon z\u00faz\u00e1s mellett a h\u00e9tk\u00f6znapokban is ugyanezzel a bring\u00e1val k\u00f6zlekedik. Maga a terep, amin elvisz, szint\u00e9n nagyon v\u00e1ltozatos lehet. V\u00e1laszad\u00f3ink 29%-a legink\u00e1bb erd\u0151ben haszn\u00e1lja, 30%-uk k\u00f6nnyebb hegyi \u00f6sv\u00e9nyeken, 23%-uk technik\u00e1sabb \u00fatvonalakat is bev\u00e1llal, 14% pedig a meredek hegymeneteket szereti.<\/p>\n<p><img loading=\"lazy\" decoding=\"async\" class=\"aligncenter size-full wp-image-6862\" src=\"https:\/\/d2p6e6u75xmxt8.cloudfront.net\/12\/2020\/02\/dia1_wlc.png\" alt=\"\" width=\"871\" height=\"272\" srcset=\"https:\/\/d2p6e6u75xmxt8.cloudfront.net\/12\/2020\/02\/dia1_wlc.png 871w, https:\/\/d2p6e6u75xmxt8.cloudfront.net\/12\/2020\/02\/dia1_wlc-300x94.png 300w, https:\/\/d2p6e6u75xmxt8.cloudfront.net\/12\/2020\/02\/dia1_wlc-768x240.png 768w\" sizes=\"auto, (max-width: 871px) 100vw, 871px\" \/><\/p>\n<h3><strong>6. A legn\u00e9pszer\u0171bb motor<\/strong><\/h3>\n<p>Term\u00e9szetesen az e-bike a motort\u00f3l m\u00e1s, mint egy hagyom\u00e1nyos bicikli, \u00edgy ezt sem hagyhatjuk ki a vizsg\u00e1l\u00f3d\u00e1sb\u00f3l, ha a v\u00e1s\u00e1rl\u00e1st fontolgatjuk. B\u00e1r a Shimano gy\u00e1rt\u00e1s\u00fa motorok k\u00e9t helyez\u00e9st is l\u00e9ptek a tavalyi adatokhoz k\u00e9pest, azonban tov\u00e1bbra is a Bosch viszi a pr\u00edmet: majdnem 40%-os a piaci r\u00e9szesed\u00e9se, ehhez k\u00e9pest a Shimanonak csak 20,9%. A legnagyobb n\u00f6veked\u00e9s a Yamaha eset\u00e9ben v\u00e1rhat\u00f3 az el\u0151rejelz\u00e9sek alapj\u00e1n: id\u00e9n 13,7%-kal rendelkezik a c\u00e9g, de j\u00f6v\u0151re ez j\u00f3val nagyobb is lehet.<\/p>\n<p><img loading=\"lazy\" decoding=\"async\" class=\"aligncenter size-full wp-image-6863\" src=\"https:\/\/d2p6e6u75xmxt8.cloudfront.net\/12\/2020\/02\/wlc_2020_sajat01.png\" alt=\"\" width=\"582\" height=\"82\" srcset=\"https:\/\/d2p6e6u75xmxt8.cloudfront.net\/12\/2020\/02\/wlc_2020_sajat01.png 582w, https:\/\/d2p6e6u75xmxt8.cloudfront.net\/12\/2020\/02\/wlc_2020_sajat01-300x42.png 300w\" sizes=\"auto, (max-width: 582px) 100vw, 582px\" \/><\/p>\n<p>Az egyes m\u00e1rk\u00e1k meg\u00edt\u00e9l\u00e9se bizonyos m\u00e9rt\u00e9kben megegyezik a piaci r\u00e9szesed\u00e9s\u00fckkel, azonban a Bafang nem szerepel a legjobbnak tartott motorgy\u00e1rt\u00f3k k\u00f6z\u00f6tt, a TQ ellenben igen. A Bosch ezt a list\u00e1t is vezeti, \u00e9s el\u0151kel\u0151 helyen \u00e1ll a Brose, a Shimano \u00e9s a Yamaha is. Ezekkel teh\u00e1t nem foghatsz mell\u00e9!<\/p>\n<p style=\"text-align: center;\">1. Bosch<br \/>\n2. Brose<br \/>\n3. Shimano<br \/>\n4. Yamaha<br \/>\n5. TQ<\/p>\n<h3><strong>7. Mit hoz a j\u00f6v\u0151?<\/strong><\/h3>\n<p>Ha meggy\u0151ztek az elk\u00f6telezett e-montisok, hogy te is beruh\u00e1zz egyre, hoztunk egy kis el\u0151rejelz\u00e9st, hogy melyik m\u00e1rk\u00e1t v\u00e1laszd, ha a j\u00f6v\u0151ben is a legmen\u0151bbekt\u0151l akarsz v\u00e1s\u00e1rolni. A tavalyi \u00e9s az idei adatok alapj\u00e1n az ebike-mtb.com \u00f6ssze\u00e1ll\u00edtotta a sorrendet aszerint, hogy melyik m\u00e1rk\u00e1nak hogyan v\u00e1ltozott egy \u00e9v alatt a meg\u00edt\u00e9l\u00e9se. Az el\u0151rel\u00e1that\u00f3 n\u00e9pszer\u0171s\u00e9gi lista teh\u00e1t a k\u00f6vetkez\u0151:<\/p>\n<p style=\"text-align: center;\">1. Haibike<br \/>\n2. Specialized<br \/>\n3. YT Industries<br \/>\n4. Cube<br \/>\n5. Canyon<br \/>\n6. Bulls<br \/>\n7. Focus<br \/>\n8. Rotwild<br \/>\n9. Merida<br \/>\n10. Scott<\/p>\n<p>Persze, lehet \u00e9rdemes m\u00e9g v\u00e1rni, hiszen az el\u0151rejelz\u00e9sek alapj\u00e1n, ha az elk\u00f6vetkez\u0151 egy \u00e9vben szeretn\u00e9l beruh\u00e1zni egy e-montira, j\u00f3l ki kell nyitnod a p\u00e9nzt\u00e1rc\u00e1dat: k\u00f6r\u00fclbel\u00fcl 5055 eur\u00f3ra, vagyis 1,7 milli\u00f3 forintra lesz sz\u00fcks\u00e9ged.<\/p>\n<p><em>Forr\u00e1s: <\/em><a href=\"https:\/\/ebike-mtb.com\/en\/results-reader-survey-2019\/\" target=\"_blank\" rel=\"noopener\"><em>ebike-mtb.com<\/em><\/a><\/p>\n","protected":false},"excerpt":{"rendered":"<p>T\u00f6bb mint 11.000 e-montis t\u00f6lt\u00f6tte ki a k\u00e9rd\u0151\u00edvet, melyet az ebike-mtb.com tett k\u00f6zz\u00e9. Ha kicsit is \u00e9rdekel a t\u00e9ma, els\u0151 [&hellip;]<\/p>\n","protected":false},"author":71,"featured_media":6864,"comment_status":"open","ping_status":"open","sticky":false,"template":"","format":"standard","meta":{"footnotes":""},"categories":[12],"tags":[],"global-categories":[],"class_list":["post-6860","post","type-post","status-publish","format-standard","has-post-thumbnail","hentry","category-kozosseg-es-kultura"],"yoast_head":"<!-- This site is optimized with the Yoast SEO Premium plugin v25.3 (Yoast SEO v25.9) - https:\/\/yoast.com\/wordpress\/plugins\/seo\/ -->\n<title>A legizgalmasabb statisztik\u00e1k az e-montikr\u00f3l - \u0160koda We Love Cycling - Magyarorsz\u00e1g<\/title>\n<meta name=\"robots\" content=\"index, follow, max-snippet:-1, max-image-preview:large, max-video-preview:-1\" \/>\n<link rel=\"canonical\" href=\"https:\/\/www.welovecycling.com\/hu\/kozosseg-es-kultura\/a-legizgalmasabb-statisztikak-az-e-montikrol\/\" \/>\n<meta property=\"og:locale\" content=\"hu_HU\" \/>\n<meta property=\"og:type\" content=\"article\" \/>\n<meta property=\"og:title\" content=\"A legizgalmasabb statisztik\u00e1k az e-montikr\u00f3l\" \/>\n<meta property=\"og:description\" content=\"T\u00f6bb mint 11.000 e-montis t\u00f6lt\u00f6tte ki a k\u00e9rd\u0151\u00edvet, melyet az ebike-mtb.com tett k\u00f6zz\u00e9. Ha kicsit is \u00e9rdekel a t\u00e9ma, els\u0151 [&hellip;]\" \/>\n<meta property=\"og:url\" content=\"https:\/\/www.welovecycling.com\/hu\/kozosseg-es-kultura\/a-legizgalmasabb-statisztikak-az-e-montikrol\/\" \/>\n<meta property=\"og:site_name\" content=\"\u0160koda We Love Cycling - Magyarorsz\u00e1g\" \/>\n<meta property=\"article:publisher\" content=\"https:\/\/www.facebook.com\/WeLoveCyclingHungary\/\" \/>\n<meta property=\"article:published_time\" content=\"2020-02-18T07:00:19+00:00\" \/>\n<meta property=\"og:image\" content=\"https:\/\/d2p6e6u75xmxt8.cloudfront.net\/12\/2020\/02\/bike-1855538_1280.jpg\" \/>\n\t<meta property=\"og:image:width\" content=\"1280\" \/>\n\t<meta property=\"og:image:height\" content=\"754\" \/>\n\t<meta property=\"og:image:type\" content=\"image\/jpeg\" \/>\n<meta name=\"author\" content=\"hegyizs\" \/>\n<meta name=\"twitter:card\" content=\"summary_large_image\" \/>\n<meta name=\"twitter:label1\" content=\"Written by\" \/>\n\t<meta name=\"twitter:data1\" content=\"WLC\" \/>\n\t<meta name=\"twitter:label2\" content=\"Est. reading time\" \/>\n\t<meta name=\"twitter:data2\" content=\"5 minutes\" \/>\n<script type=\"application\/ld+json\" class=\"yoast-schema-graph\">{\"@context\":\"https:\/\/schema.org\",\"@graph\":[{\"@type\":\"WebPage\",\"@id\":\"https:\/\/www.welovecycling.com\/hu\/kozosseg-es-kultura\/a-legizgalmasabb-statisztikak-az-e-montikrol\/\",\"url\":\"https:\/\/www.welovecycling.com\/hu\/kozosseg-es-kultura\/a-legizgalmasabb-statisztikak-az-e-montikrol\/\",\"name\":\"A legizgalmasabb statisztik\u00e1k az e-montikr\u00f3l - \u0160koda We Love Cycling - Magyarorsz\u00e1g\",\"isPartOf\":{\"@id\":\"https:\/\/www.welovecycling.com\/hu\/#website\"},\"primaryImageOfPage\":{\"@id\":\"https:\/\/www.welovecycling.com\/hu\/kozosseg-es-kultura\/a-legizgalmasabb-statisztikak-az-e-montikrol\/#primaryimage\"},\"image\":{\"@id\":\"https:\/\/www.welovecycling.com\/hu\/kozosseg-es-kultura\/a-legizgalmasabb-statisztikak-az-e-montikrol\/#primaryimage\"},\"thumbnailUrl\":\"https:\/\/d2p6e6u75xmxt8.cloudfront.net\/12\/2020\/02\/bike-1855538_1280.jpg\",\"datePublished\":\"2020-02-18T07:00:19+00:00\",\"author\":{\"@id\":\"https:\/\/www.welovecycling.com\/hu\/#\/schema\/person\/414a2aebf1801691a5320edb6468e194\"},\"breadcrumb\":{\"@id\":\"https:\/\/www.welovecycling.com\/hu\/kozosseg-es-kultura\/a-legizgalmasabb-statisztikak-az-e-montikrol\/#breadcrumb\"},\"inLanguage\":\"hu\",\"potentialAction\":[{\"@type\":\"ReadAction\",\"target\":[\"https:\/\/www.welovecycling.com\/hu\/kozosseg-es-kultura\/a-legizgalmasabb-statisztikak-az-e-montikrol\/\"]}]},{\"@type\":\"ImageObject\",\"inLanguage\":\"hu\",\"@id\":\"https:\/\/www.welovecycling.com\/hu\/kozosseg-es-kultura\/a-legizgalmasabb-statisztikak-az-e-montikrol\/#primaryimage\",\"url\":\"https:\/\/d2p6e6u75xmxt8.cloudfront.net\/12\/2020\/02\/bike-1855538_1280.jpg\",\"contentUrl\":\"https:\/\/d2p6e6u75xmxt8.cloudfront.net\/12\/2020\/02\/bike-1855538_1280.jpg\",\"width\":1280,\"height\":754},{\"@type\":\"BreadcrumbList\",\"@id\":\"https:\/\/www.welovecycling.com\/hu\/kozosseg-es-kultura\/a-legizgalmasabb-statisztikak-az-e-montikrol\/#breadcrumb\",\"itemListElement\":[{\"@type\":\"ListItem\",\"position\":1,\"name\":\"Home\",\"item\":\"https:\/\/www.welovecycling.com\/hu\/\"},{\"@type\":\"ListItem\",\"position\":2,\"name\":\"A legizgalmasabb statisztik\u00e1k az e-montikr\u00f3l\"}]},{\"@type\":\"WebSite\",\"@id\":\"https:\/\/www.welovecycling.com\/hu\/#website\",\"url\":\"https:\/\/www.welovecycling.com\/hu\/\",\"name\":\"\u0160koda We Love Cycling - Magyarorsz\u00e1g\",\"description\":\"\u0160koda WeLoveCycling\",\"potentialAction\":[{\"@type\":\"SearchAction\",\"target\":{\"@type\":\"EntryPoint\",\"urlTemplate\":\"https:\/\/www.welovecycling.com\/hu\/?s={search_term_string}\"},\"query-input\":{\"@type\":\"PropertyValueSpecification\",\"valueRequired\":true,\"valueName\":\"search_term_string\"}}],\"inLanguage\":\"hu\"},{\"@type\":\"Person\",\"@id\":\"https:\/\/www.welovecycling.com\/hu\/#\/schema\/person\/414a2aebf1801691a5320edb6468e194\",\"name\":\"hegyizs\",\"image\":{\"@type\":\"ImageObject\",\"inLanguage\":\"hu\",\"@id\":\"https:\/\/www.welovecycling.com\/hu\/#\/schema\/person\/image\/\",\"url\":\"https:\/\/secure.gravatar.com\/avatar\/02cf8a7906b8cf90cecb4679defac7cfd33a1c2e3b88e4903d947f3bb58eedd3?s=96&d=mm&r=g\",\"contentUrl\":\"https:\/\/secure.gravatar.com\/avatar\/02cf8a7906b8cf90cecb4679defac7cfd33a1c2e3b88e4903d947f3bb58eedd3?s=96&d=mm&r=g\",\"caption\":\"hegyizs\"},\"url\":\"https:\/\/www.welovecycling.com\/hu\/author\/hegyizs\/\"}]}<\/script>\n<!-- \/ Yoast SEO Premium plugin. -->","yoast_head_json":{"title":"A legizgalmasabb statisztik\u00e1k az e-montikr\u00f3l - \u0160koda We Love Cycling - Magyarorsz\u00e1g","robots":{"index":"index","follow":"follow","max-snippet":"max-snippet:-1","max-image-preview":"max-image-preview:large","max-video-preview":"max-video-preview:-1"},"canonical":"https:\/\/www.welovecycling.com\/hu\/kozosseg-es-kultura\/a-legizgalmasabb-statisztikak-az-e-montikrol\/","og_locale":"hu_HU","og_type":"article","og_title":"A legizgalmasabb statisztik\u00e1k az e-montikr\u00f3l","og_description":"T\u00f6bb mint 11.000 e-montis t\u00f6lt\u00f6tte ki a k\u00e9rd\u0151\u00edvet, melyet az ebike-mtb.com tett k\u00f6zz\u00e9. Ha kicsit is \u00e9rdekel a t\u00e9ma, els\u0151 [&hellip;]","og_url":"https:\/\/www.welovecycling.com\/hu\/kozosseg-es-kultura\/a-legizgalmasabb-statisztikak-az-e-montikrol\/","og_site_name":"\u0160koda We Love Cycling - Magyarorsz\u00e1g","article_publisher":"https:\/\/www.facebook.com\/WeLoveCyclingHungary\/","article_published_time":"2020-02-18T07:00:19+00:00","og_image":[{"width":1280,"height":754,"url":"https:\/\/d2p6e6u75xmxt8.cloudfront.net\/12\/2020\/02\/bike-1855538_1280.jpg","type":"image\/jpeg"}],"author":"hegyizs","twitter_card":"summary_large_image","twitter_misc":{"Written by":"WLC","Est. reading time":"5 minutes"},"schema":{"@context":"https:\/\/schema.org","@graph":[{"@type":"WebPage","@id":"https:\/\/www.welovecycling.com\/hu\/kozosseg-es-kultura\/a-legizgalmasabb-statisztikak-az-e-montikrol\/","url":"https:\/\/www.welovecycling.com\/hu\/kozosseg-es-kultura\/a-legizgalmasabb-statisztikak-az-e-montikrol\/","name":"A legizgalmasabb statisztik\u00e1k az e-montikr\u00f3l - \u0160koda We Love Cycling - Magyarorsz\u00e1g","isPartOf":{"@id":"https:\/\/www.welovecycling.com\/hu\/#website"},"primaryImageOfPage":{"@id":"https:\/\/www.welovecycling.com\/hu\/kozosseg-es-kultura\/a-legizgalmasabb-statisztikak-az-e-montikrol\/#primaryimage"},"image":{"@id":"https:\/\/www.welovecycling.com\/hu\/kozosseg-es-kultura\/a-legizgalmasabb-statisztikak-az-e-montikrol\/#primaryimage"},"thumbnailUrl":"https:\/\/d2p6e6u75xmxt8.cloudfront.net\/12\/2020\/02\/bike-1855538_1280.jpg","datePublished":"2020-02-18T07:00:19+00:00","author":{"@id":"https:\/\/www.welovecycling.com\/hu\/#\/schema\/person\/414a2aebf1801691a5320edb6468e194"},"breadcrumb":{"@id":"https:\/\/www.welovecycling.com\/hu\/kozosseg-es-kultura\/a-legizgalmasabb-statisztikak-az-e-montikrol\/#breadcrumb"},"inLanguage":"hu","potentialAction":[{"@type":"ReadAction","target":["https:\/\/www.welovecycling.com\/hu\/kozosseg-es-kultura\/a-legizgalmasabb-statisztikak-az-e-montikrol\/"]}]},{"@type":"ImageObject","inLanguage":"hu","@id":"https:\/\/www.welovecycling.com\/hu\/kozosseg-es-kultura\/a-legizgalmasabb-statisztikak-az-e-montikrol\/#primaryimage","url":"https:\/\/d2p6e6u75xmxt8.cloudfront.net\/12\/2020\/02\/bike-1855538_1280.jpg","contentUrl":"https:\/\/d2p6e6u75xmxt8.cloudfront.net\/12\/2020\/02\/bike-1855538_1280.jpg","width":1280,"height":754},{"@type":"BreadcrumbList","@id":"https:\/\/www.welovecycling.com\/hu\/kozosseg-es-kultura\/a-legizgalmasabb-statisztikak-az-e-montikrol\/#breadcrumb","itemListElement":[{"@type":"ListItem","position":1,"name":"Home","item":"https:\/\/www.welovecycling.com\/hu\/"},{"@type":"ListItem","position":2,"name":"A legizgalmasabb statisztik\u00e1k az e-montikr\u00f3l"}]},{"@type":"WebSite","@id":"https:\/\/www.welovecycling.com\/hu\/#website","url":"https:\/\/www.welovecycling.com\/hu\/","name":"\u0160koda We Love Cycling - Magyarorsz\u00e1g","description":"\u0160koda WeLoveCycling","potentialAction":[{"@type":"SearchAction","target":{"@type":"EntryPoint","urlTemplate":"https:\/\/www.welovecycling.com\/hu\/?s={search_term_string}"},"query-input":{"@type":"PropertyValueSpecification","valueRequired":true,"valueName":"search_term_string"}}],"inLanguage":"hu"},{"@type":"Person","@id":"https:\/\/www.welovecycling.com\/hu\/#\/schema\/person\/414a2aebf1801691a5320edb6468e194","name":"hegyizs","image":{"@type":"ImageObject","inLanguage":"hu","@id":"https:\/\/www.welovecycling.com\/hu\/#\/schema\/person\/image\/","url":"https:\/\/secure.gravatar.com\/avatar\/02cf8a7906b8cf90cecb4679defac7cfd33a1c2e3b88e4903d947f3bb58eedd3?s=96&d=mm&r=g","contentUrl":"https:\/\/secure.gravatar.com\/avatar\/02cf8a7906b8cf90cecb4679defac7cfd33a1c2e3b88e4903d947f3bb58eedd3?s=96&d=mm&r=g","caption":"hegyizs"},"url":"https:\/\/www.welovecycling.com\/hu\/author\/hegyizs\/"}]}},"_links":{"self":[{"href":"https:\/\/www.welovecycling.com\/hu\/wp-json\/wp\/v2\/posts\/6860","targetHints":{"allow":["GET"]}}],"collection":[{"href":"https:\/\/www.welovecycling.com\/hu\/wp-json\/wp\/v2\/posts"}],"about":[{"href":"https:\/\/www.welovecycling.com\/hu\/wp-json\/wp\/v2\/types\/post"}],"author":[{"embeddable":true,"href":"https:\/\/www.welovecycling.com\/hu\/wp-json\/wp\/v2\/users\/71"}],"replies":[{"embeddable":true,"href":"https:\/\/www.welovecycling.com\/hu\/wp-json\/wp\/v2\/comments?post=6860"}],"version-history":[{"count":2,"href":"https:\/\/www.welovecycling.com\/hu\/wp-json\/wp\/v2\/posts\/6860\/revisions"}],"predecessor-version":[{"id":6866,"href":"https:\/\/www.welovecycling.com\/hu\/wp-json\/wp\/v2\/posts\/6860\/revisions\/6866"}],"wp:featuredmedia":[{"embeddable":true,"href":"https:\/\/www.welovecycling.com\/hu\/wp-json\/wp\/v2\/media\/6864"}],"wp:attachment":[{"href":"https:\/\/www.welovecycling.com\/hu\/wp-json\/wp\/v2\/media?parent=6860"}],"wp:term":[{"taxonomy":"category","embeddable":true,"href":"https:\/\/www.welovecycling.com\/hu\/wp-json\/wp\/v2\/categories?post=6860"},{"taxonomy":"post_tag","embeddable":true,"href":"https:\/\/www.welovecycling.com\/hu\/wp-json\/wp\/v2\/tags?post=6860"},{"taxonomy":"global-categories","embeddable":true,"href":"https:\/\/www.welovecycling.com\/hu\/wp-json\/wp\/v2\/global-categories?post=6860"}],"curies":[{"name":"wp","href":"https:\/\/api.w.org\/{rel}","templated":true}]}}