{"id":6850,"date":"2020-02-23T08:00:58","date_gmt":"2020-02-23T07:00:58","guid":{"rendered":"https:\/\/www.welovecycling.com\/hu\/?p=6850"},"modified":"2020-02-14T17:15:32","modified_gmt":"2020-02-14T16:15:32","slug":"andre-greipel-es-az-eddigi-legnagyobb-zwift-osszefogas","status":"publish","type":"post","link":"https:\/\/www.welovecycling.com\/hu\/orszaguti-kerekpar\/andre-greipel-es-az-eddigi-legnagyobb-zwift-osszefogas\/","title":{"rendered":"Andr\u00e9 Greipel \u00e9s az eddigi legnagyobb Zwift-\u00f6sszefog\u00e1s"},"content":{"rendered":"<p><strong>A h\u00edres sprinter \u00e9desanyja az ALS, vagyis Amiotr\u00f3fi\u00e1s later\u00e1lszkler\u00f3zis k\u00f6vetkezt\u00e9ben hunyt el 2017-ben. Az ALS, m\u00e1s n\u00e9ven Lou Gehrig k\u00f3r, gy\u00f3gy\u00edthatatlan. A k\u00f6zponti idegrendszert t\u00e1madja, b\u00e9nul\u00e1shoz, v\u00e9g\u00fcl hal\u00e1lhoz vezet. Andr\u00e9 Greipel az ellenszer ut\u00e1ni kutat\u00e1st szeretn\u00e9 t\u00e1mogatni a gy\u0171jt\u00e9ssel.<\/strong><br \/>\n<!--more--><\/p>\n<lite-youtube videoid=uYIjCvgHewM params=\"enablejsapi=1\" style=\"background-image: url('https:\/\/i.ytimg.com\/vi_webp\/uYIjCvgHewM\/maxresdefault.webp');\"><\/lite-youtube>\n<p><em>\u201eItt az id\u0151, hogy ki\u00e1lljunk Andr\u00e9 \u00e9s k\u00fcldet\u00e9se mellett, csatlakozzunk hozz\u00e1 az ALS elleni harcban\u201d<\/em> \u2013 \u00edrta a Zwift, weboldal\u00e1n. <em>\u201eC\u00e9lunk, hogy felh\u00edvjuk a figyelmet a k\u00f3rra, \u00e9s p\u00e9nzt gy\u0171jts\u00fcnk a betegs\u00e9g ellenszer\u00e9nek kutat\u00e1s\u00e1ra. Az adom\u00e1nyok egyenesen az ALS-kutat\u00f3 Prudlo professzorhoz ker\u00fclnek, aki jelenleg a n\u00e9met motoneuron-betegs\u00e9gekkel foglalkoz\u00f3 k\u00f6zpontban dolgozik.\u201d<\/em><\/p>\n<p>Greipel febru\u00e1r 10-\u00e9n k\u00e9t edz\u00e9st is levezetett, l\u00e9trehozva a legnagyobb online csoportt\u00far\u00e1t. A Zwift sem maradt ki az adom\u00e1nyoz\u00f3k k\u00f6r\u00e9b\u0151l: minden r\u00e9sztvev\u0151 ut\u00e1n egy doll\u00e1rt aj\u00e1nlott fel a c\u00e9lra.<\/p>\n","protected":false},"excerpt":{"rendered":"<p>A h\u00edres sprinter \u00e9desanyja az ALS, vagyis Amiotr\u00f3fi\u00e1s later\u00e1lszkler\u00f3zis k\u00f6vetkezt\u00e9ben hunyt el 2017-ben. Az ALS, m\u00e1s n\u00e9ven Lou Gehrig k\u00f3r, [&hellip;]<\/p>\n","protected":false},"author":71,"featured_media":6852,"comment_status":"open","ping_status":"open","sticky":false,"template":"","format":"standard","meta":{"footnotes":""},"categories":[8],"tags":[],"global-categories":[],"class_list":["post-6850","post","type-post","status-publish","format-standard","has-post-thumbnail","hentry","category-orszaguti-kerekpar"],"yoast_head":"<!-- This site is optimized with the Yoast SEO Premium plugin v25.3 (Yoast SEO v25.9) - https:\/\/yoast.com\/wordpress\/plugins\/seo\/ -->\n<title>Andr\u00e9 Greipel \u00e9s az eddigi legnagyobb Zwift-\u00f6sszefog\u00e1s - \u0160koda We Love Cycling - Magyarorsz\u00e1g<\/title>\n<meta name=\"robots\" content=\"index, follow, max-snippet:-1, max-image-preview:large, max-video-preview:-1\" \/>\n<link rel=\"canonical\" href=\"https:\/\/www.welovecycling.com\/hu\/orszaguti-kerekpar\/andre-greipel-es-az-eddigi-legnagyobb-zwift-osszefogas\/\" \/>\n<meta property=\"og:locale\" content=\"hu_HU\" \/>\n<meta property=\"og:type\" content=\"article\" \/>\n<meta property=\"og:title\" content=\"Andr\u00e9 Greipel \u00e9s az eddigi legnagyobb Zwift-\u00f6sszefog\u00e1s\" \/>\n<meta property=\"og:description\" content=\"A h\u00edres sprinter \u00e9desanyja az ALS, vagyis Amiotr\u00f3fi\u00e1s later\u00e1lszkler\u00f3zis k\u00f6vetkezt\u00e9ben hunyt el 2017-ben. Az ALS, m\u00e1s n\u00e9ven Lou Gehrig k\u00f3r, [&hellip;]\" \/>\n<meta property=\"og:url\" content=\"https:\/\/www.welovecycling.com\/hu\/orszaguti-kerekpar\/andre-greipel-es-az-eddigi-legnagyobb-zwift-osszefogas\/\" \/>\n<meta property=\"og:site_name\" content=\"\u0160koda We Love Cycling - Magyarorsz\u00e1g\" \/>\n<meta property=\"article:publisher\" content=\"https:\/\/www.facebook.com\/WeLoveCyclingHungary\/\" \/>\n<meta property=\"article:published_time\" content=\"2020-02-23T07:00:58+00:00\" \/>\n<meta property=\"og:image\" content=\"https:\/\/d2p6e6u75xmxt8.cloudfront.net\/12\/2020\/02\/Andre-Greipel-CVR-profimedia-0468246706.jpg\" \/>\n\t<meta property=\"og:image:width\" content=\"1366\" \/>\n\t<meta property=\"og:image:height\" content=\"600\" \/>\n\t<meta property=\"og:image:type\" content=\"image\/jpeg\" \/>\n<meta name=\"author\" content=\"hegyizs\" \/>\n<meta name=\"twitter:card\" content=\"summary_large_image\" \/>\n<meta name=\"twitter:label1\" content=\"Written by\" \/>\n\t<meta name=\"twitter:data1\" content=\"Monica Buck\" \/>\n\t<meta name=\"twitter:label2\" content=\"Est. reading time\" \/>\n\t<meta name=\"twitter:data2\" content=\"3\" \/>\n<script type=\"application\/ld+json\" class=\"yoast-schema-graph\">{\"@context\":\"https:\/\/schema.org\",\"@graph\":[{\"@type\":\"WebPage\",\"@id\":\"https:\/\/www.welovecycling.com\/hu\/orszaguti-kerekpar\/andre-greipel-es-az-eddigi-legnagyobb-zwift-osszefogas\/\",\"url\":\"https:\/\/www.welovecycling.com\/hu\/orszaguti-kerekpar\/andre-greipel-es-az-eddigi-legnagyobb-zwift-osszefogas\/\",\"name\":\"Andr\u00e9 Greipel \u00e9s az eddigi legnagyobb Zwift-\u00f6sszefog\u00e1s - \u0160koda We Love Cycling - Magyarorsz\u00e1g\",\"isPartOf\":{\"@id\":\"https:\/\/www.welovecycling.com\/hu\/#website\"},\"primaryImageOfPage\":{\"@id\":\"https:\/\/www.welovecycling.com\/hu\/orszaguti-kerekpar\/andre-greipel-es-az-eddigi-legnagyobb-zwift-osszefogas\/#primaryimage\"},\"image\":{\"@id\":\"https:\/\/www.welovecycling.com\/hu\/orszaguti-kerekpar\/andre-greipel-es-az-eddigi-legnagyobb-zwift-osszefogas\/#primaryimage\"},\"thumbnailUrl\":\"https:\/\/d2p6e6u75xmxt8.cloudfront.net\/12\/2020\/02\/Andre-Greipel-CVR-profimedia-0468246706.jpg\",\"datePublished\":\"2020-02-23T07:00:58+00:00\",\"author\":{\"@id\":\"https:\/\/www.welovecycling.com\/hu\/#\/schema\/person\/414a2aebf1801691a5320edb6468e194\"},\"breadcrumb\":{\"@id\":\"https:\/\/www.welovecycling.com\/hu\/orszaguti-kerekpar\/andre-greipel-es-az-eddigi-legnagyobb-zwift-osszefogas\/#breadcrumb\"},\"inLanguage\":\"hu\",\"potentialAction\":[{\"@type\":\"ReadAction\",\"target\":[\"https:\/\/www.welovecycling.com\/hu\/orszaguti-kerekpar\/andre-greipel-es-az-eddigi-legnagyobb-zwift-osszefogas\/\"]}]},{\"@type\":\"ImageObject\",\"inLanguage\":\"hu\",\"@id\":\"https:\/\/www.welovecycling.com\/hu\/orszaguti-kerekpar\/andre-greipel-es-az-eddigi-legnagyobb-zwift-osszefogas\/#primaryimage\",\"url\":\"https:\/\/d2p6e6u75xmxt8.cloudfront.net\/12\/2020\/02\/Andre-Greipel-CVR-profimedia-0468246706.jpg\",\"contentUrl\":\"https:\/\/d2p6e6u75xmxt8.cloudfront.net\/12\/2020\/02\/Andre-Greipel-CVR-profimedia-0468246706.jpg\",\"width\":1366,\"height\":600},{\"@type\":\"BreadcrumbList\",\"@id\":\"https:\/\/www.welovecycling.com\/hu\/orszaguti-kerekpar\/andre-greipel-es-az-eddigi-legnagyobb-zwift-osszefogas\/#breadcrumb\",\"itemListElement\":[{\"@type\":\"ListItem\",\"position\":1,\"name\":\"Home\",\"item\":\"https:\/\/www.welovecycling.com\/hu\/\"},{\"@type\":\"ListItem\",\"position\":2,\"name\":\"Andr\u00e9 Greipel \u00e9s az eddigi legnagyobb Zwift-\u00f6sszefog\u00e1s\"}]},{\"@type\":\"WebSite\",\"@id\":\"https:\/\/www.welovecycling.com\/hu\/#website\",\"url\":\"https:\/\/www.welovecycling.com\/hu\/\",\"name\":\"\u0160koda We Love Cycling - Magyarorsz\u00e1g\",\"description\":\"\u0160koda WeLoveCycling\",\"potentialAction\":[{\"@type\":\"SearchAction\",\"target\":{\"@type\":\"EntryPoint\",\"urlTemplate\":\"https:\/\/www.welovecycling.com\/hu\/?s={search_term_string}\"},\"query-input\":{\"@type\":\"PropertyValueSpecification\",\"valueRequired\":true,\"valueName\":\"search_term_string\"}}],\"inLanguage\":\"hu\"},{\"@type\":\"Person\",\"@id\":\"https:\/\/www.welovecycling.com\/hu\/#\/schema\/person\/414a2aebf1801691a5320edb6468e194\",\"name\":\"hegyizs\",\"image\":{\"@type\":\"ImageObject\",\"inLanguage\":\"hu\",\"@id\":\"https:\/\/www.welovecycling.com\/hu\/#\/schema\/person\/image\/\",\"url\":\"https:\/\/secure.gravatar.com\/avatar\/02cf8a7906b8cf90cecb4679defac7cfd33a1c2e3b88e4903d947f3bb58eedd3?s=96&d=mm&r=g\",\"contentUrl\":\"https:\/\/secure.gravatar.com\/avatar\/02cf8a7906b8cf90cecb4679defac7cfd33a1c2e3b88e4903d947f3bb58eedd3?s=96&d=mm&r=g\",\"caption\":\"hegyizs\"},\"url\":\"https:\/\/www.welovecycling.com\/hu\/author\/hegyizs\/\"}]}<\/script>\n<!-- \/ Yoast SEO Premium plugin. -->","yoast_head_json":{"title":"Andr\u00e9 Greipel \u00e9s az eddigi legnagyobb Zwift-\u00f6sszefog\u00e1s - \u0160koda We Love Cycling - Magyarorsz\u00e1g","robots":{"index":"index","follow":"follow","max-snippet":"max-snippet:-1","max-image-preview":"max-image-preview:large","max-video-preview":"max-video-preview:-1"},"canonical":"https:\/\/www.welovecycling.com\/hu\/orszaguti-kerekpar\/andre-greipel-es-az-eddigi-legnagyobb-zwift-osszefogas\/","og_locale":"hu_HU","og_type":"article","og_title":"Andr\u00e9 Greipel \u00e9s az eddigi legnagyobb Zwift-\u00f6sszefog\u00e1s","og_description":"A h\u00edres sprinter \u00e9desanyja az ALS, vagyis Amiotr\u00f3fi\u00e1s later\u00e1lszkler\u00f3zis k\u00f6vetkezt\u00e9ben hunyt el 2017-ben. Az ALS, m\u00e1s n\u00e9ven Lou Gehrig k\u00f3r, [&hellip;]","og_url":"https:\/\/www.welovecycling.com\/hu\/orszaguti-kerekpar\/andre-greipel-es-az-eddigi-legnagyobb-zwift-osszefogas\/","og_site_name":"\u0160koda We Love Cycling - Magyarorsz\u00e1g","article_publisher":"https:\/\/www.facebook.com\/WeLoveCyclingHungary\/","article_published_time":"2020-02-23T07:00:58+00:00","og_image":[{"width":1366,"height":600,"url":"https:\/\/d2p6e6u75xmxt8.cloudfront.net\/12\/2020\/02\/Andre-Greipel-CVR-profimedia-0468246706.jpg","type":"image\/jpeg"}],"author":"hegyizs","twitter_card":"summary_large_image","twitter_misc":{"Written by":"Monica Buck","Est. reading time":"3"},"schema":{"@context":"https:\/\/schema.org","@graph":[{"@type":"WebPage","@id":"https:\/\/www.welovecycling.com\/hu\/orszaguti-kerekpar\/andre-greipel-es-az-eddigi-legnagyobb-zwift-osszefogas\/","url":"https:\/\/www.welovecycling.com\/hu\/orszaguti-kerekpar\/andre-greipel-es-az-eddigi-legnagyobb-zwift-osszefogas\/","name":"Andr\u00e9 Greipel \u00e9s az eddigi legnagyobb Zwift-\u00f6sszefog\u00e1s - \u0160koda We Love Cycling - Magyarorsz\u00e1g","isPartOf":{"@id":"https:\/\/www.welovecycling.com\/hu\/#website"},"primaryImageOfPage":{"@id":"https:\/\/www.welovecycling.com\/hu\/orszaguti-kerekpar\/andre-greipel-es-az-eddigi-legnagyobb-zwift-osszefogas\/#primaryimage"},"image":{"@id":"https:\/\/www.welovecycling.com\/hu\/orszaguti-kerekpar\/andre-greipel-es-az-eddigi-legnagyobb-zwift-osszefogas\/#primaryimage"},"thumbnailUrl":"https:\/\/d2p6e6u75xmxt8.cloudfront.net\/12\/2020\/02\/Andre-Greipel-CVR-profimedia-0468246706.jpg","datePublished":"2020-02-23T07:00:58+00:00","author":{"@id":"https:\/\/www.welovecycling.com\/hu\/#\/schema\/person\/414a2aebf1801691a5320edb6468e194"},"breadcrumb":{"@id":"https:\/\/www.welovecycling.com\/hu\/orszaguti-kerekpar\/andre-greipel-es-az-eddigi-legnagyobb-zwift-osszefogas\/#breadcrumb"},"inLanguage":"hu","potentialAction":[{"@type":"ReadAction","target":["https:\/\/www.welovecycling.com\/hu\/orszaguti-kerekpar\/andre-greipel-es-az-eddigi-legnagyobb-zwift-osszefogas\/"]}]},{"@type":"ImageObject","inLanguage":"hu","@id":"https:\/\/www.welovecycling.com\/hu\/orszaguti-kerekpar\/andre-greipel-es-az-eddigi-legnagyobb-zwift-osszefogas\/#primaryimage","url":"https:\/\/d2p6e6u75xmxt8.cloudfront.net\/12\/2020\/02\/Andre-Greipel-CVR-profimedia-0468246706.jpg","contentUrl":"https:\/\/d2p6e6u75xmxt8.cloudfront.net\/12\/2020\/02\/Andre-Greipel-CVR-profimedia-0468246706.jpg","width":1366,"height":600},{"@type":"BreadcrumbList","@id":"https:\/\/www.welovecycling.com\/hu\/orszaguti-kerekpar\/andre-greipel-es-az-eddigi-legnagyobb-zwift-osszefogas\/#breadcrumb","itemListElement":[{"@type":"ListItem","position":1,"name":"Home","item":"https:\/\/www.welovecycling.com\/hu\/"},{"@type":"ListItem","position":2,"name":"Andr\u00e9 Greipel \u00e9s az eddigi legnagyobb Zwift-\u00f6sszefog\u00e1s"}]},{"@type":"WebSite","@id":"https:\/\/www.welovecycling.com\/hu\/#website","url":"https:\/\/www.welovecycling.com\/hu\/","name":"\u0160koda We Love Cycling - Magyarorsz\u00e1g","description":"\u0160koda WeLoveCycling","potentialAction":[{"@type":"SearchAction","target":{"@type":"EntryPoint","urlTemplate":"https:\/\/www.welovecycling.com\/hu\/?s={search_term_string}"},"query-input":{"@type":"PropertyValueSpecification","valueRequired":true,"valueName":"search_term_string"}}],"inLanguage":"hu"},{"@type":"Person","@id":"https:\/\/www.welovecycling.com\/hu\/#\/schema\/person\/414a2aebf1801691a5320edb6468e194","name":"hegyizs","image":{"@type":"ImageObject","inLanguage":"hu","@id":"https:\/\/www.welovecycling.com\/hu\/#\/schema\/person\/image\/","url":"https:\/\/secure.gravatar.com\/avatar\/02cf8a7906b8cf90cecb4679defac7cfd33a1c2e3b88e4903d947f3bb58eedd3?s=96&d=mm&r=g","contentUrl":"https:\/\/secure.gravatar.com\/avatar\/02cf8a7906b8cf90cecb4679defac7cfd33a1c2e3b88e4903d947f3bb58eedd3?s=96&d=mm&r=g","caption":"hegyizs"},"url":"https:\/\/www.welovecycling.com\/hu\/author\/hegyizs\/"}]}},"_links":{"self":[{"href":"https:\/\/www.welovecycling.com\/hu\/wp-json\/wp\/v2\/posts\/6850","targetHints":{"allow":["GET"]}}],"collection":[{"href":"https:\/\/www.welovecycling.com\/hu\/wp-json\/wp\/v2\/posts"}],"about":[{"href":"https:\/\/www.welovecycling.com\/hu\/wp-json\/wp\/v2\/types\/post"}],"author":[{"embeddable":true,"href":"https:\/\/www.welovecycling.com\/hu\/wp-json\/wp\/v2\/users\/71"}],"replies":[{"embeddable":true,"href":"https:\/\/www.welovecycling.com\/hu\/wp-json\/wp\/v2\/comments?post=6850"}],"version-history":[{"count":1,"href":"https:\/\/www.welovecycling.com\/hu\/wp-json\/wp\/v2\/posts\/6850\/revisions"}],"predecessor-version":[{"id":6859,"href":"https:\/\/www.welovecycling.com\/hu\/wp-json\/wp\/v2\/posts\/6850\/revisions\/6859"}],"wp:featuredmedia":[{"embeddable":true,"href":"https:\/\/www.welovecycling.com\/hu\/wp-json\/wp\/v2\/media\/6852"}],"wp:attachment":[{"href":"https:\/\/www.welovecycling.com\/hu\/wp-json\/wp\/v2\/media?parent=6850"}],"wp:term":[{"taxonomy":"category","embeddable":true,"href":"https:\/\/www.welovecycling.com\/hu\/wp-json\/wp\/v2\/categories?post=6850"},{"taxonomy":"post_tag","embeddable":true,"href":"https:\/\/www.welovecycling.com\/hu\/wp-json\/wp\/v2\/tags?post=6850"},{"taxonomy":"global-categories","embeddable":true,"href":"https:\/\/www.welovecycling.com\/hu\/wp-json\/wp\/v2\/global-categories?post=6850"}],"curies":[{"name":"wp","href":"https:\/\/api.w.org\/{rel}","templated":true}]}}