{"id":6844,"date":"2020-02-22T08:00:13","date_gmt":"2020-02-22T07:00:13","guid":{"rendered":"https:\/\/www.welovecycling.com\/hu\/?p=6844"},"modified":"2020-02-14T17:14:49","modified_gmt":"2020-02-14T16:14:49","slug":"amit-2020-ban-a-profi-noi-kerekparosoktol-varunk","status":"publish","type":"post","link":"https:\/\/www.welovecycling.com\/hu\/kozosseg-es-kultura\/amit-2020-ban-a-profi-noi-kerekparosoktol-varunk\/","title":{"rendered":"Amit 2020-ban a profi n\u0151i ker\u00e9kp\u00e1rosokt\u00f3l v\u00e1runk"},"content":{"rendered":"<p><strong>K\u00f6zeledik az idei szezon \u00e9s a n\u0151i versenyz\u0151knek van okuk az izgalomra. A sport fejl\u0151d\u00e9st\u00f6rt\u00e9net\u00e9nek kritikus szakasz\u00e1hoz \u00e9rkezve minden \u00faj \u00e9v hatalmas lehet\u0151s\u00e9geket \u00e9s \u00fatt\u00f6r\u0151 esem\u00e9nyeket tartogat. Id\u00e9n el\u0151sz\u00f6r l\u00e9pnek \u00e9letbe az \u00faj szab\u00e1lyoz\u00e1sok, melyek lehet\u0151v\u00e9 teszik, hogy az UCI 21 n\u0151i versenysorozatot tartson a vil\u00e1g 10 orsz\u00e1g\u00e1ban. Ami tavaly Ausztr\u00e1li\u00e1ban elkezd\u0151d\u00f6tt, az 9 h\u00f3napon bel\u00fcl K\u00edn\u00e1ban fog folytat\u00f3dni, \u00e9s mi nagy izgalommal v\u00e1rjuk a versenyz\u00e9st! A n\u00f6vekv\u0151 szponzor\u00e1ci\u00f3s h\u00e1tt\u00e9rrel \u00e9s rajong\u00f3i t\u00e1borral csak fejl\u0151dhet a n\u0151i ker\u00e9kp\u00e1roz\u00e1s. Ezeket v\u00e1rjuk legink\u00e1bb a 2020-as szezonban.<\/strong><!--more--><\/p>\n<h2><strong>\u00daj UCI szab\u00e1lyok<\/strong><\/h2>\n<p>Nyolc csapat kapott UCI jogokat 2020-t\u00f3l 2023-ig, \u00edgy k\u00edv\u00e1ncsian v\u00e1rjuk, milyen v\u00e1ltoz\u00e1sokat eszk\u00f6z\u00f6l az Ale BTC Ljubljana, a Canyon\/\/SRAM Racing, a CCC-LIV, a Team Sunweb, a Trek-Segafredo, az FDJ Nouvelle-Aquitaine Futuroscope, a Mithcelton Scott \u00e9s a Movistar Team Women. R\u00e1ad\u00e1sul a jobb versenyk\u00f6r\u00fclm\u00e9nyek \u00e9rdek\u00e9ben szint\u00e9n \u00faj\u00edt\u00e1sokat hozott be az UCI szervezete, \u00edgy nagyobb telev\u00edzi\u00f3s nyilv\u00e1noss\u00e1got is kaphatnak a j\u00f3l szervezett esem\u00e9nyek (de err\u0151l k\u00e9s\u0151bb). Emellett a szervez\u0151knek mostant\u00f3l nagyobb gondot kell ford\u00edtaniuk a biztons\u00e1gra \u00e9s a magas min\u0151s\u00e9gre az orsz\u00e1g\u00fati versenyek eset\u00e9ben is. Jobb infrastrukt\u00fara, nagyobb t\u00e1mogat\u00e1s \u00e9s \u00fajfajta elk\u00f6telez\u0151d\u00e9s \u2013 ezt v\u00e1rjuk az \u00faj szab\u00e1lyokt\u00f3l.<\/p>\n<figure id=\"attachment_6846\" aria-describedby=\"caption-attachment-6846\" style=\"width: 1250px\" class=\"wp-caption alignnone\"><img loading=\"lazy\" decoding=\"async\" class=\"wp-image-6846 size-full\" src=\"https:\/\/d2p6e6u75xmxt8.cloudfront.net\/12\/2020\/02\/Women-Cycling-profimedia-0495886492.jpg\" alt=\"\" width=\"1250\" height=\"833\" srcset=\"https:\/\/d2p6e6u75xmxt8.cloudfront.net\/12\/2020\/02\/Women-Cycling-profimedia-0495886492.jpg 1250w, https:\/\/d2p6e6u75xmxt8.cloudfront.net\/12\/2020\/02\/Women-Cycling-profimedia-0495886492-300x200.jpg 300w, https:\/\/d2p6e6u75xmxt8.cloudfront.net\/12\/2020\/02\/Women-Cycling-profimedia-0495886492-768x512.jpg 768w, https:\/\/d2p6e6u75xmxt8.cloudfront.net\/12\/2020\/02\/Women-Cycling-profimedia-0495886492-1024x682.jpg 1024w, https:\/\/d2p6e6u75xmxt8.cloudfront.net\/12\/2020\/02\/Women-Cycling-profimedia-0495886492-272x182.jpg 272w\" sizes=\"auto, (max-width: 1250px) 100vw, 1250px\" \/><figcaption id=\"caption-attachment-6846\" class=\"wp-caption-text\">A 2020-as Cadel Evans verseny \u00a9 Zac Williams\/SWpix.com \/ Shutterstock Editorial \/ Profimedia<\/figcaption><\/figure>\n<h2><strong>\u00c1d\u00e1zabb k\u00fczdelem, mint eddig b\u00e1rmikor<\/strong><\/h2>\n<p>A n\u0151i ker\u00e9kp\u00e1rosok k\u00f6z\u00f6tti k\u00fczdelem izgalmasabb lesz, mint valaha, \u00edgy, hogy a versenyz\u0151k t\u00e9nyleg csak a sportra koncentr\u00e1lhatnak. A profi n\u0151i ker\u00e9kp\u00e1rosok sz\u00e1ma 19%-kal n\u0151tt \u00f6t \u00e9v alatt Hollandi\u00e1ban, Nagy-Britanni\u00e1ban pedig 3000 f\u0151r\u0151l 20000 f\u0151re 10 \u00e9v alatt. A juniorok sz\u00e1m\u00e1ra szint\u00e9n egyre sz\u00e9lesebb a lehet\u0151s\u00e9gek t\u00e1rh\u00e1za. Egyre biztosabb alapjai lesznek teh\u00e1t a sport\u00e1gnak, \u00edgy 2020-ban biztosan sz\u00e1m\u00edthatunk nagy \u00e1tt\u00f6r\u00e9sekre, melyek inspir\u00e1lhatj\u00e1k a fiatal sportol\u00f3kat.<\/p>\n<h2><strong>A leg\u00edg\u00e9retesebb \u00e9v Annemiek van Vleuten sz\u00e1m\u00e1ra<\/strong><\/h2>\n<p>A fiatalok bevon\u00f3d\u00e1s\u00e1n k\u00edv\u00fcl a 2020-as \u00e9v jelent\u0151s a veter\u00e1nok sz\u00e1m\u00e1ra is. Annemiek van Vleuten a jelenlegi orsz\u00e1g\u00fati Vil\u00e1gbajnok, aki id\u00e9n m\u00e1r most letekert 2,636 km-et gyakorl\u00e1s gyan\u00e1nt, hiszen k\u00e9sz\u00fcl, hogy ott folytassa karrierj\u00e9t, ahol tavaly abbahagyta. Tavasszal a 37 \u00e9ves bring\u00e1s k\u00e9sz lesz megv\u00e9deni megszerzett c\u00edmeit, \u00e9rdemes nyomon k\u00f6vetni \u0151t is!<\/p>\n<div class=\"embed-controller-wrapper\">\n<blockquote class=\"twitter-tweet\" data-width=\"500\" data-dnt=\"true\">\n<p lang=\"en\" dir=\"ltr\">Training in Colombia \ud83d\udc47\ud83c\udde8\ud83c\uddf4. Today two times Alto de la L\u00ednea (3200m). Tomorrow I will leave Casa du V\u00e9lo and travel by bike to Manizales. I look forward to catch up with <a href=\"https:\/\/twitter.com\/carbike86?ref_src=twsrc%5Etfw\">@carbike86<\/a> but it is hard to leave this beautiful quiet place. The place to be for cyclists. Will be back! \ud83e\udd17 <a href=\"https:\/\/t.co\/M38KrMpHBM\">pic.twitter.com\/M38KrMpHBM<\/a><\/p>\n<p>&mdash; Annemiek van Vleuten (@AvVleuten) <a href=\"https:\/\/twitter.com\/AvVleuten\/status\/1223796993996263425?ref_src=twsrc%5Etfw\">February 2, 2020<\/a><\/p><\/blockquote>\n<p><script async data-src=\"https:\/\/platform.twitter.com\/widgets.js\" charset=\"utf-8\"><\/script><\/div>\n<h2><strong>T\u00f6bb verseny a t\u00e9v\u00e9ben<\/strong><\/h2>\n<p>Ahogy azt a UCI is meger\u0151s\u00edtette, nem kevesebb, mint 147 milli\u00f3 n\u00e9z\u0151 k\u00f6vette a 2018-as n\u0151i vil\u00e1gbajnoks\u00e1got, \u00edgy \u00f6sszesen 1430 \u00f3r\u00e1t n\u00e9ztek meg a versenyekb\u0151l. Ezekkel a sz\u00e1mokkal nyugodtan \u00e1ll\u00edthatjuk, hogy egyre t\u00f6bben \u00e9rdekl\u0151dnek a sport\u00e1g ir\u00e1nt, \u00edgy \u00e9rdemes a k\u00f6z\u00f6ss\u00e9gi m\u00e9di\u00e1ban \u00e9s a telev\u00edzi\u00f3ban is nagyobb hangs\u00falyt fektetni r\u00e1. Az \u00faj szab\u00e1lyok \u00e9rtelm\u00e9ben legal\u00e1bb 45 percet k\u00f6zvet\u00edteni kell az adott versenyekb\u0151l. B\u00e1r ennek a felt\u00e9telnek a teljes\u00edt\u00e9se nagy kih\u00edv\u00e1s lehet n\u00e9h\u00e1ny verseny eset\u00e9n, de tudjuk, hogy a fejl\u0151d\u00e9s sokszor \u00e1ldozatokat k\u00f6vetel \u00e9s neh\u00e9zs\u00e9geket sz\u00fcl. \u00c9s ha igaz\u00e1n meg akarunk oldani valamit, akkor meg is fogjuk oldani \u2013 \u00edgy p\u00e9ld\u00e1ul a 2020-as La Fl\u00e9che Wallonne \u00e9s a Li\u00e9ge-Bastogne-Li\u00e9gne n\u0151i versenyeket m\u00e1r l\u00e1thatjuk \u00e9l\u0151ben, a telev\u00edzi\u00f3ban.<\/p>\n<h2><strong>Val\u00f3ra v\u00e1lnak az olimpiai \u00e1lmok<\/strong><\/h2>\n<p>A 2020-as Olimpia Toki\u00f3ban ker\u00fcl megrendez\u00e9sre, a ker\u00e9kp\u00e1ros versenysz\u00e1mok j\u00falius 25. \u00e9s 29. k\u00f6z\u00f6tt zajlanak majd. Az olimpiai orsz\u00e1g\u00fati verseny az egyik legnagyobb n\u00e9zetts\u00e9get el\u00e9r\u0151 sport\u00e1g, \u00edgy a legjobb n\u0151i versenyz\u0151k is lehet\u0151s\u00e9get kapnak arra, hogy megismerje \u0151ket a vil\u00e1g. B\u00e1r a nemi ar\u00e1nyok m\u00e9g kor\u00e1ntsem egyenl\u0151ek (130 f\u00e9rfi \u00e9s 67 n\u0151 indul), fontos, hogy ne csak a mennyis\u00e9get, hanem az egyre er\u0151sebb min\u0151s\u00e9gi faktort is n\u00e9zz\u00fck!<\/p>\n<figure id=\"attachment_6847\" aria-describedby=\"caption-attachment-6847\" style=\"width: 1250px\" class=\"wp-caption alignnone\"><img loading=\"lazy\" decoding=\"async\" class=\"size-full wp-image-6847\" src=\"https:\/\/d2p6e6u75xmxt8.cloudfront.net\/12\/2020\/02\/profimedia-0493306289.jpg\" alt=\"\" width=\"1250\" height=\"833\" srcset=\"https:\/\/d2p6e6u75xmxt8.cloudfront.net\/12\/2020\/02\/profimedia-0493306289.jpg 1250w, https:\/\/d2p6e6u75xmxt8.cloudfront.net\/12\/2020\/02\/profimedia-0493306289-300x200.jpg 300w, https:\/\/d2p6e6u75xmxt8.cloudfront.net\/12\/2020\/02\/profimedia-0493306289-768x512.jpg 768w, https:\/\/d2p6e6u75xmxt8.cloudfront.net\/12\/2020\/02\/profimedia-0493306289-1024x682.jpg 1024w, https:\/\/d2p6e6u75xmxt8.cloudfront.net\/12\/2020\/02\/profimedia-0493306289-272x182.jpg 272w\" sizes=\"auto, (max-width: 1250px) 100vw, 1250px\" \/><figcaption id=\"caption-attachment-6847\" class=\"wp-caption-text\">\u00a9\u00a0Zac Williams\/SWpix.com \/ Shutterstock Editorial \/ Profimedia<\/figcaption><\/figure>\n<p>L\u00e1thatjuk teh\u00e1t, hogy a profi n\u0151i ker\u00e9kp\u00e1roz\u00e1s \u00e1talakul\u00f3ban van. Ahogy egyre t\u00f6bb \u00e9s t\u00f6bb rajong\u00f3 fedezi fel a n\u0151i versenyek izgalmait, \u00fagy n\u0151 a rendezv\u00e9nyek sz\u00e1ma. A m\u00e9diaf\u00f3kusz n\u00f6veked\u00e9se miatt pedig nagyobb organikus t\u00e1mogat\u00e1st kaphatnak a versenyz\u0151k, \u00edgy \u00faj lehet\u0151s\u00e9gek ny\u00edlnak meg sz\u00e1mukra. A fiatalabb gener\u00e1ci\u00f3 pedig motiv\u00e1ci\u00f3t mer\u00edthet a fejl\u0151d\u00e9st l\u00e1tva.<\/p>\n","protected":false},"excerpt":{"rendered":"<p>K\u00f6zeledik az idei szezon \u00e9s a n\u0151i versenyz\u0151knek van okuk az izgalomra. A sport fejl\u0151d\u00e9st\u00f6rt\u00e9net\u00e9nek kritikus szakasz\u00e1hoz \u00e9rkezve minden \u00faj [&hellip;]<\/p>\n","protected":false},"author":71,"featured_media":6849,"comment_status":"open","ping_status":"open","sticky":false,"template":"","format":"standard","meta":{"footnotes":""},"categories":[12],"tags":[],"global-categories":[],"class_list":["post-6844","post","type-post","status-publish","format-standard","has-post-thumbnail","hentry","category-kozosseg-es-kultura"],"yoast_head":"<!-- This site is optimized with the Yoast SEO Premium plugin v25.3 (Yoast SEO v25.9) - https:\/\/yoast.com\/wordpress\/plugins\/seo\/ -->\n<title>Amit 2020-ban a profi n\u0151i ker\u00e9kp\u00e1rosokt\u00f3l v\u00e1runk - \u0160koda We Love Cycling - Magyarorsz\u00e1g<\/title>\n<meta name=\"robots\" content=\"index, follow, max-snippet:-1, max-image-preview:large, max-video-preview:-1\" \/>\n<link rel=\"canonical\" href=\"https:\/\/www.welovecycling.com\/hu\/kozosseg-es-kultura\/amit-2020-ban-a-profi-noi-kerekparosoktol-varunk\/\" \/>\n<meta property=\"og:locale\" content=\"hu_HU\" \/>\n<meta property=\"og:type\" content=\"article\" \/>\n<meta property=\"og:title\" content=\"Amit 2020-ban a profi n\u0151i ker\u00e9kp\u00e1rosokt\u00f3l v\u00e1runk\" \/>\n<meta property=\"og:description\" content=\"K\u00f6zeledik az idei szezon \u00e9s a n\u0151i versenyz\u0151knek van okuk az izgalomra. A sport fejl\u0151d\u00e9st\u00f6rt\u00e9net\u00e9nek kritikus szakasz\u00e1hoz \u00e9rkezve minden \u00faj [&hellip;]\" \/>\n<meta property=\"og:url\" content=\"https:\/\/www.welovecycling.com\/hu\/kozosseg-es-kultura\/amit-2020-ban-a-profi-noi-kerekparosoktol-varunk\/\" \/>\n<meta property=\"og:site_name\" content=\"\u0160koda We Love Cycling - Magyarorsz\u00e1g\" \/>\n<meta property=\"article:publisher\" content=\"https:\/\/www.facebook.com\/WeLoveCyclingHungary\/\" \/>\n<meta property=\"article:published_time\" content=\"2020-02-22T07:00:13+00:00\" \/>\n<meta property=\"og:image\" content=\"https:\/\/d2p6e6u75xmxt8.cloudfront.net\/12\/2020\/02\/Tour-Down-Under-CVR-profimedia-0493555719.jpg\" \/>\n\t<meta property=\"og:image:width\" content=\"1366\" \/>\n\t<meta property=\"og:image:height\" content=\"600\" \/>\n\t<meta property=\"og:image:type\" content=\"image\/jpeg\" \/>\n<meta name=\"author\" content=\"hegyizs\" \/>\n<meta name=\"twitter:card\" content=\"summary_large_image\" \/>\n<meta name=\"twitter:label1\" content=\"Written by\" \/>\n\t<meta name=\"twitter:data1\" content=\"Megan Flottorp\" \/>\n\t<meta name=\"twitter:label2\" content=\"Est. reading time\" \/>\n\t<meta name=\"twitter:data2\" content=\"7\" \/>\n<script type=\"application\/ld+json\" class=\"yoast-schema-graph\">{\"@context\":\"https:\/\/schema.org\",\"@graph\":[{\"@type\":\"WebPage\",\"@id\":\"https:\/\/www.welovecycling.com\/hu\/kozosseg-es-kultura\/amit-2020-ban-a-profi-noi-kerekparosoktol-varunk\/\",\"url\":\"https:\/\/www.welovecycling.com\/hu\/kozosseg-es-kultura\/amit-2020-ban-a-profi-noi-kerekparosoktol-varunk\/\",\"name\":\"Amit 2020-ban a profi n\u0151i ker\u00e9kp\u00e1rosokt\u00f3l v\u00e1runk - \u0160koda We Love Cycling - Magyarorsz\u00e1g\",\"isPartOf\":{\"@id\":\"https:\/\/www.welovecycling.com\/hu\/#website\"},\"primaryImageOfPage\":{\"@id\":\"https:\/\/www.welovecycling.com\/hu\/kozosseg-es-kultura\/amit-2020-ban-a-profi-noi-kerekparosoktol-varunk\/#primaryimage\"},\"image\":{\"@id\":\"https:\/\/www.welovecycling.com\/hu\/kozosseg-es-kultura\/amit-2020-ban-a-profi-noi-kerekparosoktol-varunk\/#primaryimage\"},\"thumbnailUrl\":\"https:\/\/d2p6e6u75xmxt8.cloudfront.net\/12\/2020\/02\/Tour-Down-Under-CVR-profimedia-0493555719.jpg\",\"datePublished\":\"2020-02-22T07:00:13+00:00\",\"author\":{\"@id\":\"https:\/\/www.welovecycling.com\/hu\/#\/schema\/person\/414a2aebf1801691a5320edb6468e194\"},\"breadcrumb\":{\"@id\":\"https:\/\/www.welovecycling.com\/hu\/kozosseg-es-kultura\/amit-2020-ban-a-profi-noi-kerekparosoktol-varunk\/#breadcrumb\"},\"inLanguage\":\"hu\",\"potentialAction\":[{\"@type\":\"ReadAction\",\"target\":[\"https:\/\/www.welovecycling.com\/hu\/kozosseg-es-kultura\/amit-2020-ban-a-profi-noi-kerekparosoktol-varunk\/\"]}]},{\"@type\":\"ImageObject\",\"inLanguage\":\"hu\",\"@id\":\"https:\/\/www.welovecycling.com\/hu\/kozosseg-es-kultura\/amit-2020-ban-a-profi-noi-kerekparosoktol-varunk\/#primaryimage\",\"url\":\"https:\/\/d2p6e6u75xmxt8.cloudfront.net\/12\/2020\/02\/Tour-Down-Under-CVR-profimedia-0493555719.jpg\",\"contentUrl\":\"https:\/\/d2p6e6u75xmxt8.cloudfront.net\/12\/2020\/02\/Tour-Down-Under-CVR-profimedia-0493555719.jpg\",\"width\":1366,\"height\":600},{\"@type\":\"BreadcrumbList\",\"@id\":\"https:\/\/www.welovecycling.com\/hu\/kozosseg-es-kultura\/amit-2020-ban-a-profi-noi-kerekparosoktol-varunk\/#breadcrumb\",\"itemListElement\":[{\"@type\":\"ListItem\",\"position\":1,\"name\":\"Home\",\"item\":\"https:\/\/www.welovecycling.com\/hu\/\"},{\"@type\":\"ListItem\",\"position\":2,\"name\":\"Amit 2020-ban a profi n\u0151i ker\u00e9kp\u00e1rosokt\u00f3l v\u00e1runk\"}]},{\"@type\":\"WebSite\",\"@id\":\"https:\/\/www.welovecycling.com\/hu\/#website\",\"url\":\"https:\/\/www.welovecycling.com\/hu\/\",\"name\":\"\u0160koda We Love Cycling - Magyarorsz\u00e1g\",\"description\":\"\u0160koda WeLoveCycling\",\"potentialAction\":[{\"@type\":\"SearchAction\",\"target\":{\"@type\":\"EntryPoint\",\"urlTemplate\":\"https:\/\/www.welovecycling.com\/hu\/?s={search_term_string}\"},\"query-input\":{\"@type\":\"PropertyValueSpecification\",\"valueRequired\":true,\"valueName\":\"search_term_string\"}}],\"inLanguage\":\"hu\"},{\"@type\":\"Person\",\"@id\":\"https:\/\/www.welovecycling.com\/hu\/#\/schema\/person\/414a2aebf1801691a5320edb6468e194\",\"name\":\"hegyizs\",\"image\":{\"@type\":\"ImageObject\",\"inLanguage\":\"hu\",\"@id\":\"https:\/\/www.welovecycling.com\/hu\/#\/schema\/person\/image\/\",\"url\":\"https:\/\/secure.gravatar.com\/avatar\/02cf8a7906b8cf90cecb4679defac7cfd33a1c2e3b88e4903d947f3bb58eedd3?s=96&d=mm&r=g\",\"contentUrl\":\"https:\/\/secure.gravatar.com\/avatar\/02cf8a7906b8cf90cecb4679defac7cfd33a1c2e3b88e4903d947f3bb58eedd3?s=96&d=mm&r=g\",\"caption\":\"hegyizs\"},\"url\":\"https:\/\/www.welovecycling.com\/hu\/author\/hegyizs\/\"}]}<\/script>\n<!-- \/ Yoast SEO Premium plugin. -->","yoast_head_json":{"title":"Amit 2020-ban a profi n\u0151i ker\u00e9kp\u00e1rosokt\u00f3l v\u00e1runk - \u0160koda We Love Cycling - Magyarorsz\u00e1g","robots":{"index":"index","follow":"follow","max-snippet":"max-snippet:-1","max-image-preview":"max-image-preview:large","max-video-preview":"max-video-preview:-1"},"canonical":"https:\/\/www.welovecycling.com\/hu\/kozosseg-es-kultura\/amit-2020-ban-a-profi-noi-kerekparosoktol-varunk\/","og_locale":"hu_HU","og_type":"article","og_title":"Amit 2020-ban a profi n\u0151i ker\u00e9kp\u00e1rosokt\u00f3l v\u00e1runk","og_description":"K\u00f6zeledik az idei szezon \u00e9s a n\u0151i versenyz\u0151knek van okuk az izgalomra. A sport fejl\u0151d\u00e9st\u00f6rt\u00e9net\u00e9nek kritikus szakasz\u00e1hoz \u00e9rkezve minden \u00faj [&hellip;]","og_url":"https:\/\/www.welovecycling.com\/hu\/kozosseg-es-kultura\/amit-2020-ban-a-profi-noi-kerekparosoktol-varunk\/","og_site_name":"\u0160koda We Love Cycling - Magyarorsz\u00e1g","article_publisher":"https:\/\/www.facebook.com\/WeLoveCyclingHungary\/","article_published_time":"2020-02-22T07:00:13+00:00","og_image":[{"width":1366,"height":600,"url":"https:\/\/d2p6e6u75xmxt8.cloudfront.net\/12\/2020\/02\/Tour-Down-Under-CVR-profimedia-0493555719.jpg","type":"image\/jpeg"}],"author":"hegyizs","twitter_card":"summary_large_image","twitter_misc":{"Written by":"Megan Flottorp","Est. reading time":"7"},"schema":{"@context":"https:\/\/schema.org","@graph":[{"@type":"WebPage","@id":"https:\/\/www.welovecycling.com\/hu\/kozosseg-es-kultura\/amit-2020-ban-a-profi-noi-kerekparosoktol-varunk\/","url":"https:\/\/www.welovecycling.com\/hu\/kozosseg-es-kultura\/amit-2020-ban-a-profi-noi-kerekparosoktol-varunk\/","name":"Amit 2020-ban a profi n\u0151i ker\u00e9kp\u00e1rosokt\u00f3l v\u00e1runk - \u0160koda We Love Cycling - Magyarorsz\u00e1g","isPartOf":{"@id":"https:\/\/www.welovecycling.com\/hu\/#website"},"primaryImageOfPage":{"@id":"https:\/\/www.welovecycling.com\/hu\/kozosseg-es-kultura\/amit-2020-ban-a-profi-noi-kerekparosoktol-varunk\/#primaryimage"},"image":{"@id":"https:\/\/www.welovecycling.com\/hu\/kozosseg-es-kultura\/amit-2020-ban-a-profi-noi-kerekparosoktol-varunk\/#primaryimage"},"thumbnailUrl":"https:\/\/d2p6e6u75xmxt8.cloudfront.net\/12\/2020\/02\/Tour-Down-Under-CVR-profimedia-0493555719.jpg","datePublished":"2020-02-22T07:00:13+00:00","author":{"@id":"https:\/\/www.welovecycling.com\/hu\/#\/schema\/person\/414a2aebf1801691a5320edb6468e194"},"breadcrumb":{"@id":"https:\/\/www.welovecycling.com\/hu\/kozosseg-es-kultura\/amit-2020-ban-a-profi-noi-kerekparosoktol-varunk\/#breadcrumb"},"inLanguage":"hu","potentialAction":[{"@type":"ReadAction","target":["https:\/\/www.welovecycling.com\/hu\/kozosseg-es-kultura\/amit-2020-ban-a-profi-noi-kerekparosoktol-varunk\/"]}]},{"@type":"ImageObject","inLanguage":"hu","@id":"https:\/\/www.welovecycling.com\/hu\/kozosseg-es-kultura\/amit-2020-ban-a-profi-noi-kerekparosoktol-varunk\/#primaryimage","url":"https:\/\/d2p6e6u75xmxt8.cloudfront.net\/12\/2020\/02\/Tour-Down-Under-CVR-profimedia-0493555719.jpg","contentUrl":"https:\/\/d2p6e6u75xmxt8.cloudfront.net\/12\/2020\/02\/Tour-Down-Under-CVR-profimedia-0493555719.jpg","width":1366,"height":600},{"@type":"BreadcrumbList","@id":"https:\/\/www.welovecycling.com\/hu\/kozosseg-es-kultura\/amit-2020-ban-a-profi-noi-kerekparosoktol-varunk\/#breadcrumb","itemListElement":[{"@type":"ListItem","position":1,"name":"Home","item":"https:\/\/www.welovecycling.com\/hu\/"},{"@type":"ListItem","position":2,"name":"Amit 2020-ban a profi n\u0151i ker\u00e9kp\u00e1rosokt\u00f3l v\u00e1runk"}]},{"@type":"WebSite","@id":"https:\/\/www.welovecycling.com\/hu\/#website","url":"https:\/\/www.welovecycling.com\/hu\/","name":"\u0160koda We Love Cycling - Magyarorsz\u00e1g","description":"\u0160koda WeLoveCycling","potentialAction":[{"@type":"SearchAction","target":{"@type":"EntryPoint","urlTemplate":"https:\/\/www.welovecycling.com\/hu\/?s={search_term_string}"},"query-input":{"@type":"PropertyValueSpecification","valueRequired":true,"valueName":"search_term_string"}}],"inLanguage":"hu"},{"@type":"Person","@id":"https:\/\/www.welovecycling.com\/hu\/#\/schema\/person\/414a2aebf1801691a5320edb6468e194","name":"hegyizs","image":{"@type":"ImageObject","inLanguage":"hu","@id":"https:\/\/www.welovecycling.com\/hu\/#\/schema\/person\/image\/","url":"https:\/\/secure.gravatar.com\/avatar\/02cf8a7906b8cf90cecb4679defac7cfd33a1c2e3b88e4903d947f3bb58eedd3?s=96&d=mm&r=g","contentUrl":"https:\/\/secure.gravatar.com\/avatar\/02cf8a7906b8cf90cecb4679defac7cfd33a1c2e3b88e4903d947f3bb58eedd3?s=96&d=mm&r=g","caption":"hegyizs"},"url":"https:\/\/www.welovecycling.com\/hu\/author\/hegyizs\/"}]}},"_links":{"self":[{"href":"https:\/\/www.welovecycling.com\/hu\/wp-json\/wp\/v2\/posts\/6844","targetHints":{"allow":["GET"]}}],"collection":[{"href":"https:\/\/www.welovecycling.com\/hu\/wp-json\/wp\/v2\/posts"}],"about":[{"href":"https:\/\/www.welovecycling.com\/hu\/wp-json\/wp\/v2\/types\/post"}],"author":[{"embeddable":true,"href":"https:\/\/www.welovecycling.com\/hu\/wp-json\/wp\/v2\/users\/71"}],"replies":[{"embeddable":true,"href":"https:\/\/www.welovecycling.com\/hu\/wp-json\/wp\/v2\/comments?post=6844"}],"version-history":[{"count":2,"href":"https:\/\/www.welovecycling.com\/hu\/wp-json\/wp\/v2\/posts\/6844\/revisions"}],"predecessor-version":[{"id":6867,"href":"https:\/\/www.welovecycling.com\/hu\/wp-json\/wp\/v2\/posts\/6844\/revisions\/6867"}],"wp:featuredmedia":[{"embeddable":true,"href":"https:\/\/www.welovecycling.com\/hu\/wp-json\/wp\/v2\/media\/6849"}],"wp:attachment":[{"href":"https:\/\/www.welovecycling.com\/hu\/wp-json\/wp\/v2\/media?parent=6844"}],"wp:term":[{"taxonomy":"category","embeddable":true,"href":"https:\/\/www.welovecycling.com\/hu\/wp-json\/wp\/v2\/categories?post=6844"},{"taxonomy":"post_tag","embeddable":true,"href":"https:\/\/www.welovecycling.com\/hu\/wp-json\/wp\/v2\/tags?post=6844"},{"taxonomy":"global-categories","embeddable":true,"href":"https:\/\/www.welovecycling.com\/hu\/wp-json\/wp\/v2\/global-categories?post=6844"}],"curies":[{"name":"wp","href":"https:\/\/api.w.org\/{rel}","templated":true}]}}