{"id":6840,"date":"2020-02-20T08:00:42","date_gmt":"2020-02-20T07:00:42","guid":{"rendered":"https:\/\/www.welovecycling.com\/hu\/?p=6840"},"modified":"2020-02-22T12:11:28","modified_gmt":"2020-02-22T11:11:28","slug":"vasakarattal-es-kerekparral-a-gyermekbenulas-ellen","status":"publish","type":"post","link":"https:\/\/www.welovecycling.com\/hu\/kozosseg-es-kultura\/vasakarattal-es-kerekparral-a-gyermekbenulas-ellen\/","title":{"rendered":"Vasakarattal \u00e9s ker\u00e9kp\u00e1rral a gyermekb\u00e9nul\u00e1s ellen"},"content":{"rendered":"<p><strong>Geeta S. Rao csak h\u00e1rom \u00e9ves volt, amikor magasra sz\u00f6k\u00f6tt a l\u00e1za. Sz\u00fclei azonnal orvoshoz vitt\u00e9k, \u00e9s hamarosan kider\u00fclt, hogy a j\u00e1rv\u00e1nyos gyermekb\u00e9nul\u00e1st kiv\u00e1lt\u00f3 polio v\u00edrus m\u00e1r eg\u00e9sz test\u00e9ben elszaporodott. P\u00e1r nappal k\u00e9s\u0151bb meg sem tudott mozdulni. A k\u00f6vetkez\u0151 n\u00e9h\u00e1ny \u00e9vben a ment\u00e1lis \u00e9s fizikai fejl\u0151d\u00e9se nagyon lassan haladt, de sz\u00fclei nem adt\u00e1k fel. Amikor elj\u00f6tt az ideje, hogy a l\u00e1ny iskol\u00e1ba menjen, a kerekessz\u00e9ket nem is vett\u00e9k sz\u00e1m\u00edt\u00e1sba. Karjukban vitt\u00e9k el az iskolapadig. Minden \u00e1ldott nap.<\/strong><br \/>\n<!--more--><\/p>\n<p>Egy nap, amikor Geeta m\u00e1r nyolcadikba j\u00e1rt, amikor a sz\u00fclei vitt\u00e9k iskol\u00e1ba, egy mellett\u00fck elhalad\u00f3 n\u0151 azt mondta: jobb, ha az embernek nincs is gyereke, mint hogy ilyen legyen. A szavak beleiv\u00f3dtak Geeta agy\u00e1ba \u00e9s aznap megpr\u00f3b\u00e1lt \u00f6ngyilkos lenni. Szerencs\u00e9re nem j\u00e1rt sikerrel.<\/p>\n<p><em>\u201eAz \u00f6ngyilkoss\u00e1gi k\u00eds\u00e9rlet \u00e9letem legrosszabb d\u00f6nt\u00e9se volt\u201d<\/em> \u2013 mes\u00e9lte a l\u00e1ny a Humans of Amdavadnak<em>. \u201e\u00dagy \u00e9reztem Isten azt \u00fczente nekem, vegyem fel a harcot, s\u0151t, nyerjem is meg. \u00cdgy d\u00f6nt\u00f6ttem el, hogy nem akarok t\u00f6bb\u00e9 m\u00e1sokt\u00f3l f\u00fcggeni. Elkezdtem napi gyakorlatokat v\u00e9gezni \u00e9s fizioter\u00e1pi\u00e1ra j\u00e1rni. M\u00e1sf\u00e9l \u00e9vvel k\u00e9s\u0151bb abbahagyhattam a gy\u00f3gyszereket, csak a kezel\u00e9sek maradtak. Nem sokkal k\u00e9s\u0151bb pedig l\u00e1bra \u00e1lltam \u00e9s p\u00e1r l\u00e9p\u00e9st meg tudtam tenni k\u00e9t mank\u00f3 seg\u00edts\u00e9g\u00e9vel.\u201d<\/em><\/p>\n<p><img loading=\"lazy\" decoding=\"async\" class=\"alignnone size-full wp-image-6841\" src=\"https:\/\/d2p6e6u75xmxt8.cloudfront.net\/12\/2020\/02\/IMG_20160630_074923.jpg\" alt=\"\" width=\"722\" height=\"720\" srcset=\"https:\/\/d2p6e6u75xmxt8.cloudfront.net\/12\/2020\/02\/IMG_20160630_074923.jpg 722w, https:\/\/d2p6e6u75xmxt8.cloudfront.net\/12\/2020\/02\/IMG_20160630_074923-150x150.jpg 150w, https:\/\/d2p6e6u75xmxt8.cloudfront.net\/12\/2020\/02\/IMG_20160630_074923-300x300.jpg 300w\" sizes=\"auto, (max-width: 722px) 100vw, 722px\" \/><\/p>\n<p>Tov\u00e1bb tanult, f\u0151iskol\u00e1n k\u00e9mia szakon v\u00e9gzett, majd a HR fel\u00e9 vette az ir\u00e1nyt. Miut\u00e1n egy darabig IT szakemberk\u00e9nt dolgozott egy nagy c\u00e9gnek, \u00fagy d\u00f6nt\u00f6tt megval\u00f3s\u00edtja \u00e1lm\u00e1t, \u00e9s utazni fog. Jelenleg testv\u00e9r\u00e9vel egy h\u00e9t sz\u00e1llod\u00e1b\u00f3l \u00e1ll\u00f3 l\u00e1nc tulajdonosa.<\/p>\n<p>Bal l\u00e1ba tov\u00e1bbra sem mozog, de ez nem t\u00e1ntor\u00edtja el att\u00f3l, hogy biciklizzen. Szinte minden nap fel\u00fcl bring\u00e1j\u00e1ra, amit a sz\u00fcleit\u0151l kapott, s\u0151t, m\u00e9g egy 115 km-es, indiai \u201eLehetetlen Versenyen\u201d is r\u00e9szt vett.<\/p>\n<p><em>\u201eHa meg tudod \u00e1lmodni, meg is tudod tenni\u201d<\/em> \u2013 \u00e1ll\u00edtja Geeta. <em>\u201eSok mozg\u00e1ss\u00e9r\u00fclt bar\u00e1tomnak alacsony az \u00f6nbecs\u00fcl\u00e9se. \u00c9n azt mondom, a hat\u00e1r a csillagos \u00e9g. Ne fogadd el azt, amit az \u00e9lett\u0151l kapt\u00e1l, harcolj \u00e9s higgy magadban!\u201d<\/em><\/p>\n","protected":false},"excerpt":{"rendered":"<p>Geeta S. Rao csak h\u00e1rom \u00e9ves volt, amikor magasra sz\u00f6k\u00f6tt a l\u00e1za. Sz\u00fclei azonnal orvoshoz vitt\u00e9k, \u00e9s hamarosan kider\u00fclt, hogy [&hellip;]<\/p>\n","protected":false},"author":71,"featured_media":6843,"comment_status":"open","ping_status":"open","sticky":false,"template":"","format":"standard","meta":{"footnotes":""},"categories":[12],"tags":[],"global-categories":[],"class_list":["post-6840","post","type-post","status-publish","format-standard","has-post-thumbnail","hentry","category-kozosseg-es-kultura"],"yoast_head":"<!-- This site is optimized with the Yoast SEO Premium plugin v25.3 (Yoast SEO v25.9) - https:\/\/yoast.com\/wordpress\/plugins\/seo\/ -->\n<title>Vasakarattal \u00e9s ker\u00e9kp\u00e1rral a gyermekb\u00e9nul\u00e1s ellen - \u0160koda We Love Cycling - Magyarorsz\u00e1g<\/title>\n<meta name=\"robots\" content=\"index, follow, max-snippet:-1, max-image-preview:large, max-video-preview:-1\" \/>\n<link rel=\"canonical\" href=\"https:\/\/www.welovecycling.com\/hu\/kozosseg-es-kultura\/vasakarattal-es-kerekparral-a-gyermekbenulas-ellen\/\" \/>\n<meta property=\"og:locale\" content=\"hu_HU\" \/>\n<meta property=\"og:type\" content=\"article\" \/>\n<meta property=\"og:title\" content=\"Vasakarattal \u00e9s ker\u00e9kp\u00e1rral a gyermekb\u00e9nul\u00e1s ellen\" \/>\n<meta property=\"og:description\" content=\"Geeta S. Rao csak h\u00e1rom \u00e9ves volt, amikor magasra sz\u00f6k\u00f6tt a l\u00e1za. Sz\u00fclei azonnal orvoshoz vitt\u00e9k, \u00e9s hamarosan kider\u00fclt, hogy [&hellip;]\" \/>\n<meta property=\"og:url\" content=\"https:\/\/www.welovecycling.com\/hu\/kozosseg-es-kultura\/vasakarattal-es-kerekparral-a-gyermekbenulas-ellen\/\" \/>\n<meta property=\"og:site_name\" content=\"\u0160koda We Love Cycling - Magyarorsz\u00e1g\" \/>\n<meta property=\"article:publisher\" content=\"https:\/\/www.facebook.com\/WeLoveCyclingHungary\/\" \/>\n<meta property=\"article:published_time\" content=\"2020-02-20T07:00:42+00:00\" \/>\n<meta property=\"article:modified_time\" content=\"2020-02-22T11:11:28+00:00\" \/>\n<meta property=\"og:image\" content=\"https:\/\/d2p6e6u75xmxt8.cloudfront.net\/12\/2020\/02\/Geeta-CVR.jpg\" \/>\n\t<meta property=\"og:image:width\" content=\"1366\" \/>\n\t<meta property=\"og:image:height\" content=\"600\" \/>\n\t<meta property=\"og:image:type\" content=\"image\/jpeg\" \/>\n<meta name=\"author\" content=\"hegyizs\" \/>\n<meta name=\"twitter:card\" content=\"summary_large_image\" \/>\n<meta name=\"twitter:label1\" content=\"Written by\" \/>\n\t<meta name=\"twitter:data1\" content=\"Monica Buck\" \/>\n\t<meta name=\"twitter:label2\" content=\"Est. reading time\" \/>\n\t<meta name=\"twitter:data2\" content=\"4\" \/>\n<script type=\"application\/ld+json\" class=\"yoast-schema-graph\">{\"@context\":\"https:\/\/schema.org\",\"@graph\":[{\"@type\":\"WebPage\",\"@id\":\"https:\/\/www.welovecycling.com\/hu\/kozosseg-es-kultura\/vasakarattal-es-kerekparral-a-gyermekbenulas-ellen\/\",\"url\":\"https:\/\/www.welovecycling.com\/hu\/kozosseg-es-kultura\/vasakarattal-es-kerekparral-a-gyermekbenulas-ellen\/\",\"name\":\"Vasakarattal \u00e9s ker\u00e9kp\u00e1rral a gyermekb\u00e9nul\u00e1s ellen - \u0160koda We Love Cycling - Magyarorsz\u00e1g\",\"isPartOf\":{\"@id\":\"https:\/\/www.welovecycling.com\/hu\/#website\"},\"primaryImageOfPage\":{\"@id\":\"https:\/\/www.welovecycling.com\/hu\/kozosseg-es-kultura\/vasakarattal-es-kerekparral-a-gyermekbenulas-ellen\/#primaryimage\"},\"image\":{\"@id\":\"https:\/\/www.welovecycling.com\/hu\/kozosseg-es-kultura\/vasakarattal-es-kerekparral-a-gyermekbenulas-ellen\/#primaryimage\"},\"thumbnailUrl\":\"https:\/\/d2p6e6u75xmxt8.cloudfront.net\/12\/2020\/02\/Geeta-CVR.jpg\",\"datePublished\":\"2020-02-20T07:00:42+00:00\",\"dateModified\":\"2020-02-22T11:11:28+00:00\",\"author\":{\"@id\":\"https:\/\/www.welovecycling.com\/hu\/#\/schema\/person\/414a2aebf1801691a5320edb6468e194\"},\"breadcrumb\":{\"@id\":\"https:\/\/www.welovecycling.com\/hu\/kozosseg-es-kultura\/vasakarattal-es-kerekparral-a-gyermekbenulas-ellen\/#breadcrumb\"},\"inLanguage\":\"hu\",\"potentialAction\":[{\"@type\":\"ReadAction\",\"target\":[\"https:\/\/www.welovecycling.com\/hu\/kozosseg-es-kultura\/vasakarattal-es-kerekparral-a-gyermekbenulas-ellen\/\"]}]},{\"@type\":\"ImageObject\",\"inLanguage\":\"hu\",\"@id\":\"https:\/\/www.welovecycling.com\/hu\/kozosseg-es-kultura\/vasakarattal-es-kerekparral-a-gyermekbenulas-ellen\/#primaryimage\",\"url\":\"https:\/\/d2p6e6u75xmxt8.cloudfront.net\/12\/2020\/02\/Geeta-CVR.jpg\",\"contentUrl\":\"https:\/\/d2p6e6u75xmxt8.cloudfront.net\/12\/2020\/02\/Geeta-CVR.jpg\",\"width\":1366,\"height\":600},{\"@type\":\"BreadcrumbList\",\"@id\":\"https:\/\/www.welovecycling.com\/hu\/kozosseg-es-kultura\/vasakarattal-es-kerekparral-a-gyermekbenulas-ellen\/#breadcrumb\",\"itemListElement\":[{\"@type\":\"ListItem\",\"position\":1,\"name\":\"Home\",\"item\":\"https:\/\/www.welovecycling.com\/hu\/\"},{\"@type\":\"ListItem\",\"position\":2,\"name\":\"Vasakarattal \u00e9s ker\u00e9kp\u00e1rral a gyermekb\u00e9nul\u00e1s ellen\"}]},{\"@type\":\"WebSite\",\"@id\":\"https:\/\/www.welovecycling.com\/hu\/#website\",\"url\":\"https:\/\/www.welovecycling.com\/hu\/\",\"name\":\"\u0160koda We Love Cycling - Magyarorsz\u00e1g\",\"description\":\"\u0160koda WeLoveCycling\",\"potentialAction\":[{\"@type\":\"SearchAction\",\"target\":{\"@type\":\"EntryPoint\",\"urlTemplate\":\"https:\/\/www.welovecycling.com\/hu\/?s={search_term_string}\"},\"query-input\":{\"@type\":\"PropertyValueSpecification\",\"valueRequired\":true,\"valueName\":\"search_term_string\"}}],\"inLanguage\":\"hu\"},{\"@type\":\"Person\",\"@id\":\"https:\/\/www.welovecycling.com\/hu\/#\/schema\/person\/414a2aebf1801691a5320edb6468e194\",\"name\":\"hegyizs\",\"image\":{\"@type\":\"ImageObject\",\"inLanguage\":\"hu\",\"@id\":\"https:\/\/www.welovecycling.com\/hu\/#\/schema\/person\/image\/\",\"url\":\"https:\/\/secure.gravatar.com\/avatar\/02cf8a7906b8cf90cecb4679defac7cfd33a1c2e3b88e4903d947f3bb58eedd3?s=96&d=mm&r=g\",\"contentUrl\":\"https:\/\/secure.gravatar.com\/avatar\/02cf8a7906b8cf90cecb4679defac7cfd33a1c2e3b88e4903d947f3bb58eedd3?s=96&d=mm&r=g\",\"caption\":\"hegyizs\"},\"url\":\"https:\/\/www.welovecycling.com\/hu\/author\/hegyizs\/\"}]}<\/script>\n<!-- \/ Yoast SEO Premium plugin. -->","yoast_head_json":{"title":"Vasakarattal \u00e9s ker\u00e9kp\u00e1rral a gyermekb\u00e9nul\u00e1s ellen - \u0160koda We Love Cycling - Magyarorsz\u00e1g","robots":{"index":"index","follow":"follow","max-snippet":"max-snippet:-1","max-image-preview":"max-image-preview:large","max-video-preview":"max-video-preview:-1"},"canonical":"https:\/\/www.welovecycling.com\/hu\/kozosseg-es-kultura\/vasakarattal-es-kerekparral-a-gyermekbenulas-ellen\/","og_locale":"hu_HU","og_type":"article","og_title":"Vasakarattal \u00e9s ker\u00e9kp\u00e1rral a gyermekb\u00e9nul\u00e1s ellen","og_description":"Geeta S. Rao csak h\u00e1rom \u00e9ves volt, amikor magasra sz\u00f6k\u00f6tt a l\u00e1za. Sz\u00fclei azonnal orvoshoz vitt\u00e9k, \u00e9s hamarosan kider\u00fclt, hogy [&hellip;]","og_url":"https:\/\/www.welovecycling.com\/hu\/kozosseg-es-kultura\/vasakarattal-es-kerekparral-a-gyermekbenulas-ellen\/","og_site_name":"\u0160koda We Love Cycling - Magyarorsz\u00e1g","article_publisher":"https:\/\/www.facebook.com\/WeLoveCyclingHungary\/","article_published_time":"2020-02-20T07:00:42+00:00","article_modified_time":"2020-02-22T11:11:28+00:00","og_image":[{"width":1366,"height":600,"url":"https:\/\/d2p6e6u75xmxt8.cloudfront.net\/12\/2020\/02\/Geeta-CVR.jpg","type":"image\/jpeg"}],"author":"hegyizs","twitter_card":"summary_large_image","twitter_misc":{"Written by":"Monica Buck","Est. reading time":"4"},"schema":{"@context":"https:\/\/schema.org","@graph":[{"@type":"WebPage","@id":"https:\/\/www.welovecycling.com\/hu\/kozosseg-es-kultura\/vasakarattal-es-kerekparral-a-gyermekbenulas-ellen\/","url":"https:\/\/www.welovecycling.com\/hu\/kozosseg-es-kultura\/vasakarattal-es-kerekparral-a-gyermekbenulas-ellen\/","name":"Vasakarattal \u00e9s ker\u00e9kp\u00e1rral a gyermekb\u00e9nul\u00e1s ellen - \u0160koda We Love Cycling - Magyarorsz\u00e1g","isPartOf":{"@id":"https:\/\/www.welovecycling.com\/hu\/#website"},"primaryImageOfPage":{"@id":"https:\/\/www.welovecycling.com\/hu\/kozosseg-es-kultura\/vasakarattal-es-kerekparral-a-gyermekbenulas-ellen\/#primaryimage"},"image":{"@id":"https:\/\/www.welovecycling.com\/hu\/kozosseg-es-kultura\/vasakarattal-es-kerekparral-a-gyermekbenulas-ellen\/#primaryimage"},"thumbnailUrl":"https:\/\/d2p6e6u75xmxt8.cloudfront.net\/12\/2020\/02\/Geeta-CVR.jpg","datePublished":"2020-02-20T07:00:42+00:00","dateModified":"2020-02-22T11:11:28+00:00","author":{"@id":"https:\/\/www.welovecycling.com\/hu\/#\/schema\/person\/414a2aebf1801691a5320edb6468e194"},"breadcrumb":{"@id":"https:\/\/www.welovecycling.com\/hu\/kozosseg-es-kultura\/vasakarattal-es-kerekparral-a-gyermekbenulas-ellen\/#breadcrumb"},"inLanguage":"hu","potentialAction":[{"@type":"ReadAction","target":["https:\/\/www.welovecycling.com\/hu\/kozosseg-es-kultura\/vasakarattal-es-kerekparral-a-gyermekbenulas-ellen\/"]}]},{"@type":"ImageObject","inLanguage":"hu","@id":"https:\/\/www.welovecycling.com\/hu\/kozosseg-es-kultura\/vasakarattal-es-kerekparral-a-gyermekbenulas-ellen\/#primaryimage","url":"https:\/\/d2p6e6u75xmxt8.cloudfront.net\/12\/2020\/02\/Geeta-CVR.jpg","contentUrl":"https:\/\/d2p6e6u75xmxt8.cloudfront.net\/12\/2020\/02\/Geeta-CVR.jpg","width":1366,"height":600},{"@type":"BreadcrumbList","@id":"https:\/\/www.welovecycling.com\/hu\/kozosseg-es-kultura\/vasakarattal-es-kerekparral-a-gyermekbenulas-ellen\/#breadcrumb","itemListElement":[{"@type":"ListItem","position":1,"name":"Home","item":"https:\/\/www.welovecycling.com\/hu\/"},{"@type":"ListItem","position":2,"name":"Vasakarattal \u00e9s ker\u00e9kp\u00e1rral a gyermekb\u00e9nul\u00e1s ellen"}]},{"@type":"WebSite","@id":"https:\/\/www.welovecycling.com\/hu\/#website","url":"https:\/\/www.welovecycling.com\/hu\/","name":"\u0160koda We Love Cycling - Magyarorsz\u00e1g","description":"\u0160koda WeLoveCycling","potentialAction":[{"@type":"SearchAction","target":{"@type":"EntryPoint","urlTemplate":"https:\/\/www.welovecycling.com\/hu\/?s={search_term_string}"},"query-input":{"@type":"PropertyValueSpecification","valueRequired":true,"valueName":"search_term_string"}}],"inLanguage":"hu"},{"@type":"Person","@id":"https:\/\/www.welovecycling.com\/hu\/#\/schema\/person\/414a2aebf1801691a5320edb6468e194","name":"hegyizs","image":{"@type":"ImageObject","inLanguage":"hu","@id":"https:\/\/www.welovecycling.com\/hu\/#\/schema\/person\/image\/","url":"https:\/\/secure.gravatar.com\/avatar\/02cf8a7906b8cf90cecb4679defac7cfd33a1c2e3b88e4903d947f3bb58eedd3?s=96&d=mm&r=g","contentUrl":"https:\/\/secure.gravatar.com\/avatar\/02cf8a7906b8cf90cecb4679defac7cfd33a1c2e3b88e4903d947f3bb58eedd3?s=96&d=mm&r=g","caption":"hegyizs"},"url":"https:\/\/www.welovecycling.com\/hu\/author\/hegyizs\/"}]}},"_links":{"self":[{"href":"https:\/\/www.welovecycling.com\/hu\/wp-json\/wp\/v2\/posts\/6840","targetHints":{"allow":["GET"]}}],"collection":[{"href":"https:\/\/www.welovecycling.com\/hu\/wp-json\/wp\/v2\/posts"}],"about":[{"href":"https:\/\/www.welovecycling.com\/hu\/wp-json\/wp\/v2\/types\/post"}],"author":[{"embeddable":true,"href":"https:\/\/www.welovecycling.com\/hu\/wp-json\/wp\/v2\/users\/71"}],"replies":[{"embeddable":true,"href":"https:\/\/www.welovecycling.com\/hu\/wp-json\/wp\/v2\/comments?post=6840"}],"version-history":[{"count":2,"href":"https:\/\/www.welovecycling.com\/hu\/wp-json\/wp\/v2\/posts\/6840\/revisions"}],"predecessor-version":[{"id":6855,"href":"https:\/\/www.welovecycling.com\/hu\/wp-json\/wp\/v2\/posts\/6840\/revisions\/6855"}],"wp:featuredmedia":[{"embeddable":true,"href":"https:\/\/www.welovecycling.com\/hu\/wp-json\/wp\/v2\/media\/6843"}],"wp:attachment":[{"href":"https:\/\/www.welovecycling.com\/hu\/wp-json\/wp\/v2\/media?parent=6840"}],"wp:term":[{"taxonomy":"category","embeddable":true,"href":"https:\/\/www.welovecycling.com\/hu\/wp-json\/wp\/v2\/categories?post=6840"},{"taxonomy":"post_tag","embeddable":true,"href":"https:\/\/www.welovecycling.com\/hu\/wp-json\/wp\/v2\/tags?post=6840"},{"taxonomy":"global-categories","embeddable":true,"href":"https:\/\/www.welovecycling.com\/hu\/wp-json\/wp\/v2\/global-categories?post=6840"}],"curies":[{"name":"wp","href":"https:\/\/api.w.org\/{rel}","templated":true}]}}