{"id":6830,"date":"2020-02-17T08:00:49","date_gmt":"2020-02-17T07:00:49","guid":{"rendered":"https:\/\/www.welovecycling.com\/hu\/?p=6830"},"modified":"2020-02-14T17:11:38","modified_gmt":"2020-02-14T16:11:38","slug":"a-rettenthetetlen-versenyzok-akik-a-ciaraval-is-megkuzdottek","status":"publish","type":"post","link":"https:\/\/www.welovecycling.com\/hu\/orszaguti-kerekpar\/a-rettenthetetlen-versenyzok-akik-a-ciaraval-is-megkuzdottek\/","title":{"rendered":"A rettenthetetlen versenyz\u0151k, akik a Ciar\u00e1val is megk\u00fczd\u00f6ttek"},"content":{"rendered":"<p><strong>Ciara, a vihar, 180 km\/\u00f3r\u00e1s sebess\u00e9ggel s\u00f6p\u00f6rt v\u00e9gig Eur\u00f3p\u00e1n, f\u00e1kat csavart ki, \u00e9s \u00e9p\u00fcleteket, aut\u00f3kat, utakat tett t\u00f6nkre, amerre j\u00e1rt. B\u00e1r a hat\u00f3s\u00e1gok figyelmeztett\u00e9k az \u00e9rintetteket, hogy ha tehetik, maradjanak otthon, n\u00e9h\u00e1ny sz\u00e1z holland ker\u00e9kp\u00e1ros nem vette mag\u00e1ra az intelmet \u00e9s \u0151r\u00fclt versenyre indultak a sz\u00e9l ellen.<\/strong><\/p>\n<p><!--more--><\/p>\n<div class=\"embed-controller-wrapper\">\n<blockquote class=\"twitter-tweet\" data-width=\"500\" data-dnt=\"true\">\n<p lang=\"en\" dir=\"ltr\">\u201cIt\u2019s like climbing a 10% slope on the worst bike you can imagine.\u201d<\/p>\n<p>While Northern Europe hunkered down Sunday and braved <a href=\"https:\/\/twitter.com\/hashtag\/StormCiara?src=hash&amp;ref_src=twsrc%5Etfw\">#StormCiara<\/a>&#39;s hurricane-force winds, an intrepid band of cyclists competed in the <a href=\"https:\/\/twitter.com\/NKTegenwind?ref_src=twsrc%5Etfw\">@NKTegenwind<\/a> Dutch Headwind Cycling Championships.<a href=\"https:\/\/t.co\/J9Rl48n3Qa\">https:\/\/t.co\/J9Rl48n3Qa<\/a> <a href=\"https:\/\/t.co\/qSbv9gIF8g\">pic.twitter.com\/qSbv9gIF8g<\/a><\/p>\n<p>&mdash; Dutch Cycling Embassy (@Cycling_Embassy) <a href=\"https:\/\/twitter.com\/Cycling_Embassy\/status\/1226898726599483394?ref_src=twsrc%5Etfw\">February 10, 2020<\/a><\/p><\/blockquote>\n<p><script async data-src=\"https:\/\/platform.twitter.com\/widgets.js\" charset=\"utf-8\"><\/script><\/div>\n<p>A hagyom\u00e1nyosan Zeeland partjain megrendezett holland ellensz\u00e9l-bajnoks\u00e1g 8,5 km-es t\u00e1vja az Oostercsheldekering g\u00e1trendszern\u00e9l h\u00faz\u00f3dik v\u00e9gig a parton. Csak olyan fixikkel lehet indulni, melyeket a szervez\u0151 c\u00e9g sz\u00e1ll\u00edt a helysz\u00ednre. A hatalmas \u00e9rdekl\u0151d\u00e9s ellen\u00e9re mind\u00f6ssze 300 egy\u00e9n (vagy 25 n\u00e9gy f\u0151s csapat) indulhat a versenyen. Az \u00e9ves id\u0151futam a 2013 \u00f3ta megszokott m\u00f3don, 3 nappal a v\u00e1rhat\u00f3 vihar el\u0151tt ker\u00fcl bejelent\u00e9sre, id\u00e9n a kit\u0171z\u00f6tt d\u00e1tum 2020. febru\u00e1r 9. lett.<\/p>\n<p>A versenyt eddig minden sz\u00edn alatt megtartott\u00e1k, id\u00e9n viszont a Ciara elleni k\u00fczdelem m\u00e9g a legkem\u00e9nyebb biciklisek sz\u00e1m\u00e1ra is hatalmas kih\u00edv\u00e1st jelentett. A c\u00e9lba \u00e9rve m\u00e1r ki volt k\u00e9sz\u00edtve a versenyz\u0151k sz\u00e1m\u00e1ra egy-egy v\u00f6d\u00f6r, ha esetleg h\u00e1nyniuk kellene, \u00e9s sz\u00e1mos bring\u00e1snak \u00e9rt a f\u00f6ld\u00f6n v\u00e9get a verseny, miut\u00e1n a sz\u00e9l lef\u00fajta \u0151ket j\u00e1rg\u00e1nyaikr\u00f3l. A j\u00f3n\u00e9h\u00e1ny baleset \u00e9s a sz\u00e9l okozta kezelhetetlen k\u00f6r\u00fclm\u00e9nyek miatt v\u00e9g\u00fcl lef\u00fajt\u00e1k a versenyt.<\/p>\n<p>Ezek a holland biciklisek nem az egyetlenek, akik szeretnek lek\u00fczdhetetlen term\u00e9szeti er\u0151kkel dacolni. K\u00e9t \u00e9vvel ezel\u0151tt az amerikai dubl\u0151r, Lucas Brunelle felt\u00f6lt\u00f6tt egy vide\u00f3t, melyen a 220 km\/\u00f3r\u00e1val sz\u00e1guld\u00f3 Irma hurrik\u00e1nnal k\u00fczd Miami el\u00e1rasztott utc\u00e1in.<\/p>\n<lite-youtube videoid=85_VuPcso50 params=\"enablejsapi=1\" style=\"background-image: url('https:\/\/i.ytimg.com\/vi_webp\/85_VuPcso50\/maxresdefault.webp');\"><\/lite-youtube>\n<p>Lucast a CNN helikopter\u00e9r\u0151l vett\u00e9k \u00e9szre \u00e9s mentett\u00e9k ki a rem\u00e9nytelen szitu\u00e1ci\u00f3b\u00f3l, majd \u00e9l\u0151 ad\u00e1sban hihetetlen\u00fcl h\u00fcly\u00e9nek titul\u00e1lt\u00e1k. T\u00e9nyleg idi\u00f3ta \u00f6tlet volt, vagy ink\u00e1bb b\u00e1tor? Te megpr\u00f3b\u00e1ln\u00e1d, amit \u0151?<\/p>\n","protected":false},"excerpt":{"rendered":"<p>Ciara, a vihar, 180 km\/\u00f3r\u00e1s sebess\u00e9ggel s\u00f6p\u00f6rt v\u00e9gig Eur\u00f3p\u00e1n, f\u00e1kat csavart ki, \u00e9s \u00e9p\u00fcleteket, aut\u00f3kat, utakat tett t\u00f6nkre, amerre j\u00e1rt. [&hellip;]<\/p>\n","protected":false},"author":71,"featured_media":6833,"comment_status":"open","ping_status":"open","sticky":false,"template":"","format":"standard","meta":{"footnotes":""},"categories":[8],"tags":[],"global-categories":[],"class_list":["post-6830","post","type-post","status-publish","format-standard","has-post-thumbnail","hentry","category-orszaguti-kerekpar"],"yoast_head":"<!-- This site is optimized with the Yoast SEO Premium plugin v25.3 (Yoast SEO v25.9) - https:\/\/yoast.com\/wordpress\/plugins\/seo\/ -->\n<title>A rettenthetetlen versenyz\u0151k, akik a Ciar\u00e1val is megk\u00fczd\u00f6ttek - \u0160koda We Love Cycling - Magyarorsz\u00e1g<\/title>\n<meta name=\"robots\" content=\"index, follow, max-snippet:-1, max-image-preview:large, max-video-preview:-1\" \/>\n<link rel=\"canonical\" href=\"https:\/\/www.welovecycling.com\/hu\/orszaguti-kerekpar\/a-rettenthetetlen-versenyzok-akik-a-ciaraval-is-megkuzdottek\/\" \/>\n<meta property=\"og:locale\" content=\"hu_HU\" \/>\n<meta property=\"og:type\" content=\"article\" \/>\n<meta property=\"og:title\" content=\"A rettenthetetlen versenyz\u0151k, akik a Ciar\u00e1val is megk\u00fczd\u00f6ttek\" \/>\n<meta property=\"og:description\" content=\"Ciara, a vihar, 180 km\/\u00f3r\u00e1s sebess\u00e9ggel s\u00f6p\u00f6rt v\u00e9gig Eur\u00f3p\u00e1n, f\u00e1kat csavart ki, \u00e9s \u00e9p\u00fcleteket, aut\u00f3kat, utakat tett t\u00f6nkre, amerre j\u00e1rt. [&hellip;]\" \/>\n<meta property=\"og:url\" content=\"https:\/\/www.welovecycling.com\/hu\/orszaguti-kerekpar\/a-rettenthetetlen-versenyzok-akik-a-ciaraval-is-megkuzdottek\/\" \/>\n<meta property=\"og:site_name\" content=\"\u0160koda We Love Cycling - Magyarorsz\u00e1g\" \/>\n<meta property=\"article:publisher\" content=\"https:\/\/www.facebook.com\/WeLoveCyclingHungary\/\" \/>\n<meta property=\"article:published_time\" content=\"2020-02-17T07:00:49+00:00\" \/>\n<meta property=\"og:image\" content=\"https:\/\/d2p6e6u75xmxt8.cloudfront.net\/12\/2020\/02\/Headwind-Cycling-CVR-profimedia-0497339230.jpg\" \/>\n\t<meta property=\"og:image:width\" content=\"1366\" \/>\n\t<meta property=\"og:image:height\" content=\"600\" \/>\n\t<meta property=\"og:image:type\" content=\"image\/jpeg\" \/>\n<meta name=\"author\" content=\"hegyizs\" \/>\n<meta name=\"twitter:card\" content=\"summary_large_image\" \/>\n<meta name=\"twitter:label1\" content=\"Written by\" \/>\n\t<meta name=\"twitter:data1\" content=\"Adam Marsal\" \/>\n\t<meta name=\"twitter:label2\" content=\"Est. reading time\" \/>\n\t<meta name=\"twitter:data2\" content=\"4\" \/>\n<script type=\"application\/ld+json\" class=\"yoast-schema-graph\">{\"@context\":\"https:\/\/schema.org\",\"@graph\":[{\"@type\":\"WebPage\",\"@id\":\"https:\/\/www.welovecycling.com\/hu\/orszaguti-kerekpar\/a-rettenthetetlen-versenyzok-akik-a-ciaraval-is-megkuzdottek\/\",\"url\":\"https:\/\/www.welovecycling.com\/hu\/orszaguti-kerekpar\/a-rettenthetetlen-versenyzok-akik-a-ciaraval-is-megkuzdottek\/\",\"name\":\"A rettenthetetlen versenyz\u0151k, akik a Ciar\u00e1val is megk\u00fczd\u00f6ttek - \u0160koda We Love Cycling - Magyarorsz\u00e1g\",\"isPartOf\":{\"@id\":\"https:\/\/www.welovecycling.com\/hu\/#website\"},\"primaryImageOfPage\":{\"@id\":\"https:\/\/www.welovecycling.com\/hu\/orszaguti-kerekpar\/a-rettenthetetlen-versenyzok-akik-a-ciaraval-is-megkuzdottek\/#primaryimage\"},\"image\":{\"@id\":\"https:\/\/www.welovecycling.com\/hu\/orszaguti-kerekpar\/a-rettenthetetlen-versenyzok-akik-a-ciaraval-is-megkuzdottek\/#primaryimage\"},\"thumbnailUrl\":\"https:\/\/d2p6e6u75xmxt8.cloudfront.net\/12\/2020\/02\/Headwind-Cycling-CVR-profimedia-0497339230.jpg\",\"datePublished\":\"2020-02-17T07:00:49+00:00\",\"author\":{\"@id\":\"https:\/\/www.welovecycling.com\/hu\/#\/schema\/person\/414a2aebf1801691a5320edb6468e194\"},\"breadcrumb\":{\"@id\":\"https:\/\/www.welovecycling.com\/hu\/orszaguti-kerekpar\/a-rettenthetetlen-versenyzok-akik-a-ciaraval-is-megkuzdottek\/#breadcrumb\"},\"inLanguage\":\"hu\",\"potentialAction\":[{\"@type\":\"ReadAction\",\"target\":[\"https:\/\/www.welovecycling.com\/hu\/orszaguti-kerekpar\/a-rettenthetetlen-versenyzok-akik-a-ciaraval-is-megkuzdottek\/\"]}]},{\"@type\":\"ImageObject\",\"inLanguage\":\"hu\",\"@id\":\"https:\/\/www.welovecycling.com\/hu\/orszaguti-kerekpar\/a-rettenthetetlen-versenyzok-akik-a-ciaraval-is-megkuzdottek\/#primaryimage\",\"url\":\"https:\/\/d2p6e6u75xmxt8.cloudfront.net\/12\/2020\/02\/Headwind-Cycling-CVR-profimedia-0497339230.jpg\",\"contentUrl\":\"https:\/\/d2p6e6u75xmxt8.cloudfront.net\/12\/2020\/02\/Headwind-Cycling-CVR-profimedia-0497339230.jpg\",\"width\":1366,\"height\":600},{\"@type\":\"BreadcrumbList\",\"@id\":\"https:\/\/www.welovecycling.com\/hu\/orszaguti-kerekpar\/a-rettenthetetlen-versenyzok-akik-a-ciaraval-is-megkuzdottek\/#breadcrumb\",\"itemListElement\":[{\"@type\":\"ListItem\",\"position\":1,\"name\":\"Home\",\"item\":\"https:\/\/www.welovecycling.com\/hu\/\"},{\"@type\":\"ListItem\",\"position\":2,\"name\":\"A rettenthetetlen versenyz\u0151k, akik a Ciar\u00e1val is megk\u00fczd\u00f6ttek\"}]},{\"@type\":\"WebSite\",\"@id\":\"https:\/\/www.welovecycling.com\/hu\/#website\",\"url\":\"https:\/\/www.welovecycling.com\/hu\/\",\"name\":\"\u0160koda We Love Cycling - Magyarorsz\u00e1g\",\"description\":\"\u0160koda WeLoveCycling\",\"potentialAction\":[{\"@type\":\"SearchAction\",\"target\":{\"@type\":\"EntryPoint\",\"urlTemplate\":\"https:\/\/www.welovecycling.com\/hu\/?s={search_term_string}\"},\"query-input\":{\"@type\":\"PropertyValueSpecification\",\"valueRequired\":true,\"valueName\":\"search_term_string\"}}],\"inLanguage\":\"hu\"},{\"@type\":\"Person\",\"@id\":\"https:\/\/www.welovecycling.com\/hu\/#\/schema\/person\/414a2aebf1801691a5320edb6468e194\",\"name\":\"hegyizs\",\"image\":{\"@type\":\"ImageObject\",\"inLanguage\":\"hu\",\"@id\":\"https:\/\/www.welovecycling.com\/hu\/#\/schema\/person\/image\/\",\"url\":\"https:\/\/secure.gravatar.com\/avatar\/02cf8a7906b8cf90cecb4679defac7cfd33a1c2e3b88e4903d947f3bb58eedd3?s=96&d=mm&r=g\",\"contentUrl\":\"https:\/\/secure.gravatar.com\/avatar\/02cf8a7906b8cf90cecb4679defac7cfd33a1c2e3b88e4903d947f3bb58eedd3?s=96&d=mm&r=g\",\"caption\":\"hegyizs\"},\"url\":\"https:\/\/www.welovecycling.com\/hu\/author\/hegyizs\/\"}]}<\/script>\n<!-- \/ Yoast SEO Premium plugin. -->","yoast_head_json":{"title":"A rettenthetetlen versenyz\u0151k, akik a Ciar\u00e1val is megk\u00fczd\u00f6ttek - \u0160koda We Love Cycling - Magyarorsz\u00e1g","robots":{"index":"index","follow":"follow","max-snippet":"max-snippet:-1","max-image-preview":"max-image-preview:large","max-video-preview":"max-video-preview:-1"},"canonical":"https:\/\/www.welovecycling.com\/hu\/orszaguti-kerekpar\/a-rettenthetetlen-versenyzok-akik-a-ciaraval-is-megkuzdottek\/","og_locale":"hu_HU","og_type":"article","og_title":"A rettenthetetlen versenyz\u0151k, akik a Ciar\u00e1val is megk\u00fczd\u00f6ttek","og_description":"Ciara, a vihar, 180 km\/\u00f3r\u00e1s sebess\u00e9ggel s\u00f6p\u00f6rt v\u00e9gig Eur\u00f3p\u00e1n, f\u00e1kat csavart ki, \u00e9s \u00e9p\u00fcleteket, aut\u00f3kat, utakat tett t\u00f6nkre, amerre j\u00e1rt. [&hellip;]","og_url":"https:\/\/www.welovecycling.com\/hu\/orszaguti-kerekpar\/a-rettenthetetlen-versenyzok-akik-a-ciaraval-is-megkuzdottek\/","og_site_name":"\u0160koda We Love Cycling - Magyarorsz\u00e1g","article_publisher":"https:\/\/www.facebook.com\/WeLoveCyclingHungary\/","article_published_time":"2020-02-17T07:00:49+00:00","og_image":[{"width":1366,"height":600,"url":"https:\/\/d2p6e6u75xmxt8.cloudfront.net\/12\/2020\/02\/Headwind-Cycling-CVR-profimedia-0497339230.jpg","type":"image\/jpeg"}],"author":"hegyizs","twitter_card":"summary_large_image","twitter_misc":{"Written by":"Adam Marsal","Est. reading time":"4"},"schema":{"@context":"https:\/\/schema.org","@graph":[{"@type":"WebPage","@id":"https:\/\/www.welovecycling.com\/hu\/orszaguti-kerekpar\/a-rettenthetetlen-versenyzok-akik-a-ciaraval-is-megkuzdottek\/","url":"https:\/\/www.welovecycling.com\/hu\/orszaguti-kerekpar\/a-rettenthetetlen-versenyzok-akik-a-ciaraval-is-megkuzdottek\/","name":"A rettenthetetlen versenyz\u0151k, akik a Ciar\u00e1val is megk\u00fczd\u00f6ttek - \u0160koda We Love Cycling - Magyarorsz\u00e1g","isPartOf":{"@id":"https:\/\/www.welovecycling.com\/hu\/#website"},"primaryImageOfPage":{"@id":"https:\/\/www.welovecycling.com\/hu\/orszaguti-kerekpar\/a-rettenthetetlen-versenyzok-akik-a-ciaraval-is-megkuzdottek\/#primaryimage"},"image":{"@id":"https:\/\/www.welovecycling.com\/hu\/orszaguti-kerekpar\/a-rettenthetetlen-versenyzok-akik-a-ciaraval-is-megkuzdottek\/#primaryimage"},"thumbnailUrl":"https:\/\/d2p6e6u75xmxt8.cloudfront.net\/12\/2020\/02\/Headwind-Cycling-CVR-profimedia-0497339230.jpg","datePublished":"2020-02-17T07:00:49+00:00","author":{"@id":"https:\/\/www.welovecycling.com\/hu\/#\/schema\/person\/414a2aebf1801691a5320edb6468e194"},"breadcrumb":{"@id":"https:\/\/www.welovecycling.com\/hu\/orszaguti-kerekpar\/a-rettenthetetlen-versenyzok-akik-a-ciaraval-is-megkuzdottek\/#breadcrumb"},"inLanguage":"hu","potentialAction":[{"@type":"ReadAction","target":["https:\/\/www.welovecycling.com\/hu\/orszaguti-kerekpar\/a-rettenthetetlen-versenyzok-akik-a-ciaraval-is-megkuzdottek\/"]}]},{"@type":"ImageObject","inLanguage":"hu","@id":"https:\/\/www.welovecycling.com\/hu\/orszaguti-kerekpar\/a-rettenthetetlen-versenyzok-akik-a-ciaraval-is-megkuzdottek\/#primaryimage","url":"https:\/\/d2p6e6u75xmxt8.cloudfront.net\/12\/2020\/02\/Headwind-Cycling-CVR-profimedia-0497339230.jpg","contentUrl":"https:\/\/d2p6e6u75xmxt8.cloudfront.net\/12\/2020\/02\/Headwind-Cycling-CVR-profimedia-0497339230.jpg","width":1366,"height":600},{"@type":"BreadcrumbList","@id":"https:\/\/www.welovecycling.com\/hu\/orszaguti-kerekpar\/a-rettenthetetlen-versenyzok-akik-a-ciaraval-is-megkuzdottek\/#breadcrumb","itemListElement":[{"@type":"ListItem","position":1,"name":"Home","item":"https:\/\/www.welovecycling.com\/hu\/"},{"@type":"ListItem","position":2,"name":"A rettenthetetlen versenyz\u0151k, akik a Ciar\u00e1val is megk\u00fczd\u00f6ttek"}]},{"@type":"WebSite","@id":"https:\/\/www.welovecycling.com\/hu\/#website","url":"https:\/\/www.welovecycling.com\/hu\/","name":"\u0160koda We Love Cycling - Magyarorsz\u00e1g","description":"\u0160koda WeLoveCycling","potentialAction":[{"@type":"SearchAction","target":{"@type":"EntryPoint","urlTemplate":"https:\/\/www.welovecycling.com\/hu\/?s={search_term_string}"},"query-input":{"@type":"PropertyValueSpecification","valueRequired":true,"valueName":"search_term_string"}}],"inLanguage":"hu"},{"@type":"Person","@id":"https:\/\/www.welovecycling.com\/hu\/#\/schema\/person\/414a2aebf1801691a5320edb6468e194","name":"hegyizs","image":{"@type":"ImageObject","inLanguage":"hu","@id":"https:\/\/www.welovecycling.com\/hu\/#\/schema\/person\/image\/","url":"https:\/\/secure.gravatar.com\/avatar\/02cf8a7906b8cf90cecb4679defac7cfd33a1c2e3b88e4903d947f3bb58eedd3?s=96&d=mm&r=g","contentUrl":"https:\/\/secure.gravatar.com\/avatar\/02cf8a7906b8cf90cecb4679defac7cfd33a1c2e3b88e4903d947f3bb58eedd3?s=96&d=mm&r=g","caption":"hegyizs"},"url":"https:\/\/www.welovecycling.com\/hu\/author\/hegyizs\/"}]}},"_links":{"self":[{"href":"https:\/\/www.welovecycling.com\/hu\/wp-json\/wp\/v2\/posts\/6830","targetHints":{"allow":["GET"]}}],"collection":[{"href":"https:\/\/www.welovecycling.com\/hu\/wp-json\/wp\/v2\/posts"}],"about":[{"href":"https:\/\/www.welovecycling.com\/hu\/wp-json\/wp\/v2\/types\/post"}],"author":[{"embeddable":true,"href":"https:\/\/www.welovecycling.com\/hu\/wp-json\/wp\/v2\/users\/71"}],"replies":[{"embeddable":true,"href":"https:\/\/www.welovecycling.com\/hu\/wp-json\/wp\/v2\/comments?post=6830"}],"version-history":[{"count":1,"href":"https:\/\/www.welovecycling.com\/hu\/wp-json\/wp\/v2\/posts\/6830\/revisions"}],"predecessor-version":[{"id":6853,"href":"https:\/\/www.welovecycling.com\/hu\/wp-json\/wp\/v2\/posts\/6830\/revisions\/6853"}],"wp:featuredmedia":[{"embeddable":true,"href":"https:\/\/www.welovecycling.com\/hu\/wp-json\/wp\/v2\/media\/6833"}],"wp:attachment":[{"href":"https:\/\/www.welovecycling.com\/hu\/wp-json\/wp\/v2\/media?parent=6830"}],"wp:term":[{"taxonomy":"category","embeddable":true,"href":"https:\/\/www.welovecycling.com\/hu\/wp-json\/wp\/v2\/categories?post=6830"},{"taxonomy":"post_tag","embeddable":true,"href":"https:\/\/www.welovecycling.com\/hu\/wp-json\/wp\/v2\/tags?post=6830"},{"taxonomy":"global-categories","embeddable":true,"href":"https:\/\/www.welovecycling.com\/hu\/wp-json\/wp\/v2\/global-categories?post=6830"}],"curies":[{"name":"wp","href":"https:\/\/api.w.org\/{rel}","templated":true}]}}