{"id":6803,"date":"2020-02-15T16:00:09","date_gmt":"2020-02-15T15:00:09","guid":{"rendered":"https:\/\/www.welovecycling.com\/hu\/?p=6803"},"modified":"2020-02-11T14:44:44","modified_gmt":"2020-02-11T13:44:44","slug":"a-bajnok-aki-a-halalbol-tert-vissza","status":"publish","type":"post","link":"https:\/\/www.welovecycling.com\/hu\/orszaguti-kerekpar\/a-bajnok-aki-a-halalbol-tert-vissza\/","title":{"rendered":"A bajnok, aki a hal\u00e1lb\u00f3l t\u00e9rt vissza"},"content":{"rendered":"<p><strong>Tizenh\u00e9t \u00e9vesen kezdte ker\u00e9kp\u00e1ros karrierj\u00e9t, ami egy \u00e9vtizeden \u00e1t tartott. Ez a hihetetlen alak alapozta meg \u00daj-Z\u00e9land biciklis t\u00f6rt\u00e9nelm\u00e9t, m\u00e9gsem besz\u00e9l r\u00f3la senki. V\u00e1ltoztassunk ezen a sajn\u00e1latos hib\u00e1n! Elhoztuk a legcsod\u00e1latosabb maori bring\u00e1s t\u00f6rt\u00e9net\u00e9t.<\/strong><!--more--><\/p>\n<p>Wiremu Paratene 1909-ben \u00daj-Z\u00e9landon sz\u00fcletett. \u00c9desanyja belehalt a sz\u00fcl\u00e9sbe, \u00edgy nagymam\u00e1ja nevelte, aki sajnos szint\u00e9n hamarosan elhunyt. Az \u00e1rva fi\u00fa nevel\u0151sz\u00fcl\u0151kh\u00f6z ker\u00fclt, akik megv\u00e1ltoztatt\u00e1k a nev\u00e9t William (Bill) Pratney-re. Ekkort\u00e1jt der\u00fclt ki, hogy Billnek k\u00fcl\u00f6n\u00f6s tehets\u00e9ge van a sportokban, amit \u00e9rdemes kamatoztatni. A szeg\u00e9ny fi\u00fanak kev\u00e9s lehet\u0151s\u00e9ge volt, els\u0151 biciklij\u00e9t k\u00e9nytelen volt egy \u00e1gykeretb\u0151l \u00f6sszeeszk\u00e1b\u00e1lni.<\/p>\n<p><img loading=\"lazy\" decoding=\"async\" class=\"alignnone size-full wp-image-6804\" src=\"https:\/\/d2p6e6u75xmxt8.cloudfront.net\/12\/2020\/02\/Bill-Pratney-1.jpg\" alt=\"\" width=\"773\" height=\"1200\" srcset=\"https:\/\/d2p6e6u75xmxt8.cloudfront.net\/12\/2020\/02\/Bill-Pratney-1.jpg 773w, https:\/\/d2p6e6u75xmxt8.cloudfront.net\/12\/2020\/02\/Bill-Pratney-1-193x300.jpg 193w, https:\/\/d2p6e6u75xmxt8.cloudfront.net\/12\/2020\/02\/Bill-Pratney-1-768x1192.jpg 768w, https:\/\/d2p6e6u75xmxt8.cloudfront.net\/12\/2020\/02\/Bill-Pratney-1-660x1024.jpg 660w\" sizes=\"auto, (max-width: 773px) 100vw, 773px\" \/><\/p>\n<p>Az ifj\u00fa \u201evasember\u201d (ahogy bec\u00e9zt\u00e9k) karrierje 1926-ban indult, m\u00e9ghozz\u00e1 igen intenz\u00edven. 1930-ban egy aucklandi versenyen borzalmas balesetet szenvedett. A szerencs\u00e9tlens\u00e9g m\u00e1sik r\u00e9sztvev\u0151je azonnal meghalt. Bill szint\u00e9n \u00e9lettelennek t\u0171nt, \u00edgy otthagyt\u00e1k az utc\u00e1n. Szerencs\u00e9j\u00e9re n\u00e9h\u00e1ny \u00f3r\u00e1val k\u00e9s\u0151bb egy j\u00e1r\u00f3kel\u0151 \u00e9szrevette, hogy megr\u00e1ndul a keze, \u00edgy v\u00e9g\u00fcl k\u00f3rh\u00e1zba ker\u00fclt.<\/p>\n<p>H\u00e1rom napig k\u00f3m\u00e1ban volt, de t\u00fal\u00e9lte. A k\u00f3rh\u00e1zban senki nem j\u00f3solt neki semmi b\u00edztat\u00f3t a bicikliz\u00e9ssel kapcsolatban. Csod\u00e1val hat\u00e1ros m\u00f3don h\u00e1rom h\u00e9t alatt fel\u00e9p\u00fclt, \u00e9s az \u00daj-z\u00e9landiak visszakapt\u00e1k ker\u00e9kp\u00e1ros szuperh\u0151s\u00fcket, jobb form\u00e1ban, mint valaha. Pratney innent\u0151l kezdve mindent vitt, az \u00f6sszes versenyt megnyerte, eg\u00e9szen a 200 km-es t\u00e1vig. Ez a szok\u00e1sa ragasztotta r\u00e1 a \u201eBye Bye Bill\u201d (Viszl\u00e1t, Bill!) becenevet. Az utols\u00f3 szakaszos sprintjei legend\u00e1sak lettek.<\/p>\n<figure id=\"attachment_6805\" aria-describedby=\"caption-attachment-6805\" style=\"width: 660px\" class=\"wp-caption alignnone\"><img loading=\"lazy\" decoding=\"async\" class=\"wp-image-6805 size-full\" src=\"https:\/\/d2p6e6u75xmxt8.cloudfront.net\/12\/2020\/02\/Bill-Pratney.jpg\" alt=\"\" width=\"660\" height=\"479\" srcset=\"https:\/\/d2p6e6u75xmxt8.cloudfront.net\/12\/2020\/02\/Bill-Pratney.jpg 660w, https:\/\/d2p6e6u75xmxt8.cloudfront.net\/12\/2020\/02\/Bill-Pratney-300x218.jpg 300w\" sizes=\"auto, (max-width: 660px) 100vw, 660px\" \/><figcaption id=\"caption-attachment-6805\" class=\"wp-caption-text\"><em>Bill Warwick Dalton ellen versenyez, 1982.<\/em><\/figcaption><\/figure>\n<p>1937-ben legy\u0151zte a h\u00edres Harry Watsont, \u00daj-Z\u00e9land els\u0151 Tour de France-indul\u00f3j\u00e1t. 45 \u00e9vesen megnyerte a Timaru-Christchurch szakaszon zajl\u00f3 versenyt. Ugyanebben az \u00e9vben r\u00e9szt vett egy 6 napos versenyen \u00e9s megf\u0171szerezte teljes\u00edtm\u00e9ny\u00e9t egy 12 \u00f3r\u00e1s szakasszal, mivel egyik csapatt\u00e1rsa s\u00e9r\u00fcl\u00e9se miatt nem tudott r\u00e9szt venni az esem\u00e9nyen.<\/p>\n<p>47 \u00e9vesen vonult nyugd\u00edjba. Majdnem negyven \u00e9vvel k\u00e9s\u0151bb \u00fagy d\u00f6nt\u00f6tt, ideje visszat\u00e9rnie. \u00c9s \u00edgy is tett. 1991-ben Bill Pratney regisztr\u00e1lt az ausztr\u00e1liai Masters Games-re. N\u00e9h\u00e1ny h\u00f3nap edz\u00e9s ut\u00e1n ism\u00e9t elhozta az aranyat, negyven \u00e9vvel fiatalabb riv\u00e1lisai orra el\u0151l. Illetve nem hozta el, ugyanis nem \u0151 lett a hivatalos nyertes: 83 \u00e9v volt a j\u00e1t\u00e9k fels\u0151 korhat\u00e1ra.<\/p>\n<p>Bill utols\u00f3 nagy verseny\u00e9re 86 \u00e9ves kor\u00e1ban ker\u00fclt sor. Hat \u00e9vvel k\u00e9s\u0151bb elk\u00f6lt\u00f6z\u00f6tt a ker\u00e9kp\u00e1rosok mennyorsz\u00e1g\u00e1ba, ahol biztosan az\u00f3ta is azokon nevet, akik negyven \u00e9vesen ki\u00f6regednek a szakm\u00e1b\u00f3l.<\/p>\n","protected":false},"excerpt":{"rendered":"<p>Tizenh\u00e9t \u00e9vesen kezdte ker\u00e9kp\u00e1ros karrierj\u00e9t, ami egy \u00e9vtizeden \u00e1t tartott. Ez a hihetetlen alak alapozta meg \u00daj-Z\u00e9land biciklis t\u00f6rt\u00e9nelm\u00e9t, m\u00e9gsem [&hellip;]<\/p>\n","protected":false},"author":71,"featured_media":6807,"comment_status":"open","ping_status":"open","sticky":false,"template":"","format":"standard","meta":{"footnotes":""},"categories":[8],"tags":[],"global-categories":[],"class_list":["post-6803","post","type-post","status-publish","format-standard","has-post-thumbnail","hentry","category-orszaguti-kerekpar"],"yoast_head":"<!-- This site is optimized with the Yoast SEO Premium plugin v25.3 (Yoast SEO v25.9) - https:\/\/yoast.com\/wordpress\/plugins\/seo\/ -->\n<title>A bajnok, aki a hal\u00e1lb\u00f3l t\u00e9rt vissza - \u0160koda We Love Cycling - Magyarorsz\u00e1g<\/title>\n<meta name=\"robots\" content=\"index, follow, max-snippet:-1, max-image-preview:large, max-video-preview:-1\" \/>\n<link rel=\"canonical\" href=\"https:\/\/www.welovecycling.com\/hu\/orszaguti-kerekpar\/a-bajnok-aki-a-halalbol-tert-vissza\/\" \/>\n<meta property=\"og:locale\" content=\"hu_HU\" \/>\n<meta property=\"og:type\" content=\"article\" \/>\n<meta property=\"og:title\" content=\"A bajnok, aki a hal\u00e1lb\u00f3l t\u00e9rt vissza\" \/>\n<meta property=\"og:description\" content=\"Tizenh\u00e9t \u00e9vesen kezdte ker\u00e9kp\u00e1ros karrierj\u00e9t, ami egy \u00e9vtizeden \u00e1t tartott. Ez a hihetetlen alak alapozta meg \u00daj-Z\u00e9land biciklis t\u00f6rt\u00e9nelm\u00e9t, m\u00e9gsem [&hellip;]\" \/>\n<meta property=\"og:url\" content=\"https:\/\/www.welovecycling.com\/hu\/orszaguti-kerekpar\/a-bajnok-aki-a-halalbol-tert-vissza\/\" \/>\n<meta property=\"og:site_name\" content=\"\u0160koda We Love Cycling - Magyarorsz\u00e1g\" \/>\n<meta property=\"article:publisher\" content=\"https:\/\/www.facebook.com\/WeLoveCyclingHungary\/\" \/>\n<meta property=\"article:published_time\" content=\"2020-02-15T15:00:09+00:00\" \/>\n<meta property=\"og:image\" content=\"https:\/\/d2p6e6u75xmxt8.cloudfront.net\/12\/2020\/02\/Bill-Pratney-CVR.jpg\" \/>\n\t<meta property=\"og:image:width\" content=\"1366\" \/>\n\t<meta property=\"og:image:height\" content=\"600\" \/>\n\t<meta property=\"og:image:type\" content=\"image\/jpeg\" \/>\n<meta name=\"author\" content=\"hegyizs\" \/>\n<meta name=\"twitter:card\" content=\"summary_large_image\" \/>\n<meta name=\"twitter:label1\" content=\"Written by\" \/>\n\t<meta name=\"twitter:data1\" content=\"Tereza Antonova\" \/>\n\t<meta name=\"twitter:label2\" content=\"Est. reading time\" \/>\n\t<meta name=\"twitter:data2\" content=\"6\" \/>\n<script type=\"application\/ld+json\" class=\"yoast-schema-graph\">{\"@context\":\"https:\/\/schema.org\",\"@graph\":[{\"@type\":\"WebPage\",\"@id\":\"https:\/\/www.welovecycling.com\/hu\/orszaguti-kerekpar\/a-bajnok-aki-a-halalbol-tert-vissza\/\",\"url\":\"https:\/\/www.welovecycling.com\/hu\/orszaguti-kerekpar\/a-bajnok-aki-a-halalbol-tert-vissza\/\",\"name\":\"A bajnok, aki a hal\u00e1lb\u00f3l t\u00e9rt vissza - \u0160koda We Love Cycling - Magyarorsz\u00e1g\",\"isPartOf\":{\"@id\":\"https:\/\/www.welovecycling.com\/hu\/#website\"},\"primaryImageOfPage\":{\"@id\":\"https:\/\/www.welovecycling.com\/hu\/orszaguti-kerekpar\/a-bajnok-aki-a-halalbol-tert-vissza\/#primaryimage\"},\"image\":{\"@id\":\"https:\/\/www.welovecycling.com\/hu\/orszaguti-kerekpar\/a-bajnok-aki-a-halalbol-tert-vissza\/#primaryimage\"},\"thumbnailUrl\":\"https:\/\/d2p6e6u75xmxt8.cloudfront.net\/12\/2020\/02\/Bill-Pratney-CVR.jpg\",\"datePublished\":\"2020-02-15T15:00:09+00:00\",\"author\":{\"@id\":\"https:\/\/www.welovecycling.com\/hu\/#\/schema\/person\/414a2aebf1801691a5320edb6468e194\"},\"breadcrumb\":{\"@id\":\"https:\/\/www.welovecycling.com\/hu\/orszaguti-kerekpar\/a-bajnok-aki-a-halalbol-tert-vissza\/#breadcrumb\"},\"inLanguage\":\"hu\",\"potentialAction\":[{\"@type\":\"ReadAction\",\"target\":[\"https:\/\/www.welovecycling.com\/hu\/orszaguti-kerekpar\/a-bajnok-aki-a-halalbol-tert-vissza\/\"]}]},{\"@type\":\"ImageObject\",\"inLanguage\":\"hu\",\"@id\":\"https:\/\/www.welovecycling.com\/hu\/orszaguti-kerekpar\/a-bajnok-aki-a-halalbol-tert-vissza\/#primaryimage\",\"url\":\"https:\/\/d2p6e6u75xmxt8.cloudfront.net\/12\/2020\/02\/Bill-Pratney-CVR.jpg\",\"contentUrl\":\"https:\/\/d2p6e6u75xmxt8.cloudfront.net\/12\/2020\/02\/Bill-Pratney-CVR.jpg\",\"width\":1366,\"height\":600},{\"@type\":\"BreadcrumbList\",\"@id\":\"https:\/\/www.welovecycling.com\/hu\/orszaguti-kerekpar\/a-bajnok-aki-a-halalbol-tert-vissza\/#breadcrumb\",\"itemListElement\":[{\"@type\":\"ListItem\",\"position\":1,\"name\":\"Home\",\"item\":\"https:\/\/www.welovecycling.com\/hu\/\"},{\"@type\":\"ListItem\",\"position\":2,\"name\":\"A bajnok, aki a hal\u00e1lb\u00f3l t\u00e9rt vissza\"}]},{\"@type\":\"WebSite\",\"@id\":\"https:\/\/www.welovecycling.com\/hu\/#website\",\"url\":\"https:\/\/www.welovecycling.com\/hu\/\",\"name\":\"\u0160koda We Love Cycling - Magyarorsz\u00e1g\",\"description\":\"\u0160koda WeLoveCycling\",\"potentialAction\":[{\"@type\":\"SearchAction\",\"target\":{\"@type\":\"EntryPoint\",\"urlTemplate\":\"https:\/\/www.welovecycling.com\/hu\/?s={search_term_string}\"},\"query-input\":{\"@type\":\"PropertyValueSpecification\",\"valueRequired\":true,\"valueName\":\"search_term_string\"}}],\"inLanguage\":\"hu\"},{\"@type\":\"Person\",\"@id\":\"https:\/\/www.welovecycling.com\/hu\/#\/schema\/person\/414a2aebf1801691a5320edb6468e194\",\"name\":\"hegyizs\",\"image\":{\"@type\":\"ImageObject\",\"inLanguage\":\"hu\",\"@id\":\"https:\/\/www.welovecycling.com\/hu\/#\/schema\/person\/image\/\",\"url\":\"https:\/\/secure.gravatar.com\/avatar\/02cf8a7906b8cf90cecb4679defac7cfd33a1c2e3b88e4903d947f3bb58eedd3?s=96&d=mm&r=g\",\"contentUrl\":\"https:\/\/secure.gravatar.com\/avatar\/02cf8a7906b8cf90cecb4679defac7cfd33a1c2e3b88e4903d947f3bb58eedd3?s=96&d=mm&r=g\",\"caption\":\"hegyizs\"},\"url\":\"https:\/\/www.welovecycling.com\/hu\/author\/hegyizs\/\"}]}<\/script>\n<!-- \/ Yoast SEO Premium plugin. -->","yoast_head_json":{"title":"A bajnok, aki a hal\u00e1lb\u00f3l t\u00e9rt vissza - \u0160koda We Love Cycling - Magyarorsz\u00e1g","robots":{"index":"index","follow":"follow","max-snippet":"max-snippet:-1","max-image-preview":"max-image-preview:large","max-video-preview":"max-video-preview:-1"},"canonical":"https:\/\/www.welovecycling.com\/hu\/orszaguti-kerekpar\/a-bajnok-aki-a-halalbol-tert-vissza\/","og_locale":"hu_HU","og_type":"article","og_title":"A bajnok, aki a hal\u00e1lb\u00f3l t\u00e9rt vissza","og_description":"Tizenh\u00e9t \u00e9vesen kezdte ker\u00e9kp\u00e1ros karrierj\u00e9t, ami egy \u00e9vtizeden \u00e1t tartott. Ez a hihetetlen alak alapozta meg \u00daj-Z\u00e9land biciklis t\u00f6rt\u00e9nelm\u00e9t, m\u00e9gsem [&hellip;]","og_url":"https:\/\/www.welovecycling.com\/hu\/orszaguti-kerekpar\/a-bajnok-aki-a-halalbol-tert-vissza\/","og_site_name":"\u0160koda We Love Cycling - Magyarorsz\u00e1g","article_publisher":"https:\/\/www.facebook.com\/WeLoveCyclingHungary\/","article_published_time":"2020-02-15T15:00:09+00:00","og_image":[{"width":1366,"height":600,"url":"https:\/\/d2p6e6u75xmxt8.cloudfront.net\/12\/2020\/02\/Bill-Pratney-CVR.jpg","type":"image\/jpeg"}],"author":"hegyizs","twitter_card":"summary_large_image","twitter_misc":{"Written by":"Tereza Antonova","Est. reading time":"6"},"schema":{"@context":"https:\/\/schema.org","@graph":[{"@type":"WebPage","@id":"https:\/\/www.welovecycling.com\/hu\/orszaguti-kerekpar\/a-bajnok-aki-a-halalbol-tert-vissza\/","url":"https:\/\/www.welovecycling.com\/hu\/orszaguti-kerekpar\/a-bajnok-aki-a-halalbol-tert-vissza\/","name":"A bajnok, aki a hal\u00e1lb\u00f3l t\u00e9rt vissza - \u0160koda We Love Cycling - Magyarorsz\u00e1g","isPartOf":{"@id":"https:\/\/www.welovecycling.com\/hu\/#website"},"primaryImageOfPage":{"@id":"https:\/\/www.welovecycling.com\/hu\/orszaguti-kerekpar\/a-bajnok-aki-a-halalbol-tert-vissza\/#primaryimage"},"image":{"@id":"https:\/\/www.welovecycling.com\/hu\/orszaguti-kerekpar\/a-bajnok-aki-a-halalbol-tert-vissza\/#primaryimage"},"thumbnailUrl":"https:\/\/d2p6e6u75xmxt8.cloudfront.net\/12\/2020\/02\/Bill-Pratney-CVR.jpg","datePublished":"2020-02-15T15:00:09+00:00","author":{"@id":"https:\/\/www.welovecycling.com\/hu\/#\/schema\/person\/414a2aebf1801691a5320edb6468e194"},"breadcrumb":{"@id":"https:\/\/www.welovecycling.com\/hu\/orszaguti-kerekpar\/a-bajnok-aki-a-halalbol-tert-vissza\/#breadcrumb"},"inLanguage":"hu","potentialAction":[{"@type":"ReadAction","target":["https:\/\/www.welovecycling.com\/hu\/orszaguti-kerekpar\/a-bajnok-aki-a-halalbol-tert-vissza\/"]}]},{"@type":"ImageObject","inLanguage":"hu","@id":"https:\/\/www.welovecycling.com\/hu\/orszaguti-kerekpar\/a-bajnok-aki-a-halalbol-tert-vissza\/#primaryimage","url":"https:\/\/d2p6e6u75xmxt8.cloudfront.net\/12\/2020\/02\/Bill-Pratney-CVR.jpg","contentUrl":"https:\/\/d2p6e6u75xmxt8.cloudfront.net\/12\/2020\/02\/Bill-Pratney-CVR.jpg","width":1366,"height":600},{"@type":"BreadcrumbList","@id":"https:\/\/www.welovecycling.com\/hu\/orszaguti-kerekpar\/a-bajnok-aki-a-halalbol-tert-vissza\/#breadcrumb","itemListElement":[{"@type":"ListItem","position":1,"name":"Home","item":"https:\/\/www.welovecycling.com\/hu\/"},{"@type":"ListItem","position":2,"name":"A bajnok, aki a hal\u00e1lb\u00f3l t\u00e9rt vissza"}]},{"@type":"WebSite","@id":"https:\/\/www.welovecycling.com\/hu\/#website","url":"https:\/\/www.welovecycling.com\/hu\/","name":"\u0160koda We Love Cycling - Magyarorsz\u00e1g","description":"\u0160koda WeLoveCycling","potentialAction":[{"@type":"SearchAction","target":{"@type":"EntryPoint","urlTemplate":"https:\/\/www.welovecycling.com\/hu\/?s={search_term_string}"},"query-input":{"@type":"PropertyValueSpecification","valueRequired":true,"valueName":"search_term_string"}}],"inLanguage":"hu"},{"@type":"Person","@id":"https:\/\/www.welovecycling.com\/hu\/#\/schema\/person\/414a2aebf1801691a5320edb6468e194","name":"hegyizs","image":{"@type":"ImageObject","inLanguage":"hu","@id":"https:\/\/www.welovecycling.com\/hu\/#\/schema\/person\/image\/","url":"https:\/\/secure.gravatar.com\/avatar\/02cf8a7906b8cf90cecb4679defac7cfd33a1c2e3b88e4903d947f3bb58eedd3?s=96&d=mm&r=g","contentUrl":"https:\/\/secure.gravatar.com\/avatar\/02cf8a7906b8cf90cecb4679defac7cfd33a1c2e3b88e4903d947f3bb58eedd3?s=96&d=mm&r=g","caption":"hegyizs"},"url":"https:\/\/www.welovecycling.com\/hu\/author\/hegyizs\/"}]}},"_links":{"self":[{"href":"https:\/\/www.welovecycling.com\/hu\/wp-json\/wp\/v2\/posts\/6803","targetHints":{"allow":["GET"]}}],"collection":[{"href":"https:\/\/www.welovecycling.com\/hu\/wp-json\/wp\/v2\/posts"}],"about":[{"href":"https:\/\/www.welovecycling.com\/hu\/wp-json\/wp\/v2\/types\/post"}],"author":[{"embeddable":true,"href":"https:\/\/www.welovecycling.com\/hu\/wp-json\/wp\/v2\/users\/71"}],"replies":[{"embeddable":true,"href":"https:\/\/www.welovecycling.com\/hu\/wp-json\/wp\/v2\/comments?post=6803"}],"version-history":[{"count":2,"href":"https:\/\/www.welovecycling.com\/hu\/wp-json\/wp\/v2\/posts\/6803\/revisions"}],"predecessor-version":[{"id":6818,"href":"https:\/\/www.welovecycling.com\/hu\/wp-json\/wp\/v2\/posts\/6803\/revisions\/6818"}],"wp:featuredmedia":[{"embeddable":true,"href":"https:\/\/www.welovecycling.com\/hu\/wp-json\/wp\/v2\/media\/6807"}],"wp:attachment":[{"href":"https:\/\/www.welovecycling.com\/hu\/wp-json\/wp\/v2\/media?parent=6803"}],"wp:term":[{"taxonomy":"category","embeddable":true,"href":"https:\/\/www.welovecycling.com\/hu\/wp-json\/wp\/v2\/categories?post=6803"},{"taxonomy":"post_tag","embeddable":true,"href":"https:\/\/www.welovecycling.com\/hu\/wp-json\/wp\/v2\/tags?post=6803"},{"taxonomy":"global-categories","embeddable":true,"href":"https:\/\/www.welovecycling.com\/hu\/wp-json\/wp\/v2\/global-categories?post=6803"}],"curies":[{"name":"wp","href":"https:\/\/api.w.org\/{rel}","templated":true}]}}