{"id":6797,"date":"2020-02-15T08:00:39","date_gmt":"2020-02-15T07:00:39","guid":{"rendered":"https:\/\/www.welovecycling.com\/hu\/?p=6797"},"modified":"2020-02-11T14:43:42","modified_gmt":"2020-02-11T13:43:42","slug":"miert-jo-a-periodikus-dieta-a-bringasoknak","status":"publish","type":"post","link":"https:\/\/www.welovecycling.com\/hu\/edzes-es-eletmod\/miert-jo-a-periodikus-dieta-a-bringasoknak\/","title":{"rendered":"Mi\u00e9rt j\u00f3 a periodikus di\u00e9ta a bring\u00e1soknak?"},"content":{"rendered":"<p><strong>Azt mindenki tudja, hogy a l\u00e1bizmaid er\u0151s\u00edt\u00e9se fejleszti a teljes\u00edtm\u00e9nyed. Amit viszont sokszor elfelejt\u00fcnk, az az, hogy az \u00e9trend\u00fcnk is befoly\u00e1solja, hogy mennyire effekt\u00edv az edz\u00e9s, hogyan tudnak be\u00e9p\u00fclni p\u00e9ld\u00e1ul a feh\u00e9rj\u00e9k az izmaidba. A periodikus di\u00e9ta seg\u00edt, hogy maximaliz\u00e1ld a hat\u00e9konys\u00e1got, mik\u00f6zben megtartod a s\u00falyod. Hogy mif\u00e9le var\u00e1zslat ez? Mutatjuk.<\/strong><br \/>\n<!--more--><\/p>\n<h2><strong>Mi az a periodikus di\u00e9ta?<\/strong><\/h2>\n<p>Sajnos erre nincs egys\u00e9gesen elfogadott defin\u00edci\u00f3. Minden szak\u00e9rt\u0151 \u00e9s tan\u00e1csad\u00f3 m\u00e1shogy hat\u00e1rozza meg. \u00c1ltal\u00e1noss\u00e1gban a megfelel\u0151 t\u00e1panyagbevitelt jelenti a megfelel\u0151 edz\u00e9si peri\u00f3dusokban. Ez lehet olyan egyszer\u0171 is, hogy kevesebbet eszel off-szezonban, hogy megakad\u00e1lyozd a kil\u00f3k felk\u00fasz\u00e1s\u00e1t, vagy t\u00f6bb kal\u00f3ri\u00e1t viszel be egy verseny el\u0151tt, hogy maximaliz\u00e1ld a teljes\u00edtm\u00e9nyedet. Nagyon sz\u00e9les a sk\u00e1la, hiszen sz\u00e1mos megk\u00f6zel\u00edt\u00e9s l\u00e9tezik, ha az \u00e9tkez\u00e9sr\u0151l van sz\u00f3. Megpr\u00f3b\u00e1ljuk \u00f6sszefoglalni, mit jelent teh\u00e1t a periodikus di\u00e9ta \u00e9s hogyan \u00e9p\u00edtheted be az edz\u00e9stervedbe.<\/p>\n<p><img loading=\"lazy\" decoding=\"async\" class=\"alignnone size-full wp-image-6798\" src=\"https:\/\/d2p6e6u75xmxt8.cloudfront.net\/12\/2020\/02\/marathon-bike-gif-food-2358803.gif\" alt=\"\" width=\"408\" height=\"229\" \/><\/p>\n<h2><strong>Mi\u00e9rt is fontos ez?<\/strong><\/h2>\n<p>Kutat\u00e1sok kimutatt\u00e1k, hogy a sz\u00e9nhidr\u00e1t- \u00e9s a kal\u00f3riabevitel szab\u00e1lyoz\u00e1s\u00e1nak fiziol\u00f3giai hat\u00e1sai vannak. Egyre t\u00f6bb \u00e9s t\u00f6bb tanulm\u00e1ny t\u00e1masztja ezt al\u00e1. \u00cdme n\u00e9h\u00e1ny p\u00e9lda, ami megmutatja, mennyire fontos figyelembe venni a peri\u00f3dusokat.<\/p>\n<p><em>\u201eA peri\u00f3dikus er\u0151nl\u00e9ti edz\u00e9sek cs\u00f6kkentett sz\u00e9nhidr\u00e1tbevitellel kombin\u00e1lva szab\u00e1lyozz\u00e1k egyes sejtjeink aktivit\u00e1s\u00e1t, befoly\u00e1solj\u00e1k az izmok adapt\u00e1ci\u00f3s k\u00e9pess\u00e9g\u00e9t, \u00e9s fejlesztik a teljes\u00edt\u0151k\u00e9pess\u00e9get.\u201d<\/em> \u2013 Impey (2018).<\/p>\n<p><em>\u201eA versenyz\u0151k szeretn\u00e9k befoly\u00e1solni, hogy szervezet\u00fck mennyi sz\u00e9nhidr\u00e1tot haszn\u00e1ljon fel egy edz\u00e9s el\u0151tt, k\u00f6zben \u00e9s ut\u00e1n, \u00edgy alakul ki egy hossz\u00fa t\u00e1v\u00fa periodikus edz\u00e9s-t\u00e1pl\u00e1lkoz\u00e1s terv, ami hat\u00e9konyabb\u00e1 teszi az edz\u00e9seket \u00e9s jav\u00edtja az er\u0151nl\u00e9ti teljes\u00edtm\u00e9nyt.\u201d<\/em> Hawley \u00e9s Burke (2010).<\/p>\n<figure id=\"attachment_6799\" aria-describedby=\"caption-attachment-6799\" style=\"width: 1249px\" class=\"wp-caption alignnone\"><img loading=\"lazy\" decoding=\"async\" class=\"wp-image-6799 size-full\" src=\"https:\/\/d2p6e6u75xmxt8.cloudfront.net\/12\/2020\/02\/profimedia-0088228831-2.jpg\" alt=\"\" width=\"1249\" height=\"830\" srcset=\"https:\/\/d2p6e6u75xmxt8.cloudfront.net\/12\/2020\/02\/profimedia-0088228831-2.jpg 1249w, https:\/\/d2p6e6u75xmxt8.cloudfront.net\/12\/2020\/02\/profimedia-0088228831-2-300x199.jpg 300w, https:\/\/d2p6e6u75xmxt8.cloudfront.net\/12\/2020\/02\/profimedia-0088228831-2-768x510.jpg 768w, https:\/\/d2p6e6u75xmxt8.cloudfront.net\/12\/2020\/02\/profimedia-0088228831-2-1024x680.jpg 1024w, https:\/\/d2p6e6u75xmxt8.cloudfront.net\/12\/2020\/02\/profimedia-0088228831-2-272x182.jpg 272w\" sizes=\"auto, (max-width: 1249px) 100vw, 1249px\" \/><figcaption id=\"caption-attachment-6799\" class=\"wp-caption-text\">\u00a9 Profimedia<\/figcaption><\/figure>\n<p><em>\u201eA t\u00e1panyagbevitel periodiz\u00e1l\u00e1s\u00e1val k\u00f6nnyebben \u00e9rhetj\u00fck el egy\u00e9ni c\u00e9ljainkat, edz\u00e9si szint\u00fcnknek \u00e9s az adott szezon sz\u00fcks\u00e9gleteinek megfelel\u0151en.\u201d<\/em> \u2013 Mujika \u00e9s tsai. (2014).<\/p>\n<h2><strong>A periodikus t\u00e1pl\u00e1lkoz\u00e1s form\u00e1i<\/strong><\/h2>\n<p>Ak\u00e1rcsak edz\u00e9s eset\u00e9n, a t\u00e1pl\u00e1lkoz\u00e1sn\u00e1l is l\u00e9trehozhatunk makrociklusokat, mezociklusokat \u00e9s mikrociklusokat. P\u00e9ld\u00e1ul, ha a makro megk\u00f6zel\u00edt\u00e9st n\u00e9zz\u00fck, a sz\u00e9nhidr\u00e1t-bevitel j\u00f3val magasabb lehet szezon alatt az intenz\u00edv edz\u00e9sek idej\u00e9n, mint szezon el\u0151tt, amikor a test \u00e1tform\u00e1l\u00e1sa a c\u00e9l. Az ilyen, teljes k\u00e9pet \u00e1tform\u00e1l\u00f3 gondolkod\u00e1sm\u00f3d igen elterjedt. Ami kev\u00e9sb\u00e9 haszn\u00e1latos az a mikrociklusos megk\u00f6zel\u00edt\u00e9s, ami napr\u00f3l napra, s\u0151t, edz\u00e9sr\u0151l edz\u00e9sre tervez.<\/p>\n<p>Ezek a mikrov\u00e1ltoztat\u00e1sok a kev\u00e9sb\u00e9 megterhel\u0151 edz\u00e9sekb\u0151l h\u00faznak hasznot az intenz\u00edvebb gyakorlatok jav\u00e1ra. \u00dagy is mondhatn\u00e1nk, hogy mindig az adott munk\u00e1hoz sz\u00fcks\u00e9ges \u00fczemanyag-mennyis\u00e9get vissz\u00fck be (Samuel Impey \u00e9s James Morton, 2018).<\/p>\n<p><img loading=\"lazy\" decoding=\"async\" class=\"alignnone size-full wp-image-6800\" src=\"https:\/\/d2p6e6u75xmxt8.cloudfront.net\/12\/2020\/02\/workout-training-pexels-841131.jpg\" alt=\"\" width=\"1280\" height=\"853\" srcset=\"https:\/\/d2p6e6u75xmxt8.cloudfront.net\/12\/2020\/02\/workout-training-pexels-841131.jpg 1280w, https:\/\/d2p6e6u75xmxt8.cloudfront.net\/12\/2020\/02\/workout-training-pexels-841131-300x200.jpg 300w, https:\/\/d2p6e6u75xmxt8.cloudfront.net\/12\/2020\/02\/workout-training-pexels-841131-768x512.jpg 768w, https:\/\/d2p6e6u75xmxt8.cloudfront.net\/12\/2020\/02\/workout-training-pexels-841131-1024x682.jpg 1024w, https:\/\/d2p6e6u75xmxt8.cloudfront.net\/12\/2020\/02\/workout-training-pexels-841131-272x182.jpg 272w\" sizes=\"auto, (max-width: 1280px) 100vw, 1280px\" \/><\/p>\n<p>Az eml\u00edtett kutat\u00e1sok alapj\u00e1n teh\u00e1t a di\u00e9ta tervezhet\u0151 hetekre, vagy ak\u00e1r napokra is. Az, hogy melyik megk\u00f6zel\u00edt\u00e9st kell alkalmaznod, azon is m\u00falik, hogy mennyit alszol, h\u00e1nyszor edzel naponta \u00e9s mi a c\u00e9lod. Ha pedig versenyre k\u00e9sz\u00fclsz, az megint egy k\u00fcl\u00f6n t\u00e9ma, itt a felk\u00e9sz\u00fcl\u00e9st\u0151l a verseny napj\u00e1ig mindent el kell tervezned. Persze egy szak\u00e9rt\u0151 seg\u00edts\u00e9g\u00e9vel.<\/p>\n","protected":false},"excerpt":{"rendered":"<p>Azt mindenki tudja, hogy a l\u00e1bizmaid er\u0151s\u00edt\u00e9se fejleszti a teljes\u00edtm\u00e9nyed. Amit viszont sokszor elfelejt\u00fcnk, az az, hogy az \u00e9trend\u00fcnk is [&hellip;]<\/p>\n","protected":false},"author":71,"featured_media":6802,"comment_status":"open","ping_status":"open","sticky":false,"template":"","format":"standard","meta":{"footnotes":""},"categories":[6],"tags":[],"global-categories":[],"class_list":["post-6797","post","type-post","status-publish","format-standard","has-post-thumbnail","hentry","category-edzes-es-eletmod"],"yoast_head":"<!-- This site is optimized with the Yoast SEO Premium plugin v25.3 (Yoast SEO v25.9) - https:\/\/yoast.com\/wordpress\/plugins\/seo\/ -->\n<title>Mi\u00e9rt j\u00f3 a periodikus di\u00e9ta a bring\u00e1soknak? - \u0160koda We Love Cycling - Magyarorsz\u00e1g<\/title>\n<meta name=\"robots\" content=\"index, follow, max-snippet:-1, max-image-preview:large, max-video-preview:-1\" \/>\n<link rel=\"canonical\" href=\"https:\/\/www.welovecycling.com\/hu\/edzes-es-eletmod\/miert-jo-a-periodikus-dieta-a-bringasoknak\/\" \/>\n<meta property=\"og:locale\" content=\"hu_HU\" \/>\n<meta property=\"og:type\" content=\"article\" \/>\n<meta property=\"og:title\" content=\"Mi\u00e9rt j\u00f3 a periodikus di\u00e9ta a bring\u00e1soknak?\" \/>\n<meta property=\"og:description\" content=\"Azt mindenki tudja, hogy a l\u00e1bizmaid er\u0151s\u00edt\u00e9se fejleszti a teljes\u00edtm\u00e9nyed. Amit viszont sokszor elfelejt\u00fcnk, az az, hogy az \u00e9trend\u00fcnk is [&hellip;]\" \/>\n<meta property=\"og:url\" content=\"https:\/\/www.welovecycling.com\/hu\/edzes-es-eletmod\/miert-jo-a-periodikus-dieta-a-bringasoknak\/\" \/>\n<meta property=\"og:site_name\" content=\"\u0160koda We Love Cycling - Magyarorsz\u00e1g\" \/>\n<meta property=\"article:publisher\" content=\"https:\/\/www.facebook.com\/WeLoveCyclingHungary\/\" \/>\n<meta property=\"article:published_time\" content=\"2020-02-15T07:00:39+00:00\" \/>\n<meta property=\"og:image\" content=\"https:\/\/d2p6e6u75xmxt8.cloudfront.net\/12\/2020\/02\/Healthy_Food-CVR.jpg\" \/>\n\t<meta property=\"og:image:width\" content=\"1366\" \/>\n\t<meta property=\"og:image:height\" content=\"600\" \/>\n\t<meta property=\"og:image:type\" content=\"image\/jpeg\" \/>\n<meta name=\"author\" content=\"hegyizs\" \/>\n<meta name=\"twitter:card\" content=\"summary_large_image\" \/>\n<meta name=\"twitter:label1\" content=\"Written by\" \/>\n\t<meta name=\"twitter:data1\" content=\"Jiri Kaloc\" \/>\n\t<meta name=\"twitter:label2\" content=\"Est. reading time\" \/>\n\t<meta name=\"twitter:data2\" content=\"5\" \/>\n<script type=\"application\/ld+json\" class=\"yoast-schema-graph\">{\"@context\":\"https:\/\/schema.org\",\"@graph\":[{\"@type\":\"WebPage\",\"@id\":\"https:\/\/www.welovecycling.com\/hu\/edzes-es-eletmod\/miert-jo-a-periodikus-dieta-a-bringasoknak\/\",\"url\":\"https:\/\/www.welovecycling.com\/hu\/edzes-es-eletmod\/miert-jo-a-periodikus-dieta-a-bringasoknak\/\",\"name\":\"Mi\u00e9rt j\u00f3 a periodikus di\u00e9ta a bring\u00e1soknak? - \u0160koda We Love Cycling - Magyarorsz\u00e1g\",\"isPartOf\":{\"@id\":\"https:\/\/www.welovecycling.com\/hu\/#website\"},\"primaryImageOfPage\":{\"@id\":\"https:\/\/www.welovecycling.com\/hu\/edzes-es-eletmod\/miert-jo-a-periodikus-dieta-a-bringasoknak\/#primaryimage\"},\"image\":{\"@id\":\"https:\/\/www.welovecycling.com\/hu\/edzes-es-eletmod\/miert-jo-a-periodikus-dieta-a-bringasoknak\/#primaryimage\"},\"thumbnailUrl\":\"https:\/\/d2p6e6u75xmxt8.cloudfront.net\/12\/2020\/02\/Healthy_Food-CVR.jpg\",\"datePublished\":\"2020-02-15T07:00:39+00:00\",\"author\":{\"@id\":\"https:\/\/www.welovecycling.com\/hu\/#\/schema\/person\/414a2aebf1801691a5320edb6468e194\"},\"breadcrumb\":{\"@id\":\"https:\/\/www.welovecycling.com\/hu\/edzes-es-eletmod\/miert-jo-a-periodikus-dieta-a-bringasoknak\/#breadcrumb\"},\"inLanguage\":\"hu\",\"potentialAction\":[{\"@type\":\"ReadAction\",\"target\":[\"https:\/\/www.welovecycling.com\/hu\/edzes-es-eletmod\/miert-jo-a-periodikus-dieta-a-bringasoknak\/\"]}]},{\"@type\":\"ImageObject\",\"inLanguage\":\"hu\",\"@id\":\"https:\/\/www.welovecycling.com\/hu\/edzes-es-eletmod\/miert-jo-a-periodikus-dieta-a-bringasoknak\/#primaryimage\",\"url\":\"https:\/\/d2p6e6u75xmxt8.cloudfront.net\/12\/2020\/02\/Healthy_Food-CVR.jpg\",\"contentUrl\":\"https:\/\/d2p6e6u75xmxt8.cloudfront.net\/12\/2020\/02\/Healthy_Food-CVR.jpg\",\"width\":1366,\"height\":600},{\"@type\":\"BreadcrumbList\",\"@id\":\"https:\/\/www.welovecycling.com\/hu\/edzes-es-eletmod\/miert-jo-a-periodikus-dieta-a-bringasoknak\/#breadcrumb\",\"itemListElement\":[{\"@type\":\"ListItem\",\"position\":1,\"name\":\"Home\",\"item\":\"https:\/\/www.welovecycling.com\/hu\/\"},{\"@type\":\"ListItem\",\"position\":2,\"name\":\"Mi\u00e9rt j\u00f3 a periodikus di\u00e9ta a bring\u00e1soknak?\"}]},{\"@type\":\"WebSite\",\"@id\":\"https:\/\/www.welovecycling.com\/hu\/#website\",\"url\":\"https:\/\/www.welovecycling.com\/hu\/\",\"name\":\"\u0160koda We Love Cycling - Magyarorsz\u00e1g\",\"description\":\"\u0160koda WeLoveCycling\",\"potentialAction\":[{\"@type\":\"SearchAction\",\"target\":{\"@type\":\"EntryPoint\",\"urlTemplate\":\"https:\/\/www.welovecycling.com\/hu\/?s={search_term_string}\"},\"query-input\":{\"@type\":\"PropertyValueSpecification\",\"valueRequired\":true,\"valueName\":\"search_term_string\"}}],\"inLanguage\":\"hu\"},{\"@type\":\"Person\",\"@id\":\"https:\/\/www.welovecycling.com\/hu\/#\/schema\/person\/414a2aebf1801691a5320edb6468e194\",\"name\":\"hegyizs\",\"image\":{\"@type\":\"ImageObject\",\"inLanguage\":\"hu\",\"@id\":\"https:\/\/www.welovecycling.com\/hu\/#\/schema\/person\/image\/\",\"url\":\"https:\/\/secure.gravatar.com\/avatar\/02cf8a7906b8cf90cecb4679defac7cfd33a1c2e3b88e4903d947f3bb58eedd3?s=96&d=mm&r=g\",\"contentUrl\":\"https:\/\/secure.gravatar.com\/avatar\/02cf8a7906b8cf90cecb4679defac7cfd33a1c2e3b88e4903d947f3bb58eedd3?s=96&d=mm&r=g\",\"caption\":\"hegyizs\"},\"url\":\"https:\/\/www.welovecycling.com\/hu\/author\/hegyizs\/\"}]}<\/script>\n<!-- \/ Yoast SEO Premium plugin. -->","yoast_head_json":{"title":"Mi\u00e9rt j\u00f3 a periodikus di\u00e9ta a bring\u00e1soknak? - \u0160koda We Love Cycling - Magyarorsz\u00e1g","robots":{"index":"index","follow":"follow","max-snippet":"max-snippet:-1","max-image-preview":"max-image-preview:large","max-video-preview":"max-video-preview:-1"},"canonical":"https:\/\/www.welovecycling.com\/hu\/edzes-es-eletmod\/miert-jo-a-periodikus-dieta-a-bringasoknak\/","og_locale":"hu_HU","og_type":"article","og_title":"Mi\u00e9rt j\u00f3 a periodikus di\u00e9ta a bring\u00e1soknak?","og_description":"Azt mindenki tudja, hogy a l\u00e1bizmaid er\u0151s\u00edt\u00e9se fejleszti a teljes\u00edtm\u00e9nyed. Amit viszont sokszor elfelejt\u00fcnk, az az, hogy az \u00e9trend\u00fcnk is [&hellip;]","og_url":"https:\/\/www.welovecycling.com\/hu\/edzes-es-eletmod\/miert-jo-a-periodikus-dieta-a-bringasoknak\/","og_site_name":"\u0160koda We Love Cycling - Magyarorsz\u00e1g","article_publisher":"https:\/\/www.facebook.com\/WeLoveCyclingHungary\/","article_published_time":"2020-02-15T07:00:39+00:00","og_image":[{"width":1366,"height":600,"url":"https:\/\/d2p6e6u75xmxt8.cloudfront.net\/12\/2020\/02\/Healthy_Food-CVR.jpg","type":"image\/jpeg"}],"author":"hegyizs","twitter_card":"summary_large_image","twitter_misc":{"Written by":"Jiri Kaloc","Est. reading time":"5"},"schema":{"@context":"https:\/\/schema.org","@graph":[{"@type":"WebPage","@id":"https:\/\/www.welovecycling.com\/hu\/edzes-es-eletmod\/miert-jo-a-periodikus-dieta-a-bringasoknak\/","url":"https:\/\/www.welovecycling.com\/hu\/edzes-es-eletmod\/miert-jo-a-periodikus-dieta-a-bringasoknak\/","name":"Mi\u00e9rt j\u00f3 a periodikus di\u00e9ta a bring\u00e1soknak? - \u0160koda We Love Cycling - Magyarorsz\u00e1g","isPartOf":{"@id":"https:\/\/www.welovecycling.com\/hu\/#website"},"primaryImageOfPage":{"@id":"https:\/\/www.welovecycling.com\/hu\/edzes-es-eletmod\/miert-jo-a-periodikus-dieta-a-bringasoknak\/#primaryimage"},"image":{"@id":"https:\/\/www.welovecycling.com\/hu\/edzes-es-eletmod\/miert-jo-a-periodikus-dieta-a-bringasoknak\/#primaryimage"},"thumbnailUrl":"https:\/\/d2p6e6u75xmxt8.cloudfront.net\/12\/2020\/02\/Healthy_Food-CVR.jpg","datePublished":"2020-02-15T07:00:39+00:00","author":{"@id":"https:\/\/www.welovecycling.com\/hu\/#\/schema\/person\/414a2aebf1801691a5320edb6468e194"},"breadcrumb":{"@id":"https:\/\/www.welovecycling.com\/hu\/edzes-es-eletmod\/miert-jo-a-periodikus-dieta-a-bringasoknak\/#breadcrumb"},"inLanguage":"hu","potentialAction":[{"@type":"ReadAction","target":["https:\/\/www.welovecycling.com\/hu\/edzes-es-eletmod\/miert-jo-a-periodikus-dieta-a-bringasoknak\/"]}]},{"@type":"ImageObject","inLanguage":"hu","@id":"https:\/\/www.welovecycling.com\/hu\/edzes-es-eletmod\/miert-jo-a-periodikus-dieta-a-bringasoknak\/#primaryimage","url":"https:\/\/d2p6e6u75xmxt8.cloudfront.net\/12\/2020\/02\/Healthy_Food-CVR.jpg","contentUrl":"https:\/\/d2p6e6u75xmxt8.cloudfront.net\/12\/2020\/02\/Healthy_Food-CVR.jpg","width":1366,"height":600},{"@type":"BreadcrumbList","@id":"https:\/\/www.welovecycling.com\/hu\/edzes-es-eletmod\/miert-jo-a-periodikus-dieta-a-bringasoknak\/#breadcrumb","itemListElement":[{"@type":"ListItem","position":1,"name":"Home","item":"https:\/\/www.welovecycling.com\/hu\/"},{"@type":"ListItem","position":2,"name":"Mi\u00e9rt j\u00f3 a periodikus di\u00e9ta a bring\u00e1soknak?"}]},{"@type":"WebSite","@id":"https:\/\/www.welovecycling.com\/hu\/#website","url":"https:\/\/www.welovecycling.com\/hu\/","name":"\u0160koda We Love Cycling - Magyarorsz\u00e1g","description":"\u0160koda WeLoveCycling","potentialAction":[{"@type":"SearchAction","target":{"@type":"EntryPoint","urlTemplate":"https:\/\/www.welovecycling.com\/hu\/?s={search_term_string}"},"query-input":{"@type":"PropertyValueSpecification","valueRequired":true,"valueName":"search_term_string"}}],"inLanguage":"hu"},{"@type":"Person","@id":"https:\/\/www.welovecycling.com\/hu\/#\/schema\/person\/414a2aebf1801691a5320edb6468e194","name":"hegyizs","image":{"@type":"ImageObject","inLanguage":"hu","@id":"https:\/\/www.welovecycling.com\/hu\/#\/schema\/person\/image\/","url":"https:\/\/secure.gravatar.com\/avatar\/02cf8a7906b8cf90cecb4679defac7cfd33a1c2e3b88e4903d947f3bb58eedd3?s=96&d=mm&r=g","contentUrl":"https:\/\/secure.gravatar.com\/avatar\/02cf8a7906b8cf90cecb4679defac7cfd33a1c2e3b88e4903d947f3bb58eedd3?s=96&d=mm&r=g","caption":"hegyizs"},"url":"https:\/\/www.welovecycling.com\/hu\/author\/hegyizs\/"}]}},"_links":{"self":[{"href":"https:\/\/www.welovecycling.com\/hu\/wp-json\/wp\/v2\/posts\/6797","targetHints":{"allow":["GET"]}}],"collection":[{"href":"https:\/\/www.welovecycling.com\/hu\/wp-json\/wp\/v2\/posts"}],"about":[{"href":"https:\/\/www.welovecycling.com\/hu\/wp-json\/wp\/v2\/types\/post"}],"author":[{"embeddable":true,"href":"https:\/\/www.welovecycling.com\/hu\/wp-json\/wp\/v2\/users\/71"}],"replies":[{"embeddable":true,"href":"https:\/\/www.welovecycling.com\/hu\/wp-json\/wp\/v2\/comments?post=6797"}],"version-history":[{"count":2,"href":"https:\/\/www.welovecycling.com\/hu\/wp-json\/wp\/v2\/posts\/6797\/revisions"}],"predecessor-version":[{"id":6817,"href":"https:\/\/www.welovecycling.com\/hu\/wp-json\/wp\/v2\/posts\/6797\/revisions\/6817"}],"wp:featuredmedia":[{"embeddable":true,"href":"https:\/\/www.welovecycling.com\/hu\/wp-json\/wp\/v2\/media\/6802"}],"wp:attachment":[{"href":"https:\/\/www.welovecycling.com\/hu\/wp-json\/wp\/v2\/media?parent=6797"}],"wp:term":[{"taxonomy":"category","embeddable":true,"href":"https:\/\/www.welovecycling.com\/hu\/wp-json\/wp\/v2\/categories?post=6797"},{"taxonomy":"post_tag","embeddable":true,"href":"https:\/\/www.welovecycling.com\/hu\/wp-json\/wp\/v2\/tags?post=6797"},{"taxonomy":"global-categories","embeddable":true,"href":"https:\/\/www.welovecycling.com\/hu\/wp-json\/wp\/v2\/global-categories?post=6797"}],"curies":[{"name":"wp","href":"https:\/\/api.w.org\/{rel}","templated":true}]}}