{"id":6791,"date":"2020-02-12T16:00:01","date_gmt":"2020-02-12T15:00:01","guid":{"rendered":"https:\/\/www.welovecycling.com\/hu\/?p=6791"},"modified":"2020-02-11T14:41:35","modified_gmt":"2020-02-11T13:41:35","slug":"az-ikonikus-whistler-train-gap-legijesztobb-pillanatai","status":"publish","type":"post","link":"https:\/\/www.welovecycling.com\/hu\/adrenalin\/az-ikonikus-whistler-train-gap-legijesztobb-pillanatai\/","title":{"rendered":"Az ikonikus Whistler Train Gap legijeszt\u0151bb pillanatai"},"content":{"rendered":"<p><strong>B\u00e1r sok bring\u00e1s bakancslist\u00e1j\u00e1n szerepel, csak n\u00e9h\u00e1ny mer\u00e9szkednek od\u00e1ig, hogy t\u00e9nyleg megpr\u00f3b\u00e1lj\u00e1k. A legut\u00f3bbi k\u00eds\u00e9rlet a szakad\u00e9k \u00e1tugrat\u00e1s\u00e1ra majdnem trag\u00e9di\u00e1ba fulladt, amikor a vakmer\u0151 biciklis lezuhant \u00e9s a k\u00f6veknek csap\u00f3dott.<\/strong><\/p>\n<p><!--more--><\/p>\n<p><em>Figyelem! A vide\u00f3 egy brut\u00e1lis baleset el\u0151tti pillanatokat jelen\u00edt meg.<\/em><\/p>\n<p>https:\/\/www.youtube.com\/watch?v=gd6TgEZstBY<\/p>\n<p>Ez teh\u00e1t a h\u00edrhedt Whistler Train Gap. A szakad\u00e9k, aminek \u00e1tugr\u00e1s\u00e1hoz igen er\u0151s elhat\u00e1roz\u00e1s kell. Ez az egyik legdurv\u00e1bb kih\u00edv\u00e1s, aminek bring\u00e1val nekimehetsz a bolyg\u00f3n. Ha el\u00e9g \u0151r\u00fclt vagy hozz\u00e1, 10 m\u00e9terrel a s\u00ednek f\u00f6l\u00f6tt tal\u00e1lhatod magad, ahogy egy sz\u00e1guld\u00f3 vonat f\u00f6l\u00f6tt rep\u00fclsz.<\/p>\n<p>Tom Walker egyike volt azoknak, akik \u00fagy d\u00f6nt\u00f6ttek szeretn\u00e9nek egy vide\u00f3t az ugr\u00e1sr\u00f3l. Sajnos, a terve nem m\u0171k\u00f6d\u00f6tt, lezuhant a szakad\u00e9kba. A borzalmas vide\u00f3t j\u00f3val k\u00e9s\u0151bb tett\u00e9k k\u00f6zz\u00e9, felfedve a baleset el\u0151tti m\u00e1sodperceket. A s\u00falyos s\u00e9r\u00fcl\u00e9sek ellen\u00e9re Tom t\u00fal\u00e9lte a sz\u00f6rny\u0171 kalandot.<\/p>\n<p><em>\u201eHihetetlen\u00fcl szerencs\u00e9s vagyok, hogy t\u00fal\u00e9ltem, \u00fcvegesre t\u00f6rt mindk\u00e9t sarkam, a combcsontom r\u00e1cs\u00faszott a t\u00e9rdcsontomra \u00e9s a s\u00edpcsontomon \u00e9s a sz\u00e1rkapocscsontomon t\u00f6rt sz\u00e9t. A m\u00e1sik t\u00e9rdem becsap\u00f3dott az arcomba \u00e9s sz\u00e9tt\u00f6rte a fels\u0151 arccsontom sok apr\u00f3 darabra, a szem\u00fcregeimet is sz\u00e9tlap\u00edtva. Amikor ott fek\u00fcdtem, t\u00e9nyleg azt gondoltam, most van v\u00e9ge\u201d<\/em> \u2013 \u00edrta Tom Instagramj\u00e1ra. Tal\u00e1n az\u00e9rt, hogy megakad\u00e1lyozzon m\u00e1s pr\u00f3b\u00e1lkoz\u00f3kat.<\/p>\n<h2><strong>Mi t\u00f6rt\u00e9nt?<\/strong><\/h2>\n<p>Ha megn\u00e9zz\u00fck a vide\u00f3t, r\u00e1j\u00f6het\u00fcnk, mi t\u00f6rt\u00e9nt<em>. \u201eVagy beleakadt a l\u00e1ba a ped\u00e1lba, vagy lecs\u00faszhatott r\u00f3la. Val\u00f3sz\u00edn\u0171leg megpr\u00f3b\u00e1lt meg\u00e1llni, de m\u00e1r nem lehetett. Ha nekifut\u00e1sb\u00f3l ugratsz, van egy pont, ahonnan nincs vissza\u00fat\u201d<\/em> \u2013 magyar\u00e1zta Roman Levy, a vancouveri ker\u00e9kp\u00e1ros, aki \u00e9vekkel ezel\u0151tt \u00e1tugrotta a szakad\u00e9kot.<\/p>\n<figure id=\"attachment_6794\" aria-describedby=\"caption-attachment-6794\" style=\"width: 800px\" class=\"wp-caption alignnone\"><img loading=\"lazy\" decoding=\"async\" class=\"size-full wp-image-6794\" src=\"https:\/\/d2p6e6u75xmxt8.cloudfront.net\/12\/2020\/02\/skautik.jpg\" alt=\"\" width=\"800\" height=\"1020\" srcset=\"https:\/\/d2p6e6u75xmxt8.cloudfront.net\/12\/2020\/02\/skautik.jpg 800w, https:\/\/d2p6e6u75xmxt8.cloudfront.net\/12\/2020\/02\/skautik-235x300.jpg 235w, https:\/\/d2p6e6u75xmxt8.cloudfront.net\/12\/2020\/02\/skautik-768x979.jpg 768w\" sizes=\"auto, (max-width: 800px) 100vw, 800px\" \/><figcaption id=\"caption-attachment-6794\" class=\"wp-caption-text\"><em>Roman \u2018Skautik\u2019 Levy ugr\u00e1s k\u00f6zben<\/em><\/figcaption><\/figure>\n<p>Mit tudunk a szakad\u00e9kr\u00f3l? A helyi Kenny Smith \u00e9p\u00edtette, aki els\u0151nek ugrotta meg, ekkor m\u00e9g a porhany\u00f3s talajr\u00f3l indulva. Amikor nyilv\u00e1noss\u00e1gra ker\u00fcltek a r\u00f3la k\u00e9sz\u00fclt fot\u00f3k, a vas\u00fati hat\u00f3s\u00e1gok majd\u2019 meg\u0151r\u00fcltek, \u00edgy v\u00e9g\u00fcl Kennynek le kellett t\u00f6r\u00f6lni a k\u00e9peket az internetr\u0151l.<\/p>\n<p>A k\u00f6vetkez\u0151 ugr\u00e1sok idej\u00e9n m\u00e1r f\u00e1b\u00f3l k\u00e9sz\u00fclt az ugrat\u00f3, \u00e9rkez\u00e9skor azonban m\u00e9g mindig \u00e9lesen balra kellett fordulni, miut\u00e1n mindk\u00e9t ker\u00e9kkel egyszerre f\u00f6ldet \u00e9rsz, hogy ne \u00fctk\u00f6zz bele a hatalmas f\u00e1ba. Azoknak, akik sz\u00e9lben ugrattak, es\u00e9ly\u00fck sem volt arra, hogy kiker\u00fclj\u00e9k a becsap\u00f3d\u00e1st.<\/p>\n<h2><strong>Milyen \u00e9rz\u00e9s megcsin\u00e1lni?<\/strong><\/h2>\n<p><em>\u201eA s\u00ednekr\u0151l feln\u00e9zve felm\u00e9red a magass\u00e1got \u00e9s azon gondolkodsz, vajon j\u00f3 \u00f6tlet-e biciklivel leugrani onnan. Fentr\u0151l m\u00e1r biztosan tudod, hogy nem az. Maga a kivitelez\u00e9s nem olyan bonyolult, sokan k\u00e9pesek lenn\u00e9nek r\u00e1 egy bringaparkban, de itt t\u00fal sok minden alakulhat rosszul, a katasztr\u00f3fa k\u00f6nnyen bek\u00f6vetkezhet. Sok comb- \u00e9s kulcscsont t\u00f6rt el odalent, amikor valaki nem hitt saj\u00e1t k\u00e9ts\u00e9geinek.\u201d<\/em><\/p>\n<p><em>\u201eAz \u00fat laposan \u00e9s sim\u00e1n kezd\u0151dik, n\u00e9gy-\u00f6t teker\u00e9s ut\u00e1n lesz kicsit s\u00fcpped\u0151sebb, itt nyugodtnak kell maradnod, megtartanod a sebess\u00e9get \u00e9s koncentr\u00e1lnod az ugr\u00e1sra. A fa ugrat\u00f3 m\u00e1sodpercekkel k\u00e9s\u0151bb t\u0171nik fel, majd a leveg\u0151ben is vagy. Nincs id\u0151d felm\u00e9rni a hatalmas m\u00e9lys\u00e9get, ez az a pillanat, amikor csak a f\u00f6ldet\u00e9r\u00e9sre kell koncentr\u00e1lnod, ami egy\u00e9bk\u00e9nt m\u00e1r kev\u00e9sb\u00e9 tr\u00fckk\u00f6s, ami\u00f3ta megjelentek a bring\u00e1sok \u00e1s\u00f3kkal \u00e9s f\u0171r\u00e9szekkel\u201d<\/em> \u2013 mes\u00e9li Roman Levy.<\/p>\n<lite-youtube videoid=bQXIG2ILqRw params=\"enablejsapi=1\" style=\"background-image: url('https:\/\/i.ytimg.com\/vi_webp\/bQXIG2ILqRw\/maxresdefault.webp');\"><\/lite-youtube>\n<p>Mark balesete ut\u00e1n, bar\u00e1tja, Roman nehezen sz\u00e1nta r\u00e1 mag\u00e1t, hogy nekiinduljon<em>. \u201eTudtam, hogy t\u00f6bben a k\u00f3rh\u00e1zban k\u00f6t\u00f6ttek ki, akik megpr\u00f3b\u00e1lt\u00e1k. Sz\u00f3val igen, feltenni a szem\u00fcveged \u00e9s felk\u00e9sz\u00fclni r\u00e1, hogy leeshetsz: nagyon ijeszt\u0151.\u201d<\/em><\/p>\n<p>A f\u00e1t m\u00e1r kiv\u00e1gt\u00e1k \u00e9s a talajt is elegyengett\u00e9k, hogy biztons\u00e1gosabb legyen az \u00e9rkez\u00e9s, \u00edgy egyre t\u00f6bben ugranak, a h\u00edres ker\u00e9kp\u00e1rosok k\u00f6z\u00fcl is: mint p\u00e9ld\u00e1ul Remy Mettailer \u00e9s Yoan Barelli.<\/p>\n<p>Tavaly ny\u00e1ron meg\u00e9rkezett az els\u0151 mozg\u00e1skorl\u00e1tozott indul\u00f3 is. A cseh Daniel Barak egy balesetben vesz\u00edtette el egyik l\u00e1b\u00e1t, amikor h\u00e1rom \u00e9ves volt, most mad\u00e1rk\u00e9nt rep\u00fclt \u00e1t a szakad\u00e9k felett, \u00faj kih\u00edv\u00e1st \u00e1ll\u00edtva fel. Ki a k\u00f6vetkez\u0151?<\/p>\n","protected":false},"excerpt":{"rendered":"<p>B\u00e1r sok bring\u00e1s bakancslist\u00e1j\u00e1n szerepel, csak n\u00e9h\u00e1ny mer\u00e9szkednek od\u00e1ig, hogy t\u00e9nyleg megpr\u00f3b\u00e1lj\u00e1k. A legut\u00f3bbi k\u00eds\u00e9rlet a szakad\u00e9k \u00e1tugrat\u00e1s\u00e1ra majdnem trag\u00e9di\u00e1ba [&hellip;]<\/p>\n","protected":false},"author":71,"featured_media":6796,"comment_status":"open","ping_status":"open","sticky":false,"template":"","format":"standard","meta":{"footnotes":""},"categories":[5],"tags":[],"global-categories":[],"class_list":["post-6791","post","type-post","status-publish","format-standard","has-post-thumbnail","hentry","category-adrenalin"],"yoast_head":"<!-- This site is optimized with the Yoast SEO Premium plugin v25.3 (Yoast SEO v25.9) - https:\/\/yoast.com\/wordpress\/plugins\/seo\/ -->\n<title>Az ikonikus Whistler Train Gap legijeszt\u0151bb pillanatai - \u0160koda We Love Cycling - Magyarorsz\u00e1g<\/title>\n<meta name=\"robots\" content=\"index, follow, max-snippet:-1, max-image-preview:large, max-video-preview:-1\" \/>\n<link rel=\"canonical\" href=\"https:\/\/www.welovecycling.com\/hu\/adrenalin\/az-ikonikus-whistler-train-gap-legijesztobb-pillanatai\/\" \/>\n<meta property=\"og:locale\" content=\"hu_HU\" \/>\n<meta property=\"og:type\" content=\"article\" \/>\n<meta property=\"og:title\" content=\"Az ikonikus Whistler Train Gap legijeszt\u0151bb pillanatai\" \/>\n<meta property=\"og:description\" content=\"B\u00e1r sok bring\u00e1s bakancslist\u00e1j\u00e1n szerepel, csak n\u00e9h\u00e1ny mer\u00e9szkednek od\u00e1ig, hogy t\u00e9nyleg megpr\u00f3b\u00e1lj\u00e1k. A legut\u00f3bbi k\u00eds\u00e9rlet a szakad\u00e9k \u00e1tugrat\u00e1s\u00e1ra majdnem trag\u00e9di\u00e1ba [&hellip;]\" \/>\n<meta property=\"og:url\" content=\"https:\/\/www.welovecycling.com\/hu\/adrenalin\/az-ikonikus-whistler-train-gap-legijesztobb-pillanatai\/\" \/>\n<meta property=\"og:site_name\" content=\"\u0160koda We Love Cycling - Magyarorsz\u00e1g\" \/>\n<meta property=\"article:publisher\" content=\"https:\/\/www.facebook.com\/WeLoveCyclingHungary\/\" \/>\n<meta property=\"article:published_time\" content=\"2020-02-12T15:00:01+00:00\" \/>\n<meta property=\"og:image\" content=\"https:\/\/d2p6e6u75xmxt8.cloudfront.net\/12\/2020\/02\/Pahyl-Whistler-CVR.jpg\" \/>\n\t<meta property=\"og:image:width\" content=\"1366\" \/>\n\t<meta property=\"og:image:height\" content=\"600\" \/>\n\t<meta property=\"og:image:type\" content=\"image\/jpeg\" \/>\n<meta name=\"author\" content=\"hegyizs\" \/>\n<meta name=\"twitter:card\" content=\"summary_large_image\" \/>\n<meta name=\"twitter:label1\" content=\"Written by\" \/>\n\t<meta name=\"twitter:data1\" content=\"Adam Marsal\" \/>\n\t<meta name=\"twitter:label2\" content=\"Est. reading time\" \/>\n\t<meta name=\"twitter:data2\" content=\"7\" \/>\n<script type=\"application\/ld+json\" class=\"yoast-schema-graph\">{\"@context\":\"https:\/\/schema.org\",\"@graph\":[{\"@type\":\"WebPage\",\"@id\":\"https:\/\/www.welovecycling.com\/hu\/adrenalin\/az-ikonikus-whistler-train-gap-legijesztobb-pillanatai\/\",\"url\":\"https:\/\/www.welovecycling.com\/hu\/adrenalin\/az-ikonikus-whistler-train-gap-legijesztobb-pillanatai\/\",\"name\":\"Az ikonikus Whistler Train Gap legijeszt\u0151bb pillanatai - \u0160koda We Love Cycling - Magyarorsz\u00e1g\",\"isPartOf\":{\"@id\":\"https:\/\/www.welovecycling.com\/hu\/#website\"},\"primaryImageOfPage\":{\"@id\":\"https:\/\/www.welovecycling.com\/hu\/adrenalin\/az-ikonikus-whistler-train-gap-legijesztobb-pillanatai\/#primaryimage\"},\"image\":{\"@id\":\"https:\/\/www.welovecycling.com\/hu\/adrenalin\/az-ikonikus-whistler-train-gap-legijesztobb-pillanatai\/#primaryimage\"},\"thumbnailUrl\":\"https:\/\/d2p6e6u75xmxt8.cloudfront.net\/12\/2020\/02\/Pahyl-Whistler-CVR.jpg\",\"datePublished\":\"2020-02-12T15:00:01+00:00\",\"author\":{\"@id\":\"https:\/\/www.welovecycling.com\/hu\/#\/schema\/person\/414a2aebf1801691a5320edb6468e194\"},\"breadcrumb\":{\"@id\":\"https:\/\/www.welovecycling.com\/hu\/adrenalin\/az-ikonikus-whistler-train-gap-legijesztobb-pillanatai\/#breadcrumb\"},\"inLanguage\":\"hu\",\"potentialAction\":[{\"@type\":\"ReadAction\",\"target\":[\"https:\/\/www.welovecycling.com\/hu\/adrenalin\/az-ikonikus-whistler-train-gap-legijesztobb-pillanatai\/\"]}]},{\"@type\":\"ImageObject\",\"inLanguage\":\"hu\",\"@id\":\"https:\/\/www.welovecycling.com\/hu\/adrenalin\/az-ikonikus-whistler-train-gap-legijesztobb-pillanatai\/#primaryimage\",\"url\":\"https:\/\/d2p6e6u75xmxt8.cloudfront.net\/12\/2020\/02\/Pahyl-Whistler-CVR.jpg\",\"contentUrl\":\"https:\/\/d2p6e6u75xmxt8.cloudfront.net\/12\/2020\/02\/Pahyl-Whistler-CVR.jpg\",\"width\":1366,\"height\":600},{\"@type\":\"BreadcrumbList\",\"@id\":\"https:\/\/www.welovecycling.com\/hu\/adrenalin\/az-ikonikus-whistler-train-gap-legijesztobb-pillanatai\/#breadcrumb\",\"itemListElement\":[{\"@type\":\"ListItem\",\"position\":1,\"name\":\"Home\",\"item\":\"https:\/\/www.welovecycling.com\/hu\/\"},{\"@type\":\"ListItem\",\"position\":2,\"name\":\"Az ikonikus Whistler Train Gap legijeszt\u0151bb pillanatai\"}]},{\"@type\":\"WebSite\",\"@id\":\"https:\/\/www.welovecycling.com\/hu\/#website\",\"url\":\"https:\/\/www.welovecycling.com\/hu\/\",\"name\":\"\u0160koda We Love Cycling - Magyarorsz\u00e1g\",\"description\":\"\u0160koda WeLoveCycling\",\"potentialAction\":[{\"@type\":\"SearchAction\",\"target\":{\"@type\":\"EntryPoint\",\"urlTemplate\":\"https:\/\/www.welovecycling.com\/hu\/?s={search_term_string}\"},\"query-input\":{\"@type\":\"PropertyValueSpecification\",\"valueRequired\":true,\"valueName\":\"search_term_string\"}}],\"inLanguage\":\"hu\"},{\"@type\":\"Person\",\"@id\":\"https:\/\/www.welovecycling.com\/hu\/#\/schema\/person\/414a2aebf1801691a5320edb6468e194\",\"name\":\"hegyizs\",\"image\":{\"@type\":\"ImageObject\",\"inLanguage\":\"hu\",\"@id\":\"https:\/\/www.welovecycling.com\/hu\/#\/schema\/person\/image\/\",\"url\":\"https:\/\/secure.gravatar.com\/avatar\/02cf8a7906b8cf90cecb4679defac7cfd33a1c2e3b88e4903d947f3bb58eedd3?s=96&d=mm&r=g\",\"contentUrl\":\"https:\/\/secure.gravatar.com\/avatar\/02cf8a7906b8cf90cecb4679defac7cfd33a1c2e3b88e4903d947f3bb58eedd3?s=96&d=mm&r=g\",\"caption\":\"hegyizs\"},\"url\":\"https:\/\/www.welovecycling.com\/hu\/author\/hegyizs\/\"}]}<\/script>\n<!-- \/ Yoast SEO Premium plugin. -->","yoast_head_json":{"title":"Az ikonikus Whistler Train Gap legijeszt\u0151bb pillanatai - \u0160koda We Love Cycling - Magyarorsz\u00e1g","robots":{"index":"index","follow":"follow","max-snippet":"max-snippet:-1","max-image-preview":"max-image-preview:large","max-video-preview":"max-video-preview:-1"},"canonical":"https:\/\/www.welovecycling.com\/hu\/adrenalin\/az-ikonikus-whistler-train-gap-legijesztobb-pillanatai\/","og_locale":"hu_HU","og_type":"article","og_title":"Az ikonikus Whistler Train Gap legijeszt\u0151bb pillanatai","og_description":"B\u00e1r sok bring\u00e1s bakancslist\u00e1j\u00e1n szerepel, csak n\u00e9h\u00e1ny mer\u00e9szkednek od\u00e1ig, hogy t\u00e9nyleg megpr\u00f3b\u00e1lj\u00e1k. A legut\u00f3bbi k\u00eds\u00e9rlet a szakad\u00e9k \u00e1tugrat\u00e1s\u00e1ra majdnem trag\u00e9di\u00e1ba [&hellip;]","og_url":"https:\/\/www.welovecycling.com\/hu\/adrenalin\/az-ikonikus-whistler-train-gap-legijesztobb-pillanatai\/","og_site_name":"\u0160koda We Love Cycling - Magyarorsz\u00e1g","article_publisher":"https:\/\/www.facebook.com\/WeLoveCyclingHungary\/","article_published_time":"2020-02-12T15:00:01+00:00","og_image":[{"width":1366,"height":600,"url":"https:\/\/d2p6e6u75xmxt8.cloudfront.net\/12\/2020\/02\/Pahyl-Whistler-CVR.jpg","type":"image\/jpeg"}],"author":"hegyizs","twitter_card":"summary_large_image","twitter_misc":{"Written by":"Adam Marsal","Est. reading time":"7"},"schema":{"@context":"https:\/\/schema.org","@graph":[{"@type":"WebPage","@id":"https:\/\/www.welovecycling.com\/hu\/adrenalin\/az-ikonikus-whistler-train-gap-legijesztobb-pillanatai\/","url":"https:\/\/www.welovecycling.com\/hu\/adrenalin\/az-ikonikus-whistler-train-gap-legijesztobb-pillanatai\/","name":"Az ikonikus Whistler Train Gap legijeszt\u0151bb pillanatai - \u0160koda We Love Cycling - Magyarorsz\u00e1g","isPartOf":{"@id":"https:\/\/www.welovecycling.com\/hu\/#website"},"primaryImageOfPage":{"@id":"https:\/\/www.welovecycling.com\/hu\/adrenalin\/az-ikonikus-whistler-train-gap-legijesztobb-pillanatai\/#primaryimage"},"image":{"@id":"https:\/\/www.welovecycling.com\/hu\/adrenalin\/az-ikonikus-whistler-train-gap-legijesztobb-pillanatai\/#primaryimage"},"thumbnailUrl":"https:\/\/d2p6e6u75xmxt8.cloudfront.net\/12\/2020\/02\/Pahyl-Whistler-CVR.jpg","datePublished":"2020-02-12T15:00:01+00:00","author":{"@id":"https:\/\/www.welovecycling.com\/hu\/#\/schema\/person\/414a2aebf1801691a5320edb6468e194"},"breadcrumb":{"@id":"https:\/\/www.welovecycling.com\/hu\/adrenalin\/az-ikonikus-whistler-train-gap-legijesztobb-pillanatai\/#breadcrumb"},"inLanguage":"hu","potentialAction":[{"@type":"ReadAction","target":["https:\/\/www.welovecycling.com\/hu\/adrenalin\/az-ikonikus-whistler-train-gap-legijesztobb-pillanatai\/"]}]},{"@type":"ImageObject","inLanguage":"hu","@id":"https:\/\/www.welovecycling.com\/hu\/adrenalin\/az-ikonikus-whistler-train-gap-legijesztobb-pillanatai\/#primaryimage","url":"https:\/\/d2p6e6u75xmxt8.cloudfront.net\/12\/2020\/02\/Pahyl-Whistler-CVR.jpg","contentUrl":"https:\/\/d2p6e6u75xmxt8.cloudfront.net\/12\/2020\/02\/Pahyl-Whistler-CVR.jpg","width":1366,"height":600},{"@type":"BreadcrumbList","@id":"https:\/\/www.welovecycling.com\/hu\/adrenalin\/az-ikonikus-whistler-train-gap-legijesztobb-pillanatai\/#breadcrumb","itemListElement":[{"@type":"ListItem","position":1,"name":"Home","item":"https:\/\/www.welovecycling.com\/hu\/"},{"@type":"ListItem","position":2,"name":"Az ikonikus Whistler Train Gap legijeszt\u0151bb pillanatai"}]},{"@type":"WebSite","@id":"https:\/\/www.welovecycling.com\/hu\/#website","url":"https:\/\/www.welovecycling.com\/hu\/","name":"\u0160koda We Love Cycling - Magyarorsz\u00e1g","description":"\u0160koda WeLoveCycling","potentialAction":[{"@type":"SearchAction","target":{"@type":"EntryPoint","urlTemplate":"https:\/\/www.welovecycling.com\/hu\/?s={search_term_string}"},"query-input":{"@type":"PropertyValueSpecification","valueRequired":true,"valueName":"search_term_string"}}],"inLanguage":"hu"},{"@type":"Person","@id":"https:\/\/www.welovecycling.com\/hu\/#\/schema\/person\/414a2aebf1801691a5320edb6468e194","name":"hegyizs","image":{"@type":"ImageObject","inLanguage":"hu","@id":"https:\/\/www.welovecycling.com\/hu\/#\/schema\/person\/image\/","url":"https:\/\/secure.gravatar.com\/avatar\/02cf8a7906b8cf90cecb4679defac7cfd33a1c2e3b88e4903d947f3bb58eedd3?s=96&d=mm&r=g","contentUrl":"https:\/\/secure.gravatar.com\/avatar\/02cf8a7906b8cf90cecb4679defac7cfd33a1c2e3b88e4903d947f3bb58eedd3?s=96&d=mm&r=g","caption":"hegyizs"},"url":"https:\/\/www.welovecycling.com\/hu\/author\/hegyizs\/"}]}},"_links":{"self":[{"href":"https:\/\/www.welovecycling.com\/hu\/wp-json\/wp\/v2\/posts\/6791","targetHints":{"allow":["GET"]}}],"collection":[{"href":"https:\/\/www.welovecycling.com\/hu\/wp-json\/wp\/v2\/posts"}],"about":[{"href":"https:\/\/www.welovecycling.com\/hu\/wp-json\/wp\/v2\/types\/post"}],"author":[{"embeddable":true,"href":"https:\/\/www.welovecycling.com\/hu\/wp-json\/wp\/v2\/users\/71"}],"replies":[{"embeddable":true,"href":"https:\/\/www.welovecycling.com\/hu\/wp-json\/wp\/v2\/comments?post=6791"}],"version-history":[{"count":2,"href":"https:\/\/www.welovecycling.com\/hu\/wp-json\/wp\/v2\/posts\/6791\/revisions"}],"predecessor-version":[{"id":6814,"href":"https:\/\/www.welovecycling.com\/hu\/wp-json\/wp\/v2\/posts\/6791\/revisions\/6814"}],"wp:featuredmedia":[{"embeddable":true,"href":"https:\/\/www.welovecycling.com\/hu\/wp-json\/wp\/v2\/media\/6796"}],"wp:attachment":[{"href":"https:\/\/www.welovecycling.com\/hu\/wp-json\/wp\/v2\/media?parent=6791"}],"wp:term":[{"taxonomy":"category","embeddable":true,"href":"https:\/\/www.welovecycling.com\/hu\/wp-json\/wp\/v2\/categories?post=6791"},{"taxonomy":"post_tag","embeddable":true,"href":"https:\/\/www.welovecycling.com\/hu\/wp-json\/wp\/v2\/tags?post=6791"},{"taxonomy":"global-categories","embeddable":true,"href":"https:\/\/www.welovecycling.com\/hu\/wp-json\/wp\/v2\/global-categories?post=6791"}],"curies":[{"name":"wp","href":"https:\/\/api.w.org\/{rel}","templated":true}]}}