{"id":6780,"date":"2020-02-11T08:00:02","date_gmt":"2020-02-11T07:00:02","guid":{"rendered":"https:\/\/www.welovecycling.com\/hu\/?p=6780"},"modified":"2020-02-10T15:06:54","modified_gmt":"2020-02-10T14:06:54","slug":"edzes-telen-segits-magadon","status":"publish","type":"post","link":"https:\/\/www.welovecycling.com\/hu\/edzes-es-eletmod\/edzes-telen-segits-magadon\/","title":{"rendered":"Edz\u00e9s t\u00e9len &#8211; Seg\u00edts magadon!"},"content":{"rendered":"<p><strong>A t\u00e9li h\u00f3napok \u00e9s \u00e1ltal\u00e1ban az off-szezon t\u00f6k\u00e9letes id\u0151szak arra, hogy a gyenges\u00e9geiden dolgozz \u00e9s fel\u00e9p\u00edts egy olyan h\u00e1tteret, amely megk\u00f6nny\u00edti az edz\u00e9st, \u00e9s seg\u00edt legy\u0151zni a szezon kih\u00edv\u00e1sait. N\u00e9zz\u00fcnk ehhez n\u00e9h\u00e1ny fontos r\u00e9szletet!<\/strong><br \/>\n<!--more--><\/p>\n<h2><strong>Megfelel\u0151 felszerel\u00e9s<\/strong><\/h2>\n<p>Ahhoz, hogy effekt\u00edv legyen a t\u00e9li felk\u00e9sz\u00fcl\u00e9s, sz\u00fcks\u00e9ged lesz egy j\u00f3 felszerel\u00e9sre. A h\u0171v\u00f6sebb id\u0151ben a r\u00e9teges \u00f6lt\u00f6zk\u00f6d\u00e9s a legjobb megold\u00e1s. A l\u00e1b- \u00e9s k\u00e9zmeleg\u00edt\u0151k, a trik\u00f3 alapdarab, ha hidegben indulsz \u00fatnak. Ezeket val\u00f3sz\u00edn\u0171leg m\u00e1r r\u00e9g beszerezted, ha szenved\u00e9lyes bring\u00e1s vagy, sz\u00f3val j\u00f6hetnek a hosszabb \u00e9s k\u00e9nyelmesebb teker\u00e9sek eszk\u00f6zei: a cip\u0151takar\u00f3, a keszty\u0171k \u00e9s egy v\u00e9kony s\u00e1l. Tartsd \u00e9szben, hogy ha m\u00e1r akkor meleged van, amikor kil\u00e9psz az ajt\u00f3n, akkor t\u00fal\u00f6lt\u00f6zt\u00e9l!<\/p>\n<figure id=\"attachment_6783\" aria-describedby=\"caption-attachment-6783\" style=\"width: 2048px\" class=\"wp-caption alignnone\"><img loading=\"lazy\" decoding=\"async\" class=\"size-full wp-image-6783\" src=\"https:\/\/d2p6e6u75xmxt8.cloudfront.net\/12\/2020\/02\/65307798_2482995218404092_7998314271589007360_o.jpg\" alt=\"\" width=\"2048\" height=\"1536\" srcset=\"https:\/\/d2p6e6u75xmxt8.cloudfront.net\/12\/2020\/02\/65307798_2482995218404092_7998314271589007360_o.jpg 2048w, https:\/\/d2p6e6u75xmxt8.cloudfront.net\/12\/2020\/02\/65307798_2482995218404092_7998314271589007360_o-300x225.jpg 300w, https:\/\/d2p6e6u75xmxt8.cloudfront.net\/12\/2020\/02\/65307798_2482995218404092_7998314271589007360_o-768x576.jpg 768w, https:\/\/d2p6e6u75xmxt8.cloudfront.net\/12\/2020\/02\/65307798_2482995218404092_7998314271589007360_o-1024x768.jpg 1024w, https:\/\/d2p6e6u75xmxt8.cloudfront.net\/12\/2020\/02\/65307798_2482995218404092_7998314271589007360_o-1920x1440.jpg 1920w, https:\/\/d2p6e6u75xmxt8.cloudfront.net\/12\/2020\/02\/65307798_2482995218404092_7998314271589007360_o-1920x1440.jpg 1920w\" sizes=\"auto, (max-width: 2048px) 100vw, 2048px\" \/><figcaption id=\"caption-attachment-6783\" class=\"wp-caption-text\"><em>Csoportos biciklit\u00fara<\/em><\/figcaption><\/figure>\n<p>A belt\u00e9ri edz\u00e9seknek is megvannak a maguk sz\u00fcks\u00e9ges felszerel\u00e9sei. Azt gondoln\u00e1nk, b\u00e1rmit viselhet\u00fcnk otthonunk k\u00e9nyelm\u00e9ben, de ez nem \u00edgy van! Ugyanabban a testhelyzetben fogsz elt\u00f6lteni hossz\u00fa id\u0151t, teh\u00e1t itt is fontos a k\u00e9nyelem, hogy elker\u00fcld a f\u00e1jdalmat \u00e9s a s\u00e9r\u00fcl\u00e9seket. Tal\u00e1n motiv\u00e1l is, ha profin fel\u00f6lt\u00f6zve \u00fclsz fel a szobabiciklire.<\/p>\n<h2><strong>Er\u0151s\u00edtsd a core izmokat!<\/strong><\/h2>\n<p>A j\u00f3 felszerel\u00e9s \u00e9s ruh\u00e1zat fontos a t\u00e9li edz\u00e9shez, amik viszont m\u00e9g fontosabbak, azok a core izmok. Ezek alatt azokat az izmokat \u00e9rtj\u00fck, melyek a test tart\u00e1s\u00e1\u00e9rt felel\u0151sek, ezek a \u201emagjai\u201d az izomrendszerednek. Ide tartoznak a has\u00fcregi izmok, a gerincfesz\u00edt\u0151izmok, a farizom, a h\u00e1tizom \u00e9s a csukly\u00e1s izom egy-egy r\u00e9sze. Hetente 2-3 er\u0151s\u00edt\u0151 gyakorlattal megfelel\u0151 \u00e1llapotban tarthatod \u0151ket. J\u00f3 edz\u00e9sforma ehhez p\u00e9ld\u00e1ul a plank!<\/p>\n<lite-youtube videoid=ynUw0YsrmSg params=\"enablejsapi=1\" style=\"background-image: url('https:\/\/i.ytimg.com\/vi_webp\/ynUw0YsrmSg\/maxresdefault.webp');\"><\/lite-youtube>\n<h2><strong>Maradj motiv\u00e1lt!<\/strong><\/h2>\n<p>Hi\u00e1ba van j\u00f3l \u00f6sszerakott edz\u00e9sterved \u00e9s felszerel\u00e9sed, ha \u00fatk\u00f6zben elhagyod a motiv\u00e1ci\u00f3d. A legfontosabb teh\u00e1t, hogy \u00e9p\u00edts ki egy bring\u00e1s k\u00f6z\u00f6ss\u00e9get, vagy csatlakozz egy m\u00e1r m\u0171k\u00f6d\u0151 csoporthoz! Egy\u00fctt megtervezhetitek a k\u00f6zeled\u0151 szezont, izgulhattok a versenyek miatt \u00e9s motiv\u00e1lhatj\u00e1tok egym\u00e1st.<\/p>\n<h2><strong>Maradj versenys\u00falyban!<\/strong><\/h2>\n<p>Ez a tipp is nagyon fontos, hiszen off-szezonban k\u00f6nnyebben felk\u00fasznak a plusz kil\u00f3k. Lehet, hogy ugyanannyit eszel, de kevesebbet tekersz, mint ny\u00e1ron \u00e9s az extra kal\u00f3ri\u00e1k megl\u00e1tsz\u00f3dnak a pocakon. Ha azonban t\u00f6bb vizet iszol \u00e9s adsz egy kis plusz z\u00f6lds\u00e9get \u00e9s feh\u00e9rj\u00e9t az \u00e9tkez\u00e9sekhez, megakad\u00e1lyozhatod ezt.<\/p>\n<p>https:\/\/www.instagram.com\/p\/BYbR61-lxsf\/?utm_source=ig_embed<\/p>\n<p>Persze az alv\u00e1s sem elhanyagolhat\u00f3 t\u00e1mogat\u00e1s a szervezetednek. Nem csak k\u00f6nnyebben regener\u00e1l\u00f3dsz, de az \u00e9tv\u00e1gyad is a megszokott lesz. Az alv\u00e1shi\u00e1ny n\u00f6veli az \u00e9hs\u00e9get \u00e9s cs\u00f6kkenti az \u00e9telek ny\u00fajtotta \u00e9lvezeteket. Legyen meg teh\u00e1t a napi 8 \u00f3ra!<\/p>\n<p>Ha betartod ezeket a szab\u00e1lyokat, \u00e9lvezni fogod az off-szezont \u00e9s fittebb leszel ny\u00e1rra, mint valaha!<\/p>\n","protected":false},"excerpt":{"rendered":"<p>A t\u00e9li h\u00f3napok \u00e9s \u00e1ltal\u00e1ban az off-szezon t\u00f6k\u00e9letes id\u0151szak arra, hogy a gyenges\u00e9geiden dolgozz \u00e9s fel\u00e9p\u00edts egy olyan h\u00e1tteret, amely [&hellip;]<\/p>\n","protected":false},"author":71,"featured_media":6785,"comment_status":"open","ping_status":"open","sticky":false,"template":"","format":"standard","meta":{"footnotes":""},"categories":[6],"tags":[],"global-categories":[],"class_list":["post-6780","post","type-post","status-publish","format-standard","has-post-thumbnail","hentry","category-edzes-es-eletmod"],"yoast_head":"<!-- This site is optimized with the Yoast SEO Premium plugin v25.3 (Yoast SEO v25.9) - https:\/\/yoast.com\/wordpress\/plugins\/seo\/ -->\n<title>Edz\u00e9s t\u00e9len - Seg\u00edts magadon! - \u0160koda We Love Cycling - Magyarorsz\u00e1g<\/title>\n<meta name=\"robots\" content=\"index, follow, max-snippet:-1, max-image-preview:large, max-video-preview:-1\" \/>\n<link rel=\"canonical\" href=\"https:\/\/www.welovecycling.com\/hu\/edzes-es-eletmod\/edzes-telen-segits-magadon\/\" \/>\n<meta property=\"og:locale\" content=\"hu_HU\" \/>\n<meta property=\"og:type\" content=\"article\" \/>\n<meta property=\"og:title\" content=\"Edz\u00e9s t\u00e9len - Seg\u00edts magadon!\" \/>\n<meta property=\"og:description\" content=\"A t\u00e9li h\u00f3napok \u00e9s \u00e1ltal\u00e1ban az off-szezon t\u00f6k\u00e9letes id\u0151szak arra, hogy a gyenges\u00e9geiden dolgozz \u00e9s fel\u00e9p\u00edts egy olyan h\u00e1tteret, amely [&hellip;]\" \/>\n<meta property=\"og:url\" content=\"https:\/\/www.welovecycling.com\/hu\/edzes-es-eletmod\/edzes-telen-segits-magadon\/\" \/>\n<meta property=\"og:site_name\" content=\"\u0160koda We Love Cycling - Magyarorsz\u00e1g\" \/>\n<meta property=\"article:publisher\" content=\"https:\/\/www.facebook.com\/WeLoveCyclingHungary\/\" \/>\n<meta property=\"article:published_time\" content=\"2020-02-11T07:00:02+00:00\" \/>\n<meta property=\"og:image\" content=\"https:\/\/d2p6e6u75xmxt8.cloudfront.net\/12\/2020\/02\/Extreme-Winter-Bike-Race-0391240496.jpg\" \/>\n\t<meta property=\"og:image:width\" content=\"1366\" \/>\n\t<meta property=\"og:image:height\" content=\"600\" \/>\n\t<meta property=\"og:image:type\" content=\"image\/jpeg\" \/>\n<meta name=\"author\" content=\"hegyizs\" \/>\n<meta name=\"twitter:card\" content=\"summary_large_image\" \/>\n<meta name=\"twitter:label1\" content=\"Written by\" \/>\n\t<meta name=\"twitter:data1\" content=\"Jiri Kaloc\" \/>\n\t<meta name=\"twitter:label2\" content=\"Est. reading time\" \/>\n\t<meta name=\"twitter:data2\" content=\"5\" \/>\n<script type=\"application\/ld+json\" class=\"yoast-schema-graph\">{\"@context\":\"https:\/\/schema.org\",\"@graph\":[{\"@type\":\"WebPage\",\"@id\":\"https:\/\/www.welovecycling.com\/hu\/edzes-es-eletmod\/edzes-telen-segits-magadon\/\",\"url\":\"https:\/\/www.welovecycling.com\/hu\/edzes-es-eletmod\/edzes-telen-segits-magadon\/\",\"name\":\"Edz\u00e9s t\u00e9len - Seg\u00edts magadon! - \u0160koda We Love Cycling - Magyarorsz\u00e1g\",\"isPartOf\":{\"@id\":\"https:\/\/www.welovecycling.com\/hu\/#website\"},\"primaryImageOfPage\":{\"@id\":\"https:\/\/www.welovecycling.com\/hu\/edzes-es-eletmod\/edzes-telen-segits-magadon\/#primaryimage\"},\"image\":{\"@id\":\"https:\/\/www.welovecycling.com\/hu\/edzes-es-eletmod\/edzes-telen-segits-magadon\/#primaryimage\"},\"thumbnailUrl\":\"https:\/\/d2p6e6u75xmxt8.cloudfront.net\/12\/2020\/02\/Extreme-Winter-Bike-Race-0391240496.jpg\",\"datePublished\":\"2020-02-11T07:00:02+00:00\",\"author\":{\"@id\":\"https:\/\/www.welovecycling.com\/hu\/#\/schema\/person\/414a2aebf1801691a5320edb6468e194\"},\"breadcrumb\":{\"@id\":\"https:\/\/www.welovecycling.com\/hu\/edzes-es-eletmod\/edzes-telen-segits-magadon\/#breadcrumb\"},\"inLanguage\":\"hu\",\"potentialAction\":[{\"@type\":\"ReadAction\",\"target\":[\"https:\/\/www.welovecycling.com\/hu\/edzes-es-eletmod\/edzes-telen-segits-magadon\/\"]}]},{\"@type\":\"ImageObject\",\"inLanguage\":\"hu\",\"@id\":\"https:\/\/www.welovecycling.com\/hu\/edzes-es-eletmod\/edzes-telen-segits-magadon\/#primaryimage\",\"url\":\"https:\/\/d2p6e6u75xmxt8.cloudfront.net\/12\/2020\/02\/Extreme-Winter-Bike-Race-0391240496.jpg\",\"contentUrl\":\"https:\/\/d2p6e6u75xmxt8.cloudfront.net\/12\/2020\/02\/Extreme-Winter-Bike-Race-0391240496.jpg\",\"width\":1366,\"height\":600},{\"@type\":\"BreadcrumbList\",\"@id\":\"https:\/\/www.welovecycling.com\/hu\/edzes-es-eletmod\/edzes-telen-segits-magadon\/#breadcrumb\",\"itemListElement\":[{\"@type\":\"ListItem\",\"position\":1,\"name\":\"Home\",\"item\":\"https:\/\/www.welovecycling.com\/hu\/\"},{\"@type\":\"ListItem\",\"position\":2,\"name\":\"Edz\u00e9s t\u00e9len &#8211; Seg\u00edts magadon!\"}]},{\"@type\":\"WebSite\",\"@id\":\"https:\/\/www.welovecycling.com\/hu\/#website\",\"url\":\"https:\/\/www.welovecycling.com\/hu\/\",\"name\":\"\u0160koda We Love Cycling - Magyarorsz\u00e1g\",\"description\":\"\u0160koda WeLoveCycling\",\"potentialAction\":[{\"@type\":\"SearchAction\",\"target\":{\"@type\":\"EntryPoint\",\"urlTemplate\":\"https:\/\/www.welovecycling.com\/hu\/?s={search_term_string}\"},\"query-input\":{\"@type\":\"PropertyValueSpecification\",\"valueRequired\":true,\"valueName\":\"search_term_string\"}}],\"inLanguage\":\"hu\"},{\"@type\":\"Person\",\"@id\":\"https:\/\/www.welovecycling.com\/hu\/#\/schema\/person\/414a2aebf1801691a5320edb6468e194\",\"name\":\"hegyizs\",\"image\":{\"@type\":\"ImageObject\",\"inLanguage\":\"hu\",\"@id\":\"https:\/\/www.welovecycling.com\/hu\/#\/schema\/person\/image\/\",\"url\":\"https:\/\/secure.gravatar.com\/avatar\/02cf8a7906b8cf90cecb4679defac7cfd33a1c2e3b88e4903d947f3bb58eedd3?s=96&d=mm&r=g\",\"contentUrl\":\"https:\/\/secure.gravatar.com\/avatar\/02cf8a7906b8cf90cecb4679defac7cfd33a1c2e3b88e4903d947f3bb58eedd3?s=96&d=mm&r=g\",\"caption\":\"hegyizs\"},\"url\":\"https:\/\/www.welovecycling.com\/hu\/author\/hegyizs\/\"}]}<\/script>\n<!-- \/ Yoast SEO Premium plugin. -->","yoast_head_json":{"title":"Edz\u00e9s t\u00e9len - Seg\u00edts magadon! - \u0160koda We Love Cycling - Magyarorsz\u00e1g","robots":{"index":"index","follow":"follow","max-snippet":"max-snippet:-1","max-image-preview":"max-image-preview:large","max-video-preview":"max-video-preview:-1"},"canonical":"https:\/\/www.welovecycling.com\/hu\/edzes-es-eletmod\/edzes-telen-segits-magadon\/","og_locale":"hu_HU","og_type":"article","og_title":"Edz\u00e9s t\u00e9len - Seg\u00edts magadon!","og_description":"A t\u00e9li h\u00f3napok \u00e9s \u00e1ltal\u00e1ban az off-szezon t\u00f6k\u00e9letes id\u0151szak arra, hogy a gyenges\u00e9geiden dolgozz \u00e9s fel\u00e9p\u00edts egy olyan h\u00e1tteret, amely [&hellip;]","og_url":"https:\/\/www.welovecycling.com\/hu\/edzes-es-eletmod\/edzes-telen-segits-magadon\/","og_site_name":"\u0160koda We Love Cycling - Magyarorsz\u00e1g","article_publisher":"https:\/\/www.facebook.com\/WeLoveCyclingHungary\/","article_published_time":"2020-02-11T07:00:02+00:00","og_image":[{"width":1366,"height":600,"url":"https:\/\/d2p6e6u75xmxt8.cloudfront.net\/12\/2020\/02\/Extreme-Winter-Bike-Race-0391240496.jpg","type":"image\/jpeg"}],"author":"hegyizs","twitter_card":"summary_large_image","twitter_misc":{"Written by":"Jiri Kaloc","Est. reading time":"5"},"schema":{"@context":"https:\/\/schema.org","@graph":[{"@type":"WebPage","@id":"https:\/\/www.welovecycling.com\/hu\/edzes-es-eletmod\/edzes-telen-segits-magadon\/","url":"https:\/\/www.welovecycling.com\/hu\/edzes-es-eletmod\/edzes-telen-segits-magadon\/","name":"Edz\u00e9s t\u00e9len - Seg\u00edts magadon! - \u0160koda We Love Cycling - Magyarorsz\u00e1g","isPartOf":{"@id":"https:\/\/www.welovecycling.com\/hu\/#website"},"primaryImageOfPage":{"@id":"https:\/\/www.welovecycling.com\/hu\/edzes-es-eletmod\/edzes-telen-segits-magadon\/#primaryimage"},"image":{"@id":"https:\/\/www.welovecycling.com\/hu\/edzes-es-eletmod\/edzes-telen-segits-magadon\/#primaryimage"},"thumbnailUrl":"https:\/\/d2p6e6u75xmxt8.cloudfront.net\/12\/2020\/02\/Extreme-Winter-Bike-Race-0391240496.jpg","datePublished":"2020-02-11T07:00:02+00:00","author":{"@id":"https:\/\/www.welovecycling.com\/hu\/#\/schema\/person\/414a2aebf1801691a5320edb6468e194"},"breadcrumb":{"@id":"https:\/\/www.welovecycling.com\/hu\/edzes-es-eletmod\/edzes-telen-segits-magadon\/#breadcrumb"},"inLanguage":"hu","potentialAction":[{"@type":"ReadAction","target":["https:\/\/www.welovecycling.com\/hu\/edzes-es-eletmod\/edzes-telen-segits-magadon\/"]}]},{"@type":"ImageObject","inLanguage":"hu","@id":"https:\/\/www.welovecycling.com\/hu\/edzes-es-eletmod\/edzes-telen-segits-magadon\/#primaryimage","url":"https:\/\/d2p6e6u75xmxt8.cloudfront.net\/12\/2020\/02\/Extreme-Winter-Bike-Race-0391240496.jpg","contentUrl":"https:\/\/d2p6e6u75xmxt8.cloudfront.net\/12\/2020\/02\/Extreme-Winter-Bike-Race-0391240496.jpg","width":1366,"height":600},{"@type":"BreadcrumbList","@id":"https:\/\/www.welovecycling.com\/hu\/edzes-es-eletmod\/edzes-telen-segits-magadon\/#breadcrumb","itemListElement":[{"@type":"ListItem","position":1,"name":"Home","item":"https:\/\/www.welovecycling.com\/hu\/"},{"@type":"ListItem","position":2,"name":"Edz\u00e9s t\u00e9len &#8211; Seg\u00edts magadon!"}]},{"@type":"WebSite","@id":"https:\/\/www.welovecycling.com\/hu\/#website","url":"https:\/\/www.welovecycling.com\/hu\/","name":"\u0160koda We Love Cycling - Magyarorsz\u00e1g","description":"\u0160koda WeLoveCycling","potentialAction":[{"@type":"SearchAction","target":{"@type":"EntryPoint","urlTemplate":"https:\/\/www.welovecycling.com\/hu\/?s={search_term_string}"},"query-input":{"@type":"PropertyValueSpecification","valueRequired":true,"valueName":"search_term_string"}}],"inLanguage":"hu"},{"@type":"Person","@id":"https:\/\/www.welovecycling.com\/hu\/#\/schema\/person\/414a2aebf1801691a5320edb6468e194","name":"hegyizs","image":{"@type":"ImageObject","inLanguage":"hu","@id":"https:\/\/www.welovecycling.com\/hu\/#\/schema\/person\/image\/","url":"https:\/\/secure.gravatar.com\/avatar\/02cf8a7906b8cf90cecb4679defac7cfd33a1c2e3b88e4903d947f3bb58eedd3?s=96&d=mm&r=g","contentUrl":"https:\/\/secure.gravatar.com\/avatar\/02cf8a7906b8cf90cecb4679defac7cfd33a1c2e3b88e4903d947f3bb58eedd3?s=96&d=mm&r=g","caption":"hegyizs"},"url":"https:\/\/www.welovecycling.com\/hu\/author\/hegyizs\/"}]}},"_links":{"self":[{"href":"https:\/\/www.welovecycling.com\/hu\/wp-json\/wp\/v2\/posts\/6780","targetHints":{"allow":["GET"]}}],"collection":[{"href":"https:\/\/www.welovecycling.com\/hu\/wp-json\/wp\/v2\/posts"}],"about":[{"href":"https:\/\/www.welovecycling.com\/hu\/wp-json\/wp\/v2\/types\/post"}],"author":[{"embeddable":true,"href":"https:\/\/www.welovecycling.com\/hu\/wp-json\/wp\/v2\/users\/71"}],"replies":[{"embeddable":true,"href":"https:\/\/www.welovecycling.com\/hu\/wp-json\/wp\/v2\/comments?post=6780"}],"version-history":[{"count":2,"href":"https:\/\/www.welovecycling.com\/hu\/wp-json\/wp\/v2\/posts\/6780\/revisions"}],"predecessor-version":[{"id":6810,"href":"https:\/\/www.welovecycling.com\/hu\/wp-json\/wp\/v2\/posts\/6780\/revisions\/6810"}],"wp:featuredmedia":[{"embeddable":true,"href":"https:\/\/www.welovecycling.com\/hu\/wp-json\/wp\/v2\/media\/6785"}],"wp:attachment":[{"href":"https:\/\/www.welovecycling.com\/hu\/wp-json\/wp\/v2\/media?parent=6780"}],"wp:term":[{"taxonomy":"category","embeddable":true,"href":"https:\/\/www.welovecycling.com\/hu\/wp-json\/wp\/v2\/categories?post=6780"},{"taxonomy":"post_tag","embeddable":true,"href":"https:\/\/www.welovecycling.com\/hu\/wp-json\/wp\/v2\/tags?post=6780"},{"taxonomy":"global-categories","embeddable":true,"href":"https:\/\/www.welovecycling.com\/hu\/wp-json\/wp\/v2\/global-categories?post=6780"}],"curies":[{"name":"wp","href":"https:\/\/api.w.org\/{rel}","templated":true}]}}