{"id":6775,"date":"2020-02-14T08:00:29","date_gmt":"2020-02-14T07:00:29","guid":{"rendered":"https:\/\/www.welovecycling.com\/hu\/?p=6775"},"modified":"2020-02-11T14:43:06","modified_gmt":"2020-02-11T13:43:06","slug":"egy-matematikusnak-feladvany-a-bicikli","status":"publish","type":"post","link":"https:\/\/www.welovecycling.com\/hu\/kozosseg-es-kultura\/egy-matematikusnak-feladvany-a-bicikli\/","title":{"rendered":"Egy matematikusnak feladv\u00e1ny a bicikli"},"content":{"rendered":"<p><strong>Jim Papadopoulos bostoni pinc\u00e9j\u00e9ben h\u00e9t bicikli \u00e1ll a falnak d\u00f6ntve. A fest\u00e9k lekopva, a kerekek laposak, a korm\u00e1nyokat por lepte be. Amikor legut\u00f3bb k\u00f6lt\u00f6z\u00f6tt, megszabadult a legt\u00f6bb j\u00e1rg\u00e1nyt\u00f3l, amiken kutat\u00e1sait v\u00e9gezte, \u00e9s csak azokat tartotta meg, amik igaz\u00e1n k\u00f6zel \u00e1lltak a sz\u00edv\u00e9hez. Ezeket haszn\u00e1lta a mindennapokban. Jim azonban, nem a sportnak, hanem a ker\u00e9kp\u00e1r mozg\u00e1s\u00e1n val\u00f3 elm\u00e9lked\u00e9snek szentelte \u00e9let\u00e9t.<\/strong><!--more--><\/p>\n<p>A 62 \u00e9ves Papadopoulos \u00e9let\u00e9nek nagy r\u00e9sz\u00e9t a ker\u00e9kp\u00e1rok b\u0171vk\u00f6r\u00e9ben \u00e9lte. Kamaszk\u00e9nt indult amat\u0151r versenyeken, de szenved\u00e9lye val\u00f3j\u00e1ban j\u00f3val m\u00e9lyebb volt. Nem tudott \u00fagy \u00fclni egy bring\u00e1n, hogy k\u00f6zben ne azon gondolkodjon, hogyan m\u0171k\u00f6dik. Hogyan marad egyens\u00falyban rajta a biciklis? Hogyan stabil biciklis n\u00e9lk\u00fcl? Mi\u00e9rt kell jobbra korm\u00e1nyozni, hogyan fordul balra \u00e9s \u00fagy egy\u00e1ltal\u00e1n?<\/p>\n<p>&nbsp;<\/p>\n<figure id=\"attachment_6777\" aria-describedby=\"caption-attachment-6777\" style=\"width: 960px\" class=\"wp-caption aligncenter\"><img loading=\"lazy\" decoding=\"async\" class=\"size-full wp-image-6777\" src=\"https:\/\/d2p6e6u75xmxt8.cloudfront.net\/12\/2020\/02\/wlc_matematikus_02.jpg\" alt=\"\" width=\"960\" height=\"638\" srcset=\"https:\/\/d2p6e6u75xmxt8.cloudfront.net\/12\/2020\/02\/wlc_matematikus_02.jpg 960w, https:\/\/d2p6e6u75xmxt8.cloudfront.net\/12\/2020\/02\/wlc_matematikus_02-300x199.jpg 300w, https:\/\/d2p6e6u75xmxt8.cloudfront.net\/12\/2020\/02\/wlc_matematikus_02-768x510.jpg 768w, https:\/\/d2p6e6u75xmxt8.cloudfront.net\/12\/2020\/02\/wlc_matematikus_02-272x182.jpg 272w\" sizes=\"auto, (max-width: 960px) 100vw, 960px\" \/><figcaption id=\"caption-attachment-6777\" class=\"wp-caption-text\">Jim Papadopoulos<\/figcaption><\/figure>\n<p>Ezekre a k\u00e9rd\u00e9sekre kereste a v\u00e1laszt egyetemi \u00e9vei alatt, legt\u00f6bb \u00f6tlet\u00e9t azonban nem siker\u00fclt publik\u00e1lnia. V\u00e9g\u00fcl elhagyta az akad\u00e9mi\u00e1t \u00e9s egy gy\u00e1rban kezdett dolgozni. Munk\u00e1ja odaveszett.<br \/>\nLegal\u00e1bbis ezt hitte. 2003-ban azonban egy norv\u00e9g tud\u00f3s, Arend Schwab r\u00e1lelt a kutat\u00e1saira, \u00e9s megkereste a szerz\u0151t, hogy egy\u00fctt dolgozzanak rajtuk tov\u00e1bb. V\u00e9g\u00fcl kiadtak egy tanulm\u00e1nyt, melyben elmagyar\u00e1zt\u00e1k, mi mi\u00e9rt \u00e9s hogyan m\u0171k\u00f6dik ker\u00e9kp\u00e1runkban. A Proceeding of the Royal Society kiadv\u00e1nyba ker\u00fclt bele az anyag Bicycling Science c\u00edmmel.<\/p>\n<figure id=\"attachment_6778\" aria-describedby=\"caption-attachment-6778\" style=\"width: 630px\" class=\"wp-caption aligncenter\"><img loading=\"lazy\" decoding=\"async\" class=\"wp-image-6778 size-full\" src=\"https:\/\/d2p6e6u75xmxt8.cloudfront.net\/12\/2020\/02\/Bicycle-news-feature-graphic-online1-2.jpg\" alt=\"\" width=\"630\" height=\"2316\" srcset=\"https:\/\/d2p6e6u75xmxt8.cloudfront.net\/12\/2020\/02\/Bicycle-news-feature-graphic-online1-2.jpg 630w, https:\/\/d2p6e6u75xmxt8.cloudfront.net\/12\/2020\/02\/Bicycle-news-feature-graphic-online1-2-82x300.jpg 82w, https:\/\/d2p6e6u75xmxt8.cloudfront.net\/12\/2020\/02\/Bicycle-news-feature-graphic-online1-2-522x1920.jpg 522w, https:\/\/d2p6e6u75xmxt8.cloudfront.net\/12\/2020\/02\/Bicycle-news-feature-graphic-online1-2-522x1920.jpg 522w\" sizes=\"auto, (max-width: 630px) 100vw, 630px\" \/><figcaption id=\"caption-attachment-6778\" class=\"wp-caption-text\">P\u00e9lda a tanulm\u00e1ny magyar\u00e1zatai k\u00f6z\u00fcl<\/figcaption><\/figure>\n<p>Jim \u00e9s Arend tanulm\u00e1nyozt\u00e1k a balesetekt\u0151l kezdve, a ker\u00e9kp\u00e1r hajt\u00e1s\u00e1n \u00e1t, a korm\u00e1nyz\u00e1s matematik\u00e1j\u00e1t \u00e9s fizik\u00e1j\u00e1t. Sz\u00e1mos elm\u00e9let\u00fcket c\u00e1folt\u00e1k meg k\u00e9s\u0151bb, de elind\u00edtottak egy tudom\u00e1nyos vit\u00e1t, mely sokakat megmozgatott. V\u00e9g\u00fcl eljutottak a robotker\u00e9kp\u00e1r gondolat\u00e1ig, \u00e9s meg is \u00e9p\u00edtettek egy modellt, ami megtartja saj\u00e1t mag\u00e1t. \u00cdgy m\u00e1r emberek vesz\u00e9lyeztet\u00e9se n\u00e9lk\u00fcl is k\u00eds\u00e9rletezhettek. Ugyan Schwab \u00e9p\u00edtette fel azt a laborat\u00f3riumot, amire Papadopoulos mindig is \u00e1lmodott, de Jim \u00f6r\u00fclt neki, hogy seg\u00e9dkezhetett. A kutat\u00f3k fant\u00e1zi\u00e1j\u00e1ban l\u00e1nc n\u00e9lk\u00fcli, \u00e9s saj\u00e1t magukat hajt\u00f3 biciklik jelentek meg, de k\u00eds\u00e9rleteztek stabil rekumbens bringa megalkot\u00e1s\u00e1val is. Jelenleg Jim Bostonban tan\u00edt, \u00e9s k\u00fcl\u00f6nb\u00f6z\u0151 ker\u00e9kp\u00e1r-tal\u00e1lm\u00e1nyokat tesztel. Pinc\u00e9j\u00e9ben pedig nem csak r\u00e9gi biciklik, hanem befejezetlen \u00f6tletek \u00e9s tanulm\u00e1nyok is porosan hevernek, arra v\u00e1rva, hogy valaki felfedezze \u0151ket \u00e9s \u00faj kutat\u00e1sok fel\u00e9 induljon el \u00e1ltaluk.<\/p>\n<p>A Bicycle Science c\u00edm\u0171 tanulm\u00e1ny <a href=\"https:\/\/books.google.hu\/books?id=0JJo6DlF9iMC&amp;printsec=frontcover&amp;source=gbs_ge_summary_r&amp;cad=0#v=onepage&amp;q&amp;f=false\" target=\"_blank\" rel=\"noopener\">itt<\/a> \u00e9rhet\u0151 el.<\/p>\n<p>Forr\u00e1s: <a href=\"https:\/\/www.scientificamerican.com\/article\/the-bicycle-problem-that-nearly-broke-mathematics\/\" target=\"_blank\" rel=\"noopener\">scientificamerican.com<\/a><\/p>\n","protected":false},"excerpt":{"rendered":"<p>Jim Papadopoulos bostoni pinc\u00e9j\u00e9ben h\u00e9t bicikli \u00e1ll a falnak d\u00f6ntve. A fest\u00e9k lekopva, a kerekek laposak, a korm\u00e1nyokat por lepte [&hellip;]<\/p>\n","protected":false},"author":71,"featured_media":6776,"comment_status":"open","ping_status":"open","sticky":false,"template":"","format":"standard","meta":{"footnotes":""},"categories":[12],"tags":[],"global-categories":[],"class_list":["post-6775","post","type-post","status-publish","format-standard","has-post-thumbnail","hentry","category-kozosseg-es-kultura"],"yoast_head":"<!-- This site is optimized with the Yoast SEO Premium plugin v25.3 (Yoast SEO v25.9) - https:\/\/yoast.com\/wordpress\/plugins\/seo\/ -->\n<title>Egy matematikusnak feladv\u00e1ny a bicikli - \u0160koda We Love Cycling - Magyarorsz\u00e1g<\/title>\n<meta name=\"robots\" content=\"index, follow, max-snippet:-1, max-image-preview:large, max-video-preview:-1\" \/>\n<link rel=\"canonical\" href=\"https:\/\/www.welovecycling.com\/hu\/kozosseg-es-kultura\/egy-matematikusnak-feladvany-a-bicikli\/\" \/>\n<meta property=\"og:locale\" content=\"hu_HU\" \/>\n<meta property=\"og:type\" content=\"article\" \/>\n<meta property=\"og:title\" content=\"Egy matematikusnak feladv\u00e1ny a bicikli\" \/>\n<meta property=\"og:description\" content=\"Jim Papadopoulos bostoni pinc\u00e9j\u00e9ben h\u00e9t bicikli \u00e1ll a falnak d\u00f6ntve. A fest\u00e9k lekopva, a kerekek laposak, a korm\u00e1nyokat por lepte [&hellip;]\" \/>\n<meta property=\"og:url\" content=\"https:\/\/www.welovecycling.com\/hu\/kozosseg-es-kultura\/egy-matematikusnak-feladvany-a-bicikli\/\" \/>\n<meta property=\"og:site_name\" content=\"\u0160koda We Love Cycling - Magyarorsz\u00e1g\" \/>\n<meta property=\"article:publisher\" content=\"https:\/\/www.facebook.com\/WeLoveCyclingHungary\/\" \/>\n<meta property=\"article:published_time\" content=\"2020-02-14T07:00:29+00:00\" \/>\n<meta property=\"og:image\" content=\"https:\/\/d2p6e6u75xmxt8.cloudfront.net\/12\/2020\/02\/wlc_matematikus_01.jpeg\" \/>\n\t<meta property=\"og:image:width\" content=\"1200\" \/>\n\t<meta property=\"og:image:height\" content=\"798\" \/>\n\t<meta property=\"og:image:type\" content=\"image\/jpeg\" \/>\n<meta name=\"author\" content=\"hegyizs\" \/>\n<meta name=\"twitter:card\" content=\"summary_large_image\" \/>\n<meta name=\"twitter:label1\" content=\"Written by\" \/>\n\t<meta name=\"twitter:data1\" content=\"WLC\" \/>\n\t<meta name=\"twitter:label2\" content=\"Est. reading time\" \/>\n\t<meta name=\"twitter:data2\" content=\"3 minutes\" \/>\n<script type=\"application\/ld+json\" class=\"yoast-schema-graph\">{\"@context\":\"https:\/\/schema.org\",\"@graph\":[{\"@type\":\"WebPage\",\"@id\":\"https:\/\/www.welovecycling.com\/hu\/kozosseg-es-kultura\/egy-matematikusnak-feladvany-a-bicikli\/\",\"url\":\"https:\/\/www.welovecycling.com\/hu\/kozosseg-es-kultura\/egy-matematikusnak-feladvany-a-bicikli\/\",\"name\":\"Egy matematikusnak feladv\u00e1ny a bicikli - \u0160koda We Love Cycling - Magyarorsz\u00e1g\",\"isPartOf\":{\"@id\":\"https:\/\/www.welovecycling.com\/hu\/#website\"},\"primaryImageOfPage\":{\"@id\":\"https:\/\/www.welovecycling.com\/hu\/kozosseg-es-kultura\/egy-matematikusnak-feladvany-a-bicikli\/#primaryimage\"},\"image\":{\"@id\":\"https:\/\/www.welovecycling.com\/hu\/kozosseg-es-kultura\/egy-matematikusnak-feladvany-a-bicikli\/#primaryimage\"},\"thumbnailUrl\":\"https:\/\/d2p6e6u75xmxt8.cloudfront.net\/12\/2020\/02\/wlc_matematikus_01.jpeg\",\"datePublished\":\"2020-02-14T07:00:29+00:00\",\"author\":{\"@id\":\"https:\/\/www.welovecycling.com\/hu\/#\/schema\/person\/414a2aebf1801691a5320edb6468e194\"},\"breadcrumb\":{\"@id\":\"https:\/\/www.welovecycling.com\/hu\/kozosseg-es-kultura\/egy-matematikusnak-feladvany-a-bicikli\/#breadcrumb\"},\"inLanguage\":\"hu\",\"potentialAction\":[{\"@type\":\"ReadAction\",\"target\":[\"https:\/\/www.welovecycling.com\/hu\/kozosseg-es-kultura\/egy-matematikusnak-feladvany-a-bicikli\/\"]}]},{\"@type\":\"ImageObject\",\"inLanguage\":\"hu\",\"@id\":\"https:\/\/www.welovecycling.com\/hu\/kozosseg-es-kultura\/egy-matematikusnak-feladvany-a-bicikli\/#primaryimage\",\"url\":\"https:\/\/d2p6e6u75xmxt8.cloudfront.net\/12\/2020\/02\/wlc_matematikus_01.jpeg\",\"contentUrl\":\"https:\/\/d2p6e6u75xmxt8.cloudfront.net\/12\/2020\/02\/wlc_matematikus_01.jpeg\",\"width\":1200,\"height\":798},{\"@type\":\"BreadcrumbList\",\"@id\":\"https:\/\/www.welovecycling.com\/hu\/kozosseg-es-kultura\/egy-matematikusnak-feladvany-a-bicikli\/#breadcrumb\",\"itemListElement\":[{\"@type\":\"ListItem\",\"position\":1,\"name\":\"Home\",\"item\":\"https:\/\/www.welovecycling.com\/hu\/\"},{\"@type\":\"ListItem\",\"position\":2,\"name\":\"Egy matematikusnak feladv\u00e1ny a bicikli\"}]},{\"@type\":\"WebSite\",\"@id\":\"https:\/\/www.welovecycling.com\/hu\/#website\",\"url\":\"https:\/\/www.welovecycling.com\/hu\/\",\"name\":\"\u0160koda We Love Cycling - Magyarorsz\u00e1g\",\"description\":\"\u0160koda WeLoveCycling\",\"potentialAction\":[{\"@type\":\"SearchAction\",\"target\":{\"@type\":\"EntryPoint\",\"urlTemplate\":\"https:\/\/www.welovecycling.com\/hu\/?s={search_term_string}\"},\"query-input\":{\"@type\":\"PropertyValueSpecification\",\"valueRequired\":true,\"valueName\":\"search_term_string\"}}],\"inLanguage\":\"hu\"},{\"@type\":\"Person\",\"@id\":\"https:\/\/www.welovecycling.com\/hu\/#\/schema\/person\/414a2aebf1801691a5320edb6468e194\",\"name\":\"hegyizs\",\"image\":{\"@type\":\"ImageObject\",\"inLanguage\":\"hu\",\"@id\":\"https:\/\/www.welovecycling.com\/hu\/#\/schema\/person\/image\/\",\"url\":\"https:\/\/secure.gravatar.com\/avatar\/02cf8a7906b8cf90cecb4679defac7cfd33a1c2e3b88e4903d947f3bb58eedd3?s=96&d=mm&r=g\",\"contentUrl\":\"https:\/\/secure.gravatar.com\/avatar\/02cf8a7906b8cf90cecb4679defac7cfd33a1c2e3b88e4903d947f3bb58eedd3?s=96&d=mm&r=g\",\"caption\":\"hegyizs\"},\"url\":\"https:\/\/www.welovecycling.com\/hu\/author\/hegyizs\/\"}]}<\/script>\n<!-- \/ Yoast SEO Premium plugin. -->","yoast_head_json":{"title":"Egy matematikusnak feladv\u00e1ny a bicikli - \u0160koda We Love Cycling - Magyarorsz\u00e1g","robots":{"index":"index","follow":"follow","max-snippet":"max-snippet:-1","max-image-preview":"max-image-preview:large","max-video-preview":"max-video-preview:-1"},"canonical":"https:\/\/www.welovecycling.com\/hu\/kozosseg-es-kultura\/egy-matematikusnak-feladvany-a-bicikli\/","og_locale":"hu_HU","og_type":"article","og_title":"Egy matematikusnak feladv\u00e1ny a bicikli","og_description":"Jim Papadopoulos bostoni pinc\u00e9j\u00e9ben h\u00e9t bicikli \u00e1ll a falnak d\u00f6ntve. A fest\u00e9k lekopva, a kerekek laposak, a korm\u00e1nyokat por lepte [&hellip;]","og_url":"https:\/\/www.welovecycling.com\/hu\/kozosseg-es-kultura\/egy-matematikusnak-feladvany-a-bicikli\/","og_site_name":"\u0160koda We Love Cycling - Magyarorsz\u00e1g","article_publisher":"https:\/\/www.facebook.com\/WeLoveCyclingHungary\/","article_published_time":"2020-02-14T07:00:29+00:00","og_image":[{"width":1200,"height":798,"url":"https:\/\/d2p6e6u75xmxt8.cloudfront.net\/12\/2020\/02\/wlc_matematikus_01.jpeg","type":"image\/jpeg"}],"author":"hegyizs","twitter_card":"summary_large_image","twitter_misc":{"Written by":"WLC","Est. reading time":"3 minutes"},"schema":{"@context":"https:\/\/schema.org","@graph":[{"@type":"WebPage","@id":"https:\/\/www.welovecycling.com\/hu\/kozosseg-es-kultura\/egy-matematikusnak-feladvany-a-bicikli\/","url":"https:\/\/www.welovecycling.com\/hu\/kozosseg-es-kultura\/egy-matematikusnak-feladvany-a-bicikli\/","name":"Egy matematikusnak feladv\u00e1ny a bicikli - \u0160koda We Love Cycling - Magyarorsz\u00e1g","isPartOf":{"@id":"https:\/\/www.welovecycling.com\/hu\/#website"},"primaryImageOfPage":{"@id":"https:\/\/www.welovecycling.com\/hu\/kozosseg-es-kultura\/egy-matematikusnak-feladvany-a-bicikli\/#primaryimage"},"image":{"@id":"https:\/\/www.welovecycling.com\/hu\/kozosseg-es-kultura\/egy-matematikusnak-feladvany-a-bicikli\/#primaryimage"},"thumbnailUrl":"https:\/\/d2p6e6u75xmxt8.cloudfront.net\/12\/2020\/02\/wlc_matematikus_01.jpeg","datePublished":"2020-02-14T07:00:29+00:00","author":{"@id":"https:\/\/www.welovecycling.com\/hu\/#\/schema\/person\/414a2aebf1801691a5320edb6468e194"},"breadcrumb":{"@id":"https:\/\/www.welovecycling.com\/hu\/kozosseg-es-kultura\/egy-matematikusnak-feladvany-a-bicikli\/#breadcrumb"},"inLanguage":"hu","potentialAction":[{"@type":"ReadAction","target":["https:\/\/www.welovecycling.com\/hu\/kozosseg-es-kultura\/egy-matematikusnak-feladvany-a-bicikli\/"]}]},{"@type":"ImageObject","inLanguage":"hu","@id":"https:\/\/www.welovecycling.com\/hu\/kozosseg-es-kultura\/egy-matematikusnak-feladvany-a-bicikli\/#primaryimage","url":"https:\/\/d2p6e6u75xmxt8.cloudfront.net\/12\/2020\/02\/wlc_matematikus_01.jpeg","contentUrl":"https:\/\/d2p6e6u75xmxt8.cloudfront.net\/12\/2020\/02\/wlc_matematikus_01.jpeg","width":1200,"height":798},{"@type":"BreadcrumbList","@id":"https:\/\/www.welovecycling.com\/hu\/kozosseg-es-kultura\/egy-matematikusnak-feladvany-a-bicikli\/#breadcrumb","itemListElement":[{"@type":"ListItem","position":1,"name":"Home","item":"https:\/\/www.welovecycling.com\/hu\/"},{"@type":"ListItem","position":2,"name":"Egy matematikusnak feladv\u00e1ny a bicikli"}]},{"@type":"WebSite","@id":"https:\/\/www.welovecycling.com\/hu\/#website","url":"https:\/\/www.welovecycling.com\/hu\/","name":"\u0160koda We Love Cycling - Magyarorsz\u00e1g","description":"\u0160koda WeLoveCycling","potentialAction":[{"@type":"SearchAction","target":{"@type":"EntryPoint","urlTemplate":"https:\/\/www.welovecycling.com\/hu\/?s={search_term_string}"},"query-input":{"@type":"PropertyValueSpecification","valueRequired":true,"valueName":"search_term_string"}}],"inLanguage":"hu"},{"@type":"Person","@id":"https:\/\/www.welovecycling.com\/hu\/#\/schema\/person\/414a2aebf1801691a5320edb6468e194","name":"hegyizs","image":{"@type":"ImageObject","inLanguage":"hu","@id":"https:\/\/www.welovecycling.com\/hu\/#\/schema\/person\/image\/","url":"https:\/\/secure.gravatar.com\/avatar\/02cf8a7906b8cf90cecb4679defac7cfd33a1c2e3b88e4903d947f3bb58eedd3?s=96&d=mm&r=g","contentUrl":"https:\/\/secure.gravatar.com\/avatar\/02cf8a7906b8cf90cecb4679defac7cfd33a1c2e3b88e4903d947f3bb58eedd3?s=96&d=mm&r=g","caption":"hegyizs"},"url":"https:\/\/www.welovecycling.com\/hu\/author\/hegyizs\/"}]}},"_links":{"self":[{"href":"https:\/\/www.welovecycling.com\/hu\/wp-json\/wp\/v2\/posts\/6775","targetHints":{"allow":["GET"]}}],"collection":[{"href":"https:\/\/www.welovecycling.com\/hu\/wp-json\/wp\/v2\/posts"}],"about":[{"href":"https:\/\/www.welovecycling.com\/hu\/wp-json\/wp\/v2\/types\/post"}],"author":[{"embeddable":true,"href":"https:\/\/www.welovecycling.com\/hu\/wp-json\/wp\/v2\/users\/71"}],"replies":[{"embeddable":true,"href":"https:\/\/www.welovecycling.com\/hu\/wp-json\/wp\/v2\/comments?post=6775"}],"version-history":[{"count":1,"href":"https:\/\/www.welovecycling.com\/hu\/wp-json\/wp\/v2\/posts\/6775\/revisions"}],"predecessor-version":[{"id":6779,"href":"https:\/\/www.welovecycling.com\/hu\/wp-json\/wp\/v2\/posts\/6775\/revisions\/6779"}],"wp:featuredmedia":[{"embeddable":true,"href":"https:\/\/www.welovecycling.com\/hu\/wp-json\/wp\/v2\/media\/6776"}],"wp:attachment":[{"href":"https:\/\/www.welovecycling.com\/hu\/wp-json\/wp\/v2\/media?parent=6775"}],"wp:term":[{"taxonomy":"category","embeddable":true,"href":"https:\/\/www.welovecycling.com\/hu\/wp-json\/wp\/v2\/categories?post=6775"},{"taxonomy":"post_tag","embeddable":true,"href":"https:\/\/www.welovecycling.com\/hu\/wp-json\/wp\/v2\/tags?post=6775"},{"taxonomy":"global-categories","embeddable":true,"href":"https:\/\/www.welovecycling.com\/hu\/wp-json\/wp\/v2\/global-categories?post=6775"}],"curies":[{"name":"wp","href":"https:\/\/api.w.org\/{rel}","templated":true}]}}