{"id":6759,"date":"2020-02-06T08:00:52","date_gmt":"2020-02-06T07:00:52","guid":{"rendered":"https:\/\/www.welovecycling.com\/hu\/?p=6759"},"modified":"2020-02-11T14:46:27","modified_gmt":"2020-02-11T13:46:27","slug":"2300-km-bringan-a-szivdonor-edesanyjaig","status":"publish","type":"post","link":"https:\/\/www.welovecycling.com\/hu\/kozosseg-es-kultura\/2300-km-bringan-a-szivdonor-edesanyjaig\/","title":{"rendered":"2300 km bring\u00e1n, a sz\u00edvdonor \u00e9desanyj\u00e1ig"},"content":{"rendered":"<p><strong>Egy csal\u00e1d trag\u00e9di\u00e1ja lett Mike es\u00e9lye az \u00faj \u00e9letre, amikor megkapta James sz\u00edv\u00e9t. K\u00f6sz\u00f6netk\u00e9pp a fi\u00fa fel\u00fclt ker\u00e9kp\u00e1rj\u00e1ra \u00e9s hossz\u00fa utat tett meg, hogy elmondja a donor sz\u00fcleinek: biztons\u00e1gban van gyermek\u00fck sz\u00edve.<\/strong><!--more--><\/p>\n<p>A 32 \u00e9ves katonai pil\u00f3ta, James Mazzuchelli egy helikopterbaleset sor\u00e1n s\u00e9r\u00fclt meg. \u00c9desanyja, Christine Cheer 2018. febru\u00e1r 21-\u00e9n kapott egy \u00fczenetet, ami sz\u00e9tt\u00e9pte eddigi \u00e9let\u00e9t: <em>\u201eBaleset t\u00f6rt\u00e9nt.\u201d<\/em> F\u00e9rj\u00e9vel azonnal a k\u00f3rh\u00e1zba mentek, ahol m\u00e9g el tudtak b\u00facs\u00fazni fi\u00fakt\u00f3l. Christine eml\u00e9kezett r\u00e1, hogy a fi\u00fa m\u00e1r kamaszk\u00e9nt eld\u00f6nt\u00f6tte, hogy szervdonor akar majd lenni, \u00edgy \u00e9desanyja megtette a sz\u00fcks\u00e9ges l\u00e9p\u00e9seket. Bal ves\u00e9je San Diegoba, jobb ves\u00e9je egy veter\u00e1nhoz, m\u00e1ja egy harmadik helyre, a csontok pedig csontbankba ker\u00fcltek. A sz\u00edve maradt utolj\u00e1ra.<\/p>\n<figure id=\"attachment_6760\" aria-describedby=\"caption-attachment-6760\" style=\"width: 769px\" class=\"wp-caption aligncenter\"><img loading=\"lazy\" decoding=\"async\" class=\"size-full wp-image-6760\" src=\"https:\/\/d2p6e6u75xmxt8.cloudfront.net\/12\/2020\/02\/wlc_2300_02.jpg\" alt=\"\" width=\"769\" height=\"576\" srcset=\"https:\/\/d2p6e6u75xmxt8.cloudfront.net\/12\/2020\/02\/wlc_2300_02.jpg 769w, https:\/\/d2p6e6u75xmxt8.cloudfront.net\/12\/2020\/02\/wlc_2300_02-300x225.jpg 300w, https:\/\/d2p6e6u75xmxt8.cloudfront.net\/12\/2020\/02\/wlc_2300_02-768x575.jpg 768w\" sizes=\"auto, (max-width: 769px) 100vw, 769px\" \/><figcaption id=\"caption-attachment-6760\" class=\"wp-caption-text\">James Mazzuchelli hadnagy<\/figcaption><\/figure>\n<p>Mike Cohen nagy bajban volt. \u00c9ppen egy t\u00f6bbnapos t\u00far\u00e1n vett r\u00e9szt, amikor \u00e9szrevette, hogy sz\u00edve nem m\u0171k\u00f6dik egy\u00fctt vele. Tal\u00e1n nem evett vagy ivott eleget, esetleg kezd kimer\u00fclni? Bar\u00e1tja, Seton Egderton vele tartott a bringat\u00far\u00e1n \u00e9s amikor megl\u00e1tta Mike sz\u00edvmonitorj\u00e1t, k\u00e9ts\u00e9gbeesett. Mindketten azt gondolt\u00e1k: ez m\u00e9g csak az els\u0151 nap. Nem kellene le\u00e1llni?<\/p>\n<figure id=\"attachment_6761\" aria-describedby=\"caption-attachment-6761\" style=\"width: 960px\" class=\"wp-caption aligncenter\"><img loading=\"lazy\" decoding=\"async\" class=\"size-full wp-image-6761\" src=\"https:\/\/d2p6e6u75xmxt8.cloudfront.net\/12\/2020\/02\/wlc_2300_03.jpg\" alt=\"\" width=\"960\" height=\"640\" srcset=\"https:\/\/d2p6e6u75xmxt8.cloudfront.net\/12\/2020\/02\/wlc_2300_03.jpg 960w, https:\/\/d2p6e6u75xmxt8.cloudfront.net\/12\/2020\/02\/wlc_2300_03-300x200.jpg 300w, https:\/\/d2p6e6u75xmxt8.cloudfront.net\/12\/2020\/02\/wlc_2300_03-768x512.jpg 768w, https:\/\/d2p6e6u75xmxt8.cloudfront.net\/12\/2020\/02\/wlc_2300_03-272x182.jpg 272w\" sizes=\"auto, (max-width: 960px) 100vw, 960px\" \/><figcaption id=\"caption-attachment-6761\" class=\"wp-caption-text\">Mike Cohen a San Diegob\u00f3l indul\u00f3 t\u00fara els\u0151 napj\u00e1n<\/figcaption><\/figure>\n<p>18 h\u00f3nappal k\u00e9s\u0151bb, 2018. febru\u00e1r 24-\u00e9n, Mike Cohen a sulpizio-i Kardiovaszkul\u00e1ris K\u00f6zpontban v\u00e1rta \u00faj sz\u00edv\u00e9t. A transzplant\u00e1ci\u00f3s list\u00e1k igen tr\u00fckk\u00f6sek\u2026 el\u00e9g betegnek kell lenned ahhoz, hogy megkapj egy \u00faj szervet, de nem t\u00fal betegnek, ahhoz, hogy t\u00fal\u00e9ld a 12 \u00f3r\u00e1s m\u0171t\u00e9tet. Mike megfelelt ezeknek a felt\u00e9teleknek. Mozdulni sem tudott a gyenges\u00e9gt\u0151l, \u00edgy a lista elej\u00e9re ker\u00fclt.<\/p>\n<p>H\u00e1rom nappal azel\u0151tt t\u00f6lt\u00f6ttbe a 33. \u00e9v\u00e9t, \u00e9s ahogy elf\u00fajta a gyerty\u00e1kat, \u00faj sz\u00edvet k\u00edv\u00e1nt mag\u00e1nak. James baleset\u00e9nek napj\u00e1n azt mondt\u00e1k neki, hogy biztons\u00e1gban hazamehet, de nem val\u00f3sz\u00edn\u0171, hogy a k\u00f6zelj\u00f6v\u0151ben \u00faj szervet kap. M\u00e9g egy tr\u00fckk a list\u00e1val kapcsolatban \u2013 csak egy h\u00f3napig lehetsz a tetej\u00e9n.<\/p>\n<p>Mike csak 18 \u00e9ves volt, amikor leuk\u00e9mi\u00e1val diagnosztiz\u00e1lt\u00e1k. Tudta, hogy az akkori kezel\u00e9s \u00e1rtalmas lehet a sz\u00edvnek, de a r\u00e1k legy\u0151z\u00e9se fontosabb volt. V\u00e9gigcsin\u00e1lta teh\u00e1t a sug\u00e1rkezel\u00e9st, k\u00e9t \u00e9vvel k\u00e9s\u0151bb pedig gy\u00f3gyultnak nyilv\u00e1n\u00edtott\u00e1k. Amint lehetett, indult is t\u00far\u00e1zni \u00e9s biciklizni. Hat \u00e9vvel k\u00e9s\u0151bb, amikor \u00e9szrevette, hogy sz\u00edve furcs\u00e1n viselkedik, m\u00e9g nem gondolt arra, hogy nagy baj lehet. Azonban 2017-ben \u00e9les f\u00e1jdalmat \u00e9rzett a mellkas\u00e1ban, majd a bal karj\u00e1ban, \u00e9s \u00edrt testv\u00e9r\u00e9nek: <em>\u201eGyere gyorsan. K\u00f3rh\u00e1zba kell mennem.\u201d<\/em> Azt nem merte le\u00edrni, hogy \u00e9pp sz\u00edvrohama van.<\/p>\n<p>Nem ez volt az utols\u00f3 k\u00f3rh\u00e1zi l\u00e1togat\u00e1sa. A sz\u00edve lassan omlott \u00f6ssze.<\/p>\n<p>2018 febru\u00e1rj\u00e1ban teh\u00e1t fek\u00fcdt a k\u00f3rh\u00e1zi \u00e1gyon, \u00e9s \u00fagy tudta, nem kap sz\u00edvet. Ekkor bej\u00f6tt egy n\u0151v\u00e9r \u00e9s k\u00f6z\u00f6lte: van egy j\u00f3 \u00e9s egy rossz h\u00edre. A rossz, hogy m\u00e9gsem mehet ma haza. A j\u00f3, hogy tal\u00e1ltak sz\u00e1m\u00e1ra egy megfelel\u0151 donort.<\/p>\n<p>Az id\u0151 kulcsfontoss\u00e1g\u00fa t\u00e9nyez\u0151, ha szerv\u00e1t\u00fcltet\u00e9sr\u0151l van sz\u00f3. A James sz\u00edv\u00e9t sz\u00e1ll\u00edt\u00f3 alkalmazott nem tal\u00e1lkozott a fi\u00fa sz\u00fcleivel: mind\u00f6ssze n\u00e9h\u00e1ny \u00f3r\u00e1ja volt a szervet \u00faj tulajdonos\u00e1hoz vinni. Szerencs\u00e9re sikerrel j\u00e1rt, Mike a m\u0171t\u00e9t ut\u00e1n \u00faj sz\u00edvvel a mellkas\u00e1ban \u00e9bredt. Gyorsan l\u00e1badozott, az \u00faj szerv t\u00f6k\u00e9letesen m\u0171k\u00f6d\u00f6tt, \u00edgy k\u00e9t h\u00e9ttel k\u00e9s\u0151bb hazamehetett \u2013 eg\u00e9szs\u00e9gesen.<\/p>\n<figure id=\"attachment_6762\" aria-describedby=\"caption-attachment-6762\" style=\"width: 819px\" class=\"wp-caption aligncenter\"><img loading=\"lazy\" decoding=\"async\" class=\"size-large wp-image-6762\" src=\"https:\/\/d2p6e6u75xmxt8.cloudfront.net\/12\/2020\/02\/wlc_2300_04-819x1024.jpg\" alt=\"\" width=\"819\" height=\"1024\" srcset=\"https:\/\/d2p6e6u75xmxt8.cloudfront.net\/12\/2020\/02\/wlc_2300_04-819x1024.jpg 819w, https:\/\/d2p6e6u75xmxt8.cloudfront.net\/12\/2020\/02\/wlc_2300_04-240x300.jpg 240w, https:\/\/d2p6e6u75xmxt8.cloudfront.net\/12\/2020\/02\/wlc_2300_04-768x960.jpg 768w, https:\/\/d2p6e6u75xmxt8.cloudfront.net\/12\/2020\/02\/wlc_2300_04.jpg 980w\" sizes=\"auto, (max-width: 819px) 100vw, 819px\" \/><figcaption id=\"caption-attachment-6762\" class=\"wp-caption-text\">Mike a m\u0171t\u00e9t ut\u00e1n. @ Courtesy<\/figcaption><\/figure>\n<p>Hamarosan levelet kapott Christine-t\u0151l, amiben a n\u0151 le\u00edrta, mennyire fontos volt James sz\u00e1m\u00e1ra, hogy donor lehessen. Nem akarta, hogy b\u0171ntudatot \u00e9rezzenek azok, akik megkapt\u00e1k a szerveit. Ahogy Mike a levelet olvasta, egyre ink\u00e1bb meg\u00e9rtette, milyen k\u00fcl\u00f6nleges aj\u00e1nd\u00e9kot kapott. Ekkor d\u00f6nt\u00f6tt \u00fagy, hogy megl\u00e1togatja James sz\u00fcleit, \u00e9s elmondja nekik: fi\u00fak sz\u00edve biztons\u00e1gban van, vigy\u00e1z r\u00e1. Egy h\u00e9tig fogalmazta a v\u00e1laszt, amit v\u00e9g\u00fcl elk\u00fcld\u00f6tt Christine-nek. Elkezdtek besz\u00e9lgetni e-mailben, k\u00f6vett\u00e9k egym\u00e1st a k\u00f6z\u00f6ss\u00e9gi m\u00e9di\u00e1ban, \u00e9s a n\u0151nek m\u00e1r ez is megk\u00f6nnyebb\u00fcl\u00e9st hozott.<\/p>\n<p>Amint orvosa r\u00e1b\u00f3lintott, Mike bring\u00e1ra \u00fclt \u00e9s elindult Florid\u00e1ba, hogy szem\u00e9lyesen is tisztelet\u00e9t tegye. Felvett egy szem\u00e9lyi edz\u0151t, \u00e9s egy\u00fctt kidolgozt\u00e1k a tervet, aminek betart\u00e1s\u00e1val felk\u00e9sz\u00fclhetett az 1426 m\u00e9rf\u00f6ldes \u00fatra.<\/p>\n<p>A t\u00fara lass\u00fanak \u00edg\u00e9rkezett, hiszen \u00f3vatosnak kellett lennie. Kor\u00e1bban megtett volna napi 100 m\u00e9rf\u00f6ldet is, a mostani temp\u00f3j\u00e1val azonban k\u00e9t h\u00f3napos kir\u00e1ndul\u00e1sra kellett sz\u00e1m\u00edtania. Nem indult el egyed\u00fcl: transzplant\u00e1ci\u00f3 ut\u00e1n az immunrendszer gyenge, egy megf\u00e1z\u00e1s pedig ak\u00e1r v\u00e9gzetes is lehet, \u00edgy mindenk\u00e9pp olyan t\u00e1rsakat akart az \u00fatra, akikre sz\u00e1m\u00edthat. Megk\u00e9rte teh\u00e1t \u00f6ccs\u00e9t, az orvos Dant, \u00e9s bar\u00e1tj\u00e1t, Setont, tartsanak vele.<\/p>\n<figure id=\"attachment_6763\" aria-describedby=\"caption-attachment-6763\" style=\"width: 980px\" class=\"wp-caption aligncenter\"><img loading=\"lazy\" decoding=\"async\" class=\"size-full wp-image-6763\" src=\"https:\/\/d2p6e6u75xmxt8.cloudfront.net\/12\/2020\/02\/wlc_2300_05.jpg\" alt=\"\" width=\"980\" height=\"756\" srcset=\"https:\/\/d2p6e6u75xmxt8.cloudfront.net\/12\/2020\/02\/wlc_2300_05.jpg 980w, https:\/\/d2p6e6u75xmxt8.cloudfront.net\/12\/2020\/02\/wlc_2300_05-300x231.jpg 300w, https:\/\/d2p6e6u75xmxt8.cloudfront.net\/12\/2020\/02\/wlc_2300_05-768x592.jpg 768w\" sizes=\"auto, (max-width: 980px) 100vw, 980px\" \/><figcaption id=\"caption-attachment-6763\" class=\"wp-caption-text\">Mike \u00e9s Seton a t\u00fara egyik pihen\u0151je k\u00f6zben. @ John Francis Peters<\/figcaption><\/figure>\n<p>\u00c1tv\u00e1gtak teh\u00e1t Arizon\u00e1n \u00e9s Texason, elt\u00e9vedtek a sivatagban, 24-szer kaptak defektet, \u00e9s egyszer olyan barbeque-t ettek, amir\u0151l m\u00e9g napokig \u00e1lmodoztak. Nem mindig tal\u00e1ltak utat, ilyenkor let\u00e9rtek, j\u00e1rtak helyeken, ahol nem lett volna szabad, \u00e9s k\u00f6zben folyamatosan posztoltak, Christine pedig k\u00f6vette \u0151ket online. Dan egy j\u00f3l felszerelt RV-vel k\u00f6vette \u0151ket, hogy az orvosi ell\u00e1t\u00e1s biztos\u00edtsa.<\/p>\n<figure id=\"attachment_6764\" aria-describedby=\"caption-attachment-6764\" style=\"width: 960px\" class=\"wp-caption aligncenter\"><img loading=\"lazy\" decoding=\"async\" class=\"size-full wp-image-6764\" src=\"https:\/\/d2p6e6u75xmxt8.cloudfront.net\/12\/2020\/02\/wlc_2300_06.jpg\" alt=\"\" width=\"960\" height=\"639\" srcset=\"https:\/\/d2p6e6u75xmxt8.cloudfront.net\/12\/2020\/02\/wlc_2300_06.jpg 960w, https:\/\/d2p6e6u75xmxt8.cloudfront.net\/12\/2020\/02\/wlc_2300_06-300x200.jpg 300w, https:\/\/d2p6e6u75xmxt8.cloudfront.net\/12\/2020\/02\/wlc_2300_06-768x511.jpg 768w, https:\/\/d2p6e6u75xmxt8.cloudfront.net\/12\/2020\/02\/wlc_2300_06-272x182.jpg 272w\" sizes=\"auto, (max-width: 960px) 100vw, 960px\" \/><figcaption id=\"caption-attachment-6764\" class=\"wp-caption-text\">Az aut\u00f3 igen megk\u00f6nny\u00edtette a bring\u00e1sok \u00e9let\u00e9t. @ Charlotte Kesl<\/figcaption><\/figure>\n<p>2019. november 20-\u00e1n \u00e9rtek Jacksonville-be, kimer\u00fclten, a megf\u00e1z\u00e1s korai t\u00fcneteivel, sajg\u00f3 l\u00e1bakkal. Mike egyenesen a temet\u0151be tartott, itt tal\u00e1lkozott James sz\u00fcleivel.<\/p>\n<figure id=\"attachment_6765\" aria-describedby=\"caption-attachment-6765\" style=\"width: 768px\" class=\"wp-caption aligncenter\"><img loading=\"lazy\" decoding=\"async\" class=\"size-full wp-image-6765\" src=\"https:\/\/d2p6e6u75xmxt8.cloudfront.net\/12\/2020\/02\/wlc_2300_07.jpg\" alt=\"\" width=\"768\" height=\"768\" srcset=\"https:\/\/d2p6e6u75xmxt8.cloudfront.net\/12\/2020\/02\/wlc_2300_07.jpg 768w, https:\/\/d2p6e6u75xmxt8.cloudfront.net\/12\/2020\/02\/wlc_2300_07-150x150.jpg 150w, https:\/\/d2p6e6u75xmxt8.cloudfront.net\/12\/2020\/02\/wlc_2300_07-300x300.jpg 300w\" sizes=\"auto, (max-width: 768px) 100vw, 768px\" \/><figcaption id=\"caption-attachment-6765\" class=\"wp-caption-text\">Mike \u00e9s Christine els\u0151 tal\u00e1lkoz\u00e1sa @ Charlotte Kesl<\/figcaption><\/figure>\n<p>Mike egyszer\u0171en odas\u00e9t\u00e1lt hozz\u00e1juk, \u00e9s csak ennyit mondott: <em>Sziasztok.<\/em> De ez is el\u00e9g volt. Christine sz\u00edv\u00e9r\u0151l nagy k\u0151 esett le, ahogy megl\u00e1tta \u0151t. Mintha csak eg\u00e9sz \u00e9let\u00fckben ismert\u00e9k volna egym\u00e1st. Valaki szerzett egy sztetoszk\u00f3pot, \u00e9s meghallgatt\u00e1k, hogy dobog James sz\u00edve. Tiszt\u00e1n \u00e9s \u00fctemesen. A fi\u00fak legszebb r\u00e9sze \u00e9letben maradt.<\/p>\n<figure id=\"attachment_6766\" aria-describedby=\"caption-attachment-6766\" style=\"width: 980px\" class=\"wp-caption aligncenter\"><img loading=\"lazy\" decoding=\"async\" class=\"size-full wp-image-6766\" src=\"https:\/\/d2p6e6u75xmxt8.cloudfront.net\/12\/2020\/02\/wlc_2300_08.jpg\" alt=\"\" width=\"980\" height=\"653\" srcset=\"https:\/\/d2p6e6u75xmxt8.cloudfront.net\/12\/2020\/02\/wlc_2300_08.jpg 980w, https:\/\/d2p6e6u75xmxt8.cloudfront.net\/12\/2020\/02\/wlc_2300_08-300x200.jpg 300w, https:\/\/d2p6e6u75xmxt8.cloudfront.net\/12\/2020\/02\/wlc_2300_08-768x512.jpg 768w, https:\/\/d2p6e6u75xmxt8.cloudfront.net\/12\/2020\/02\/wlc_2300_08-272x182.jpg 272w\" sizes=\"auto, (max-width: 980px) 100vw, 980px\" \/><figcaption id=\"caption-attachment-6766\" class=\"wp-caption-text\">@ Charlotte Kesl<\/figcaption><\/figure>\n<p><em>Forr\u00e1s: <\/em><a href=\"https:\/\/www.bicycling.com\/rides\/a30458648\/heart-transplant-recipient-rides-1426-miles-to-meet-donors-family\/\"><em>bicycling.com<\/em><\/a><\/p>\n","protected":false},"excerpt":{"rendered":"<p>Egy csal\u00e1d trag\u00e9di\u00e1ja lett Mike es\u00e9lye az \u00faj \u00e9letre, amikor megkapta James sz\u00edv\u00e9t. K\u00f6sz\u00f6netk\u00e9pp a fi\u00fa fel\u00fclt ker\u00e9kp\u00e1rj\u00e1ra \u00e9s hossz\u00fa [&hellip;]<\/p>\n","protected":false},"author":71,"featured_media":6767,"comment_status":"open","ping_status":"open","sticky":false,"template":"","format":"standard","meta":{"footnotes":""},"categories":[12],"tags":[],"global-categories":[],"class_list":["post-6759","post","type-post","status-publish","format-standard","has-post-thumbnail","hentry","category-kozosseg-es-kultura"],"yoast_head":"<!-- This site is optimized with the Yoast SEO Premium plugin v25.3 (Yoast SEO v25.9) - https:\/\/yoast.com\/wordpress\/plugins\/seo\/ -->\n<title>2300 km bring\u00e1n, a sz\u00edvdonor \u00e9desanyj\u00e1ig - \u0160koda We Love Cycling - Magyarorsz\u00e1g<\/title>\n<meta name=\"robots\" content=\"index, follow, max-snippet:-1, max-image-preview:large, max-video-preview:-1\" \/>\n<link rel=\"canonical\" href=\"https:\/\/www.welovecycling.com\/hu\/kozosseg-es-kultura\/2300-km-bringan-a-szivdonor-edesanyjaig\/\" \/>\n<meta property=\"og:locale\" content=\"hu_HU\" \/>\n<meta property=\"og:type\" content=\"article\" \/>\n<meta property=\"og:title\" content=\"2300 km bring\u00e1n, a sz\u00edvdonor \u00e9desanyj\u00e1ig\" \/>\n<meta property=\"og:description\" content=\"Egy csal\u00e1d trag\u00e9di\u00e1ja lett Mike es\u00e9lye az \u00faj \u00e9letre, amikor megkapta James sz\u00edv\u00e9t. K\u00f6sz\u00f6netk\u00e9pp a fi\u00fa fel\u00fclt ker\u00e9kp\u00e1rj\u00e1ra \u00e9s hossz\u00fa [&hellip;]\" \/>\n<meta property=\"og:url\" content=\"https:\/\/www.welovecycling.com\/hu\/kozosseg-es-kultura\/2300-km-bringan-a-szivdonor-edesanyjaig\/\" \/>\n<meta property=\"og:site_name\" content=\"\u0160koda We Love Cycling - Magyarorsz\u00e1g\" \/>\n<meta property=\"article:publisher\" content=\"https:\/\/www.facebook.com\/WeLoveCyclingHungary\/\" \/>\n<meta property=\"article:published_time\" content=\"2020-02-06T07:00:52+00:00\" \/>\n<meta property=\"article:modified_time\" content=\"2020-02-11T13:46:27+00:00\" \/>\n<meta property=\"og:image\" content=\"https:\/\/d2p6e6u75xmxt8.cloudfront.net\/12\/2020\/02\/wlc_2300_01.jpg\" \/>\n\t<meta property=\"og:image:width\" content=\"1200\" \/>\n\t<meta property=\"og:image:height\" content=\"896\" \/>\n\t<meta property=\"og:image:type\" content=\"image\/jpeg\" \/>\n<meta name=\"author\" content=\"hegyizs\" \/>\n<meta name=\"twitter:card\" content=\"summary_large_image\" \/>\n<meta name=\"twitter:label1\" content=\"Written by\" \/>\n\t<meta name=\"twitter:data1\" content=\"WLC\" \/>\n\t<meta name=\"twitter:label2\" content=\"Est. reading time\" \/>\n\t<meta name=\"twitter:data2\" content=\"6 minutes\" \/>\n<script type=\"application\/ld+json\" class=\"yoast-schema-graph\">{\"@context\":\"https:\/\/schema.org\",\"@graph\":[{\"@type\":\"WebPage\",\"@id\":\"https:\/\/www.welovecycling.com\/hu\/kozosseg-es-kultura\/2300-km-bringan-a-szivdonor-edesanyjaig\/\",\"url\":\"https:\/\/www.welovecycling.com\/hu\/kozosseg-es-kultura\/2300-km-bringan-a-szivdonor-edesanyjaig\/\",\"name\":\"2300 km bring\u00e1n, a sz\u00edvdonor \u00e9desanyj\u00e1ig - \u0160koda We Love Cycling - Magyarorsz\u00e1g\",\"isPartOf\":{\"@id\":\"https:\/\/www.welovecycling.com\/hu\/#website\"},\"primaryImageOfPage\":{\"@id\":\"https:\/\/www.welovecycling.com\/hu\/kozosseg-es-kultura\/2300-km-bringan-a-szivdonor-edesanyjaig\/#primaryimage\"},\"image\":{\"@id\":\"https:\/\/www.welovecycling.com\/hu\/kozosseg-es-kultura\/2300-km-bringan-a-szivdonor-edesanyjaig\/#primaryimage\"},\"thumbnailUrl\":\"https:\/\/d2p6e6u75xmxt8.cloudfront.net\/12\/2020\/02\/wlc_2300_01.jpg\",\"datePublished\":\"2020-02-06T07:00:52+00:00\",\"dateModified\":\"2020-02-11T13:46:27+00:00\",\"author\":{\"@id\":\"https:\/\/www.welovecycling.com\/hu\/#\/schema\/person\/414a2aebf1801691a5320edb6468e194\"},\"breadcrumb\":{\"@id\":\"https:\/\/www.welovecycling.com\/hu\/kozosseg-es-kultura\/2300-km-bringan-a-szivdonor-edesanyjaig\/#breadcrumb\"},\"inLanguage\":\"hu\",\"potentialAction\":[{\"@type\":\"ReadAction\",\"target\":[\"https:\/\/www.welovecycling.com\/hu\/kozosseg-es-kultura\/2300-km-bringan-a-szivdonor-edesanyjaig\/\"]}]},{\"@type\":\"ImageObject\",\"inLanguage\":\"hu\",\"@id\":\"https:\/\/www.welovecycling.com\/hu\/kozosseg-es-kultura\/2300-km-bringan-a-szivdonor-edesanyjaig\/#primaryimage\",\"url\":\"https:\/\/d2p6e6u75xmxt8.cloudfront.net\/12\/2020\/02\/wlc_2300_01.jpg\",\"contentUrl\":\"https:\/\/d2p6e6u75xmxt8.cloudfront.net\/12\/2020\/02\/wlc_2300_01.jpg\",\"width\":1200,\"height\":896},{\"@type\":\"BreadcrumbList\",\"@id\":\"https:\/\/www.welovecycling.com\/hu\/kozosseg-es-kultura\/2300-km-bringan-a-szivdonor-edesanyjaig\/#breadcrumb\",\"itemListElement\":[{\"@type\":\"ListItem\",\"position\":1,\"name\":\"Home\",\"item\":\"https:\/\/www.welovecycling.com\/hu\/\"},{\"@type\":\"ListItem\",\"position\":2,\"name\":\"2300 km bring\u00e1n, a sz\u00edvdonor \u00e9desanyj\u00e1ig\"}]},{\"@type\":\"WebSite\",\"@id\":\"https:\/\/www.welovecycling.com\/hu\/#website\",\"url\":\"https:\/\/www.welovecycling.com\/hu\/\",\"name\":\"\u0160koda We Love Cycling - Magyarorsz\u00e1g\",\"description\":\"\u0160koda WeLoveCycling\",\"potentialAction\":[{\"@type\":\"SearchAction\",\"target\":{\"@type\":\"EntryPoint\",\"urlTemplate\":\"https:\/\/www.welovecycling.com\/hu\/?s={search_term_string}\"},\"query-input\":{\"@type\":\"PropertyValueSpecification\",\"valueRequired\":true,\"valueName\":\"search_term_string\"}}],\"inLanguage\":\"hu\"},{\"@type\":\"Person\",\"@id\":\"https:\/\/www.welovecycling.com\/hu\/#\/schema\/person\/414a2aebf1801691a5320edb6468e194\",\"name\":\"hegyizs\",\"image\":{\"@type\":\"ImageObject\",\"inLanguage\":\"hu\",\"@id\":\"https:\/\/www.welovecycling.com\/hu\/#\/schema\/person\/image\/\",\"url\":\"https:\/\/secure.gravatar.com\/avatar\/02cf8a7906b8cf90cecb4679defac7cfd33a1c2e3b88e4903d947f3bb58eedd3?s=96&d=mm&r=g\",\"contentUrl\":\"https:\/\/secure.gravatar.com\/avatar\/02cf8a7906b8cf90cecb4679defac7cfd33a1c2e3b88e4903d947f3bb58eedd3?s=96&d=mm&r=g\",\"caption\":\"hegyizs\"},\"url\":\"https:\/\/www.welovecycling.com\/hu\/author\/hegyizs\/\"}]}<\/script>\n<!-- \/ Yoast SEO Premium plugin. -->","yoast_head_json":{"title":"2300 km bring\u00e1n, a sz\u00edvdonor \u00e9desanyj\u00e1ig - \u0160koda We Love Cycling - Magyarorsz\u00e1g","robots":{"index":"index","follow":"follow","max-snippet":"max-snippet:-1","max-image-preview":"max-image-preview:large","max-video-preview":"max-video-preview:-1"},"canonical":"https:\/\/www.welovecycling.com\/hu\/kozosseg-es-kultura\/2300-km-bringan-a-szivdonor-edesanyjaig\/","og_locale":"hu_HU","og_type":"article","og_title":"2300 km bring\u00e1n, a sz\u00edvdonor \u00e9desanyj\u00e1ig","og_description":"Egy csal\u00e1d trag\u00e9di\u00e1ja lett Mike es\u00e9lye az \u00faj \u00e9letre, amikor megkapta James sz\u00edv\u00e9t. K\u00f6sz\u00f6netk\u00e9pp a fi\u00fa fel\u00fclt ker\u00e9kp\u00e1rj\u00e1ra \u00e9s hossz\u00fa [&hellip;]","og_url":"https:\/\/www.welovecycling.com\/hu\/kozosseg-es-kultura\/2300-km-bringan-a-szivdonor-edesanyjaig\/","og_site_name":"\u0160koda We Love Cycling - Magyarorsz\u00e1g","article_publisher":"https:\/\/www.facebook.com\/WeLoveCyclingHungary\/","article_published_time":"2020-02-06T07:00:52+00:00","article_modified_time":"2020-02-11T13:46:27+00:00","og_image":[{"width":1200,"height":896,"url":"https:\/\/d2p6e6u75xmxt8.cloudfront.net\/12\/2020\/02\/wlc_2300_01.jpg","type":"image\/jpeg"}],"author":"hegyizs","twitter_card":"summary_large_image","twitter_misc":{"Written by":"WLC","Est. reading time":"6 minutes"},"schema":{"@context":"https:\/\/schema.org","@graph":[{"@type":"WebPage","@id":"https:\/\/www.welovecycling.com\/hu\/kozosseg-es-kultura\/2300-km-bringan-a-szivdonor-edesanyjaig\/","url":"https:\/\/www.welovecycling.com\/hu\/kozosseg-es-kultura\/2300-km-bringan-a-szivdonor-edesanyjaig\/","name":"2300 km bring\u00e1n, a sz\u00edvdonor \u00e9desanyj\u00e1ig - \u0160koda We Love Cycling - Magyarorsz\u00e1g","isPartOf":{"@id":"https:\/\/www.welovecycling.com\/hu\/#website"},"primaryImageOfPage":{"@id":"https:\/\/www.welovecycling.com\/hu\/kozosseg-es-kultura\/2300-km-bringan-a-szivdonor-edesanyjaig\/#primaryimage"},"image":{"@id":"https:\/\/www.welovecycling.com\/hu\/kozosseg-es-kultura\/2300-km-bringan-a-szivdonor-edesanyjaig\/#primaryimage"},"thumbnailUrl":"https:\/\/d2p6e6u75xmxt8.cloudfront.net\/12\/2020\/02\/wlc_2300_01.jpg","datePublished":"2020-02-06T07:00:52+00:00","dateModified":"2020-02-11T13:46:27+00:00","author":{"@id":"https:\/\/www.welovecycling.com\/hu\/#\/schema\/person\/414a2aebf1801691a5320edb6468e194"},"breadcrumb":{"@id":"https:\/\/www.welovecycling.com\/hu\/kozosseg-es-kultura\/2300-km-bringan-a-szivdonor-edesanyjaig\/#breadcrumb"},"inLanguage":"hu","potentialAction":[{"@type":"ReadAction","target":["https:\/\/www.welovecycling.com\/hu\/kozosseg-es-kultura\/2300-km-bringan-a-szivdonor-edesanyjaig\/"]}]},{"@type":"ImageObject","inLanguage":"hu","@id":"https:\/\/www.welovecycling.com\/hu\/kozosseg-es-kultura\/2300-km-bringan-a-szivdonor-edesanyjaig\/#primaryimage","url":"https:\/\/d2p6e6u75xmxt8.cloudfront.net\/12\/2020\/02\/wlc_2300_01.jpg","contentUrl":"https:\/\/d2p6e6u75xmxt8.cloudfront.net\/12\/2020\/02\/wlc_2300_01.jpg","width":1200,"height":896},{"@type":"BreadcrumbList","@id":"https:\/\/www.welovecycling.com\/hu\/kozosseg-es-kultura\/2300-km-bringan-a-szivdonor-edesanyjaig\/#breadcrumb","itemListElement":[{"@type":"ListItem","position":1,"name":"Home","item":"https:\/\/www.welovecycling.com\/hu\/"},{"@type":"ListItem","position":2,"name":"2300 km bring\u00e1n, a sz\u00edvdonor \u00e9desanyj\u00e1ig"}]},{"@type":"WebSite","@id":"https:\/\/www.welovecycling.com\/hu\/#website","url":"https:\/\/www.welovecycling.com\/hu\/","name":"\u0160koda We Love Cycling - Magyarorsz\u00e1g","description":"\u0160koda WeLoveCycling","potentialAction":[{"@type":"SearchAction","target":{"@type":"EntryPoint","urlTemplate":"https:\/\/www.welovecycling.com\/hu\/?s={search_term_string}"},"query-input":{"@type":"PropertyValueSpecification","valueRequired":true,"valueName":"search_term_string"}}],"inLanguage":"hu"},{"@type":"Person","@id":"https:\/\/www.welovecycling.com\/hu\/#\/schema\/person\/414a2aebf1801691a5320edb6468e194","name":"hegyizs","image":{"@type":"ImageObject","inLanguage":"hu","@id":"https:\/\/www.welovecycling.com\/hu\/#\/schema\/person\/image\/","url":"https:\/\/secure.gravatar.com\/avatar\/02cf8a7906b8cf90cecb4679defac7cfd33a1c2e3b88e4903d947f3bb58eedd3?s=96&d=mm&r=g","contentUrl":"https:\/\/secure.gravatar.com\/avatar\/02cf8a7906b8cf90cecb4679defac7cfd33a1c2e3b88e4903d947f3bb58eedd3?s=96&d=mm&r=g","caption":"hegyizs"},"url":"https:\/\/www.welovecycling.com\/hu\/author\/hegyizs\/"}]}},"_links":{"self":[{"href":"https:\/\/www.welovecycling.com\/hu\/wp-json\/wp\/v2\/posts\/6759","targetHints":{"allow":["GET"]}}],"collection":[{"href":"https:\/\/www.welovecycling.com\/hu\/wp-json\/wp\/v2\/posts"}],"about":[{"href":"https:\/\/www.welovecycling.com\/hu\/wp-json\/wp\/v2\/types\/post"}],"author":[{"embeddable":true,"href":"https:\/\/www.welovecycling.com\/hu\/wp-json\/wp\/v2\/users\/71"}],"replies":[{"embeddable":true,"href":"https:\/\/www.welovecycling.com\/hu\/wp-json\/wp\/v2\/comments?post=6759"}],"version-history":[{"count":1,"href":"https:\/\/www.welovecycling.com\/hu\/wp-json\/wp\/v2\/posts\/6759\/revisions"}],"predecessor-version":[{"id":6768,"href":"https:\/\/www.welovecycling.com\/hu\/wp-json\/wp\/v2\/posts\/6759\/revisions\/6768"}],"wp:featuredmedia":[{"embeddable":true,"href":"https:\/\/www.welovecycling.com\/hu\/wp-json\/wp\/v2\/media\/6767"}],"wp:attachment":[{"href":"https:\/\/www.welovecycling.com\/hu\/wp-json\/wp\/v2\/media?parent=6759"}],"wp:term":[{"taxonomy":"category","embeddable":true,"href":"https:\/\/www.welovecycling.com\/hu\/wp-json\/wp\/v2\/categories?post=6759"},{"taxonomy":"post_tag","embeddable":true,"href":"https:\/\/www.welovecycling.com\/hu\/wp-json\/wp\/v2\/tags?post=6759"},{"taxonomy":"global-categories","embeddable":true,"href":"https:\/\/www.welovecycling.com\/hu\/wp-json\/wp\/v2\/global-categories?post=6759"}],"curies":[{"name":"wp","href":"https:\/\/api.w.org\/{rel}","templated":true}]}}