{"id":6753,"date":"2020-02-04T08:00:40","date_gmt":"2020-02-04T07:00:40","guid":{"rendered":"https:\/\/www.welovecycling.com\/hu\/?p=6753"},"modified":"2020-01-31T14:31:19","modified_gmt":"2020-01-31T13:31:19","slug":"ereklyegyujtest-szervez-a-budapesti-torteneti-muzeum-giro-ditalia-kiallitasahoz","status":"publish","type":"post","link":"https:\/\/www.welovecycling.com\/hu\/kozosseg-es-kultura\/ereklyegyujtest-szervez-a-budapesti-torteneti-muzeum-giro-ditalia-kiallitasahoz\/","title":{"rendered":"Ereklyegy\u0171jt\u00e9st szervez a Budapesti T\u00f6rt\u00e9neti M\u00fazeum Giro d\u2019Italia-ki\u00e1ll\u00edt\u00e1s\u00e1hoz"},"content":{"rendered":"<p><strong>J\u00e1rt\u00e1l m\u00e1r Giro-n vagy Tour de Hongrie-n szurkolni? Begy\u0171jt\u00f6tted esetleg Nibali eldobott kulacs\u00e1t, vagy van Chris Froome \u00e1ltal dedik\u00e1lt f\u00e9nyk\u00e9ped? Sz\u00edvesen venn\u00e9d, ha m\u00e1sok is l\u00e1tn\u00e1k a f\u00e9ltve \u0151rz\u00f6tt ker\u00e9kp\u00e1ros erekly\u00e9idet?<\/strong><!--more--><\/p>\n<p>A Budapesti T\u00f6rt\u00e9neti M\u00fazeum a Giro d\u2019Italia magyarorsz\u00e1gi rajtja kapcs\u00e1n a Giro \u00e9s a magyar orsz\u00e1g\u00fati ker\u00e9kp\u00e1rsport t\u00f6rt\u00e9net\u00e9t bemutat\u00f3, nagyszab\u00e1s\u00fa id\u0151szaki ki\u00e1ll\u00edt\u00e1st rendez 2020. \u00e1prilis 18. \u00e9s j\u00fanius 28. k\u00f6z\u00f6tt. A t\u00e1rlat az olaszorsz\u00e1gi Ghisalloban tal\u00e1lhat\u00f3 ker\u00e9kp\u00e1ros m\u00fazeum relikvi\u00e1i mellett a hazai gy\u0171jt\u0151k anyagaira is \u00e9p\u00edt, emellett szeretn\u00e9nk bevonni a ki\u00e1ll\u00edt\u00e1sba a magyar ker\u00e9kp\u00e1ros k\u00f6z\u00f6ss\u00e9get is, \u00edgy \u00f6r\u00f6mmel v\u00e1rnak k\u00f6lcs\u00f6nz\u00e9sre minden olyan, kimondottan a Giro-hoz \u00e9s a Tour de Hongrie-hoz kapcsol\u00f3d\u00f3 t\u00e1rgyat \u00e9s szem\u00e9lyes t\u00f6rt\u00e9netet, melyet a t\u00e1rlaton mutatnak be. A felaj\u00e1nl\u00e1sokat 2020. febru\u00e1r 20-ig v\u00e1rj\u00e1k.<\/p>\n<p>A szervez\u0151k a ki\u00e1ll\u00edtott t\u00e1rgyak tulajdonosai sz\u00e1m\u00e1ra 2 f\u0151 r\u00e9sz\u00e9re sz\u00f3l\u00f3 m\u00fazeumi bel\u00e9p\u0151jegyet biztos\u00edtanak \u00e9s a ki\u00e1ll\u00edt\u00e1s katal\u00f3gus\u00e1b\u00f3l is kisorsolnak 3 p\u00e9ld\u00e1nyt a k\u00f6lcs\u00f6nz\u0151 szem\u00e9lyek k\u00f6z\u00f6tt, illetve a bemutatott t\u00e1rgyak mellett a tulajdonosok nev\u00e9t is felt\u00fcntetik.<\/p>\n<p><strong>Tov\u00e1bbi inform\u00e1ci\u00f3:<\/strong><br \/>\nBalla Lor\u00e1nd kur\u00e1tor<br \/>\n<a href=\"mailto:girobp2020@btm.hu\">girobp2020@btm.hu<\/a><br \/>\n<a href=\"tel:+36203850342\">06-20-385-0342<\/a><\/p>\n","protected":false},"excerpt":{"rendered":"<p>J\u00e1rt\u00e1l m\u00e1r Giro-n vagy Tour de Hongrie-n szurkolni? Begy\u0171jt\u00f6tted esetleg Nibali eldobott kulacs\u00e1t, vagy van Chris Froome \u00e1ltal dedik\u00e1lt f\u00e9nyk\u00e9ped? [&hellip;]<\/p>\n","protected":false},"author":71,"featured_media":6754,"comment_status":"open","ping_status":"open","sticky":false,"template":"","format":"standard","meta":{"footnotes":""},"categories":[12],"tags":[],"global-categories":[],"class_list":["post-6753","post","type-post","status-publish","format-standard","has-post-thumbnail","hentry","category-kozosseg-es-kultura"],"yoast_head":"<!-- This site is optimized with the Yoast SEO Premium plugin v25.3 (Yoast SEO v25.9) - https:\/\/yoast.com\/wordpress\/plugins\/seo\/ -->\n<title>Ereklyegy\u0171jt\u00e9st szervez a Budapesti T\u00f6rt\u00e9neti M\u00fazeum Giro d\u2019Italia-ki\u00e1ll\u00edt\u00e1s\u00e1hoz - \u0160koda We Love Cycling - Magyarorsz\u00e1g<\/title>\n<meta name=\"robots\" content=\"index, follow, max-snippet:-1, max-image-preview:large, max-video-preview:-1\" \/>\n<link rel=\"canonical\" href=\"https:\/\/www.welovecycling.com\/hu\/kozosseg-es-kultura\/ereklyegyujtest-szervez-a-budapesti-torteneti-muzeum-giro-ditalia-kiallitasahoz\/\" \/>\n<meta property=\"og:locale\" content=\"hu_HU\" \/>\n<meta property=\"og:type\" content=\"article\" \/>\n<meta property=\"og:title\" content=\"Ereklyegy\u0171jt\u00e9st szervez a Budapesti T\u00f6rt\u00e9neti M\u00fazeum Giro d\u2019Italia-ki\u00e1ll\u00edt\u00e1s\u00e1hoz\" \/>\n<meta property=\"og:description\" content=\"J\u00e1rt\u00e1l m\u00e1r Giro-n vagy Tour de Hongrie-n szurkolni? Begy\u0171jt\u00f6tted esetleg Nibali eldobott kulacs\u00e1t, vagy van Chris Froome \u00e1ltal dedik\u00e1lt f\u00e9nyk\u00e9ped? [&hellip;]\" \/>\n<meta property=\"og:url\" content=\"https:\/\/www.welovecycling.com\/hu\/kozosseg-es-kultura\/ereklyegyujtest-szervez-a-budapesti-torteneti-muzeum-giro-ditalia-kiallitasahoz\/\" \/>\n<meta property=\"og:site_name\" content=\"\u0160koda We Love Cycling - Magyarorsz\u00e1g\" \/>\n<meta property=\"article:publisher\" content=\"https:\/\/www.facebook.com\/WeLoveCyclingHungary\/\" \/>\n<meta property=\"article:published_time\" content=\"2020-02-04T07:00:40+00:00\" \/>\n<meta property=\"og:image\" content=\"https:\/\/d2p6e6u75xmxt8.cloudfront.net\/12\/2020\/01\/pexels-photo-247929_wlc_giro.jpeg\" \/>\n\t<meta property=\"og:image:width\" content=\"1125\" \/>\n\t<meta property=\"og:image:height\" content=\"750\" \/>\n\t<meta property=\"og:image:type\" content=\"image\/jpeg\" \/>\n<meta name=\"author\" content=\"hegyizs\" \/>\n<meta name=\"twitter:card\" content=\"summary_large_image\" \/>\n<meta name=\"twitter:label1\" content=\"Written by\" \/>\n\t<meta name=\"twitter:data1\" content=\"WLC\" \/>\n\t<meta name=\"twitter:label2\" content=\"Est. reading time\" \/>\n\t<meta name=\"twitter:data2\" content=\"1 minute\" \/>\n<script type=\"application\/ld+json\" class=\"yoast-schema-graph\">{\"@context\":\"https:\/\/schema.org\",\"@graph\":[{\"@type\":\"WebPage\",\"@id\":\"https:\/\/www.welovecycling.com\/hu\/kozosseg-es-kultura\/ereklyegyujtest-szervez-a-budapesti-torteneti-muzeum-giro-ditalia-kiallitasahoz\/\",\"url\":\"https:\/\/www.welovecycling.com\/hu\/kozosseg-es-kultura\/ereklyegyujtest-szervez-a-budapesti-torteneti-muzeum-giro-ditalia-kiallitasahoz\/\",\"name\":\"Ereklyegy\u0171jt\u00e9st szervez a Budapesti T\u00f6rt\u00e9neti M\u00fazeum Giro d\u2019Italia-ki\u00e1ll\u00edt\u00e1s\u00e1hoz - \u0160koda We Love Cycling - Magyarorsz\u00e1g\",\"isPartOf\":{\"@id\":\"https:\/\/www.welovecycling.com\/hu\/#website\"},\"primaryImageOfPage\":{\"@id\":\"https:\/\/www.welovecycling.com\/hu\/kozosseg-es-kultura\/ereklyegyujtest-szervez-a-budapesti-torteneti-muzeum-giro-ditalia-kiallitasahoz\/#primaryimage\"},\"image\":{\"@id\":\"https:\/\/www.welovecycling.com\/hu\/kozosseg-es-kultura\/ereklyegyujtest-szervez-a-budapesti-torteneti-muzeum-giro-ditalia-kiallitasahoz\/#primaryimage\"},\"thumbnailUrl\":\"https:\/\/d2p6e6u75xmxt8.cloudfront.net\/12\/2020\/01\/pexels-photo-247929_wlc_giro.jpeg\",\"datePublished\":\"2020-02-04T07:00:40+00:00\",\"author\":{\"@id\":\"https:\/\/www.welovecycling.com\/hu\/#\/schema\/person\/414a2aebf1801691a5320edb6468e194\"},\"breadcrumb\":{\"@id\":\"https:\/\/www.welovecycling.com\/hu\/kozosseg-es-kultura\/ereklyegyujtest-szervez-a-budapesti-torteneti-muzeum-giro-ditalia-kiallitasahoz\/#breadcrumb\"},\"inLanguage\":\"hu\",\"potentialAction\":[{\"@type\":\"ReadAction\",\"target\":[\"https:\/\/www.welovecycling.com\/hu\/kozosseg-es-kultura\/ereklyegyujtest-szervez-a-budapesti-torteneti-muzeum-giro-ditalia-kiallitasahoz\/\"]}]},{\"@type\":\"ImageObject\",\"inLanguage\":\"hu\",\"@id\":\"https:\/\/www.welovecycling.com\/hu\/kozosseg-es-kultura\/ereklyegyujtest-szervez-a-budapesti-torteneti-muzeum-giro-ditalia-kiallitasahoz\/#primaryimage\",\"url\":\"https:\/\/d2p6e6u75xmxt8.cloudfront.net\/12\/2020\/01\/pexels-photo-247929_wlc_giro.jpeg\",\"contentUrl\":\"https:\/\/d2p6e6u75xmxt8.cloudfront.net\/12\/2020\/01\/pexels-photo-247929_wlc_giro.jpeg\",\"width\":1125,\"height\":750},{\"@type\":\"BreadcrumbList\",\"@id\":\"https:\/\/www.welovecycling.com\/hu\/kozosseg-es-kultura\/ereklyegyujtest-szervez-a-budapesti-torteneti-muzeum-giro-ditalia-kiallitasahoz\/#breadcrumb\",\"itemListElement\":[{\"@type\":\"ListItem\",\"position\":1,\"name\":\"Home\",\"item\":\"https:\/\/www.welovecycling.com\/hu\/\"},{\"@type\":\"ListItem\",\"position\":2,\"name\":\"Ereklyegy\u0171jt\u00e9st szervez a Budapesti T\u00f6rt\u00e9neti M\u00fazeum Giro d\u2019Italia-ki\u00e1ll\u00edt\u00e1s\u00e1hoz\"}]},{\"@type\":\"WebSite\",\"@id\":\"https:\/\/www.welovecycling.com\/hu\/#website\",\"url\":\"https:\/\/www.welovecycling.com\/hu\/\",\"name\":\"\u0160koda We Love Cycling - Magyarorsz\u00e1g\",\"description\":\"\u0160koda WeLoveCycling\",\"potentialAction\":[{\"@type\":\"SearchAction\",\"target\":{\"@type\":\"EntryPoint\",\"urlTemplate\":\"https:\/\/www.welovecycling.com\/hu\/?s={search_term_string}\"},\"query-input\":{\"@type\":\"PropertyValueSpecification\",\"valueRequired\":true,\"valueName\":\"search_term_string\"}}],\"inLanguage\":\"hu\"},{\"@type\":\"Person\",\"@id\":\"https:\/\/www.welovecycling.com\/hu\/#\/schema\/person\/414a2aebf1801691a5320edb6468e194\",\"name\":\"hegyizs\",\"image\":{\"@type\":\"ImageObject\",\"inLanguage\":\"hu\",\"@id\":\"https:\/\/www.welovecycling.com\/hu\/#\/schema\/person\/image\/\",\"url\":\"https:\/\/secure.gravatar.com\/avatar\/02cf8a7906b8cf90cecb4679defac7cfd33a1c2e3b88e4903d947f3bb58eedd3?s=96&d=mm&r=g\",\"contentUrl\":\"https:\/\/secure.gravatar.com\/avatar\/02cf8a7906b8cf90cecb4679defac7cfd33a1c2e3b88e4903d947f3bb58eedd3?s=96&d=mm&r=g\",\"caption\":\"hegyizs\"},\"url\":\"https:\/\/www.welovecycling.com\/hu\/author\/hegyizs\/\"}]}<\/script>\n<!-- \/ Yoast SEO Premium plugin. -->","yoast_head_json":{"title":"Ereklyegy\u0171jt\u00e9st szervez a Budapesti T\u00f6rt\u00e9neti M\u00fazeum Giro d\u2019Italia-ki\u00e1ll\u00edt\u00e1s\u00e1hoz - \u0160koda We Love Cycling - Magyarorsz\u00e1g","robots":{"index":"index","follow":"follow","max-snippet":"max-snippet:-1","max-image-preview":"max-image-preview:large","max-video-preview":"max-video-preview:-1"},"canonical":"https:\/\/www.welovecycling.com\/hu\/kozosseg-es-kultura\/ereklyegyujtest-szervez-a-budapesti-torteneti-muzeum-giro-ditalia-kiallitasahoz\/","og_locale":"hu_HU","og_type":"article","og_title":"Ereklyegy\u0171jt\u00e9st szervez a Budapesti T\u00f6rt\u00e9neti M\u00fazeum Giro d\u2019Italia-ki\u00e1ll\u00edt\u00e1s\u00e1hoz","og_description":"J\u00e1rt\u00e1l m\u00e1r Giro-n vagy Tour de Hongrie-n szurkolni? Begy\u0171jt\u00f6tted esetleg Nibali eldobott kulacs\u00e1t, vagy van Chris Froome \u00e1ltal dedik\u00e1lt f\u00e9nyk\u00e9ped? [&hellip;]","og_url":"https:\/\/www.welovecycling.com\/hu\/kozosseg-es-kultura\/ereklyegyujtest-szervez-a-budapesti-torteneti-muzeum-giro-ditalia-kiallitasahoz\/","og_site_name":"\u0160koda We Love Cycling - Magyarorsz\u00e1g","article_publisher":"https:\/\/www.facebook.com\/WeLoveCyclingHungary\/","article_published_time":"2020-02-04T07:00:40+00:00","og_image":[{"width":1125,"height":750,"url":"https:\/\/d2p6e6u75xmxt8.cloudfront.net\/12\/2020\/01\/pexels-photo-247929_wlc_giro.jpeg","type":"image\/jpeg"}],"author":"hegyizs","twitter_card":"summary_large_image","twitter_misc":{"Written by":"WLC","Est. reading time":"1 minute"},"schema":{"@context":"https:\/\/schema.org","@graph":[{"@type":"WebPage","@id":"https:\/\/www.welovecycling.com\/hu\/kozosseg-es-kultura\/ereklyegyujtest-szervez-a-budapesti-torteneti-muzeum-giro-ditalia-kiallitasahoz\/","url":"https:\/\/www.welovecycling.com\/hu\/kozosseg-es-kultura\/ereklyegyujtest-szervez-a-budapesti-torteneti-muzeum-giro-ditalia-kiallitasahoz\/","name":"Ereklyegy\u0171jt\u00e9st szervez a Budapesti T\u00f6rt\u00e9neti M\u00fazeum Giro d\u2019Italia-ki\u00e1ll\u00edt\u00e1s\u00e1hoz - \u0160koda We Love Cycling - Magyarorsz\u00e1g","isPartOf":{"@id":"https:\/\/www.welovecycling.com\/hu\/#website"},"primaryImageOfPage":{"@id":"https:\/\/www.welovecycling.com\/hu\/kozosseg-es-kultura\/ereklyegyujtest-szervez-a-budapesti-torteneti-muzeum-giro-ditalia-kiallitasahoz\/#primaryimage"},"image":{"@id":"https:\/\/www.welovecycling.com\/hu\/kozosseg-es-kultura\/ereklyegyujtest-szervez-a-budapesti-torteneti-muzeum-giro-ditalia-kiallitasahoz\/#primaryimage"},"thumbnailUrl":"https:\/\/d2p6e6u75xmxt8.cloudfront.net\/12\/2020\/01\/pexels-photo-247929_wlc_giro.jpeg","datePublished":"2020-02-04T07:00:40+00:00","author":{"@id":"https:\/\/www.welovecycling.com\/hu\/#\/schema\/person\/414a2aebf1801691a5320edb6468e194"},"breadcrumb":{"@id":"https:\/\/www.welovecycling.com\/hu\/kozosseg-es-kultura\/ereklyegyujtest-szervez-a-budapesti-torteneti-muzeum-giro-ditalia-kiallitasahoz\/#breadcrumb"},"inLanguage":"hu","potentialAction":[{"@type":"ReadAction","target":["https:\/\/www.welovecycling.com\/hu\/kozosseg-es-kultura\/ereklyegyujtest-szervez-a-budapesti-torteneti-muzeum-giro-ditalia-kiallitasahoz\/"]}]},{"@type":"ImageObject","inLanguage":"hu","@id":"https:\/\/www.welovecycling.com\/hu\/kozosseg-es-kultura\/ereklyegyujtest-szervez-a-budapesti-torteneti-muzeum-giro-ditalia-kiallitasahoz\/#primaryimage","url":"https:\/\/d2p6e6u75xmxt8.cloudfront.net\/12\/2020\/01\/pexels-photo-247929_wlc_giro.jpeg","contentUrl":"https:\/\/d2p6e6u75xmxt8.cloudfront.net\/12\/2020\/01\/pexels-photo-247929_wlc_giro.jpeg","width":1125,"height":750},{"@type":"BreadcrumbList","@id":"https:\/\/www.welovecycling.com\/hu\/kozosseg-es-kultura\/ereklyegyujtest-szervez-a-budapesti-torteneti-muzeum-giro-ditalia-kiallitasahoz\/#breadcrumb","itemListElement":[{"@type":"ListItem","position":1,"name":"Home","item":"https:\/\/www.welovecycling.com\/hu\/"},{"@type":"ListItem","position":2,"name":"Ereklyegy\u0171jt\u00e9st szervez a Budapesti T\u00f6rt\u00e9neti M\u00fazeum Giro d\u2019Italia-ki\u00e1ll\u00edt\u00e1s\u00e1hoz"}]},{"@type":"WebSite","@id":"https:\/\/www.welovecycling.com\/hu\/#website","url":"https:\/\/www.welovecycling.com\/hu\/","name":"\u0160koda We Love Cycling - Magyarorsz\u00e1g","description":"\u0160koda WeLoveCycling","potentialAction":[{"@type":"SearchAction","target":{"@type":"EntryPoint","urlTemplate":"https:\/\/www.welovecycling.com\/hu\/?s={search_term_string}"},"query-input":{"@type":"PropertyValueSpecification","valueRequired":true,"valueName":"search_term_string"}}],"inLanguage":"hu"},{"@type":"Person","@id":"https:\/\/www.welovecycling.com\/hu\/#\/schema\/person\/414a2aebf1801691a5320edb6468e194","name":"hegyizs","image":{"@type":"ImageObject","inLanguage":"hu","@id":"https:\/\/www.welovecycling.com\/hu\/#\/schema\/person\/image\/","url":"https:\/\/secure.gravatar.com\/avatar\/02cf8a7906b8cf90cecb4679defac7cfd33a1c2e3b88e4903d947f3bb58eedd3?s=96&d=mm&r=g","contentUrl":"https:\/\/secure.gravatar.com\/avatar\/02cf8a7906b8cf90cecb4679defac7cfd33a1c2e3b88e4903d947f3bb58eedd3?s=96&d=mm&r=g","caption":"hegyizs"},"url":"https:\/\/www.welovecycling.com\/hu\/author\/hegyizs\/"}]}},"_links":{"self":[{"href":"https:\/\/www.welovecycling.com\/hu\/wp-json\/wp\/v2\/posts\/6753","targetHints":{"allow":["GET"]}}],"collection":[{"href":"https:\/\/www.welovecycling.com\/hu\/wp-json\/wp\/v2\/posts"}],"about":[{"href":"https:\/\/www.welovecycling.com\/hu\/wp-json\/wp\/v2\/types\/post"}],"author":[{"embeddable":true,"href":"https:\/\/www.welovecycling.com\/hu\/wp-json\/wp\/v2\/users\/71"}],"replies":[{"embeddable":true,"href":"https:\/\/www.welovecycling.com\/hu\/wp-json\/wp\/v2\/comments?post=6753"}],"version-history":[{"count":1,"href":"https:\/\/www.welovecycling.com\/hu\/wp-json\/wp\/v2\/posts\/6753\/revisions"}],"predecessor-version":[{"id":6755,"href":"https:\/\/www.welovecycling.com\/hu\/wp-json\/wp\/v2\/posts\/6753\/revisions\/6755"}],"wp:featuredmedia":[{"embeddable":true,"href":"https:\/\/www.welovecycling.com\/hu\/wp-json\/wp\/v2\/media\/6754"}],"wp:attachment":[{"href":"https:\/\/www.welovecycling.com\/hu\/wp-json\/wp\/v2\/media?parent=6753"}],"wp:term":[{"taxonomy":"category","embeddable":true,"href":"https:\/\/www.welovecycling.com\/hu\/wp-json\/wp\/v2\/categories?post=6753"},{"taxonomy":"post_tag","embeddable":true,"href":"https:\/\/www.welovecycling.com\/hu\/wp-json\/wp\/v2\/tags?post=6753"},{"taxonomy":"global-categories","embeddable":true,"href":"https:\/\/www.welovecycling.com\/hu\/wp-json\/wp\/v2\/global-categories?post=6753"}],"curies":[{"name":"wp","href":"https:\/\/api.w.org\/{rel}","templated":true}]}}