{"id":6735,"date":"2020-02-09T08:00:42","date_gmt":"2020-02-09T07:00:42","guid":{"rendered":"https:\/\/www.welovecycling.com\/hu\/?p=6735"},"modified":"2020-01-31T14:35:07","modified_gmt":"2020-01-31T13:35:07","slug":"kerekparverseny-az-eszaki-sarkig","status":"publish","type":"post","link":"https:\/\/www.welovecycling.com\/hu\/adrenalin\/kerekparverseny-az-eszaki-sarkig\/","title":{"rendered":"Ker\u00e9kp\u00e1rverseny az \u00c9szaki sarkig"},"content":{"rendered":"<p><strong>1911-ben a norv\u00e9g felfedez\u0151, Roald Amudsen \u00e9s a brit Robert Scott vil\u00e1gh\u00edr\u0171 versenyre indultak az \u00c9szaki sark fel\u00e9. Amundsen \u00e9s n\u00e9gy t\u00e1rsa december 14-\u00e9n \u00e9rkezett a c\u00e9lhoz, 5 h\u00e9ttel ellenfeleik el\u0151tt. Scott, csapat\u00e1val egy\u00fctt \u00e9let\u00e9t vesztette a hazafel\u00e9 vezet\u0151 \u00faton.<\/strong><!--more--><\/p>\n<p>T\u00f6bb mint egy \u00e9vsz\u00e1zaddal k\u00e9s\u0151bb ism\u00e9t verseny indul a sarkra, b\u00e1r az el\u00e9rhet\u0151 technol\u00f3gia miatt kev\u00e9sb\u00e9 dr\u00e1mai, kev\u00e9sb\u00e9 ismert \u00e9s kev\u00e9sb\u00e9 kock\u00e1zatos Persze m\u00e9g mindig hatalmas kih\u00edv\u00e1s, hiszen Antarktika egy hideg, zord \u00e9s vesz\u00e9lyes vid\u00e9k, a kl\u00edmav\u00e1ltoz\u00e1s ellen\u00e9re is, r\u00e1ad\u00e1sul nem k\u00f6nny\u00edti meg az indul\u00f3k dolg\u00e1t a j\u00e1rm\u0171 sem.<\/p>\n<p>A verseny kev\u00e9sb\u00e9 impulz\u00edv, hiszen az 1911-es esem\u00e9nnyel ellent\u00e9tben, a versenyz\u0151k nem egyszerre indulnak, ahogy Amundsen \u00e9s Scott tette. A brit \u00e9szakkutat\u00f3, Maria Leijerstram m\u00e1r megtette ezt az utat: 2013-ban lett az els\u0151 ember, aki \u00e1ttekert Antarktik\u00e1n \u00e9s eljutott a Sarkra. Egy erre a c\u00e9lra kialak\u00edtott biciklin, 10 nap alatt tette meg a 638 km-es utat az akkor 35 \u00e9ves n\u0151, ez a rekord pedig az\u00f3ta is megd\u00f6ntetlen.<\/p>\n<p><img loading=\"lazy\" decoding=\"async\" class=\"alignnone size-full wp-image-6737\" src=\"https:\/\/d2p6e6u75xmxt8.cloudfront.net\/12\/2020\/01\/Maria_Leijerstam_at_the_Geographic_South_Pole.jpeg.jpeg\" alt=\"\" width=\"794\" height=\"600\" srcset=\"https:\/\/d2p6e6u75xmxt8.cloudfront.net\/12\/2020\/01\/Maria_Leijerstam_at_the_Geographic_South_Pole.jpeg.jpeg 794w, https:\/\/d2p6e6u75xmxt8.cloudfront.net\/12\/2020\/01\/Maria_Leijerstam_at_the_Geographic_South_Pole.jpeg-300x227.jpeg 300w, https:\/\/d2p6e6u75xmxt8.cloudfront.net\/12\/2020\/01\/Maria_Leijerstam_at_the_Geographic_South_Pole.jpeg-768x580.jpeg 768w\" sizes=\"auto, (max-width: 794px) 100vw, 794px\" \/><\/p>\n<p>\u00d6sszesen 55 kg-t nyomott a bringa \u00e9s a s\u00e1torb\u00f3l, h\u00e1l\u00f3zs\u00e1kb\u00f3l \u00e9s \u00e9lelmiszerb\u0151l \u00e1ll\u00f3 felszerel\u00e9s. 10-17 \u00f3r\u00e1t tekert naponta, pihen\u0151nap n\u00e9lk\u00fcl, \u00edgy hamarabb \u00e9rte el az \u00c9szaki Sarkot, mint el\u0151tte b\u00e1rki. A v\u00e1lasztott \u00fatvonalon \u00fczemanyagot sz\u00e1ll\u00edt\u00f3 teheraut\u00f3k j\u00e1rtak, \u00edgy a h\u00f3 le volt taposva. Azonban az \u201eutat\u201d h\u00e1rom hete nem haszn\u00e1lt\u00e1k, az\u00f3ta pedig sokat v\u00e1ltozott a terep. Emellett h\u00f3viharral, jeges sz\u00e9llel, \u00e9s a -30 fokos h\u0151m\u00e9rs\u00e9klettel is meg kellett k\u00fczdenie. Test\u00faly\u00e1nak 8,2%-\u00e1t vesztette el, hi\u00e1ba indult decemberben, a legkisz\u00e1m\u00edthat\u00f3bb h\u00f3napban.<\/p>\n<p>\u201eK\u00e9sz\u00fclhetsz r\u00e1, amennyit csak akarsz\u201d \u2013 nyilatkozta Leijerstram a Cycling magazinnak. \u201eDe sosem fogsz tudni felk\u00e9sz\u00fclni arra, ami v\u00e1r. Antarktika \u00f6nmag\u00e1ban egy sz\u00f6rnyeteg \u00e9s b\u00e1rmikor \u00fagy d\u00f6nthet, felfal. Gy\u00f6ny\u00f6r\u0171 \u00e9s el\u00e1tkozott egy hely.\u201d<\/p>\n<lite-youtube videoid=_CFCtSgPuSQ params=\"enablejsapi=1\" style=\"background-image: url('https:\/\/i.ytimg.com\/vi_webp\/_CFCtSgPuSQ\/maxresdefault.webp');\"><\/lite-youtube>\n<p>A sikerhez elengedhetetlen volt a h\u00e1rom ker\u00e9k. \u201eK\u00e9t ker\u00e9ken biztosan nem tudtam volna megtenni az utat, legal\u00e1bbis tekerve. Le kellett volna sz\u00e1llnom, \u00e9s tolni, \u00edgy viszont nem lett volna igazi bicikli-rekord, hanem ink\u00e1bb s\u00ed vagy s\u00e9t\u00e1l\u00e1s.\u201d<\/p>\n<p>K\u00e9t m\u00e1sik biciklis \u2013 az amerikai Daniel Burton \u00e9s a spanyolajk\u00fa Juan Menendez Granado \u2013 ugyanebben az \u00e9vben \u00e9rt\u00e9k el a leg\u00e9szakibb pontot, k\u00e9tkerek\u0171n tekerve, egy hosszabb \u00faton, de nekik t\u00f6bbsz\u00f6r kellett tolniuk a j\u00e1rg\u00e1nyokat.<\/p>\n<p>Egy m\u00e1sik brit, Sir Chris Hoy, vil\u00e1g- \u00e9s olimpiai bajnok ker\u00e9kp\u00e1ros 2017-ben \u00fagy d\u00f6nt\u00f6tt, \u00faj rekordot \u00e1ll\u00edt. Val\u00f3sz\u00edn\u0171leg nem hallott a h\u00e1romkerek\u0171t szorgalmaz\u00f3 tan\u00e1csr\u00f3l, mert k\u00e9t ker\u00e9ken gyakorolt. T\u00f6bbsz\u00f6r is el kellett halasztania az utat, mert nem tal\u00e1lt senkit, aki \u201eel\u00e9g idi\u00f3ta ahhoz\u201d, hogy megtegye velem.<\/p>\n<figure id=\"attachment_6738\" aria-describedby=\"caption-attachment-6738\" style=\"width: 1250px\" class=\"wp-caption alignnone\"><img loading=\"lazy\" decoding=\"async\" class=\"wp-image-6738 size-full\" src=\"https:\/\/d2p6e6u75xmxt8.cloudfront.net\/12\/2020\/01\/Sir-Chris-Hoy-profimedia-0388279131.jpg\" alt=\"\" width=\"1250\" height=\"833\" srcset=\"https:\/\/d2p6e6u75xmxt8.cloudfront.net\/12\/2020\/01\/Sir-Chris-Hoy-profimedia-0388279131.jpg 1250w, https:\/\/d2p6e6u75xmxt8.cloudfront.net\/12\/2020\/01\/Sir-Chris-Hoy-profimedia-0388279131-300x200.jpg 300w, https:\/\/d2p6e6u75xmxt8.cloudfront.net\/12\/2020\/01\/Sir-Chris-Hoy-profimedia-0388279131-768x512.jpg 768w, https:\/\/d2p6e6u75xmxt8.cloudfront.net\/12\/2020\/01\/Sir-Chris-Hoy-profimedia-0388279131-1024x682.jpg 1024w, https:\/\/d2p6e6u75xmxt8.cloudfront.net\/12\/2020\/01\/Sir-Chris-Hoy-profimedia-0388279131-272x182.jpg 272w\" sizes=\"auto, (max-width: 1250px) 100vw, 1250px\" \/><figcaption id=\"caption-attachment-6738\" class=\"wp-caption-text\">Sir Chris Hoy k\u00e1v\u00e9zik a londoni Boxparkban.\u00a0\u00a9\u00a0Nic Serpell-Rand \/ Shutterstock Editorial \/ Profimedia<\/figcaption><\/figure>\n<p>Leijerstam izgatott a konkurencia felt\u0171n\u00e9se miatt. \u201eIm\u00e1dom, hogy egy olimpikon pr\u00f3b\u00e1lja megd\u00f6nteni a rekordom. Nagyon izgalmas \u00e9s alig v\u00e1rom, hogy l\u00e1ssam, mi t\u00f6rt\u00e9nik, hiszen \u0151 egy hihetetlen\u00fcl \u00fcgyes, tehets\u00e9ges es elhivatott sportol\u00f3. De ez egy teljesen m\u00e1s j\u00e1t\u00e9k.\u201d<\/p>\n<p>\u00c9s ha Hoy vagy valaki m\u00e1s megd\u00f6nti rekordj\u00e1t? \u201eMegl\u00e1tjuk, hogy \u00edgy lesz-e, \u00e9s \u00fajra v\u00e9gig kell-e csin\u00e1lnom az eg\u00e9szet. Nem kiz\u00e1rt.\u201d<\/p>\n","protected":false},"excerpt":{"rendered":"<p>1911-ben a norv\u00e9g felfedez\u0151, Roald Amudsen \u00e9s a brit Robert Scott vil\u00e1gh\u00edr\u0171 versenyre indultak az \u00c9szaki sark fel\u00e9. Amundsen \u00e9s [&hellip;]<\/p>\n","protected":false},"author":71,"featured_media":6740,"comment_status":"open","ping_status":"open","sticky":false,"template":"","format":"standard","meta":{"footnotes":""},"categories":[5],"tags":[],"global-categories":[],"class_list":["post-6735","post","type-post","status-publish","format-standard","has-post-thumbnail","hentry","category-adrenalin"],"yoast_head":"<!-- This site is optimized with the Yoast SEO Premium plugin v25.3 (Yoast SEO v25.9) - https:\/\/yoast.com\/wordpress\/plugins\/seo\/ -->\n<title>Ker\u00e9kp\u00e1rverseny az \u00c9szaki sarkig - \u0160koda We Love Cycling - Magyarorsz\u00e1g<\/title>\n<meta name=\"robots\" content=\"index, follow, max-snippet:-1, max-image-preview:large, max-video-preview:-1\" \/>\n<link rel=\"canonical\" href=\"https:\/\/www.welovecycling.com\/hu\/adrenalin\/kerekparverseny-az-eszaki-sarkig\/\" \/>\n<meta property=\"og:locale\" content=\"hu_HU\" \/>\n<meta property=\"og:type\" content=\"article\" \/>\n<meta property=\"og:title\" content=\"Ker\u00e9kp\u00e1rverseny az \u00c9szaki sarkig\" \/>\n<meta property=\"og:description\" content=\"1911-ben a norv\u00e9g felfedez\u0151, Roald Amudsen \u00e9s a brit Robert Scott vil\u00e1gh\u00edr\u0171 versenyre indultak az \u00c9szaki sark fel\u00e9. Amundsen \u00e9s [&hellip;]\" \/>\n<meta property=\"og:url\" content=\"https:\/\/www.welovecycling.com\/hu\/adrenalin\/kerekparverseny-az-eszaki-sarkig\/\" \/>\n<meta property=\"og:site_name\" content=\"\u0160koda We Love Cycling - Magyarorsz\u00e1g\" \/>\n<meta property=\"article:publisher\" content=\"https:\/\/www.facebook.com\/WeLoveCyclingHungary\/\" \/>\n<meta property=\"article:published_time\" content=\"2020-02-09T07:00:42+00:00\" \/>\n<meta property=\"og:image\" content=\"https:\/\/d2p6e6u75xmxt8.cloudfront.net\/12\/2020\/01\/3322332_23323232.jpg\" \/>\n\t<meta property=\"og:image:width\" content=\"1375\" \/>\n\t<meta property=\"og:image:height\" content=\"600\" \/>\n\t<meta property=\"og:image:type\" content=\"image\/jpeg\" \/>\n<meta name=\"author\" content=\"hegyizs\" \/>\n<meta name=\"twitter:card\" content=\"summary_large_image\" \/>\n<meta name=\"twitter:label1\" content=\"Written by\" \/>\n\t<meta name=\"twitter:data1\" content=\"Siegfried Mortkowitz\" \/>\n\t<meta name=\"twitter:label2\" content=\"Est. reading time\" \/>\n\t<meta name=\"twitter:data2\" content=\"7\" \/>\n<script type=\"application\/ld+json\" class=\"yoast-schema-graph\">{\"@context\":\"https:\/\/schema.org\",\"@graph\":[{\"@type\":\"WebPage\",\"@id\":\"https:\/\/www.welovecycling.com\/hu\/adrenalin\/kerekparverseny-az-eszaki-sarkig\/\",\"url\":\"https:\/\/www.welovecycling.com\/hu\/adrenalin\/kerekparverseny-az-eszaki-sarkig\/\",\"name\":\"Ker\u00e9kp\u00e1rverseny az \u00c9szaki sarkig - \u0160koda We Love Cycling - Magyarorsz\u00e1g\",\"isPartOf\":{\"@id\":\"https:\/\/www.welovecycling.com\/hu\/#website\"},\"primaryImageOfPage\":{\"@id\":\"https:\/\/www.welovecycling.com\/hu\/adrenalin\/kerekparverseny-az-eszaki-sarkig\/#primaryimage\"},\"image\":{\"@id\":\"https:\/\/www.welovecycling.com\/hu\/adrenalin\/kerekparverseny-az-eszaki-sarkig\/#primaryimage\"},\"thumbnailUrl\":\"https:\/\/d2p6e6u75xmxt8.cloudfront.net\/12\/2020\/01\/3322332_23323232.jpg\",\"datePublished\":\"2020-02-09T07:00:42+00:00\",\"author\":{\"@id\":\"https:\/\/www.welovecycling.com\/hu\/#\/schema\/person\/414a2aebf1801691a5320edb6468e194\"},\"breadcrumb\":{\"@id\":\"https:\/\/www.welovecycling.com\/hu\/adrenalin\/kerekparverseny-az-eszaki-sarkig\/#breadcrumb\"},\"inLanguage\":\"hu\",\"potentialAction\":[{\"@type\":\"ReadAction\",\"target\":[\"https:\/\/www.welovecycling.com\/hu\/adrenalin\/kerekparverseny-az-eszaki-sarkig\/\"]}]},{\"@type\":\"ImageObject\",\"inLanguage\":\"hu\",\"@id\":\"https:\/\/www.welovecycling.com\/hu\/adrenalin\/kerekparverseny-az-eszaki-sarkig\/#primaryimage\",\"url\":\"https:\/\/d2p6e6u75xmxt8.cloudfront.net\/12\/2020\/01\/3322332_23323232.jpg\",\"contentUrl\":\"https:\/\/d2p6e6u75xmxt8.cloudfront.net\/12\/2020\/01\/3322332_23323232.jpg\",\"width\":1375,\"height\":600},{\"@type\":\"BreadcrumbList\",\"@id\":\"https:\/\/www.welovecycling.com\/hu\/adrenalin\/kerekparverseny-az-eszaki-sarkig\/#breadcrumb\",\"itemListElement\":[{\"@type\":\"ListItem\",\"position\":1,\"name\":\"Home\",\"item\":\"https:\/\/www.welovecycling.com\/hu\/\"},{\"@type\":\"ListItem\",\"position\":2,\"name\":\"Ker\u00e9kp\u00e1rverseny az \u00c9szaki sarkig\"}]},{\"@type\":\"WebSite\",\"@id\":\"https:\/\/www.welovecycling.com\/hu\/#website\",\"url\":\"https:\/\/www.welovecycling.com\/hu\/\",\"name\":\"\u0160koda We Love Cycling - Magyarorsz\u00e1g\",\"description\":\"\u0160koda WeLoveCycling\",\"potentialAction\":[{\"@type\":\"SearchAction\",\"target\":{\"@type\":\"EntryPoint\",\"urlTemplate\":\"https:\/\/www.welovecycling.com\/hu\/?s={search_term_string}\"},\"query-input\":{\"@type\":\"PropertyValueSpecification\",\"valueRequired\":true,\"valueName\":\"search_term_string\"}}],\"inLanguage\":\"hu\"},{\"@type\":\"Person\",\"@id\":\"https:\/\/www.welovecycling.com\/hu\/#\/schema\/person\/414a2aebf1801691a5320edb6468e194\",\"name\":\"hegyizs\",\"image\":{\"@type\":\"ImageObject\",\"inLanguage\":\"hu\",\"@id\":\"https:\/\/www.welovecycling.com\/hu\/#\/schema\/person\/image\/\",\"url\":\"https:\/\/secure.gravatar.com\/avatar\/02cf8a7906b8cf90cecb4679defac7cfd33a1c2e3b88e4903d947f3bb58eedd3?s=96&d=mm&r=g\",\"contentUrl\":\"https:\/\/secure.gravatar.com\/avatar\/02cf8a7906b8cf90cecb4679defac7cfd33a1c2e3b88e4903d947f3bb58eedd3?s=96&d=mm&r=g\",\"caption\":\"hegyizs\"},\"url\":\"https:\/\/www.welovecycling.com\/hu\/author\/hegyizs\/\"}]}<\/script>\n<!-- \/ Yoast SEO Premium plugin. -->","yoast_head_json":{"title":"Ker\u00e9kp\u00e1rverseny az \u00c9szaki sarkig - \u0160koda We Love Cycling - Magyarorsz\u00e1g","robots":{"index":"index","follow":"follow","max-snippet":"max-snippet:-1","max-image-preview":"max-image-preview:large","max-video-preview":"max-video-preview:-1"},"canonical":"https:\/\/www.welovecycling.com\/hu\/adrenalin\/kerekparverseny-az-eszaki-sarkig\/","og_locale":"hu_HU","og_type":"article","og_title":"Ker\u00e9kp\u00e1rverseny az \u00c9szaki sarkig","og_description":"1911-ben a norv\u00e9g felfedez\u0151, Roald Amudsen \u00e9s a brit Robert Scott vil\u00e1gh\u00edr\u0171 versenyre indultak az \u00c9szaki sark fel\u00e9. Amundsen \u00e9s [&hellip;]","og_url":"https:\/\/www.welovecycling.com\/hu\/adrenalin\/kerekparverseny-az-eszaki-sarkig\/","og_site_name":"\u0160koda We Love Cycling - Magyarorsz\u00e1g","article_publisher":"https:\/\/www.facebook.com\/WeLoveCyclingHungary\/","article_published_time":"2020-02-09T07:00:42+00:00","og_image":[{"width":1375,"height":600,"url":"https:\/\/d2p6e6u75xmxt8.cloudfront.net\/12\/2020\/01\/3322332_23323232.jpg","type":"image\/jpeg"}],"author":"hegyizs","twitter_card":"summary_large_image","twitter_misc":{"Written by":"Siegfried Mortkowitz","Est. reading time":"7"},"schema":{"@context":"https:\/\/schema.org","@graph":[{"@type":"WebPage","@id":"https:\/\/www.welovecycling.com\/hu\/adrenalin\/kerekparverseny-az-eszaki-sarkig\/","url":"https:\/\/www.welovecycling.com\/hu\/adrenalin\/kerekparverseny-az-eszaki-sarkig\/","name":"Ker\u00e9kp\u00e1rverseny az \u00c9szaki sarkig - \u0160koda We Love Cycling - Magyarorsz\u00e1g","isPartOf":{"@id":"https:\/\/www.welovecycling.com\/hu\/#website"},"primaryImageOfPage":{"@id":"https:\/\/www.welovecycling.com\/hu\/adrenalin\/kerekparverseny-az-eszaki-sarkig\/#primaryimage"},"image":{"@id":"https:\/\/www.welovecycling.com\/hu\/adrenalin\/kerekparverseny-az-eszaki-sarkig\/#primaryimage"},"thumbnailUrl":"https:\/\/d2p6e6u75xmxt8.cloudfront.net\/12\/2020\/01\/3322332_23323232.jpg","datePublished":"2020-02-09T07:00:42+00:00","author":{"@id":"https:\/\/www.welovecycling.com\/hu\/#\/schema\/person\/414a2aebf1801691a5320edb6468e194"},"breadcrumb":{"@id":"https:\/\/www.welovecycling.com\/hu\/adrenalin\/kerekparverseny-az-eszaki-sarkig\/#breadcrumb"},"inLanguage":"hu","potentialAction":[{"@type":"ReadAction","target":["https:\/\/www.welovecycling.com\/hu\/adrenalin\/kerekparverseny-az-eszaki-sarkig\/"]}]},{"@type":"ImageObject","inLanguage":"hu","@id":"https:\/\/www.welovecycling.com\/hu\/adrenalin\/kerekparverseny-az-eszaki-sarkig\/#primaryimage","url":"https:\/\/d2p6e6u75xmxt8.cloudfront.net\/12\/2020\/01\/3322332_23323232.jpg","contentUrl":"https:\/\/d2p6e6u75xmxt8.cloudfront.net\/12\/2020\/01\/3322332_23323232.jpg","width":1375,"height":600},{"@type":"BreadcrumbList","@id":"https:\/\/www.welovecycling.com\/hu\/adrenalin\/kerekparverseny-az-eszaki-sarkig\/#breadcrumb","itemListElement":[{"@type":"ListItem","position":1,"name":"Home","item":"https:\/\/www.welovecycling.com\/hu\/"},{"@type":"ListItem","position":2,"name":"Ker\u00e9kp\u00e1rverseny az \u00c9szaki sarkig"}]},{"@type":"WebSite","@id":"https:\/\/www.welovecycling.com\/hu\/#website","url":"https:\/\/www.welovecycling.com\/hu\/","name":"\u0160koda We Love Cycling - Magyarorsz\u00e1g","description":"\u0160koda WeLoveCycling","potentialAction":[{"@type":"SearchAction","target":{"@type":"EntryPoint","urlTemplate":"https:\/\/www.welovecycling.com\/hu\/?s={search_term_string}"},"query-input":{"@type":"PropertyValueSpecification","valueRequired":true,"valueName":"search_term_string"}}],"inLanguage":"hu"},{"@type":"Person","@id":"https:\/\/www.welovecycling.com\/hu\/#\/schema\/person\/414a2aebf1801691a5320edb6468e194","name":"hegyizs","image":{"@type":"ImageObject","inLanguage":"hu","@id":"https:\/\/www.welovecycling.com\/hu\/#\/schema\/person\/image\/","url":"https:\/\/secure.gravatar.com\/avatar\/02cf8a7906b8cf90cecb4679defac7cfd33a1c2e3b88e4903d947f3bb58eedd3?s=96&d=mm&r=g","contentUrl":"https:\/\/secure.gravatar.com\/avatar\/02cf8a7906b8cf90cecb4679defac7cfd33a1c2e3b88e4903d947f3bb58eedd3?s=96&d=mm&r=g","caption":"hegyizs"},"url":"https:\/\/www.welovecycling.com\/hu\/author\/hegyizs\/"}]}},"_links":{"self":[{"href":"https:\/\/www.welovecycling.com\/hu\/wp-json\/wp\/v2\/posts\/6735","targetHints":{"allow":["GET"]}}],"collection":[{"href":"https:\/\/www.welovecycling.com\/hu\/wp-json\/wp\/v2\/posts"}],"about":[{"href":"https:\/\/www.welovecycling.com\/hu\/wp-json\/wp\/v2\/types\/post"}],"author":[{"embeddable":true,"href":"https:\/\/www.welovecycling.com\/hu\/wp-json\/wp\/v2\/users\/71"}],"replies":[{"embeddable":true,"href":"https:\/\/www.welovecycling.com\/hu\/wp-json\/wp\/v2\/comments?post=6735"}],"version-history":[{"count":2,"href":"https:\/\/www.welovecycling.com\/hu\/wp-json\/wp\/v2\/posts\/6735\/revisions"}],"predecessor-version":[{"id":6752,"href":"https:\/\/www.welovecycling.com\/hu\/wp-json\/wp\/v2\/posts\/6735\/revisions\/6752"}],"wp:featuredmedia":[{"embeddable":true,"href":"https:\/\/www.welovecycling.com\/hu\/wp-json\/wp\/v2\/media\/6740"}],"wp:attachment":[{"href":"https:\/\/www.welovecycling.com\/hu\/wp-json\/wp\/v2\/media?parent=6735"}],"wp:term":[{"taxonomy":"category","embeddable":true,"href":"https:\/\/www.welovecycling.com\/hu\/wp-json\/wp\/v2\/categories?post=6735"},{"taxonomy":"post_tag","embeddable":true,"href":"https:\/\/www.welovecycling.com\/hu\/wp-json\/wp\/v2\/tags?post=6735"},{"taxonomy":"global-categories","embeddable":true,"href":"https:\/\/www.welovecycling.com\/hu\/wp-json\/wp\/v2\/global-categories?post=6735"}],"curies":[{"name":"wp","href":"https:\/\/api.w.org\/{rel}","templated":true}]}}