{"id":6730,"date":"2020-02-08T08:00:06","date_gmt":"2020-02-08T07:00:06","guid":{"rendered":"https:\/\/www.welovecycling.com\/hu\/?p=6730"},"modified":"2020-01-31T14:34:19","modified_gmt":"2020-01-31T13:34:19","slug":"hajtas-az-erdokert-harc-a-szen-monoxid-ellen","status":"publish","type":"post","link":"https:\/\/www.welovecycling.com\/hu\/kozosseg-es-kultura\/hajtas-az-erdokert-harc-a-szen-monoxid-ellen\/","title":{"rendered":"Hajt\u00e1s az erd\u0151k\u00e9rt \u2013 harc a sz\u00e9n-monoxid ellen"},"content":{"rendered":"<p><strong>Phil Sturgeon nem \u00fajonck\u00e9nt v\u00e1gott bele a k\u00f6rnyezetv\u00e9delembe, amikor eladta Cannondale CAAD8 biciklij\u00e9t. Blogja seg\u00edts\u00e9g\u00e9vel 70000 fa \u00fcltet\u00e9s\u00e9hez j\u00e1rult hozz\u00e1 tavaly ny\u00e1ron. Sajnos s\u00e9r\u00fcl\u00e9se miatt m\u00e1r alig tud hozz\u00e1j\u00e1rulni a nemes c\u00e9lhoz. Kiv\u00e9ve ezzel az \u00fcgyes l\u00e9p\u00e9ssel.<\/strong><\/p>\n<p><!--more--><\/p>\n<div class=\"embed-controller-wrapper\">\n<blockquote class=\"twitter-tweet\" data-width=\"500\" data-dnt=\"true\">\n<p lang=\"en\" dir=\"ltr\">Bike up for auction: whoever bids the most trees for <a href=\"https:\/\/t.co\/DEYRtNNz4s\">https:\/\/t.co\/DEYRtNNz4s<\/a> (~10p each). Open to anyone in UK or Ireland, I\u2019ll ride it to you myself. 54cm Cannondale CAAD8.  Scuffed bar tape, only 1000mi on it. I\u2019ll clean it up and pop a new chain on. Do I hear 3,000 trees? <a href=\"https:\/\/t.co\/8m6BDs4Fgt\">pic.twitter.com\/8m6BDs4Fgt<\/a><\/p>\n<p>&mdash; Phil Sturgeon \ud83d\udeb4\ud83c\udf0d\ud83d\udd25 @philsturgeon.bsky.social (@philsturgeon) <a href=\"https:\/\/twitter.com\/philsturgeon\/status\/1196850021888643072?ref_src=twsrc%5Etfw\">November 19, 2019<\/a><\/p><\/blockquote>\n<p><script async data-src=\"https:\/\/platform.twitter.com\/widgets.js\" charset=\"utf-8\"><\/script><\/div>\n<p>\u201eEredetileg 500 font\u00e9rt vettem a bring\u00e1t, de az amortiz\u00e1ci\u00f3 miatt jelenleg nagyj\u00e1b\u00f3l 300 fontot \u00e9r\u201d \u2013 \u00edrja blogj\u00e1n Phil. \u201eA puszta f\u00e9lelem \u00e9s a kl\u00edmav\u00e1ltoz\u00e1s okozta p\u00e1nik el\u00e9g ahhoz, hogy minden p\u00e9nzt, amit csak tudok az \u00fajraerd\u0151s\u00edt\u00e9sre k\u00f6ltsem. Ha valaki odaadn\u00e1 nekem ezt a 300 fontot, r\u00f6gt\u00f6n venn\u00e9k bel\u0151le 3000 f\u00e1t. \u00cdgy viszont volt, aki t\u00f6bbet is aj\u00e1nlott \u00e9rte.\u201d<\/p>\n<div class=\"embed-controller-wrapper\">\n<blockquote class=\"twitter-tweet\" data-width=\"500\" data-dnt=\"true\">\n<p lang=\"en\" dir=\"ltr\">Better make it 5k (I know I&#39;m bidding against myself \ud83d\ude1d)<\/p>\n<p>&mdash; Andrzej Jarzyna (@pieroginomicon) <a href=\"https:\/\/twitter.com\/pieroginomicon\/status\/1197059237886734336?ref_src=twsrc%5Etfw\">November 20, 2019<\/a><\/p><\/blockquote>\n<p><script async data-src=\"https:\/\/platform.twitter.com\/widgets.js\" charset=\"utf-8\"><\/script><\/div>\n<p>Mivel a v\u00e1s\u00e1rl\u00f3 \u00e9s Phil is r\u00e9szt vett egy p\u00e1rizsi konferenci\u00e1n, a Cannondale utols\u00f3 \u00fatj\u00e1ra indult r\u00e9gi tulajdonos\u00e1val. Egy \u00fatra Angli\u00e1b\u00f3l P\u00e1rizsba. A karbonl\u00e1bnyom minimaliz\u00e1l\u00e1sa v\u00e9gett egy \u00e9jszakai teherhaj\u00f3n utaztak, majd a francia vid\u00e9keken \u00e1ttekerve, eljutott \u00faj gazd\u00e1j\u00e1hoz a bringa.<\/p>\n<p>https:\/\/www.instagram.com\/p\/B52sXyfFp4K\/<\/p>\n<p>\u201eHa van b\u00e1rmid, amit meg tudsz osztani m\u00e1sokkal, gy\u0171jtsd \u00f6ssze \u00e9s ford\u00edtsd a bolyg\u00f3 megment\u00e9s\u00e9re\u201d \u2013 tan\u00e1csolja Phil. \u201eHa tanultam valamit ezen a ny\u00e1ron, akkor az az, hogy 42 fokban sz\u00edv\u00e1s tekerni, \u00e9s a vil\u00e1g nem lesz m\u00e1r enn\u00e9l h\u0171v\u00f6sebb.\u201d<\/p>\n","protected":false},"excerpt":{"rendered":"<p>Phil Sturgeon nem \u00fajonck\u00e9nt v\u00e1gott bele a k\u00f6rnyezetv\u00e9delembe, amikor eladta Cannondale CAAD8 biciklij\u00e9t. Blogja seg\u00edts\u00e9g\u00e9vel 70000 fa \u00fcltet\u00e9s\u00e9hez j\u00e1rult hozz\u00e1 [&hellip;]<\/p>\n","protected":false},"author":71,"featured_media":6734,"comment_status":"open","ping_status":"open","sticky":false,"template":"","format":"standard","meta":{"footnotes":""},"categories":[12],"tags":[],"global-categories":[],"class_list":["post-6730","post","type-post","status-publish","format-standard","has-post-thumbnail","hentry","category-kozosseg-es-kultura"],"yoast_head":"<!-- This site is optimized with the Yoast SEO Premium plugin v25.3 (Yoast SEO v25.9) - https:\/\/yoast.com\/wordpress\/plugins\/seo\/ -->\n<title>Hajt\u00e1s az erd\u0151k\u00e9rt \u2013 harc a sz\u00e9n-monoxid ellen - \u0160koda We Love Cycling - Magyarorsz\u00e1g<\/title>\n<meta name=\"robots\" content=\"index, follow, max-snippet:-1, max-image-preview:large, max-video-preview:-1\" \/>\n<link rel=\"canonical\" href=\"https:\/\/www.welovecycling.com\/hu\/kozosseg-es-kultura\/hajtas-az-erdokert-harc-a-szen-monoxid-ellen\/\" \/>\n<meta property=\"og:locale\" content=\"hu_HU\" \/>\n<meta property=\"og:type\" content=\"article\" \/>\n<meta property=\"og:title\" content=\"Hajt\u00e1s az erd\u0151k\u00e9rt \u2013 harc a sz\u00e9n-monoxid ellen\" \/>\n<meta property=\"og:description\" content=\"Phil Sturgeon nem \u00fajonck\u00e9nt v\u00e1gott bele a k\u00f6rnyezetv\u00e9delembe, amikor eladta Cannondale CAAD8 biciklij\u00e9t. Blogja seg\u00edts\u00e9g\u00e9vel 70000 fa \u00fcltet\u00e9s\u00e9hez j\u00e1rult hozz\u00e1 [&hellip;]\" \/>\n<meta property=\"og:url\" content=\"https:\/\/www.welovecycling.com\/hu\/kozosseg-es-kultura\/hajtas-az-erdokert-harc-a-szen-monoxid-ellen\/\" \/>\n<meta property=\"og:site_name\" content=\"\u0160koda We Love Cycling - Magyarorsz\u00e1g\" \/>\n<meta property=\"article:publisher\" content=\"https:\/\/www.facebook.com\/WeLoveCyclingHungary\/\" \/>\n<meta property=\"article:published_time\" content=\"2020-02-08T07:00:06+00:00\" \/>\n<meta property=\"og:image\" content=\"https:\/\/d2p6e6u75xmxt8.cloudfront.net\/12\/2020\/01\/Phil-Sturgeon-CVR.jpg\" \/>\n\t<meta property=\"og:image:width\" content=\"1366\" \/>\n\t<meta property=\"og:image:height\" content=\"600\" \/>\n\t<meta property=\"og:image:type\" content=\"image\/jpeg\" \/>\n<meta name=\"author\" content=\"hegyizs\" \/>\n<meta name=\"twitter:card\" content=\"summary_large_image\" \/>\n<meta name=\"twitter:label1\" content=\"Written by\" \/>\n\t<meta name=\"twitter:data1\" content=\"Phil Sturgeon\" \/>\n\t<meta name=\"twitter:label2\" content=\"Est. reading time\" \/>\n\t<meta name=\"twitter:data2\" content=\"5\" \/>\n<script type=\"application\/ld+json\" class=\"yoast-schema-graph\">{\"@context\":\"https:\/\/schema.org\",\"@graph\":[{\"@type\":\"WebPage\",\"@id\":\"https:\/\/www.welovecycling.com\/hu\/kozosseg-es-kultura\/hajtas-az-erdokert-harc-a-szen-monoxid-ellen\/\",\"url\":\"https:\/\/www.welovecycling.com\/hu\/kozosseg-es-kultura\/hajtas-az-erdokert-harc-a-szen-monoxid-ellen\/\",\"name\":\"Hajt\u00e1s az erd\u0151k\u00e9rt \u2013 harc a sz\u00e9n-monoxid ellen - \u0160koda We Love Cycling - Magyarorsz\u00e1g\",\"isPartOf\":{\"@id\":\"https:\/\/www.welovecycling.com\/hu\/#website\"},\"primaryImageOfPage\":{\"@id\":\"https:\/\/www.welovecycling.com\/hu\/kozosseg-es-kultura\/hajtas-az-erdokert-harc-a-szen-monoxid-ellen\/#primaryimage\"},\"image\":{\"@id\":\"https:\/\/www.welovecycling.com\/hu\/kozosseg-es-kultura\/hajtas-az-erdokert-harc-a-szen-monoxid-ellen\/#primaryimage\"},\"thumbnailUrl\":\"https:\/\/d2p6e6u75xmxt8.cloudfront.net\/12\/2020\/01\/Phil-Sturgeon-CVR.jpg\",\"datePublished\":\"2020-02-08T07:00:06+00:00\",\"author\":{\"@id\":\"https:\/\/www.welovecycling.com\/hu\/#\/schema\/person\/414a2aebf1801691a5320edb6468e194\"},\"breadcrumb\":{\"@id\":\"https:\/\/www.welovecycling.com\/hu\/kozosseg-es-kultura\/hajtas-az-erdokert-harc-a-szen-monoxid-ellen\/#breadcrumb\"},\"inLanguage\":\"hu\",\"potentialAction\":[{\"@type\":\"ReadAction\",\"target\":[\"https:\/\/www.welovecycling.com\/hu\/kozosseg-es-kultura\/hajtas-az-erdokert-harc-a-szen-monoxid-ellen\/\"]}]},{\"@type\":\"ImageObject\",\"inLanguage\":\"hu\",\"@id\":\"https:\/\/www.welovecycling.com\/hu\/kozosseg-es-kultura\/hajtas-az-erdokert-harc-a-szen-monoxid-ellen\/#primaryimage\",\"url\":\"https:\/\/d2p6e6u75xmxt8.cloudfront.net\/12\/2020\/01\/Phil-Sturgeon-CVR.jpg\",\"contentUrl\":\"https:\/\/d2p6e6u75xmxt8.cloudfront.net\/12\/2020\/01\/Phil-Sturgeon-CVR.jpg\",\"width\":1366,\"height\":600},{\"@type\":\"BreadcrumbList\",\"@id\":\"https:\/\/www.welovecycling.com\/hu\/kozosseg-es-kultura\/hajtas-az-erdokert-harc-a-szen-monoxid-ellen\/#breadcrumb\",\"itemListElement\":[{\"@type\":\"ListItem\",\"position\":1,\"name\":\"Home\",\"item\":\"https:\/\/www.welovecycling.com\/hu\/\"},{\"@type\":\"ListItem\",\"position\":2,\"name\":\"Hajt\u00e1s az erd\u0151k\u00e9rt \u2013 harc a sz\u00e9n-monoxid ellen\"}]},{\"@type\":\"WebSite\",\"@id\":\"https:\/\/www.welovecycling.com\/hu\/#website\",\"url\":\"https:\/\/www.welovecycling.com\/hu\/\",\"name\":\"\u0160koda We Love Cycling - Magyarorsz\u00e1g\",\"description\":\"\u0160koda WeLoveCycling\",\"potentialAction\":[{\"@type\":\"SearchAction\",\"target\":{\"@type\":\"EntryPoint\",\"urlTemplate\":\"https:\/\/www.welovecycling.com\/hu\/?s={search_term_string}\"},\"query-input\":{\"@type\":\"PropertyValueSpecification\",\"valueRequired\":true,\"valueName\":\"search_term_string\"}}],\"inLanguage\":\"hu\"},{\"@type\":\"Person\",\"@id\":\"https:\/\/www.welovecycling.com\/hu\/#\/schema\/person\/414a2aebf1801691a5320edb6468e194\",\"name\":\"hegyizs\",\"image\":{\"@type\":\"ImageObject\",\"inLanguage\":\"hu\",\"@id\":\"https:\/\/www.welovecycling.com\/hu\/#\/schema\/person\/image\/\",\"url\":\"https:\/\/secure.gravatar.com\/avatar\/02cf8a7906b8cf90cecb4679defac7cfd33a1c2e3b88e4903d947f3bb58eedd3?s=96&d=mm&r=g\",\"contentUrl\":\"https:\/\/secure.gravatar.com\/avatar\/02cf8a7906b8cf90cecb4679defac7cfd33a1c2e3b88e4903d947f3bb58eedd3?s=96&d=mm&r=g\",\"caption\":\"hegyizs\"},\"url\":\"https:\/\/www.welovecycling.com\/hu\/author\/hegyizs\/\"}]}<\/script>\n<!-- \/ Yoast SEO Premium plugin. -->","yoast_head_json":{"title":"Hajt\u00e1s az erd\u0151k\u00e9rt \u2013 harc a sz\u00e9n-monoxid ellen - \u0160koda We Love Cycling - Magyarorsz\u00e1g","robots":{"index":"index","follow":"follow","max-snippet":"max-snippet:-1","max-image-preview":"max-image-preview:large","max-video-preview":"max-video-preview:-1"},"canonical":"https:\/\/www.welovecycling.com\/hu\/kozosseg-es-kultura\/hajtas-az-erdokert-harc-a-szen-monoxid-ellen\/","og_locale":"hu_HU","og_type":"article","og_title":"Hajt\u00e1s az erd\u0151k\u00e9rt \u2013 harc a sz\u00e9n-monoxid ellen","og_description":"Phil Sturgeon nem \u00fajonck\u00e9nt v\u00e1gott bele a k\u00f6rnyezetv\u00e9delembe, amikor eladta Cannondale CAAD8 biciklij\u00e9t. Blogja seg\u00edts\u00e9g\u00e9vel 70000 fa \u00fcltet\u00e9s\u00e9hez j\u00e1rult hozz\u00e1 [&hellip;]","og_url":"https:\/\/www.welovecycling.com\/hu\/kozosseg-es-kultura\/hajtas-az-erdokert-harc-a-szen-monoxid-ellen\/","og_site_name":"\u0160koda We Love Cycling - Magyarorsz\u00e1g","article_publisher":"https:\/\/www.facebook.com\/WeLoveCyclingHungary\/","article_published_time":"2020-02-08T07:00:06+00:00","og_image":[{"width":1366,"height":600,"url":"https:\/\/d2p6e6u75xmxt8.cloudfront.net\/12\/2020\/01\/Phil-Sturgeon-CVR.jpg","type":"image\/jpeg"}],"author":"hegyizs","twitter_card":"summary_large_image","twitter_misc":{"Written by":"Phil Sturgeon","Est. reading time":"5"},"schema":{"@context":"https:\/\/schema.org","@graph":[{"@type":"WebPage","@id":"https:\/\/www.welovecycling.com\/hu\/kozosseg-es-kultura\/hajtas-az-erdokert-harc-a-szen-monoxid-ellen\/","url":"https:\/\/www.welovecycling.com\/hu\/kozosseg-es-kultura\/hajtas-az-erdokert-harc-a-szen-monoxid-ellen\/","name":"Hajt\u00e1s az erd\u0151k\u00e9rt \u2013 harc a sz\u00e9n-monoxid ellen - \u0160koda We Love Cycling - Magyarorsz\u00e1g","isPartOf":{"@id":"https:\/\/www.welovecycling.com\/hu\/#website"},"primaryImageOfPage":{"@id":"https:\/\/www.welovecycling.com\/hu\/kozosseg-es-kultura\/hajtas-az-erdokert-harc-a-szen-monoxid-ellen\/#primaryimage"},"image":{"@id":"https:\/\/www.welovecycling.com\/hu\/kozosseg-es-kultura\/hajtas-az-erdokert-harc-a-szen-monoxid-ellen\/#primaryimage"},"thumbnailUrl":"https:\/\/d2p6e6u75xmxt8.cloudfront.net\/12\/2020\/01\/Phil-Sturgeon-CVR.jpg","datePublished":"2020-02-08T07:00:06+00:00","author":{"@id":"https:\/\/www.welovecycling.com\/hu\/#\/schema\/person\/414a2aebf1801691a5320edb6468e194"},"breadcrumb":{"@id":"https:\/\/www.welovecycling.com\/hu\/kozosseg-es-kultura\/hajtas-az-erdokert-harc-a-szen-monoxid-ellen\/#breadcrumb"},"inLanguage":"hu","potentialAction":[{"@type":"ReadAction","target":["https:\/\/www.welovecycling.com\/hu\/kozosseg-es-kultura\/hajtas-az-erdokert-harc-a-szen-monoxid-ellen\/"]}]},{"@type":"ImageObject","inLanguage":"hu","@id":"https:\/\/www.welovecycling.com\/hu\/kozosseg-es-kultura\/hajtas-az-erdokert-harc-a-szen-monoxid-ellen\/#primaryimage","url":"https:\/\/d2p6e6u75xmxt8.cloudfront.net\/12\/2020\/01\/Phil-Sturgeon-CVR.jpg","contentUrl":"https:\/\/d2p6e6u75xmxt8.cloudfront.net\/12\/2020\/01\/Phil-Sturgeon-CVR.jpg","width":1366,"height":600},{"@type":"BreadcrumbList","@id":"https:\/\/www.welovecycling.com\/hu\/kozosseg-es-kultura\/hajtas-az-erdokert-harc-a-szen-monoxid-ellen\/#breadcrumb","itemListElement":[{"@type":"ListItem","position":1,"name":"Home","item":"https:\/\/www.welovecycling.com\/hu\/"},{"@type":"ListItem","position":2,"name":"Hajt\u00e1s az erd\u0151k\u00e9rt \u2013 harc a sz\u00e9n-monoxid ellen"}]},{"@type":"WebSite","@id":"https:\/\/www.welovecycling.com\/hu\/#website","url":"https:\/\/www.welovecycling.com\/hu\/","name":"\u0160koda We Love Cycling - Magyarorsz\u00e1g","description":"\u0160koda WeLoveCycling","potentialAction":[{"@type":"SearchAction","target":{"@type":"EntryPoint","urlTemplate":"https:\/\/www.welovecycling.com\/hu\/?s={search_term_string}"},"query-input":{"@type":"PropertyValueSpecification","valueRequired":true,"valueName":"search_term_string"}}],"inLanguage":"hu"},{"@type":"Person","@id":"https:\/\/www.welovecycling.com\/hu\/#\/schema\/person\/414a2aebf1801691a5320edb6468e194","name":"hegyizs","image":{"@type":"ImageObject","inLanguage":"hu","@id":"https:\/\/www.welovecycling.com\/hu\/#\/schema\/person\/image\/","url":"https:\/\/secure.gravatar.com\/avatar\/02cf8a7906b8cf90cecb4679defac7cfd33a1c2e3b88e4903d947f3bb58eedd3?s=96&d=mm&r=g","contentUrl":"https:\/\/secure.gravatar.com\/avatar\/02cf8a7906b8cf90cecb4679defac7cfd33a1c2e3b88e4903d947f3bb58eedd3?s=96&d=mm&r=g","caption":"hegyizs"},"url":"https:\/\/www.welovecycling.com\/hu\/author\/hegyizs\/"}]}},"_links":{"self":[{"href":"https:\/\/www.welovecycling.com\/hu\/wp-json\/wp\/v2\/posts\/6730","targetHints":{"allow":["GET"]}}],"collection":[{"href":"https:\/\/www.welovecycling.com\/hu\/wp-json\/wp\/v2\/posts"}],"about":[{"href":"https:\/\/www.welovecycling.com\/hu\/wp-json\/wp\/v2\/types\/post"}],"author":[{"embeddable":true,"href":"https:\/\/www.welovecycling.com\/hu\/wp-json\/wp\/v2\/users\/71"}],"replies":[{"embeddable":true,"href":"https:\/\/www.welovecycling.com\/hu\/wp-json\/wp\/v2\/comments?post=6730"}],"version-history":[{"count":2,"href":"https:\/\/www.welovecycling.com\/hu\/wp-json\/wp\/v2\/posts\/6730\/revisions"}],"predecessor-version":[{"id":6749,"href":"https:\/\/www.welovecycling.com\/hu\/wp-json\/wp\/v2\/posts\/6730\/revisions\/6749"}],"wp:featuredmedia":[{"embeddable":true,"href":"https:\/\/www.welovecycling.com\/hu\/wp-json\/wp\/v2\/media\/6734"}],"wp:attachment":[{"href":"https:\/\/www.welovecycling.com\/hu\/wp-json\/wp\/v2\/media?parent=6730"}],"wp:term":[{"taxonomy":"category","embeddable":true,"href":"https:\/\/www.welovecycling.com\/hu\/wp-json\/wp\/v2\/categories?post=6730"},{"taxonomy":"post_tag","embeddable":true,"href":"https:\/\/www.welovecycling.com\/hu\/wp-json\/wp\/v2\/tags?post=6730"},{"taxonomy":"global-categories","embeddable":true,"href":"https:\/\/www.welovecycling.com\/hu\/wp-json\/wp\/v2\/global-categories?post=6730"}],"curies":[{"name":"wp","href":"https:\/\/api.w.org\/{rel}","templated":true}]}}