{"id":6719,"date":"2020-02-07T08:00:36","date_gmt":"2020-02-07T07:00:36","guid":{"rendered":"https:\/\/www.welovecycling.com\/hu\/?p=6719"},"modified":"2020-01-31T14:33:14","modified_gmt":"2020-01-31T13:33:14","slug":"bizarr-gyermeki-fantazmagoriak","status":"publish","type":"post","link":"https:\/\/www.welovecycling.com\/hu\/kozosseg-es-kultura\/bizarr-gyermeki-fantazmagoriak\/","title":{"rendered":"Bizarr gyermeki fantazmag\u00f3ri\u00e1k"},"content":{"rendered":"<p><strong>Egy mag\u00e1n\u00f3voda gyermekeit k\u00e9rt\u00fck meg, hogy rajzolj\u00e1k le egy biciklis \u00e9lm\u00e9ny\u00fcket. Az eredm\u00e9ny minket is meglepett. Eg\u00e9sz univerzumokat kaptunk, melyekben emberek, \u00e1llatok \u00e9s term\u00e9szetfeletti l\u00e9nyek osztoznak a ker\u00e9kp\u00e1roz\u00e1s \u00f6r\u00f6m\u00e9n, k\u00e9t vagy esetleg t\u00f6bb ker\u00e9ken.<\/strong><\/p>\n<p><!--more--><\/p>\n<p>A te gyerekeid is bring\u00e1znak? Ez a fajta mozg\u00e1s a legkisebbeknek is el\u0151ny\u00e9re v\u00e1lhat, fizikai er\u0151t ad \u00e9s fejleszti az egyens\u00faly\u00e9rz\u00e9ket. Emellett j\u00f3t tesz a t\u00fcd\u0151nek, a sz\u00edvnek \u00e9s tanulm\u00e1nyok alapj\u00e1n a v\u00e9rkering\u00e9sen kereszt\u00fcl az agynak is. Minden ilyen, \u00e9s ezekhez hasonl\u00f3 \u00e9rv ellen\u00e9re a legfontosabb, hogy a gyerekek v\u00e9lem\u00e9ny\u00e9t is kik\u00e9rj\u00fck: \u0151k mit gondolnak a bicikliz\u00e9sr\u0151l? Milyen \u00e9lm\u00e9nyeket szeretnek \u00e9s melyeket kev\u00e9sb\u00e9?<\/p>\n<p>Hogy ezekre a k\u00e9rd\u00e9sekre v\u00e1laszt kapjunk, ell\u00e1togattunk egy pr\u00e1gai mag\u00e1n\u00f3vod\u00e1ba, ahova 2-7 \u00e9ves gyerekek j\u00e1rnak. A Seminarium nevet visel\u0151 int\u00e9zm\u00e9ny tev\u00e9kenys\u00e9gek sz\u00e9les sk\u00e1l\u00e1j\u00e1t k\u00edn\u00e1lja v\u00e9denceinek. Egy kellemes helyen t\u00f6ltik napjaikat, mik\u00f6zben fizikai gyakorlatokat, t\u00e1ncot, rajzol\u00e1st \u00e9s kreat\u00edv m\u0171v\u00e9szeteket tanulnak. A gyerekek j\u00e1t\u00e9kokon kereszt\u00fcl ismerik meg test\u00fcket, t\u00f6bbek k\u00f6z\u00f6tt j\u00f3g\u00e1znak \u00e9s akrobatikus elemeket gyakorolnak. A zenei \u00f3r\u00e1k sor\u00e1n a ritmusra f\u00f3kusz\u00e1lnak, de lehet\u0151s\u00e9g\u00fck van nyelvi foglalkoz\u00e1sokon \u00e9s l\u00e9gz\u00e9ster\u00e1pi\u00e1n is r\u00e9szt venni. B\u00e1r a bicikliz\u00e9s nincs a napirendben, a Seminarium tulajdonosa, Ms. Agnes Miksch beleegyezett, hogy egy 15 f\u0151b\u0151l \u00e1ll\u00f3 csapatot megk\u00e9rj\u00fcnk r\u00e1, rajzolj\u00e1k le bring\u00e1s \u00e9lm\u00e9nyeiket.<\/p>\n<p>R\u00f6vid tanakod\u00e1s ut\u00e1n a gyerekek egyre izgatottabbak lettek \u00e9s hatalmas energi\u00e1t fektettek a m\u0171vek elk\u00e9sz\u00edt\u00e9s\u00e9be. N\u00e9melyik nemcsak sz\u00e9p, de igen meglep\u0151 is lett. N\u00e9h\u00e1nyan a csal\u00e1djukat rajzolt\u00e1k le, ahogy a hegyekben kir\u00e1ndulnak, a kicsit szabadabb gondolkod\u00e1s\u00fa Karol\u00ednka viszont egy absztrakt k\u00e9pet k\u00e9sz\u00edtett, ahol a bicajt neh\u00e9z volt felismerni, de a c\u00edme minden p\u00e9nzt meg\u00e9rt: \u201eA bicikliz\u0151 var\u00e1zsl\u00f3 var\u00e1zskapuja \u00e9s a vitorl\u00e1s haj\u00f3ja.\u201d<\/p>\n<p>\u00d6sszess\u00e9g\u00e9ben teh\u00e1t le voltunk ny\u0171g\u00f6zve. \u00dagy t\u0171nik, a gyerekek igen m\u00e9ly \u00e9rzelmeket t\u00e1pl\u00e1lnak a bicikliz\u00e9s ir\u00e1nt, \u00e9s ezek t\u00falnyom\u00f3r\u00e9szt pozit\u00edvak. \u00c1ltal\u00e1ban a csal\u00e1ddal, a h\u00e1zi\u00e1llatokkal \u00e9s k\u00e9pzeletbeli bar\u00e1tokkal t\u00f6lt\u00f6tt tev\u00e9kenys\u00e9gk\u00e9nt mutatkozott meg a teker\u00e9s. Rem\u00e9lj\u00fck, amikor feln\u0151nek, akkor is olyan izgalmas viszony f\u0171zi \u0151ket ker\u00e9kp\u00e1rjukhoz, mint most!<\/p>\n<figure id=\"attachment_6720\" aria-describedby=\"caption-attachment-6720\" style=\"width: 1411px\" class=\"wp-caption alignnone\"><img loading=\"lazy\" decoding=\"async\" class=\"wp-image-6720 size-full\" src=\"https:\/\/d2p6e6u75xmxt8.cloudfront.net\/12\/2020\/01\/3FABA0CD-3AD0-44E4-A9CA-301A0FE0CE15.jpg\" alt=\"\" width=\"1411\" height=\"1058\" srcset=\"https:\/\/d2p6e6u75xmxt8.cloudfront.net\/12\/2020\/01\/3FABA0CD-3AD0-44E4-A9CA-301A0FE0CE15.jpg 1411w, https:\/\/d2p6e6u75xmxt8.cloudfront.net\/12\/2020\/01\/3FABA0CD-3AD0-44E4-A9CA-301A0FE0CE15-300x225.jpg 300w, https:\/\/d2p6e6u75xmxt8.cloudfront.net\/12\/2020\/01\/3FABA0CD-3AD0-44E4-A9CA-301A0FE0CE15-768x576.jpg 768w, https:\/\/d2p6e6u75xmxt8.cloudfront.net\/12\/2020\/01\/3FABA0CD-3AD0-44E4-A9CA-301A0FE0CE15-1024x768.jpg 1024w\" sizes=\"auto, (max-width: 1411px) 100vw, 1411px\" \/><figcaption id=\"caption-attachment-6720\" class=\"wp-caption-text\">Karol\u00ednka: A bicikliz\u0151 var\u00e1zsl\u00f3 var\u00e1zskapuja \u00e9s a vitorl\u00e1s haj\u00f3ja.<\/figcaption><\/figure>\n<figure id=\"attachment_6721\" aria-describedby=\"caption-attachment-6721\" style=\"width: 1411px\" class=\"wp-caption alignnone\"><img loading=\"lazy\" decoding=\"async\" class=\"wp-image-6721 size-full\" src=\"https:\/\/d2p6e6u75xmxt8.cloudfront.net\/12\/2020\/01\/10DF7430-2FEB-4ADC-9862-4E0278611CF7.jpg\" alt=\"\" width=\"1411\" height=\"1058\" srcset=\"https:\/\/d2p6e6u75xmxt8.cloudfront.net\/12\/2020\/01\/10DF7430-2FEB-4ADC-9862-4E0278611CF7.jpg 1411w, https:\/\/d2p6e6u75xmxt8.cloudfront.net\/12\/2020\/01\/10DF7430-2FEB-4ADC-9862-4E0278611CF7-300x225.jpg 300w, https:\/\/d2p6e6u75xmxt8.cloudfront.net\/12\/2020\/01\/10DF7430-2FEB-4ADC-9862-4E0278611CF7-768x576.jpg 768w, https:\/\/d2p6e6u75xmxt8.cloudfront.net\/12\/2020\/01\/10DF7430-2FEB-4ADC-9862-4E0278611CF7-1024x768.jpg 1024w\" sizes=\"auto, (max-width: 1411px) 100vw, 1411px\" \/><figcaption id=\"caption-attachment-6721\" class=\"wp-caption-text\">Nikola Z.: (balr\u00f3l) \u00c9n, apa, \u00e9s j\u00f3 bar\u00e1tunk, Biba bicikliz\u00fcnk. Anya egykerek\u0171zik.<\/figcaption><\/figure>\n<figure id=\"attachment_6722\" aria-describedby=\"caption-attachment-6722\" style=\"width: 1411px\" class=\"wp-caption alignnone\"><img loading=\"lazy\" decoding=\"async\" class=\"wp-image-6722 size-full\" src=\"https:\/\/d2p6e6u75xmxt8.cloudfront.net\/12\/2020\/01\/296EF8BB-8B3E-471E-93BE-CD66AED255E6.jpg\" alt=\"\" width=\"1411\" height=\"1058\" srcset=\"https:\/\/d2p6e6u75xmxt8.cloudfront.net\/12\/2020\/01\/296EF8BB-8B3E-471E-93BE-CD66AED255E6.jpg 1411w, https:\/\/d2p6e6u75xmxt8.cloudfront.net\/12\/2020\/01\/296EF8BB-8B3E-471E-93BE-CD66AED255E6-300x225.jpg 300w, https:\/\/d2p6e6u75xmxt8.cloudfront.net\/12\/2020\/01\/296EF8BB-8B3E-471E-93BE-CD66AED255E6-768x576.jpg 768w, https:\/\/d2p6e6u75xmxt8.cloudfront.net\/12\/2020\/01\/296EF8BB-8B3E-471E-93BE-CD66AED255E6-1024x768.jpg 1024w\" sizes=\"auto, (max-width: 1411px) 100vw, 1411px\" \/><figcaption id=\"caption-attachment-6722\" class=\"wp-caption-text\">Franti\u0161ek Zedn\u00edk: Halbicikli. Mert \u00fagy n\u00e9z ki, mint egy hal.<\/figcaption><\/figure>\n<figure id=\"attachment_6723\" aria-describedby=\"caption-attachment-6723\" style=\"width: 1411px\" class=\"wp-caption alignnone\"><img loading=\"lazy\" decoding=\"async\" class=\"wp-image-6723 size-full\" src=\"https:\/\/d2p6e6u75xmxt8.cloudfront.net\/12\/2020\/01\/982FCE62-FD63-48FA-BFA4-1A048DD0FA60.jpg\" alt=\"\" width=\"1411\" height=\"1058\" srcset=\"https:\/\/d2p6e6u75xmxt8.cloudfront.net\/12\/2020\/01\/982FCE62-FD63-48FA-BFA4-1A048DD0FA60.jpg 1411w, https:\/\/d2p6e6u75xmxt8.cloudfront.net\/12\/2020\/01\/982FCE62-FD63-48FA-BFA4-1A048DD0FA60-300x225.jpg 300w, https:\/\/d2p6e6u75xmxt8.cloudfront.net\/12\/2020\/01\/982FCE62-FD63-48FA-BFA4-1A048DD0FA60-768x576.jpg 768w, https:\/\/d2p6e6u75xmxt8.cloudfront.net\/12\/2020\/01\/982FCE62-FD63-48FA-BFA4-1A048DD0FA60-1024x768.jpg 1024w\" sizes=\"auto, (max-width: 1411px) 100vw, 1411px\" \/><figcaption id=\"caption-attachment-6723\" class=\"wp-caption-text\">Artu\u0161: A bicajom.<\/figcaption><\/figure>\n<figure id=\"attachment_6724\" aria-describedby=\"caption-attachment-6724\" style=\"width: 1411px\" class=\"wp-caption alignnone\"><img loading=\"lazy\" decoding=\"async\" class=\"wp-image-6724 size-full\" src=\"https:\/\/d2p6e6u75xmxt8.cloudfront.net\/12\/2020\/01\/8271A2EC-A68C-40D0-89B1-6939707FC6EE.jpg\" alt=\"\" width=\"1411\" height=\"1058\" srcset=\"https:\/\/d2p6e6u75xmxt8.cloudfront.net\/12\/2020\/01\/8271A2EC-A68C-40D0-89B1-6939707FC6EE.jpg 1411w, https:\/\/d2p6e6u75xmxt8.cloudfront.net\/12\/2020\/01\/8271A2EC-A68C-40D0-89B1-6939707FC6EE-300x225.jpg 300w, https:\/\/d2p6e6u75xmxt8.cloudfront.net\/12\/2020\/01\/8271A2EC-A68C-40D0-89B1-6939707FC6EE-768x576.jpg 768w, https:\/\/d2p6e6u75xmxt8.cloudfront.net\/12\/2020\/01\/8271A2EC-A68C-40D0-89B1-6939707FC6EE-1024x768.jpg 1024w\" sizes=\"auto, (max-width: 1411px) 100vw, 1411px\" \/><figcaption id=\"caption-attachment-6724\" class=\"wp-caption-text\">Karol\u00ednka: Egy macska csatlakozik a hegyi biciklit\u00far\u00e1hoz.<\/figcaption><\/figure>\n<figure id=\"attachment_6725\" aria-describedby=\"caption-attachment-6725\" style=\"width: 1411px\" class=\"wp-caption alignnone\"><img loading=\"lazy\" decoding=\"async\" class=\"wp-image-6725 size-full\" src=\"https:\/\/d2p6e6u75xmxt8.cloudfront.net\/12\/2020\/01\/B28E9422-68A8-49EC-B5E8-BDC6AC3A50E2.jpg\" alt=\"\" width=\"1411\" height=\"1058\" srcset=\"https:\/\/d2p6e6u75xmxt8.cloudfront.net\/12\/2020\/01\/B28E9422-68A8-49EC-B5E8-BDC6AC3A50E2.jpg 1411w, https:\/\/d2p6e6u75xmxt8.cloudfront.net\/12\/2020\/01\/B28E9422-68A8-49EC-B5E8-BDC6AC3A50E2-300x225.jpg 300w, https:\/\/d2p6e6u75xmxt8.cloudfront.net\/12\/2020\/01\/B28E9422-68A8-49EC-B5E8-BDC6AC3A50E2-768x576.jpg 768w, https:\/\/d2p6e6u75xmxt8.cloudfront.net\/12\/2020\/01\/B28E9422-68A8-49EC-B5E8-BDC6AC3A50E2-1024x768.jpg 1024w\" sizes=\"auto, (max-width: 1411px) 100vw, 1411px\" \/><figcaption id=\"caption-attachment-6725\" class=\"wp-caption-text\">Ka\u010denka: a biciklim.<\/figcaption><\/figure>\n<figure id=\"attachment_6726\" aria-describedby=\"caption-attachment-6726\" style=\"width: 1411px\" class=\"wp-caption alignnone\"><img loading=\"lazy\" decoding=\"async\" class=\"wp-image-6726 size-full\" src=\"https:\/\/d2p6e6u75xmxt8.cloudfront.net\/12\/2020\/01\/EBC93AE1-D010-493D-9C10-57D15A9ADE9B.jpg\" alt=\"\" width=\"1411\" height=\"1058\" srcset=\"https:\/\/d2p6e6u75xmxt8.cloudfront.net\/12\/2020\/01\/EBC93AE1-D010-493D-9C10-57D15A9ADE9B.jpg 1411w, https:\/\/d2p6e6u75xmxt8.cloudfront.net\/12\/2020\/01\/EBC93AE1-D010-493D-9C10-57D15A9ADE9B-300x225.jpg 300w, https:\/\/d2p6e6u75xmxt8.cloudfront.net\/12\/2020\/01\/EBC93AE1-D010-493D-9C10-57D15A9ADE9B-768x576.jpg 768w, https:\/\/d2p6e6u75xmxt8.cloudfront.net\/12\/2020\/01\/EBC93AE1-D010-493D-9C10-57D15A9ADE9B-1024x768.jpg 1024w\" sizes=\"auto, (max-width: 1411px) 100vw, 1411px\" \/><figcaption id=\"caption-attachment-6726\" class=\"wp-caption-text\">Mat\u011bj K: \u00c9n \u00e9s apu a hegyekben bicikliz\u00fcnk<\/figcaption><\/figure>\n<figure id=\"attachment_6727\" aria-describedby=\"caption-attachment-6727\" style=\"width: 1411px\" class=\"wp-caption alignnone\"><img loading=\"lazy\" decoding=\"async\" class=\"wp-image-6727 size-full\" src=\"https:\/\/d2p6e6u75xmxt8.cloudfront.net\/12\/2020\/01\/FE8724D9-5C39-472D-A57C-0CB55AE10EB4.jpg\" alt=\"\" width=\"1411\" height=\"1058\" srcset=\"https:\/\/d2p6e6u75xmxt8.cloudfront.net\/12\/2020\/01\/FE8724D9-5C39-472D-A57C-0CB55AE10EB4.jpg 1411w, https:\/\/d2p6e6u75xmxt8.cloudfront.net\/12\/2020\/01\/FE8724D9-5C39-472D-A57C-0CB55AE10EB4-300x225.jpg 300w, https:\/\/d2p6e6u75xmxt8.cloudfront.net\/12\/2020\/01\/FE8724D9-5C39-472D-A57C-0CB55AE10EB4-768x576.jpg 768w, https:\/\/d2p6e6u75xmxt8.cloudfront.net\/12\/2020\/01\/FE8724D9-5C39-472D-A57C-0CB55AE10EB4-1024x768.jpg 1024w\" sizes=\"auto, (max-width: 1411px) 100vw, 1411px\" \/><figcaption id=\"caption-attachment-6727\" class=\"wp-caption-text\">J\u00e1chym: Sz\u00e1nh\u00faz\u00f3 kuty\u00e1k h\u00fazz\u00e1k a bring\u00e1m.<\/figcaption><\/figure>\n","protected":false},"excerpt":{"rendered":"<p>Egy mag\u00e1n\u00f3voda gyermekeit k\u00e9rt\u00fck meg, hogy rajzolj\u00e1k le egy biciklis \u00e9lm\u00e9ny\u00fcket. Az eredm\u00e9ny minket is meglepett. Eg\u00e9sz univerzumokat kaptunk, melyekben [&hellip;]<\/p>\n","protected":false},"author":71,"featured_media":6729,"comment_status":"open","ping_status":"open","sticky":false,"template":"","format":"standard","meta":{"footnotes":""},"categories":[12],"tags":[],"global-categories":[],"class_list":["post-6719","post","type-post","status-publish","format-standard","has-post-thumbnail","hentry","category-kozosseg-es-kultura"],"yoast_head":"<!-- This site is optimized with the Yoast SEO Premium plugin v25.3 (Yoast SEO v25.9) - https:\/\/yoast.com\/wordpress\/plugins\/seo\/ -->\n<title>Bizarr gyermeki fantazmag\u00f3ri\u00e1k - \u0160koda We Love Cycling - Magyarorsz\u00e1g<\/title>\n<meta name=\"robots\" content=\"index, follow, max-snippet:-1, max-image-preview:large, max-video-preview:-1\" \/>\n<link rel=\"canonical\" href=\"https:\/\/www.welovecycling.com\/hu\/kozosseg-es-kultura\/bizarr-gyermeki-fantazmagoriak\/\" \/>\n<meta property=\"og:locale\" content=\"hu_HU\" \/>\n<meta property=\"og:type\" content=\"article\" \/>\n<meta property=\"og:title\" content=\"Bizarr gyermeki fantazmag\u00f3ri\u00e1k\" \/>\n<meta property=\"og:description\" content=\"Egy mag\u00e1n\u00f3voda gyermekeit k\u00e9rt\u00fck meg, hogy rajzolj\u00e1k le egy biciklis \u00e9lm\u00e9ny\u00fcket. Az eredm\u00e9ny minket is meglepett. Eg\u00e9sz univerzumokat kaptunk, melyekben [&hellip;]\" \/>\n<meta property=\"og:url\" content=\"https:\/\/www.welovecycling.com\/hu\/kozosseg-es-kultura\/bizarr-gyermeki-fantazmagoriak\/\" \/>\n<meta property=\"og:site_name\" content=\"\u0160koda We Love Cycling - Magyarorsz\u00e1g\" \/>\n<meta property=\"article:publisher\" content=\"https:\/\/www.facebook.com\/WeLoveCyclingHungary\/\" \/>\n<meta property=\"article:published_time\" content=\"2020-02-07T07:00:36+00:00\" \/>\n<meta property=\"og:image\" content=\"https:\/\/d2p6e6u75xmxt8.cloudfront.net\/12\/2020\/01\/Children-Bicycles-CVR.jpg\" \/>\n\t<meta property=\"og:image:width\" content=\"1366\" \/>\n\t<meta property=\"og:image:height\" content=\"600\" \/>\n\t<meta property=\"og:image:type\" content=\"image\/jpeg\" \/>\n<meta name=\"author\" content=\"hegyizs\" \/>\n<meta name=\"twitter:card\" content=\"summary_large_image\" \/>\n<meta name=\"twitter:label1\" content=\"Written by\" \/>\n\t<meta name=\"twitter:data1\" content=\"Adam Marsal\" \/>\n\t<meta name=\"twitter:label2\" content=\"Est. reading time\" \/>\n\t<meta name=\"twitter:data2\" content=\"5\" \/>\n<script type=\"application\/ld+json\" class=\"yoast-schema-graph\">{\"@context\":\"https:\/\/schema.org\",\"@graph\":[{\"@type\":\"WebPage\",\"@id\":\"https:\/\/www.welovecycling.com\/hu\/kozosseg-es-kultura\/bizarr-gyermeki-fantazmagoriak\/\",\"url\":\"https:\/\/www.welovecycling.com\/hu\/kozosseg-es-kultura\/bizarr-gyermeki-fantazmagoriak\/\",\"name\":\"Bizarr gyermeki fantazmag\u00f3ri\u00e1k - \u0160koda We Love Cycling - Magyarorsz\u00e1g\",\"isPartOf\":{\"@id\":\"https:\/\/www.welovecycling.com\/hu\/#website\"},\"primaryImageOfPage\":{\"@id\":\"https:\/\/www.welovecycling.com\/hu\/kozosseg-es-kultura\/bizarr-gyermeki-fantazmagoriak\/#primaryimage\"},\"image\":{\"@id\":\"https:\/\/www.welovecycling.com\/hu\/kozosseg-es-kultura\/bizarr-gyermeki-fantazmagoriak\/#primaryimage\"},\"thumbnailUrl\":\"https:\/\/d2p6e6u75xmxt8.cloudfront.net\/12\/2020\/01\/Children-Bicycles-CVR.jpg\",\"datePublished\":\"2020-02-07T07:00:36+00:00\",\"author\":{\"@id\":\"https:\/\/www.welovecycling.com\/hu\/#\/schema\/person\/414a2aebf1801691a5320edb6468e194\"},\"breadcrumb\":{\"@id\":\"https:\/\/www.welovecycling.com\/hu\/kozosseg-es-kultura\/bizarr-gyermeki-fantazmagoriak\/#breadcrumb\"},\"inLanguage\":\"hu\",\"potentialAction\":[{\"@type\":\"ReadAction\",\"target\":[\"https:\/\/www.welovecycling.com\/hu\/kozosseg-es-kultura\/bizarr-gyermeki-fantazmagoriak\/\"]}]},{\"@type\":\"ImageObject\",\"inLanguage\":\"hu\",\"@id\":\"https:\/\/www.welovecycling.com\/hu\/kozosseg-es-kultura\/bizarr-gyermeki-fantazmagoriak\/#primaryimage\",\"url\":\"https:\/\/d2p6e6u75xmxt8.cloudfront.net\/12\/2020\/01\/Children-Bicycles-CVR.jpg\",\"contentUrl\":\"https:\/\/d2p6e6u75xmxt8.cloudfront.net\/12\/2020\/01\/Children-Bicycles-CVR.jpg\",\"width\":1366,\"height\":600},{\"@type\":\"BreadcrumbList\",\"@id\":\"https:\/\/www.welovecycling.com\/hu\/kozosseg-es-kultura\/bizarr-gyermeki-fantazmagoriak\/#breadcrumb\",\"itemListElement\":[{\"@type\":\"ListItem\",\"position\":1,\"name\":\"Home\",\"item\":\"https:\/\/www.welovecycling.com\/hu\/\"},{\"@type\":\"ListItem\",\"position\":2,\"name\":\"Bizarr gyermeki fantazmag\u00f3ri\u00e1k\"}]},{\"@type\":\"WebSite\",\"@id\":\"https:\/\/www.welovecycling.com\/hu\/#website\",\"url\":\"https:\/\/www.welovecycling.com\/hu\/\",\"name\":\"\u0160koda We Love Cycling - Magyarorsz\u00e1g\",\"description\":\"\u0160koda WeLoveCycling\",\"potentialAction\":[{\"@type\":\"SearchAction\",\"target\":{\"@type\":\"EntryPoint\",\"urlTemplate\":\"https:\/\/www.welovecycling.com\/hu\/?s={search_term_string}\"},\"query-input\":{\"@type\":\"PropertyValueSpecification\",\"valueRequired\":true,\"valueName\":\"search_term_string\"}}],\"inLanguage\":\"hu\"},{\"@type\":\"Person\",\"@id\":\"https:\/\/www.welovecycling.com\/hu\/#\/schema\/person\/414a2aebf1801691a5320edb6468e194\",\"name\":\"hegyizs\",\"image\":{\"@type\":\"ImageObject\",\"inLanguage\":\"hu\",\"@id\":\"https:\/\/www.welovecycling.com\/hu\/#\/schema\/person\/image\/\",\"url\":\"https:\/\/secure.gravatar.com\/avatar\/02cf8a7906b8cf90cecb4679defac7cfd33a1c2e3b88e4903d947f3bb58eedd3?s=96&d=mm&r=g\",\"contentUrl\":\"https:\/\/secure.gravatar.com\/avatar\/02cf8a7906b8cf90cecb4679defac7cfd33a1c2e3b88e4903d947f3bb58eedd3?s=96&d=mm&r=g\",\"caption\":\"hegyizs\"},\"url\":\"https:\/\/www.welovecycling.com\/hu\/author\/hegyizs\/\"}]}<\/script>\n<!-- \/ Yoast SEO Premium plugin. -->","yoast_head_json":{"title":"Bizarr gyermeki fantazmag\u00f3ri\u00e1k - \u0160koda We Love Cycling - Magyarorsz\u00e1g","robots":{"index":"index","follow":"follow","max-snippet":"max-snippet:-1","max-image-preview":"max-image-preview:large","max-video-preview":"max-video-preview:-1"},"canonical":"https:\/\/www.welovecycling.com\/hu\/kozosseg-es-kultura\/bizarr-gyermeki-fantazmagoriak\/","og_locale":"hu_HU","og_type":"article","og_title":"Bizarr gyermeki fantazmag\u00f3ri\u00e1k","og_description":"Egy mag\u00e1n\u00f3voda gyermekeit k\u00e9rt\u00fck meg, hogy rajzolj\u00e1k le egy biciklis \u00e9lm\u00e9ny\u00fcket. Az eredm\u00e9ny minket is meglepett. Eg\u00e9sz univerzumokat kaptunk, melyekben [&hellip;]","og_url":"https:\/\/www.welovecycling.com\/hu\/kozosseg-es-kultura\/bizarr-gyermeki-fantazmagoriak\/","og_site_name":"\u0160koda We Love Cycling - Magyarorsz\u00e1g","article_publisher":"https:\/\/www.facebook.com\/WeLoveCyclingHungary\/","article_published_time":"2020-02-07T07:00:36+00:00","og_image":[{"width":1366,"height":600,"url":"https:\/\/d2p6e6u75xmxt8.cloudfront.net\/12\/2020\/01\/Children-Bicycles-CVR.jpg","type":"image\/jpeg"}],"author":"hegyizs","twitter_card":"summary_large_image","twitter_misc":{"Written by":"Adam Marsal","Est. reading time":"5"},"schema":{"@context":"https:\/\/schema.org","@graph":[{"@type":"WebPage","@id":"https:\/\/www.welovecycling.com\/hu\/kozosseg-es-kultura\/bizarr-gyermeki-fantazmagoriak\/","url":"https:\/\/www.welovecycling.com\/hu\/kozosseg-es-kultura\/bizarr-gyermeki-fantazmagoriak\/","name":"Bizarr gyermeki fantazmag\u00f3ri\u00e1k - \u0160koda We Love Cycling - Magyarorsz\u00e1g","isPartOf":{"@id":"https:\/\/www.welovecycling.com\/hu\/#website"},"primaryImageOfPage":{"@id":"https:\/\/www.welovecycling.com\/hu\/kozosseg-es-kultura\/bizarr-gyermeki-fantazmagoriak\/#primaryimage"},"image":{"@id":"https:\/\/www.welovecycling.com\/hu\/kozosseg-es-kultura\/bizarr-gyermeki-fantazmagoriak\/#primaryimage"},"thumbnailUrl":"https:\/\/d2p6e6u75xmxt8.cloudfront.net\/12\/2020\/01\/Children-Bicycles-CVR.jpg","datePublished":"2020-02-07T07:00:36+00:00","author":{"@id":"https:\/\/www.welovecycling.com\/hu\/#\/schema\/person\/414a2aebf1801691a5320edb6468e194"},"breadcrumb":{"@id":"https:\/\/www.welovecycling.com\/hu\/kozosseg-es-kultura\/bizarr-gyermeki-fantazmagoriak\/#breadcrumb"},"inLanguage":"hu","potentialAction":[{"@type":"ReadAction","target":["https:\/\/www.welovecycling.com\/hu\/kozosseg-es-kultura\/bizarr-gyermeki-fantazmagoriak\/"]}]},{"@type":"ImageObject","inLanguage":"hu","@id":"https:\/\/www.welovecycling.com\/hu\/kozosseg-es-kultura\/bizarr-gyermeki-fantazmagoriak\/#primaryimage","url":"https:\/\/d2p6e6u75xmxt8.cloudfront.net\/12\/2020\/01\/Children-Bicycles-CVR.jpg","contentUrl":"https:\/\/d2p6e6u75xmxt8.cloudfront.net\/12\/2020\/01\/Children-Bicycles-CVR.jpg","width":1366,"height":600},{"@type":"BreadcrumbList","@id":"https:\/\/www.welovecycling.com\/hu\/kozosseg-es-kultura\/bizarr-gyermeki-fantazmagoriak\/#breadcrumb","itemListElement":[{"@type":"ListItem","position":1,"name":"Home","item":"https:\/\/www.welovecycling.com\/hu\/"},{"@type":"ListItem","position":2,"name":"Bizarr gyermeki fantazmag\u00f3ri\u00e1k"}]},{"@type":"WebSite","@id":"https:\/\/www.welovecycling.com\/hu\/#website","url":"https:\/\/www.welovecycling.com\/hu\/","name":"\u0160koda We Love Cycling - Magyarorsz\u00e1g","description":"\u0160koda WeLoveCycling","potentialAction":[{"@type":"SearchAction","target":{"@type":"EntryPoint","urlTemplate":"https:\/\/www.welovecycling.com\/hu\/?s={search_term_string}"},"query-input":{"@type":"PropertyValueSpecification","valueRequired":true,"valueName":"search_term_string"}}],"inLanguage":"hu"},{"@type":"Person","@id":"https:\/\/www.welovecycling.com\/hu\/#\/schema\/person\/414a2aebf1801691a5320edb6468e194","name":"hegyizs","image":{"@type":"ImageObject","inLanguage":"hu","@id":"https:\/\/www.welovecycling.com\/hu\/#\/schema\/person\/image\/","url":"https:\/\/secure.gravatar.com\/avatar\/02cf8a7906b8cf90cecb4679defac7cfd33a1c2e3b88e4903d947f3bb58eedd3?s=96&d=mm&r=g","contentUrl":"https:\/\/secure.gravatar.com\/avatar\/02cf8a7906b8cf90cecb4679defac7cfd33a1c2e3b88e4903d947f3bb58eedd3?s=96&d=mm&r=g","caption":"hegyizs"},"url":"https:\/\/www.welovecycling.com\/hu\/author\/hegyizs\/"}]}},"_links":{"self":[{"href":"https:\/\/www.welovecycling.com\/hu\/wp-json\/wp\/v2\/posts\/6719","targetHints":{"allow":["GET"]}}],"collection":[{"href":"https:\/\/www.welovecycling.com\/hu\/wp-json\/wp\/v2\/posts"}],"about":[{"href":"https:\/\/www.welovecycling.com\/hu\/wp-json\/wp\/v2\/types\/post"}],"author":[{"embeddable":true,"href":"https:\/\/www.welovecycling.com\/hu\/wp-json\/wp\/v2\/users\/71"}],"replies":[{"embeddable":true,"href":"https:\/\/www.welovecycling.com\/hu\/wp-json\/wp\/v2\/comments?post=6719"}],"version-history":[{"count":2,"href":"https:\/\/www.welovecycling.com\/hu\/wp-json\/wp\/v2\/posts\/6719\/revisions"}],"predecessor-version":[{"id":6746,"href":"https:\/\/www.welovecycling.com\/hu\/wp-json\/wp\/v2\/posts\/6719\/revisions\/6746"}],"wp:featuredmedia":[{"embeddable":true,"href":"https:\/\/www.welovecycling.com\/hu\/wp-json\/wp\/v2\/media\/6729"}],"wp:attachment":[{"href":"https:\/\/www.welovecycling.com\/hu\/wp-json\/wp\/v2\/media?parent=6719"}],"wp:term":[{"taxonomy":"category","embeddable":true,"href":"https:\/\/www.welovecycling.com\/hu\/wp-json\/wp\/v2\/categories?post=6719"},{"taxonomy":"post_tag","embeddable":true,"href":"https:\/\/www.welovecycling.com\/hu\/wp-json\/wp\/v2\/tags?post=6719"},{"taxonomy":"global-categories","embeddable":true,"href":"https:\/\/www.welovecycling.com\/hu\/wp-json\/wp\/v2\/global-categories?post=6719"}],"curies":[{"name":"wp","href":"https:\/\/api.w.org\/{rel}","templated":true}]}}