{"id":6713,"date":"2020-02-05T08:00:48","date_gmt":"2020-02-05T07:00:48","guid":{"rendered":"https:\/\/www.welovecycling.com\/hu\/?p=6713"},"modified":"2020-01-31T14:32:11","modified_gmt":"2020-01-31T13:32:11","slug":"nepal-a-paratlan-kerekparutak-hazaja","status":"publish","type":"post","link":"https:\/\/www.welovecycling.com\/hu\/edzes-es-eletmod\/nepal-a-paratlan-kerekparutak-hazaja\/","title":{"rendered":"Nep\u00e1l, a p\u00e1ratlan ker\u00e9kp\u00e1rutak haz\u00e1ja"},"content":{"rendered":"<p><strong>M\u00e1r minden hegyi utat magad m\u00f6g\u00f6tt hagyt\u00e1l, megm\u00e1sztad eg\u00e9sz Eur\u00f3p\u00e1t, az Alpokt\u00f3l a francia Les Arcs-ig, Norv\u00e9gi\u00e1t\u00f3l Ausztri\u00e1ig. Itt az ideje valami hihetetlennek, egyedinek \u00e9s \u00fajnak. Mit sz\u00f3lsz Nep\u00e1lhoz?<\/strong><!--more--><\/p>\n<p>J\u00f3l olvastad: Nep\u00e1l \u2013 a vil\u00e1g legnagyobb hegyeinek \u00e9s az elk\u00e9peszt\u0151 mennyis\u00e9g\u0171, helyiek \u00e1ltal kitaposott utak otthona. Jelenleg a mountain bike a leggyorsabban fejl\u0151d\u0151 sport\u00e1g, \u00edgy biztosan tal\u00e1lsz hasonl\u00f3 gondolkod\u00e1s\u00fa montisokat, akik k\u00e9szen \u00e1llnak a kalandra.<\/p>\n<figure id=\"attachment_6715\" aria-describedby=\"caption-attachment-6715\" style=\"width: 1800px\" class=\"wp-caption alignnone\"><img loading=\"lazy\" decoding=\"async\" class=\"wp-image-6715 size-full\" src=\"https:\/\/d2p6e6u75xmxt8.cloudfront.net\/12\/2020\/01\/profimedia-0476763504.jpg\" alt=\"\" width=\"1800\" height=\"1200\" srcset=\"https:\/\/d2p6e6u75xmxt8.cloudfront.net\/12\/2020\/01\/profimedia-0476763504.jpg 1800w, https:\/\/d2p6e6u75xmxt8.cloudfront.net\/12\/2020\/01\/profimedia-0476763504-300x200.jpg 300w, https:\/\/d2p6e6u75xmxt8.cloudfront.net\/12\/2020\/01\/profimedia-0476763504-768x512.jpg 768w, https:\/\/d2p6e6u75xmxt8.cloudfront.net\/12\/2020\/01\/profimedia-0476763504-1024x683.jpg 1024w, https:\/\/d2p6e6u75xmxt8.cloudfront.net\/12\/2020\/01\/profimedia-0476763504-272x182.jpg 272w\" sizes=\"auto, (max-width: 1800px) 100vw, 1800px\" \/><figcaption id=\"caption-attachment-6715\" class=\"wp-caption-text\">A nep\u00e1li Hadugan fesztiv\u00e1l. \u00a9 Sunil Sharma \/ Avalon Editorial \/ Profimedia<\/figcaption><\/figure>\n<p>Emellett persze, mindegy melyik utat v\u00e1lasztod, hihetetlen kil\u00e1t\u00e1s vesz majd k\u00f6rbe, lent a v\u00f6lgyben \u00e9s fent a hegyekben egyar\u00e1nt. A tavaszi \u00e9s az \u0151szi id\u0151szakok a legide\u00e1lisabbak a nep\u00e1li \u00fathoz, mert ilyenkor kev\u00e9s es\u0151 esik, az id\u0151j\u00e1r\u00e1s kisz\u00e1m\u00edthat\u00f3, a h\u0151m\u00e9rs\u00e9klet pedig tavasszal emelkedik, \u0151sszel pedig enyhe. Mindk\u00e9t \u00e9vszak idej\u00e9n csod\u00e1latos fesztiv\u00e1loknak lehet\u00fcnk tan\u00fai: m\u00e1rciusban a Holi, \u00e1prilisban a nep\u00e1li \u00daj\u00e9v, okt\u00f3berben \u00e9s novemberben pedig a Dashain \u00e9s a Tihar \u00fcnnepeket l\u00e1thatjuk.<\/p>\n<p>H\u00e1rom k\u00fcl\u00f6nleges \u00fatvonalat hoztunk el nektek: az Annapurna Circuit-t nem v\u00e9letlen\u00fcl emlegetik a vil\u00e1g legjobb bringa\u00f6sv\u00e9nyek\u00e9nt, ennek egyik oka a var\u00e1zslatos kil\u00e1t\u00e1s a Himal\u00e1j\u00e1ra \u00e9s a k\u00f6rnyez\u0151 apr\u00f3 falvakra. Igazi kih\u00edv\u00e1s, mely nagyfok\u00fa felk\u00e9sz\u00fclts\u00e9get ig\u00e9nyel, ha meg akarod m\u00e1szni az \u00fatvonal legmagasabb pontj\u00e1t, az 5400 m\u00e9ter magasan fekv\u0151 Thorong La Pass-t. Gondolj bele mennyi emelked\u0151, lejt\u0151 \u00e9s egynyomvonalas \u00f6sv\u00e9ny vezet el addig! S\u0151t, van olyan szakasz, ahol k\u00e9nytelen vagy k\u00e9zben vinni a ker\u00e9kp\u00e1rod, ak\u00e1r \u00f3r\u00e1kon \u00e1t.<\/p>\n<figure id=\"attachment_6716\" aria-describedby=\"caption-attachment-6716\" style=\"width: 1250px\" class=\"wp-caption alignnone\"><img loading=\"lazy\" decoding=\"async\" class=\"wp-image-6716 size-full\" src=\"https:\/\/d2p6e6u75xmxt8.cloudfront.net\/12\/2020\/01\/Nepal-profimedia-0318344651.jpg\" alt=\"\" width=\"1250\" height=\"827\" srcset=\"https:\/\/d2p6e6u75xmxt8.cloudfront.net\/12\/2020\/01\/Nepal-profimedia-0318344651.jpg 1250w, https:\/\/d2p6e6u75xmxt8.cloudfront.net\/12\/2020\/01\/Nepal-profimedia-0318344651-300x198.jpg 300w, https:\/\/d2p6e6u75xmxt8.cloudfront.net\/12\/2020\/01\/Nepal-profimedia-0318344651-768x508.jpg 768w, https:\/\/d2p6e6u75xmxt8.cloudfront.net\/12\/2020\/01\/Nepal-profimedia-0318344651-1024x677.jpg 1024w\" sizes=\"auto, (max-width: 1250px) 100vw, 1250px\" \/><figcaption id=\"caption-attachment-6716\" class=\"wp-caption-text\">\u00dat a Thorong La Pass fel\u00e9. \u00a9 Frank Bienewald \/ Alamy \/ Alamy \/ Profimedia<\/figcaption><\/figure>\n<p>\u00datba esik m\u00e9g n\u00e9h\u00e1ny f\u00fcgg\u0151h\u00edd, melyek els\u0151re ijeszt\u0151nek t\u0171nhetnek, de hamar hozz\u00e1 lehet szokni mozg\u00e9konys\u00e1gukhoz. V\u00e9g\u00fcl felt\u0171nik az aszfaltozott \u00fat, majd terepj\u00e1r\u00f3k v\u00e1jta ker\u00e9knyomokba fordul, hogy trekking \u00f6sv\u00e9nny\u00e9 alakuljon \u00e1t. Nem \u00e9rdemes teh\u00e1t t\u00fal sok felszerel\u00e9st vinned magaddal. Ezek a rossz h\u00edrek azoknak, akik az eg\u00e9sz utat meg akarj\u00e1k tenni. A j\u00f3 h\u00edr pedig, hogy az utat karbantartj\u00e1k, sok \u00e9tterem \u00e9s pihen\u0151hely \u00e9p\u00fclt mellette, \u00edgy b\u00e1rmikor felt\u00f6lt\u0151dhetsz. Ez az \u00fat nem aj\u00e1nlott kezd\u0151knek, vagy sz\u00edv- vagy t\u00fcd\u0151betegs\u00e9gben szenved\u0151knek.<\/p>\n<p>A Lower Everest Region nevet visel\u0151 szakasz szint\u00e9n igen izgalmas, \u00e9s kih\u00edv\u00e1sokkal teli, b\u00e1r nem olyan ijeszt\u0151, mint az Annapurna. Ami viszont hasonl\u00f3s\u00e1g: a hossz\u00fa, meredek hegymenetek \u00e9s a v\u00e9rpezsd\u00edt\u0151 lejt\u0151k, az erd\u0151k, a kis falvak \u00e9s a Himal\u00e1jai forr\u00e1sok. Az egyik \u00fat elvezet a 3640 m\u00e9teren fekv\u0151 Pikey Peak alapt\u00e1borba, ahova az els\u0151 hegym\u00e1sz\u00f3, aki el\u00e9rte az Everest magass\u00e1g\u00e1t, Sir Edmund Hillary is eljutott. Ez Nep\u00e1l egyik legszebb kil\u00e1t\u00f3pontja. Az Everest, Ama Dablam, Kancenjunga \u00e9s m\u00e1s, 8000 m\u00e9teres himal\u00e1jai cs\u00facsok alkotta p\u00e1ratlan l\u00e1tv\u00e1nyt sosem felejted el. (Val\u00f3j\u00e1ban eg\u00e9sz v\u00e9gig az Everest \u00e1rny\u00e9k\u00e1ban tekersz.) R\u00e1ad\u00e1sul sz\u00e1mos \u00fatvonal k\u00f6z\u00fcl v\u00e1logathatsz, \u00edgy ak\u00e1r a z\u00f6ldf\u00fcl\u0171ek is megtal\u00e1lj\u00e1k saj\u00e1t sz\u00f3rakoz\u00e1sukat, de a profik sem fognak unatkozni.<\/p>\n<p>Az Upper Mustang bringa\u00fat azoknak t\u00f6k\u00e9letes, akik f\u00e9lig felfedez\u0151k, f\u00e9lig fenegyerekek. Sz\u00e1raz, poros talaj vezet az \u0151si Lo kir\u00e1lys\u00e1ghoz, mely 1992-ig rejtve volt az emberek szeme el\u0151l. Ma m\u00e1r el\u00e9rhet\u0151 a turist\u00e1k sz\u00e1m\u00e1ra, de bus\u00e1s \u00e1rat kell fizetni \u00e9rte. \u00cdgy nem sokan l\u00e1togatj\u00e1k ezt a l\u00e1tv\u00e1nyoss\u00e1got a vil\u00e1g v\u00e9g\u00e9n.<\/p>\n<lite-youtube videoid=C-jAPb76AxY params=\"enablejsapi=1\" style=\"background-image: url('https:\/\/i.ytimg.com\/vi_webp\/C-jAPb76AxY\/maxresdefault.webp');\"><\/lite-youtube>\n<p>Lo a Tibeti fenns\u00edk r\u00e9sz\u00e9t k\u00e9pzi, egy magasan fekv\u0151 sivatag, a Himal\u00e1ja legmagasabb hegyeivel k\u00f6r\u00fclv\u00e9ve. Szinte soha nem \u00e9ri csapad\u00e9k, sz\u00e1raz \u00e9s merev. A neh\u00e9z, szikl\u00e1s \u00faton haladva izol\u00e1lt telep\u00fcl\u00e9sekre, buddhista kegyhelyekre, barlangokkal \u00e9s monostorokkal t\u0171zdelt kanyonokra bukkanhatunk. Most, hogy Nep\u00e1lhoz tartozik, nem pedig Tibethez, m\u00e1r nincs jelen a tibeti kult\u00fara. Azonban tanulhatsz egy egyedi \u00e9s \u0151si \u00e9letm\u00f3dr\u00f3l, ha nyitott vagy r\u00e1.<\/p>\n<p>Az Upper Mustang \u00fatjai r\u00e1z\u00f3sak, n\u00e9hol csak ker\u00e9knyomokat jelzik, hogy merre kanyarognak, magaslatok \u00e9s meredek lejt\u0151k alkotta hull\u00e1mz\u00e1st biztos\u00edtanak \u2013 mindezt a Himal\u00e1ja gy\u0171r\u0171j\u00e9ben.<\/p>\n<p>Rengeteg elfeledett \u00e9s r\u00f6g\u00f6s \u00fatvonalat rejt m\u00e9g Nep\u00e1l \u00e9s tucatnyi \u00fcgyn\u00f6ks\u00e9g szervez utaz\u00e1sokat erre a csod\u00e1latos vid\u00e9kre. Persze, megk\u00e9rik az \u00e1r\u00e1t, de sokszor biztos\u00edtanak j\u00e1rm\u0171veket, melyekkel lev\u00e1ghatod a hossz\u00fa utakat. N\u00e9zd meg az aj\u00e1nlatokat, vagy fogj egy t\u00e9rk\u00e9pet \u00e9s indulj el magad!<\/p>\n","protected":false},"excerpt":{"rendered":"<p>M\u00e1r minden hegyi utat magad m\u00f6g\u00f6tt hagyt\u00e1l, megm\u00e1sztad eg\u00e9sz Eur\u00f3p\u00e1t, az Alpokt\u00f3l a francia Les Arcs-ig, Norv\u00e9gi\u00e1t\u00f3l Ausztri\u00e1ig. Itt az [&hellip;]<\/p>\n","protected":false},"author":71,"featured_media":6718,"comment_status":"open","ping_status":"open","sticky":false,"template":"","format":"standard","meta":{"footnotes":""},"categories":[6],"tags":[],"global-categories":[],"class_list":["post-6713","post","type-post","status-publish","format-standard","has-post-thumbnail","hentry","category-edzes-es-eletmod"],"yoast_head":"<!-- This site is optimized with the Yoast SEO Premium plugin v25.3 (Yoast SEO v25.9) - https:\/\/yoast.com\/wordpress\/plugins\/seo\/ -->\n<title>Nep\u00e1l, a p\u00e1ratlan ker\u00e9kp\u00e1rutak haz\u00e1ja - \u0160koda We Love Cycling - Magyarorsz\u00e1g<\/title>\n<meta name=\"robots\" content=\"index, follow, max-snippet:-1, max-image-preview:large, max-video-preview:-1\" \/>\n<link rel=\"canonical\" href=\"https:\/\/www.welovecycling.com\/hu\/edzes-es-eletmod\/nepal-a-paratlan-kerekparutak-hazaja\/\" \/>\n<meta property=\"og:locale\" content=\"hu_HU\" \/>\n<meta property=\"og:type\" content=\"article\" \/>\n<meta property=\"og:title\" content=\"Nep\u00e1l, a p\u00e1ratlan ker\u00e9kp\u00e1rutak haz\u00e1ja\" \/>\n<meta property=\"og:description\" content=\"M\u00e1r minden hegyi utat magad m\u00f6g\u00f6tt hagyt\u00e1l, megm\u00e1sztad eg\u00e9sz Eur\u00f3p\u00e1t, az Alpokt\u00f3l a francia Les Arcs-ig, Norv\u00e9gi\u00e1t\u00f3l Ausztri\u00e1ig. Itt az [&hellip;]\" \/>\n<meta property=\"og:url\" content=\"https:\/\/www.welovecycling.com\/hu\/edzes-es-eletmod\/nepal-a-paratlan-kerekparutak-hazaja\/\" \/>\n<meta property=\"og:site_name\" content=\"\u0160koda We Love Cycling - Magyarorsz\u00e1g\" \/>\n<meta property=\"article:publisher\" content=\"https:\/\/www.facebook.com\/WeLoveCyclingHungary\/\" \/>\n<meta property=\"article:published_time\" content=\"2020-02-05T07:00:48+00:00\" \/>\n<meta property=\"og:image\" content=\"https:\/\/d2p6e6u75xmxt8.cloudfront.net\/12\/2020\/01\/Pikey-Peak-CVR-profimedia-0468045944.jpg\" \/>\n\t<meta property=\"og:image:width\" content=\"1366\" \/>\n\t<meta property=\"og:image:height\" content=\"600\" \/>\n\t<meta property=\"og:image:type\" content=\"image\/jpeg\" \/>\n<meta name=\"author\" content=\"hegyizs\" \/>\n<meta name=\"twitter:card\" content=\"summary_large_image\" \/>\n<meta name=\"twitter:label1\" content=\"Written by\" \/>\n\t<meta name=\"twitter:data1\" content=\"Siegfried Mortkowitz\" \/>\n\t<meta name=\"twitter:label2\" content=\"Est. reading time\" \/>\n\t<meta name=\"twitter:data2\" content=\"7\" \/>\n<script type=\"application\/ld+json\" class=\"yoast-schema-graph\">{\"@context\":\"https:\/\/schema.org\",\"@graph\":[{\"@type\":\"WebPage\",\"@id\":\"https:\/\/www.welovecycling.com\/hu\/edzes-es-eletmod\/nepal-a-paratlan-kerekparutak-hazaja\/\",\"url\":\"https:\/\/www.welovecycling.com\/hu\/edzes-es-eletmod\/nepal-a-paratlan-kerekparutak-hazaja\/\",\"name\":\"Nep\u00e1l, a p\u00e1ratlan ker\u00e9kp\u00e1rutak haz\u00e1ja - \u0160koda We Love Cycling - Magyarorsz\u00e1g\",\"isPartOf\":{\"@id\":\"https:\/\/www.welovecycling.com\/hu\/#website\"},\"primaryImageOfPage\":{\"@id\":\"https:\/\/www.welovecycling.com\/hu\/edzes-es-eletmod\/nepal-a-paratlan-kerekparutak-hazaja\/#primaryimage\"},\"image\":{\"@id\":\"https:\/\/www.welovecycling.com\/hu\/edzes-es-eletmod\/nepal-a-paratlan-kerekparutak-hazaja\/#primaryimage\"},\"thumbnailUrl\":\"https:\/\/d2p6e6u75xmxt8.cloudfront.net\/12\/2020\/01\/Pikey-Peak-CVR-profimedia-0468045944.jpg\",\"datePublished\":\"2020-02-05T07:00:48+00:00\",\"author\":{\"@id\":\"https:\/\/www.welovecycling.com\/hu\/#\/schema\/person\/414a2aebf1801691a5320edb6468e194\"},\"breadcrumb\":{\"@id\":\"https:\/\/www.welovecycling.com\/hu\/edzes-es-eletmod\/nepal-a-paratlan-kerekparutak-hazaja\/#breadcrumb\"},\"inLanguage\":\"hu\",\"potentialAction\":[{\"@type\":\"ReadAction\",\"target\":[\"https:\/\/www.welovecycling.com\/hu\/edzes-es-eletmod\/nepal-a-paratlan-kerekparutak-hazaja\/\"]}]},{\"@type\":\"ImageObject\",\"inLanguage\":\"hu\",\"@id\":\"https:\/\/www.welovecycling.com\/hu\/edzes-es-eletmod\/nepal-a-paratlan-kerekparutak-hazaja\/#primaryimage\",\"url\":\"https:\/\/d2p6e6u75xmxt8.cloudfront.net\/12\/2020\/01\/Pikey-Peak-CVR-profimedia-0468045944.jpg\",\"contentUrl\":\"https:\/\/d2p6e6u75xmxt8.cloudfront.net\/12\/2020\/01\/Pikey-Peak-CVR-profimedia-0468045944.jpg\",\"width\":1366,\"height\":600},{\"@type\":\"BreadcrumbList\",\"@id\":\"https:\/\/www.welovecycling.com\/hu\/edzes-es-eletmod\/nepal-a-paratlan-kerekparutak-hazaja\/#breadcrumb\",\"itemListElement\":[{\"@type\":\"ListItem\",\"position\":1,\"name\":\"Home\",\"item\":\"https:\/\/www.welovecycling.com\/hu\/\"},{\"@type\":\"ListItem\",\"position\":2,\"name\":\"Nep\u00e1l, a p\u00e1ratlan ker\u00e9kp\u00e1rutak haz\u00e1ja\"}]},{\"@type\":\"WebSite\",\"@id\":\"https:\/\/www.welovecycling.com\/hu\/#website\",\"url\":\"https:\/\/www.welovecycling.com\/hu\/\",\"name\":\"\u0160koda We Love Cycling - Magyarorsz\u00e1g\",\"description\":\"\u0160koda WeLoveCycling\",\"potentialAction\":[{\"@type\":\"SearchAction\",\"target\":{\"@type\":\"EntryPoint\",\"urlTemplate\":\"https:\/\/www.welovecycling.com\/hu\/?s={search_term_string}\"},\"query-input\":{\"@type\":\"PropertyValueSpecification\",\"valueRequired\":true,\"valueName\":\"search_term_string\"}}],\"inLanguage\":\"hu\"},{\"@type\":\"Person\",\"@id\":\"https:\/\/www.welovecycling.com\/hu\/#\/schema\/person\/414a2aebf1801691a5320edb6468e194\",\"name\":\"hegyizs\",\"image\":{\"@type\":\"ImageObject\",\"inLanguage\":\"hu\",\"@id\":\"https:\/\/www.welovecycling.com\/hu\/#\/schema\/person\/image\/\",\"url\":\"https:\/\/secure.gravatar.com\/avatar\/02cf8a7906b8cf90cecb4679defac7cfd33a1c2e3b88e4903d947f3bb58eedd3?s=96&d=mm&r=g\",\"contentUrl\":\"https:\/\/secure.gravatar.com\/avatar\/02cf8a7906b8cf90cecb4679defac7cfd33a1c2e3b88e4903d947f3bb58eedd3?s=96&d=mm&r=g\",\"caption\":\"hegyizs\"},\"url\":\"https:\/\/www.welovecycling.com\/hu\/author\/hegyizs\/\"}]}<\/script>\n<!-- \/ Yoast SEO Premium plugin. -->","yoast_head_json":{"title":"Nep\u00e1l, a p\u00e1ratlan ker\u00e9kp\u00e1rutak haz\u00e1ja - \u0160koda We Love Cycling - Magyarorsz\u00e1g","robots":{"index":"index","follow":"follow","max-snippet":"max-snippet:-1","max-image-preview":"max-image-preview:large","max-video-preview":"max-video-preview:-1"},"canonical":"https:\/\/www.welovecycling.com\/hu\/edzes-es-eletmod\/nepal-a-paratlan-kerekparutak-hazaja\/","og_locale":"hu_HU","og_type":"article","og_title":"Nep\u00e1l, a p\u00e1ratlan ker\u00e9kp\u00e1rutak haz\u00e1ja","og_description":"M\u00e1r minden hegyi utat magad m\u00f6g\u00f6tt hagyt\u00e1l, megm\u00e1sztad eg\u00e9sz Eur\u00f3p\u00e1t, az Alpokt\u00f3l a francia Les Arcs-ig, Norv\u00e9gi\u00e1t\u00f3l Ausztri\u00e1ig. Itt az [&hellip;]","og_url":"https:\/\/www.welovecycling.com\/hu\/edzes-es-eletmod\/nepal-a-paratlan-kerekparutak-hazaja\/","og_site_name":"\u0160koda We Love Cycling - Magyarorsz\u00e1g","article_publisher":"https:\/\/www.facebook.com\/WeLoveCyclingHungary\/","article_published_time":"2020-02-05T07:00:48+00:00","og_image":[{"width":1366,"height":600,"url":"https:\/\/d2p6e6u75xmxt8.cloudfront.net\/12\/2020\/01\/Pikey-Peak-CVR-profimedia-0468045944.jpg","type":"image\/jpeg"}],"author":"hegyizs","twitter_card":"summary_large_image","twitter_misc":{"Written by":"Siegfried Mortkowitz","Est. reading time":"7"},"schema":{"@context":"https:\/\/schema.org","@graph":[{"@type":"WebPage","@id":"https:\/\/www.welovecycling.com\/hu\/edzes-es-eletmod\/nepal-a-paratlan-kerekparutak-hazaja\/","url":"https:\/\/www.welovecycling.com\/hu\/edzes-es-eletmod\/nepal-a-paratlan-kerekparutak-hazaja\/","name":"Nep\u00e1l, a p\u00e1ratlan ker\u00e9kp\u00e1rutak haz\u00e1ja - \u0160koda We Love Cycling - Magyarorsz\u00e1g","isPartOf":{"@id":"https:\/\/www.welovecycling.com\/hu\/#website"},"primaryImageOfPage":{"@id":"https:\/\/www.welovecycling.com\/hu\/edzes-es-eletmod\/nepal-a-paratlan-kerekparutak-hazaja\/#primaryimage"},"image":{"@id":"https:\/\/www.welovecycling.com\/hu\/edzes-es-eletmod\/nepal-a-paratlan-kerekparutak-hazaja\/#primaryimage"},"thumbnailUrl":"https:\/\/d2p6e6u75xmxt8.cloudfront.net\/12\/2020\/01\/Pikey-Peak-CVR-profimedia-0468045944.jpg","datePublished":"2020-02-05T07:00:48+00:00","author":{"@id":"https:\/\/www.welovecycling.com\/hu\/#\/schema\/person\/414a2aebf1801691a5320edb6468e194"},"breadcrumb":{"@id":"https:\/\/www.welovecycling.com\/hu\/edzes-es-eletmod\/nepal-a-paratlan-kerekparutak-hazaja\/#breadcrumb"},"inLanguage":"hu","potentialAction":[{"@type":"ReadAction","target":["https:\/\/www.welovecycling.com\/hu\/edzes-es-eletmod\/nepal-a-paratlan-kerekparutak-hazaja\/"]}]},{"@type":"ImageObject","inLanguage":"hu","@id":"https:\/\/www.welovecycling.com\/hu\/edzes-es-eletmod\/nepal-a-paratlan-kerekparutak-hazaja\/#primaryimage","url":"https:\/\/d2p6e6u75xmxt8.cloudfront.net\/12\/2020\/01\/Pikey-Peak-CVR-profimedia-0468045944.jpg","contentUrl":"https:\/\/d2p6e6u75xmxt8.cloudfront.net\/12\/2020\/01\/Pikey-Peak-CVR-profimedia-0468045944.jpg","width":1366,"height":600},{"@type":"BreadcrumbList","@id":"https:\/\/www.welovecycling.com\/hu\/edzes-es-eletmod\/nepal-a-paratlan-kerekparutak-hazaja\/#breadcrumb","itemListElement":[{"@type":"ListItem","position":1,"name":"Home","item":"https:\/\/www.welovecycling.com\/hu\/"},{"@type":"ListItem","position":2,"name":"Nep\u00e1l, a p\u00e1ratlan ker\u00e9kp\u00e1rutak haz\u00e1ja"}]},{"@type":"WebSite","@id":"https:\/\/www.welovecycling.com\/hu\/#website","url":"https:\/\/www.welovecycling.com\/hu\/","name":"\u0160koda We Love Cycling - Magyarorsz\u00e1g","description":"\u0160koda WeLoveCycling","potentialAction":[{"@type":"SearchAction","target":{"@type":"EntryPoint","urlTemplate":"https:\/\/www.welovecycling.com\/hu\/?s={search_term_string}"},"query-input":{"@type":"PropertyValueSpecification","valueRequired":true,"valueName":"search_term_string"}}],"inLanguage":"hu"},{"@type":"Person","@id":"https:\/\/www.welovecycling.com\/hu\/#\/schema\/person\/414a2aebf1801691a5320edb6468e194","name":"hegyizs","image":{"@type":"ImageObject","inLanguage":"hu","@id":"https:\/\/www.welovecycling.com\/hu\/#\/schema\/person\/image\/","url":"https:\/\/secure.gravatar.com\/avatar\/02cf8a7906b8cf90cecb4679defac7cfd33a1c2e3b88e4903d947f3bb58eedd3?s=96&d=mm&r=g","contentUrl":"https:\/\/secure.gravatar.com\/avatar\/02cf8a7906b8cf90cecb4679defac7cfd33a1c2e3b88e4903d947f3bb58eedd3?s=96&d=mm&r=g","caption":"hegyizs"},"url":"https:\/\/www.welovecycling.com\/hu\/author\/hegyizs\/"}]}},"_links":{"self":[{"href":"https:\/\/www.welovecycling.com\/hu\/wp-json\/wp\/v2\/posts\/6713","targetHints":{"allow":["GET"]}}],"collection":[{"href":"https:\/\/www.welovecycling.com\/hu\/wp-json\/wp\/v2\/posts"}],"about":[{"href":"https:\/\/www.welovecycling.com\/hu\/wp-json\/wp\/v2\/types\/post"}],"author":[{"embeddable":true,"href":"https:\/\/www.welovecycling.com\/hu\/wp-json\/wp\/v2\/users\/71"}],"replies":[{"embeddable":true,"href":"https:\/\/www.welovecycling.com\/hu\/wp-json\/wp\/v2\/comments?post=6713"}],"version-history":[{"count":2,"href":"https:\/\/www.welovecycling.com\/hu\/wp-json\/wp\/v2\/posts\/6713\/revisions"}],"predecessor-version":[{"id":6745,"href":"https:\/\/www.welovecycling.com\/hu\/wp-json\/wp\/v2\/posts\/6713\/revisions\/6745"}],"wp:featuredmedia":[{"embeddable":true,"href":"https:\/\/www.welovecycling.com\/hu\/wp-json\/wp\/v2\/media\/6718"}],"wp:attachment":[{"href":"https:\/\/www.welovecycling.com\/hu\/wp-json\/wp\/v2\/media?parent=6713"}],"wp:term":[{"taxonomy":"category","embeddable":true,"href":"https:\/\/www.welovecycling.com\/hu\/wp-json\/wp\/v2\/categories?post=6713"},{"taxonomy":"post_tag","embeddable":true,"href":"https:\/\/www.welovecycling.com\/hu\/wp-json\/wp\/v2\/tags?post=6713"},{"taxonomy":"global-categories","embeddable":true,"href":"https:\/\/www.welovecycling.com\/hu\/wp-json\/wp\/v2\/global-categories?post=6713"}],"curies":[{"name":"wp","href":"https:\/\/api.w.org\/{rel}","templated":true}]}}